{"id":11766,"date":"2024-02-16T04:51:26","date_gmt":"2024-02-16T07:51:26","guid":{"rendered":"https:\/\/apuntesdesanluis.com\/?p=11766"},"modified":"2024-02-16T04:54:43","modified_gmt":"2024-02-16T07:54:43","slug":"frontera-se-reunio-con-intendentes-que-reclaman-por-los-subsidios-al-transporte","status":"publish","type":"post","link":"https:\/\/apuntesdesanluis.com\/index.php\/2024\/02\/16\/frontera-se-reunio-con-intendentes-que-reclaman-por-los-subsidios-al-transporte\/","title":{"rendered":"FRONTERA SE REUNI\u00d3 CON INTENDENTES QUE RECLAMAN POR LOS SUBSIDIOS AL TRANSPORTE"},"content":{"rendered":"<h3>La quita de subsidios al transporte p\u00fablico que impuls\u00f3 el Gobierno de Javier Milei, mantiene en vilo a las provincias y ciudades del interior del pa\u00eds.<\/h3>\n<h3>Con la intenci\u00f3n de luchar para que se restablezca esta medida y en defensa de los miles de usuarios de Villa Mercedes, el intendente <strong>Maximiliano Frontera<\/strong> se encuentra en Buenos Aires donde mantiene reuniones con jefes comunales de distintas localidades.<\/h3>\n<h3>En medio de la puja entre el Ejecutivo y los gobernadores por la quita de fondos para programas y servicios p\u00fablicos en las provincias, un grupo de intendentes del interior se reunieron este jueves en la Casa de C\u00f3rdoba para exigirle al Gobierno que revierta la decisi\u00f3n de no enviar los recursos para subsidiar la tarifa de los colectivos. Reclaman una audiencia con <strong>Guillermo Francos<\/strong>, ministro del Interior, y advierten que impulsar\u00e1n a trav\u00e9s del Congreso y por v\u00eda judicial medidas para frenar la disposici\u00f3n de Javier Milei.<\/h3>\n<h3>La reuni\u00f3n se dio cita al mediod\u00eda en Callao al 332, sede de la provincia de C\u00f3rdoba en la Ciudad de Buenos Aires, y concert\u00f3 a la <strong>Red Federal de Intendentes<\/strong> que se forj\u00f3 a principios de febrero con el objetivo de aunar fuerzas para este reclamo contra el Gobierno nacional. El grupo tiene como referentes a intendentes como <strong>Pablo Javkin<\/strong> (Rosario) y a <strong>Daniel Passerini<\/strong> (C\u00f3rdoba).<\/h3>\n<p><img fetchpriority=\"high\" decoding=\"async\" class=\"wp-image-11768 aligncenter\" src=\"https:\/\/apuntesdesanluis.com\/wp-content\/uploads\/2024\/02\/FRONTERA-3-300x216.png\" alt=\"\" width=\"699\" height=\"503\" srcset=\"https:\/\/apuntesdesanluis.com\/wp-content\/uploads\/2024\/02\/FRONTERA-3-300x216.png 300w, https:\/\/apuntesdesanluis.com\/wp-content\/uploads\/2024\/02\/FRONTERA-3.png 696w\" sizes=\"(max-width: 699px) 100vw, 699px\" \/><\/p>\n<div class=\"custom-text text-content styles_paragraph-detail__iq2ji styles_lila-links__fmg8W styles_note-styles__iXm81\">\n<h3>Los 18 mandatarios -que representan a once provincias del pa\u00eds-\u00a0<strong>discutieron soluciones para poder solventar el funcionamiento del transporte p\u00fablico urbano tras la eliminaci\u00f3n del Fondo Compensador del transporte por parte de Naci\u00f3n<\/strong>. Estas 18 localidades del interior del pa\u00eds en total <strong>\u201crepresentan a unos diez millones de argentinos\u201d<\/strong>, indicaron.<\/h3>\n<\/div>\n<h3>En un primer encuentro, Frontera se reuni\u00f3 con sus pares que integran la Red Federal. El eje principal del di\u00e1logo fue la quita del Fondo Compensador del Interior que afecta directamente a las provincias y ciudades.<\/h3>\n<h3>Esto significa, en el caso de Villa Mercedes, la desaparici\u00f3n del <strong>Boleto Gratuito<\/strong> y una elevada suba del costo del pasaje que podr\u00eda llegar a los $1200 y $1500. Esto no solo perjudica a los docentes, estudiantes, jubilados, personas con discapacidad, trabajadores de la salud, etc., que no cuentan con una movilidad propia sino que adem\u00e1s, a todo usuario que tenga que tomar el colectivo.<\/h3>\n<h3>No es menor destacar que la medida que atenta contra miles de personas, solo se lleva adelante en el interior del pa\u00eds dejando al \u00c1rea Metropolitana de Buenos Aires (AMBA) por fuera, regi\u00f3n que continuar\u00e1 recibiendo ayuda por parte del Estado nacional. Mientras el interior sigue siendo golpeado con pol\u00edticas que discriminan al resto de los argentinos y argentinas.<\/h3>\n<h3>Para el Municipio de Villa Mercedes, la quita de subsidios implica una misi\u00f3n casi imposible de sostener y que se ver\u00e1 reflejado en la actualizaci\u00f3n de las tarifas.<\/h3>\n<h3>\u201cLe exigimos al gobierno que cumpla la Ley. No puede eliminar un Fondo Compensador sin ni siquiera haber emitido una resoluci\u00f3n\u201d, exigi\u00f3 el cordob\u00e9s Passerini en conferencia de prensa. \u201cNo hay ni una resoluci\u00f3n que inhabilite el env\u00edo de fondos y hoy no est\u00e1n enviando el dinero\u201d, continu\u00f3.<\/h3>\n<h3>Sin duda lo que impulsa el Gobierno de Javier Milei va a contramano de lo que sucede en el resto del mundo. El transporte p\u00fablico es un servicio considerado de primera necesidad, por lo que los estados internacionales establecen pol\u00edticas p\u00fablicas para solventar el mismo, y en general lo subsidian.<\/h3>\n<h3>PRONUNCIAMIENTO<\/h3>\n<h3>En un documento conjunto, los intendentes detallaron que actualmente el Estado financia el 90% del costo del transporte en colectivo en la Ciudad de Buenos Aires y el conurbano, mientras que en el interior s\u00f3lo cubre un 25%. Ese planteo fue uno de los temas discutidos por los jefes comunales de la Red Federal con Franco Mogetta, secretario de Transporte de la Naci\u00f3n. Fue durante una reuni\u00f3n en Buenos Aires, en las oficinas del funcionario, el 2 de febrero.<\/h3>\n<p><img decoding=\"async\" class=\"wp-image-11770 aligncenter\" src=\"https:\/\/apuntesdesanluis.com\/wp-content\/uploads\/2024\/02\/intendentes-300x197.png\" alt=\"\" width=\"615\" height=\"404\" srcset=\"https:\/\/apuntesdesanluis.com\/wp-content\/uploads\/2024\/02\/intendentes-300x197.png 300w, https:\/\/apuntesdesanluis.com\/wp-content\/uploads\/2024\/02\/intendentes.png 600w\" sizes=\"(max-width: 615px) 100vw, 615px\" \/><\/p>\n<h3>En este contexto, los intendentes exigen una compensaci\u00f3n por la quita del subsidio al transporte. Como carta de negociaci\u00f3n, presionan para que la Naci\u00f3n redistribuya el Aportes por Impuestos a los Combustibles (AIC). Se trata de un tributo que se paga en todo el pa\u00eds e implica $60 cada vez que alguien carba combustible. Se trata de un impuesto que no es coparticipable y que la Red Federal de Intendentes exige que se redistribuya para equiparar la detracci\u00f3n del Fondo Compensador del Interior.<\/h3>\n<h3>\u201cCada argentino, cada vez que carga combustible, paga cerca de $60 de impuesto al combustible. De eso, al interior de la Argentina le va cero, porque todo queda en el AMBA\u201d, se\u00f1al\u00f3 Javkin este mediod\u00eda, antes de ingresar a la reuni\u00f3n con sus colegas.<\/h3>\n<h3>\u201cLe pedimos a los diputados y senadores que apliquen una intervenci\u00f3n a una Ley sobre fondos al combustible que no se coparticipa. Todos los argentinos pagamos un impuesto que no se coparticipa. No necesitamos crear m\u00e1s impuestos, pero s\u00ed que se distribuya. El AMBA est\u00e1 subsidiado con la plata nuestra\u201d, insisti\u00f3 Passerini en el mismo sentido.<\/h3>\n<div class=\"custom-text text-content styles_paragraph-detail__iq2ji styles_lila-links__fmg8W styles_note-styles__iXm81\">\n<h3>Los intendentes firmantes del comunicado son Juan Pablo Poletti (Santa Fe);\u00a0<a title=\"Pablo Javkin\" href=\"https:\/\/www.ellitoral.com\/tags\/pablo-javkin\" target=\"_blank\" rel=\"noopener\">Pablo Javkin<\/a> (Rosario); Leonardo Viotti (Rafaela). Daniel Passerini (C\u00f3rdoba); Rosario Romero (Paran\u00e1); Dami\u00e1n Bernarte, San Francisco (provincia de C\u00f3rdoba); <strong>Maximiliano Frontera<\/strong> (Villa Mercedes); Juan Manuel Llamosas, R\u00edo Cuarto (C\u00f3rdoba); Mar\u00eda Pasqualini (Neuqu\u00e9n); Rodrigo Buteler, Cipoletti (R\u00edo Negro); Marcos Castro, Viedma (R\u00edo Negro); Othar Macharashvili, Comodoro Rivadavia, (Chubut); Walter Cort\u00e9s, Bariloche (R\u00edo Negro); Ra\u00fal Jorge, San Salvador de Jujuy, (Jujuy); Norma Fuentes, Santiago del Estero, (Santiago del Estero); Jorge Jofr\u00e9, (Formosa); Guillermo Montenegro, Mar del Plata (Buenos Aires), y Emiliano Durand (Salta).<\/h3>\n<\/div>\n<p>&nbsp;<\/p>\n<p>&nbsp;<\/p>\n","protected":false},"excerpt":{"rendered":"<p>La quita de subsidios al transporte p\u00fablico que impuls\u00f3 el Gobierno de Javier Milei, mantiene&#8230;<\/p>\n","protected":false},"author":1,"featured_media":11767,"comment_status":"closed","ping_status":"closed","sticky":false,"template":"","format":"standard","meta":{"footnotes":""},"categories":[6],"tags":[],"class_list":["post-11766","post","type-post","status-publish","format-standard","has-post-thumbnail","hentry","category-ciudad-provincia"],"yoast_head":"<!-- This site is optimized with the Yoast SEO plugin v26.1.1 - https:\/\/yoast.com\/wordpress\/plugins\/seo\/ -->\n<title>FRONTERA SE REUNI\u00d3 CON INTENDENTES QUE RECLAMAN POR LOS SUBSIDIOS AL TRANSPORTE - Apuntes de San Luis<\/title>\n<meta name=\"robots\" content=\"index, follow, max-snippet:-1, max-image-preview:large, max-video-preview:-1\" \/>\n<link rel=\"canonical\" href=\"https:\/\/apuntesdesanluis.com\/index.php\/2024\/02\/16\/frontera-se-reunio-con-intendentes-que-reclaman-por-los-subsidios-al-transporte\/\" \/>\n<meta property=\"og:locale\" content=\"es_ES\" \/>\n<meta property=\"og:type\" content=\"article\" \/>\n<meta property=\"og:title\" content=\"FRONTERA SE REUNI\u00d3 CON INTENDENTES QUE RECLAMAN POR LOS SUBSIDIOS AL TRANSPORTE - Apuntes de San Luis\" \/>\n<meta property=\"og:description\" content=\"La quita de subsidios al transporte p\u00fablico que impuls\u00f3 el Gobierno de Javier Milei, mantiene...\" \/>\n<meta property=\"og:url\" content=\"https:\/\/apuntesdesanluis.com\/index.php\/2024\/02\/16\/frontera-se-reunio-con-intendentes-que-reclaman-por-los-subsidios-al-transporte\/\" \/>\n<meta property=\"og:site_name\" content=\"Apuntes de San Luis\" \/>\n<meta property=\"article:published_time\" content=\"2024-02-16T07:51:26+00:00\" \/>\n<meta property=\"article:modified_time\" content=\"2024-02-16T07:54:43+00:00\" \/>\n<meta property=\"og:image\" content=\"https:\/\/apuntesdesanluis.com\/wp-content\/uploads\/2024\/02\/FAM-DECLARACIONES.png\" \/>\n\t<meta property=\"og:image:width\" content=\"727\" \/>\n\t<meta property=\"og:image:height\" content=\"528\" \/>\n\t<meta property=\"og:image:type\" content=\"image\/png\" \/>\n<meta name=\"author\" content=\"apuntesdesanluis.com\" \/>\n<meta name=\"twitter:card\" content=\"summary_large_image\" \/>\n<meta name=\"twitter:label1\" content=\"Escrito por\" \/>\n\t<meta name=\"twitter:data1\" content=\"apuntesdesanluis.com\" \/>\n\t<meta name=\"twitter:label2\" content=\"Tiempo de lectura\" \/>\n\t<meta name=\"twitter:data2\" content=\"5 minutos\" \/>\n<script type=\"application\/ld+json\" class=\"yoast-schema-graph\">{\"@context\":\"https:\/\/schema.org\",\"@graph\":[{\"@type\":\"Article\",\"@id\":\"https:\/\/apuntesdesanluis.com\/index.php\/2024\/02\/16\/frontera-se-reunio-con-intendentes-que-reclaman-por-los-subsidios-al-transporte\/#article\",\"isPartOf\":{\"@id\":\"https:\/\/apuntesdesanluis.com\/index.php\/2024\/02\/16\/frontera-se-reunio-con-intendentes-que-reclaman-por-los-subsidios-al-transporte\/\"},\"author\":{\"name\":\"apuntesdesanluis.com\",\"@id\":\"https:\/\/apuntesdesanluis.com\/#\/schema\/person\/b55151d52296fcce64d1a72538a70b90\"},\"headline\":\"FRONTERA SE REUNI\u00d3 CON INTENDENTES QUE RECLAMAN POR LOS SUBSIDIOS AL TRANSPORTE\",\"datePublished\":\"2024-02-16T07:51:26+00:00\",\"dateModified\":\"2024-02-16T07:54:43+00:00\",\"mainEntityOfPage\":{\"@id\":\"https:\/\/apuntesdesanluis.com\/index.php\/2024\/02\/16\/frontera-se-reunio-con-intendentes-que-reclaman-por-los-subsidios-al-transporte\/\"},\"wordCount\":977,\"publisher\":{\"@id\":\"https:\/\/apuntesdesanluis.com\/#\/schema\/person\/b55151d52296fcce64d1a72538a70b90\"},\"image\":{\"@id\":\"https:\/\/apuntesdesanluis.com\/index.php\/2024\/02\/16\/frontera-se-reunio-con-intendentes-que-reclaman-por-los-subsidios-al-transporte\/#primaryimage\"},\"thumbnailUrl\":\"https:\/\/apuntesdesanluis.com\/wp-content\/uploads\/2024\/02\/FAM-DECLARACIONES.png\",\"articleSection\":[\"Ciudad\/Provincia\"],\"inLanguage\":\"es-AR\"},{\"@type\":\"WebPage\",\"@id\":\"https:\/\/apuntesdesanluis.com\/index.php\/2024\/02\/16\/frontera-se-reunio-con-intendentes-que-reclaman-por-los-subsidios-al-transporte\/\",\"url\":\"https:\/\/apuntesdesanluis.com\/index.php\/2024\/02\/16\/frontera-se-reunio-con-intendentes-que-reclaman-por-los-subsidios-al-transporte\/\",\"name\":\"FRONTERA SE REUNI\u00d3 CON INTENDENTES QUE RECLAMAN POR LOS SUBSIDIOS AL TRANSPORTE - Apuntes de San Luis\",\"isPartOf\":{\"@id\":\"https:\/\/apuntesdesanluis.com\/#website\"},\"primaryImageOfPage\":{\"@id\":\"https:\/\/apuntesdesanluis.com\/index.php\/2024\/02\/16\/frontera-se-reunio-con-intendentes-que-reclaman-por-los-subsidios-al-transporte\/#primaryimage\"},\"image\":{\"@id\":\"https:\/\/apuntesdesanluis.com\/index.php\/2024\/02\/16\/frontera-se-reunio-con-intendentes-que-reclaman-por-los-subsidios-al-transporte\/#primaryimage\"},\"thumbnailUrl\":\"https:\/\/apuntesdesanluis.com\/wp-content\/uploads\/2024\/02\/FAM-DECLARACIONES.png\",\"datePublished\":\"2024-02-16T07:51:26+00:00\",\"dateModified\":\"2024-02-16T07:54:43+00:00\",\"breadcrumb\":{\"@id\":\"https:\/\/apuntesdesanluis.com\/index.php\/2024\/02\/16\/frontera-se-reunio-con-intendentes-que-reclaman-por-los-subsidios-al-transporte\/#breadcrumb\"},\"inLanguage\":\"es-AR\",\"potentialAction\":[{\"@type\":\"ReadAction\",\"target\":[\"https:\/\/apuntesdesanluis.com\/index.php\/2024\/02\/16\/frontera-se-reunio-con-intendentes-que-reclaman-por-los-subsidios-al-transporte\/\"]}]},{\"@type\":\"ImageObject\",\"inLanguage\":\"es-AR\",\"@id\":\"https:\/\/apuntesdesanluis.com\/index.php\/2024\/02\/16\/frontera-se-reunio-con-intendentes-que-reclaman-por-los-subsidios-al-transporte\/#primaryimage\",\"url\":\"https:\/\/apuntesdesanluis.com\/wp-content\/uploads\/2024\/02\/FAM-DECLARACIONES.png\",\"contentUrl\":\"https:\/\/apuntesdesanluis.com\/wp-content\/uploads\/2024\/02\/FAM-DECLARACIONES.png\",\"width\":727,\"height\":528},{\"@type\":\"BreadcrumbList\",\"@id\":\"https:\/\/apuntesdesanluis.com\/index.php\/2024\/02\/16\/frontera-se-reunio-con-intendentes-que-reclaman-por-los-subsidios-al-transporte\/#breadcrumb\",\"itemListElement\":[{\"@type\":\"ListItem\",\"position\":1,\"name\":\"Inicio\",\"item\":\"https:\/\/apuntesdesanluis.com\/\"},{\"@type\":\"ListItem\",\"position\":2,\"name\":\"FRONTERA SE REUNI\u00d3 CON INTENDENTES QUE RECLAMAN POR LOS SUBSIDIOS AL TRANSPORTE\"}]},{\"@type\":\"WebSite\",\"@id\":\"https:\/\/apuntesdesanluis.com\/#website\",\"url\":\"https:\/\/apuntesdesanluis.com\/\",\"name\":\"Apuntes de San Luis\",\"description\":\"\",\"publisher\":{\"@id\":\"https:\/\/apuntesdesanluis.com\/#\/schema\/person\/b55151d52296fcce64d1a72538a70b90\"},\"potentialAction\":[{\"@type\":\"SearchAction\",\"target\":{\"@type\":\"EntryPoint\",\"urlTemplate\":\"https:\/\/apuntesdesanluis.com\/?s={search_term_string}\"},\"query-input\":{\"@type\":\"PropertyValueSpecification\",\"valueRequired\":true,\"valueName\":\"search_term_string\"}}],\"inLanguage\":\"es-AR\"},{\"@type\":[\"Person\",\"Organization\"],\"@id\":\"https:\/\/apuntesdesanluis.com\/#\/schema\/person\/b55151d52296fcce64d1a72538a70b90\",\"name\":\"apuntesdesanluis.com\",\"image\":{\"@type\":\"ImageObject\",\"inLanguage\":\"es-AR\",\"@id\":\"https:\/\/apuntesdesanluis.com\/#\/schema\/person\/image\/\",\"url\":\"https:\/\/apuntesdesanluis.com\/wp-content\/uploads\/2023\/07\/cropped-apuntesdesanluis.png\",\"contentUrl\":\"https:\/\/apuntesdesanluis.com\/wp-content\/uploads\/2023\/07\/cropped-apuntesdesanluis.png\",\"width\":450,\"height\":112,\"caption\":\"apuntesdesanluis.com\"},\"logo\":{\"@id\":\"https:\/\/apuntesdesanluis.com\/#\/schema\/person\/image\/\"},\"sameAs\":[\"https:\/\/apuntesdesanluis.com\"],\"url\":\"https:\/\/apuntesdesanluis.com\/index.php\/author\/apuntesdesanluis-com\/\"}]}<\/script>\n<!-- \/ Yoast SEO plugin. -->","yoast_head_json":{"title":"FRONTERA SE REUNI\u00d3 CON INTENDENTES QUE RECLAMAN POR LOS SUBSIDIOS AL TRANSPORTE - Apuntes de San Luis","robots":{"index":"index","follow":"follow","max-snippet":"max-snippet:-1","max-image-preview":"max-image-preview:large","max-video-preview":"max-video-preview:-1"},"canonical":"https:\/\/apuntesdesanluis.com\/index.php\/2024\/02\/16\/frontera-se-reunio-con-intendentes-que-reclaman-por-los-subsidios-al-transporte\/","og_locale":"es_ES","og_type":"article","og_title":"FRONTERA SE REUNI\u00d3 CON INTENDENTES QUE RECLAMAN POR LOS SUBSIDIOS AL TRANSPORTE - Apuntes de San Luis","og_description":"La quita de subsidios al transporte p\u00fablico que impuls\u00f3 el Gobierno de Javier Milei, mantiene...","og_url":"https:\/\/apuntesdesanluis.com\/index.php\/2024\/02\/16\/frontera-se-reunio-con-intendentes-que-reclaman-por-los-subsidios-al-transporte\/","og_site_name":"Apuntes de San Luis","article_published_time":"2024-02-16T07:51:26+00:00","article_modified_time":"2024-02-16T07:54:43+00:00","og_image":[{"width":727,"height":528,"url":"https:\/\/apuntesdesanluis.com\/wp-content\/uploads\/2024\/02\/FAM-DECLARACIONES.png","type":"image\/png"}],"author":"apuntesdesanluis.com","twitter_card":"summary_large_image","twitter_misc":{"Escrito por":"apuntesdesanluis.com","Tiempo de lectura":"5 minutos"},"schema":{"@context":"https:\/\/schema.org","@graph":[{"@type":"Article","@id":"https:\/\/apuntesdesanluis.com\/index.php\/2024\/02\/16\/frontera-se-reunio-con-intendentes-que-reclaman-por-los-subsidios-al-transporte\/#article","isPartOf":{"@id":"https:\/\/apuntesdesanluis.com\/index.php\/2024\/02\/16\/frontera-se-reunio-con-intendentes-que-reclaman-por-los-subsidios-al-transporte\/"},"author":{"name":"apuntesdesanluis.com","@id":"https:\/\/apuntesdesanluis.com\/#\/schema\/person\/b55151d52296fcce64d1a72538a70b90"},"headline":"FRONTERA SE REUNI\u00d3 CON INTENDENTES QUE RECLAMAN POR LOS SUBSIDIOS AL TRANSPORTE","datePublished":"2024-02-16T07:51:26+00:00","dateModified":"2024-02-16T07:54:43+00:00","mainEntityOfPage":{"@id":"https:\/\/apuntesdesanluis.com\/index.php\/2024\/02\/16\/frontera-se-reunio-con-intendentes-que-reclaman-por-los-subsidios-al-transporte\/"},"wordCount":977,"publisher":{"@id":"https:\/\/apuntesdesanluis.com\/#\/schema\/person\/b55151d52296fcce64d1a72538a70b90"},"image":{"@id":"https:\/\/apuntesdesanluis.com\/index.php\/2024\/02\/16\/frontera-se-reunio-con-intendentes-que-reclaman-por-los-subsidios-al-transporte\/#primaryimage"},"thumbnailUrl":"https:\/\/apuntesdesanluis.com\/wp-content\/uploads\/2024\/02\/FAM-DECLARACIONES.png","articleSection":["Ciudad\/Provincia"],"inLanguage":"es-AR"},{"@type":"WebPage","@id":"https:\/\/apuntesdesanluis.com\/index.php\/2024\/02\/16\/frontera-se-reunio-con-intendentes-que-reclaman-por-los-subsidios-al-transporte\/","url":"https:\/\/apuntesdesanluis.com\/index.php\/2024\/02\/16\/frontera-se-reunio-con-intendentes-que-reclaman-por-los-subsidios-al-transporte\/","name":"FRONTERA SE REUNI\u00d3 CON INTENDENTES QUE RECLAMAN POR LOS SUBSIDIOS AL TRANSPORTE - Apuntes de San Luis","isPartOf":{"@id":"https:\/\/apuntesdesanluis.com\/#website"},"primaryImageOfPage":{"@id":"https:\/\/apuntesdesanluis.com\/index.php\/2024\/02\/16\/frontera-se-reunio-con-intendentes-que-reclaman-por-los-subsidios-al-transporte\/#primaryimage"},"image":{"@id":"https:\/\/apuntesdesanluis.com\/index.php\/2024\/02\/16\/frontera-se-reunio-con-intendentes-que-reclaman-por-los-subsidios-al-transporte\/#primaryimage"},"thumbnailUrl":"https:\/\/apuntesdesanluis.com\/wp-content\/uploads\/2024\/02\/FAM-DECLARACIONES.png","datePublished":"2024-02-16T07:51:26+00:00","dateModified":"2024-02-16T07:54:43+00:00","breadcrumb":{"@id":"https:\/\/apuntesdesanluis.com\/index.php\/2024\/02\/16\/frontera-se-reunio-con-intendentes-que-reclaman-por-los-subsidios-al-transporte\/#breadcrumb"},"inLanguage":"es-AR","potentialAction":[{"@type":"ReadAction","target":["https:\/\/apuntesdesanluis.com\/index.php\/2024\/02\/16\/frontera-se-reunio-con-intendentes-que-reclaman-por-los-subsidios-al-transporte\/"]}]},{"@type":"ImageObject","inLanguage":"es-AR","@id":"https:\/\/apuntesdesanluis.com\/index.php\/2024\/02\/16\/frontera-se-reunio-con-intendentes-que-reclaman-por-los-subsidios-al-transporte\/#primaryimage","url":"https:\/\/apuntesdesanluis.com\/wp-content\/uploads\/2024\/02\/FAM-DECLARACIONES.png","contentUrl":"https:\/\/apuntesdesanluis.com\/wp-content\/uploads\/2024\/02\/FAM-DECLARACIONES.png","width":727,"height":528},{"@type":"BreadcrumbList","@id":"https:\/\/apuntesdesanluis.com\/index.php\/2024\/02\/16\/frontera-se-reunio-con-intendentes-que-reclaman-por-los-subsidios-al-transporte\/#breadcrumb","itemListElement":[{"@type":"ListItem","position":1,"name":"Inicio","item":"https:\/\/apuntesdesanluis.com\/"},{"@type":"ListItem","position":2,"name":"FRONTERA SE REUNI\u00d3 CON INTENDENTES QUE RECLAMAN POR LOS SUBSIDIOS AL TRANSPORTE"}]},{"@type":"WebSite","@id":"https:\/\/apuntesdesanluis.com\/#website","url":"https:\/\/apuntesdesanluis.com\/","name":"Apuntes de San Luis","description":"","publisher":{"@id":"https:\/\/apuntesdesanluis.com\/#\/schema\/person\/b55151d52296fcce64d1a72538a70b90"},"potentialAction":[{"@type":"SearchAction","target":{"@type":"EntryPoint","urlTemplate":"https:\/\/apuntesdesanluis.com\/?s={search_term_string}"},"query-input":{"@type":"PropertyValueSpecification","valueRequired":true,"valueName":"search_term_string"}}],"inLanguage":"es-AR"},{"@type":["Person","Organization"],"@id":"https:\/\/apuntesdesanluis.com\/#\/schema\/person\/b55151d52296fcce64d1a72538a70b90","name":"apuntesdesanluis.com","image":{"@type":"ImageObject","inLanguage":"es-AR","@id":"https:\/\/apuntesdesanluis.com\/#\/schema\/person\/image\/","url":"https:\/\/apuntesdesanluis.com\/wp-content\/uploads\/2023\/07\/cropped-apuntesdesanluis.png","contentUrl":"https:\/\/apuntesdesanluis.com\/wp-content\/uploads\/2023\/07\/cropped-apuntesdesanluis.png","width":450,"height":112,"caption":"apuntesdesanluis.com"},"logo":{"@id":"https:\/\/apuntesdesanluis.com\/#\/schema\/person\/image\/"},"sameAs":["https:\/\/apuntesdesanluis.com"],"url":"https:\/\/apuntesdesanluis.com\/index.php\/author\/apuntesdesanluis-com\/"}]}},"featured_image_urls":{"full":["https:\/\/apuntesdesanluis.com\/wp-content\/uploads\/2024\/02\/FAM-DECLARACIONES.png",727,528,false],"thumbnail":["https:\/\/apuntesdesanluis.com\/wp-content\/uploads\/2024\/02\/FAM-DECLARACIONES-150x150.png",150,150,true],"medium":["https:\/\/apuntesdesanluis.com\/wp-content\/uploads\/2024\/02\/FAM-DECLARACIONES-300x218.png",300,218,true],"medium_large":["https:\/\/apuntesdesanluis.com\/wp-content\/uploads\/2024\/02\/FAM-DECLARACIONES.png",640,465,false],"large":["https:\/\/apuntesdesanluis.com\/wp-content\/uploads\/2024\/02\/FAM-DECLARACIONES.png",640,465,false],"1536x1536":["https:\/\/apuntesdesanluis.com\/wp-content\/uploads\/2024\/02\/FAM-DECLARACIONES.png",727,528,false],"2048x2048":["https:\/\/apuntesdesanluis.com\/wp-content\/uploads\/2024\/02\/FAM-DECLARACIONES.png",727,528,false],"newsever-slider-full":["https:\/\/apuntesdesanluis.com\/wp-content\/uploads\/2024\/02\/FAM-DECLARACIONES.png",727,528,false],"newsever-featured":["https:\/\/apuntesdesanluis.com\/wp-content\/uploads\/2024\/02\/FAM-DECLARACIONES.png",727,528,false],"newsever-medium":["https:\/\/apuntesdesanluis.com\/wp-content\/uploads\/2024\/02\/FAM-DECLARACIONES-720x475.png",720,475,true]},"author_info":{"display_name":"apuntesdesanluis.com","author_link":"https:\/\/apuntesdesanluis.com\/index.php\/author\/apuntesdesanluis-com\/"},"category_info":"<a href=\"https:\/\/apuntesdesanluis.com\/index.php\/category\/ciudad-provincia\/\" rel=\"category tag\">Ciudad\/Provincia<\/a>","tag_info":"Ciudad\/Provincia","comment_count":"0","_links":{"self":[{"href":"https:\/\/apuntesdesanluis.com\/index.php\/wp-json\/wp\/v2\/posts\/11766","targetHints":{"allow":["GET"]}}],"collection":[{"href":"https:\/\/apuntesdesanluis.com\/index.php\/wp-json\/wp\/v2\/posts"}],"about":[{"href":"https:\/\/apuntesdesanluis.com\/index.php\/wp-json\/wp\/v2\/types\/post"}],"author":[{"embeddable":true,"href":"https:\/\/apuntesdesanluis.com\/index.php\/wp-json\/wp\/v2\/users\/1"}],"replies":[{"embeddable":true,"href":"https:\/\/apuntesdesanluis.com\/index.php\/wp-json\/wp\/v2\/comments?post=11766"}],"version-history":[{"count":4,"href":"https:\/\/apuntesdesanluis.com\/index.php\/wp-json\/wp\/v2\/posts\/11766\/revisions"}],"predecessor-version":[{"id":11773,"href":"https:\/\/apuntesdesanluis.com\/index.php\/wp-json\/wp\/v2\/posts\/11766\/revisions\/11773"}],"wp:featuredmedia":[{"embeddable":true,"href":"https:\/\/apuntesdesanluis.com\/index.php\/wp-json\/wp\/v2\/media\/11767"}],"wp:attachment":[{"href":"https:\/\/apuntesdesanluis.com\/index.php\/wp-json\/wp\/v2\/media?parent=11766"}],"wp:term":[{"taxonomy":"category","embeddable":true,"href":"https:\/\/apuntesdesanluis.com\/index.php\/wp-json\/wp\/v2\/categories?post=11766"},{"taxonomy":"post_tag","embeddable":true,"href":"https:\/\/apuntesdesanluis.com\/index.php\/wp-json\/wp\/v2\/tags?post=11766"}],"curies":[{"name":"wp","href":"https:\/\/api.w.org\/{rel}","templated":true}]}}