{"id":11774,"date":"2024-02-16T05:12:32","date_gmt":"2024-02-16T08:12:32","guid":{"rendered":"https:\/\/apuntesdesanluis.com\/?p=11774"},"modified":"2024-02-16T05:12:57","modified_gmt":"2024-02-16T08:12:57","slug":"poggi-y-alvarez-pinto-compartieron-una-jornada-de-trabajo-en-la-casa-del-bicentenario","status":"publish","type":"post","link":"https:\/\/apuntesdesanluis.com\/index.php\/2024\/02\/16\/poggi-y-alvarez-pinto-compartieron-una-jornada-de-trabajo-en-la-casa-del-bicentenario\/","title":{"rendered":"POGGI Y \u00c1LVAREZ PINTO COMPARTIERON UNA JORNADA DE TRABAJO EN LA CASA DEL BICENTENARIO"},"content":{"rendered":"<h3>El Gobernador <strong>Claudio Poggi<\/strong> particip\u00f3 de una reuni\u00f3n del gabinete municipal de la Villa de Merlo encabezado por el intendente <strong>Juan \u00c1lvarez Pinto<\/strong>, en el marco de la pol\u00edtica de cercan\u00eda y trabajo coordinado con las intendencias del interior provincial.<\/h3>\n<h3>No lleg\u00f3 solo, lo acompa\u00f1aron varios integrantes de su gabinete: la ministra de Seguridad, Nancy Sosa; el de Gobierno, Facundo Endeiza; la de Desarrollo Humano, M\u00f3nica Becerra; el de Educaci\u00f3n, Guillermo Araujo; y el secretario de Comunicaci\u00f3n, Diego Masci.<\/h3>\n<p><img fetchpriority=\"high\" decoding=\"async\" class=\"wp-image-11776 aligncenter\" src=\"https:\/\/apuntesdesanluis.com\/wp-content\/uploads\/2024\/02\/BICENTENARIO-300x193.png\" alt=\"\" width=\"609\" height=\"392\" srcset=\"https:\/\/apuntesdesanluis.com\/wp-content\/uploads\/2024\/02\/BICENTENARIO-300x193.png 300w, https:\/\/apuntesdesanluis.com\/wp-content\/uploads\/2024\/02\/BICENTENARIO.png 600w\" sizes=\"(max-width: 609px) 100vw, 609px\" \/><\/p>\n<h3>En la reuni\u00f3n repasaron la agenda compartida entre la provincia y el municipio serrano, analizando el estado de situaci\u00f3n de las distintas \u00e1reas y proyectando acciones conjuntas para el corto y mediano plazo. Con su presencia en la Villa de Merlo, el gobernador Poggi pone nuevamente de manifiesto su compromiso con todos los departamentos y su vocaci\u00f3n por descentralizar la gesti\u00f3n, trabajando codo a codo con los intendentes.<\/h3>\n<h3><strong>INSPECCI\u00d3N DE ESCUELAS<\/strong><\/h3>\n<h3>Por otro lado, el gobernador Claudio, Poggi, lleg\u00f3 a la Villa de Merlo con la misi\u00f3n de inspeccionar las obras en dos de ellas que funcionan en el mismo predio: la T\u00e9cnica N\u00b034 y la escuela N\u00b0435.<\/h3>\n<h3>Fue recibido por la directora del secundario, Rosa Morales, y por la secretaria de la primaria, Roxana Caba\u00f1ez. Tambi\u00e9n participaron del recorrido el intendente, Juan \u00c1lvarez Pinto; el senador provincial, Sergio Guardia y funcionarios del Gobierno provincial. La inspecci\u00f3n se realiz\u00f3 por las aulas, el SUM, las oficinas y ba\u00f1os, entre otros espacios del establecimiento ubicado en boulevard Alberto Olivera 1200.<\/h3>\n<h3>Tras varios a\u00f1os de abandono y falta de gesti\u00f3n, las escuelas se encontraban con serios problemas de filtraciones en los techos, por eso el Ejecutivo puntano trabaja actualmente en tareas de refacci\u00f3n de cielorrasos. La obra busca dejar los edificios en condiciones \u00f3ptimas para recibir a los m\u00e1s de 900 alumnos cuando se inicie el per\u00edodo lectivo el pr\u00f3ximo 26 de febrero. Estos establecimientos son parte de los edificios que necesitaban urgentemente reparaciones.<\/h3>\n<p><img decoding=\"async\" class=\"wp-image-11777 aligncenter\" src=\"https:\/\/apuntesdesanluis.com\/wp-content\/uploads\/2024\/02\/INSPECCION-300x218.png\" alt=\"\" width=\"645\" height=\"469\" srcset=\"https:\/\/apuntesdesanluis.com\/wp-content\/uploads\/2024\/02\/INSPECCION-300x218.png 300w, https:\/\/apuntesdesanluis.com\/wp-content\/uploads\/2024\/02\/INSPECCION.png 590w\" sizes=\"(max-width: 645px) 100vw, 645px\" \/><\/p>\n<h3>Con esta visita, el Gobernador ratifica su compromiso con el desarrollo de la infraestructura educativa en toda la geograf\u00eda provincial. La presencia del Mandatario en el interior provincial pone de manifiesto la fluida relaci\u00f3n del Gobierno con las autoridades locales y la premisa de trabajar en conjunto para mejorar la calidad de vida de cada uno de los sanluise\u00f1os.<\/h3>\n<h3>\u201cUno tiene como su segunda casa en la escuela y quiere que nuestra casa se vea bien para nuestros alumnos. Entonces, bienvenido que esto se haya arreglado dentro de sus posibilidades, lo m\u00e1s urgente posible\u201d, coment\u00f3 la directora de la secundaria.<\/h3>\n<h3>\u201cYa se empez\u00f3 con lo m\u00e1s importante, que eran los techos, porque con todas las tormentas fuertes que hubo cayeron pedazos de concreto, as\u00ed que era importante comenzar por all\u00ed. Las clases, est\u00e1 confirmado, empezar\u00e1n en tiempo y forma\u201d, asegur\u00f3 la secretaria de primaria.<\/h3>\n<h3><strong>PLAN DE ESCRITURACI\u00d3N<\/strong><\/h3>\n<h3>El Jefe de Estado encabez\u00f3 este jueves el acto de presentaci\u00f3n del plan \u201cEscritur\u00e1 tu Casa\u201d en Villa de Merlo, mediante el cual los habitantes de barrios sociales podr\u00e1n acceder al t\u00edtulo de propiedad de sus viviendas con un tr\u00e1mite \u00e1gil y econ\u00f3mico.<\/h3>\n<h3>El programa, que depende del Ministerio de Desarrollo Humano, elimina barreras econ\u00f3micas que imped\u00edan a muchas familias completar este c\u00edrculo y sentirse due\u00f1os reales de sus hogares. Antes, hab\u00eda que pagar un 30% del valor de mercado del hogar, que en ocasiones pod\u00edan ser 10, 15 o 20 millones de pesos, explic\u00f3 Poggi, qui\u00e9n luego detall\u00f3 que mediante el programa los vecinos podr\u00e1n completar el tr\u00e1mite abonando una cifra cercana a los $130.000 para los servicios de escriban\u00eda. Actualmente hay cerca de 6000 inscriptos en el plan.<\/h3>\n<h3><img decoding=\"async\" class=\"wp-image-11778 aligncenter\" src=\"https:\/\/apuntesdesanluis.com\/wp-content\/uploads\/2024\/02\/ESCRITURAS-300x207.png\" alt=\"\" width=\"650\" height=\"448\" srcset=\"https:\/\/apuntesdesanluis.com\/wp-content\/uploads\/2024\/02\/ESCRITURAS-300x207.png 300w, https:\/\/apuntesdesanluis.com\/wp-content\/uploads\/2024\/02\/ESCRITURAS.png 613w\" sizes=\"(max-width: 650px) 100vw, 650px\" \/><\/h3>\n<h3>\u201cTrabajando juntos, ese es el desaf\u00edo que tenemos. Es un a\u00f1o bravo, con muchas dificultades sociales y econ\u00f3micas, pero creo que codo a codo vamos a salir adelante\u201d, afirm\u00f3 el Primer Mandatario.<\/h3>\n<h3>Durante el lanzamiento, que tuvo lugar en la Casa del Bicentenario de Piedra Blanca y cont\u00f3 con la participaci\u00f3n del intendente, Juan \u00c1lvarez Pinto, se hizo entrega de la documentaci\u00f3n a m\u00e1s de 14 familias locales que concluyeron as\u00ed el proceso de escrituraci\u00f3n. Fue como recibir la casa nuevamente.<\/h3>\n<p>&nbsp;<\/p>\n<p>&nbsp;<\/p>\n<p>&nbsp;<\/p>\n","protected":false},"excerpt":{"rendered":"<p>El Gobernador Claudio Poggi particip\u00f3 de una reuni\u00f3n del gabinete municipal de la Villa de&#8230;<\/p>\n","protected":false},"author":1,"featured_media":11775,"comment_status":"closed","ping_status":"closed","sticky":false,"template":"","format":"standard","meta":{"footnotes":""},"categories":[6],"tags":[],"class_list":["post-11774","post","type-post","status-publish","format-standard","has-post-thumbnail","hentry","category-ciudad-provincia"],"yoast_head":"<!-- This site is optimized with the Yoast SEO plugin v26.1.1 - https:\/\/yoast.com\/wordpress\/plugins\/seo\/ -->\n<title>POGGI Y \u00c1LVAREZ PINTO COMPARTIERON UNA JORNADA DE TRABAJO EN LA CASA DEL BICENTENARIO - Apuntes de San Luis<\/title>\n<meta name=\"robots\" content=\"index, follow, max-snippet:-1, max-image-preview:large, max-video-preview:-1\" \/>\n<link rel=\"canonical\" href=\"https:\/\/apuntesdesanluis.com\/index.php\/2024\/02\/16\/poggi-y-alvarez-pinto-compartieron-una-jornada-de-trabajo-en-la-casa-del-bicentenario\/\" \/>\n<meta property=\"og:locale\" content=\"es_ES\" \/>\n<meta property=\"og:type\" content=\"article\" \/>\n<meta property=\"og:title\" content=\"POGGI Y \u00c1LVAREZ PINTO COMPARTIERON UNA JORNADA DE TRABAJO EN LA CASA DEL BICENTENARIO - Apuntes de San Luis\" \/>\n<meta property=\"og:description\" content=\"El Gobernador Claudio Poggi particip\u00f3 de una reuni\u00f3n del gabinete municipal de la Villa de...\" \/>\n<meta property=\"og:url\" content=\"https:\/\/apuntesdesanluis.com\/index.php\/2024\/02\/16\/poggi-y-alvarez-pinto-compartieron-una-jornada-de-trabajo-en-la-casa-del-bicentenario\/\" \/>\n<meta property=\"og:site_name\" content=\"Apuntes de San Luis\" \/>\n<meta property=\"article:published_time\" content=\"2024-02-16T08:12:32+00:00\" \/>\n<meta property=\"article:modified_time\" content=\"2024-02-16T08:12:57+00:00\" \/>\n<meta property=\"og:image\" content=\"https:\/\/apuntesdesanluis.com\/wp-content\/uploads\/2024\/02\/CASA.png\" \/>\n\t<meta property=\"og:image:width\" content=\"600\" \/>\n\t<meta property=\"og:image:height\" content=\"354\" \/>\n\t<meta property=\"og:image:type\" content=\"image\/png\" \/>\n<meta name=\"author\" content=\"apuntesdesanluis.com\" \/>\n<meta name=\"twitter:card\" content=\"summary_large_image\" \/>\n<meta name=\"twitter:label1\" content=\"Escrito por\" \/>\n\t<meta name=\"twitter:data1\" content=\"apuntesdesanluis.com\" \/>\n\t<meta name=\"twitter:label2\" content=\"Tiempo de lectura\" \/>\n\t<meta name=\"twitter:data2\" content=\"4 minutos\" \/>\n<script type=\"application\/ld+json\" class=\"yoast-schema-graph\">{\"@context\":\"https:\/\/schema.org\",\"@graph\":[{\"@type\":\"Article\",\"@id\":\"https:\/\/apuntesdesanluis.com\/index.php\/2024\/02\/16\/poggi-y-alvarez-pinto-compartieron-una-jornada-de-trabajo-en-la-casa-del-bicentenario\/#article\",\"isPartOf\":{\"@id\":\"https:\/\/apuntesdesanluis.com\/index.php\/2024\/02\/16\/poggi-y-alvarez-pinto-compartieron-una-jornada-de-trabajo-en-la-casa-del-bicentenario\/\"},\"author\":{\"name\":\"apuntesdesanluis.com\",\"@id\":\"https:\/\/apuntesdesanluis.com\/#\/schema\/person\/b55151d52296fcce64d1a72538a70b90\"},\"headline\":\"POGGI Y \u00c1LVAREZ PINTO COMPARTIERON UNA JORNADA DE TRABAJO EN LA CASA DEL BICENTENARIO\",\"datePublished\":\"2024-02-16T08:12:32+00:00\",\"dateModified\":\"2024-02-16T08:12:57+00:00\",\"mainEntityOfPage\":{\"@id\":\"https:\/\/apuntesdesanluis.com\/index.php\/2024\/02\/16\/poggi-y-alvarez-pinto-compartieron-una-jornada-de-trabajo-en-la-casa-del-bicentenario\/\"},\"wordCount\":739,\"publisher\":{\"@id\":\"https:\/\/apuntesdesanluis.com\/#\/schema\/person\/b55151d52296fcce64d1a72538a70b90\"},\"image\":{\"@id\":\"https:\/\/apuntesdesanluis.com\/index.php\/2024\/02\/16\/poggi-y-alvarez-pinto-compartieron-una-jornada-de-trabajo-en-la-casa-del-bicentenario\/#primaryimage\"},\"thumbnailUrl\":\"https:\/\/apuntesdesanluis.com\/wp-content\/uploads\/2024\/02\/CASA.png\",\"articleSection\":[\"Ciudad\/Provincia\"],\"inLanguage\":\"es-AR\"},{\"@type\":\"WebPage\",\"@id\":\"https:\/\/apuntesdesanluis.com\/index.php\/2024\/02\/16\/poggi-y-alvarez-pinto-compartieron-una-jornada-de-trabajo-en-la-casa-del-bicentenario\/\",\"url\":\"https:\/\/apuntesdesanluis.com\/index.php\/2024\/02\/16\/poggi-y-alvarez-pinto-compartieron-una-jornada-de-trabajo-en-la-casa-del-bicentenario\/\",\"name\":\"POGGI Y \u00c1LVAREZ PINTO COMPARTIERON UNA JORNADA DE TRABAJO EN LA CASA DEL BICENTENARIO - Apuntes de San Luis\",\"isPartOf\":{\"@id\":\"https:\/\/apuntesdesanluis.com\/#website\"},\"primaryImageOfPage\":{\"@id\":\"https:\/\/apuntesdesanluis.com\/index.php\/2024\/02\/16\/poggi-y-alvarez-pinto-compartieron-una-jornada-de-trabajo-en-la-casa-del-bicentenario\/#primaryimage\"},\"image\":{\"@id\":\"https:\/\/apuntesdesanluis.com\/index.php\/2024\/02\/16\/poggi-y-alvarez-pinto-compartieron-una-jornada-de-trabajo-en-la-casa-del-bicentenario\/#primaryimage\"},\"thumbnailUrl\":\"https:\/\/apuntesdesanluis.com\/wp-content\/uploads\/2024\/02\/CASA.png\",\"datePublished\":\"2024-02-16T08:12:32+00:00\",\"dateModified\":\"2024-02-16T08:12:57+00:00\",\"breadcrumb\":{\"@id\":\"https:\/\/apuntesdesanluis.com\/index.php\/2024\/02\/16\/poggi-y-alvarez-pinto-compartieron-una-jornada-de-trabajo-en-la-casa-del-bicentenario\/#breadcrumb\"},\"inLanguage\":\"es-AR\",\"potentialAction\":[{\"@type\":\"ReadAction\",\"target\":[\"https:\/\/apuntesdesanluis.com\/index.php\/2024\/02\/16\/poggi-y-alvarez-pinto-compartieron-una-jornada-de-trabajo-en-la-casa-del-bicentenario\/\"]}]},{\"@type\":\"ImageObject\",\"inLanguage\":\"es-AR\",\"@id\":\"https:\/\/apuntesdesanluis.com\/index.php\/2024\/02\/16\/poggi-y-alvarez-pinto-compartieron-una-jornada-de-trabajo-en-la-casa-del-bicentenario\/#primaryimage\",\"url\":\"https:\/\/apuntesdesanluis.com\/wp-content\/uploads\/2024\/02\/CASA.png\",\"contentUrl\":\"https:\/\/apuntesdesanluis.com\/wp-content\/uploads\/2024\/02\/CASA.png\",\"width\":600,\"height\":354},{\"@type\":\"BreadcrumbList\",\"@id\":\"https:\/\/apuntesdesanluis.com\/index.php\/2024\/02\/16\/poggi-y-alvarez-pinto-compartieron-una-jornada-de-trabajo-en-la-casa-del-bicentenario\/#breadcrumb\",\"itemListElement\":[{\"@type\":\"ListItem\",\"position\":1,\"name\":\"Inicio\",\"item\":\"https:\/\/apuntesdesanluis.com\/\"},{\"@type\":\"ListItem\",\"position\":2,\"name\":\"POGGI Y \u00c1LVAREZ PINTO COMPARTIERON UNA JORNADA DE TRABAJO EN LA CASA DEL BICENTENARIO\"}]},{\"@type\":\"WebSite\",\"@id\":\"https:\/\/apuntesdesanluis.com\/#website\",\"url\":\"https:\/\/apuntesdesanluis.com\/\",\"name\":\"Apuntes de San Luis\",\"description\":\"\",\"publisher\":{\"@id\":\"https:\/\/apuntesdesanluis.com\/#\/schema\/person\/b55151d52296fcce64d1a72538a70b90\"},\"potentialAction\":[{\"@type\":\"SearchAction\",\"target\":{\"@type\":\"EntryPoint\",\"urlTemplate\":\"https:\/\/apuntesdesanluis.com\/?s={search_term_string}\"},\"query-input\":{\"@type\":\"PropertyValueSpecification\",\"valueRequired\":true,\"valueName\":\"search_term_string\"}}],\"inLanguage\":\"es-AR\"},{\"@type\":[\"Person\",\"Organization\"],\"@id\":\"https:\/\/apuntesdesanluis.com\/#\/schema\/person\/b55151d52296fcce64d1a72538a70b90\",\"name\":\"apuntesdesanluis.com\",\"image\":{\"@type\":\"ImageObject\",\"inLanguage\":\"es-AR\",\"@id\":\"https:\/\/apuntesdesanluis.com\/#\/schema\/person\/image\/\",\"url\":\"https:\/\/apuntesdesanluis.com\/wp-content\/uploads\/2023\/07\/cropped-apuntesdesanluis.png\",\"contentUrl\":\"https:\/\/apuntesdesanluis.com\/wp-content\/uploads\/2023\/07\/cropped-apuntesdesanluis.png\",\"width\":450,\"height\":112,\"caption\":\"apuntesdesanluis.com\"},\"logo\":{\"@id\":\"https:\/\/apuntesdesanluis.com\/#\/schema\/person\/image\/\"},\"sameAs\":[\"https:\/\/apuntesdesanluis.com\"],\"url\":\"https:\/\/apuntesdesanluis.com\/index.php\/author\/apuntesdesanluis-com\/\"}]}<\/script>\n<!-- \/ Yoast SEO plugin. -->","yoast_head_json":{"title":"POGGI Y \u00c1LVAREZ PINTO COMPARTIERON UNA JORNADA DE TRABAJO EN LA CASA DEL BICENTENARIO - Apuntes de San Luis","robots":{"index":"index","follow":"follow","max-snippet":"max-snippet:-1","max-image-preview":"max-image-preview:large","max-video-preview":"max-video-preview:-1"},"canonical":"https:\/\/apuntesdesanluis.com\/index.php\/2024\/02\/16\/poggi-y-alvarez-pinto-compartieron-una-jornada-de-trabajo-en-la-casa-del-bicentenario\/","og_locale":"es_ES","og_type":"article","og_title":"POGGI Y \u00c1LVAREZ PINTO COMPARTIERON UNA JORNADA DE TRABAJO EN LA CASA DEL BICENTENARIO - Apuntes de San Luis","og_description":"El Gobernador Claudio Poggi particip\u00f3 de una reuni\u00f3n del gabinete municipal de la Villa de...","og_url":"https:\/\/apuntesdesanluis.com\/index.php\/2024\/02\/16\/poggi-y-alvarez-pinto-compartieron-una-jornada-de-trabajo-en-la-casa-del-bicentenario\/","og_site_name":"Apuntes de San Luis","article_published_time":"2024-02-16T08:12:32+00:00","article_modified_time":"2024-02-16T08:12:57+00:00","og_image":[{"width":600,"height":354,"url":"https:\/\/apuntesdesanluis.com\/wp-content\/uploads\/2024\/02\/CASA.png","type":"image\/png"}],"author":"apuntesdesanluis.com","twitter_card":"summary_large_image","twitter_misc":{"Escrito por":"apuntesdesanluis.com","Tiempo de lectura":"4 minutos"},"schema":{"@context":"https:\/\/schema.org","@graph":[{"@type":"Article","@id":"https:\/\/apuntesdesanluis.com\/index.php\/2024\/02\/16\/poggi-y-alvarez-pinto-compartieron-una-jornada-de-trabajo-en-la-casa-del-bicentenario\/#article","isPartOf":{"@id":"https:\/\/apuntesdesanluis.com\/index.php\/2024\/02\/16\/poggi-y-alvarez-pinto-compartieron-una-jornada-de-trabajo-en-la-casa-del-bicentenario\/"},"author":{"name":"apuntesdesanluis.com","@id":"https:\/\/apuntesdesanluis.com\/#\/schema\/person\/b55151d52296fcce64d1a72538a70b90"},"headline":"POGGI Y \u00c1LVAREZ PINTO COMPARTIERON UNA JORNADA DE TRABAJO EN LA CASA DEL BICENTENARIO","datePublished":"2024-02-16T08:12:32+00:00","dateModified":"2024-02-16T08:12:57+00:00","mainEntityOfPage":{"@id":"https:\/\/apuntesdesanluis.com\/index.php\/2024\/02\/16\/poggi-y-alvarez-pinto-compartieron-una-jornada-de-trabajo-en-la-casa-del-bicentenario\/"},"wordCount":739,"publisher":{"@id":"https:\/\/apuntesdesanluis.com\/#\/schema\/person\/b55151d52296fcce64d1a72538a70b90"},"image":{"@id":"https:\/\/apuntesdesanluis.com\/index.php\/2024\/02\/16\/poggi-y-alvarez-pinto-compartieron-una-jornada-de-trabajo-en-la-casa-del-bicentenario\/#primaryimage"},"thumbnailUrl":"https:\/\/apuntesdesanluis.com\/wp-content\/uploads\/2024\/02\/CASA.png","articleSection":["Ciudad\/Provincia"],"inLanguage":"es-AR"},{"@type":"WebPage","@id":"https:\/\/apuntesdesanluis.com\/index.php\/2024\/02\/16\/poggi-y-alvarez-pinto-compartieron-una-jornada-de-trabajo-en-la-casa-del-bicentenario\/","url":"https:\/\/apuntesdesanluis.com\/index.php\/2024\/02\/16\/poggi-y-alvarez-pinto-compartieron-una-jornada-de-trabajo-en-la-casa-del-bicentenario\/","name":"POGGI Y \u00c1LVAREZ PINTO COMPARTIERON UNA JORNADA DE TRABAJO EN LA CASA DEL BICENTENARIO - Apuntes de San Luis","isPartOf":{"@id":"https:\/\/apuntesdesanluis.com\/#website"},"primaryImageOfPage":{"@id":"https:\/\/apuntesdesanluis.com\/index.php\/2024\/02\/16\/poggi-y-alvarez-pinto-compartieron-una-jornada-de-trabajo-en-la-casa-del-bicentenario\/#primaryimage"},"image":{"@id":"https:\/\/apuntesdesanluis.com\/index.php\/2024\/02\/16\/poggi-y-alvarez-pinto-compartieron-una-jornada-de-trabajo-en-la-casa-del-bicentenario\/#primaryimage"},"thumbnailUrl":"https:\/\/apuntesdesanluis.com\/wp-content\/uploads\/2024\/02\/CASA.png","datePublished":"2024-02-16T08:12:32+00:00","dateModified":"2024-02-16T08:12:57+00:00","breadcrumb":{"@id":"https:\/\/apuntesdesanluis.com\/index.php\/2024\/02\/16\/poggi-y-alvarez-pinto-compartieron-una-jornada-de-trabajo-en-la-casa-del-bicentenario\/#breadcrumb"},"inLanguage":"es-AR","potentialAction":[{"@type":"ReadAction","target":["https:\/\/apuntesdesanluis.com\/index.php\/2024\/02\/16\/poggi-y-alvarez-pinto-compartieron-una-jornada-de-trabajo-en-la-casa-del-bicentenario\/"]}]},{"@type":"ImageObject","inLanguage":"es-AR","@id":"https:\/\/apuntesdesanluis.com\/index.php\/2024\/02\/16\/poggi-y-alvarez-pinto-compartieron-una-jornada-de-trabajo-en-la-casa-del-bicentenario\/#primaryimage","url":"https:\/\/apuntesdesanluis.com\/wp-content\/uploads\/2024\/02\/CASA.png","contentUrl":"https:\/\/apuntesdesanluis.com\/wp-content\/uploads\/2024\/02\/CASA.png","width":600,"height":354},{"@type":"BreadcrumbList","@id":"https:\/\/apuntesdesanluis.com\/index.php\/2024\/02\/16\/poggi-y-alvarez-pinto-compartieron-una-jornada-de-trabajo-en-la-casa-del-bicentenario\/#breadcrumb","itemListElement":[{"@type":"ListItem","position":1,"name":"Inicio","item":"https:\/\/apuntesdesanluis.com\/"},{"@type":"ListItem","position":2,"name":"POGGI Y \u00c1LVAREZ PINTO COMPARTIERON UNA JORNADA DE TRABAJO EN LA CASA DEL BICENTENARIO"}]},{"@type":"WebSite","@id":"https:\/\/apuntesdesanluis.com\/#website","url":"https:\/\/apuntesdesanluis.com\/","name":"Apuntes de San Luis","description":"","publisher":{"@id":"https:\/\/apuntesdesanluis.com\/#\/schema\/person\/b55151d52296fcce64d1a72538a70b90"},"potentialAction":[{"@type":"SearchAction","target":{"@type":"EntryPoint","urlTemplate":"https:\/\/apuntesdesanluis.com\/?s={search_term_string}"},"query-input":{"@type":"PropertyValueSpecification","valueRequired":true,"valueName":"search_term_string"}}],"inLanguage":"es-AR"},{"@type":["Person","Organization"],"@id":"https:\/\/apuntesdesanluis.com\/#\/schema\/person\/b55151d52296fcce64d1a72538a70b90","name":"apuntesdesanluis.com","image":{"@type":"ImageObject","inLanguage":"es-AR","@id":"https:\/\/apuntesdesanluis.com\/#\/schema\/person\/image\/","url":"https:\/\/apuntesdesanluis.com\/wp-content\/uploads\/2023\/07\/cropped-apuntesdesanluis.png","contentUrl":"https:\/\/apuntesdesanluis.com\/wp-content\/uploads\/2023\/07\/cropped-apuntesdesanluis.png","width":450,"height":112,"caption":"apuntesdesanluis.com"},"logo":{"@id":"https:\/\/apuntesdesanluis.com\/#\/schema\/person\/image\/"},"sameAs":["https:\/\/apuntesdesanluis.com"],"url":"https:\/\/apuntesdesanluis.com\/index.php\/author\/apuntesdesanluis-com\/"}]}},"featured_image_urls":{"full":["https:\/\/apuntesdesanluis.com\/wp-content\/uploads\/2024\/02\/CASA.png",600,354,false],"thumbnail":["https:\/\/apuntesdesanluis.com\/wp-content\/uploads\/2024\/02\/CASA-150x150.png",150,150,true],"medium":["https:\/\/apuntesdesanluis.com\/wp-content\/uploads\/2024\/02\/CASA-300x177.png",300,177,true],"medium_large":["https:\/\/apuntesdesanluis.com\/wp-content\/uploads\/2024\/02\/CASA.png",600,354,false],"large":["https:\/\/apuntesdesanluis.com\/wp-content\/uploads\/2024\/02\/CASA.png",600,354,false],"1536x1536":["https:\/\/apuntesdesanluis.com\/wp-content\/uploads\/2024\/02\/CASA.png",600,354,false],"2048x2048":["https:\/\/apuntesdesanluis.com\/wp-content\/uploads\/2024\/02\/CASA.png",600,354,false],"newsever-slider-full":["https:\/\/apuntesdesanluis.com\/wp-content\/uploads\/2024\/02\/CASA.png",600,354,false],"newsever-featured":["https:\/\/apuntesdesanluis.com\/wp-content\/uploads\/2024\/02\/CASA.png",600,354,false],"newsever-medium":["https:\/\/apuntesdesanluis.com\/wp-content\/uploads\/2024\/02\/CASA.png",600,354,false]},"author_info":{"display_name":"apuntesdesanluis.com","author_link":"https:\/\/apuntesdesanluis.com\/index.php\/author\/apuntesdesanluis-com\/"},"category_info":"<a href=\"https:\/\/apuntesdesanluis.com\/index.php\/category\/ciudad-provincia\/\" rel=\"category tag\">Ciudad\/Provincia<\/a>","tag_info":"Ciudad\/Provincia","comment_count":"0","_links":{"self":[{"href":"https:\/\/apuntesdesanluis.com\/index.php\/wp-json\/wp\/v2\/posts\/11774","targetHints":{"allow":["GET"]}}],"collection":[{"href":"https:\/\/apuntesdesanluis.com\/index.php\/wp-json\/wp\/v2\/posts"}],"about":[{"href":"https:\/\/apuntesdesanluis.com\/index.php\/wp-json\/wp\/v2\/types\/post"}],"author":[{"embeddable":true,"href":"https:\/\/apuntesdesanluis.com\/index.php\/wp-json\/wp\/v2\/users\/1"}],"replies":[{"embeddable":true,"href":"https:\/\/apuntesdesanluis.com\/index.php\/wp-json\/wp\/v2\/comments?post=11774"}],"version-history":[{"count":2,"href":"https:\/\/apuntesdesanluis.com\/index.php\/wp-json\/wp\/v2\/posts\/11774\/revisions"}],"predecessor-version":[{"id":11780,"href":"https:\/\/apuntesdesanluis.com\/index.php\/wp-json\/wp\/v2\/posts\/11774\/revisions\/11780"}],"wp:featuredmedia":[{"embeddable":true,"href":"https:\/\/apuntesdesanluis.com\/index.php\/wp-json\/wp\/v2\/media\/11775"}],"wp:attachment":[{"href":"https:\/\/apuntesdesanluis.com\/index.php\/wp-json\/wp\/v2\/media?parent=11774"}],"wp:term":[{"taxonomy":"category","embeddable":true,"href":"https:\/\/apuntesdesanluis.com\/index.php\/wp-json\/wp\/v2\/categories?post=11774"},{"taxonomy":"post_tag","embeddable":true,"href":"https:\/\/apuntesdesanluis.com\/index.php\/wp-json\/wp\/v2\/tags?post=11774"}],"curies":[{"name":"wp","href":"https:\/\/api.w.org\/{rel}","templated":true}]}}