{"id":11821,"date":"2024-02-16T20:54:24","date_gmt":"2024-02-16T23:54:24","guid":{"rendered":"https:\/\/apuntesdesanluis.com\/?p=11821"},"modified":"2024-02-16T20:54:24","modified_gmt":"2024-02-16T23:54:24","slug":"milei-descarto-aumentar-el-salario-minimo-por-decreto-y-convocar-a-una-paritaria-nacional-docente","status":"publish","type":"post","link":"https:\/\/apuntesdesanluis.com\/index.php\/2024\/02\/16\/milei-descarto-aumentar-el-salario-minimo-por-decreto-y-convocar-a-una-paritaria-nacional-docente\/","title":{"rendered":"MILEI DESCART\u00d3 AUMENTAR EL SALARIO M\u00cdNIMO POR DECRETO Y CONVOCAR A UNA PARITARIA NACIONAL DOCENTE"},"content":{"rendered":"<h3>El presidente <strong>Javier Milei<\/strong> rechaz\u00f3 hoy la posibilidad de fijar un nuevo Salario m\u00ednimo, Vital y M\u00f3vil por decreto tras las frustradas negociaciones en la que no hubo acuerdo ni mediaci\u00f3n por parte del Gobierno, y descart\u00f3 realizar una convocatoria a una paritaria nacional docente.<\/h3>\n<h3>&#8220;Eso de estar fijando precios m\u00ednimos no nos gusta. Esa es una cuesti\u00f3n que tiene que ser abordada por los trabajadores con sus empleadores. No creo en que un pol\u00edtico pueda determinar un decreto a mano\u201d, plante\u00f3 Javier Milei en una entrevista a Radio Rivadavia.<\/h3>\n<h3>En la misma l\u00ednea, y acompa\u00f1ado por el diputado Jos\u00e9 Luis Espert, con quien mantuvo un encuentro de trabajo en a la quinta de Olivos durante la ma\u00f1ana, insisti\u00f3: &#8220;\u00bfYo voy a emitir un decreto fijando un precio? Ac\u00e1 el profe Espert me acaba de hacer el s\u00edmbolo que usaban los emperadores romanos cuando mandaban a matar al gladiador\u201d, ironiz\u00f3.<\/h3>\n<h3>\u201cLa educaci\u00f3n, la salud y la seguridad son responsabilidad de las provincias. Pa\u00eds federal\u201d, argument\u00f3.<\/h3>\n<h3>En Casa Rosada, casi en paralelo, el vocero presidencial, <strong>Manuel Adorni<\/strong>, revel\u00f3 que los docentes protagonizar\u00e1n un encuentro la semana pr\u00f3xima para destrabar el conflicto, aunque aclar\u00f3 que no ser\u00e1 una paritaria.<\/h3>\n<h3>&#8220;La paritaria docente nacional, como est\u00e1 no existe, lo que s\u00ed va a pasar es que se junten las partes para intentar destrabar el conflicto y se inici\u00f3 la parte administrativa para realizar esa reuni\u00f3n\u201d, sostuvo en la habitual conferencia de prensa.<\/h3>\n<h3>En la misma l\u00ednea, plante\u00f3 que el Gobierno no transferir\u00e1 dinero para el fondo de incentivo docente debido a que consideran que no hay respaldo legal que obligue al Estado a hacerlo.<\/h3>\n<h3><strong>CONFLICTO POR EL SALARIO M\u00cdNIMO, VITAL Y M\u00d3VIL<\/strong><\/h3>\n<h3>Tras la frustrada convocatoria para fijar un nuevo Salario M\u00ednimo, Vital y M\u00f3vil, el Presidente asegur\u00f3 que el Gobierno no mediar\u00e1 en la negociaci\u00f3n bajo la justificaci\u00f3n de que &#8220;las paritarias son libres&#8221;.<\/h3>\n<h3>Los dichos se dan el d\u00eda despu\u00e9s de la truncada reuni\u00f3n entre referentes empresariales y sindicales que deb\u00edan debatir en torno a la cuesti\u00f3n. Hoy, el salario m\u00ednimo es de $156.000, por lo que los sindicatos reclamaban un incremento de 85% para llevarlo a $288.600.<\/h3>\n<h3>Del otro lado, los empleadores no hicieron propuesta alguna mientras que el Gobierno no se involucr\u00f3 en el debate.<\/h3>\n<p>&nbsp;<\/p>\n<p>&nbsp;<\/p>\n<p>&nbsp;<\/p>\n<p>&nbsp;<\/p>\n<p>&nbsp;<\/p>\n<p>&nbsp;<\/p>\n","protected":false},"excerpt":{"rendered":"<p>El presidente Javier Milei rechaz\u00f3 hoy la posibilidad de fijar un nuevo Salario m\u00ednimo, Vital&#8230;<\/p>\n","protected":false},"author":1,"featured_media":6076,"comment_status":"closed","ping_status":"closed","sticky":false,"template":"","format":"standard","meta":{"footnotes":""},"categories":[5],"tags":[],"class_list":["post-11821","post","type-post","status-publish","format-standard","has-post-thumbnail","hentry","category-nacionales-internacionales"],"yoast_head":"<!-- This site is optimized with the Yoast SEO plugin v26.1.1 - https:\/\/yoast.com\/wordpress\/plugins\/seo\/ -->\n<title>MILEI DESCART\u00d3 AUMENTAR EL SALARIO M\u00cdNIMO POR DECRETO Y CONVOCAR A UNA PARITARIA NACIONAL DOCENTE - Apuntes de San Luis<\/title>\n<meta name=\"robots\" content=\"index, follow, max-snippet:-1, max-image-preview:large, max-video-preview:-1\" \/>\n<link rel=\"canonical\" href=\"https:\/\/apuntesdesanluis.com\/index.php\/2024\/02\/16\/milei-descarto-aumentar-el-salario-minimo-por-decreto-y-convocar-a-una-paritaria-nacional-docente\/\" \/>\n<meta property=\"og:locale\" content=\"es_ES\" \/>\n<meta property=\"og:type\" content=\"article\" \/>\n<meta property=\"og:title\" content=\"MILEI DESCART\u00d3 AUMENTAR EL SALARIO M\u00cdNIMO POR DECRETO Y CONVOCAR A UNA PARITARIA NACIONAL DOCENTE - Apuntes de San Luis\" \/>\n<meta property=\"og:description\" content=\"El presidente Javier Milei rechaz\u00f3 hoy la posibilidad de fijar un nuevo Salario m\u00ednimo, Vital...\" \/>\n<meta property=\"og:url\" content=\"https:\/\/apuntesdesanluis.com\/index.php\/2024\/02\/16\/milei-descarto-aumentar-el-salario-minimo-por-decreto-y-convocar-a-una-paritaria-nacional-docente\/\" \/>\n<meta property=\"og:site_name\" content=\"Apuntes de San Luis\" \/>\n<meta property=\"article:published_time\" content=\"2024-02-16T23:54:24+00:00\" \/>\n<meta property=\"og:image\" content=\"https:\/\/apuntesdesanluis.com\/wp-content\/uploads\/2023\/10\/milei-6.png\" \/>\n\t<meta property=\"og:image:width\" content=\"854\" \/>\n\t<meta property=\"og:image:height\" content=\"531\" \/>\n\t<meta property=\"og:image:type\" content=\"image\/png\" \/>\n<meta name=\"author\" content=\"apuntesdesanluis.com\" \/>\n<meta name=\"twitter:card\" content=\"summary_large_image\" \/>\n<meta name=\"twitter:label1\" content=\"Escrito por\" \/>\n\t<meta name=\"twitter:data1\" content=\"apuntesdesanluis.com\" \/>\n\t<meta name=\"twitter:label2\" content=\"Tiempo de lectura\" \/>\n\t<meta name=\"twitter:data2\" content=\"2 minutos\" \/>\n<script type=\"application\/ld+json\" class=\"yoast-schema-graph\">{\"@context\":\"https:\/\/schema.org\",\"@graph\":[{\"@type\":\"Article\",\"@id\":\"https:\/\/apuntesdesanluis.com\/index.php\/2024\/02\/16\/milei-descarto-aumentar-el-salario-minimo-por-decreto-y-convocar-a-una-paritaria-nacional-docente\/#article\",\"isPartOf\":{\"@id\":\"https:\/\/apuntesdesanluis.com\/index.php\/2024\/02\/16\/milei-descarto-aumentar-el-salario-minimo-por-decreto-y-convocar-a-una-paritaria-nacional-docente\/\"},\"author\":{\"name\":\"apuntesdesanluis.com\",\"@id\":\"https:\/\/apuntesdesanluis.com\/#\/schema\/person\/b55151d52296fcce64d1a72538a70b90\"},\"headline\":\"MILEI DESCART\u00d3 AUMENTAR EL SALARIO M\u00cdNIMO POR DECRETO Y CONVOCAR A UNA PARITARIA NACIONAL DOCENTE\",\"datePublished\":\"2024-02-16T23:54:24+00:00\",\"mainEntityOfPage\":{\"@id\":\"https:\/\/apuntesdesanluis.com\/index.php\/2024\/02\/16\/milei-descarto-aumentar-el-salario-minimo-por-decreto-y-convocar-a-una-paritaria-nacional-docente\/\"},\"wordCount\":423,\"publisher\":{\"@id\":\"https:\/\/apuntesdesanluis.com\/#\/schema\/person\/b55151d52296fcce64d1a72538a70b90\"},\"image\":{\"@id\":\"https:\/\/apuntesdesanluis.com\/index.php\/2024\/02\/16\/milei-descarto-aumentar-el-salario-minimo-por-decreto-y-convocar-a-una-paritaria-nacional-docente\/#primaryimage\"},\"thumbnailUrl\":\"https:\/\/apuntesdesanluis.com\/wp-content\/uploads\/2023\/10\/milei-6.png\",\"articleSection\":[\"Nacionales\/Internacionales\"],\"inLanguage\":\"es-AR\"},{\"@type\":\"WebPage\",\"@id\":\"https:\/\/apuntesdesanluis.com\/index.php\/2024\/02\/16\/milei-descarto-aumentar-el-salario-minimo-por-decreto-y-convocar-a-una-paritaria-nacional-docente\/\",\"url\":\"https:\/\/apuntesdesanluis.com\/index.php\/2024\/02\/16\/milei-descarto-aumentar-el-salario-minimo-por-decreto-y-convocar-a-una-paritaria-nacional-docente\/\",\"name\":\"MILEI DESCART\u00d3 AUMENTAR EL SALARIO M\u00cdNIMO POR DECRETO Y CONVOCAR A UNA PARITARIA NACIONAL DOCENTE - Apuntes de San Luis\",\"isPartOf\":{\"@id\":\"https:\/\/apuntesdesanluis.com\/#website\"},\"primaryImageOfPage\":{\"@id\":\"https:\/\/apuntesdesanluis.com\/index.php\/2024\/02\/16\/milei-descarto-aumentar-el-salario-minimo-por-decreto-y-convocar-a-una-paritaria-nacional-docente\/#primaryimage\"},\"image\":{\"@id\":\"https:\/\/apuntesdesanluis.com\/index.php\/2024\/02\/16\/milei-descarto-aumentar-el-salario-minimo-por-decreto-y-convocar-a-una-paritaria-nacional-docente\/#primaryimage\"},\"thumbnailUrl\":\"https:\/\/apuntesdesanluis.com\/wp-content\/uploads\/2023\/10\/milei-6.png\",\"datePublished\":\"2024-02-16T23:54:24+00:00\",\"breadcrumb\":{\"@id\":\"https:\/\/apuntesdesanluis.com\/index.php\/2024\/02\/16\/milei-descarto-aumentar-el-salario-minimo-por-decreto-y-convocar-a-una-paritaria-nacional-docente\/#breadcrumb\"},\"inLanguage\":\"es-AR\",\"potentialAction\":[{\"@type\":\"ReadAction\",\"target\":[\"https:\/\/apuntesdesanluis.com\/index.php\/2024\/02\/16\/milei-descarto-aumentar-el-salario-minimo-por-decreto-y-convocar-a-una-paritaria-nacional-docente\/\"]}]},{\"@type\":\"ImageObject\",\"inLanguage\":\"es-AR\",\"@id\":\"https:\/\/apuntesdesanluis.com\/index.php\/2024\/02\/16\/milei-descarto-aumentar-el-salario-minimo-por-decreto-y-convocar-a-una-paritaria-nacional-docente\/#primaryimage\",\"url\":\"https:\/\/apuntesdesanluis.com\/wp-content\/uploads\/2023\/10\/milei-6.png\",\"contentUrl\":\"https:\/\/apuntesdesanluis.com\/wp-content\/uploads\/2023\/10\/milei-6.png\",\"width\":854,\"height\":531},{\"@type\":\"BreadcrumbList\",\"@id\":\"https:\/\/apuntesdesanluis.com\/index.php\/2024\/02\/16\/milei-descarto-aumentar-el-salario-minimo-por-decreto-y-convocar-a-una-paritaria-nacional-docente\/#breadcrumb\",\"itemListElement\":[{\"@type\":\"ListItem\",\"position\":1,\"name\":\"Inicio\",\"item\":\"https:\/\/apuntesdesanluis.com\/\"},{\"@type\":\"ListItem\",\"position\":2,\"name\":\"MILEI DESCART\u00d3 AUMENTAR EL SALARIO M\u00cdNIMO POR DECRETO Y CONVOCAR A UNA PARITARIA NACIONAL DOCENTE\"}]},{\"@type\":\"WebSite\",\"@id\":\"https:\/\/apuntesdesanluis.com\/#website\",\"url\":\"https:\/\/apuntesdesanluis.com\/\",\"name\":\"Apuntes de San Luis\",\"description\":\"\",\"publisher\":{\"@id\":\"https:\/\/apuntesdesanluis.com\/#\/schema\/person\/b55151d52296fcce64d1a72538a70b90\"},\"potentialAction\":[{\"@type\":\"SearchAction\",\"target\":{\"@type\":\"EntryPoint\",\"urlTemplate\":\"https:\/\/apuntesdesanluis.com\/?s={search_term_string}\"},\"query-input\":{\"@type\":\"PropertyValueSpecification\",\"valueRequired\":true,\"valueName\":\"search_term_string\"}}],\"inLanguage\":\"es-AR\"},{\"@type\":[\"Person\",\"Organization\"],\"@id\":\"https:\/\/apuntesdesanluis.com\/#\/schema\/person\/b55151d52296fcce64d1a72538a70b90\",\"name\":\"apuntesdesanluis.com\",\"image\":{\"@type\":\"ImageObject\",\"inLanguage\":\"es-AR\",\"@id\":\"https:\/\/apuntesdesanluis.com\/#\/schema\/person\/image\/\",\"url\":\"https:\/\/apuntesdesanluis.com\/wp-content\/uploads\/2023\/07\/cropped-apuntesdesanluis.png\",\"contentUrl\":\"https:\/\/apuntesdesanluis.com\/wp-content\/uploads\/2023\/07\/cropped-apuntesdesanluis.png\",\"width\":450,\"height\":112,\"caption\":\"apuntesdesanluis.com\"},\"logo\":{\"@id\":\"https:\/\/apuntesdesanluis.com\/#\/schema\/person\/image\/\"},\"sameAs\":[\"https:\/\/apuntesdesanluis.com\"],\"url\":\"https:\/\/apuntesdesanluis.com\/index.php\/author\/apuntesdesanluis-com\/\"}]}<\/script>\n<!-- \/ Yoast SEO plugin. -->","yoast_head_json":{"title":"MILEI DESCART\u00d3 AUMENTAR EL SALARIO M\u00cdNIMO POR DECRETO Y CONVOCAR A UNA PARITARIA NACIONAL DOCENTE - Apuntes de San Luis","robots":{"index":"index","follow":"follow","max-snippet":"max-snippet:-1","max-image-preview":"max-image-preview:large","max-video-preview":"max-video-preview:-1"},"canonical":"https:\/\/apuntesdesanluis.com\/index.php\/2024\/02\/16\/milei-descarto-aumentar-el-salario-minimo-por-decreto-y-convocar-a-una-paritaria-nacional-docente\/","og_locale":"es_ES","og_type":"article","og_title":"MILEI DESCART\u00d3 AUMENTAR EL SALARIO M\u00cdNIMO POR DECRETO Y CONVOCAR A UNA PARITARIA NACIONAL DOCENTE - Apuntes de San Luis","og_description":"El presidente Javier Milei rechaz\u00f3 hoy la posibilidad de fijar un nuevo Salario m\u00ednimo, Vital...","og_url":"https:\/\/apuntesdesanluis.com\/index.php\/2024\/02\/16\/milei-descarto-aumentar-el-salario-minimo-por-decreto-y-convocar-a-una-paritaria-nacional-docente\/","og_site_name":"Apuntes de San Luis","article_published_time":"2024-02-16T23:54:24+00:00","og_image":[{"width":854,"height":531,"url":"https:\/\/apuntesdesanluis.com\/wp-content\/uploads\/2023\/10\/milei-6.png","type":"image\/png"}],"author":"apuntesdesanluis.com","twitter_card":"summary_large_image","twitter_misc":{"Escrito por":"apuntesdesanluis.com","Tiempo de lectura":"2 minutos"},"schema":{"@context":"https:\/\/schema.org","@graph":[{"@type":"Article","@id":"https:\/\/apuntesdesanluis.com\/index.php\/2024\/02\/16\/milei-descarto-aumentar-el-salario-minimo-por-decreto-y-convocar-a-una-paritaria-nacional-docente\/#article","isPartOf":{"@id":"https:\/\/apuntesdesanluis.com\/index.php\/2024\/02\/16\/milei-descarto-aumentar-el-salario-minimo-por-decreto-y-convocar-a-una-paritaria-nacional-docente\/"},"author":{"name":"apuntesdesanluis.com","@id":"https:\/\/apuntesdesanluis.com\/#\/schema\/person\/b55151d52296fcce64d1a72538a70b90"},"headline":"MILEI DESCART\u00d3 AUMENTAR EL SALARIO M\u00cdNIMO POR DECRETO Y CONVOCAR A UNA PARITARIA NACIONAL DOCENTE","datePublished":"2024-02-16T23:54:24+00:00","mainEntityOfPage":{"@id":"https:\/\/apuntesdesanluis.com\/index.php\/2024\/02\/16\/milei-descarto-aumentar-el-salario-minimo-por-decreto-y-convocar-a-una-paritaria-nacional-docente\/"},"wordCount":423,"publisher":{"@id":"https:\/\/apuntesdesanluis.com\/#\/schema\/person\/b55151d52296fcce64d1a72538a70b90"},"image":{"@id":"https:\/\/apuntesdesanluis.com\/index.php\/2024\/02\/16\/milei-descarto-aumentar-el-salario-minimo-por-decreto-y-convocar-a-una-paritaria-nacional-docente\/#primaryimage"},"thumbnailUrl":"https:\/\/apuntesdesanluis.com\/wp-content\/uploads\/2023\/10\/milei-6.png","articleSection":["Nacionales\/Internacionales"],"inLanguage":"es-AR"},{"@type":"WebPage","@id":"https:\/\/apuntesdesanluis.com\/index.php\/2024\/02\/16\/milei-descarto-aumentar-el-salario-minimo-por-decreto-y-convocar-a-una-paritaria-nacional-docente\/","url":"https:\/\/apuntesdesanluis.com\/index.php\/2024\/02\/16\/milei-descarto-aumentar-el-salario-minimo-por-decreto-y-convocar-a-una-paritaria-nacional-docente\/","name":"MILEI DESCART\u00d3 AUMENTAR EL SALARIO M\u00cdNIMO POR DECRETO Y CONVOCAR A UNA PARITARIA NACIONAL DOCENTE - Apuntes de San Luis","isPartOf":{"@id":"https:\/\/apuntesdesanluis.com\/#website"},"primaryImageOfPage":{"@id":"https:\/\/apuntesdesanluis.com\/index.php\/2024\/02\/16\/milei-descarto-aumentar-el-salario-minimo-por-decreto-y-convocar-a-una-paritaria-nacional-docente\/#primaryimage"},"image":{"@id":"https:\/\/apuntesdesanluis.com\/index.php\/2024\/02\/16\/milei-descarto-aumentar-el-salario-minimo-por-decreto-y-convocar-a-una-paritaria-nacional-docente\/#primaryimage"},"thumbnailUrl":"https:\/\/apuntesdesanluis.com\/wp-content\/uploads\/2023\/10\/milei-6.png","datePublished":"2024-02-16T23:54:24+00:00","breadcrumb":{"@id":"https:\/\/apuntesdesanluis.com\/index.php\/2024\/02\/16\/milei-descarto-aumentar-el-salario-minimo-por-decreto-y-convocar-a-una-paritaria-nacional-docente\/#breadcrumb"},"inLanguage":"es-AR","potentialAction":[{"@type":"ReadAction","target":["https:\/\/apuntesdesanluis.com\/index.php\/2024\/02\/16\/milei-descarto-aumentar-el-salario-minimo-por-decreto-y-convocar-a-una-paritaria-nacional-docente\/"]}]},{"@type":"ImageObject","inLanguage":"es-AR","@id":"https:\/\/apuntesdesanluis.com\/index.php\/2024\/02\/16\/milei-descarto-aumentar-el-salario-minimo-por-decreto-y-convocar-a-una-paritaria-nacional-docente\/#primaryimage","url":"https:\/\/apuntesdesanluis.com\/wp-content\/uploads\/2023\/10\/milei-6.png","contentUrl":"https:\/\/apuntesdesanluis.com\/wp-content\/uploads\/2023\/10\/milei-6.png","width":854,"height":531},{"@type":"BreadcrumbList","@id":"https:\/\/apuntesdesanluis.com\/index.php\/2024\/02\/16\/milei-descarto-aumentar-el-salario-minimo-por-decreto-y-convocar-a-una-paritaria-nacional-docente\/#breadcrumb","itemListElement":[{"@type":"ListItem","position":1,"name":"Inicio","item":"https:\/\/apuntesdesanluis.com\/"},{"@type":"ListItem","position":2,"name":"MILEI DESCART\u00d3 AUMENTAR EL SALARIO M\u00cdNIMO POR DECRETO Y CONVOCAR A UNA PARITARIA NACIONAL DOCENTE"}]},{"@type":"WebSite","@id":"https:\/\/apuntesdesanluis.com\/#website","url":"https:\/\/apuntesdesanluis.com\/","name":"Apuntes de San Luis","description":"","publisher":{"@id":"https:\/\/apuntesdesanluis.com\/#\/schema\/person\/b55151d52296fcce64d1a72538a70b90"},"potentialAction":[{"@type":"SearchAction","target":{"@type":"EntryPoint","urlTemplate":"https:\/\/apuntesdesanluis.com\/?s={search_term_string}"},"query-input":{"@type":"PropertyValueSpecification","valueRequired":true,"valueName":"search_term_string"}}],"inLanguage":"es-AR"},{"@type":["Person","Organization"],"@id":"https:\/\/apuntesdesanluis.com\/#\/schema\/person\/b55151d52296fcce64d1a72538a70b90","name":"apuntesdesanluis.com","image":{"@type":"ImageObject","inLanguage":"es-AR","@id":"https:\/\/apuntesdesanluis.com\/#\/schema\/person\/image\/","url":"https:\/\/apuntesdesanluis.com\/wp-content\/uploads\/2023\/07\/cropped-apuntesdesanluis.png","contentUrl":"https:\/\/apuntesdesanluis.com\/wp-content\/uploads\/2023\/07\/cropped-apuntesdesanluis.png","width":450,"height":112,"caption":"apuntesdesanluis.com"},"logo":{"@id":"https:\/\/apuntesdesanluis.com\/#\/schema\/person\/image\/"},"sameAs":["https:\/\/apuntesdesanluis.com"],"url":"https:\/\/apuntesdesanluis.com\/index.php\/author\/apuntesdesanluis-com\/"}]}},"featured_image_urls":{"full":["https:\/\/apuntesdesanluis.com\/wp-content\/uploads\/2023\/10\/milei-6.png",854,531,false],"thumbnail":["https:\/\/apuntesdesanluis.com\/wp-content\/uploads\/2023\/10\/milei-6-150x150.png",150,150,true],"medium":["https:\/\/apuntesdesanluis.com\/wp-content\/uploads\/2023\/10\/milei-6-300x187.png",300,187,true],"medium_large":["https:\/\/apuntesdesanluis.com\/wp-content\/uploads\/2023\/10\/milei-6-768x478.png",640,398,true],"large":["https:\/\/apuntesdesanluis.com\/wp-content\/uploads\/2023\/10\/milei-6.png",640,398,false],"1536x1536":["https:\/\/apuntesdesanluis.com\/wp-content\/uploads\/2023\/10\/milei-6.png",854,531,false],"2048x2048":["https:\/\/apuntesdesanluis.com\/wp-content\/uploads\/2023\/10\/milei-6.png",854,531,false],"newsever-slider-full":["https:\/\/apuntesdesanluis.com\/wp-content\/uploads\/2023\/10\/milei-6.png",854,531,false],"newsever-featured":["https:\/\/apuntesdesanluis.com\/wp-content\/uploads\/2023\/10\/milei-6.png",854,531,false],"newsever-medium":["https:\/\/apuntesdesanluis.com\/wp-content\/uploads\/2023\/10\/milei-6-720x475.png",720,475,true]},"author_info":{"display_name":"apuntesdesanluis.com","author_link":"https:\/\/apuntesdesanluis.com\/index.php\/author\/apuntesdesanluis-com\/"},"category_info":"<a href=\"https:\/\/apuntesdesanluis.com\/index.php\/category\/nacionales-internacionales\/\" rel=\"category tag\">Nacionales\/Internacionales<\/a>","tag_info":"Nacionales\/Internacionales","comment_count":"0","_links":{"self":[{"href":"https:\/\/apuntesdesanluis.com\/index.php\/wp-json\/wp\/v2\/posts\/11821","targetHints":{"allow":["GET"]}}],"collection":[{"href":"https:\/\/apuntesdesanluis.com\/index.php\/wp-json\/wp\/v2\/posts"}],"about":[{"href":"https:\/\/apuntesdesanluis.com\/index.php\/wp-json\/wp\/v2\/types\/post"}],"author":[{"embeddable":true,"href":"https:\/\/apuntesdesanluis.com\/index.php\/wp-json\/wp\/v2\/users\/1"}],"replies":[{"embeddable":true,"href":"https:\/\/apuntesdesanluis.com\/index.php\/wp-json\/wp\/v2\/comments?post=11821"}],"version-history":[{"count":1,"href":"https:\/\/apuntesdesanluis.com\/index.php\/wp-json\/wp\/v2\/posts\/11821\/revisions"}],"predecessor-version":[{"id":11822,"href":"https:\/\/apuntesdesanluis.com\/index.php\/wp-json\/wp\/v2\/posts\/11821\/revisions\/11822"}],"wp:featuredmedia":[{"embeddable":true,"href":"https:\/\/apuntesdesanluis.com\/index.php\/wp-json\/wp\/v2\/media\/6076"}],"wp:attachment":[{"href":"https:\/\/apuntesdesanluis.com\/index.php\/wp-json\/wp\/v2\/media?parent=11821"}],"wp:term":[{"taxonomy":"category","embeddable":true,"href":"https:\/\/apuntesdesanluis.com\/index.php\/wp-json\/wp\/v2\/categories?post=11821"},{"taxonomy":"post_tag","embeddable":true,"href":"https:\/\/apuntesdesanluis.com\/index.php\/wp-json\/wp\/v2\/tags?post=11821"}],"curies":[{"name":"wp","href":"https:\/\/api.w.org\/{rel}","templated":true}]}}