{"id":11826,"date":"2024-02-16T21:45:51","date_gmt":"2024-02-17T00:45:51","guid":{"rendered":"https:\/\/apuntesdesanluis.com\/?p=11826"},"modified":"2024-02-16T21:45:51","modified_gmt":"2024-02-17T00:45:51","slug":"quedo-unificada-la-cgt-san-luis-bajo-la-conduccion-de-garro-y-farias","status":"publish","type":"post","link":"https:\/\/apuntesdesanluis.com\/index.php\/2024\/02\/16\/quedo-unificada-la-cgt-san-luis-bajo-la-conduccion-de-garro-y-farias\/","title":{"rendered":"QUED\u00d3 UNIFICADA LA CGT SAN LUIS BAJO LA CONDUCCI\u00d3N DE GARRO Y FAR\u00cdAS"},"content":{"rendered":"<h3>Despu\u00e9s de m\u00e1s de 30 a\u00f1os, se logr\u00f3 la conformaci\u00f3n de una Lista de Unidad para alcanzar la normalizaci\u00f3n de la <strong>Delegaci\u00f3n Regional de San Luis de la CGT<\/strong>, con la participaci\u00f3n de aproximadamente 60 organizaciones confederadas en un plenario convocado a tal efecto.<\/h3>\n<h3>La entidad madre del gremialismo puntano estar\u00e1 conducida por un binomio a cargo de <strong>Jorge Garro<\/strong>, de UOMRA, y <strong>Jos\u00e9\u00a0<\/strong>Far\u00edas, de Camioneros, quienes ser\u00e1n secretarios\u00a0 generales de la CGT.<\/h3>\n<p><img fetchpriority=\"high\" decoding=\"async\" class=\"wp-image-11829 aligncenter\" src=\"https:\/\/apuntesdesanluis.com\/wp-content\/uploads\/2024\/02\/cgt-san-luis-300x141.png\" alt=\"\" width=\"828\" height=\"389\" srcset=\"https:\/\/apuntesdesanluis.com\/wp-content\/uploads\/2024\/02\/cgt-san-luis-300x141.png 300w, https:\/\/apuntesdesanluis.com\/wp-content\/uploads\/2024\/02\/cgt-san-luis.png 600w\" sizes=\"(max-width: 828px) 100vw, 828px\" \/><\/p>\n<h3>Como secretarios adjuntos fueron elegidos<strong> Adriana Sosa<\/strong> de FONIVA, <strong>Claudio Su\u00e1rez<\/strong> de UPCN y <strong>M\u00f3nica Torres<\/strong> de UATRE.<\/h3>\n<h3>\u201cLuego de casi 2 a\u00f1os de viajar y reunirnos, escucharlos y debatir logramos entender que la unidad vence al conflicto. Despu\u00e9s de muchas d\u00e9cadas, las dos delegaciones regionales de la provincia de San Luis se encuentran normalizadas. Felicitaciones al movimiento obrero m\u00e1s unido que nunca. Sigamos la lucha, gran abrazo\u201d, expres\u00f3 Horacio Otero, Pro secretario de Interior y Coordinador Nacional de la CGT nacional, normalizador de todas las regionales el pa\u00eds.<\/h3>\n<h3><strong>NOTICIA RELACIONADA:<\/strong><\/h3>\n<p><a href=\"https:\/\/apuntesdesanluis.com\/index.php\/2023\/11\/09\/tras-la-normalizacion-la-delegacion-regional-cgt-villa-mercedes-tendra-cuatro-cabezas\/\" target=\"_blank\" rel=\"noopener\"><img decoding=\"async\" class=\"alignnone  wp-image-11827\" src=\"https:\/\/apuntesdesanluis.com\/wp-content\/uploads\/2024\/02\/posteo-6-300x230.png\" alt=\"\" width=\"493\" height=\"378\" srcset=\"https:\/\/apuntesdesanluis.com\/wp-content\/uploads\/2024\/02\/posteo-6-300x230.png 300w, https:\/\/apuntesdesanluis.com\/wp-content\/uploads\/2024\/02\/posteo-6.png 690w\" sizes=\"(max-width: 493px) 100vw, 493px\" \/><\/a><\/p>\n<p>&nbsp;<\/p>\n","protected":false},"excerpt":{"rendered":"<p>Despu\u00e9s de m\u00e1s de 30 a\u00f1os, se logr\u00f3 la conformaci\u00f3n de una Lista de Unidad&#8230;<\/p>\n","protected":false},"author":1,"featured_media":11828,"comment_status":"closed","ping_status":"closed","sticky":false,"template":"","format":"standard","meta":{"footnotes":""},"categories":[6],"tags":[],"class_list":["post-11826","post","type-post","status-publish","format-standard","has-post-thumbnail","hentry","category-ciudad-provincia"],"yoast_head":"<!-- This site is optimized with the Yoast SEO plugin v26.1.1 - https:\/\/yoast.com\/wordpress\/plugins\/seo\/ -->\n<title>QUED\u00d3 UNIFICADA LA CGT SAN LUIS BAJO LA CONDUCCI\u00d3N DE GARRO Y FAR\u00cdAS - Apuntes de San Luis<\/title>\n<meta name=\"robots\" content=\"index, follow, max-snippet:-1, max-image-preview:large, max-video-preview:-1\" \/>\n<link rel=\"canonical\" href=\"https:\/\/apuntesdesanluis.com\/index.php\/2024\/02\/16\/quedo-unificada-la-cgt-san-luis-bajo-la-conduccion-de-garro-y-farias\/\" \/>\n<meta property=\"og:locale\" content=\"es_ES\" \/>\n<meta property=\"og:type\" content=\"article\" \/>\n<meta property=\"og:title\" content=\"QUED\u00d3 UNIFICADA LA CGT SAN LUIS BAJO LA CONDUCCI\u00d3N DE GARRO Y FAR\u00cdAS - Apuntes de San Luis\" \/>\n<meta property=\"og:description\" content=\"Despu\u00e9s de m\u00e1s de 30 a\u00f1os, se logr\u00f3 la conformaci\u00f3n de una Lista de Unidad...\" \/>\n<meta property=\"og:url\" content=\"https:\/\/apuntesdesanluis.com\/index.php\/2024\/02\/16\/quedo-unificada-la-cgt-san-luis-bajo-la-conduccion-de-garro-y-farias\/\" \/>\n<meta property=\"og:site_name\" content=\"Apuntes de San Luis\" \/>\n<meta property=\"article:published_time\" content=\"2024-02-17T00:45:51+00:00\" \/>\n<meta property=\"og:image\" content=\"https:\/\/apuntesdesanluis.com\/wp-content\/uploads\/2024\/02\/conduccion-de-la-cgt.png\" \/>\n\t<meta property=\"og:image:width\" content=\"600\" \/>\n\t<meta property=\"og:image:height\" content=\"405\" \/>\n\t<meta property=\"og:image:type\" content=\"image\/png\" \/>\n<meta name=\"author\" content=\"apuntesdesanluis.com\" \/>\n<meta name=\"twitter:card\" content=\"summary_large_image\" \/>\n<meta name=\"twitter:label1\" content=\"Escrito por\" \/>\n\t<meta name=\"twitter:data1\" content=\"apuntesdesanluis.com\" \/>\n\t<meta name=\"twitter:label2\" content=\"Tiempo de lectura\" \/>\n\t<meta name=\"twitter:data2\" content=\"2 minutos\" \/>\n<script type=\"application\/ld+json\" class=\"yoast-schema-graph\">{\"@context\":\"https:\/\/schema.org\",\"@graph\":[{\"@type\":\"Article\",\"@id\":\"https:\/\/apuntesdesanluis.com\/index.php\/2024\/02\/16\/quedo-unificada-la-cgt-san-luis-bajo-la-conduccion-de-garro-y-farias\/#article\",\"isPartOf\":{\"@id\":\"https:\/\/apuntesdesanluis.com\/index.php\/2024\/02\/16\/quedo-unificada-la-cgt-san-luis-bajo-la-conduccion-de-garro-y-farias\/\"},\"author\":{\"name\":\"apuntesdesanluis.com\",\"@id\":\"https:\/\/apuntesdesanluis.com\/#\/schema\/person\/b55151d52296fcce64d1a72538a70b90\"},\"headline\":\"QUED\u00d3 UNIFICADA LA CGT SAN LUIS BAJO LA CONDUCCI\u00d3N DE GARRO Y FAR\u00cdAS\",\"datePublished\":\"2024-02-17T00:45:51+00:00\",\"mainEntityOfPage\":{\"@id\":\"https:\/\/apuntesdesanluis.com\/index.php\/2024\/02\/16\/quedo-unificada-la-cgt-san-luis-bajo-la-conduccion-de-garro-y-farias\/\"},\"wordCount\":194,\"publisher\":{\"@id\":\"https:\/\/apuntesdesanluis.com\/#\/schema\/person\/b55151d52296fcce64d1a72538a70b90\"},\"image\":{\"@id\":\"https:\/\/apuntesdesanluis.com\/index.php\/2024\/02\/16\/quedo-unificada-la-cgt-san-luis-bajo-la-conduccion-de-garro-y-farias\/#primaryimage\"},\"thumbnailUrl\":\"https:\/\/apuntesdesanluis.com\/wp-content\/uploads\/2024\/02\/conduccion-de-la-cgt.png\",\"articleSection\":[\"Ciudad\/Provincia\"],\"inLanguage\":\"es-AR\"},{\"@type\":\"WebPage\",\"@id\":\"https:\/\/apuntesdesanluis.com\/index.php\/2024\/02\/16\/quedo-unificada-la-cgt-san-luis-bajo-la-conduccion-de-garro-y-farias\/\",\"url\":\"https:\/\/apuntesdesanluis.com\/index.php\/2024\/02\/16\/quedo-unificada-la-cgt-san-luis-bajo-la-conduccion-de-garro-y-farias\/\",\"name\":\"QUED\u00d3 UNIFICADA LA CGT SAN LUIS BAJO LA CONDUCCI\u00d3N DE GARRO Y FAR\u00cdAS - Apuntes de San Luis\",\"isPartOf\":{\"@id\":\"https:\/\/apuntesdesanluis.com\/#website\"},\"primaryImageOfPage\":{\"@id\":\"https:\/\/apuntesdesanluis.com\/index.php\/2024\/02\/16\/quedo-unificada-la-cgt-san-luis-bajo-la-conduccion-de-garro-y-farias\/#primaryimage\"},\"image\":{\"@id\":\"https:\/\/apuntesdesanluis.com\/index.php\/2024\/02\/16\/quedo-unificada-la-cgt-san-luis-bajo-la-conduccion-de-garro-y-farias\/#primaryimage\"},\"thumbnailUrl\":\"https:\/\/apuntesdesanluis.com\/wp-content\/uploads\/2024\/02\/conduccion-de-la-cgt.png\",\"datePublished\":\"2024-02-17T00:45:51+00:00\",\"breadcrumb\":{\"@id\":\"https:\/\/apuntesdesanluis.com\/index.php\/2024\/02\/16\/quedo-unificada-la-cgt-san-luis-bajo-la-conduccion-de-garro-y-farias\/#breadcrumb\"},\"inLanguage\":\"es-AR\",\"potentialAction\":[{\"@type\":\"ReadAction\",\"target\":[\"https:\/\/apuntesdesanluis.com\/index.php\/2024\/02\/16\/quedo-unificada-la-cgt-san-luis-bajo-la-conduccion-de-garro-y-farias\/\"]}]},{\"@type\":\"ImageObject\",\"inLanguage\":\"es-AR\",\"@id\":\"https:\/\/apuntesdesanluis.com\/index.php\/2024\/02\/16\/quedo-unificada-la-cgt-san-luis-bajo-la-conduccion-de-garro-y-farias\/#primaryimage\",\"url\":\"https:\/\/apuntesdesanluis.com\/wp-content\/uploads\/2024\/02\/conduccion-de-la-cgt.png\",\"contentUrl\":\"https:\/\/apuntesdesanluis.com\/wp-content\/uploads\/2024\/02\/conduccion-de-la-cgt.png\",\"width\":600,\"height\":405},{\"@type\":\"BreadcrumbList\",\"@id\":\"https:\/\/apuntesdesanluis.com\/index.php\/2024\/02\/16\/quedo-unificada-la-cgt-san-luis-bajo-la-conduccion-de-garro-y-farias\/#breadcrumb\",\"itemListElement\":[{\"@type\":\"ListItem\",\"position\":1,\"name\":\"Inicio\",\"item\":\"https:\/\/apuntesdesanluis.com\/\"},{\"@type\":\"ListItem\",\"position\":2,\"name\":\"QUED\u00d3 UNIFICADA LA CGT SAN LUIS BAJO LA CONDUCCI\u00d3N DE GARRO Y FAR\u00cdAS\"}]},{\"@type\":\"WebSite\",\"@id\":\"https:\/\/apuntesdesanluis.com\/#website\",\"url\":\"https:\/\/apuntesdesanluis.com\/\",\"name\":\"Apuntes de San Luis\",\"description\":\"\",\"publisher\":{\"@id\":\"https:\/\/apuntesdesanluis.com\/#\/schema\/person\/b55151d52296fcce64d1a72538a70b90\"},\"potentialAction\":[{\"@type\":\"SearchAction\",\"target\":{\"@type\":\"EntryPoint\",\"urlTemplate\":\"https:\/\/apuntesdesanluis.com\/?s={search_term_string}\"},\"query-input\":{\"@type\":\"PropertyValueSpecification\",\"valueRequired\":true,\"valueName\":\"search_term_string\"}}],\"inLanguage\":\"es-AR\"},{\"@type\":[\"Person\",\"Organization\"],\"@id\":\"https:\/\/apuntesdesanluis.com\/#\/schema\/person\/b55151d52296fcce64d1a72538a70b90\",\"name\":\"apuntesdesanluis.com\",\"image\":{\"@type\":\"ImageObject\",\"inLanguage\":\"es-AR\",\"@id\":\"https:\/\/apuntesdesanluis.com\/#\/schema\/person\/image\/\",\"url\":\"https:\/\/apuntesdesanluis.com\/wp-content\/uploads\/2023\/07\/cropped-apuntesdesanluis.png\",\"contentUrl\":\"https:\/\/apuntesdesanluis.com\/wp-content\/uploads\/2023\/07\/cropped-apuntesdesanluis.png\",\"width\":450,\"height\":112,\"caption\":\"apuntesdesanluis.com\"},\"logo\":{\"@id\":\"https:\/\/apuntesdesanluis.com\/#\/schema\/person\/image\/\"},\"sameAs\":[\"https:\/\/apuntesdesanluis.com\"],\"url\":\"https:\/\/apuntesdesanluis.com\/index.php\/author\/apuntesdesanluis-com\/\"}]}<\/script>\n<!-- \/ Yoast SEO plugin. -->","yoast_head_json":{"title":"QUED\u00d3 UNIFICADA LA CGT SAN LUIS BAJO LA CONDUCCI\u00d3N DE GARRO Y FAR\u00cdAS - Apuntes de San Luis","robots":{"index":"index","follow":"follow","max-snippet":"max-snippet:-1","max-image-preview":"max-image-preview:large","max-video-preview":"max-video-preview:-1"},"canonical":"https:\/\/apuntesdesanluis.com\/index.php\/2024\/02\/16\/quedo-unificada-la-cgt-san-luis-bajo-la-conduccion-de-garro-y-farias\/","og_locale":"es_ES","og_type":"article","og_title":"QUED\u00d3 UNIFICADA LA CGT SAN LUIS BAJO LA CONDUCCI\u00d3N DE GARRO Y FAR\u00cdAS - Apuntes de San Luis","og_description":"Despu\u00e9s de m\u00e1s de 30 a\u00f1os, se logr\u00f3 la conformaci\u00f3n de una Lista de Unidad...","og_url":"https:\/\/apuntesdesanluis.com\/index.php\/2024\/02\/16\/quedo-unificada-la-cgt-san-luis-bajo-la-conduccion-de-garro-y-farias\/","og_site_name":"Apuntes de San Luis","article_published_time":"2024-02-17T00:45:51+00:00","og_image":[{"width":600,"height":405,"url":"https:\/\/apuntesdesanluis.com\/wp-content\/uploads\/2024\/02\/conduccion-de-la-cgt.png","type":"image\/png"}],"author":"apuntesdesanluis.com","twitter_card":"summary_large_image","twitter_misc":{"Escrito por":"apuntesdesanluis.com","Tiempo de lectura":"2 minutos"},"schema":{"@context":"https:\/\/schema.org","@graph":[{"@type":"Article","@id":"https:\/\/apuntesdesanluis.com\/index.php\/2024\/02\/16\/quedo-unificada-la-cgt-san-luis-bajo-la-conduccion-de-garro-y-farias\/#article","isPartOf":{"@id":"https:\/\/apuntesdesanluis.com\/index.php\/2024\/02\/16\/quedo-unificada-la-cgt-san-luis-bajo-la-conduccion-de-garro-y-farias\/"},"author":{"name":"apuntesdesanluis.com","@id":"https:\/\/apuntesdesanluis.com\/#\/schema\/person\/b55151d52296fcce64d1a72538a70b90"},"headline":"QUED\u00d3 UNIFICADA LA CGT SAN LUIS BAJO LA CONDUCCI\u00d3N DE GARRO Y FAR\u00cdAS","datePublished":"2024-02-17T00:45:51+00:00","mainEntityOfPage":{"@id":"https:\/\/apuntesdesanluis.com\/index.php\/2024\/02\/16\/quedo-unificada-la-cgt-san-luis-bajo-la-conduccion-de-garro-y-farias\/"},"wordCount":194,"publisher":{"@id":"https:\/\/apuntesdesanluis.com\/#\/schema\/person\/b55151d52296fcce64d1a72538a70b90"},"image":{"@id":"https:\/\/apuntesdesanluis.com\/index.php\/2024\/02\/16\/quedo-unificada-la-cgt-san-luis-bajo-la-conduccion-de-garro-y-farias\/#primaryimage"},"thumbnailUrl":"https:\/\/apuntesdesanluis.com\/wp-content\/uploads\/2024\/02\/conduccion-de-la-cgt.png","articleSection":["Ciudad\/Provincia"],"inLanguage":"es-AR"},{"@type":"WebPage","@id":"https:\/\/apuntesdesanluis.com\/index.php\/2024\/02\/16\/quedo-unificada-la-cgt-san-luis-bajo-la-conduccion-de-garro-y-farias\/","url":"https:\/\/apuntesdesanluis.com\/index.php\/2024\/02\/16\/quedo-unificada-la-cgt-san-luis-bajo-la-conduccion-de-garro-y-farias\/","name":"QUED\u00d3 UNIFICADA LA CGT SAN LUIS BAJO LA CONDUCCI\u00d3N DE GARRO Y FAR\u00cdAS - Apuntes de San Luis","isPartOf":{"@id":"https:\/\/apuntesdesanluis.com\/#website"},"primaryImageOfPage":{"@id":"https:\/\/apuntesdesanluis.com\/index.php\/2024\/02\/16\/quedo-unificada-la-cgt-san-luis-bajo-la-conduccion-de-garro-y-farias\/#primaryimage"},"image":{"@id":"https:\/\/apuntesdesanluis.com\/index.php\/2024\/02\/16\/quedo-unificada-la-cgt-san-luis-bajo-la-conduccion-de-garro-y-farias\/#primaryimage"},"thumbnailUrl":"https:\/\/apuntesdesanluis.com\/wp-content\/uploads\/2024\/02\/conduccion-de-la-cgt.png","datePublished":"2024-02-17T00:45:51+00:00","breadcrumb":{"@id":"https:\/\/apuntesdesanluis.com\/index.php\/2024\/02\/16\/quedo-unificada-la-cgt-san-luis-bajo-la-conduccion-de-garro-y-farias\/#breadcrumb"},"inLanguage":"es-AR","potentialAction":[{"@type":"ReadAction","target":["https:\/\/apuntesdesanluis.com\/index.php\/2024\/02\/16\/quedo-unificada-la-cgt-san-luis-bajo-la-conduccion-de-garro-y-farias\/"]}]},{"@type":"ImageObject","inLanguage":"es-AR","@id":"https:\/\/apuntesdesanluis.com\/index.php\/2024\/02\/16\/quedo-unificada-la-cgt-san-luis-bajo-la-conduccion-de-garro-y-farias\/#primaryimage","url":"https:\/\/apuntesdesanluis.com\/wp-content\/uploads\/2024\/02\/conduccion-de-la-cgt.png","contentUrl":"https:\/\/apuntesdesanluis.com\/wp-content\/uploads\/2024\/02\/conduccion-de-la-cgt.png","width":600,"height":405},{"@type":"BreadcrumbList","@id":"https:\/\/apuntesdesanluis.com\/index.php\/2024\/02\/16\/quedo-unificada-la-cgt-san-luis-bajo-la-conduccion-de-garro-y-farias\/#breadcrumb","itemListElement":[{"@type":"ListItem","position":1,"name":"Inicio","item":"https:\/\/apuntesdesanluis.com\/"},{"@type":"ListItem","position":2,"name":"QUED\u00d3 UNIFICADA LA CGT SAN LUIS BAJO LA CONDUCCI\u00d3N DE GARRO Y FAR\u00cdAS"}]},{"@type":"WebSite","@id":"https:\/\/apuntesdesanluis.com\/#website","url":"https:\/\/apuntesdesanluis.com\/","name":"Apuntes de San Luis","description":"","publisher":{"@id":"https:\/\/apuntesdesanluis.com\/#\/schema\/person\/b55151d52296fcce64d1a72538a70b90"},"potentialAction":[{"@type":"SearchAction","target":{"@type":"EntryPoint","urlTemplate":"https:\/\/apuntesdesanluis.com\/?s={search_term_string}"},"query-input":{"@type":"PropertyValueSpecification","valueRequired":true,"valueName":"search_term_string"}}],"inLanguage":"es-AR"},{"@type":["Person","Organization"],"@id":"https:\/\/apuntesdesanluis.com\/#\/schema\/person\/b55151d52296fcce64d1a72538a70b90","name":"apuntesdesanluis.com","image":{"@type":"ImageObject","inLanguage":"es-AR","@id":"https:\/\/apuntesdesanluis.com\/#\/schema\/person\/image\/","url":"https:\/\/apuntesdesanluis.com\/wp-content\/uploads\/2023\/07\/cropped-apuntesdesanluis.png","contentUrl":"https:\/\/apuntesdesanluis.com\/wp-content\/uploads\/2023\/07\/cropped-apuntesdesanluis.png","width":450,"height":112,"caption":"apuntesdesanluis.com"},"logo":{"@id":"https:\/\/apuntesdesanluis.com\/#\/schema\/person\/image\/"},"sameAs":["https:\/\/apuntesdesanluis.com"],"url":"https:\/\/apuntesdesanluis.com\/index.php\/author\/apuntesdesanluis-com\/"}]}},"featured_image_urls":{"full":["https:\/\/apuntesdesanluis.com\/wp-content\/uploads\/2024\/02\/conduccion-de-la-cgt.png",600,405,false],"thumbnail":["https:\/\/apuntesdesanluis.com\/wp-content\/uploads\/2024\/02\/conduccion-de-la-cgt-150x150.png",150,150,true],"medium":["https:\/\/apuntesdesanluis.com\/wp-content\/uploads\/2024\/02\/conduccion-de-la-cgt-300x203.png",300,203,true],"medium_large":["https:\/\/apuntesdesanluis.com\/wp-content\/uploads\/2024\/02\/conduccion-de-la-cgt.png",600,405,false],"large":["https:\/\/apuntesdesanluis.com\/wp-content\/uploads\/2024\/02\/conduccion-de-la-cgt.png",600,405,false],"1536x1536":["https:\/\/apuntesdesanluis.com\/wp-content\/uploads\/2024\/02\/conduccion-de-la-cgt.png",600,405,false],"2048x2048":["https:\/\/apuntesdesanluis.com\/wp-content\/uploads\/2024\/02\/conduccion-de-la-cgt.png",600,405,false],"newsever-slider-full":["https:\/\/apuntesdesanluis.com\/wp-content\/uploads\/2024\/02\/conduccion-de-la-cgt.png",600,405,false],"newsever-featured":["https:\/\/apuntesdesanluis.com\/wp-content\/uploads\/2024\/02\/conduccion-de-la-cgt.png",600,405,false],"newsever-medium":["https:\/\/apuntesdesanluis.com\/wp-content\/uploads\/2024\/02\/conduccion-de-la-cgt.png",600,405,false]},"author_info":{"display_name":"apuntesdesanluis.com","author_link":"https:\/\/apuntesdesanluis.com\/index.php\/author\/apuntesdesanluis-com\/"},"category_info":"<a href=\"https:\/\/apuntesdesanluis.com\/index.php\/category\/ciudad-provincia\/\" rel=\"category tag\">Ciudad\/Provincia<\/a>","tag_info":"Ciudad\/Provincia","comment_count":"0","_links":{"self":[{"href":"https:\/\/apuntesdesanluis.com\/index.php\/wp-json\/wp\/v2\/posts\/11826","targetHints":{"allow":["GET"]}}],"collection":[{"href":"https:\/\/apuntesdesanluis.com\/index.php\/wp-json\/wp\/v2\/posts"}],"about":[{"href":"https:\/\/apuntesdesanluis.com\/index.php\/wp-json\/wp\/v2\/types\/post"}],"author":[{"embeddable":true,"href":"https:\/\/apuntesdesanluis.com\/index.php\/wp-json\/wp\/v2\/users\/1"}],"replies":[{"embeddable":true,"href":"https:\/\/apuntesdesanluis.com\/index.php\/wp-json\/wp\/v2\/comments?post=11826"}],"version-history":[{"count":1,"href":"https:\/\/apuntesdesanluis.com\/index.php\/wp-json\/wp\/v2\/posts\/11826\/revisions"}],"predecessor-version":[{"id":11830,"href":"https:\/\/apuntesdesanluis.com\/index.php\/wp-json\/wp\/v2\/posts\/11826\/revisions\/11830"}],"wp:featuredmedia":[{"embeddable":true,"href":"https:\/\/apuntesdesanluis.com\/index.php\/wp-json\/wp\/v2\/media\/11828"}],"wp:attachment":[{"href":"https:\/\/apuntesdesanluis.com\/index.php\/wp-json\/wp\/v2\/media?parent=11826"}],"wp:term":[{"taxonomy":"category","embeddable":true,"href":"https:\/\/apuntesdesanluis.com\/index.php\/wp-json\/wp\/v2\/categories?post=11826"},{"taxonomy":"post_tag","embeddable":true,"href":"https:\/\/apuntesdesanluis.com\/index.php\/wp-json\/wp\/v2\/tags?post=11826"}],"curies":[{"name":"wp","href":"https:\/\/api.w.org\/{rel}","templated":true}]}}