{"id":11836,"date":"2024-02-16T22:21:52","date_gmt":"2024-02-17T01:21:52","guid":{"rendered":"https:\/\/apuntesdesanluis.com\/?p=11836"},"modified":"2024-02-16T22:21:52","modified_gmt":"2024-02-17T01:21:52","slug":"gobierno-twitter-preocupa-en-un-sector-del-gabinete-el-algoritmo-de-yrigoyen-que-le-arman-a-milei","status":"publish","type":"post","link":"https:\/\/apuntesdesanluis.com\/index.php\/2024\/02\/16\/gobierno-twitter-preocupa-en-un-sector-del-gabinete-el-algoritmo-de-yrigoyen-que-le-arman-a-milei\/","title":{"rendered":"GOBIERNO TWITTER: PREOCUPA EN UN SECTOR DEL GABINETE EL &#8220;ALGORITMO DE YRIGOYEN&#8221; QUE LE ARMAN A MILEI"},"content":{"rendered":"<h3>Creen que el presidente est\u00e1 adicto a las redes y consume una realidad adulterada por sus propios trolls. Apuntan a la comunidad del bosque.<\/h3>\n<h3>En el gobierno comenz\u00f3 a circular el concepto del &#8220;algoritmo de Yrigoyen&#8221; ante la notoria adicci\u00f3n de <strong>Javier Milei<\/strong> a las redes sociales y su contenido basura.\u00a0 En alusi\u00f3n al concepto \u201cel diario de Irigoyen\u201d, que alude a las noticias que le suelen acercar a los gobernantes los miembros m\u00e1s cercanos, con noticias alteradas o ajustadas que marcan positivamente lo que hace,\u00a0 pero alejadas de la realidad.<\/h3>\n<h3>El sitio La Pol\u00edtica Online explic\u00f3 que el presidente le pone like a cientos de tuits por d\u00eda y que en su mayor\u00eda elige publicaciones de los propios trolls libertarios que inundan el timeline de contenido, con el que acomodan la realidad a semejanza de Milei.<\/h3>\n<h3>El Jefe de Estado no s\u00f3lo retuitea im\u00e1genes de s\u00ed mismo falseadas con inteligencia artificial en la que se lo ve m\u00e1s joven y atl\u00e9tico y hasta con el cuerpo de un le\u00f3n, sino que reproduce material adulterado para su conveniencia.<\/h3>\n<h3>El jueves falt\u00f3 a la reuni\u00f3n de gabinete por la ma\u00f1ana, cuando se registr\u00f3 la hora pico de sus likes: coloc\u00f3 87 en tan s\u00f3lo una hora. Significa que estuvo concentrado \u00fanicamente en las redes. Tambi\u00e9n se queda faveando tuits de madrugada, lo que configura un comportamiento t\u00edpicamente adictivo.<\/h3>\n<h3>La consultora Ad Hoc midi\u00f3 que durante el mi\u00e9rcoles, tres de cada cinco conceptos asociados a Milei en las redes se refirieron a sus cruces con Lali Esp\u00f3sito. &#8220;Ni el dato de inflaci\u00f3n ni la carta de CFK modifican la agenda de conversaci\u00f3n p\u00fablica propuesta por el Presidente&#8221;, dijeron en la consultora, en donde se preguntaron si era una estrategia o casualidad.<\/h3>\n<h3>Lo que preocupa al gabinete no es que los militantes de Milei lo ayuden a instalar pol\u00e9micas sino que \u00e9l mismo se las crea. Por eso llam\u00f3 la atenci\u00f3n que difundiera una encuesta realizada por el grupo Break Point, manejado por Los I\u00f1akis, que &#8220;revel\u00f3&#8221; que Milei tiene un 96% de apoyo contra el 4% de &#8220;Lali Dep\u00f3sito&#8221;. Es decir, una encuesta inflada hasta lo incre\u00edble, fabricada por su entorno, y el presi le da veracidad\u2026<\/h3>\n<h3>La madriguera que funciona como usina del algoritmo de Yrigoyen est\u00e1 en el Sal\u00f3n de las Mujeres del primer piso de la Rosada. All\u00ed se atrincher\u00f3 la banda del Counter de Los I\u00f1akis, tambi\u00e9n conocida como &#8220;la comunidad del bosque&#8221;, luego de la defensa que hicieron contra el hashtag &#8220;presiduende&#8221; con el que se intenta mancillar la investidura presidencial. El propio Milei le dio entidad a esos ataques cuando retuit\u00f3 a Los I\u00f1akis que salieron a marcar como falsa una foto del presidente vestido como un duende.<\/h3>\n<h3>Por fuera de lo que se fabrica en el Sal\u00f3n de las Mujeres, en el sistema pol\u00edtico se dieron cuenta que lo \u00fanico que mira Milei son la redes. Por eso, cuando por ejemplo un gobernador quiere hacerle un gui\u00f1o al presidente, publica un tuit y se lo manda.<\/h3>\n<h3>Le pas\u00f3 al gobernador de Entre R\u00edos, Rogelio Frigerio, que hizo declaraciones a favor de la ley \u00f3mnibus y Milei no le dio cabida, hasta que public\u00f3 un tweet y se lo hizo llegar. Reci\u00e9n ah\u00ed Milei se dio por aludido del gesto y le escribi\u00f3 &#8220;Vamos profesor&#8221;. <strong>(LPO)<\/strong><\/h3>\n<p>&nbsp;<\/p>\n<p>&nbsp;<\/p>\n<p>&nbsp;<\/p>\n<p>&nbsp;<\/p>\n<p>&nbsp;<\/p>\n<p>&nbsp;<\/p>\n","protected":false},"excerpt":{"rendered":"<p>Creen que el presidente est\u00e1 adicto a las redes y consume una realidad adulterada por&#8230;<\/p>\n","protected":false},"author":1,"featured_media":11837,"comment_status":"closed","ping_status":"closed","sticky":false,"template":"","format":"standard","meta":{"footnotes":""},"categories":[5],"tags":[],"class_list":["post-11836","post","type-post","status-publish","format-standard","has-post-thumbnail","hentry","category-nacionales-internacionales"],"yoast_head":"<!-- This site is optimized with the Yoast SEO plugin v26.1.1 - https:\/\/yoast.com\/wordpress\/plugins\/seo\/ -->\n<title>GOBIERNO TWITTER: PREOCUPA EN UN SECTOR DEL GABINETE EL &quot;ALGORITMO DE YRIGOYEN&quot; QUE LE ARMAN A MILEI - Apuntes de San Luis<\/title>\n<meta name=\"robots\" content=\"index, follow, max-snippet:-1, max-image-preview:large, max-video-preview:-1\" \/>\n<link rel=\"canonical\" href=\"https:\/\/apuntesdesanluis.com\/index.php\/2024\/02\/16\/gobierno-twitter-preocupa-en-un-sector-del-gabinete-el-algoritmo-de-yrigoyen-que-le-arman-a-milei\/\" \/>\n<meta property=\"og:locale\" content=\"es_ES\" \/>\n<meta property=\"og:type\" content=\"article\" \/>\n<meta property=\"og:title\" content=\"GOBIERNO TWITTER: PREOCUPA EN UN SECTOR DEL GABINETE EL &quot;ALGORITMO DE YRIGOYEN&quot; QUE LE ARMAN A MILEI - Apuntes de San Luis\" \/>\n<meta property=\"og:description\" content=\"Creen que el presidente est\u00e1 adicto a las redes y consume una realidad adulterada por...\" \/>\n<meta property=\"og:url\" content=\"https:\/\/apuntesdesanluis.com\/index.php\/2024\/02\/16\/gobierno-twitter-preocupa-en-un-sector-del-gabinete-el-algoritmo-de-yrigoyen-que-le-arman-a-milei\/\" \/>\n<meta property=\"og:site_name\" content=\"Apuntes de San Luis\" \/>\n<meta property=\"article:published_time\" content=\"2024-02-17T01:21:52+00:00\" \/>\n<meta property=\"og:image\" content=\"https:\/\/apuntesdesanluis.com\/wp-content\/uploads\/2024\/02\/milei-y-las-redes-sociales.png\" \/>\n\t<meta property=\"og:image:width\" content=\"744\" \/>\n\t<meta property=\"og:image:height\" content=\"455\" \/>\n\t<meta property=\"og:image:type\" content=\"image\/png\" \/>\n<meta name=\"author\" content=\"apuntesdesanluis.com\" \/>\n<meta name=\"twitter:card\" content=\"summary_large_image\" \/>\n<meta name=\"twitter:label1\" content=\"Escrito por\" \/>\n\t<meta name=\"twitter:data1\" content=\"apuntesdesanluis.com\" \/>\n\t<meta name=\"twitter:label2\" content=\"Tiempo de lectura\" \/>\n\t<meta name=\"twitter:data2\" content=\"3 minutos\" \/>\n<script type=\"application\/ld+json\" class=\"yoast-schema-graph\">{\"@context\":\"https:\/\/schema.org\",\"@graph\":[{\"@type\":\"Article\",\"@id\":\"https:\/\/apuntesdesanluis.com\/index.php\/2024\/02\/16\/gobierno-twitter-preocupa-en-un-sector-del-gabinete-el-algoritmo-de-yrigoyen-que-le-arman-a-milei\/#article\",\"isPartOf\":{\"@id\":\"https:\/\/apuntesdesanluis.com\/index.php\/2024\/02\/16\/gobierno-twitter-preocupa-en-un-sector-del-gabinete-el-algoritmo-de-yrigoyen-que-le-arman-a-milei\/\"},\"author\":{\"name\":\"apuntesdesanluis.com\",\"@id\":\"https:\/\/apuntesdesanluis.com\/#\/schema\/person\/b55151d52296fcce64d1a72538a70b90\"},\"headline\":\"GOBIERNO TWITTER: PREOCUPA EN UN SECTOR DEL GABINETE EL &#8220;ALGORITMO DE YRIGOYEN&#8221; QUE LE ARMAN A MILEI\",\"datePublished\":\"2024-02-17T01:21:52+00:00\",\"mainEntityOfPage\":{\"@id\":\"https:\/\/apuntesdesanluis.com\/index.php\/2024\/02\/16\/gobierno-twitter-preocupa-en-un-sector-del-gabinete-el-algoritmo-de-yrigoyen-que-le-arman-a-milei\/\"},\"wordCount\":605,\"publisher\":{\"@id\":\"https:\/\/apuntesdesanluis.com\/#\/schema\/person\/b55151d52296fcce64d1a72538a70b90\"},\"image\":{\"@id\":\"https:\/\/apuntesdesanluis.com\/index.php\/2024\/02\/16\/gobierno-twitter-preocupa-en-un-sector-del-gabinete-el-algoritmo-de-yrigoyen-que-le-arman-a-milei\/#primaryimage\"},\"thumbnailUrl\":\"https:\/\/apuntesdesanluis.com\/wp-content\/uploads\/2024\/02\/milei-y-las-redes-sociales.png\",\"articleSection\":[\"Nacionales\/Internacionales\"],\"inLanguage\":\"es-AR\"},{\"@type\":\"WebPage\",\"@id\":\"https:\/\/apuntesdesanluis.com\/index.php\/2024\/02\/16\/gobierno-twitter-preocupa-en-un-sector-del-gabinete-el-algoritmo-de-yrigoyen-que-le-arman-a-milei\/\",\"url\":\"https:\/\/apuntesdesanluis.com\/index.php\/2024\/02\/16\/gobierno-twitter-preocupa-en-un-sector-del-gabinete-el-algoritmo-de-yrigoyen-que-le-arman-a-milei\/\",\"name\":\"GOBIERNO TWITTER: PREOCUPA EN UN SECTOR DEL GABINETE EL \\\"ALGORITMO DE YRIGOYEN\\\" QUE LE ARMAN A MILEI - Apuntes de San Luis\",\"isPartOf\":{\"@id\":\"https:\/\/apuntesdesanluis.com\/#website\"},\"primaryImageOfPage\":{\"@id\":\"https:\/\/apuntesdesanluis.com\/index.php\/2024\/02\/16\/gobierno-twitter-preocupa-en-un-sector-del-gabinete-el-algoritmo-de-yrigoyen-que-le-arman-a-milei\/#primaryimage\"},\"image\":{\"@id\":\"https:\/\/apuntesdesanluis.com\/index.php\/2024\/02\/16\/gobierno-twitter-preocupa-en-un-sector-del-gabinete-el-algoritmo-de-yrigoyen-que-le-arman-a-milei\/#primaryimage\"},\"thumbnailUrl\":\"https:\/\/apuntesdesanluis.com\/wp-content\/uploads\/2024\/02\/milei-y-las-redes-sociales.png\",\"datePublished\":\"2024-02-17T01:21:52+00:00\",\"breadcrumb\":{\"@id\":\"https:\/\/apuntesdesanluis.com\/index.php\/2024\/02\/16\/gobierno-twitter-preocupa-en-un-sector-del-gabinete-el-algoritmo-de-yrigoyen-que-le-arman-a-milei\/#breadcrumb\"},\"inLanguage\":\"es-AR\",\"potentialAction\":[{\"@type\":\"ReadAction\",\"target\":[\"https:\/\/apuntesdesanluis.com\/index.php\/2024\/02\/16\/gobierno-twitter-preocupa-en-un-sector-del-gabinete-el-algoritmo-de-yrigoyen-que-le-arman-a-milei\/\"]}]},{\"@type\":\"ImageObject\",\"inLanguage\":\"es-AR\",\"@id\":\"https:\/\/apuntesdesanluis.com\/index.php\/2024\/02\/16\/gobierno-twitter-preocupa-en-un-sector-del-gabinete-el-algoritmo-de-yrigoyen-que-le-arman-a-milei\/#primaryimage\",\"url\":\"https:\/\/apuntesdesanluis.com\/wp-content\/uploads\/2024\/02\/milei-y-las-redes-sociales.png\",\"contentUrl\":\"https:\/\/apuntesdesanluis.com\/wp-content\/uploads\/2024\/02\/milei-y-las-redes-sociales.png\",\"width\":744,\"height\":455},{\"@type\":\"BreadcrumbList\",\"@id\":\"https:\/\/apuntesdesanluis.com\/index.php\/2024\/02\/16\/gobierno-twitter-preocupa-en-un-sector-del-gabinete-el-algoritmo-de-yrigoyen-que-le-arman-a-milei\/#breadcrumb\",\"itemListElement\":[{\"@type\":\"ListItem\",\"position\":1,\"name\":\"Inicio\",\"item\":\"https:\/\/apuntesdesanluis.com\/\"},{\"@type\":\"ListItem\",\"position\":2,\"name\":\"GOBIERNO TWITTER: PREOCUPA EN UN SECTOR DEL GABINETE EL &#8220;ALGORITMO DE YRIGOYEN&#8221; QUE LE ARMAN A MILEI\"}]},{\"@type\":\"WebSite\",\"@id\":\"https:\/\/apuntesdesanluis.com\/#website\",\"url\":\"https:\/\/apuntesdesanluis.com\/\",\"name\":\"Apuntes de San Luis\",\"description\":\"\",\"publisher\":{\"@id\":\"https:\/\/apuntesdesanluis.com\/#\/schema\/person\/b55151d52296fcce64d1a72538a70b90\"},\"potentialAction\":[{\"@type\":\"SearchAction\",\"target\":{\"@type\":\"EntryPoint\",\"urlTemplate\":\"https:\/\/apuntesdesanluis.com\/?s={search_term_string}\"},\"query-input\":{\"@type\":\"PropertyValueSpecification\",\"valueRequired\":true,\"valueName\":\"search_term_string\"}}],\"inLanguage\":\"es-AR\"},{\"@type\":[\"Person\",\"Organization\"],\"@id\":\"https:\/\/apuntesdesanluis.com\/#\/schema\/person\/b55151d52296fcce64d1a72538a70b90\",\"name\":\"apuntesdesanluis.com\",\"image\":{\"@type\":\"ImageObject\",\"inLanguage\":\"es-AR\",\"@id\":\"https:\/\/apuntesdesanluis.com\/#\/schema\/person\/image\/\",\"url\":\"https:\/\/apuntesdesanluis.com\/wp-content\/uploads\/2023\/07\/cropped-apuntesdesanluis.png\",\"contentUrl\":\"https:\/\/apuntesdesanluis.com\/wp-content\/uploads\/2023\/07\/cropped-apuntesdesanluis.png\",\"width\":450,\"height\":112,\"caption\":\"apuntesdesanluis.com\"},\"logo\":{\"@id\":\"https:\/\/apuntesdesanluis.com\/#\/schema\/person\/image\/\"},\"sameAs\":[\"https:\/\/apuntesdesanluis.com\"],\"url\":\"https:\/\/apuntesdesanluis.com\/index.php\/author\/apuntesdesanluis-com\/\"}]}<\/script>\n<!-- \/ Yoast SEO plugin. -->","yoast_head_json":{"title":"GOBIERNO TWITTER: PREOCUPA EN UN SECTOR DEL GABINETE EL \"ALGORITMO DE YRIGOYEN\" QUE LE ARMAN A MILEI - Apuntes de San Luis","robots":{"index":"index","follow":"follow","max-snippet":"max-snippet:-1","max-image-preview":"max-image-preview:large","max-video-preview":"max-video-preview:-1"},"canonical":"https:\/\/apuntesdesanluis.com\/index.php\/2024\/02\/16\/gobierno-twitter-preocupa-en-un-sector-del-gabinete-el-algoritmo-de-yrigoyen-que-le-arman-a-milei\/","og_locale":"es_ES","og_type":"article","og_title":"GOBIERNO TWITTER: PREOCUPA EN UN SECTOR DEL GABINETE EL \"ALGORITMO DE YRIGOYEN\" QUE LE ARMAN A MILEI - Apuntes de San Luis","og_description":"Creen que el presidente est\u00e1 adicto a las redes y consume una realidad adulterada por...","og_url":"https:\/\/apuntesdesanluis.com\/index.php\/2024\/02\/16\/gobierno-twitter-preocupa-en-un-sector-del-gabinete-el-algoritmo-de-yrigoyen-que-le-arman-a-milei\/","og_site_name":"Apuntes de San Luis","article_published_time":"2024-02-17T01:21:52+00:00","og_image":[{"width":744,"height":455,"url":"https:\/\/apuntesdesanluis.com\/wp-content\/uploads\/2024\/02\/milei-y-las-redes-sociales.png","type":"image\/png"}],"author":"apuntesdesanluis.com","twitter_card":"summary_large_image","twitter_misc":{"Escrito por":"apuntesdesanluis.com","Tiempo de lectura":"3 minutos"},"schema":{"@context":"https:\/\/schema.org","@graph":[{"@type":"Article","@id":"https:\/\/apuntesdesanluis.com\/index.php\/2024\/02\/16\/gobierno-twitter-preocupa-en-un-sector-del-gabinete-el-algoritmo-de-yrigoyen-que-le-arman-a-milei\/#article","isPartOf":{"@id":"https:\/\/apuntesdesanluis.com\/index.php\/2024\/02\/16\/gobierno-twitter-preocupa-en-un-sector-del-gabinete-el-algoritmo-de-yrigoyen-que-le-arman-a-milei\/"},"author":{"name":"apuntesdesanluis.com","@id":"https:\/\/apuntesdesanluis.com\/#\/schema\/person\/b55151d52296fcce64d1a72538a70b90"},"headline":"GOBIERNO TWITTER: PREOCUPA EN UN SECTOR DEL GABINETE EL &#8220;ALGORITMO DE YRIGOYEN&#8221; QUE LE ARMAN A MILEI","datePublished":"2024-02-17T01:21:52+00:00","mainEntityOfPage":{"@id":"https:\/\/apuntesdesanluis.com\/index.php\/2024\/02\/16\/gobierno-twitter-preocupa-en-un-sector-del-gabinete-el-algoritmo-de-yrigoyen-que-le-arman-a-milei\/"},"wordCount":605,"publisher":{"@id":"https:\/\/apuntesdesanluis.com\/#\/schema\/person\/b55151d52296fcce64d1a72538a70b90"},"image":{"@id":"https:\/\/apuntesdesanluis.com\/index.php\/2024\/02\/16\/gobierno-twitter-preocupa-en-un-sector-del-gabinete-el-algoritmo-de-yrigoyen-que-le-arman-a-milei\/#primaryimage"},"thumbnailUrl":"https:\/\/apuntesdesanluis.com\/wp-content\/uploads\/2024\/02\/milei-y-las-redes-sociales.png","articleSection":["Nacionales\/Internacionales"],"inLanguage":"es-AR"},{"@type":"WebPage","@id":"https:\/\/apuntesdesanluis.com\/index.php\/2024\/02\/16\/gobierno-twitter-preocupa-en-un-sector-del-gabinete-el-algoritmo-de-yrigoyen-que-le-arman-a-milei\/","url":"https:\/\/apuntesdesanluis.com\/index.php\/2024\/02\/16\/gobierno-twitter-preocupa-en-un-sector-del-gabinete-el-algoritmo-de-yrigoyen-que-le-arman-a-milei\/","name":"GOBIERNO TWITTER: PREOCUPA EN UN SECTOR DEL GABINETE EL \"ALGORITMO DE YRIGOYEN\" QUE LE ARMAN A MILEI - Apuntes de San Luis","isPartOf":{"@id":"https:\/\/apuntesdesanluis.com\/#website"},"primaryImageOfPage":{"@id":"https:\/\/apuntesdesanluis.com\/index.php\/2024\/02\/16\/gobierno-twitter-preocupa-en-un-sector-del-gabinete-el-algoritmo-de-yrigoyen-que-le-arman-a-milei\/#primaryimage"},"image":{"@id":"https:\/\/apuntesdesanluis.com\/index.php\/2024\/02\/16\/gobierno-twitter-preocupa-en-un-sector-del-gabinete-el-algoritmo-de-yrigoyen-que-le-arman-a-milei\/#primaryimage"},"thumbnailUrl":"https:\/\/apuntesdesanluis.com\/wp-content\/uploads\/2024\/02\/milei-y-las-redes-sociales.png","datePublished":"2024-02-17T01:21:52+00:00","breadcrumb":{"@id":"https:\/\/apuntesdesanluis.com\/index.php\/2024\/02\/16\/gobierno-twitter-preocupa-en-un-sector-del-gabinete-el-algoritmo-de-yrigoyen-que-le-arman-a-milei\/#breadcrumb"},"inLanguage":"es-AR","potentialAction":[{"@type":"ReadAction","target":["https:\/\/apuntesdesanluis.com\/index.php\/2024\/02\/16\/gobierno-twitter-preocupa-en-un-sector-del-gabinete-el-algoritmo-de-yrigoyen-que-le-arman-a-milei\/"]}]},{"@type":"ImageObject","inLanguage":"es-AR","@id":"https:\/\/apuntesdesanluis.com\/index.php\/2024\/02\/16\/gobierno-twitter-preocupa-en-un-sector-del-gabinete-el-algoritmo-de-yrigoyen-que-le-arman-a-milei\/#primaryimage","url":"https:\/\/apuntesdesanluis.com\/wp-content\/uploads\/2024\/02\/milei-y-las-redes-sociales.png","contentUrl":"https:\/\/apuntesdesanluis.com\/wp-content\/uploads\/2024\/02\/milei-y-las-redes-sociales.png","width":744,"height":455},{"@type":"BreadcrumbList","@id":"https:\/\/apuntesdesanluis.com\/index.php\/2024\/02\/16\/gobierno-twitter-preocupa-en-un-sector-del-gabinete-el-algoritmo-de-yrigoyen-que-le-arman-a-milei\/#breadcrumb","itemListElement":[{"@type":"ListItem","position":1,"name":"Inicio","item":"https:\/\/apuntesdesanluis.com\/"},{"@type":"ListItem","position":2,"name":"GOBIERNO TWITTER: PREOCUPA EN UN SECTOR DEL GABINETE EL &#8220;ALGORITMO DE YRIGOYEN&#8221; QUE LE ARMAN A MILEI"}]},{"@type":"WebSite","@id":"https:\/\/apuntesdesanluis.com\/#website","url":"https:\/\/apuntesdesanluis.com\/","name":"Apuntes de San Luis","description":"","publisher":{"@id":"https:\/\/apuntesdesanluis.com\/#\/schema\/person\/b55151d52296fcce64d1a72538a70b90"},"potentialAction":[{"@type":"SearchAction","target":{"@type":"EntryPoint","urlTemplate":"https:\/\/apuntesdesanluis.com\/?s={search_term_string}"},"query-input":{"@type":"PropertyValueSpecification","valueRequired":true,"valueName":"search_term_string"}}],"inLanguage":"es-AR"},{"@type":["Person","Organization"],"@id":"https:\/\/apuntesdesanluis.com\/#\/schema\/person\/b55151d52296fcce64d1a72538a70b90","name":"apuntesdesanluis.com","image":{"@type":"ImageObject","inLanguage":"es-AR","@id":"https:\/\/apuntesdesanluis.com\/#\/schema\/person\/image\/","url":"https:\/\/apuntesdesanluis.com\/wp-content\/uploads\/2023\/07\/cropped-apuntesdesanluis.png","contentUrl":"https:\/\/apuntesdesanluis.com\/wp-content\/uploads\/2023\/07\/cropped-apuntesdesanluis.png","width":450,"height":112,"caption":"apuntesdesanluis.com"},"logo":{"@id":"https:\/\/apuntesdesanluis.com\/#\/schema\/person\/image\/"},"sameAs":["https:\/\/apuntesdesanluis.com"],"url":"https:\/\/apuntesdesanluis.com\/index.php\/author\/apuntesdesanluis-com\/"}]}},"featured_image_urls":{"full":["https:\/\/apuntesdesanluis.com\/wp-content\/uploads\/2024\/02\/milei-y-las-redes-sociales.png",744,455,false],"thumbnail":["https:\/\/apuntesdesanluis.com\/wp-content\/uploads\/2024\/02\/milei-y-las-redes-sociales-150x150.png",150,150,true],"medium":["https:\/\/apuntesdesanluis.com\/wp-content\/uploads\/2024\/02\/milei-y-las-redes-sociales-300x183.png",300,183,true],"medium_large":["https:\/\/apuntesdesanluis.com\/wp-content\/uploads\/2024\/02\/milei-y-las-redes-sociales.png",640,391,false],"large":["https:\/\/apuntesdesanluis.com\/wp-content\/uploads\/2024\/02\/milei-y-las-redes-sociales.png",640,391,false],"1536x1536":["https:\/\/apuntesdesanluis.com\/wp-content\/uploads\/2024\/02\/milei-y-las-redes-sociales.png",744,455,false],"2048x2048":["https:\/\/apuntesdesanluis.com\/wp-content\/uploads\/2024\/02\/milei-y-las-redes-sociales.png",744,455,false],"newsever-slider-full":["https:\/\/apuntesdesanluis.com\/wp-content\/uploads\/2024\/02\/milei-y-las-redes-sociales.png",744,455,false],"newsever-featured":["https:\/\/apuntesdesanluis.com\/wp-content\/uploads\/2024\/02\/milei-y-las-redes-sociales.png",744,455,false],"newsever-medium":["https:\/\/apuntesdesanluis.com\/wp-content\/uploads\/2024\/02\/milei-y-las-redes-sociales-720x455.png",720,455,true]},"author_info":{"display_name":"apuntesdesanluis.com","author_link":"https:\/\/apuntesdesanluis.com\/index.php\/author\/apuntesdesanluis-com\/"},"category_info":"<a href=\"https:\/\/apuntesdesanluis.com\/index.php\/category\/nacionales-internacionales\/\" rel=\"category tag\">Nacionales\/Internacionales<\/a>","tag_info":"Nacionales\/Internacionales","comment_count":"0","_links":{"self":[{"href":"https:\/\/apuntesdesanluis.com\/index.php\/wp-json\/wp\/v2\/posts\/11836","targetHints":{"allow":["GET"]}}],"collection":[{"href":"https:\/\/apuntesdesanluis.com\/index.php\/wp-json\/wp\/v2\/posts"}],"about":[{"href":"https:\/\/apuntesdesanluis.com\/index.php\/wp-json\/wp\/v2\/types\/post"}],"author":[{"embeddable":true,"href":"https:\/\/apuntesdesanluis.com\/index.php\/wp-json\/wp\/v2\/users\/1"}],"replies":[{"embeddable":true,"href":"https:\/\/apuntesdesanluis.com\/index.php\/wp-json\/wp\/v2\/comments?post=11836"}],"version-history":[{"count":1,"href":"https:\/\/apuntesdesanluis.com\/index.php\/wp-json\/wp\/v2\/posts\/11836\/revisions"}],"predecessor-version":[{"id":11838,"href":"https:\/\/apuntesdesanluis.com\/index.php\/wp-json\/wp\/v2\/posts\/11836\/revisions\/11838"}],"wp:featuredmedia":[{"embeddable":true,"href":"https:\/\/apuntesdesanluis.com\/index.php\/wp-json\/wp\/v2\/media\/11837"}],"wp:attachment":[{"href":"https:\/\/apuntesdesanluis.com\/index.php\/wp-json\/wp\/v2\/media?parent=11836"}],"wp:term":[{"taxonomy":"category","embeddable":true,"href":"https:\/\/apuntesdesanluis.com\/index.php\/wp-json\/wp\/v2\/categories?post=11836"},{"taxonomy":"post_tag","embeddable":true,"href":"https:\/\/apuntesdesanluis.com\/index.php\/wp-json\/wp\/v2\/tags?post=11836"}],"curies":[{"name":"wp","href":"https:\/\/api.w.org\/{rel}","templated":true}]}}