{"id":11839,"date":"2024-02-17T20:25:37","date_gmt":"2024-02-17T23:25:37","guid":{"rendered":"https:\/\/apuntesdesanluis.com\/?p=11839"},"modified":"2024-02-17T20:50:29","modified_gmt":"2024-02-17T23:50:29","slug":"destacan-en-ee-uu-el-original-planteo-de-un-investigador-puntano-sobre-la-geometria-de-las-areas-protegidas","status":"publish","type":"post","link":"https:\/\/apuntesdesanluis.com\/index.php\/2024\/02\/17\/destacan-en-ee-uu-el-original-planteo-de-un-investigador-puntano-sobre-la-geometria-de-las-areas-protegidas\/","title":{"rendered":"DESTACAN EN EE.UU. EL ORIGINAL PLANTEO DE UN INVESTIGADOR PUNTANO SOBRE LA &#8220;GEOMETR\u00cdA DE LAS \u00c1REAS PROTEGIDAS&#8221;"},"content":{"rendered":"<h3><strong>Santiago Schauman<\/strong> se puso a estudiar las \u00e1reas protegidas y sospech\u00f3 que las formas ten\u00edan directa relaci\u00f3n con la conservaci\u00f3n. Sigui\u00f3 estudiando y reforz\u00f3 su punto de vista. Junto a otros investigadores de otras \u00e1reas profundiz\u00f3 su mirada a nivel mundial y escribi\u00f3 un art\u00edculo que fue publicado el a\u00f1o pasado en la revista <strong>Nature Sustainability<\/strong>, con la intenci\u00f3n de \u201ccontribuir en el impacto de pol\u00edticas internacionales en relaci\u00f3n al cuidado y preservaci\u00f3n de estos espacios\u201d.<\/h3>\n<h3>Hasta all\u00ed el resumido trayecto que otros tantos investigadores han seguido, para lograr que sus estudios presenten tal nivel de profundidad y originalidad, que merezcan ser publicados por prestigiosas publicaciones cient\u00edficas, que las exponen y comparten con el mundo acad\u00e9mico. Lo que nunca imagin\u00f3, seguramente, fue que meses m\u00e1s tarde un prestigioso periodista de EE.UU. lo contactar\u00eda para hacer un informe y replicar su planteo en el reconocido diario norteamericano <strong>The Washington Post<\/strong>.<\/h3>\n<p><img fetchpriority=\"high\" decoding=\"async\" class=\"wp-image-11841 aligncenter\" src=\"https:\/\/apuntesdesanluis.com\/wp-content\/uploads\/2024\/02\/articulo-del-capo-300x174.png\" alt=\"\" width=\"602\" height=\"349\" srcset=\"https:\/\/apuntesdesanluis.com\/wp-content\/uploads\/2024\/02\/articulo-del-capo-300x174.png 300w, https:\/\/apuntesdesanluis.com\/wp-content\/uploads\/2024\/02\/articulo-del-capo.png 687w\" sizes=\"(max-width: 602px) 100vw, 602px\" \/><\/p>\n<h3>El peque\u00f1o problema, por as\u00ed llamarlo, y que despert\u00f3 el inter\u00e9s cient\u00edfico a nivel mundial, es que su tesis se anima a contradecir nada menos que el principal objetivo establecido en la <strong>Cumbre de Biodiversidad<\/strong> realizada en Montreal en diciembre de 2022, convocada por Naciones Unidas para fijar \u201cmetas comunes para la conservaci\u00f3n de la biodiversidad global, ya que el estado de conservaci\u00f3n de los espacios repercute a escala planetaria\u201d.<\/h3>\n<h3>Espec\u00edficamente, se estableci\u00f3 que para el a\u00f1o 2030, cada pa\u00eds deber\u00eda conservar el 30% de su territorio con el objetivo de conservar la naturaleza. La investigaci\u00f3n de Schauman y sus colegas pone en debate este objetivo con un argumento muy simple, pero a la vez contundente: los pa\u00edses de todo el mundo informan el porcentaje de superficie dedicada a las \u00e1reas protegidas, pero no detallan qu\u00e9 formas tienen estas \u00e1reas, resalta en su art\u00edculo el Post.<\/h3>\n<h3><strong>\u00bfQU\u00c9 TIENE QUE VER LA GEOMETR\u00cdA?<\/strong><\/h3>\n<h3>La investigaci\u00f3n cient\u00edfica muestra que las \u00e1reas protegidas del mundo est\u00e1n progresivamente m\u00e1s expuestas a las presiones humanas y que estos lugares estar\u00edan en retroceso debido a las actividades del hombre. Este estudio radiografi\u00f3 la geometr\u00eda (forma y tama\u00f1o) y la distribuci\u00f3n de las \u00e1reas protegidas en todo el planeta. La investigaci\u00f3n fue publicada en la revista Nature Sustainability y apunta a contribuir en el impacto de pol\u00edticas internacionales en relaci\u00f3n al cuidado y preservaci\u00f3n de estos espacios, sintetizaba un informe publicado en la web de la UNSL en noviembre \u00faltimo.<\/h3>\n<h3>Su investigaci\u00f3n revel\u00f3 que las \u00e1reas protegidas del mundo est\u00e1n cada vez m\u00e1s expuestas a la presi\u00f3n humana. Esto significa que la naturaleza pura est\u00e1 siendo atravesada por el hombre. El estudio se enfoca en el uso humano de los ecosistemas y en c\u00f3mo las distintas sociedades buscan conservar estos espacios en el contexto de esta acelerada presi\u00f3n humana. La pregunta que lo gu\u00eda es saber en qu\u00e9 estado de conservaci\u00f3n est\u00e1 la naturaleza en los diferentes grandes ambientes del mundo.<\/h3>\n<h3>En un contexto de p\u00e9rdida acelerada de la biodiversidad y la b\u00fasqueda del mantenimiento de los servicios ecosist\u00e9micos que estos ambientes brindan a las sociedades, los pa\u00edses del mundo se reunieron en la Cumbre de Biodiversidad en Montreal 2022 para pautar metas comunes para la conservaci\u00f3n de la biodiversidad global, ya que el estado de conservaci\u00f3n de los espacios repercute a escala planetaria. Puntualmente se estableci\u00f3 que para el a\u00f1o 2030 cada pa\u00eds deber\u00eda conservar el 30% de su territorio con el objetivo de conservar la naturaleza.<\/h3>\n<h3>\u00abEste es un objetivo ambicioso y existen evidencias que expresan que si bien un 30% pareciera mucho, deber\u00eda ser m\u00e1s\u00bb, expres\u00f3 el investigador. A\u00f1adi\u00f3 que \u201ctener el 30% de territorio protegido podr\u00eda no ser suficiente si no se considera la geometr\u00eda de las \u00e1reas protegidas\u201d.<\/h3>\n<p><img decoding=\"async\" class=\"wp-image-11847 aligncenter\" src=\"https:\/\/apuntesdesanluis.com\/wp-content\/uploads\/2024\/02\/formas-300x225.png\" alt=\"\" width=\"692\" height=\"519\" srcset=\"https:\/\/apuntesdesanluis.com\/wp-content\/uploads\/2024\/02\/formas-300x225.png 300w, https:\/\/apuntesdesanluis.com\/wp-content\/uploads\/2024\/02\/formas.png 691w\" sizes=\"(max-width: 692px) 100vw, 692px\" \/><\/p>\n<h5 style=\"text-align: center;\"><em>Tesis: la forma de las \u00e1reas protegidas tiene profundas implicancias en la conservaci\u00f3n de la naturaleza a largo plazo y la sostenibilidad global.<\/em><\/h5>\n<h3>Schauman sostuvo que los pa\u00edses del mundo llenan esos porcentajes de manera muy distinta. Algunos lo hacen con \u00e1reas protegidas grandes y compactas, y otros con espacios peque\u00f1os y fragmentados, expuestos a la presi\u00f3n humana, es decir al espacio no protegido. En un contexto acelerado de presi\u00f3n sobre los ecosistemas naturales, las \u00e1reas protegidas muy pr\u00f3ximas al entorno no protegido van a estar sujetas a una mayor presi\u00f3n humana, reflejada en extracci\u00f3n de recursos, caser\u00eda, desmontes, contaminaci\u00f3n qu\u00edmica y lum\u00ednica, entre otros. Todo tendr\u00e1 impacto sobre esa naturaleza que se pretende conservar.<\/h3>\n<h3>El cient\u00edfico explic\u00f3 que las \u00e1reas m\u00e1s grandes y compactas que alejan las presiones humanas del interior protegido, est\u00e1n en pa\u00edses perif\u00e9ricos o en v\u00edas de desarrollo. Por el contrario y en contraste, la mayor\u00eda de los pa\u00edses desarrollados tienen \u00e1reas protegidas relativamente peque\u00f1as y con formas particularmente complejas, perforadas y fragmentadas. Deber\u00eda de haber una restauraci\u00f3n de esos espacios (\u2026) Las \u00e1reas protegidas m\u00e1s peque\u00f1as y menos compactas se encuentran en los biomas del mundo m\u00e1s cr\u00edticamente amenazados\u00ab, dijo.<\/h3>\n<h3>El becario de la UNSL propone repensar como actuar en relaci\u00f3n a las \u00e1reas protegidas. Hist\u00f3ricamente se ha prestado poca atenci\u00f3n al nivel de contacto e interacci\u00f3n de las tierras protegidas con su entorno no protegido y las implicancias que tiene esto en cuestiones cr\u00edticas, como la penetrabilidad de la influencia humana sobre el ecosistema protegido o el flujo de especies, nutrientes y energ\u00eda en la naturaleza.<\/h3>\n<h3>\u00abNuestro estudio expone a la geometr\u00eda de las \u00e1reas protegidas como un elemento complementario fundamental para la conservaci\u00f3n de la naturaleza a largo plazo y la sostenibilidad global\u00bb, remarca.<\/h3>\n<p><img decoding=\"async\" class=\"wp-image-11845 aligncenter\" src=\"https:\/\/apuntesdesanluis.com\/wp-content\/uploads\/2024\/02\/capo-entreivistado-300x183.png\" alt=\"\" width=\"677\" height=\"413\" srcset=\"https:\/\/apuntesdesanluis.com\/wp-content\/uploads\/2024\/02\/capo-entreivistado-300x183.png 300w, https:\/\/apuntesdesanluis.com\/wp-content\/uploads\/2024\/02\/capo-entreivistado.png 698w\" sizes=\"(max-width: 677px) 100vw, 677px\" \/><\/p>\n<h3><strong>ESTUDIO \u00daNICO EN EL MUNDO<\/strong><\/h3>\n<h3>El estudio de la geometr\u00eda, tama\u00f1o y forma de las \u00e1reas protegidas, el analizar c\u00f3mo son a nivel global y el demostrar su exposici\u00f3n a las presiones humanas, llevan a que este trabajo sea relevante para la comunidad cient\u00edfica mundial. Se trata de un trabajo \u00fanico con un \u00abmensaje potente\u00bb, expres\u00f3 su autor. Presenta una originalidad que hizo implicancias profundas en la naturaleza y en el bienestar humano que hace que haya sido aceptado en Nature Sustainability, una revista espec\u00edfica para hablar de sustentabilidad. \u00abEsto es una plataforma donde te leen cient\u00edficos de todo el mundo\u00bb, dijo. Incluso los periodistas no especializados en la materia.<\/h3>\n<h3>Este estudio pretende contribuir a que este plantea logre tener naturaleza a perpetuidad, en t\u00e9rmino de la existencia humana. \u00abMil a\u00f1os no es nada, y sin embargo dentro de mil a\u00f1os la situaci\u00f3n de presiones humanas ser\u00e1 extremadamente contrastante. El crecimiento poblacional y la explotaci\u00f3n de recursos, cada vez es m\u00e1s acelerado\u00bb, enfatiz\u00f3.<\/h3>\n<h3><strong>\u00bfC\u00d3MO LLLEG\u00d3 AL POST?<\/strong><\/h3>\n<h3>&#8220;El reportero y columnista <strong>Harry Stevens<\/strong> me contact\u00f3. Intercambiamos correos electr\u00f3nicos y tuvimos algunas reuniones virtuales para discutir el trabajo y explorar el fen\u00f3meno en los Estados Unidos, donde se centr\u00f3 el enfoque de la nota. Al contar con opiniones de varios expertos en conservaci\u00f3n estadounidenses, la nota qued\u00f3 muy completa&#8221;, explic\u00f3 Santiago Schauman.<\/h3>\n<h3>El Washington Post public\u00f3 el art\u00edculo <strong>\u201cCan we save nature with crazy shapes?\u201d<\/strong> (\u00bfPodemos salvar la naturaleza con formas\u00a0 locas?), donde hace referencia al trabajo publicado en Nature Sustainability, donde Schauman, Pe\u00f1uelas, Jobb\u00e1gy y Baldi analizan las formas de m\u00e1s de 200.000 \u00e1reas protegidas alrededor del mundo.<\/h3>\n<p><img loading=\"lazy\" decoding=\"async\" class=\"wp-image-11850 aligncenter\" src=\"https:\/\/apuntesdesanluis.com\/wp-content\/uploads\/2024\/02\/flyer-1-300x275.png\" alt=\"\" width=\"629\" height=\"577\" srcset=\"https:\/\/apuntesdesanluis.com\/wp-content\/uploads\/2024\/02\/flyer-1-300x275.png 300w, https:\/\/apuntesdesanluis.com\/wp-content\/uploads\/2024\/02\/flyer-1.png 600w\" sizes=\"(max-width: 629px) 100vw, 629px\" \/><\/p>\n<h3>Se trata de una nota del reportero <strong>Harry Stevens<\/strong> (quien form\u00f3 parte de un equipo de periodistas que gan\u00f3 el Premio Pulitzer 2020), quien consult\u00f3 a varios referentes de la tem\u00e1tica, destacando la importancia de las \u00e1reas protegidas y su incidencia en la protecci\u00f3n de la tierra, la vida silvestre y la naturaleza.<\/h3>\n<h3>El art\u00edculo publicado por el medio norteamericano \u2014en su versi\u00f3n web\u2014 es de car\u00e1cter interactivo y destaca que \u201clas Naciones Unidas quieren preservar el 30 por ciento del h\u00e1bitat natural del mundo\u201d y por ello \u201crealiza un seguimiento del progreso hacia ese objetivo con una base de datos de \u00e1reas protegidas\u201d. Sin embargo, el estudio Schauman y colegas pone en debate este objetivo nacido el 19 de diciembre de 2022.<\/h3>\n<h3>\u00bfPor qu\u00e9? Porque los pa\u00edses de todo el mundo informan el porcentaje de superficie dedicada a las \u00e1reas protegidas, pero no detallan que formas que tienen estas \u00e1reas.<\/h3>\n<p><img loading=\"lazy\" decoding=\"async\" class=\"wp-image-11844 aligncenter\" src=\"https:\/\/apuntesdesanluis.com\/wp-content\/uploads\/2024\/02\/diario-yanqui-300x281.png\" alt=\"\" width=\"541\" height=\"507\" srcset=\"https:\/\/apuntesdesanluis.com\/wp-content\/uploads\/2024\/02\/diario-yanqui-300x281.png 300w, https:\/\/apuntesdesanluis.com\/wp-content\/uploads\/2024\/02\/diario-yanqui.png 643w\" sizes=\"(max-width: 541px) 100vw, 541px\" \/><\/p>\n<h3>Seg\u00fan el reportero del Washington Post, \u201clos autores encontraron muchas \u00e1reas protegidas perforadas con agujeros, como trapos comidos por las polillas. Algunas \u00e1reas son estrechas y contorsionadas y giran como fideos. Otras parecen tableros de ajedrez rotos y derretidos\u201d.<\/h3>\n<h3>Seg\u00fan el becario doctoral del IMASL (CONICET-UNSL), \u201cel tama\u00f1o importa, pero la forma tambi\u00e9n\u201d. No es lo mismo proteger \u00e1reas compactas que buscan alejar las presiones humanas de su interior que \u00e1reas muy pr\u00f3ximas a sus bordes. Schauman y sus colegas descubrieron que un tercio de toda la tierra protegida del mundo est\u00e1 a menos de dos kil\u00f3metros de sus bordes, exponiendo a la vida silvestre a distintos niveles de presi\u00f3n humana.<\/h3>\n<h3>En el art\u00edculo del Washington Post, Schauman permite realizar un recorrido virtual por las extra\u00f1as \u00e1reas protegidas de Estados Unidos. Sin embargo, el becario doctoral del IMASL sostiene que estos patrones pueden encontrarse en todo el planeta.<\/h3>\n<h3>\u201cLas \u00e1reas protegidas muy expuestas a la presi\u00f3n humana pueden dificultar la protecci\u00f3n. Las ciudades y granjas cercanas pueden enviar aguas pluviales contaminadas al agua. El ruido de las carreteras y contaminaci\u00f3n lum\u00ednica puede afectar a la vida silvestre. Las aves pueden chocar con l\u00edneas el\u00e9ctricas y torres celulares, y as\u00ed\u201d, sostuvo remarcando que a medida que la presi\u00f3n sobre los recursos naturales se acelere, la presi\u00f3n sobre \u00e1reas protegidas no har\u00e1 m\u00e1s que aumentar.<\/h3>\n<p><img loading=\"lazy\" decoding=\"async\" class=\"wp-image-11846 aligncenter\" src=\"https:\/\/apuntesdesanluis.com\/wp-content\/uploads\/2024\/02\/area-protegida-300x197.png\" alt=\"\" width=\"603\" height=\"396\" srcset=\"https:\/\/apuntesdesanluis.com\/wp-content\/uploads\/2024\/02\/area-protegida-300x197.png 300w, https:\/\/apuntesdesanluis.com\/wp-content\/uploads\/2024\/02\/area-protegida.png 586w\" sizes=\"(max-width: 603px) 100vw, 603px\" \/><\/p>\n<h3>\u00a0El art\u00edculo finaliza con una pregunta de Harry Stevens \u201c\u00bfGarantizan estas formas la conservaci\u00f3n de la naturaleza a largo plazo? Por un lado, a menudo son las \u00fanicas formas disponibles\u201d. Pero Schauman argumenta que \u201cdebemos al menos reconocer que el gran plan de la ONU para salvar la biodiversidad tiene a menudo menos que ver con preservar vastas extensiones de naturaleza que con reportar un mosaico de pol\u00edgonos contorsionados\u201d.<\/h3>\n<h3><strong>EL AUTOR Y SUS COLEGAS<\/strong><\/h3>\n<h3>Santiago Schauman integra el Grupo de Estudios Ambientales (GEA) del Instituto de Matem\u00e1tica Aplicada San Luis (IMASL), y actualmente realiza el Doctorado en Biolog\u00eda en la Universidad Nacional de San Luis (UNSL) con una beca doctoral del Conicet. Se recibi\u00f3 de Ingeniero Forestal en la Universidad Nacional de La Plata y de M\u00e1ster en Ecolog\u00eda Terrestre en la Universidad Aut\u00f3noma de Barcelona (Espa\u00f1a). Su inter\u00e9s por la naturaleza marca su carrera profesional y actualmente es consultado por cient\u00edficos de todo el mundo al realizar un estudio que involucr\u00f3 a 300 mil \u00e1reas protegidas a nivel global.<\/h3>\n<p><img loading=\"lazy\" decoding=\"async\" class=\"wp-image-11843 aligncenter\" src=\"https:\/\/apuntesdesanluis.com\/wp-content\/uploads\/2024\/02\/capor-x-3-300x256.png\" alt=\"\" width=\"629\" height=\"537\" srcset=\"https:\/\/apuntesdesanluis.com\/wp-content\/uploads\/2024\/02\/capor-x-3-300x256.png 300w, https:\/\/apuntesdesanluis.com\/wp-content\/uploads\/2024\/02\/capor-x-3.png 547w\" sizes=\"(max-width: 629px) 100vw, 629px\" \/><\/p>\n<h3>Junto a Schauman trabajan los investigadores de la UNSL\/Conicet, <strong>Germ\u00e1n Baldi<\/strong> y <strong>Esteban Jobb\u00e1gy<\/strong> (director y codirector de la tesis doctoral), y <strong>Josep Pe\u00f1uelas<\/strong>, un ec\u00f3logo catal\u00e1n del Consejo Superior de Investigaciones Cient\u00edficas de Espa\u00f1a.<\/h3>\n<h3><strong>EL PERIODISTA<\/strong><\/h3>\n<h3><strong>Harry Stevens<\/strong> pertenece al departamento de Clima y Medio Ambiente del The Washington Post como su primer columnista gr\u00e1fico. Es un periodista curioso y codificador experimental. Se uni\u00f3 a The Post en 2019 despu\u00e9s de una ecl\u00e9ctica carrera en periodismo, con per\u00edodos como bloguero, reportero, analista de datos y dise\u00f1ador de infograf\u00edas.<\/h3>\n<p><img loading=\"lazy\" decoding=\"async\" class=\"wp-image-11842 aligncenter\" src=\"https:\/\/apuntesdesanluis.com\/wp-content\/uploads\/2024\/02\/harry-300x294.png\" alt=\"\" width=\"536\" height=\"525\" srcset=\"https:\/\/apuntesdesanluis.com\/wp-content\/uploads\/2024\/02\/harry-300x294.png 300w, https:\/\/apuntesdesanluis.com\/wp-content\/uploads\/2024\/02\/harry.png 426w\" sizes=\"(max-width: 536px) 100vw, 536px\" \/><\/p>\n<h3>Escribi\u00f3 el art\u00edculo m\u00e1s visto en la historia de The Washington Post (una visualizaci\u00f3n innovadora que muestra c\u00f3mo los brotes de enfermedades se propagan exponencialmente y c\u00f3mo aplanar la curva) y trabaj\u00f3 en la serie &#8220;2C: M\u00e1s all\u00e1 del l\u00edmite&#8221;, que gan\u00f3 el Premio Pulitzer por sus explicaciones.<\/h3>\n<h3>Es conocido por visualizar simulaciones de sistemas din\u00e1micos (vistos recientemente en historias sobre secuenciaci\u00f3n del genoma , inmunidad colectiva , votaci\u00f3n por orden de preferencia y redistribuci\u00f3n de distritos ) y por desafiar a los lectores a pensar cr\u00edticamente sobre temas urgentes, como la energ\u00eda nuclear .<\/h3>\n<h3><span style=\"color: #000000;\">Fuentes:<\/span> <em>UNSL \/ Conicet San Luis \/ The Washington Post<\/em><\/h3>\n<p>&nbsp;<\/p>\n<p>&nbsp;<\/p>\n<p>&nbsp;<\/p>\n","protected":false},"excerpt":{"rendered":"<p>Santiago Schauman se puso a estudiar las \u00e1reas protegidas y sospech\u00f3 que las formas ten\u00edan&#8230;<\/p>\n","protected":false},"author":1,"featured_media":11840,"comment_status":"closed","ping_status":"closed","sticky":false,"template":"","format":"standard","meta":{"footnotes":""},"categories":[5],"tags":[],"class_list":["post-11839","post","type-post","status-publish","format-standard","has-post-thumbnail","hentry","category-nacionales-internacionales"],"yoast_head":"<!-- This site is optimized with the Yoast SEO plugin v26.1.1 - https:\/\/yoast.com\/wordpress\/plugins\/seo\/ -->\n<title>DESTACAN EN EE.UU. EL ORIGINAL PLANTEO DE UN INVESTIGADOR PUNTANO SOBRE LA &quot;GEOMETR\u00cdA DE LAS \u00c1REAS PROTEGIDAS&quot; - Apuntes de San Luis<\/title>\n<meta name=\"robots\" content=\"index, follow, max-snippet:-1, max-image-preview:large, max-video-preview:-1\" \/>\n<link rel=\"canonical\" href=\"https:\/\/apuntesdesanluis.com\/index.php\/2024\/02\/17\/destacan-en-ee-uu-el-original-planteo-de-un-investigador-puntano-sobre-la-geometria-de-las-areas-protegidas\/\" \/>\n<meta property=\"og:locale\" content=\"es_ES\" \/>\n<meta property=\"og:type\" content=\"article\" \/>\n<meta property=\"og:title\" content=\"DESTACAN EN EE.UU. EL ORIGINAL PLANTEO DE UN INVESTIGADOR PUNTANO SOBRE LA &quot;GEOMETR\u00cdA DE LAS \u00c1REAS PROTEGIDAS&quot; - Apuntes de San Luis\" \/>\n<meta property=\"og:description\" content=\"Santiago Schauman se puso a estudiar las \u00e1reas protegidas y sospech\u00f3 que las formas ten\u00edan...\" \/>\n<meta property=\"og:url\" content=\"https:\/\/apuntesdesanluis.com\/index.php\/2024\/02\/17\/destacan-en-ee-uu-el-original-planteo-de-un-investigador-puntano-sobre-la-geometria-de-las-areas-protegidas\/\" \/>\n<meta property=\"og:site_name\" content=\"Apuntes de San Luis\" \/>\n<meta property=\"article:published_time\" content=\"2024-02-17T23:25:37+00:00\" \/>\n<meta property=\"article:modified_time\" content=\"2024-02-17T23:50:29+00:00\" \/>\n<meta property=\"og:image\" content=\"https:\/\/apuntesdesanluis.com\/wp-content\/uploads\/2024\/02\/capo.png\" \/>\n\t<meta property=\"og:image:width\" content=\"723\" \/>\n\t<meta property=\"og:image:height\" content=\"439\" \/>\n\t<meta property=\"og:image:type\" content=\"image\/png\" \/>\n<meta name=\"author\" content=\"apuntesdesanluis.com\" \/>\n<meta name=\"twitter:card\" content=\"summary_large_image\" \/>\n<meta name=\"twitter:label1\" content=\"Escrito por\" \/>\n\t<meta name=\"twitter:data1\" content=\"apuntesdesanluis.com\" \/>\n\t<meta name=\"twitter:label2\" content=\"Tiempo de lectura\" \/>\n\t<meta name=\"twitter:data2\" content=\"11 minutos\" \/>\n<script type=\"application\/ld+json\" class=\"yoast-schema-graph\">{\"@context\":\"https:\/\/schema.org\",\"@graph\":[{\"@type\":\"Article\",\"@id\":\"https:\/\/apuntesdesanluis.com\/index.php\/2024\/02\/17\/destacan-en-ee-uu-el-original-planteo-de-un-investigador-puntano-sobre-la-geometria-de-las-areas-protegidas\/#article\",\"isPartOf\":{\"@id\":\"https:\/\/apuntesdesanluis.com\/index.php\/2024\/02\/17\/destacan-en-ee-uu-el-original-planteo-de-un-investigador-puntano-sobre-la-geometria-de-las-areas-protegidas\/\"},\"author\":{\"name\":\"apuntesdesanluis.com\",\"@id\":\"https:\/\/apuntesdesanluis.com\/#\/schema\/person\/b55151d52296fcce64d1a72538a70b90\"},\"headline\":\"DESTACAN EN EE.UU. EL ORIGINAL PLANTEO DE UN INVESTIGADOR PUNTANO SOBRE LA &#8220;GEOMETR\u00cdA DE LAS \u00c1REAS PROTEGIDAS&#8221;\",\"datePublished\":\"2024-02-17T23:25:37+00:00\",\"dateModified\":\"2024-02-17T23:50:29+00:00\",\"mainEntityOfPage\":{\"@id\":\"https:\/\/apuntesdesanluis.com\/index.php\/2024\/02\/17\/destacan-en-ee-uu-el-original-planteo-de-un-investigador-puntano-sobre-la-geometria-de-las-areas-protegidas\/\"},\"wordCount\":2082,\"publisher\":{\"@id\":\"https:\/\/apuntesdesanluis.com\/#\/schema\/person\/b55151d52296fcce64d1a72538a70b90\"},\"image\":{\"@id\":\"https:\/\/apuntesdesanluis.com\/index.php\/2024\/02\/17\/destacan-en-ee-uu-el-original-planteo-de-un-investigador-puntano-sobre-la-geometria-de-las-areas-protegidas\/#primaryimage\"},\"thumbnailUrl\":\"https:\/\/apuntesdesanluis.com\/wp-content\/uploads\/2024\/02\/capo.png\",\"articleSection\":[\"Nacionales\/Internacionales\"],\"inLanguage\":\"es-AR\"},{\"@type\":\"WebPage\",\"@id\":\"https:\/\/apuntesdesanluis.com\/index.php\/2024\/02\/17\/destacan-en-ee-uu-el-original-planteo-de-un-investigador-puntano-sobre-la-geometria-de-las-areas-protegidas\/\",\"url\":\"https:\/\/apuntesdesanluis.com\/index.php\/2024\/02\/17\/destacan-en-ee-uu-el-original-planteo-de-un-investigador-puntano-sobre-la-geometria-de-las-areas-protegidas\/\",\"name\":\"DESTACAN EN EE.UU. EL ORIGINAL PLANTEO DE UN INVESTIGADOR PUNTANO SOBRE LA \\\"GEOMETR\u00cdA DE LAS \u00c1REAS PROTEGIDAS\\\" - Apuntes de San Luis\",\"isPartOf\":{\"@id\":\"https:\/\/apuntesdesanluis.com\/#website\"},\"primaryImageOfPage\":{\"@id\":\"https:\/\/apuntesdesanluis.com\/index.php\/2024\/02\/17\/destacan-en-ee-uu-el-original-planteo-de-un-investigador-puntano-sobre-la-geometria-de-las-areas-protegidas\/#primaryimage\"},\"image\":{\"@id\":\"https:\/\/apuntesdesanluis.com\/index.php\/2024\/02\/17\/destacan-en-ee-uu-el-original-planteo-de-un-investigador-puntano-sobre-la-geometria-de-las-areas-protegidas\/#primaryimage\"},\"thumbnailUrl\":\"https:\/\/apuntesdesanluis.com\/wp-content\/uploads\/2024\/02\/capo.png\",\"datePublished\":\"2024-02-17T23:25:37+00:00\",\"dateModified\":\"2024-02-17T23:50:29+00:00\",\"breadcrumb\":{\"@id\":\"https:\/\/apuntesdesanluis.com\/index.php\/2024\/02\/17\/destacan-en-ee-uu-el-original-planteo-de-un-investigador-puntano-sobre-la-geometria-de-las-areas-protegidas\/#breadcrumb\"},\"inLanguage\":\"es-AR\",\"potentialAction\":[{\"@type\":\"ReadAction\",\"target\":[\"https:\/\/apuntesdesanluis.com\/index.php\/2024\/02\/17\/destacan-en-ee-uu-el-original-planteo-de-un-investigador-puntano-sobre-la-geometria-de-las-areas-protegidas\/\"]}]},{\"@type\":\"ImageObject\",\"inLanguage\":\"es-AR\",\"@id\":\"https:\/\/apuntesdesanluis.com\/index.php\/2024\/02\/17\/destacan-en-ee-uu-el-original-planteo-de-un-investigador-puntano-sobre-la-geometria-de-las-areas-protegidas\/#primaryimage\",\"url\":\"https:\/\/apuntesdesanluis.com\/wp-content\/uploads\/2024\/02\/capo.png\",\"contentUrl\":\"https:\/\/apuntesdesanluis.com\/wp-content\/uploads\/2024\/02\/capo.png\",\"width\":723,\"height\":439},{\"@type\":\"BreadcrumbList\",\"@id\":\"https:\/\/apuntesdesanluis.com\/index.php\/2024\/02\/17\/destacan-en-ee-uu-el-original-planteo-de-un-investigador-puntano-sobre-la-geometria-de-las-areas-protegidas\/#breadcrumb\",\"itemListElement\":[{\"@type\":\"ListItem\",\"position\":1,\"name\":\"Inicio\",\"item\":\"https:\/\/apuntesdesanluis.com\/\"},{\"@type\":\"ListItem\",\"position\":2,\"name\":\"DESTACAN EN EE.UU. EL ORIGINAL PLANTEO DE UN INVESTIGADOR PUNTANO SOBRE LA &#8220;GEOMETR\u00cdA DE LAS \u00c1REAS PROTEGIDAS&#8221;\"}]},{\"@type\":\"WebSite\",\"@id\":\"https:\/\/apuntesdesanluis.com\/#website\",\"url\":\"https:\/\/apuntesdesanluis.com\/\",\"name\":\"Apuntes de San Luis\",\"description\":\"\",\"publisher\":{\"@id\":\"https:\/\/apuntesdesanluis.com\/#\/schema\/person\/b55151d52296fcce64d1a72538a70b90\"},\"potentialAction\":[{\"@type\":\"SearchAction\",\"target\":{\"@type\":\"EntryPoint\",\"urlTemplate\":\"https:\/\/apuntesdesanluis.com\/?s={search_term_string}\"},\"query-input\":{\"@type\":\"PropertyValueSpecification\",\"valueRequired\":true,\"valueName\":\"search_term_string\"}}],\"inLanguage\":\"es-AR\"},{\"@type\":[\"Person\",\"Organization\"],\"@id\":\"https:\/\/apuntesdesanluis.com\/#\/schema\/person\/b55151d52296fcce64d1a72538a70b90\",\"name\":\"apuntesdesanluis.com\",\"image\":{\"@type\":\"ImageObject\",\"inLanguage\":\"es-AR\",\"@id\":\"https:\/\/apuntesdesanluis.com\/#\/schema\/person\/image\/\",\"url\":\"https:\/\/apuntesdesanluis.com\/wp-content\/uploads\/2023\/07\/cropped-apuntesdesanluis.png\",\"contentUrl\":\"https:\/\/apuntesdesanluis.com\/wp-content\/uploads\/2023\/07\/cropped-apuntesdesanluis.png\",\"width\":450,\"height\":112,\"caption\":\"apuntesdesanluis.com\"},\"logo\":{\"@id\":\"https:\/\/apuntesdesanluis.com\/#\/schema\/person\/image\/\"},\"sameAs\":[\"https:\/\/apuntesdesanluis.com\"],\"url\":\"https:\/\/apuntesdesanluis.com\/index.php\/author\/apuntesdesanluis-com\/\"}]}<\/script>\n<!-- \/ Yoast SEO plugin. -->","yoast_head_json":{"title":"DESTACAN EN EE.UU. EL ORIGINAL PLANTEO DE UN INVESTIGADOR PUNTANO SOBRE LA \"GEOMETR\u00cdA DE LAS \u00c1REAS PROTEGIDAS\" - Apuntes de San Luis","robots":{"index":"index","follow":"follow","max-snippet":"max-snippet:-1","max-image-preview":"max-image-preview:large","max-video-preview":"max-video-preview:-1"},"canonical":"https:\/\/apuntesdesanluis.com\/index.php\/2024\/02\/17\/destacan-en-ee-uu-el-original-planteo-de-un-investigador-puntano-sobre-la-geometria-de-las-areas-protegidas\/","og_locale":"es_ES","og_type":"article","og_title":"DESTACAN EN EE.UU. EL ORIGINAL PLANTEO DE UN INVESTIGADOR PUNTANO SOBRE LA \"GEOMETR\u00cdA DE LAS \u00c1REAS PROTEGIDAS\" - Apuntes de San Luis","og_description":"Santiago Schauman se puso a estudiar las \u00e1reas protegidas y sospech\u00f3 que las formas ten\u00edan...","og_url":"https:\/\/apuntesdesanluis.com\/index.php\/2024\/02\/17\/destacan-en-ee-uu-el-original-planteo-de-un-investigador-puntano-sobre-la-geometria-de-las-areas-protegidas\/","og_site_name":"Apuntes de San Luis","article_published_time":"2024-02-17T23:25:37+00:00","article_modified_time":"2024-02-17T23:50:29+00:00","og_image":[{"width":723,"height":439,"url":"https:\/\/apuntesdesanluis.com\/wp-content\/uploads\/2024\/02\/capo.png","type":"image\/png"}],"author":"apuntesdesanluis.com","twitter_card":"summary_large_image","twitter_misc":{"Escrito por":"apuntesdesanluis.com","Tiempo de lectura":"11 minutos"},"schema":{"@context":"https:\/\/schema.org","@graph":[{"@type":"Article","@id":"https:\/\/apuntesdesanluis.com\/index.php\/2024\/02\/17\/destacan-en-ee-uu-el-original-planteo-de-un-investigador-puntano-sobre-la-geometria-de-las-areas-protegidas\/#article","isPartOf":{"@id":"https:\/\/apuntesdesanluis.com\/index.php\/2024\/02\/17\/destacan-en-ee-uu-el-original-planteo-de-un-investigador-puntano-sobre-la-geometria-de-las-areas-protegidas\/"},"author":{"name":"apuntesdesanluis.com","@id":"https:\/\/apuntesdesanluis.com\/#\/schema\/person\/b55151d52296fcce64d1a72538a70b90"},"headline":"DESTACAN EN EE.UU. EL ORIGINAL PLANTEO DE UN INVESTIGADOR PUNTANO SOBRE LA &#8220;GEOMETR\u00cdA DE LAS \u00c1REAS PROTEGIDAS&#8221;","datePublished":"2024-02-17T23:25:37+00:00","dateModified":"2024-02-17T23:50:29+00:00","mainEntityOfPage":{"@id":"https:\/\/apuntesdesanluis.com\/index.php\/2024\/02\/17\/destacan-en-ee-uu-el-original-planteo-de-un-investigador-puntano-sobre-la-geometria-de-las-areas-protegidas\/"},"wordCount":2082,"publisher":{"@id":"https:\/\/apuntesdesanluis.com\/#\/schema\/person\/b55151d52296fcce64d1a72538a70b90"},"image":{"@id":"https:\/\/apuntesdesanluis.com\/index.php\/2024\/02\/17\/destacan-en-ee-uu-el-original-planteo-de-un-investigador-puntano-sobre-la-geometria-de-las-areas-protegidas\/#primaryimage"},"thumbnailUrl":"https:\/\/apuntesdesanluis.com\/wp-content\/uploads\/2024\/02\/capo.png","articleSection":["Nacionales\/Internacionales"],"inLanguage":"es-AR"},{"@type":"WebPage","@id":"https:\/\/apuntesdesanluis.com\/index.php\/2024\/02\/17\/destacan-en-ee-uu-el-original-planteo-de-un-investigador-puntano-sobre-la-geometria-de-las-areas-protegidas\/","url":"https:\/\/apuntesdesanluis.com\/index.php\/2024\/02\/17\/destacan-en-ee-uu-el-original-planteo-de-un-investigador-puntano-sobre-la-geometria-de-las-areas-protegidas\/","name":"DESTACAN EN EE.UU. EL ORIGINAL PLANTEO DE UN INVESTIGADOR PUNTANO SOBRE LA \"GEOMETR\u00cdA DE LAS \u00c1REAS PROTEGIDAS\" - Apuntes de San Luis","isPartOf":{"@id":"https:\/\/apuntesdesanluis.com\/#website"},"primaryImageOfPage":{"@id":"https:\/\/apuntesdesanluis.com\/index.php\/2024\/02\/17\/destacan-en-ee-uu-el-original-planteo-de-un-investigador-puntano-sobre-la-geometria-de-las-areas-protegidas\/#primaryimage"},"image":{"@id":"https:\/\/apuntesdesanluis.com\/index.php\/2024\/02\/17\/destacan-en-ee-uu-el-original-planteo-de-un-investigador-puntano-sobre-la-geometria-de-las-areas-protegidas\/#primaryimage"},"thumbnailUrl":"https:\/\/apuntesdesanluis.com\/wp-content\/uploads\/2024\/02\/capo.png","datePublished":"2024-02-17T23:25:37+00:00","dateModified":"2024-02-17T23:50:29+00:00","breadcrumb":{"@id":"https:\/\/apuntesdesanluis.com\/index.php\/2024\/02\/17\/destacan-en-ee-uu-el-original-planteo-de-un-investigador-puntano-sobre-la-geometria-de-las-areas-protegidas\/#breadcrumb"},"inLanguage":"es-AR","potentialAction":[{"@type":"ReadAction","target":["https:\/\/apuntesdesanluis.com\/index.php\/2024\/02\/17\/destacan-en-ee-uu-el-original-planteo-de-un-investigador-puntano-sobre-la-geometria-de-las-areas-protegidas\/"]}]},{"@type":"ImageObject","inLanguage":"es-AR","@id":"https:\/\/apuntesdesanluis.com\/index.php\/2024\/02\/17\/destacan-en-ee-uu-el-original-planteo-de-un-investigador-puntano-sobre-la-geometria-de-las-areas-protegidas\/#primaryimage","url":"https:\/\/apuntesdesanluis.com\/wp-content\/uploads\/2024\/02\/capo.png","contentUrl":"https:\/\/apuntesdesanluis.com\/wp-content\/uploads\/2024\/02\/capo.png","width":723,"height":439},{"@type":"BreadcrumbList","@id":"https:\/\/apuntesdesanluis.com\/index.php\/2024\/02\/17\/destacan-en-ee-uu-el-original-planteo-de-un-investigador-puntano-sobre-la-geometria-de-las-areas-protegidas\/#breadcrumb","itemListElement":[{"@type":"ListItem","position":1,"name":"Inicio","item":"https:\/\/apuntesdesanluis.com\/"},{"@type":"ListItem","position":2,"name":"DESTACAN EN EE.UU. EL ORIGINAL PLANTEO DE UN INVESTIGADOR PUNTANO SOBRE LA &#8220;GEOMETR\u00cdA DE LAS \u00c1REAS PROTEGIDAS&#8221;"}]},{"@type":"WebSite","@id":"https:\/\/apuntesdesanluis.com\/#website","url":"https:\/\/apuntesdesanluis.com\/","name":"Apuntes de San Luis","description":"","publisher":{"@id":"https:\/\/apuntesdesanluis.com\/#\/schema\/person\/b55151d52296fcce64d1a72538a70b90"},"potentialAction":[{"@type":"SearchAction","target":{"@type":"EntryPoint","urlTemplate":"https:\/\/apuntesdesanluis.com\/?s={search_term_string}"},"query-input":{"@type":"PropertyValueSpecification","valueRequired":true,"valueName":"search_term_string"}}],"inLanguage":"es-AR"},{"@type":["Person","Organization"],"@id":"https:\/\/apuntesdesanluis.com\/#\/schema\/person\/b55151d52296fcce64d1a72538a70b90","name":"apuntesdesanluis.com","image":{"@type":"ImageObject","inLanguage":"es-AR","@id":"https:\/\/apuntesdesanluis.com\/#\/schema\/person\/image\/","url":"https:\/\/apuntesdesanluis.com\/wp-content\/uploads\/2023\/07\/cropped-apuntesdesanluis.png","contentUrl":"https:\/\/apuntesdesanluis.com\/wp-content\/uploads\/2023\/07\/cropped-apuntesdesanluis.png","width":450,"height":112,"caption":"apuntesdesanluis.com"},"logo":{"@id":"https:\/\/apuntesdesanluis.com\/#\/schema\/person\/image\/"},"sameAs":["https:\/\/apuntesdesanluis.com"],"url":"https:\/\/apuntesdesanluis.com\/index.php\/author\/apuntesdesanluis-com\/"}]}},"featured_image_urls":{"full":["https:\/\/apuntesdesanluis.com\/wp-content\/uploads\/2024\/02\/capo.png",723,439,false],"thumbnail":["https:\/\/apuntesdesanluis.com\/wp-content\/uploads\/2024\/02\/capo-150x150.png",150,150,true],"medium":["https:\/\/apuntesdesanluis.com\/wp-content\/uploads\/2024\/02\/capo-300x182.png",300,182,true],"medium_large":["https:\/\/apuntesdesanluis.com\/wp-content\/uploads\/2024\/02\/capo.png",640,389,false],"large":["https:\/\/apuntesdesanluis.com\/wp-content\/uploads\/2024\/02\/capo.png",640,389,false],"1536x1536":["https:\/\/apuntesdesanluis.com\/wp-content\/uploads\/2024\/02\/capo.png",723,439,false],"2048x2048":["https:\/\/apuntesdesanluis.com\/wp-content\/uploads\/2024\/02\/capo.png",723,439,false],"newsever-slider-full":["https:\/\/apuntesdesanluis.com\/wp-content\/uploads\/2024\/02\/capo.png",723,439,false],"newsever-featured":["https:\/\/apuntesdesanluis.com\/wp-content\/uploads\/2024\/02\/capo.png",723,439,false],"newsever-medium":["https:\/\/apuntesdesanluis.com\/wp-content\/uploads\/2024\/02\/capo-720x439.png",720,439,true]},"author_info":{"display_name":"apuntesdesanluis.com","author_link":"https:\/\/apuntesdesanluis.com\/index.php\/author\/apuntesdesanluis-com\/"},"category_info":"<a href=\"https:\/\/apuntesdesanluis.com\/index.php\/category\/nacionales-internacionales\/\" rel=\"category tag\">Nacionales\/Internacionales<\/a>","tag_info":"Nacionales\/Internacionales","comment_count":"0","_links":{"self":[{"href":"https:\/\/apuntesdesanluis.com\/index.php\/wp-json\/wp\/v2\/posts\/11839","targetHints":{"allow":["GET"]}}],"collection":[{"href":"https:\/\/apuntesdesanluis.com\/index.php\/wp-json\/wp\/v2\/posts"}],"about":[{"href":"https:\/\/apuntesdesanluis.com\/index.php\/wp-json\/wp\/v2\/types\/post"}],"author":[{"embeddable":true,"href":"https:\/\/apuntesdesanluis.com\/index.php\/wp-json\/wp\/v2\/users\/1"}],"replies":[{"embeddable":true,"href":"https:\/\/apuntesdesanluis.com\/index.php\/wp-json\/wp\/v2\/comments?post=11839"}],"version-history":[{"count":4,"href":"https:\/\/apuntesdesanluis.com\/index.php\/wp-json\/wp\/v2\/posts\/11839\/revisions"}],"predecessor-version":[{"id":11855,"href":"https:\/\/apuntesdesanluis.com\/index.php\/wp-json\/wp\/v2\/posts\/11839\/revisions\/11855"}],"wp:featuredmedia":[{"embeddable":true,"href":"https:\/\/apuntesdesanluis.com\/index.php\/wp-json\/wp\/v2\/media\/11840"}],"wp:attachment":[{"href":"https:\/\/apuntesdesanluis.com\/index.php\/wp-json\/wp\/v2\/media?parent=11839"}],"wp:term":[{"taxonomy":"category","embeddable":true,"href":"https:\/\/apuntesdesanluis.com\/index.php\/wp-json\/wp\/v2\/categories?post=11839"},{"taxonomy":"post_tag","embeddable":true,"href":"https:\/\/apuntesdesanluis.com\/index.php\/wp-json\/wp\/v2\/tags?post=11839"}],"curies":[{"name":"wp","href":"https:\/\/api.w.org\/{rel}","templated":true}]}}