{"id":11852,"date":"2024-02-17T20:49:37","date_gmt":"2024-02-17T23:49:37","guid":{"rendered":"https:\/\/apuntesdesanluis.com\/?p=11852"},"modified":"2024-02-17T20:49:37","modified_gmt":"2024-02-17T23:49:37","slug":"murio-ricardo-monner-sans-el-abogado-que-denuncio-la-corrupcion-del-menemismo","status":"publish","type":"post","link":"https:\/\/apuntesdesanluis.com\/index.php\/2024\/02\/17\/murio-ricardo-monner-sans-el-abogado-que-denuncio-la-corrupcion-del-menemismo\/","title":{"rendered":"MURI\u00d3 RICARDO MONNER SANS, EL ABOGADO QUE DENUNCI\u00d3 LA CORRUPCI\u00d3N DEL MENEMISMO"},"content":{"rendered":"<h3>El abogado <strong>Ricardo Monner Sans<\/strong>, conocido por haber llevado adelante denuncias de corrupci\u00f3n contra el gobierno del ex presidente Calos Menem, falleci\u00f3 hoy a los 87 a\u00f1os tras una extensa trayectoria en el mundo de derecho.<\/h3>\n<h3>El letrado cobr\u00f3 notoriedad en los &#8217;90 tras denunciar, a partir de una investigaci\u00f3n period\u00edstica, el tr\u00e1fico ilegal de armas a Ecuador y Croacia, pa\u00edses que al estar en guerra no pod\u00edan recibir material b\u00e9lico.<\/h3>\n<h3>Monner Sans tambi\u00e9n investig\u00f3 irregularidades en el PAMI durante la administraci\u00f3n de Matilde Svatetz de Men\u00e9ndez, quien fue titular del organismo entre 1992 y 1994, cuando present\u00f3 la renuncia por numerosas irregularidades en su gesti\u00f3n.<\/h3>\n<h3>El jurista, que fue presidente de la Asociaci\u00f3n Civil Anticorrupci\u00f3n, particip\u00f3 adem\u00e1s en las denuncias contra el ex vicepresidente Amado Boudou por la causa Ciccone y, luego de la reestatizaci\u00f3n de\u00a0 Aerol\u00edneas Argentinas en 2009, apunt\u00f3 contra las autoridades por supuestas irregularidades.<\/h3>\n<h3>El reconocido abogado egres\u00f3 del Colegio Nacional de Buenos Aires y luego curs\u00f3 sus estudios de derecho en la Universidad de Buenos Aires (UBA). Fue un antiguo militante del partido socialista y apasionado del club San Lorenzo de Almagro.<\/h3>\n<h3>\u201cLa abogac\u00eda perdi\u00f3 a un hombre de ley. Ricardo Monner Sans fue un valiente batallador en defensa de la \u00e9tica en la funci\u00f3n p\u00fablica. Un h\u00e1bil polemista y un trabajador del Derecho. Mi p\u00e9same a sus familiares y amigos\u201d, escribi\u00f3 en redes sociales Ricardo Gil Lavedra, presidente del Colegio P\u00fablico de Abogados de la Capital Federal.<\/h3>\n<h3>Tambi\u00e9n lament\u00f3 el fallecimiento la diputada nacional de la Coalici\u00f3n C\u00edvica Marcela Campagnoli y lo expres\u00f3 a trav\u00e9s de un mensaje en su cuenta de X.<\/h3>\n<h3>\u201cUn gran luchador por la transparencia de los actos de gobierno. La lucha contra la corrupci\u00f3n pierde hoy un soldado importante. Muri\u00f3 Ricardo Monner Sans, el abogado que denunci\u00f3 la causa Armas durante el menemismo y casos de corrupci\u00f3n K. QEPD\u201d, manifest\u00f3.<\/h3>\n<h3>La legisladora nacional Paula Oliveto fue otra de las que envi\u00f3 su p\u00e9same por la muerte del letrado. \u201cFalleci\u00f3 el Dr. Ricardo Monner Sans. Denunci\u00f3 la corrupci\u00f3n y se la jug\u00f3 en momentos donde era dif\u00edcil. Mis respetos y cari\u00f1o a su familia\u201d, afirm\u00f3.<\/h3>\n<p>&nbsp;<\/p>\n<p>&nbsp;<\/p>\n","protected":false},"excerpt":{"rendered":"<p>El abogado Ricardo Monner Sans, conocido por haber llevado adelante denuncias de corrupci\u00f3n contra el&#8230;<\/p>\n","protected":false},"author":1,"featured_media":11853,"comment_status":"closed","ping_status":"closed","sticky":false,"template":"","format":"standard","meta":{"footnotes":""},"categories":[5],"tags":[],"class_list":["post-11852","post","type-post","status-publish","format-standard","has-post-thumbnail","hentry","category-nacionales-internacionales"],"yoast_head":"<!-- This site is optimized with the Yoast SEO plugin v26.1.1 - https:\/\/yoast.com\/wordpress\/plugins\/seo\/ -->\n<title>MURI\u00d3 RICARDO MONNER SANS, EL ABOGADO QUE DENUNCI\u00d3 LA CORRUPCI\u00d3N DEL MENEMISMO - Apuntes de San Luis<\/title>\n<meta name=\"robots\" content=\"index, follow, max-snippet:-1, max-image-preview:large, max-video-preview:-1\" \/>\n<link rel=\"canonical\" href=\"https:\/\/apuntesdesanluis.com\/index.php\/2024\/02\/17\/murio-ricardo-monner-sans-el-abogado-que-denuncio-la-corrupcion-del-menemismo\/\" \/>\n<meta property=\"og:locale\" content=\"es_ES\" \/>\n<meta property=\"og:type\" content=\"article\" \/>\n<meta property=\"og:title\" content=\"MURI\u00d3 RICARDO MONNER SANS, EL ABOGADO QUE DENUNCI\u00d3 LA CORRUPCI\u00d3N DEL MENEMISMO - Apuntes de San Luis\" \/>\n<meta property=\"og:description\" content=\"El abogado Ricardo Monner Sans, conocido por haber llevado adelante denuncias de corrupci\u00f3n contra el...\" \/>\n<meta property=\"og:url\" content=\"https:\/\/apuntesdesanluis.com\/index.php\/2024\/02\/17\/murio-ricardo-monner-sans-el-abogado-que-denuncio-la-corrupcion-del-menemismo\/\" \/>\n<meta property=\"og:site_name\" content=\"Apuntes de San Luis\" \/>\n<meta property=\"article:published_time\" content=\"2024-02-17T23:49:37+00:00\" \/>\n<meta property=\"og:image\" content=\"https:\/\/apuntesdesanluis.com\/wp-content\/uploads\/2024\/02\/MONER.png\" \/>\n\t<meta property=\"og:image:width\" content=\"729\" \/>\n\t<meta property=\"og:image:height\" content=\"442\" \/>\n\t<meta property=\"og:image:type\" content=\"image\/png\" \/>\n<meta name=\"author\" content=\"apuntesdesanluis.com\" \/>\n<meta name=\"twitter:card\" content=\"summary_large_image\" \/>\n<meta name=\"twitter:label1\" content=\"Escrito por\" \/>\n\t<meta name=\"twitter:data1\" content=\"apuntesdesanluis.com\" \/>\n\t<meta name=\"twitter:label2\" content=\"Tiempo de lectura\" \/>\n\t<meta name=\"twitter:data2\" content=\"2 minutos\" \/>\n<script type=\"application\/ld+json\" class=\"yoast-schema-graph\">{\"@context\":\"https:\/\/schema.org\",\"@graph\":[{\"@type\":\"Article\",\"@id\":\"https:\/\/apuntesdesanluis.com\/index.php\/2024\/02\/17\/murio-ricardo-monner-sans-el-abogado-que-denuncio-la-corrupcion-del-menemismo\/#article\",\"isPartOf\":{\"@id\":\"https:\/\/apuntesdesanluis.com\/index.php\/2024\/02\/17\/murio-ricardo-monner-sans-el-abogado-que-denuncio-la-corrupcion-del-menemismo\/\"},\"author\":{\"name\":\"apuntesdesanluis.com\",\"@id\":\"https:\/\/apuntesdesanluis.com\/#\/schema\/person\/b55151d52296fcce64d1a72538a70b90\"},\"headline\":\"MURI\u00d3 RICARDO MONNER SANS, EL ABOGADO QUE DENUNCI\u00d3 LA CORRUPCI\u00d3N DEL MENEMISMO\",\"datePublished\":\"2024-02-17T23:49:37+00:00\",\"mainEntityOfPage\":{\"@id\":\"https:\/\/apuntesdesanluis.com\/index.php\/2024\/02\/17\/murio-ricardo-monner-sans-el-abogado-que-denuncio-la-corrupcion-del-menemismo\/\"},\"wordCount\":399,\"publisher\":{\"@id\":\"https:\/\/apuntesdesanluis.com\/#\/schema\/person\/b55151d52296fcce64d1a72538a70b90\"},\"image\":{\"@id\":\"https:\/\/apuntesdesanluis.com\/index.php\/2024\/02\/17\/murio-ricardo-monner-sans-el-abogado-que-denuncio-la-corrupcion-del-menemismo\/#primaryimage\"},\"thumbnailUrl\":\"https:\/\/apuntesdesanluis.com\/wp-content\/uploads\/2024\/02\/MONER.png\",\"articleSection\":[\"Nacionales\/Internacionales\"],\"inLanguage\":\"es-AR\"},{\"@type\":\"WebPage\",\"@id\":\"https:\/\/apuntesdesanluis.com\/index.php\/2024\/02\/17\/murio-ricardo-monner-sans-el-abogado-que-denuncio-la-corrupcion-del-menemismo\/\",\"url\":\"https:\/\/apuntesdesanluis.com\/index.php\/2024\/02\/17\/murio-ricardo-monner-sans-el-abogado-que-denuncio-la-corrupcion-del-menemismo\/\",\"name\":\"MURI\u00d3 RICARDO MONNER SANS, EL ABOGADO QUE DENUNCI\u00d3 LA CORRUPCI\u00d3N DEL MENEMISMO - Apuntes de San Luis\",\"isPartOf\":{\"@id\":\"https:\/\/apuntesdesanluis.com\/#website\"},\"primaryImageOfPage\":{\"@id\":\"https:\/\/apuntesdesanluis.com\/index.php\/2024\/02\/17\/murio-ricardo-monner-sans-el-abogado-que-denuncio-la-corrupcion-del-menemismo\/#primaryimage\"},\"image\":{\"@id\":\"https:\/\/apuntesdesanluis.com\/index.php\/2024\/02\/17\/murio-ricardo-monner-sans-el-abogado-que-denuncio-la-corrupcion-del-menemismo\/#primaryimage\"},\"thumbnailUrl\":\"https:\/\/apuntesdesanluis.com\/wp-content\/uploads\/2024\/02\/MONER.png\",\"datePublished\":\"2024-02-17T23:49:37+00:00\",\"breadcrumb\":{\"@id\":\"https:\/\/apuntesdesanluis.com\/index.php\/2024\/02\/17\/murio-ricardo-monner-sans-el-abogado-que-denuncio-la-corrupcion-del-menemismo\/#breadcrumb\"},\"inLanguage\":\"es-AR\",\"potentialAction\":[{\"@type\":\"ReadAction\",\"target\":[\"https:\/\/apuntesdesanluis.com\/index.php\/2024\/02\/17\/murio-ricardo-monner-sans-el-abogado-que-denuncio-la-corrupcion-del-menemismo\/\"]}]},{\"@type\":\"ImageObject\",\"inLanguage\":\"es-AR\",\"@id\":\"https:\/\/apuntesdesanluis.com\/index.php\/2024\/02\/17\/murio-ricardo-monner-sans-el-abogado-que-denuncio-la-corrupcion-del-menemismo\/#primaryimage\",\"url\":\"https:\/\/apuntesdesanluis.com\/wp-content\/uploads\/2024\/02\/MONER.png\",\"contentUrl\":\"https:\/\/apuntesdesanluis.com\/wp-content\/uploads\/2024\/02\/MONER.png\",\"width\":729,\"height\":442},{\"@type\":\"BreadcrumbList\",\"@id\":\"https:\/\/apuntesdesanluis.com\/index.php\/2024\/02\/17\/murio-ricardo-monner-sans-el-abogado-que-denuncio-la-corrupcion-del-menemismo\/#breadcrumb\",\"itemListElement\":[{\"@type\":\"ListItem\",\"position\":1,\"name\":\"Inicio\",\"item\":\"https:\/\/apuntesdesanluis.com\/\"},{\"@type\":\"ListItem\",\"position\":2,\"name\":\"MURI\u00d3 RICARDO MONNER SANS, EL ABOGADO QUE DENUNCI\u00d3 LA CORRUPCI\u00d3N DEL MENEMISMO\"}]},{\"@type\":\"WebSite\",\"@id\":\"https:\/\/apuntesdesanluis.com\/#website\",\"url\":\"https:\/\/apuntesdesanluis.com\/\",\"name\":\"Apuntes de San Luis\",\"description\":\"\",\"publisher\":{\"@id\":\"https:\/\/apuntesdesanluis.com\/#\/schema\/person\/b55151d52296fcce64d1a72538a70b90\"},\"potentialAction\":[{\"@type\":\"SearchAction\",\"target\":{\"@type\":\"EntryPoint\",\"urlTemplate\":\"https:\/\/apuntesdesanluis.com\/?s={search_term_string}\"},\"query-input\":{\"@type\":\"PropertyValueSpecification\",\"valueRequired\":true,\"valueName\":\"search_term_string\"}}],\"inLanguage\":\"es-AR\"},{\"@type\":[\"Person\",\"Organization\"],\"@id\":\"https:\/\/apuntesdesanluis.com\/#\/schema\/person\/b55151d52296fcce64d1a72538a70b90\",\"name\":\"apuntesdesanluis.com\",\"image\":{\"@type\":\"ImageObject\",\"inLanguage\":\"es-AR\",\"@id\":\"https:\/\/apuntesdesanluis.com\/#\/schema\/person\/image\/\",\"url\":\"https:\/\/apuntesdesanluis.com\/wp-content\/uploads\/2023\/07\/cropped-apuntesdesanluis.png\",\"contentUrl\":\"https:\/\/apuntesdesanluis.com\/wp-content\/uploads\/2023\/07\/cropped-apuntesdesanluis.png\",\"width\":450,\"height\":112,\"caption\":\"apuntesdesanluis.com\"},\"logo\":{\"@id\":\"https:\/\/apuntesdesanluis.com\/#\/schema\/person\/image\/\"},\"sameAs\":[\"https:\/\/apuntesdesanluis.com\"],\"url\":\"https:\/\/apuntesdesanluis.com\/index.php\/author\/apuntesdesanluis-com\/\"}]}<\/script>\n<!-- \/ Yoast SEO plugin. -->","yoast_head_json":{"title":"MURI\u00d3 RICARDO MONNER SANS, EL ABOGADO QUE DENUNCI\u00d3 LA CORRUPCI\u00d3N DEL MENEMISMO - Apuntes de San Luis","robots":{"index":"index","follow":"follow","max-snippet":"max-snippet:-1","max-image-preview":"max-image-preview:large","max-video-preview":"max-video-preview:-1"},"canonical":"https:\/\/apuntesdesanluis.com\/index.php\/2024\/02\/17\/murio-ricardo-monner-sans-el-abogado-que-denuncio-la-corrupcion-del-menemismo\/","og_locale":"es_ES","og_type":"article","og_title":"MURI\u00d3 RICARDO MONNER SANS, EL ABOGADO QUE DENUNCI\u00d3 LA CORRUPCI\u00d3N DEL MENEMISMO - Apuntes de San Luis","og_description":"El abogado Ricardo Monner Sans, conocido por haber llevado adelante denuncias de corrupci\u00f3n contra el...","og_url":"https:\/\/apuntesdesanluis.com\/index.php\/2024\/02\/17\/murio-ricardo-monner-sans-el-abogado-que-denuncio-la-corrupcion-del-menemismo\/","og_site_name":"Apuntes de San Luis","article_published_time":"2024-02-17T23:49:37+00:00","og_image":[{"width":729,"height":442,"url":"https:\/\/apuntesdesanluis.com\/wp-content\/uploads\/2024\/02\/MONER.png","type":"image\/png"}],"author":"apuntesdesanluis.com","twitter_card":"summary_large_image","twitter_misc":{"Escrito por":"apuntesdesanluis.com","Tiempo de lectura":"2 minutos"},"schema":{"@context":"https:\/\/schema.org","@graph":[{"@type":"Article","@id":"https:\/\/apuntesdesanluis.com\/index.php\/2024\/02\/17\/murio-ricardo-monner-sans-el-abogado-que-denuncio-la-corrupcion-del-menemismo\/#article","isPartOf":{"@id":"https:\/\/apuntesdesanluis.com\/index.php\/2024\/02\/17\/murio-ricardo-monner-sans-el-abogado-que-denuncio-la-corrupcion-del-menemismo\/"},"author":{"name":"apuntesdesanluis.com","@id":"https:\/\/apuntesdesanluis.com\/#\/schema\/person\/b55151d52296fcce64d1a72538a70b90"},"headline":"MURI\u00d3 RICARDO MONNER SANS, EL ABOGADO QUE DENUNCI\u00d3 LA CORRUPCI\u00d3N DEL MENEMISMO","datePublished":"2024-02-17T23:49:37+00:00","mainEntityOfPage":{"@id":"https:\/\/apuntesdesanluis.com\/index.php\/2024\/02\/17\/murio-ricardo-monner-sans-el-abogado-que-denuncio-la-corrupcion-del-menemismo\/"},"wordCount":399,"publisher":{"@id":"https:\/\/apuntesdesanluis.com\/#\/schema\/person\/b55151d52296fcce64d1a72538a70b90"},"image":{"@id":"https:\/\/apuntesdesanluis.com\/index.php\/2024\/02\/17\/murio-ricardo-monner-sans-el-abogado-que-denuncio-la-corrupcion-del-menemismo\/#primaryimage"},"thumbnailUrl":"https:\/\/apuntesdesanluis.com\/wp-content\/uploads\/2024\/02\/MONER.png","articleSection":["Nacionales\/Internacionales"],"inLanguage":"es-AR"},{"@type":"WebPage","@id":"https:\/\/apuntesdesanluis.com\/index.php\/2024\/02\/17\/murio-ricardo-monner-sans-el-abogado-que-denuncio-la-corrupcion-del-menemismo\/","url":"https:\/\/apuntesdesanluis.com\/index.php\/2024\/02\/17\/murio-ricardo-monner-sans-el-abogado-que-denuncio-la-corrupcion-del-menemismo\/","name":"MURI\u00d3 RICARDO MONNER SANS, EL ABOGADO QUE DENUNCI\u00d3 LA CORRUPCI\u00d3N DEL MENEMISMO - Apuntes de San Luis","isPartOf":{"@id":"https:\/\/apuntesdesanluis.com\/#website"},"primaryImageOfPage":{"@id":"https:\/\/apuntesdesanluis.com\/index.php\/2024\/02\/17\/murio-ricardo-monner-sans-el-abogado-que-denuncio-la-corrupcion-del-menemismo\/#primaryimage"},"image":{"@id":"https:\/\/apuntesdesanluis.com\/index.php\/2024\/02\/17\/murio-ricardo-monner-sans-el-abogado-que-denuncio-la-corrupcion-del-menemismo\/#primaryimage"},"thumbnailUrl":"https:\/\/apuntesdesanluis.com\/wp-content\/uploads\/2024\/02\/MONER.png","datePublished":"2024-02-17T23:49:37+00:00","breadcrumb":{"@id":"https:\/\/apuntesdesanluis.com\/index.php\/2024\/02\/17\/murio-ricardo-monner-sans-el-abogado-que-denuncio-la-corrupcion-del-menemismo\/#breadcrumb"},"inLanguage":"es-AR","potentialAction":[{"@type":"ReadAction","target":["https:\/\/apuntesdesanluis.com\/index.php\/2024\/02\/17\/murio-ricardo-monner-sans-el-abogado-que-denuncio-la-corrupcion-del-menemismo\/"]}]},{"@type":"ImageObject","inLanguage":"es-AR","@id":"https:\/\/apuntesdesanluis.com\/index.php\/2024\/02\/17\/murio-ricardo-monner-sans-el-abogado-que-denuncio-la-corrupcion-del-menemismo\/#primaryimage","url":"https:\/\/apuntesdesanluis.com\/wp-content\/uploads\/2024\/02\/MONER.png","contentUrl":"https:\/\/apuntesdesanluis.com\/wp-content\/uploads\/2024\/02\/MONER.png","width":729,"height":442},{"@type":"BreadcrumbList","@id":"https:\/\/apuntesdesanluis.com\/index.php\/2024\/02\/17\/murio-ricardo-monner-sans-el-abogado-que-denuncio-la-corrupcion-del-menemismo\/#breadcrumb","itemListElement":[{"@type":"ListItem","position":1,"name":"Inicio","item":"https:\/\/apuntesdesanluis.com\/"},{"@type":"ListItem","position":2,"name":"MURI\u00d3 RICARDO MONNER SANS, EL ABOGADO QUE DENUNCI\u00d3 LA CORRUPCI\u00d3N DEL MENEMISMO"}]},{"@type":"WebSite","@id":"https:\/\/apuntesdesanluis.com\/#website","url":"https:\/\/apuntesdesanluis.com\/","name":"Apuntes de San Luis","description":"","publisher":{"@id":"https:\/\/apuntesdesanluis.com\/#\/schema\/person\/b55151d52296fcce64d1a72538a70b90"},"potentialAction":[{"@type":"SearchAction","target":{"@type":"EntryPoint","urlTemplate":"https:\/\/apuntesdesanluis.com\/?s={search_term_string}"},"query-input":{"@type":"PropertyValueSpecification","valueRequired":true,"valueName":"search_term_string"}}],"inLanguage":"es-AR"},{"@type":["Person","Organization"],"@id":"https:\/\/apuntesdesanluis.com\/#\/schema\/person\/b55151d52296fcce64d1a72538a70b90","name":"apuntesdesanluis.com","image":{"@type":"ImageObject","inLanguage":"es-AR","@id":"https:\/\/apuntesdesanluis.com\/#\/schema\/person\/image\/","url":"https:\/\/apuntesdesanluis.com\/wp-content\/uploads\/2023\/07\/cropped-apuntesdesanluis.png","contentUrl":"https:\/\/apuntesdesanluis.com\/wp-content\/uploads\/2023\/07\/cropped-apuntesdesanluis.png","width":450,"height":112,"caption":"apuntesdesanluis.com"},"logo":{"@id":"https:\/\/apuntesdesanluis.com\/#\/schema\/person\/image\/"},"sameAs":["https:\/\/apuntesdesanluis.com"],"url":"https:\/\/apuntesdesanluis.com\/index.php\/author\/apuntesdesanluis-com\/"}]}},"featured_image_urls":{"full":["https:\/\/apuntesdesanluis.com\/wp-content\/uploads\/2024\/02\/MONER.png",729,442,false],"thumbnail":["https:\/\/apuntesdesanluis.com\/wp-content\/uploads\/2024\/02\/MONER-150x150.png",150,150,true],"medium":["https:\/\/apuntesdesanluis.com\/wp-content\/uploads\/2024\/02\/MONER-300x182.png",300,182,true],"medium_large":["https:\/\/apuntesdesanluis.com\/wp-content\/uploads\/2024\/02\/MONER.png",640,388,false],"large":["https:\/\/apuntesdesanluis.com\/wp-content\/uploads\/2024\/02\/MONER.png",640,388,false],"1536x1536":["https:\/\/apuntesdesanluis.com\/wp-content\/uploads\/2024\/02\/MONER.png",729,442,false],"2048x2048":["https:\/\/apuntesdesanluis.com\/wp-content\/uploads\/2024\/02\/MONER.png",729,442,false],"newsever-slider-full":["https:\/\/apuntesdesanluis.com\/wp-content\/uploads\/2024\/02\/MONER.png",729,442,false],"newsever-featured":["https:\/\/apuntesdesanluis.com\/wp-content\/uploads\/2024\/02\/MONER.png",729,442,false],"newsever-medium":["https:\/\/apuntesdesanluis.com\/wp-content\/uploads\/2024\/02\/MONER-720x442.png",720,442,true]},"author_info":{"display_name":"apuntesdesanluis.com","author_link":"https:\/\/apuntesdesanluis.com\/index.php\/author\/apuntesdesanluis-com\/"},"category_info":"<a href=\"https:\/\/apuntesdesanluis.com\/index.php\/category\/nacionales-internacionales\/\" rel=\"category tag\">Nacionales\/Internacionales<\/a>","tag_info":"Nacionales\/Internacionales","comment_count":"0","_links":{"self":[{"href":"https:\/\/apuntesdesanluis.com\/index.php\/wp-json\/wp\/v2\/posts\/11852","targetHints":{"allow":["GET"]}}],"collection":[{"href":"https:\/\/apuntesdesanluis.com\/index.php\/wp-json\/wp\/v2\/posts"}],"about":[{"href":"https:\/\/apuntesdesanluis.com\/index.php\/wp-json\/wp\/v2\/types\/post"}],"author":[{"embeddable":true,"href":"https:\/\/apuntesdesanluis.com\/index.php\/wp-json\/wp\/v2\/users\/1"}],"replies":[{"embeddable":true,"href":"https:\/\/apuntesdesanluis.com\/index.php\/wp-json\/wp\/v2\/comments?post=11852"}],"version-history":[{"count":1,"href":"https:\/\/apuntesdesanluis.com\/index.php\/wp-json\/wp\/v2\/posts\/11852\/revisions"}],"predecessor-version":[{"id":11854,"href":"https:\/\/apuntesdesanluis.com\/index.php\/wp-json\/wp\/v2\/posts\/11852\/revisions\/11854"}],"wp:featuredmedia":[{"embeddable":true,"href":"https:\/\/apuntesdesanluis.com\/index.php\/wp-json\/wp\/v2\/media\/11853"}],"wp:attachment":[{"href":"https:\/\/apuntesdesanluis.com\/index.php\/wp-json\/wp\/v2\/media?parent=11852"}],"wp:term":[{"taxonomy":"category","embeddable":true,"href":"https:\/\/apuntesdesanluis.com\/index.php\/wp-json\/wp\/v2\/categories?post=11852"},{"taxonomy":"post_tag","embeddable":true,"href":"https:\/\/apuntesdesanluis.com\/index.php\/wp-json\/wp\/v2\/tags?post=11852"}],"curies":[{"name":"wp","href":"https:\/\/api.w.org\/{rel}","templated":true}]}}