{"id":11856,"date":"2024-02-18T13:17:35","date_gmt":"2024-02-18T16:17:35","guid":{"rendered":"https:\/\/apuntesdesanluis.com\/?p=11856"},"modified":"2024-02-18T13:18:15","modified_gmt":"2024-02-18T16:18:15","slug":"extincion","status":"publish","type":"post","link":"https:\/\/apuntesdesanluis.com\/index.php\/2024\/02\/18\/extincion\/","title":{"rendered":"EXTINCI\u00d3N"},"content":{"rendered":"<h3><em>La irrupci\u00f3n de Milei complic\u00f3 al peronismo, pero a\u00fan m\u00e1s a quienes lo apoyaron. El PRO teme repetir la suerte de la Uced\u00e9. El radicalismo no encuentra su lugar bajo el sol.<\/em><\/h3>\n<h3><\/h3>\n<h3>Por <span style=\"color: #000000;\"><strong><em>Ignacio Fidanza *<\/em><\/strong><\/span><\/h3>\n<h3><img fetchpriority=\"high\" decoding=\"async\" class=\"wp-image-8458 aligncenter\" src=\"https:\/\/apuntesdesanluis.com\/wp-content\/uploads\/2023\/12\/fidanza-300x227.png\" alt=\"\" width=\"441\" height=\"334\" srcset=\"https:\/\/apuntesdesanluis.com\/wp-content\/uploads\/2023\/12\/fidanza-300x227.png 300w, https:\/\/apuntesdesanluis.com\/wp-content\/uploads\/2023\/12\/fidanza.png 494w\" sizes=\"(max-width: 441px) 100vw, 441px\" \/><\/h3>\n<h3>La pregunta recorre la pol\u00edtica: \u00bfLe puede salir bien? Es una pregunta v\u00e1lida. El juego a todo o nada de Milei, los desconcierta. \u00bfEsta cerca de un estallido social que barra con su gobierno o ser\u00e1 el primer presidente en d\u00e9cadas en solucionar de ra\u00edz el c\u00e1ncer del d\u00e9ficit fiscal y abrir\u00e1 as\u00ed un nuevo tiempo pol\u00edtico?<\/h3>\n<h3>Milei es el sumo sacerdote de una iglesia extravagante. Como los alien\u00edgenas de Halo, su proyecto de teocracia libertaria juega todo el tiempo con la extinci\u00f3n. La propia y por supuesto, la ajena. Esa pulsi\u00f3n tan extrema, por momentos de una crueldad inusitada, desaf\u00eda las reglas del juego y obliga a la pol\u00edtica a interrogarse: \u00bfNo seremos nosotros los equivocados? Hay que esperar.<\/h3>\n<h3>La irrupci\u00f3n de Milei complic\u00f3 al peronismo, pero a\u00fan m\u00e1s a quienes lo apoyaron. El PRO sigue girando en torno al dilema que Diego Santilli plante\u00f3 apenas gan\u00f3 la Presidencia: &#8220;Si le va bien nos absorbe y si le va mal nos arrastra, estamos jodidos&#8221;, sentenci\u00f3.<\/h3>\n<h3>Macri va por el segundo tiempo de su fallido intento de coparle el gobierno. Fracas\u00f3 al inicio y es posible que fracase ahora. El dilema es sencillo: \u00bfQui\u00e9n se come a qui\u00e9n? &#8220;Es imposible comerse a un Presidente como Milei, el plan de Macri no va a funcionar&#8221;, dice uno de los diputados que p\u00fablicamente se muestra m\u00e1s cercano al ex presidente.<\/h3>\n<h3><img decoding=\"async\" class=\"wp-image-6322 aligncenter\" src=\"https:\/\/apuntesdesanluis.com\/wp-content\/uploads\/2023\/11\/macri-milei-300x207.png\" alt=\"\" width=\"549\" height=\"379\" srcset=\"https:\/\/apuntesdesanluis.com\/wp-content\/uploads\/2023\/11\/macri-milei-300x207.png 300w, https:\/\/apuntesdesanluis.com\/wp-content\/uploads\/2023\/11\/macri-milei.png 600w\" sizes=\"(max-width: 549px) 100vw, 549px\" \/><\/h3>\n<h3>Macri tiene un problema relativo en su partido. No lo quieren. Es relativo, porque le temen. Como explic\u00f3 Maquiavelo hace siglos, en pol\u00edtica el miedo es una fuerza m\u00e1s potente que el amor. &#8220;Macri piensa primero en \u00e9l, despu\u00e9s en \u00e9l y al final en \u00e9l&#8221;, explica un dirigente que est\u00e1 convencido que lograr\u00e1 barrer sin mayor esfuerzo con la disidencia que le plantea Patricia Bullrich. &#8220;Ella presiona para quedarse con cargos en el partido y en el Gobierno, quiere ser parte de la negociaci\u00f3n con Milei&#8221;, agrega.<\/h3>\n<h3>El ex presidente va por el PRO para tratar de evitar que Milei le siga comiendo jugadores de a uno. &#8220;Hay que ordenar esto y la manera es empezar por el partido. Una vez que Mauricio lo controle, el acuerdo ser\u00e1 con el PRO y ser\u00e1 el partido quien defina quienes van a ocupar cargos en el gobierno&#8221;, se ilusiona un funcionario que lo acompa\u00f1a en esa tarea. \u00bfY si no lo obedecen y aceptan cargos igual? &#8220;Los echamos del partido&#8221;. Mmmm.<\/h3>\n<h3>Macri cree que est\u00e1 cerca de conseguir que Cristian Ritondo se quede con la presidencia de la C\u00e1mara de Diputados. Con la ca\u00edda de la ley \u00f3mnibus Mart\u00edn Menem entr\u00f3 en zona de riesgo. Si no fuera por la relaci\u00f3n que une a Lule Menem -su mentor- con Karina Milei, ya se habr\u00eda ca\u00eddo. La hermana del Presidente, ahora como entonces, fue quien le puso un freno a Macri. &#8220;No entregamos ministros ni a Mart\u00edn Menem&#8221;, dijo. Mmmm.<\/h3>\n<h3>Macri tiene un di\u00e1logo razonable con Milei y apoya su pol\u00edtica de shock, pero al mismo tiempo opera todo el tiempo contra Nicol\u00e1s Posse y Santiago Caputo. Est\u00e1 convencido que el jefe de Gabinete lo volvi\u00f3 blanco del equipo de espionaje ilegal que le atribuye haber creado con el secretario de Estrategia, el brigadier Jorge Jes\u00fas Antelo. Cazador cazado.<\/h3>\n<h3>Como sea, el PRO sabe que est\u00e1 en riesgo de extinci\u00f3n. El temor de ser la Uced\u00e9 de Milei no los deja dormir. Caminan sobre el filo de un cutter. Ya sabemos que no existe algo as\u00ed como el oficialismo cr\u00edtico. El problema no es apoyar al Gobierno, el desaf\u00edo es c\u00f3mo lograrlo sin perder la identidad pol\u00edtica. Macri busca la f\u00f3rmula para hacer inseminaci\u00f3n artificial, sin mezclar los cromosomas. Dif\u00edcil.<\/h3>\n<h3>En el extremo, si el a\u00f1o que viene van con listas unificadas, en el PRO no descartan que Macri compita por una banca de senador por la Ciudad, para no entregar todas las cabezas de listas y ah\u00ed s\u00ed sellar su declive. En provincia, aceptan, podr\u00eda encabezar la boleta de diputados Victoria Villarruel. La ingenier\u00eda que tantea el macrismo explicita su dilema: mantener la franquicia para conservar la expectativa de un relevo por derecha si Milei fracasa, pero evitar confrontarlo para que no los barra si le va bien.<\/h3>\n<h3>Macri no es el \u00fanico que especula. El tucumano Osvaldo Jaldo es peronista, pero cree que Milei ser\u00e1 una fuerza formidable en las legislativas del a\u00f1o pr\u00f3ximo y en consecuencia tantea una nueva alianza en su provincia que incorpore radicales y otros ex Juntos como Domingo Amaya. Busca pisarle la marca a Ricardo Bussi, usado y descartado por Milei, como hizo con tantos protolibertarios. Pesa en ese tanteo de Jaldo la interna con Manzur, pero no deja de ser un dato. Hasta ahora, el riesgo de fuga en el peronismo no pas\u00f3 de ah\u00ed.<\/h3>\n<h3>Milei se plant\u00f3 de manera supercontundente sobre el gasto. De hecho, es el primer presidente monotema. Todo el resto no le importa, al punto que ni se molesta en nombrar los funcionarios. &#8220;Si llegamos a fin de a\u00f1o en equilibrio fiscal y con la inflaci\u00f3n bajando, Milei va a decir yo pare este tren que ven\u00eda a doscientos kil\u00f3metros por hora, evite la h\u00edper. Y ese es un argumento potente para la elecci\u00f3n&#8221;, especula una diputada de Macri.<\/h3>\n<h3>En el Gobierno crece la idea maximalista de resolver todos los problemas cambiarios al mismo tiempo, en el inicio de la cosecha gruesa. Unificar, levantar el cepo y que el d\u00f3lar encuentre su &#8220;equilibrio&#8221; de mercado, para que el campo liquide. Y ah\u00ed empalmar con una dolarizaci\u00f3n o neoconvertibilidad de libre concurrencia de monedas. Digamos, d\u00f3lar. Es la manera de disfrazar la &#8220;\u00faltima&#8221; devaluaci\u00f3n y una apuesta a planchar la inflaci\u00f3n.<\/h3>\n<h3>Todo es d\u00edficil y tiene bastante alambre. El d\u00e9ficit cero del ministro Caputo se construy\u00f3, en una parte importante, bajando casi a cero las transferencias a las provincias y el pago a las generadoras de energ\u00eda, que en enero ten\u00edan que cobrar 413 mil millones y cobraron cero. \u00bfPor qu\u00e9 no protestan? Caputo suspendi\u00f3 la adjudicaci\u00f3n de las centrales licitadas sobre el final de Massa y prepara una nueva licitaci\u00f3n que barre del negocio a medianas y nuevos jugadores, para que se lo queden las tres grandes de siempre. Capitalismo de amigos.<\/h3>\n<h3>Cristina le dijo a Milei que estaba para charlar sobre privatizaciones y equilibrio fiscal. Dispar\u00f3 mil conjeturas. &#8220;A ella le preocupa m\u00e1s un gobierno de Villarruel sostenida por Macri, que Milei y su c\u00edrculo de delirantes&#8221;, afirman en el Senado. &#8220;Quiere detonar la alianza de Milei con Macri&#8221;, especul\u00f3 Clar\u00edn, muy interesado en que esa alianza no detone. Puede ser. Pero tampoco hay que descartar lo evidente: Cristina es peronista. \u00bfCu\u00e1ndo para el peronismo fueron un problema las privatizaciones o el equilibrio fiscal?<\/h3>\n<h3>&#8220;Nene, la \u00fanica comisi\u00f3n importante es la bicameral de privatizaciones&#8221;, le dijo un viejo senador peronista al radical Maxi Abad, cuando este le comentaba entusiasmado el trabajo que imaginaba en la comisi\u00f3n de acuerdos que integra, encargada de revisar pliegos de jueces, embajadores y altos mandos militares. Realpolitik al palo.<\/h3>\n<h3>Si el PRO est\u00e1 complicado, a los radicales s\u00f3lo los puede salvar el fracaso del experimento libertario. La tercera posici\u00f3n que imaginan, con Llaryora y otros peronistas republicanos -si es que eso existe-, Larreta y alguna cosa m\u00e1s, es como encontrar un buen bife de chorizo en Madrid. Cristina traz\u00f3 una l\u00ednea y dijo: &#8220;Ac\u00e1 est\u00e1 la oposici\u00f3n&#8221;. Macri, a\u00fan malquerido, entiende que el \u00fanico lugar que le queda es el de oficialista. Los radicales est\u00e1n mutando, muy enredados, de la oposici\u00f3n dialoguista a la oposici\u00f3n no dialoguista.<\/h3>\n<h3>A la gente suelen gustarle las historias sencillas: Milei es el gobierno, el peronismo la oposici\u00f3n. Eso se entiende. Y no se trata de un debate te\u00f3rico, se trata de buscar una posici\u00f3n pol\u00edtica para pedir el voto el a\u00f1o que viene.<\/h3>\n<h3>Ahora. Y este es un gran ahora. A Milei le puede ir mal, le puede ir muy mal. Ser presidente en Argentina es como ser un helado parado en avenida Garay al mediod\u00eda en verano. Todo asfalto y sin \u00e1rboles. Todo conspira para derretirte.<\/h3>\n<h3><\/h3>\n<h3><span style=\"color: #000000;\"><strong><em>* Director de La Pol\u00edtica Online<\/em><\/strong><\/span><\/h3>\n<p>&nbsp;<\/p>\n<p>&nbsp;<\/p>\n<p>&nbsp;<\/p>\n<p>&nbsp;<\/p>\n","protected":false},"excerpt":{"rendered":"<p>La irrupci\u00f3n de Milei complic\u00f3 al peronismo, pero a\u00fan m\u00e1s a quienes lo apoyaron. El&#8230;<\/p>\n","protected":false},"author":1,"featured_media":7040,"comment_status":"closed","ping_status":"closed","sticky":false,"template":"","format":"standard","meta":{"footnotes":""},"categories":[9],"tags":[],"class_list":["post-11856","post","type-post","status-publish","format-standard","has-post-thumbnail","hentry","category-opinion"],"yoast_head":"<!-- This site is optimized with the Yoast SEO plugin v26.1.1 - https:\/\/yoast.com\/wordpress\/plugins\/seo\/ -->\n<title>EXTINCI\u00d3N - Apuntes de San Luis<\/title>\n<meta name=\"robots\" content=\"index, follow, max-snippet:-1, max-image-preview:large, max-video-preview:-1\" \/>\n<link rel=\"canonical\" href=\"https:\/\/apuntesdesanluis.com\/index.php\/2024\/02\/18\/extincion\/\" \/>\n<meta property=\"og:locale\" content=\"es_ES\" \/>\n<meta property=\"og:type\" content=\"article\" \/>\n<meta property=\"og:title\" content=\"EXTINCI\u00d3N - Apuntes de San Luis\" \/>\n<meta property=\"og:description\" content=\"La irrupci\u00f3n de Milei complic\u00f3 al peronismo, pero a\u00fan m\u00e1s a quienes lo apoyaron. El...\" \/>\n<meta property=\"og:url\" content=\"https:\/\/apuntesdesanluis.com\/index.php\/2024\/02\/18\/extincion\/\" \/>\n<meta property=\"og:site_name\" content=\"Apuntes de San Luis\" \/>\n<meta property=\"article:published_time\" content=\"2024-02-18T16:17:35+00:00\" \/>\n<meta property=\"article:modified_time\" content=\"2024-02-18T16:18:15+00:00\" \/>\n<meta property=\"og:image\" content=\"https:\/\/apuntesdesanluis.com\/wp-content\/uploads\/2023\/11\/milei-7.png\" \/>\n\t<meta property=\"og:image:width\" content=\"748\" \/>\n\t<meta property=\"og:image:height\" content=\"457\" \/>\n\t<meta property=\"og:image:type\" content=\"image\/png\" \/>\n<meta name=\"author\" content=\"apuntesdesanluis.com\" \/>\n<meta name=\"twitter:card\" content=\"summary_large_image\" \/>\n<meta name=\"twitter:label1\" content=\"Escrito por\" \/>\n\t<meta name=\"twitter:data1\" content=\"apuntesdesanluis.com\" \/>\n\t<meta name=\"twitter:label2\" content=\"Tiempo de lectura\" \/>\n\t<meta name=\"twitter:data2\" content=\"7 minutos\" \/>\n<script type=\"application\/ld+json\" class=\"yoast-schema-graph\">{\"@context\":\"https:\/\/schema.org\",\"@graph\":[{\"@type\":\"Article\",\"@id\":\"https:\/\/apuntesdesanluis.com\/index.php\/2024\/02\/18\/extincion\/#article\",\"isPartOf\":{\"@id\":\"https:\/\/apuntesdesanluis.com\/index.php\/2024\/02\/18\/extincion\/\"},\"author\":{\"name\":\"apuntesdesanluis.com\",\"@id\":\"https:\/\/apuntesdesanluis.com\/#\/schema\/person\/b55151d52296fcce64d1a72538a70b90\"},\"headline\":\"EXTINCI\u00d3N\",\"datePublished\":\"2024-02-18T16:17:35+00:00\",\"dateModified\":\"2024-02-18T16:18:15+00:00\",\"mainEntityOfPage\":{\"@id\":\"https:\/\/apuntesdesanluis.com\/index.php\/2024\/02\/18\/extincion\/\"},\"wordCount\":1472,\"publisher\":{\"@id\":\"https:\/\/apuntesdesanluis.com\/#\/schema\/person\/b55151d52296fcce64d1a72538a70b90\"},\"image\":{\"@id\":\"https:\/\/apuntesdesanluis.com\/index.php\/2024\/02\/18\/extincion\/#primaryimage\"},\"thumbnailUrl\":\"https:\/\/apuntesdesanluis.com\/wp-content\/uploads\/2023\/11\/milei-7.png\",\"articleSection\":[\"Opini\u00f3n\"],\"inLanguage\":\"es-AR\"},{\"@type\":\"WebPage\",\"@id\":\"https:\/\/apuntesdesanluis.com\/index.php\/2024\/02\/18\/extincion\/\",\"url\":\"https:\/\/apuntesdesanluis.com\/index.php\/2024\/02\/18\/extincion\/\",\"name\":\"EXTINCI\u00d3N - Apuntes de San Luis\",\"isPartOf\":{\"@id\":\"https:\/\/apuntesdesanluis.com\/#website\"},\"primaryImageOfPage\":{\"@id\":\"https:\/\/apuntesdesanluis.com\/index.php\/2024\/02\/18\/extincion\/#primaryimage\"},\"image\":{\"@id\":\"https:\/\/apuntesdesanluis.com\/index.php\/2024\/02\/18\/extincion\/#primaryimage\"},\"thumbnailUrl\":\"https:\/\/apuntesdesanluis.com\/wp-content\/uploads\/2023\/11\/milei-7.png\",\"datePublished\":\"2024-02-18T16:17:35+00:00\",\"dateModified\":\"2024-02-18T16:18:15+00:00\",\"breadcrumb\":{\"@id\":\"https:\/\/apuntesdesanluis.com\/index.php\/2024\/02\/18\/extincion\/#breadcrumb\"},\"inLanguage\":\"es-AR\",\"potentialAction\":[{\"@type\":\"ReadAction\",\"target\":[\"https:\/\/apuntesdesanluis.com\/index.php\/2024\/02\/18\/extincion\/\"]}]},{\"@type\":\"ImageObject\",\"inLanguage\":\"es-AR\",\"@id\":\"https:\/\/apuntesdesanluis.com\/index.php\/2024\/02\/18\/extincion\/#primaryimage\",\"url\":\"https:\/\/apuntesdesanluis.com\/wp-content\/uploads\/2023\/11\/milei-7.png\",\"contentUrl\":\"https:\/\/apuntesdesanluis.com\/wp-content\/uploads\/2023\/11\/milei-7.png\",\"width\":748,\"height\":457},{\"@type\":\"BreadcrumbList\",\"@id\":\"https:\/\/apuntesdesanluis.com\/index.php\/2024\/02\/18\/extincion\/#breadcrumb\",\"itemListElement\":[{\"@type\":\"ListItem\",\"position\":1,\"name\":\"Inicio\",\"item\":\"https:\/\/apuntesdesanluis.com\/\"},{\"@type\":\"ListItem\",\"position\":2,\"name\":\"EXTINCI\u00d3N\"}]},{\"@type\":\"WebSite\",\"@id\":\"https:\/\/apuntesdesanluis.com\/#website\",\"url\":\"https:\/\/apuntesdesanluis.com\/\",\"name\":\"Apuntes de San Luis\",\"description\":\"\",\"publisher\":{\"@id\":\"https:\/\/apuntesdesanluis.com\/#\/schema\/person\/b55151d52296fcce64d1a72538a70b90\"},\"potentialAction\":[{\"@type\":\"SearchAction\",\"target\":{\"@type\":\"EntryPoint\",\"urlTemplate\":\"https:\/\/apuntesdesanluis.com\/?s={search_term_string}\"},\"query-input\":{\"@type\":\"PropertyValueSpecification\",\"valueRequired\":true,\"valueName\":\"search_term_string\"}}],\"inLanguage\":\"es-AR\"},{\"@type\":[\"Person\",\"Organization\"],\"@id\":\"https:\/\/apuntesdesanluis.com\/#\/schema\/person\/b55151d52296fcce64d1a72538a70b90\",\"name\":\"apuntesdesanluis.com\",\"image\":{\"@type\":\"ImageObject\",\"inLanguage\":\"es-AR\",\"@id\":\"https:\/\/apuntesdesanluis.com\/#\/schema\/person\/image\/\",\"url\":\"https:\/\/apuntesdesanluis.com\/wp-content\/uploads\/2023\/07\/cropped-apuntesdesanluis.png\",\"contentUrl\":\"https:\/\/apuntesdesanluis.com\/wp-content\/uploads\/2023\/07\/cropped-apuntesdesanluis.png\",\"width\":450,\"height\":112,\"caption\":\"apuntesdesanluis.com\"},\"logo\":{\"@id\":\"https:\/\/apuntesdesanluis.com\/#\/schema\/person\/image\/\"},\"sameAs\":[\"https:\/\/apuntesdesanluis.com\"],\"url\":\"https:\/\/apuntesdesanluis.com\/index.php\/author\/apuntesdesanluis-com\/\"}]}<\/script>\n<!-- \/ Yoast SEO plugin. -->","yoast_head_json":{"title":"EXTINCI\u00d3N - Apuntes de San Luis","robots":{"index":"index","follow":"follow","max-snippet":"max-snippet:-1","max-image-preview":"max-image-preview:large","max-video-preview":"max-video-preview:-1"},"canonical":"https:\/\/apuntesdesanluis.com\/index.php\/2024\/02\/18\/extincion\/","og_locale":"es_ES","og_type":"article","og_title":"EXTINCI\u00d3N - Apuntes de San Luis","og_description":"La irrupci\u00f3n de Milei complic\u00f3 al peronismo, pero a\u00fan m\u00e1s a quienes lo apoyaron. El...","og_url":"https:\/\/apuntesdesanluis.com\/index.php\/2024\/02\/18\/extincion\/","og_site_name":"Apuntes de San Luis","article_published_time":"2024-02-18T16:17:35+00:00","article_modified_time":"2024-02-18T16:18:15+00:00","og_image":[{"width":748,"height":457,"url":"https:\/\/apuntesdesanluis.com\/wp-content\/uploads\/2023\/11\/milei-7.png","type":"image\/png"}],"author":"apuntesdesanluis.com","twitter_card":"summary_large_image","twitter_misc":{"Escrito por":"apuntesdesanluis.com","Tiempo de lectura":"7 minutos"},"schema":{"@context":"https:\/\/schema.org","@graph":[{"@type":"Article","@id":"https:\/\/apuntesdesanluis.com\/index.php\/2024\/02\/18\/extincion\/#article","isPartOf":{"@id":"https:\/\/apuntesdesanluis.com\/index.php\/2024\/02\/18\/extincion\/"},"author":{"name":"apuntesdesanluis.com","@id":"https:\/\/apuntesdesanluis.com\/#\/schema\/person\/b55151d52296fcce64d1a72538a70b90"},"headline":"EXTINCI\u00d3N","datePublished":"2024-02-18T16:17:35+00:00","dateModified":"2024-02-18T16:18:15+00:00","mainEntityOfPage":{"@id":"https:\/\/apuntesdesanluis.com\/index.php\/2024\/02\/18\/extincion\/"},"wordCount":1472,"publisher":{"@id":"https:\/\/apuntesdesanluis.com\/#\/schema\/person\/b55151d52296fcce64d1a72538a70b90"},"image":{"@id":"https:\/\/apuntesdesanluis.com\/index.php\/2024\/02\/18\/extincion\/#primaryimage"},"thumbnailUrl":"https:\/\/apuntesdesanluis.com\/wp-content\/uploads\/2023\/11\/milei-7.png","articleSection":["Opini\u00f3n"],"inLanguage":"es-AR"},{"@type":"WebPage","@id":"https:\/\/apuntesdesanluis.com\/index.php\/2024\/02\/18\/extincion\/","url":"https:\/\/apuntesdesanluis.com\/index.php\/2024\/02\/18\/extincion\/","name":"EXTINCI\u00d3N - Apuntes de San Luis","isPartOf":{"@id":"https:\/\/apuntesdesanluis.com\/#website"},"primaryImageOfPage":{"@id":"https:\/\/apuntesdesanluis.com\/index.php\/2024\/02\/18\/extincion\/#primaryimage"},"image":{"@id":"https:\/\/apuntesdesanluis.com\/index.php\/2024\/02\/18\/extincion\/#primaryimage"},"thumbnailUrl":"https:\/\/apuntesdesanluis.com\/wp-content\/uploads\/2023\/11\/milei-7.png","datePublished":"2024-02-18T16:17:35+00:00","dateModified":"2024-02-18T16:18:15+00:00","breadcrumb":{"@id":"https:\/\/apuntesdesanluis.com\/index.php\/2024\/02\/18\/extincion\/#breadcrumb"},"inLanguage":"es-AR","potentialAction":[{"@type":"ReadAction","target":["https:\/\/apuntesdesanluis.com\/index.php\/2024\/02\/18\/extincion\/"]}]},{"@type":"ImageObject","inLanguage":"es-AR","@id":"https:\/\/apuntesdesanluis.com\/index.php\/2024\/02\/18\/extincion\/#primaryimage","url":"https:\/\/apuntesdesanluis.com\/wp-content\/uploads\/2023\/11\/milei-7.png","contentUrl":"https:\/\/apuntesdesanluis.com\/wp-content\/uploads\/2023\/11\/milei-7.png","width":748,"height":457},{"@type":"BreadcrumbList","@id":"https:\/\/apuntesdesanluis.com\/index.php\/2024\/02\/18\/extincion\/#breadcrumb","itemListElement":[{"@type":"ListItem","position":1,"name":"Inicio","item":"https:\/\/apuntesdesanluis.com\/"},{"@type":"ListItem","position":2,"name":"EXTINCI\u00d3N"}]},{"@type":"WebSite","@id":"https:\/\/apuntesdesanluis.com\/#website","url":"https:\/\/apuntesdesanluis.com\/","name":"Apuntes de San Luis","description":"","publisher":{"@id":"https:\/\/apuntesdesanluis.com\/#\/schema\/person\/b55151d52296fcce64d1a72538a70b90"},"potentialAction":[{"@type":"SearchAction","target":{"@type":"EntryPoint","urlTemplate":"https:\/\/apuntesdesanluis.com\/?s={search_term_string}"},"query-input":{"@type":"PropertyValueSpecification","valueRequired":true,"valueName":"search_term_string"}}],"inLanguage":"es-AR"},{"@type":["Person","Organization"],"@id":"https:\/\/apuntesdesanluis.com\/#\/schema\/person\/b55151d52296fcce64d1a72538a70b90","name":"apuntesdesanluis.com","image":{"@type":"ImageObject","inLanguage":"es-AR","@id":"https:\/\/apuntesdesanluis.com\/#\/schema\/person\/image\/","url":"https:\/\/apuntesdesanluis.com\/wp-content\/uploads\/2023\/07\/cropped-apuntesdesanluis.png","contentUrl":"https:\/\/apuntesdesanluis.com\/wp-content\/uploads\/2023\/07\/cropped-apuntesdesanluis.png","width":450,"height":112,"caption":"apuntesdesanluis.com"},"logo":{"@id":"https:\/\/apuntesdesanluis.com\/#\/schema\/person\/image\/"},"sameAs":["https:\/\/apuntesdesanluis.com"],"url":"https:\/\/apuntesdesanluis.com\/index.php\/author\/apuntesdesanluis-com\/"}]}},"featured_image_urls":{"full":["https:\/\/apuntesdesanluis.com\/wp-content\/uploads\/2023\/11\/milei-7.png",748,457,false],"thumbnail":["https:\/\/apuntesdesanluis.com\/wp-content\/uploads\/2023\/11\/milei-7-150x150.png",150,150,true],"medium":["https:\/\/apuntesdesanluis.com\/wp-content\/uploads\/2023\/11\/milei-7-300x183.png",300,183,true],"medium_large":["https:\/\/apuntesdesanluis.com\/wp-content\/uploads\/2023\/11\/milei-7.png",640,391,false],"large":["https:\/\/apuntesdesanluis.com\/wp-content\/uploads\/2023\/11\/milei-7.png",640,391,false],"1536x1536":["https:\/\/apuntesdesanluis.com\/wp-content\/uploads\/2023\/11\/milei-7.png",748,457,false],"2048x2048":["https:\/\/apuntesdesanluis.com\/wp-content\/uploads\/2023\/11\/milei-7.png",748,457,false],"newsever-slider-full":["https:\/\/apuntesdesanluis.com\/wp-content\/uploads\/2023\/11\/milei-7.png",748,457,false],"newsever-featured":["https:\/\/apuntesdesanluis.com\/wp-content\/uploads\/2023\/11\/milei-7.png",748,457,false],"newsever-medium":["https:\/\/apuntesdesanluis.com\/wp-content\/uploads\/2023\/11\/milei-7-720x457.png",720,457,true]},"author_info":{"display_name":"apuntesdesanluis.com","author_link":"https:\/\/apuntesdesanluis.com\/index.php\/author\/apuntesdesanluis-com\/"},"category_info":"<a href=\"https:\/\/apuntesdesanluis.com\/index.php\/category\/opinion\/\" rel=\"category tag\">Opini\u00f3n<\/a>","tag_info":"Opini\u00f3n","comment_count":"0","_links":{"self":[{"href":"https:\/\/apuntesdesanluis.com\/index.php\/wp-json\/wp\/v2\/posts\/11856","targetHints":{"allow":["GET"]}}],"collection":[{"href":"https:\/\/apuntesdesanluis.com\/index.php\/wp-json\/wp\/v2\/posts"}],"about":[{"href":"https:\/\/apuntesdesanluis.com\/index.php\/wp-json\/wp\/v2\/types\/post"}],"author":[{"embeddable":true,"href":"https:\/\/apuntesdesanluis.com\/index.php\/wp-json\/wp\/v2\/users\/1"}],"replies":[{"embeddable":true,"href":"https:\/\/apuntesdesanluis.com\/index.php\/wp-json\/wp\/v2\/comments?post=11856"}],"version-history":[{"count":2,"href":"https:\/\/apuntesdesanluis.com\/index.php\/wp-json\/wp\/v2\/posts\/11856\/revisions"}],"predecessor-version":[{"id":11858,"href":"https:\/\/apuntesdesanluis.com\/index.php\/wp-json\/wp\/v2\/posts\/11856\/revisions\/11858"}],"wp:featuredmedia":[{"embeddable":true,"href":"https:\/\/apuntesdesanluis.com\/index.php\/wp-json\/wp\/v2\/media\/7040"}],"wp:attachment":[{"href":"https:\/\/apuntesdesanluis.com\/index.php\/wp-json\/wp\/v2\/media?parent=11856"}],"wp:term":[{"taxonomy":"category","embeddable":true,"href":"https:\/\/apuntesdesanluis.com\/index.php\/wp-json\/wp\/v2\/categories?post=11856"},{"taxonomy":"post_tag","embeddable":true,"href":"https:\/\/apuntesdesanluis.com\/index.php\/wp-json\/wp\/v2\/tags?post=11856"}],"curies":[{"name":"wp","href":"https:\/\/api.w.org\/{rel}","templated":true}]}}