{"id":11893,"date":"2024-02-18T22:23:35","date_gmt":"2024-02-19T01:23:35","guid":{"rendered":"https:\/\/apuntesdesanluis.com\/?p=11893"},"modified":"2024-02-18T22:24:04","modified_gmt":"2024-02-19T01:24:04","slug":"el-gobierno-anuncio-un-aumento-del-311-en-la-ayuda-escolar-anual-que-paga-anses","status":"publish","type":"post","link":"https:\/\/apuntesdesanluis.com\/index.php\/2024\/02\/18\/el-gobierno-anuncio-un-aumento-del-311-en-la-ayuda-escolar-anual-que-paga-anses\/","title":{"rendered":"EL GOBIERNO ANUNCI\u00d3 UN AUMENTO DEL 311% EN LA AYUDA ESCOLAR ANUAL QUE PAGA ANSES"},"content":{"rendered":"<h3>El gobierno de Javier Milei anunci\u00f3 el pago de una Ayuda Escolar Anual de $70.000 por hijo en edad escolar. El tr\u00e1mite se puede realizar de forma presencial o virtual en ANSES.<\/h3>\n<h3><strong>\u00bfQui\u00e9nes pueden solicitar la Ayuda Escolar?<\/strong><\/h3>\n<h3>Familias que reciben Asignaci\u00f3n Familiar o Universal por hijos entre 45 d\u00edas y 18 a\u00f1os que concurran a la escuela (nivel inicial, primario o secundario).<\/h3>\n<h3>Sin l\u00edmite de edad para hijos con discapacidad que reciban educaci\u00f3n especial, concurran a talleres protegidos, centros de rehabilitaci\u00f3n o reciban apoyo de maestros particulares matriculados.<\/h3>\n<h3><strong>\u00bfC\u00f3mo se solicita\u00a0 la Ayuda Escolar?<\/strong><\/h3>\n<h3>Ingresar a mi ANSES con CUIL y Clave de la Seguridad Social.<\/h3>\n<h3>Seleccionar Hijos &gt; Presentar un certificado escolar.<\/h3>\n<h3>Generar el formulario para cada hijo, llevarlo a la escuela para que lo completen y firmen.<\/h3>\n<h3>Sacarle una foto y cargarla en mi ANSES &gt; Hijos &gt; Presentar un certificado escolar.<\/h3>\n<h3><strong>\u00bfQui\u00e9nes la reciben autom\u00e1ticamente la Ayuda Escolar?<\/strong><\/h3>\n<h3>Las familias que acreditan la escolaridad de sus hijos entre 4 y 17 a\u00f1os antes del 31 de diciembre, la reciben en marzo del a\u00f1o siguiente.<\/h3>\n<h3><strong>\u00bfQu\u00e9 hacer si no se recibe la Ayuda Escolar en marzo?<\/strong><\/h3>\n<h3>Presentar el Certificado Escolar a trav\u00e9s de mi ANSES antes del 31 de diciembre. Se recibe el pago dentro de los 60 d\u00edas.<\/h3>\n<h3><strong>\u00bfHay que presentar el Certificado Escolar todos los a\u00f1os?<\/strong><\/h3>\n<h3>S\u00ed, todos los a\u00f1os antes del 31 de diciembre.<\/h3>\n<h3><strong>\u00bfSe puede solicitar la Ayuda Escolar para hijos en Nivel Inicial?<\/strong><\/h3>\n<h3>S\u00ed, a partir de los 45 d\u00edas de vida.<\/h3>\n<h3><strong>\u00bfSe puede solicitar la Ayuda Escolar para hijos mayores de 17 a\u00f1os?<\/strong><\/h3>\n<h3>S\u00ed, si est\u00e1n cursando el secundario. Se debe presentar el Certificado Escolar.<\/h3>\n<h3><strong>\u00bfSe puede solicitar la Ayuda Escolar para hijos en carreras terciarias o universitarias?<\/strong><\/h3>\n<h3>No.<\/h3>\n<h3><strong>\u00bfLos monotributistas sociales pueden cobrar la Ayuda Escolar?<\/strong><\/h3>\n<h3>S\u00ed.<\/h3>\n<h3><strong>\u00bfSe puede cobrar la Ayuda Escolar para hijos con discapacidad mayores de edad?<\/strong><\/h3>\n<h3>S\u00ed, sin l\u00edmite de edad, si reciben apoyo de maestros particulares matriculados o asisten a establecimientos de educaci\u00f3n especial.<\/h3>\n<h3><strong>\u00bfC\u00f3mo se puede ver si se pag\u00f3 la Ayuda Escolar?<\/strong><\/h3>\n<h3>Entrar a anses.gob.ar &gt; mi ANSES &gt; Mis Asignaciones. Si no se recibi\u00f3, hay que presentar el Certificado Escolar.<\/h3>\n<h3><strong>\u00bfQu\u00e9 hacer si se superan los topes de ingresos?<\/strong><\/h3>\n<h3>No se puede cobrar la Asignaci\u00f3n Familiar ni la Ayuda Escolar.<\/h3>\n<h3><strong>\u00bfC\u00f3mo se solicita la Ayuda Escolar desde el celular?<\/strong><\/h3>\n<h3>Descargar la app mi ANSES y seguir los pasos indicados.<\/h3>\n<h3><strong>\u00bfQu\u00e9 hacer si hay problemas para ingresar a mi ANSES?<\/strong><\/h3>\n<h3>Presentar el Certificado Escolar de forma presencial en una oficina de ANSES sin turno previo.<\/h3>\n<p>&nbsp;<\/p>\n<p>&nbsp;<\/p>\n<p>&nbsp;<\/p>\n<p>&nbsp;<\/p>\n<p>&nbsp;<\/p>\n<p>&nbsp;<\/p>\n","protected":false},"excerpt":{"rendered":"<p>El gobierno de Javier Milei anunci\u00f3 el pago de una Ayuda Escolar Anual de $70.000&#8230;<\/p>\n","protected":false},"author":1,"featured_media":397,"comment_status":"closed","ping_status":"closed","sticky":false,"template":"","format":"standard","meta":{"footnotes":""},"categories":[5],"tags":[],"class_list":["post-11893","post","type-post","status-publish","format-standard","has-post-thumbnail","hentry","category-nacionales-internacionales"],"yoast_head":"<!-- This site is optimized with the Yoast SEO plugin v26.1.1 - https:\/\/yoast.com\/wordpress\/plugins\/seo\/ -->\n<title>EL GOBIERNO ANUNCI\u00d3 UN AUMENTO DEL 311% EN LA AYUDA ESCOLAR ANUAL QUE PAGA ANSES - Apuntes de San Luis<\/title>\n<meta name=\"robots\" content=\"index, follow, max-snippet:-1, max-image-preview:large, max-video-preview:-1\" \/>\n<link rel=\"canonical\" href=\"https:\/\/apuntesdesanluis.com\/index.php\/2024\/02\/18\/el-gobierno-anuncio-un-aumento-del-311-en-la-ayuda-escolar-anual-que-paga-anses\/\" \/>\n<meta property=\"og:locale\" content=\"es_ES\" \/>\n<meta property=\"og:type\" content=\"article\" \/>\n<meta property=\"og:title\" content=\"EL GOBIERNO ANUNCI\u00d3 UN AUMENTO DEL 311% EN LA AYUDA ESCOLAR ANUAL QUE PAGA ANSES - Apuntes de San Luis\" \/>\n<meta property=\"og:description\" content=\"El gobierno de Javier Milei anunci\u00f3 el pago de una Ayuda Escolar Anual de $70.000...\" \/>\n<meta property=\"og:url\" content=\"https:\/\/apuntesdesanluis.com\/index.php\/2024\/02\/18\/el-gobierno-anuncio-un-aumento-del-311-en-la-ayuda-escolar-anual-que-paga-anses\/\" \/>\n<meta property=\"og:site_name\" content=\"Apuntes de San Luis\" \/>\n<meta property=\"article:published_time\" content=\"2024-02-19T01:23:35+00:00\" \/>\n<meta property=\"article:modified_time\" content=\"2024-02-19T01:24:04+00:00\" \/>\n<meta property=\"og:image\" content=\"https:\/\/apuntesdesanluis.com\/wp-content\/uploads\/2023\/07\/anses-1024x576-1.png\" \/>\n\t<meta property=\"og:image:width\" content=\"535\" \/>\n\t<meta property=\"og:image:height\" content=\"329\" \/>\n\t<meta property=\"og:image:type\" content=\"image\/png\" \/>\n<meta name=\"author\" content=\"apuntesdesanluis.com\" \/>\n<meta name=\"twitter:card\" content=\"summary_large_image\" \/>\n<meta name=\"twitter:label1\" content=\"Escrito por\" \/>\n\t<meta name=\"twitter:data1\" content=\"apuntesdesanluis.com\" \/>\n\t<meta name=\"twitter:label2\" content=\"Tiempo de lectura\" \/>\n\t<meta name=\"twitter:data2\" content=\"2 minutos\" \/>\n<script type=\"application\/ld+json\" class=\"yoast-schema-graph\">{\"@context\":\"https:\/\/schema.org\",\"@graph\":[{\"@type\":\"Article\",\"@id\":\"https:\/\/apuntesdesanluis.com\/index.php\/2024\/02\/18\/el-gobierno-anuncio-un-aumento-del-311-en-la-ayuda-escolar-anual-que-paga-anses\/#article\",\"isPartOf\":{\"@id\":\"https:\/\/apuntesdesanluis.com\/index.php\/2024\/02\/18\/el-gobierno-anuncio-un-aumento-del-311-en-la-ayuda-escolar-anual-que-paga-anses\/\"},\"author\":{\"name\":\"apuntesdesanluis.com\",\"@id\":\"https:\/\/apuntesdesanluis.com\/#\/schema\/person\/b55151d52296fcce64d1a72538a70b90\"},\"headline\":\"EL GOBIERNO ANUNCI\u00d3 UN AUMENTO DEL 311% EN LA AYUDA ESCOLAR ANUAL QUE PAGA ANSES\",\"datePublished\":\"2024-02-19T01:23:35+00:00\",\"dateModified\":\"2024-02-19T01:24:04+00:00\",\"mainEntityOfPage\":{\"@id\":\"https:\/\/apuntesdesanluis.com\/index.php\/2024\/02\/18\/el-gobierno-anuncio-un-aumento-del-311-en-la-ayuda-escolar-anual-que-paga-anses\/\"},\"wordCount\":458,\"publisher\":{\"@id\":\"https:\/\/apuntesdesanluis.com\/#\/schema\/person\/b55151d52296fcce64d1a72538a70b90\"},\"image\":{\"@id\":\"https:\/\/apuntesdesanluis.com\/index.php\/2024\/02\/18\/el-gobierno-anuncio-un-aumento-del-311-en-la-ayuda-escolar-anual-que-paga-anses\/#primaryimage\"},\"thumbnailUrl\":\"https:\/\/apuntesdesanluis.com\/wp-content\/uploads\/2023\/07\/anses-1024x576-1.png\",\"articleSection\":[\"Nacionales\/Internacionales\"],\"inLanguage\":\"es-AR\"},{\"@type\":\"WebPage\",\"@id\":\"https:\/\/apuntesdesanluis.com\/index.php\/2024\/02\/18\/el-gobierno-anuncio-un-aumento-del-311-en-la-ayuda-escolar-anual-que-paga-anses\/\",\"url\":\"https:\/\/apuntesdesanluis.com\/index.php\/2024\/02\/18\/el-gobierno-anuncio-un-aumento-del-311-en-la-ayuda-escolar-anual-que-paga-anses\/\",\"name\":\"EL GOBIERNO ANUNCI\u00d3 UN AUMENTO DEL 311% EN LA AYUDA ESCOLAR ANUAL QUE PAGA ANSES - Apuntes de San Luis\",\"isPartOf\":{\"@id\":\"https:\/\/apuntesdesanluis.com\/#website\"},\"primaryImageOfPage\":{\"@id\":\"https:\/\/apuntesdesanluis.com\/index.php\/2024\/02\/18\/el-gobierno-anuncio-un-aumento-del-311-en-la-ayuda-escolar-anual-que-paga-anses\/#primaryimage\"},\"image\":{\"@id\":\"https:\/\/apuntesdesanluis.com\/index.php\/2024\/02\/18\/el-gobierno-anuncio-un-aumento-del-311-en-la-ayuda-escolar-anual-que-paga-anses\/#primaryimage\"},\"thumbnailUrl\":\"https:\/\/apuntesdesanluis.com\/wp-content\/uploads\/2023\/07\/anses-1024x576-1.png\",\"datePublished\":\"2024-02-19T01:23:35+00:00\",\"dateModified\":\"2024-02-19T01:24:04+00:00\",\"breadcrumb\":{\"@id\":\"https:\/\/apuntesdesanluis.com\/index.php\/2024\/02\/18\/el-gobierno-anuncio-un-aumento-del-311-en-la-ayuda-escolar-anual-que-paga-anses\/#breadcrumb\"},\"inLanguage\":\"es-AR\",\"potentialAction\":[{\"@type\":\"ReadAction\",\"target\":[\"https:\/\/apuntesdesanluis.com\/index.php\/2024\/02\/18\/el-gobierno-anuncio-un-aumento-del-311-en-la-ayuda-escolar-anual-que-paga-anses\/\"]}]},{\"@type\":\"ImageObject\",\"inLanguage\":\"es-AR\",\"@id\":\"https:\/\/apuntesdesanluis.com\/index.php\/2024\/02\/18\/el-gobierno-anuncio-un-aumento-del-311-en-la-ayuda-escolar-anual-que-paga-anses\/#primaryimage\",\"url\":\"https:\/\/apuntesdesanluis.com\/wp-content\/uploads\/2023\/07\/anses-1024x576-1.png\",\"contentUrl\":\"https:\/\/apuntesdesanluis.com\/wp-content\/uploads\/2023\/07\/anses-1024x576-1.png\",\"width\":535,\"height\":329},{\"@type\":\"BreadcrumbList\",\"@id\":\"https:\/\/apuntesdesanluis.com\/index.php\/2024\/02\/18\/el-gobierno-anuncio-un-aumento-del-311-en-la-ayuda-escolar-anual-que-paga-anses\/#breadcrumb\",\"itemListElement\":[{\"@type\":\"ListItem\",\"position\":1,\"name\":\"Inicio\",\"item\":\"https:\/\/apuntesdesanluis.com\/\"},{\"@type\":\"ListItem\",\"position\":2,\"name\":\"EL GOBIERNO ANUNCI\u00d3 UN AUMENTO DEL 311% EN LA AYUDA ESCOLAR ANUAL QUE PAGA ANSES\"}]},{\"@type\":\"WebSite\",\"@id\":\"https:\/\/apuntesdesanluis.com\/#website\",\"url\":\"https:\/\/apuntesdesanluis.com\/\",\"name\":\"Apuntes de San Luis\",\"description\":\"\",\"publisher\":{\"@id\":\"https:\/\/apuntesdesanluis.com\/#\/schema\/person\/b55151d52296fcce64d1a72538a70b90\"},\"potentialAction\":[{\"@type\":\"SearchAction\",\"target\":{\"@type\":\"EntryPoint\",\"urlTemplate\":\"https:\/\/apuntesdesanluis.com\/?s={search_term_string}\"},\"query-input\":{\"@type\":\"PropertyValueSpecification\",\"valueRequired\":true,\"valueName\":\"search_term_string\"}}],\"inLanguage\":\"es-AR\"},{\"@type\":[\"Person\",\"Organization\"],\"@id\":\"https:\/\/apuntesdesanluis.com\/#\/schema\/person\/b55151d52296fcce64d1a72538a70b90\",\"name\":\"apuntesdesanluis.com\",\"image\":{\"@type\":\"ImageObject\",\"inLanguage\":\"es-AR\",\"@id\":\"https:\/\/apuntesdesanluis.com\/#\/schema\/person\/image\/\",\"url\":\"https:\/\/apuntesdesanluis.com\/wp-content\/uploads\/2023\/07\/cropped-apuntesdesanluis.png\",\"contentUrl\":\"https:\/\/apuntesdesanluis.com\/wp-content\/uploads\/2023\/07\/cropped-apuntesdesanluis.png\",\"width\":450,\"height\":112,\"caption\":\"apuntesdesanluis.com\"},\"logo\":{\"@id\":\"https:\/\/apuntesdesanluis.com\/#\/schema\/person\/image\/\"},\"sameAs\":[\"https:\/\/apuntesdesanluis.com\"],\"url\":\"https:\/\/apuntesdesanluis.com\/index.php\/author\/apuntesdesanluis-com\/\"}]}<\/script>\n<!-- \/ Yoast SEO plugin. -->","yoast_head_json":{"title":"EL GOBIERNO ANUNCI\u00d3 UN AUMENTO DEL 311% EN LA AYUDA ESCOLAR ANUAL QUE PAGA ANSES - Apuntes de San Luis","robots":{"index":"index","follow":"follow","max-snippet":"max-snippet:-1","max-image-preview":"max-image-preview:large","max-video-preview":"max-video-preview:-1"},"canonical":"https:\/\/apuntesdesanluis.com\/index.php\/2024\/02\/18\/el-gobierno-anuncio-un-aumento-del-311-en-la-ayuda-escolar-anual-que-paga-anses\/","og_locale":"es_ES","og_type":"article","og_title":"EL GOBIERNO ANUNCI\u00d3 UN AUMENTO DEL 311% EN LA AYUDA ESCOLAR ANUAL QUE PAGA ANSES - Apuntes de San Luis","og_description":"El gobierno de Javier Milei anunci\u00f3 el pago de una Ayuda Escolar Anual de $70.000...","og_url":"https:\/\/apuntesdesanluis.com\/index.php\/2024\/02\/18\/el-gobierno-anuncio-un-aumento-del-311-en-la-ayuda-escolar-anual-que-paga-anses\/","og_site_name":"Apuntes de San Luis","article_published_time":"2024-02-19T01:23:35+00:00","article_modified_time":"2024-02-19T01:24:04+00:00","og_image":[{"width":535,"height":329,"url":"https:\/\/apuntesdesanluis.com\/wp-content\/uploads\/2023\/07\/anses-1024x576-1.png","type":"image\/png"}],"author":"apuntesdesanluis.com","twitter_card":"summary_large_image","twitter_misc":{"Escrito por":"apuntesdesanluis.com","Tiempo de lectura":"2 minutos"},"schema":{"@context":"https:\/\/schema.org","@graph":[{"@type":"Article","@id":"https:\/\/apuntesdesanluis.com\/index.php\/2024\/02\/18\/el-gobierno-anuncio-un-aumento-del-311-en-la-ayuda-escolar-anual-que-paga-anses\/#article","isPartOf":{"@id":"https:\/\/apuntesdesanluis.com\/index.php\/2024\/02\/18\/el-gobierno-anuncio-un-aumento-del-311-en-la-ayuda-escolar-anual-que-paga-anses\/"},"author":{"name":"apuntesdesanluis.com","@id":"https:\/\/apuntesdesanluis.com\/#\/schema\/person\/b55151d52296fcce64d1a72538a70b90"},"headline":"EL GOBIERNO ANUNCI\u00d3 UN AUMENTO DEL 311% EN LA AYUDA ESCOLAR ANUAL QUE PAGA ANSES","datePublished":"2024-02-19T01:23:35+00:00","dateModified":"2024-02-19T01:24:04+00:00","mainEntityOfPage":{"@id":"https:\/\/apuntesdesanluis.com\/index.php\/2024\/02\/18\/el-gobierno-anuncio-un-aumento-del-311-en-la-ayuda-escolar-anual-que-paga-anses\/"},"wordCount":458,"publisher":{"@id":"https:\/\/apuntesdesanluis.com\/#\/schema\/person\/b55151d52296fcce64d1a72538a70b90"},"image":{"@id":"https:\/\/apuntesdesanluis.com\/index.php\/2024\/02\/18\/el-gobierno-anuncio-un-aumento-del-311-en-la-ayuda-escolar-anual-que-paga-anses\/#primaryimage"},"thumbnailUrl":"https:\/\/apuntesdesanluis.com\/wp-content\/uploads\/2023\/07\/anses-1024x576-1.png","articleSection":["Nacionales\/Internacionales"],"inLanguage":"es-AR"},{"@type":"WebPage","@id":"https:\/\/apuntesdesanluis.com\/index.php\/2024\/02\/18\/el-gobierno-anuncio-un-aumento-del-311-en-la-ayuda-escolar-anual-que-paga-anses\/","url":"https:\/\/apuntesdesanluis.com\/index.php\/2024\/02\/18\/el-gobierno-anuncio-un-aumento-del-311-en-la-ayuda-escolar-anual-que-paga-anses\/","name":"EL GOBIERNO ANUNCI\u00d3 UN AUMENTO DEL 311% EN LA AYUDA ESCOLAR ANUAL QUE PAGA ANSES - Apuntes de San Luis","isPartOf":{"@id":"https:\/\/apuntesdesanluis.com\/#website"},"primaryImageOfPage":{"@id":"https:\/\/apuntesdesanluis.com\/index.php\/2024\/02\/18\/el-gobierno-anuncio-un-aumento-del-311-en-la-ayuda-escolar-anual-que-paga-anses\/#primaryimage"},"image":{"@id":"https:\/\/apuntesdesanluis.com\/index.php\/2024\/02\/18\/el-gobierno-anuncio-un-aumento-del-311-en-la-ayuda-escolar-anual-que-paga-anses\/#primaryimage"},"thumbnailUrl":"https:\/\/apuntesdesanluis.com\/wp-content\/uploads\/2023\/07\/anses-1024x576-1.png","datePublished":"2024-02-19T01:23:35+00:00","dateModified":"2024-02-19T01:24:04+00:00","breadcrumb":{"@id":"https:\/\/apuntesdesanluis.com\/index.php\/2024\/02\/18\/el-gobierno-anuncio-un-aumento-del-311-en-la-ayuda-escolar-anual-que-paga-anses\/#breadcrumb"},"inLanguage":"es-AR","potentialAction":[{"@type":"ReadAction","target":["https:\/\/apuntesdesanluis.com\/index.php\/2024\/02\/18\/el-gobierno-anuncio-un-aumento-del-311-en-la-ayuda-escolar-anual-que-paga-anses\/"]}]},{"@type":"ImageObject","inLanguage":"es-AR","@id":"https:\/\/apuntesdesanluis.com\/index.php\/2024\/02\/18\/el-gobierno-anuncio-un-aumento-del-311-en-la-ayuda-escolar-anual-que-paga-anses\/#primaryimage","url":"https:\/\/apuntesdesanluis.com\/wp-content\/uploads\/2023\/07\/anses-1024x576-1.png","contentUrl":"https:\/\/apuntesdesanluis.com\/wp-content\/uploads\/2023\/07\/anses-1024x576-1.png","width":535,"height":329},{"@type":"BreadcrumbList","@id":"https:\/\/apuntesdesanluis.com\/index.php\/2024\/02\/18\/el-gobierno-anuncio-un-aumento-del-311-en-la-ayuda-escolar-anual-que-paga-anses\/#breadcrumb","itemListElement":[{"@type":"ListItem","position":1,"name":"Inicio","item":"https:\/\/apuntesdesanluis.com\/"},{"@type":"ListItem","position":2,"name":"EL GOBIERNO ANUNCI\u00d3 UN AUMENTO DEL 311% EN LA AYUDA ESCOLAR ANUAL QUE PAGA ANSES"}]},{"@type":"WebSite","@id":"https:\/\/apuntesdesanluis.com\/#website","url":"https:\/\/apuntesdesanluis.com\/","name":"Apuntes de San Luis","description":"","publisher":{"@id":"https:\/\/apuntesdesanluis.com\/#\/schema\/person\/b55151d52296fcce64d1a72538a70b90"},"potentialAction":[{"@type":"SearchAction","target":{"@type":"EntryPoint","urlTemplate":"https:\/\/apuntesdesanluis.com\/?s={search_term_string}"},"query-input":{"@type":"PropertyValueSpecification","valueRequired":true,"valueName":"search_term_string"}}],"inLanguage":"es-AR"},{"@type":["Person","Organization"],"@id":"https:\/\/apuntesdesanluis.com\/#\/schema\/person\/b55151d52296fcce64d1a72538a70b90","name":"apuntesdesanluis.com","image":{"@type":"ImageObject","inLanguage":"es-AR","@id":"https:\/\/apuntesdesanluis.com\/#\/schema\/person\/image\/","url":"https:\/\/apuntesdesanluis.com\/wp-content\/uploads\/2023\/07\/cropped-apuntesdesanluis.png","contentUrl":"https:\/\/apuntesdesanluis.com\/wp-content\/uploads\/2023\/07\/cropped-apuntesdesanluis.png","width":450,"height":112,"caption":"apuntesdesanluis.com"},"logo":{"@id":"https:\/\/apuntesdesanluis.com\/#\/schema\/person\/image\/"},"sameAs":["https:\/\/apuntesdesanluis.com"],"url":"https:\/\/apuntesdesanluis.com\/index.php\/author\/apuntesdesanluis-com\/"}]}},"featured_image_urls":{"full":["https:\/\/apuntesdesanluis.com\/wp-content\/uploads\/2023\/07\/anses-1024x576-1.png",535,329,false],"thumbnail":["https:\/\/apuntesdesanluis.com\/wp-content\/uploads\/2023\/07\/anses-1024x576-1-150x150.png",150,150,true],"medium":["https:\/\/apuntesdesanluis.com\/wp-content\/uploads\/2023\/07\/anses-1024x576-1-300x184.png",300,184,true],"medium_large":["https:\/\/apuntesdesanluis.com\/wp-content\/uploads\/2023\/07\/anses-1024x576-1.png",535,329,false],"large":["https:\/\/apuntesdesanluis.com\/wp-content\/uploads\/2023\/07\/anses-1024x576-1.png",535,329,false],"1536x1536":["https:\/\/apuntesdesanluis.com\/wp-content\/uploads\/2023\/07\/anses-1024x576-1.png",535,329,false],"2048x2048":["https:\/\/apuntesdesanluis.com\/wp-content\/uploads\/2023\/07\/anses-1024x576-1.png",535,329,false],"newsever-slider-full":["https:\/\/apuntesdesanluis.com\/wp-content\/uploads\/2023\/07\/anses-1024x576-1.png",535,329,false],"newsever-featured":["https:\/\/apuntesdesanluis.com\/wp-content\/uploads\/2023\/07\/anses-1024x576-1.png",535,329,false],"newsever-medium":["https:\/\/apuntesdesanluis.com\/wp-content\/uploads\/2023\/07\/anses-1024x576-1.png",535,329,false]},"author_info":{"display_name":"apuntesdesanluis.com","author_link":"https:\/\/apuntesdesanluis.com\/index.php\/author\/apuntesdesanluis-com\/"},"category_info":"<a href=\"https:\/\/apuntesdesanluis.com\/index.php\/category\/nacionales-internacionales\/\" rel=\"category tag\">Nacionales\/Internacionales<\/a>","tag_info":"Nacionales\/Internacionales","comment_count":"0","_links":{"self":[{"href":"https:\/\/apuntesdesanluis.com\/index.php\/wp-json\/wp\/v2\/posts\/11893","targetHints":{"allow":["GET"]}}],"collection":[{"href":"https:\/\/apuntesdesanluis.com\/index.php\/wp-json\/wp\/v2\/posts"}],"about":[{"href":"https:\/\/apuntesdesanluis.com\/index.php\/wp-json\/wp\/v2\/types\/post"}],"author":[{"embeddable":true,"href":"https:\/\/apuntesdesanluis.com\/index.php\/wp-json\/wp\/v2\/users\/1"}],"replies":[{"embeddable":true,"href":"https:\/\/apuntesdesanluis.com\/index.php\/wp-json\/wp\/v2\/comments?post=11893"}],"version-history":[{"count":2,"href":"https:\/\/apuntesdesanluis.com\/index.php\/wp-json\/wp\/v2\/posts\/11893\/revisions"}],"predecessor-version":[{"id":11895,"href":"https:\/\/apuntesdesanluis.com\/index.php\/wp-json\/wp\/v2\/posts\/11893\/revisions\/11895"}],"wp:featuredmedia":[{"embeddable":true,"href":"https:\/\/apuntesdesanluis.com\/index.php\/wp-json\/wp\/v2\/media\/397"}],"wp:attachment":[{"href":"https:\/\/apuntesdesanluis.com\/index.php\/wp-json\/wp\/v2\/media?parent=11893"}],"wp:term":[{"taxonomy":"category","embeddable":true,"href":"https:\/\/apuntesdesanluis.com\/index.php\/wp-json\/wp\/v2\/categories?post=11893"},{"taxonomy":"post_tag","embeddable":true,"href":"https:\/\/apuntesdesanluis.com\/index.php\/wp-json\/wp\/v2\/tags?post=11893"}],"curies":[{"name":"wp","href":"https:\/\/api.w.org\/{rel}","templated":true}]}}