{"id":11904,"date":"2024-02-19T09:10:59","date_gmt":"2024-02-19T12:10:59","guid":{"rendered":"https:\/\/apuntesdesanluis.com\/?p=11904"},"modified":"2024-02-19T09:10:59","modified_gmt":"2024-02-19T12:10:59","slug":"cinco-argentinos-murieron-y-otros-dos-resultaron-heridos-en-un-fatal-accidente-en-playa-del-carmen","status":"publish","type":"post","link":"https:\/\/apuntesdesanluis.com\/index.php\/2024\/02\/19\/cinco-argentinos-murieron-y-otros-dos-resultaron-heridos-en-un-fatal-accidente-en-playa-del-carmen\/","title":{"rendered":"CINCO ARGENTINOS MURIERON Y OTROS DOS RESULTARON HERIDOS EN UN FATAL ACCIDENTE EN PLAYA DEL CARMEN"},"content":{"rendered":"<h3>Una tragedia sacudi\u00f3 la ciudad de Playa del Carmen en M\u00e9xico: cinco turistas argentinos que estaban de vacaciones murieron en las \u00faltimas horas tras un fuerte accidente de tr\u00e1nsito y otros dos resultaron heridos, seg\u00fan confirmaron fuentes de Canciller\u00eda.<\/h3>\n<h3>El fat\u00eddico siniestro ocurri\u00f3 en la tarde del domingo, mientras se desplazaban en una camioneta por una autov\u00eda en la que chocaron de frente contra otra van tur\u00edstica.<\/h3>\n<h3>Seg\u00fan inform\u00f3 la secretar\u00eda de Seguridad Ciudadana del Estado de Quintana Roo, las dependencias de seguridad y rescate se dirigieron a un importante accidente ocurrido en la carretera Puerto Aventuras-Tulum alrededor de las 13 (hora local), tras un llamado de emergencia por un siniestro vial.<\/h3>\n<h3><img fetchpriority=\"high\" decoding=\"async\" class=\"wp-image-11906 aligncenter\" src=\"https:\/\/apuntesdesanluis.com\/wp-content\/uploads\/2024\/02\/accidente-1-300x191.png\" alt=\"\" width=\"545\" height=\"347\" srcset=\"https:\/\/apuntesdesanluis.com\/wp-content\/uploads\/2024\/02\/accidente-1-300x191.png 300w, https:\/\/apuntesdesanluis.com\/wp-content\/uploads\/2024\/02\/accidente-1.png 483w\" sizes=\"(max-width: 545px) 100vw, 545px\" \/><\/h3>\n<h3>En el lugar se iniciaron maniobras de rescate en el veh\u00edculo que qued\u00f3 destrozado y se confirm\u00f3 la muerte de cinco hombres de nacionalidad argentina, un hombre de nacionalidad mexicana [el conductor de la camioneta de turismo] y se logr\u00f3 rescatar a dos argentinos m\u00e1s que fueron trasladados de emergencia a un hospital.<\/h3>\n<h3>El operativo fue atendido por las autoridades del estado, que desplazaron un equipo m\u00e9dico, polic\u00edas y un helic\u00f3ptero que se utiliz\u00f3 para trasladar a los heridos. De los hospitalizados trascendi\u00f3 que uno se encontraba en observaci\u00f3n con aparentes heridas leves y otra debi\u00f3 ser intervenida.<\/h3>\n<h3>Seg\u00fan supo este medio, el Consulado argentino en Playa del Carmen se encontraba ayer por la noche trabajando en el lugar, mientras que Canciller\u00eda manten\u00eda contacto con los familiares en el pa\u00eds a fin de brindar contenci\u00f3n y asistencia.<\/h3>\n<h3>Si bien la fiscal\u00eda local trabaja en determinar c\u00f3mo ocurri\u00f3 el accidente, la primera hip\u00f3tesis se centra en que el conductor de la camioneta pudo haber perdido el control y pas\u00f3 al carril contrario donde impact\u00f3 de frente contra la camioneta de la empresa tur\u00edstica eTransfers.<\/h3>\n<h3>El pavimento mojado por las intensas lluvias que hubo en la zona de la rivera maya pudieron haber sido un factor clave en la maniobra fatal.<\/h3>\n<h3>Mara Lezama, la gobernadora del estado de Quintana Roo, comparti\u00f3 las im\u00e1genes del rescate en helic\u00f3ptero en su cuenta de X y explic\u00f3 los trabajos que se realizaron en el lugar. \u201cLos equipos de emergencia, seguridad y protecci\u00f3n civil, se encuentran ya en funciones de traslado de la persona que est\u00e1 siendo atendida tras el lamentable accidente automovil\u00edstico ocurrido en la carretera federal Puerto Aventuras-Tulum\u201d, difundi\u00f3 horas despu\u00e9s del accidente.<\/h3>\n<h3>En algunos de los videos que se viralizaron por redes sociales se puede ver que las v\u00edctimas estaban vestidas con ropa de color verde, por lo que se cree que se dirig\u00edan a ver un partido de f\u00fatbol en las cercan\u00edas de la ciudad de Canc\u00fan.<\/h3>\n<p>&nbsp;<\/p>\n<p>&nbsp;<\/p>\n<p>&nbsp;<\/p>\n<p>&nbsp;<\/p>\n<p>&nbsp;<\/p>\n<p>&nbsp;<\/p>\n","protected":false},"excerpt":{"rendered":"<p>Una tragedia sacudi\u00f3 la ciudad de Playa del Carmen en M\u00e9xico: cinco turistas argentinos que&#8230;<\/p>\n","protected":false},"author":1,"featured_media":11905,"comment_status":"closed","ping_status":"closed","sticky":false,"template":"","format":"standard","meta":{"footnotes":""},"categories":[5],"tags":[],"class_list":["post-11904","post","type-post","status-publish","format-standard","has-post-thumbnail","hentry","category-nacionales-internacionales"],"yoast_head":"<!-- This site is optimized with the Yoast SEO plugin v26.1.1 - https:\/\/yoast.com\/wordpress\/plugins\/seo\/ -->\n<title>CINCO ARGENTINOS MURIERON Y OTROS DOS RESULTARON HERIDOS EN UN FATAL ACCIDENTE EN PLAYA DEL CARMEN - Apuntes de San Luis<\/title>\n<meta name=\"robots\" content=\"index, follow, max-snippet:-1, max-image-preview:large, max-video-preview:-1\" \/>\n<link rel=\"canonical\" href=\"https:\/\/apuntesdesanluis.com\/index.php\/2024\/02\/19\/cinco-argentinos-murieron-y-otros-dos-resultaron-heridos-en-un-fatal-accidente-en-playa-del-carmen\/\" \/>\n<meta property=\"og:locale\" content=\"es_ES\" \/>\n<meta property=\"og:type\" content=\"article\" \/>\n<meta property=\"og:title\" content=\"CINCO ARGENTINOS MURIERON Y OTROS DOS RESULTARON HERIDOS EN UN FATAL ACCIDENTE EN PLAYA DEL CARMEN - Apuntes de San Luis\" \/>\n<meta property=\"og:description\" content=\"Una tragedia sacudi\u00f3 la ciudad de Playa del Carmen en M\u00e9xico: cinco turistas argentinos que...\" \/>\n<meta property=\"og:url\" content=\"https:\/\/apuntesdesanluis.com\/index.php\/2024\/02\/19\/cinco-argentinos-murieron-y-otros-dos-resultaron-heridos-en-un-fatal-accidente-en-playa-del-carmen\/\" \/>\n<meta property=\"og:site_name\" content=\"Apuntes de San Luis\" \/>\n<meta property=\"article:published_time\" content=\"2024-02-19T12:10:59+00:00\" \/>\n<meta property=\"og:image\" content=\"https:\/\/apuntesdesanluis.com\/wp-content\/uploads\/2024\/02\/accidente.png\" \/>\n\t<meta property=\"og:image:width\" content=\"486\" \/>\n\t<meta property=\"og:image:height\" content=\"316\" \/>\n\t<meta property=\"og:image:type\" content=\"image\/png\" \/>\n<meta name=\"author\" content=\"apuntesdesanluis.com\" \/>\n<meta name=\"twitter:card\" content=\"summary_large_image\" \/>\n<meta name=\"twitter:label1\" content=\"Escrito por\" \/>\n\t<meta name=\"twitter:data1\" content=\"apuntesdesanluis.com\" \/>\n\t<meta name=\"twitter:label2\" content=\"Tiempo de lectura\" \/>\n\t<meta name=\"twitter:data2\" content=\"3 minutos\" \/>\n<script type=\"application\/ld+json\" class=\"yoast-schema-graph\">{\"@context\":\"https:\/\/schema.org\",\"@graph\":[{\"@type\":\"Article\",\"@id\":\"https:\/\/apuntesdesanluis.com\/index.php\/2024\/02\/19\/cinco-argentinos-murieron-y-otros-dos-resultaron-heridos-en-un-fatal-accidente-en-playa-del-carmen\/#article\",\"isPartOf\":{\"@id\":\"https:\/\/apuntesdesanluis.com\/index.php\/2024\/02\/19\/cinco-argentinos-murieron-y-otros-dos-resultaron-heridos-en-un-fatal-accidente-en-playa-del-carmen\/\"},\"author\":{\"name\":\"apuntesdesanluis.com\",\"@id\":\"https:\/\/apuntesdesanluis.com\/#\/schema\/person\/b55151d52296fcce64d1a72538a70b90\"},\"headline\":\"CINCO ARGENTINOS MURIERON Y OTROS DOS RESULTARON HERIDOS EN UN FATAL ACCIDENTE EN PLAYA DEL CARMEN\",\"datePublished\":\"2024-02-19T12:10:59+00:00\",\"mainEntityOfPage\":{\"@id\":\"https:\/\/apuntesdesanluis.com\/index.php\/2024\/02\/19\/cinco-argentinos-murieron-y-otros-dos-resultaron-heridos-en-un-fatal-accidente-en-playa-del-carmen\/\"},\"wordCount\":492,\"publisher\":{\"@id\":\"https:\/\/apuntesdesanluis.com\/#\/schema\/person\/b55151d52296fcce64d1a72538a70b90\"},\"image\":{\"@id\":\"https:\/\/apuntesdesanluis.com\/index.php\/2024\/02\/19\/cinco-argentinos-murieron-y-otros-dos-resultaron-heridos-en-un-fatal-accidente-en-playa-del-carmen\/#primaryimage\"},\"thumbnailUrl\":\"https:\/\/apuntesdesanluis.com\/wp-content\/uploads\/2024\/02\/accidente.png\",\"articleSection\":[\"Nacionales\/Internacionales\"],\"inLanguage\":\"es-AR\"},{\"@type\":\"WebPage\",\"@id\":\"https:\/\/apuntesdesanluis.com\/index.php\/2024\/02\/19\/cinco-argentinos-murieron-y-otros-dos-resultaron-heridos-en-un-fatal-accidente-en-playa-del-carmen\/\",\"url\":\"https:\/\/apuntesdesanluis.com\/index.php\/2024\/02\/19\/cinco-argentinos-murieron-y-otros-dos-resultaron-heridos-en-un-fatal-accidente-en-playa-del-carmen\/\",\"name\":\"CINCO ARGENTINOS MURIERON Y OTROS DOS RESULTARON HERIDOS EN UN FATAL ACCIDENTE EN PLAYA DEL CARMEN - Apuntes de San Luis\",\"isPartOf\":{\"@id\":\"https:\/\/apuntesdesanluis.com\/#website\"},\"primaryImageOfPage\":{\"@id\":\"https:\/\/apuntesdesanluis.com\/index.php\/2024\/02\/19\/cinco-argentinos-murieron-y-otros-dos-resultaron-heridos-en-un-fatal-accidente-en-playa-del-carmen\/#primaryimage\"},\"image\":{\"@id\":\"https:\/\/apuntesdesanluis.com\/index.php\/2024\/02\/19\/cinco-argentinos-murieron-y-otros-dos-resultaron-heridos-en-un-fatal-accidente-en-playa-del-carmen\/#primaryimage\"},\"thumbnailUrl\":\"https:\/\/apuntesdesanluis.com\/wp-content\/uploads\/2024\/02\/accidente.png\",\"datePublished\":\"2024-02-19T12:10:59+00:00\",\"breadcrumb\":{\"@id\":\"https:\/\/apuntesdesanluis.com\/index.php\/2024\/02\/19\/cinco-argentinos-murieron-y-otros-dos-resultaron-heridos-en-un-fatal-accidente-en-playa-del-carmen\/#breadcrumb\"},\"inLanguage\":\"es-AR\",\"potentialAction\":[{\"@type\":\"ReadAction\",\"target\":[\"https:\/\/apuntesdesanluis.com\/index.php\/2024\/02\/19\/cinco-argentinos-murieron-y-otros-dos-resultaron-heridos-en-un-fatal-accidente-en-playa-del-carmen\/\"]}]},{\"@type\":\"ImageObject\",\"inLanguage\":\"es-AR\",\"@id\":\"https:\/\/apuntesdesanluis.com\/index.php\/2024\/02\/19\/cinco-argentinos-murieron-y-otros-dos-resultaron-heridos-en-un-fatal-accidente-en-playa-del-carmen\/#primaryimage\",\"url\":\"https:\/\/apuntesdesanluis.com\/wp-content\/uploads\/2024\/02\/accidente.png\",\"contentUrl\":\"https:\/\/apuntesdesanluis.com\/wp-content\/uploads\/2024\/02\/accidente.png\",\"width\":486,\"height\":316},{\"@type\":\"BreadcrumbList\",\"@id\":\"https:\/\/apuntesdesanluis.com\/index.php\/2024\/02\/19\/cinco-argentinos-murieron-y-otros-dos-resultaron-heridos-en-un-fatal-accidente-en-playa-del-carmen\/#breadcrumb\",\"itemListElement\":[{\"@type\":\"ListItem\",\"position\":1,\"name\":\"Inicio\",\"item\":\"https:\/\/apuntesdesanluis.com\/\"},{\"@type\":\"ListItem\",\"position\":2,\"name\":\"CINCO ARGENTINOS MURIERON Y OTROS DOS RESULTARON HERIDOS EN UN FATAL ACCIDENTE EN PLAYA DEL CARMEN\"}]},{\"@type\":\"WebSite\",\"@id\":\"https:\/\/apuntesdesanluis.com\/#website\",\"url\":\"https:\/\/apuntesdesanluis.com\/\",\"name\":\"Apuntes de San Luis\",\"description\":\"\",\"publisher\":{\"@id\":\"https:\/\/apuntesdesanluis.com\/#\/schema\/person\/b55151d52296fcce64d1a72538a70b90\"},\"potentialAction\":[{\"@type\":\"SearchAction\",\"target\":{\"@type\":\"EntryPoint\",\"urlTemplate\":\"https:\/\/apuntesdesanluis.com\/?s={search_term_string}\"},\"query-input\":{\"@type\":\"PropertyValueSpecification\",\"valueRequired\":true,\"valueName\":\"search_term_string\"}}],\"inLanguage\":\"es-AR\"},{\"@type\":[\"Person\",\"Organization\"],\"@id\":\"https:\/\/apuntesdesanluis.com\/#\/schema\/person\/b55151d52296fcce64d1a72538a70b90\",\"name\":\"apuntesdesanluis.com\",\"image\":{\"@type\":\"ImageObject\",\"inLanguage\":\"es-AR\",\"@id\":\"https:\/\/apuntesdesanluis.com\/#\/schema\/person\/image\/\",\"url\":\"https:\/\/apuntesdesanluis.com\/wp-content\/uploads\/2023\/07\/cropped-apuntesdesanluis.png\",\"contentUrl\":\"https:\/\/apuntesdesanluis.com\/wp-content\/uploads\/2023\/07\/cropped-apuntesdesanluis.png\",\"width\":450,\"height\":112,\"caption\":\"apuntesdesanluis.com\"},\"logo\":{\"@id\":\"https:\/\/apuntesdesanluis.com\/#\/schema\/person\/image\/\"},\"sameAs\":[\"https:\/\/apuntesdesanluis.com\"],\"url\":\"https:\/\/apuntesdesanluis.com\/index.php\/author\/apuntesdesanluis-com\/\"}]}<\/script>\n<!-- \/ Yoast SEO plugin. -->","yoast_head_json":{"title":"CINCO ARGENTINOS MURIERON Y OTROS DOS RESULTARON HERIDOS EN UN FATAL ACCIDENTE EN PLAYA DEL CARMEN - Apuntes de San Luis","robots":{"index":"index","follow":"follow","max-snippet":"max-snippet:-1","max-image-preview":"max-image-preview:large","max-video-preview":"max-video-preview:-1"},"canonical":"https:\/\/apuntesdesanluis.com\/index.php\/2024\/02\/19\/cinco-argentinos-murieron-y-otros-dos-resultaron-heridos-en-un-fatal-accidente-en-playa-del-carmen\/","og_locale":"es_ES","og_type":"article","og_title":"CINCO ARGENTINOS MURIERON Y OTROS DOS RESULTARON HERIDOS EN UN FATAL ACCIDENTE EN PLAYA DEL CARMEN - Apuntes de San Luis","og_description":"Una tragedia sacudi\u00f3 la ciudad de Playa del Carmen en M\u00e9xico: cinco turistas argentinos que...","og_url":"https:\/\/apuntesdesanluis.com\/index.php\/2024\/02\/19\/cinco-argentinos-murieron-y-otros-dos-resultaron-heridos-en-un-fatal-accidente-en-playa-del-carmen\/","og_site_name":"Apuntes de San Luis","article_published_time":"2024-02-19T12:10:59+00:00","og_image":[{"width":486,"height":316,"url":"https:\/\/apuntesdesanluis.com\/wp-content\/uploads\/2024\/02\/accidente.png","type":"image\/png"}],"author":"apuntesdesanluis.com","twitter_card":"summary_large_image","twitter_misc":{"Escrito por":"apuntesdesanluis.com","Tiempo de lectura":"3 minutos"},"schema":{"@context":"https:\/\/schema.org","@graph":[{"@type":"Article","@id":"https:\/\/apuntesdesanluis.com\/index.php\/2024\/02\/19\/cinco-argentinos-murieron-y-otros-dos-resultaron-heridos-en-un-fatal-accidente-en-playa-del-carmen\/#article","isPartOf":{"@id":"https:\/\/apuntesdesanluis.com\/index.php\/2024\/02\/19\/cinco-argentinos-murieron-y-otros-dos-resultaron-heridos-en-un-fatal-accidente-en-playa-del-carmen\/"},"author":{"name":"apuntesdesanluis.com","@id":"https:\/\/apuntesdesanluis.com\/#\/schema\/person\/b55151d52296fcce64d1a72538a70b90"},"headline":"CINCO ARGENTINOS MURIERON Y OTROS DOS RESULTARON HERIDOS EN UN FATAL ACCIDENTE EN PLAYA DEL CARMEN","datePublished":"2024-02-19T12:10:59+00:00","mainEntityOfPage":{"@id":"https:\/\/apuntesdesanluis.com\/index.php\/2024\/02\/19\/cinco-argentinos-murieron-y-otros-dos-resultaron-heridos-en-un-fatal-accidente-en-playa-del-carmen\/"},"wordCount":492,"publisher":{"@id":"https:\/\/apuntesdesanluis.com\/#\/schema\/person\/b55151d52296fcce64d1a72538a70b90"},"image":{"@id":"https:\/\/apuntesdesanluis.com\/index.php\/2024\/02\/19\/cinco-argentinos-murieron-y-otros-dos-resultaron-heridos-en-un-fatal-accidente-en-playa-del-carmen\/#primaryimage"},"thumbnailUrl":"https:\/\/apuntesdesanluis.com\/wp-content\/uploads\/2024\/02\/accidente.png","articleSection":["Nacionales\/Internacionales"],"inLanguage":"es-AR"},{"@type":"WebPage","@id":"https:\/\/apuntesdesanluis.com\/index.php\/2024\/02\/19\/cinco-argentinos-murieron-y-otros-dos-resultaron-heridos-en-un-fatal-accidente-en-playa-del-carmen\/","url":"https:\/\/apuntesdesanluis.com\/index.php\/2024\/02\/19\/cinco-argentinos-murieron-y-otros-dos-resultaron-heridos-en-un-fatal-accidente-en-playa-del-carmen\/","name":"CINCO ARGENTINOS MURIERON Y OTROS DOS RESULTARON HERIDOS EN UN FATAL ACCIDENTE EN PLAYA DEL CARMEN - Apuntes de San Luis","isPartOf":{"@id":"https:\/\/apuntesdesanluis.com\/#website"},"primaryImageOfPage":{"@id":"https:\/\/apuntesdesanluis.com\/index.php\/2024\/02\/19\/cinco-argentinos-murieron-y-otros-dos-resultaron-heridos-en-un-fatal-accidente-en-playa-del-carmen\/#primaryimage"},"image":{"@id":"https:\/\/apuntesdesanluis.com\/index.php\/2024\/02\/19\/cinco-argentinos-murieron-y-otros-dos-resultaron-heridos-en-un-fatal-accidente-en-playa-del-carmen\/#primaryimage"},"thumbnailUrl":"https:\/\/apuntesdesanluis.com\/wp-content\/uploads\/2024\/02\/accidente.png","datePublished":"2024-02-19T12:10:59+00:00","breadcrumb":{"@id":"https:\/\/apuntesdesanluis.com\/index.php\/2024\/02\/19\/cinco-argentinos-murieron-y-otros-dos-resultaron-heridos-en-un-fatal-accidente-en-playa-del-carmen\/#breadcrumb"},"inLanguage":"es-AR","potentialAction":[{"@type":"ReadAction","target":["https:\/\/apuntesdesanluis.com\/index.php\/2024\/02\/19\/cinco-argentinos-murieron-y-otros-dos-resultaron-heridos-en-un-fatal-accidente-en-playa-del-carmen\/"]}]},{"@type":"ImageObject","inLanguage":"es-AR","@id":"https:\/\/apuntesdesanluis.com\/index.php\/2024\/02\/19\/cinco-argentinos-murieron-y-otros-dos-resultaron-heridos-en-un-fatal-accidente-en-playa-del-carmen\/#primaryimage","url":"https:\/\/apuntesdesanluis.com\/wp-content\/uploads\/2024\/02\/accidente.png","contentUrl":"https:\/\/apuntesdesanluis.com\/wp-content\/uploads\/2024\/02\/accidente.png","width":486,"height":316},{"@type":"BreadcrumbList","@id":"https:\/\/apuntesdesanluis.com\/index.php\/2024\/02\/19\/cinco-argentinos-murieron-y-otros-dos-resultaron-heridos-en-un-fatal-accidente-en-playa-del-carmen\/#breadcrumb","itemListElement":[{"@type":"ListItem","position":1,"name":"Inicio","item":"https:\/\/apuntesdesanluis.com\/"},{"@type":"ListItem","position":2,"name":"CINCO ARGENTINOS MURIERON Y OTROS DOS RESULTARON HERIDOS EN UN FATAL ACCIDENTE EN PLAYA DEL CARMEN"}]},{"@type":"WebSite","@id":"https:\/\/apuntesdesanluis.com\/#website","url":"https:\/\/apuntesdesanluis.com\/","name":"Apuntes de San Luis","description":"","publisher":{"@id":"https:\/\/apuntesdesanluis.com\/#\/schema\/person\/b55151d52296fcce64d1a72538a70b90"},"potentialAction":[{"@type":"SearchAction","target":{"@type":"EntryPoint","urlTemplate":"https:\/\/apuntesdesanluis.com\/?s={search_term_string}"},"query-input":{"@type":"PropertyValueSpecification","valueRequired":true,"valueName":"search_term_string"}}],"inLanguage":"es-AR"},{"@type":["Person","Organization"],"@id":"https:\/\/apuntesdesanluis.com\/#\/schema\/person\/b55151d52296fcce64d1a72538a70b90","name":"apuntesdesanluis.com","image":{"@type":"ImageObject","inLanguage":"es-AR","@id":"https:\/\/apuntesdesanluis.com\/#\/schema\/person\/image\/","url":"https:\/\/apuntesdesanluis.com\/wp-content\/uploads\/2023\/07\/cropped-apuntesdesanluis.png","contentUrl":"https:\/\/apuntesdesanluis.com\/wp-content\/uploads\/2023\/07\/cropped-apuntesdesanluis.png","width":450,"height":112,"caption":"apuntesdesanluis.com"},"logo":{"@id":"https:\/\/apuntesdesanluis.com\/#\/schema\/person\/image\/"},"sameAs":["https:\/\/apuntesdesanluis.com"],"url":"https:\/\/apuntesdesanluis.com\/index.php\/author\/apuntesdesanluis-com\/"}]}},"featured_image_urls":{"full":["https:\/\/apuntesdesanluis.com\/wp-content\/uploads\/2024\/02\/accidente.png",486,316,false],"thumbnail":["https:\/\/apuntesdesanluis.com\/wp-content\/uploads\/2024\/02\/accidente-150x150.png",150,150,true],"medium":["https:\/\/apuntesdesanluis.com\/wp-content\/uploads\/2024\/02\/accidente-300x195.png",300,195,true],"medium_large":["https:\/\/apuntesdesanluis.com\/wp-content\/uploads\/2024\/02\/accidente.png",486,316,false],"large":["https:\/\/apuntesdesanluis.com\/wp-content\/uploads\/2024\/02\/accidente.png",486,316,false],"1536x1536":["https:\/\/apuntesdesanluis.com\/wp-content\/uploads\/2024\/02\/accidente.png",486,316,false],"2048x2048":["https:\/\/apuntesdesanluis.com\/wp-content\/uploads\/2024\/02\/accidente.png",486,316,false],"newsever-slider-full":["https:\/\/apuntesdesanluis.com\/wp-content\/uploads\/2024\/02\/accidente.png",486,316,false],"newsever-featured":["https:\/\/apuntesdesanluis.com\/wp-content\/uploads\/2024\/02\/accidente.png",486,316,false],"newsever-medium":["https:\/\/apuntesdesanluis.com\/wp-content\/uploads\/2024\/02\/accidente.png",486,316,false]},"author_info":{"display_name":"apuntesdesanluis.com","author_link":"https:\/\/apuntesdesanluis.com\/index.php\/author\/apuntesdesanluis-com\/"},"category_info":"<a href=\"https:\/\/apuntesdesanluis.com\/index.php\/category\/nacionales-internacionales\/\" rel=\"category tag\">Nacionales\/Internacionales<\/a>","tag_info":"Nacionales\/Internacionales","comment_count":"0","_links":{"self":[{"href":"https:\/\/apuntesdesanluis.com\/index.php\/wp-json\/wp\/v2\/posts\/11904","targetHints":{"allow":["GET"]}}],"collection":[{"href":"https:\/\/apuntesdesanluis.com\/index.php\/wp-json\/wp\/v2\/posts"}],"about":[{"href":"https:\/\/apuntesdesanluis.com\/index.php\/wp-json\/wp\/v2\/types\/post"}],"author":[{"embeddable":true,"href":"https:\/\/apuntesdesanluis.com\/index.php\/wp-json\/wp\/v2\/users\/1"}],"replies":[{"embeddable":true,"href":"https:\/\/apuntesdesanluis.com\/index.php\/wp-json\/wp\/v2\/comments?post=11904"}],"version-history":[{"count":1,"href":"https:\/\/apuntesdesanluis.com\/index.php\/wp-json\/wp\/v2\/posts\/11904\/revisions"}],"predecessor-version":[{"id":11907,"href":"https:\/\/apuntesdesanluis.com\/index.php\/wp-json\/wp\/v2\/posts\/11904\/revisions\/11907"}],"wp:featuredmedia":[{"embeddable":true,"href":"https:\/\/apuntesdesanluis.com\/index.php\/wp-json\/wp\/v2\/media\/11905"}],"wp:attachment":[{"href":"https:\/\/apuntesdesanluis.com\/index.php\/wp-json\/wp\/v2\/media?parent=11904"}],"wp:term":[{"taxonomy":"category","embeddable":true,"href":"https:\/\/apuntesdesanluis.com\/index.php\/wp-json\/wp\/v2\/categories?post=11904"},{"taxonomy":"post_tag","embeddable":true,"href":"https:\/\/apuntesdesanluis.com\/index.php\/wp-json\/wp\/v2\/tags?post=11904"}],"curies":[{"name":"wp","href":"https:\/\/api.w.org\/{rel}","templated":true}]}}