{"id":11914,"date":"2024-02-19T11:50:08","date_gmt":"2024-02-19T14:50:08","guid":{"rendered":"https:\/\/apuntesdesanluis.com\/?p=11914"},"modified":"2024-02-19T11:51:01","modified_gmt":"2024-02-19T14:51:01","slug":"internaron-a-la-madre-de-javier-milei-por-un-pico-de-presion","status":"publish","type":"post","link":"https:\/\/apuntesdesanluis.com\/index.php\/2024\/02\/19\/internaron-a-la-madre-de-javier-milei-por-un-pico-de-presion\/","title":{"rendered":"INTERNARON A LA MADRE DE JAVIER MILEI POR UN PICO DE PRESI\u00d3N"},"content":{"rendered":"<h3><strong>Alicia Luj\u00e1n Lucich<\/strong>, la madre del presidente <strong>Javier Milei<\/strong>, ingres\u00f3 durante la madrugada al sanatorio Otamendi a ra\u00edz de un problema de salud.<\/h3>\n<h3>La madre del presidente mantiene un baj\u00edsimo perfil y su \u00faltima aparici\u00f3n p\u00fablica fue el 10 de diciembre, cuando asisti\u00f3 a la Asamblea Legislativa para la asunci\u00f3n como presidente de su hijo. Ese d\u00eda se la vio junto a su marido, Norberto Horacio Milei, ambos padres de Karina Milei, secretaria general de la Presidencia y clave en la toma de decisiones.<\/h3>\n<h3>Seg\u00fan trascendi\u00f3, la internaci\u00f3n se habr\u00eda producido en horas de la madrugada, cuando la mujer se sinti\u00f3 mal y acudi\u00f3 a la reconocida cl\u00ednica del barrio de Recoleta, ubicada sobre la calle Azcu\u00e9naga.<\/h3>\n<h3>Si bien se tratar\u00eda de un pico de presi\u00f3n, a causa de lo que trascendi\u00f3 hasta el momento, lo cierto es que todav\u00eda no hay un comunicado oficial que d\u00e9 cuenta del estado de salud de la madre del presidente. La mujer tiene 73 a\u00f1os.<\/h3>\n<h3><img fetchpriority=\"high\" decoding=\"async\" class=\"wp-image-11916 aligncenter\" src=\"https:\/\/apuntesdesanluis.com\/wp-content\/uploads\/2024\/02\/padres-de-milei-y-fatima-florez-300x196.png\" alt=\"\" width=\"603\" height=\"394\" srcset=\"https:\/\/apuntesdesanluis.com\/wp-content\/uploads\/2024\/02\/padres-de-milei-y-fatima-florez-300x196.png 300w, https:\/\/apuntesdesanluis.com\/wp-content\/uploads\/2024\/02\/padres-de-milei-y-fatima-florez.png 600w\" sizes=\"(max-width: 603px) 100vw, 603px\" \/><\/h3>\n<h4 style=\"text-align: center;\"><em>Los padres de Milei junto con Fatima Florez y su padre.<\/em><\/h4>\n<h3>PERFIL consult\u00f3 a fuentes oficiales respecto de si el presidente ir\u00e1 a ver a su madre y no lo daban como una posibilidad. El mandatario tiene previsto realizar un viaje a la provincia de Corrientes, para celebrar el aniversario del club libertario de esa provincia.<\/h3>\n<h3>Distintas fuentes negaron que se vaya a encontrar con el gobernador <strong>Gustavo Vald\u00e9s<\/strong>, a quien le reprocha no haber apoyado la ley \u00f3mnibus en el Congreso.<\/h3>\n<h3><strong>LA AGENDA DE MILEI ESTE LUNES<\/strong><\/h3>\n<h3>El presidente de la Naci\u00f3n visitar\u00e1 la ciudad de Corrientes para participar en el d\u00e9cimo aniversario del Club de la Libertad, un encuentro que se llevar\u00e1 a cabo en el centro de convenciones &#8220;Espacio Andes&#8221;, ubicado en la avenida Maip\u00fa 3840 de la capital correntina.<\/h3>\n<h3>El evento, que comenzar\u00e1 a las 19 horas, contar\u00e1 con la presencia de la comitiva presidencial, socios y voluntarios de la fundaci\u00f3n organizadora e invitados especiales. Seg\u00fan informaron a T\u00e9lam desde la organizaci\u00f3n, el Presidente saludar\u00e1 a los presentes en el play\u00f3n para tener un contacto breve con quienes deseen acompa\u00f1arlo.<\/h3>\n<h3>La conferencia central del encuentro lleva por t\u00edtulo &#8220;Una Argentina liberal es posible&#8221; y estar\u00e1 a cargo del reconocido economista Alberto Benegas Lynch.<\/h3>\n<h3>Alberto Medina M\u00e9ndez, presidente de la Fundaci\u00f3n Club de la Libertad, expres\u00f3 en una entrevista radial que la visita de Milei genera mucha expectativa y emoci\u00f3n, especialmente por las complejidades y cuestiones de seguridad que implica. Destac\u00f3 que la decisi\u00f3n de Milei de participar en persona en el aniversario del Club es motivo de entusiasmo para todos los organizadores y colaboradores.<\/h3>\n<p>&nbsp;<\/p>\n<p>&nbsp;<\/p>\n<p>&nbsp;<\/p>\n<p>&nbsp;<\/p>\n<p>&nbsp;<\/p>\n<p>&nbsp;<\/p>\n","protected":false},"excerpt":{"rendered":"<p>Alicia Luj\u00e1n Lucich, la madre del presidente Javier Milei, ingres\u00f3 durante la madrugada al sanatorio&#8230;<\/p>\n","protected":false},"author":1,"featured_media":11915,"comment_status":"closed","ping_status":"closed","sticky":false,"template":"","format":"standard","meta":{"footnotes":""},"categories":[5],"tags":[],"class_list":["post-11914","post","type-post","status-publish","format-standard","has-post-thumbnail","hentry","category-nacionales-internacionales"],"yoast_head":"<!-- This site is optimized with the Yoast SEO plugin v26.1.1 - https:\/\/yoast.com\/wordpress\/plugins\/seo\/ -->\n<title>INTERNARON A LA MADRE DE JAVIER MILEI POR UN PICO DE PRESI\u00d3N - Apuntes de San Luis<\/title>\n<meta name=\"robots\" content=\"index, follow, max-snippet:-1, max-image-preview:large, max-video-preview:-1\" \/>\n<link rel=\"canonical\" href=\"https:\/\/apuntesdesanluis.com\/index.php\/2024\/02\/19\/internaron-a-la-madre-de-javier-milei-por-un-pico-de-presion\/\" \/>\n<meta property=\"og:locale\" content=\"es_ES\" \/>\n<meta property=\"og:type\" content=\"article\" \/>\n<meta property=\"og:title\" content=\"INTERNARON A LA MADRE DE JAVIER MILEI POR UN PICO DE PRESI\u00d3N - Apuntes de San Luis\" \/>\n<meta property=\"og:description\" content=\"Alicia Luj\u00e1n Lucich, la madre del presidente Javier Milei, ingres\u00f3 durante la madrugada al sanatorio...\" \/>\n<meta property=\"og:url\" content=\"https:\/\/apuntesdesanluis.com\/index.php\/2024\/02\/19\/internaron-a-la-madre-de-javier-milei-por-un-pico-de-presion\/\" \/>\n<meta property=\"og:site_name\" content=\"Apuntes de San Luis\" \/>\n<meta property=\"article:published_time\" content=\"2024-02-19T14:50:08+00:00\" \/>\n<meta property=\"article:modified_time\" content=\"2024-02-19T14:51:01+00:00\" \/>\n<meta property=\"og:image\" content=\"https:\/\/apuntesdesanluis.com\/wp-content\/uploads\/2024\/02\/madre-de-milei.png\" \/>\n\t<meta property=\"og:image:width\" content=\"600\" \/>\n\t<meta property=\"og:image:height\" content=\"377\" \/>\n\t<meta property=\"og:image:type\" content=\"image\/png\" \/>\n<meta name=\"author\" content=\"apuntesdesanluis.com\" \/>\n<meta name=\"twitter:card\" content=\"summary_large_image\" \/>\n<meta name=\"twitter:label1\" content=\"Escrito por\" \/>\n\t<meta name=\"twitter:data1\" content=\"apuntesdesanluis.com\" \/>\n\t<meta name=\"twitter:label2\" content=\"Tiempo de lectura\" \/>\n\t<meta name=\"twitter:data2\" content=\"3 minutos\" \/>\n<script type=\"application\/ld+json\" class=\"yoast-schema-graph\">{\"@context\":\"https:\/\/schema.org\",\"@graph\":[{\"@type\":\"Article\",\"@id\":\"https:\/\/apuntesdesanluis.com\/index.php\/2024\/02\/19\/internaron-a-la-madre-de-javier-milei-por-un-pico-de-presion\/#article\",\"isPartOf\":{\"@id\":\"https:\/\/apuntesdesanluis.com\/index.php\/2024\/02\/19\/internaron-a-la-madre-de-javier-milei-por-un-pico-de-presion\/\"},\"author\":{\"name\":\"apuntesdesanluis.com\",\"@id\":\"https:\/\/apuntesdesanluis.com\/#\/schema\/person\/b55151d52296fcce64d1a72538a70b90\"},\"headline\":\"INTERNARON A LA MADRE DE JAVIER MILEI POR UN PICO DE PRESI\u00d3N\",\"datePublished\":\"2024-02-19T14:50:08+00:00\",\"dateModified\":\"2024-02-19T14:51:01+00:00\",\"mainEntityOfPage\":{\"@id\":\"https:\/\/apuntesdesanluis.com\/index.php\/2024\/02\/19\/internaron-a-la-madre-de-javier-milei-por-un-pico-de-presion\/\"},\"wordCount\":475,\"publisher\":{\"@id\":\"https:\/\/apuntesdesanluis.com\/#\/schema\/person\/b55151d52296fcce64d1a72538a70b90\"},\"image\":{\"@id\":\"https:\/\/apuntesdesanluis.com\/index.php\/2024\/02\/19\/internaron-a-la-madre-de-javier-milei-por-un-pico-de-presion\/#primaryimage\"},\"thumbnailUrl\":\"https:\/\/apuntesdesanluis.com\/wp-content\/uploads\/2024\/02\/madre-de-milei.png\",\"articleSection\":[\"Nacionales\/Internacionales\"],\"inLanguage\":\"es-AR\"},{\"@type\":\"WebPage\",\"@id\":\"https:\/\/apuntesdesanluis.com\/index.php\/2024\/02\/19\/internaron-a-la-madre-de-javier-milei-por-un-pico-de-presion\/\",\"url\":\"https:\/\/apuntesdesanluis.com\/index.php\/2024\/02\/19\/internaron-a-la-madre-de-javier-milei-por-un-pico-de-presion\/\",\"name\":\"INTERNARON A LA MADRE DE JAVIER MILEI POR UN PICO DE PRESI\u00d3N - Apuntes de San Luis\",\"isPartOf\":{\"@id\":\"https:\/\/apuntesdesanluis.com\/#website\"},\"primaryImageOfPage\":{\"@id\":\"https:\/\/apuntesdesanluis.com\/index.php\/2024\/02\/19\/internaron-a-la-madre-de-javier-milei-por-un-pico-de-presion\/#primaryimage\"},\"image\":{\"@id\":\"https:\/\/apuntesdesanluis.com\/index.php\/2024\/02\/19\/internaron-a-la-madre-de-javier-milei-por-un-pico-de-presion\/#primaryimage\"},\"thumbnailUrl\":\"https:\/\/apuntesdesanluis.com\/wp-content\/uploads\/2024\/02\/madre-de-milei.png\",\"datePublished\":\"2024-02-19T14:50:08+00:00\",\"dateModified\":\"2024-02-19T14:51:01+00:00\",\"breadcrumb\":{\"@id\":\"https:\/\/apuntesdesanluis.com\/index.php\/2024\/02\/19\/internaron-a-la-madre-de-javier-milei-por-un-pico-de-presion\/#breadcrumb\"},\"inLanguage\":\"es-AR\",\"potentialAction\":[{\"@type\":\"ReadAction\",\"target\":[\"https:\/\/apuntesdesanluis.com\/index.php\/2024\/02\/19\/internaron-a-la-madre-de-javier-milei-por-un-pico-de-presion\/\"]}]},{\"@type\":\"ImageObject\",\"inLanguage\":\"es-AR\",\"@id\":\"https:\/\/apuntesdesanluis.com\/index.php\/2024\/02\/19\/internaron-a-la-madre-de-javier-milei-por-un-pico-de-presion\/#primaryimage\",\"url\":\"https:\/\/apuntesdesanluis.com\/wp-content\/uploads\/2024\/02\/madre-de-milei.png\",\"contentUrl\":\"https:\/\/apuntesdesanluis.com\/wp-content\/uploads\/2024\/02\/madre-de-milei.png\",\"width\":600,\"height\":377},{\"@type\":\"BreadcrumbList\",\"@id\":\"https:\/\/apuntesdesanluis.com\/index.php\/2024\/02\/19\/internaron-a-la-madre-de-javier-milei-por-un-pico-de-presion\/#breadcrumb\",\"itemListElement\":[{\"@type\":\"ListItem\",\"position\":1,\"name\":\"Inicio\",\"item\":\"https:\/\/apuntesdesanluis.com\/\"},{\"@type\":\"ListItem\",\"position\":2,\"name\":\"INTERNARON A LA MADRE DE JAVIER MILEI POR UN PICO DE PRESI\u00d3N\"}]},{\"@type\":\"WebSite\",\"@id\":\"https:\/\/apuntesdesanluis.com\/#website\",\"url\":\"https:\/\/apuntesdesanluis.com\/\",\"name\":\"Apuntes de San Luis\",\"description\":\"\",\"publisher\":{\"@id\":\"https:\/\/apuntesdesanluis.com\/#\/schema\/person\/b55151d52296fcce64d1a72538a70b90\"},\"potentialAction\":[{\"@type\":\"SearchAction\",\"target\":{\"@type\":\"EntryPoint\",\"urlTemplate\":\"https:\/\/apuntesdesanluis.com\/?s={search_term_string}\"},\"query-input\":{\"@type\":\"PropertyValueSpecification\",\"valueRequired\":true,\"valueName\":\"search_term_string\"}}],\"inLanguage\":\"es-AR\"},{\"@type\":[\"Person\",\"Organization\"],\"@id\":\"https:\/\/apuntesdesanluis.com\/#\/schema\/person\/b55151d52296fcce64d1a72538a70b90\",\"name\":\"apuntesdesanluis.com\",\"image\":{\"@type\":\"ImageObject\",\"inLanguage\":\"es-AR\",\"@id\":\"https:\/\/apuntesdesanluis.com\/#\/schema\/person\/image\/\",\"url\":\"https:\/\/apuntesdesanluis.com\/wp-content\/uploads\/2023\/07\/cropped-apuntesdesanluis.png\",\"contentUrl\":\"https:\/\/apuntesdesanluis.com\/wp-content\/uploads\/2023\/07\/cropped-apuntesdesanluis.png\",\"width\":450,\"height\":112,\"caption\":\"apuntesdesanluis.com\"},\"logo\":{\"@id\":\"https:\/\/apuntesdesanluis.com\/#\/schema\/person\/image\/\"},\"sameAs\":[\"https:\/\/apuntesdesanluis.com\"],\"url\":\"https:\/\/apuntesdesanluis.com\/index.php\/author\/apuntesdesanluis-com\/\"}]}<\/script>\n<!-- \/ Yoast SEO plugin. -->","yoast_head_json":{"title":"INTERNARON A LA MADRE DE JAVIER MILEI POR UN PICO DE PRESI\u00d3N - Apuntes de San Luis","robots":{"index":"index","follow":"follow","max-snippet":"max-snippet:-1","max-image-preview":"max-image-preview:large","max-video-preview":"max-video-preview:-1"},"canonical":"https:\/\/apuntesdesanluis.com\/index.php\/2024\/02\/19\/internaron-a-la-madre-de-javier-milei-por-un-pico-de-presion\/","og_locale":"es_ES","og_type":"article","og_title":"INTERNARON A LA MADRE DE JAVIER MILEI POR UN PICO DE PRESI\u00d3N - Apuntes de San Luis","og_description":"Alicia Luj\u00e1n Lucich, la madre del presidente Javier Milei, ingres\u00f3 durante la madrugada al sanatorio...","og_url":"https:\/\/apuntesdesanluis.com\/index.php\/2024\/02\/19\/internaron-a-la-madre-de-javier-milei-por-un-pico-de-presion\/","og_site_name":"Apuntes de San Luis","article_published_time":"2024-02-19T14:50:08+00:00","article_modified_time":"2024-02-19T14:51:01+00:00","og_image":[{"width":600,"height":377,"url":"https:\/\/apuntesdesanluis.com\/wp-content\/uploads\/2024\/02\/madre-de-milei.png","type":"image\/png"}],"author":"apuntesdesanluis.com","twitter_card":"summary_large_image","twitter_misc":{"Escrito por":"apuntesdesanluis.com","Tiempo de lectura":"3 minutos"},"schema":{"@context":"https:\/\/schema.org","@graph":[{"@type":"Article","@id":"https:\/\/apuntesdesanluis.com\/index.php\/2024\/02\/19\/internaron-a-la-madre-de-javier-milei-por-un-pico-de-presion\/#article","isPartOf":{"@id":"https:\/\/apuntesdesanluis.com\/index.php\/2024\/02\/19\/internaron-a-la-madre-de-javier-milei-por-un-pico-de-presion\/"},"author":{"name":"apuntesdesanluis.com","@id":"https:\/\/apuntesdesanluis.com\/#\/schema\/person\/b55151d52296fcce64d1a72538a70b90"},"headline":"INTERNARON A LA MADRE DE JAVIER MILEI POR UN PICO DE PRESI\u00d3N","datePublished":"2024-02-19T14:50:08+00:00","dateModified":"2024-02-19T14:51:01+00:00","mainEntityOfPage":{"@id":"https:\/\/apuntesdesanluis.com\/index.php\/2024\/02\/19\/internaron-a-la-madre-de-javier-milei-por-un-pico-de-presion\/"},"wordCount":475,"publisher":{"@id":"https:\/\/apuntesdesanluis.com\/#\/schema\/person\/b55151d52296fcce64d1a72538a70b90"},"image":{"@id":"https:\/\/apuntesdesanluis.com\/index.php\/2024\/02\/19\/internaron-a-la-madre-de-javier-milei-por-un-pico-de-presion\/#primaryimage"},"thumbnailUrl":"https:\/\/apuntesdesanluis.com\/wp-content\/uploads\/2024\/02\/madre-de-milei.png","articleSection":["Nacionales\/Internacionales"],"inLanguage":"es-AR"},{"@type":"WebPage","@id":"https:\/\/apuntesdesanluis.com\/index.php\/2024\/02\/19\/internaron-a-la-madre-de-javier-milei-por-un-pico-de-presion\/","url":"https:\/\/apuntesdesanluis.com\/index.php\/2024\/02\/19\/internaron-a-la-madre-de-javier-milei-por-un-pico-de-presion\/","name":"INTERNARON A LA MADRE DE JAVIER MILEI POR UN PICO DE PRESI\u00d3N - Apuntes de San Luis","isPartOf":{"@id":"https:\/\/apuntesdesanluis.com\/#website"},"primaryImageOfPage":{"@id":"https:\/\/apuntesdesanluis.com\/index.php\/2024\/02\/19\/internaron-a-la-madre-de-javier-milei-por-un-pico-de-presion\/#primaryimage"},"image":{"@id":"https:\/\/apuntesdesanluis.com\/index.php\/2024\/02\/19\/internaron-a-la-madre-de-javier-milei-por-un-pico-de-presion\/#primaryimage"},"thumbnailUrl":"https:\/\/apuntesdesanluis.com\/wp-content\/uploads\/2024\/02\/madre-de-milei.png","datePublished":"2024-02-19T14:50:08+00:00","dateModified":"2024-02-19T14:51:01+00:00","breadcrumb":{"@id":"https:\/\/apuntesdesanluis.com\/index.php\/2024\/02\/19\/internaron-a-la-madre-de-javier-milei-por-un-pico-de-presion\/#breadcrumb"},"inLanguage":"es-AR","potentialAction":[{"@type":"ReadAction","target":["https:\/\/apuntesdesanluis.com\/index.php\/2024\/02\/19\/internaron-a-la-madre-de-javier-milei-por-un-pico-de-presion\/"]}]},{"@type":"ImageObject","inLanguage":"es-AR","@id":"https:\/\/apuntesdesanluis.com\/index.php\/2024\/02\/19\/internaron-a-la-madre-de-javier-milei-por-un-pico-de-presion\/#primaryimage","url":"https:\/\/apuntesdesanluis.com\/wp-content\/uploads\/2024\/02\/madre-de-milei.png","contentUrl":"https:\/\/apuntesdesanluis.com\/wp-content\/uploads\/2024\/02\/madre-de-milei.png","width":600,"height":377},{"@type":"BreadcrumbList","@id":"https:\/\/apuntesdesanluis.com\/index.php\/2024\/02\/19\/internaron-a-la-madre-de-javier-milei-por-un-pico-de-presion\/#breadcrumb","itemListElement":[{"@type":"ListItem","position":1,"name":"Inicio","item":"https:\/\/apuntesdesanluis.com\/"},{"@type":"ListItem","position":2,"name":"INTERNARON A LA MADRE DE JAVIER MILEI POR UN PICO DE PRESI\u00d3N"}]},{"@type":"WebSite","@id":"https:\/\/apuntesdesanluis.com\/#website","url":"https:\/\/apuntesdesanluis.com\/","name":"Apuntes de San Luis","description":"","publisher":{"@id":"https:\/\/apuntesdesanluis.com\/#\/schema\/person\/b55151d52296fcce64d1a72538a70b90"},"potentialAction":[{"@type":"SearchAction","target":{"@type":"EntryPoint","urlTemplate":"https:\/\/apuntesdesanluis.com\/?s={search_term_string}"},"query-input":{"@type":"PropertyValueSpecification","valueRequired":true,"valueName":"search_term_string"}}],"inLanguage":"es-AR"},{"@type":["Person","Organization"],"@id":"https:\/\/apuntesdesanluis.com\/#\/schema\/person\/b55151d52296fcce64d1a72538a70b90","name":"apuntesdesanluis.com","image":{"@type":"ImageObject","inLanguage":"es-AR","@id":"https:\/\/apuntesdesanluis.com\/#\/schema\/person\/image\/","url":"https:\/\/apuntesdesanluis.com\/wp-content\/uploads\/2023\/07\/cropped-apuntesdesanluis.png","contentUrl":"https:\/\/apuntesdesanluis.com\/wp-content\/uploads\/2023\/07\/cropped-apuntesdesanluis.png","width":450,"height":112,"caption":"apuntesdesanluis.com"},"logo":{"@id":"https:\/\/apuntesdesanluis.com\/#\/schema\/person\/image\/"},"sameAs":["https:\/\/apuntesdesanluis.com"],"url":"https:\/\/apuntesdesanluis.com\/index.php\/author\/apuntesdesanluis-com\/"}]}},"featured_image_urls":{"full":["https:\/\/apuntesdesanluis.com\/wp-content\/uploads\/2024\/02\/madre-de-milei.png",600,377,false],"thumbnail":["https:\/\/apuntesdesanluis.com\/wp-content\/uploads\/2024\/02\/madre-de-milei-150x150.png",150,150,true],"medium":["https:\/\/apuntesdesanluis.com\/wp-content\/uploads\/2024\/02\/madre-de-milei-300x189.png",300,189,true],"medium_large":["https:\/\/apuntesdesanluis.com\/wp-content\/uploads\/2024\/02\/madre-de-milei.png",600,377,false],"large":["https:\/\/apuntesdesanluis.com\/wp-content\/uploads\/2024\/02\/madre-de-milei.png",600,377,false],"1536x1536":["https:\/\/apuntesdesanluis.com\/wp-content\/uploads\/2024\/02\/madre-de-milei.png",600,377,false],"2048x2048":["https:\/\/apuntesdesanluis.com\/wp-content\/uploads\/2024\/02\/madre-de-milei.png",600,377,false],"newsever-slider-full":["https:\/\/apuntesdesanluis.com\/wp-content\/uploads\/2024\/02\/madre-de-milei.png",600,377,false],"newsever-featured":["https:\/\/apuntesdesanluis.com\/wp-content\/uploads\/2024\/02\/madre-de-milei.png",600,377,false],"newsever-medium":["https:\/\/apuntesdesanluis.com\/wp-content\/uploads\/2024\/02\/madre-de-milei.png",600,377,false]},"author_info":{"display_name":"apuntesdesanluis.com","author_link":"https:\/\/apuntesdesanluis.com\/index.php\/author\/apuntesdesanluis-com\/"},"category_info":"<a href=\"https:\/\/apuntesdesanluis.com\/index.php\/category\/nacionales-internacionales\/\" rel=\"category tag\">Nacionales\/Internacionales<\/a>","tag_info":"Nacionales\/Internacionales","comment_count":"0","_links":{"self":[{"href":"https:\/\/apuntesdesanluis.com\/index.php\/wp-json\/wp\/v2\/posts\/11914","targetHints":{"allow":["GET"]}}],"collection":[{"href":"https:\/\/apuntesdesanluis.com\/index.php\/wp-json\/wp\/v2\/posts"}],"about":[{"href":"https:\/\/apuntesdesanluis.com\/index.php\/wp-json\/wp\/v2\/types\/post"}],"author":[{"embeddable":true,"href":"https:\/\/apuntesdesanluis.com\/index.php\/wp-json\/wp\/v2\/users\/1"}],"replies":[{"embeddable":true,"href":"https:\/\/apuntesdesanluis.com\/index.php\/wp-json\/wp\/v2\/comments?post=11914"}],"version-history":[{"count":2,"href":"https:\/\/apuntesdesanluis.com\/index.php\/wp-json\/wp\/v2\/posts\/11914\/revisions"}],"predecessor-version":[{"id":11918,"href":"https:\/\/apuntesdesanluis.com\/index.php\/wp-json\/wp\/v2\/posts\/11914\/revisions\/11918"}],"wp:featuredmedia":[{"embeddable":true,"href":"https:\/\/apuntesdesanluis.com\/index.php\/wp-json\/wp\/v2\/media\/11915"}],"wp:attachment":[{"href":"https:\/\/apuntesdesanluis.com\/index.php\/wp-json\/wp\/v2\/media?parent=11914"}],"wp:term":[{"taxonomy":"category","embeddable":true,"href":"https:\/\/apuntesdesanluis.com\/index.php\/wp-json\/wp\/v2\/categories?post=11914"},{"taxonomy":"post_tag","embeddable":true,"href":"https:\/\/apuntesdesanluis.com\/index.php\/wp-json\/wp\/v2\/tags?post=11914"}],"curies":[{"name":"wp","href":"https:\/\/api.w.org\/{rel}","templated":true}]}}