{"id":11919,"date":"2024-02-19T11:58:15","date_gmt":"2024-02-19T14:58:15","guid":{"rendered":"https:\/\/apuntesdesanluis.com\/?p=11919"},"modified":"2024-02-19T11:58:15","modified_gmt":"2024-02-19T14:58:15","slug":"adorni-confirmo-la-desregulacion-de-las-obras-sociales-de-los-sindicatos","status":"publish","type":"post","link":"https:\/\/apuntesdesanluis.com\/index.php\/2024\/02\/19\/adorni-confirmo-la-desregulacion-de-las-obras-sociales-de-los-sindicatos\/","title":{"rendered":"ADORNI CONFIRM\u00d3 LA DESREGULACI\u00d3N DE LAS OBRAS SOCIALES DE LOS SINDICATOS"},"content":{"rendered":"<h3>De esta manera, los trabajadores tendr\u00e1n la libertad de derivar sus aportes desde el inicio de su contrataci\u00f3n.<\/h3>\n<h3>El vocero presidencial <strong>Manuel Adorni<\/strong> le dese\u00f3 &#8220;un muy feliz cumplea\u00f1os&#8221; a <strong>Cristina Kirchner<\/strong>, a quien calific\u00f3 como una &#8220;figura, si las hay, relevantes, en los \u00faltimos 20 a\u00f1os de decadencia argentina&#8221;.<\/h3>\n<h3>As\u00ed arranc\u00f3 su habitual conferencia de prensa matinal el funcionario, que repas\u00f3 que la exvicepresidenta tambi\u00e9n fue presidenta y senadora. Hoy, alejada de los cargos p\u00fablicos, cumple 70 a\u00f1os.<\/h3>\n<h3>Por otro lado, Adorni dijo que &#8220;los trabajadores tendr\u00e1n la libertad de derivar los aportes de la obra social&#8221; gracias al DNU de desregulaci\u00f3n econ\u00f3mica. &#8220;Esto les va a dar mucha m\u00e1s libertad en virtud de la obra social que crean que es la mejor&#8221;.<\/h3>\n<h3>&#8220;Buscamos que puedas elegir y no quedes preso de una obra social cuando tal vez no den el servicio que esperabas. Cada obra social resolver\u00e1 como le parezca m\u00e1s conveniente&#8221;, dijo.<\/h3>\n<h3>Adem\u00e1s, dijo que el Ministerio de Capital Humano denunci\u00f3 en la Justicia irregularidades en la compra de remedios oncol\u00f3gicos. &#8220;Desde presupuestos aprobados sin ninguna firma, compras que se hac\u00edan por correo electr\u00f3nico y sin comparaci\u00f3n con otras ofertas. Cuando uno habla de este tipo de cuestiones, se trata de la cara m\u00e1s cruel de la casta pol\u00edtica&#8221;, afirm\u00f3.<\/h3>\n<h3>&#8220;Todos los que necesiten medicamentos o asistencia para tratar enfermedades oncol\u00f3gicas, la van a seguir teniendo&#8221;, asegur\u00f3.<\/h3>\n<h3>El vocero ratific\u00f3 que el presidente Javier Milei viajar\u00e1 hoy a las 17.45 a la ciudad de Corrientes y &#8220;hablar\u00e1 alrededor de las 20 horas y a las 21 est\u00e1 prevista la vuelta a la ciudad de Buenos Aires&#8221;. Adorni avis\u00f3 que el viernes pr\u00f3ximo Milei se reunir\u00e1 con Antony Blinken, mientras que hoy a las 17 habr\u00e1 una reuni\u00f3n con el canciller de Francia en la b\u00fasqueda de reforzar relaciones bilaterales.<\/h3>\n<h3>Por otra parte, le consultaron respecto a las protestas que desarrollan movimientos sociales esta ma\u00f1ana en la puerta del Palacio de Hacienda por la suspensi\u00f3n de las asistencias alimentarias. &#8220;Se sigue asistiendo a todos los que se asist\u00edan antes, pero se elimin\u00f3 a todos los intermediarios. Esto de que se cort\u00f3 la asistencia a todos los comedores, es totalmente falso&#8221;, asegur\u00f3.<\/h3>\n<h3>&#8220;El presidente Milei ha dicho que Capital Humano es el \u00fanico Ministerio que tiene flexibilidad para atender a cada uno de los argentinos que tenga dificultades&#8221;, a\u00f1adi\u00f3.<\/h3>\n<h3>&#8220;Buscamos terminar con 20 y pico de a\u00f1os de decadencia argentina. El viernes se conocieron datos del super\u00e1vit que nos pusieron contentos y sabemos que detr\u00e1s de ese anuncio que parece hasta fr\u00edvolo est\u00e1 un camino que estamos recorriendo donde vamos a terminar con la inflaci\u00f3n, vamos a generar crecimiento, se van a mejorar los salarios y una argentina distinta con cada una de las cosas que se anuncian, y eso no es negociable. Cuando se populariz\u00f3 el &#8216;no hay plata&#8217;, es conceptualmente entender que la Argentina barr\u00eda basura abajo de la alfombra y no lo vamos a seguir haciendo&#8221;, indic\u00f3.<\/h3>\n<p>&nbsp;<\/p>\n<p>&nbsp;<\/p>\n<p>&nbsp;<\/p>\n","protected":false},"excerpt":{"rendered":"<p>De esta manera, los trabajadores tendr\u00e1n la libertad de derivar sus aportes desde el inicio&#8230;<\/p>\n","protected":false},"author":1,"featured_media":11920,"comment_status":"closed","ping_status":"closed","sticky":false,"template":"","format":"standard","meta":{"footnotes":""},"categories":[5],"tags":[],"class_list":["post-11919","post","type-post","status-publish","format-standard","has-post-thumbnail","hentry","category-nacionales-internacionales"],"yoast_head":"<!-- This site is optimized with the Yoast SEO plugin v26.1.1 - https:\/\/yoast.com\/wordpress\/plugins\/seo\/ -->\n<title>ADORNI CONFIRM\u00d3 LA DESREGULACI\u00d3N DE LAS OBRAS SOCIALES DE LOS SINDICATOS - Apuntes de San Luis<\/title>\n<meta name=\"robots\" content=\"index, follow, max-snippet:-1, max-image-preview:large, max-video-preview:-1\" \/>\n<link rel=\"canonical\" href=\"https:\/\/apuntesdesanluis.com\/index.php\/2024\/02\/19\/adorni-confirmo-la-desregulacion-de-las-obras-sociales-de-los-sindicatos\/\" \/>\n<meta property=\"og:locale\" content=\"es_ES\" \/>\n<meta property=\"og:type\" content=\"article\" \/>\n<meta property=\"og:title\" content=\"ADORNI CONFIRM\u00d3 LA DESREGULACI\u00d3N DE LAS OBRAS SOCIALES DE LOS SINDICATOS - Apuntes de San Luis\" \/>\n<meta property=\"og:description\" content=\"De esta manera, los trabajadores tendr\u00e1n la libertad de derivar sus aportes desde el inicio...\" \/>\n<meta property=\"og:url\" content=\"https:\/\/apuntesdesanluis.com\/index.php\/2024\/02\/19\/adorni-confirmo-la-desregulacion-de-las-obras-sociales-de-los-sindicatos\/\" \/>\n<meta property=\"og:site_name\" content=\"Apuntes de San Luis\" \/>\n<meta property=\"article:published_time\" content=\"2024-02-19T14:58:15+00:00\" \/>\n<meta property=\"og:image\" content=\"https:\/\/apuntesdesanluis.com\/wp-content\/uploads\/2024\/02\/Manuel-adorni.png\" \/>\n\t<meta property=\"og:image:width\" content=\"600\" \/>\n\t<meta property=\"og:image:height\" content=\"397\" \/>\n\t<meta property=\"og:image:type\" content=\"image\/png\" \/>\n<meta name=\"author\" content=\"apuntesdesanluis.com\" \/>\n<meta name=\"twitter:card\" content=\"summary_large_image\" \/>\n<meta name=\"twitter:label1\" content=\"Escrito por\" \/>\n\t<meta name=\"twitter:data1\" content=\"apuntesdesanluis.com\" \/>\n\t<meta name=\"twitter:label2\" content=\"Tiempo de lectura\" \/>\n\t<meta name=\"twitter:data2\" content=\"3 minutos\" \/>\n<script type=\"application\/ld+json\" class=\"yoast-schema-graph\">{\"@context\":\"https:\/\/schema.org\",\"@graph\":[{\"@type\":\"Article\",\"@id\":\"https:\/\/apuntesdesanluis.com\/index.php\/2024\/02\/19\/adorni-confirmo-la-desregulacion-de-las-obras-sociales-de-los-sindicatos\/#article\",\"isPartOf\":{\"@id\":\"https:\/\/apuntesdesanluis.com\/index.php\/2024\/02\/19\/adorni-confirmo-la-desregulacion-de-las-obras-sociales-de-los-sindicatos\/\"},\"author\":{\"name\":\"apuntesdesanluis.com\",\"@id\":\"https:\/\/apuntesdesanluis.com\/#\/schema\/person\/b55151d52296fcce64d1a72538a70b90\"},\"headline\":\"ADORNI CONFIRM\u00d3 LA DESREGULACI\u00d3N DE LAS OBRAS SOCIALES DE LOS SINDICATOS\",\"datePublished\":\"2024-02-19T14:58:15+00:00\",\"mainEntityOfPage\":{\"@id\":\"https:\/\/apuntesdesanluis.com\/index.php\/2024\/02\/19\/adorni-confirmo-la-desregulacion-de-las-obras-sociales-de-los-sindicatos\/\"},\"wordCount\":532,\"publisher\":{\"@id\":\"https:\/\/apuntesdesanluis.com\/#\/schema\/person\/b55151d52296fcce64d1a72538a70b90\"},\"image\":{\"@id\":\"https:\/\/apuntesdesanluis.com\/index.php\/2024\/02\/19\/adorni-confirmo-la-desregulacion-de-las-obras-sociales-de-los-sindicatos\/#primaryimage\"},\"thumbnailUrl\":\"https:\/\/apuntesdesanluis.com\/wp-content\/uploads\/2024\/02\/Manuel-adorni.png\",\"articleSection\":[\"Nacionales\/Internacionales\"],\"inLanguage\":\"es-AR\"},{\"@type\":\"WebPage\",\"@id\":\"https:\/\/apuntesdesanluis.com\/index.php\/2024\/02\/19\/adorni-confirmo-la-desregulacion-de-las-obras-sociales-de-los-sindicatos\/\",\"url\":\"https:\/\/apuntesdesanluis.com\/index.php\/2024\/02\/19\/adorni-confirmo-la-desregulacion-de-las-obras-sociales-de-los-sindicatos\/\",\"name\":\"ADORNI CONFIRM\u00d3 LA DESREGULACI\u00d3N DE LAS OBRAS SOCIALES DE LOS SINDICATOS - Apuntes de San Luis\",\"isPartOf\":{\"@id\":\"https:\/\/apuntesdesanluis.com\/#website\"},\"primaryImageOfPage\":{\"@id\":\"https:\/\/apuntesdesanluis.com\/index.php\/2024\/02\/19\/adorni-confirmo-la-desregulacion-de-las-obras-sociales-de-los-sindicatos\/#primaryimage\"},\"image\":{\"@id\":\"https:\/\/apuntesdesanluis.com\/index.php\/2024\/02\/19\/adorni-confirmo-la-desregulacion-de-las-obras-sociales-de-los-sindicatos\/#primaryimage\"},\"thumbnailUrl\":\"https:\/\/apuntesdesanluis.com\/wp-content\/uploads\/2024\/02\/Manuel-adorni.png\",\"datePublished\":\"2024-02-19T14:58:15+00:00\",\"breadcrumb\":{\"@id\":\"https:\/\/apuntesdesanluis.com\/index.php\/2024\/02\/19\/adorni-confirmo-la-desregulacion-de-las-obras-sociales-de-los-sindicatos\/#breadcrumb\"},\"inLanguage\":\"es-AR\",\"potentialAction\":[{\"@type\":\"ReadAction\",\"target\":[\"https:\/\/apuntesdesanluis.com\/index.php\/2024\/02\/19\/adorni-confirmo-la-desregulacion-de-las-obras-sociales-de-los-sindicatos\/\"]}]},{\"@type\":\"ImageObject\",\"inLanguage\":\"es-AR\",\"@id\":\"https:\/\/apuntesdesanluis.com\/index.php\/2024\/02\/19\/adorni-confirmo-la-desregulacion-de-las-obras-sociales-de-los-sindicatos\/#primaryimage\",\"url\":\"https:\/\/apuntesdesanluis.com\/wp-content\/uploads\/2024\/02\/Manuel-adorni.png\",\"contentUrl\":\"https:\/\/apuntesdesanluis.com\/wp-content\/uploads\/2024\/02\/Manuel-adorni.png\",\"width\":600,\"height\":397},{\"@type\":\"BreadcrumbList\",\"@id\":\"https:\/\/apuntesdesanluis.com\/index.php\/2024\/02\/19\/adorni-confirmo-la-desregulacion-de-las-obras-sociales-de-los-sindicatos\/#breadcrumb\",\"itemListElement\":[{\"@type\":\"ListItem\",\"position\":1,\"name\":\"Inicio\",\"item\":\"https:\/\/apuntesdesanluis.com\/\"},{\"@type\":\"ListItem\",\"position\":2,\"name\":\"ADORNI CONFIRM\u00d3 LA DESREGULACI\u00d3N DE LAS OBRAS SOCIALES DE LOS SINDICATOS\"}]},{\"@type\":\"WebSite\",\"@id\":\"https:\/\/apuntesdesanluis.com\/#website\",\"url\":\"https:\/\/apuntesdesanluis.com\/\",\"name\":\"Apuntes de San Luis\",\"description\":\"\",\"publisher\":{\"@id\":\"https:\/\/apuntesdesanluis.com\/#\/schema\/person\/b55151d52296fcce64d1a72538a70b90\"},\"potentialAction\":[{\"@type\":\"SearchAction\",\"target\":{\"@type\":\"EntryPoint\",\"urlTemplate\":\"https:\/\/apuntesdesanluis.com\/?s={search_term_string}\"},\"query-input\":{\"@type\":\"PropertyValueSpecification\",\"valueRequired\":true,\"valueName\":\"search_term_string\"}}],\"inLanguage\":\"es-AR\"},{\"@type\":[\"Person\",\"Organization\"],\"@id\":\"https:\/\/apuntesdesanluis.com\/#\/schema\/person\/b55151d52296fcce64d1a72538a70b90\",\"name\":\"apuntesdesanluis.com\",\"image\":{\"@type\":\"ImageObject\",\"inLanguage\":\"es-AR\",\"@id\":\"https:\/\/apuntesdesanluis.com\/#\/schema\/person\/image\/\",\"url\":\"https:\/\/apuntesdesanluis.com\/wp-content\/uploads\/2023\/07\/cropped-apuntesdesanluis.png\",\"contentUrl\":\"https:\/\/apuntesdesanluis.com\/wp-content\/uploads\/2023\/07\/cropped-apuntesdesanluis.png\",\"width\":450,\"height\":112,\"caption\":\"apuntesdesanluis.com\"},\"logo\":{\"@id\":\"https:\/\/apuntesdesanluis.com\/#\/schema\/person\/image\/\"},\"sameAs\":[\"https:\/\/apuntesdesanluis.com\"],\"url\":\"https:\/\/apuntesdesanluis.com\/index.php\/author\/apuntesdesanluis-com\/\"}]}<\/script>\n<!-- \/ Yoast SEO plugin. -->","yoast_head_json":{"title":"ADORNI CONFIRM\u00d3 LA DESREGULACI\u00d3N DE LAS OBRAS SOCIALES DE LOS SINDICATOS - Apuntes de San Luis","robots":{"index":"index","follow":"follow","max-snippet":"max-snippet:-1","max-image-preview":"max-image-preview:large","max-video-preview":"max-video-preview:-1"},"canonical":"https:\/\/apuntesdesanluis.com\/index.php\/2024\/02\/19\/adorni-confirmo-la-desregulacion-de-las-obras-sociales-de-los-sindicatos\/","og_locale":"es_ES","og_type":"article","og_title":"ADORNI CONFIRM\u00d3 LA DESREGULACI\u00d3N DE LAS OBRAS SOCIALES DE LOS SINDICATOS - Apuntes de San Luis","og_description":"De esta manera, los trabajadores tendr\u00e1n la libertad de derivar sus aportes desde el inicio...","og_url":"https:\/\/apuntesdesanluis.com\/index.php\/2024\/02\/19\/adorni-confirmo-la-desregulacion-de-las-obras-sociales-de-los-sindicatos\/","og_site_name":"Apuntes de San Luis","article_published_time":"2024-02-19T14:58:15+00:00","og_image":[{"width":600,"height":397,"url":"https:\/\/apuntesdesanluis.com\/wp-content\/uploads\/2024\/02\/Manuel-adorni.png","type":"image\/png"}],"author":"apuntesdesanluis.com","twitter_card":"summary_large_image","twitter_misc":{"Escrito por":"apuntesdesanluis.com","Tiempo de lectura":"3 minutos"},"schema":{"@context":"https:\/\/schema.org","@graph":[{"@type":"Article","@id":"https:\/\/apuntesdesanluis.com\/index.php\/2024\/02\/19\/adorni-confirmo-la-desregulacion-de-las-obras-sociales-de-los-sindicatos\/#article","isPartOf":{"@id":"https:\/\/apuntesdesanluis.com\/index.php\/2024\/02\/19\/adorni-confirmo-la-desregulacion-de-las-obras-sociales-de-los-sindicatos\/"},"author":{"name":"apuntesdesanluis.com","@id":"https:\/\/apuntesdesanluis.com\/#\/schema\/person\/b55151d52296fcce64d1a72538a70b90"},"headline":"ADORNI CONFIRM\u00d3 LA DESREGULACI\u00d3N DE LAS OBRAS SOCIALES DE LOS SINDICATOS","datePublished":"2024-02-19T14:58:15+00:00","mainEntityOfPage":{"@id":"https:\/\/apuntesdesanluis.com\/index.php\/2024\/02\/19\/adorni-confirmo-la-desregulacion-de-las-obras-sociales-de-los-sindicatos\/"},"wordCount":532,"publisher":{"@id":"https:\/\/apuntesdesanluis.com\/#\/schema\/person\/b55151d52296fcce64d1a72538a70b90"},"image":{"@id":"https:\/\/apuntesdesanluis.com\/index.php\/2024\/02\/19\/adorni-confirmo-la-desregulacion-de-las-obras-sociales-de-los-sindicatos\/#primaryimage"},"thumbnailUrl":"https:\/\/apuntesdesanluis.com\/wp-content\/uploads\/2024\/02\/Manuel-adorni.png","articleSection":["Nacionales\/Internacionales"],"inLanguage":"es-AR"},{"@type":"WebPage","@id":"https:\/\/apuntesdesanluis.com\/index.php\/2024\/02\/19\/adorni-confirmo-la-desregulacion-de-las-obras-sociales-de-los-sindicatos\/","url":"https:\/\/apuntesdesanluis.com\/index.php\/2024\/02\/19\/adorni-confirmo-la-desregulacion-de-las-obras-sociales-de-los-sindicatos\/","name":"ADORNI CONFIRM\u00d3 LA DESREGULACI\u00d3N DE LAS OBRAS SOCIALES DE LOS SINDICATOS - Apuntes de San Luis","isPartOf":{"@id":"https:\/\/apuntesdesanluis.com\/#website"},"primaryImageOfPage":{"@id":"https:\/\/apuntesdesanluis.com\/index.php\/2024\/02\/19\/adorni-confirmo-la-desregulacion-de-las-obras-sociales-de-los-sindicatos\/#primaryimage"},"image":{"@id":"https:\/\/apuntesdesanluis.com\/index.php\/2024\/02\/19\/adorni-confirmo-la-desregulacion-de-las-obras-sociales-de-los-sindicatos\/#primaryimage"},"thumbnailUrl":"https:\/\/apuntesdesanluis.com\/wp-content\/uploads\/2024\/02\/Manuel-adorni.png","datePublished":"2024-02-19T14:58:15+00:00","breadcrumb":{"@id":"https:\/\/apuntesdesanluis.com\/index.php\/2024\/02\/19\/adorni-confirmo-la-desregulacion-de-las-obras-sociales-de-los-sindicatos\/#breadcrumb"},"inLanguage":"es-AR","potentialAction":[{"@type":"ReadAction","target":["https:\/\/apuntesdesanluis.com\/index.php\/2024\/02\/19\/adorni-confirmo-la-desregulacion-de-las-obras-sociales-de-los-sindicatos\/"]}]},{"@type":"ImageObject","inLanguage":"es-AR","@id":"https:\/\/apuntesdesanluis.com\/index.php\/2024\/02\/19\/adorni-confirmo-la-desregulacion-de-las-obras-sociales-de-los-sindicatos\/#primaryimage","url":"https:\/\/apuntesdesanluis.com\/wp-content\/uploads\/2024\/02\/Manuel-adorni.png","contentUrl":"https:\/\/apuntesdesanluis.com\/wp-content\/uploads\/2024\/02\/Manuel-adorni.png","width":600,"height":397},{"@type":"BreadcrumbList","@id":"https:\/\/apuntesdesanluis.com\/index.php\/2024\/02\/19\/adorni-confirmo-la-desregulacion-de-las-obras-sociales-de-los-sindicatos\/#breadcrumb","itemListElement":[{"@type":"ListItem","position":1,"name":"Inicio","item":"https:\/\/apuntesdesanluis.com\/"},{"@type":"ListItem","position":2,"name":"ADORNI CONFIRM\u00d3 LA DESREGULACI\u00d3N DE LAS OBRAS SOCIALES DE LOS SINDICATOS"}]},{"@type":"WebSite","@id":"https:\/\/apuntesdesanluis.com\/#website","url":"https:\/\/apuntesdesanluis.com\/","name":"Apuntes de San Luis","description":"","publisher":{"@id":"https:\/\/apuntesdesanluis.com\/#\/schema\/person\/b55151d52296fcce64d1a72538a70b90"},"potentialAction":[{"@type":"SearchAction","target":{"@type":"EntryPoint","urlTemplate":"https:\/\/apuntesdesanluis.com\/?s={search_term_string}"},"query-input":{"@type":"PropertyValueSpecification","valueRequired":true,"valueName":"search_term_string"}}],"inLanguage":"es-AR"},{"@type":["Person","Organization"],"@id":"https:\/\/apuntesdesanluis.com\/#\/schema\/person\/b55151d52296fcce64d1a72538a70b90","name":"apuntesdesanluis.com","image":{"@type":"ImageObject","inLanguage":"es-AR","@id":"https:\/\/apuntesdesanluis.com\/#\/schema\/person\/image\/","url":"https:\/\/apuntesdesanluis.com\/wp-content\/uploads\/2023\/07\/cropped-apuntesdesanluis.png","contentUrl":"https:\/\/apuntesdesanluis.com\/wp-content\/uploads\/2023\/07\/cropped-apuntesdesanluis.png","width":450,"height":112,"caption":"apuntesdesanluis.com"},"logo":{"@id":"https:\/\/apuntesdesanluis.com\/#\/schema\/person\/image\/"},"sameAs":["https:\/\/apuntesdesanluis.com"],"url":"https:\/\/apuntesdesanluis.com\/index.php\/author\/apuntesdesanluis-com\/"}]}},"featured_image_urls":{"full":["https:\/\/apuntesdesanluis.com\/wp-content\/uploads\/2024\/02\/Manuel-adorni.png",600,397,false],"thumbnail":["https:\/\/apuntesdesanluis.com\/wp-content\/uploads\/2024\/02\/Manuel-adorni-150x150.png",150,150,true],"medium":["https:\/\/apuntesdesanluis.com\/wp-content\/uploads\/2024\/02\/Manuel-adorni-300x199.png",300,199,true],"medium_large":["https:\/\/apuntesdesanluis.com\/wp-content\/uploads\/2024\/02\/Manuel-adorni.png",600,397,false],"large":["https:\/\/apuntesdesanluis.com\/wp-content\/uploads\/2024\/02\/Manuel-adorni.png",600,397,false],"1536x1536":["https:\/\/apuntesdesanluis.com\/wp-content\/uploads\/2024\/02\/Manuel-adorni.png",600,397,false],"2048x2048":["https:\/\/apuntesdesanluis.com\/wp-content\/uploads\/2024\/02\/Manuel-adorni.png",600,397,false],"newsever-slider-full":["https:\/\/apuntesdesanluis.com\/wp-content\/uploads\/2024\/02\/Manuel-adorni.png",600,397,false],"newsever-featured":["https:\/\/apuntesdesanluis.com\/wp-content\/uploads\/2024\/02\/Manuel-adorni.png",600,397,false],"newsever-medium":["https:\/\/apuntesdesanluis.com\/wp-content\/uploads\/2024\/02\/Manuel-adorni.png",600,397,false]},"author_info":{"display_name":"apuntesdesanluis.com","author_link":"https:\/\/apuntesdesanluis.com\/index.php\/author\/apuntesdesanluis-com\/"},"category_info":"<a href=\"https:\/\/apuntesdesanluis.com\/index.php\/category\/nacionales-internacionales\/\" rel=\"category tag\">Nacionales\/Internacionales<\/a>","tag_info":"Nacionales\/Internacionales","comment_count":"0","_links":{"self":[{"href":"https:\/\/apuntesdesanluis.com\/index.php\/wp-json\/wp\/v2\/posts\/11919","targetHints":{"allow":["GET"]}}],"collection":[{"href":"https:\/\/apuntesdesanluis.com\/index.php\/wp-json\/wp\/v2\/posts"}],"about":[{"href":"https:\/\/apuntesdesanluis.com\/index.php\/wp-json\/wp\/v2\/types\/post"}],"author":[{"embeddable":true,"href":"https:\/\/apuntesdesanluis.com\/index.php\/wp-json\/wp\/v2\/users\/1"}],"replies":[{"embeddable":true,"href":"https:\/\/apuntesdesanluis.com\/index.php\/wp-json\/wp\/v2\/comments?post=11919"}],"version-history":[{"count":1,"href":"https:\/\/apuntesdesanluis.com\/index.php\/wp-json\/wp\/v2\/posts\/11919\/revisions"}],"predecessor-version":[{"id":11921,"href":"https:\/\/apuntesdesanluis.com\/index.php\/wp-json\/wp\/v2\/posts\/11919\/revisions\/11921"}],"wp:featuredmedia":[{"embeddable":true,"href":"https:\/\/apuntesdesanluis.com\/index.php\/wp-json\/wp\/v2\/media\/11920"}],"wp:attachment":[{"href":"https:\/\/apuntesdesanluis.com\/index.php\/wp-json\/wp\/v2\/media?parent=11919"}],"wp:term":[{"taxonomy":"category","embeddable":true,"href":"https:\/\/apuntesdesanluis.com\/index.php\/wp-json\/wp\/v2\/categories?post=11919"},{"taxonomy":"post_tag","embeddable":true,"href":"https:\/\/apuntesdesanluis.com\/index.php\/wp-json\/wp\/v2\/tags?post=11919"}],"curies":[{"name":"wp","href":"https:\/\/api.w.org\/{rel}","templated":true}]}}