{"id":11922,"date":"2024-02-19T17:17:25","date_gmt":"2024-02-19T20:17:25","guid":{"rendered":"https:\/\/apuntesdesanluis.com\/?p=11922"},"modified":"2024-02-19T17:52:28","modified_gmt":"2024-02-19T20:52:28","slug":"caso-incendio-bo-la-ribera-renuncio-la-defensa-y-se-suspendio-el-inicio-del-juicio-oral","status":"publish","type":"post","link":"https:\/\/apuntesdesanluis.com\/index.php\/2024\/02\/19\/caso-incendio-bo-la-ribera-renuncio-la-defensa-y-se-suspendio-el-inicio-del-juicio-oral\/","title":{"rendered":"CASO INCENDIO B\u00ba LA RIBERA: RENUNCI\u00d3 LA DEFENSA Y SE SUSPENDI\u00d3 EL INICIO DEL JUICIO ORAL"},"content":{"rendered":"<h3>Ante la reciente renuncia de los abogados que defend\u00edan a la acusada el tribunal reprogramar\u00e1 la fecha de su inicio.<\/h3>\n<h3>El debate oral estaba programado para iniciar ma\u00f1ana martes 20 de febrero, pero ante la renuncia aludida, el Tribunal, con el fin de aprovechar los beneficios de la oralidad y celeridad, program\u00f3 una audiencia para resolver la cuesti\u00f3n y designar una nueva fecha de inicio.<\/h3>\n<h3>Esa audiencia se desarroll\u00f3 hoy en horas de la ma\u00f1ana ante el tribunal -integrado por los Dres. Sebasti\u00e1n Cadelago Filippi como presidente, Virna Eguinoa y Mauro D`Agata Henr\u00edquez como vocales-, y tan luego que las partes se manifestaran, dispuso tener por renunciada la defensa de la acusada, designando en su lugar a la Sra. Defensora de Juicio, Dra. Roc\u00edo Mediavilla tal como lo solicit\u00f3 en la audiencia la interesada, quien enfrenta una acusaci\u00f3n por el delito de homicidio calificado por el v\u00ednculo y por alevos\u00eda, de acuerdo a un hecho ocurrido el pasado 12 de marzo en el Barrio La Ribera y que tuvo como consecuencia la muerte de una ni\u00f1a de 11 a\u00f1os de edad.<\/h3>\n<p><img fetchpriority=\"high\" decoding=\"async\" class=\"wp-image-11933 aligncenter\" src=\"https:\/\/apuntesdesanluis.com\/wp-content\/uploads\/2024\/02\/incendio-barrio-la-ribera-300x200.png\" alt=\"\" width=\"614\" height=\"409\" srcset=\"https:\/\/apuntesdesanluis.com\/wp-content\/uploads\/2024\/02\/incendio-barrio-la-ribera-300x200.png 300w, https:\/\/apuntesdesanluis.com\/wp-content\/uploads\/2024\/02\/incendio-barrio-la-ribera.png 601w\" sizes=\"(max-width: 614px) 100vw, 614px\" \/><\/p>\n<h3>Hasta diciembre pasado los abogados defensores de la imputada eran la Dra. <strong>Leticia Latini<\/strong> y el Dr. <strong>Daniel Fern\u00e1ndez<\/strong>.<\/h3>\n<h3>El presidente del Tribunal inform\u00f3 que, dadas las circunstancias referidas en momentos tan pr\u00f3ximos a la fecha de inicio del debate oral, a la necesidad de contar con un tiempo prudencial para la toma del caso por parte de la nueva defensa, como as\u00ed la apretada agenda que maneja la Oficina judicial, implican la necesidad de suspender el inicio del debate comunic\u00e1ndose oportunamente la fecha de inicio del mismo.<\/h3>\n<h3>Asimismo, resalt\u00f3 ante la solicitud de fiscal\u00eda de juicio que la prisi\u00f3n preventiva domiciliaria de la acusada tendr\u00e1 vigencia hasta la finalizaci\u00f3n del juicio oral.<\/h3>\n<h3>Como Fiscal de Juicio actuar\u00e1 el Dr. N\u00e9stor Lucero. En representaci\u00f3n del particular damnificado intervendr\u00e1 la Dra. Laura Rodr\u00edguez.<\/h3>\n<h3>El hecho sucedi\u00f3 el pasado 12 de marzo en el Barrio La Ribera donde, producto de un incendio, falleci\u00f3 Abril Fern\u00e1ndez de 11 a\u00f1os, quien conviv\u00eda con su mam\u00e1 y seg\u00fan el informe forense, falleci\u00f3 a causa de una broncoaspiraci\u00f3n. En abril, la madre de la ni\u00f1a fue imputada provisoriamente por el delito de homicidio doblemente calificado por el v\u00ednculo y por ser cometido con alevos\u00eda. En diciembre la causa fue elevada a juicio oral y la acusada viene cumpliendo una prisi\u00f3n domiciliaria.<\/h3>\n<p>&nbsp;<\/p>\n<p>&nbsp;<\/p>\n<p>&nbsp;<\/p>\n<p>&nbsp;<\/p>\n<p>&nbsp;<\/p>\n","protected":false},"excerpt":{"rendered":"<p>Ante la reciente renuncia de los abogados que defend\u00edan a la acusada el tribunal reprogramar\u00e1&#8230;<\/p>\n","protected":false},"author":1,"featured_media":7815,"comment_status":"closed","ping_status":"closed","sticky":false,"template":"","format":"standard","meta":{"footnotes":""},"categories":[6],"tags":[],"class_list":["post-11922","post","type-post","status-publish","format-standard","has-post-thumbnail","hentry","category-ciudad-provincia"],"yoast_head":"<!-- This site is optimized with the Yoast SEO plugin v26.1.1 - https:\/\/yoast.com\/wordpress\/plugins\/seo\/ -->\n<title>CASO INCENDIO B\u00ba LA RIBERA: RENUNCI\u00d3 LA DEFENSA Y SE SUSPENDI\u00d3 EL INICIO DEL JUICIO ORAL - Apuntes de San Luis<\/title>\n<meta name=\"robots\" content=\"index, follow, max-snippet:-1, max-image-preview:large, max-video-preview:-1\" \/>\n<link rel=\"canonical\" href=\"https:\/\/apuntesdesanluis.com\/index.php\/2024\/02\/19\/caso-incendio-bo-la-ribera-renuncio-la-defensa-y-se-suspendio-el-inicio-del-juicio-oral\/\" \/>\n<meta property=\"og:locale\" content=\"es_ES\" \/>\n<meta property=\"og:type\" content=\"article\" \/>\n<meta property=\"og:title\" content=\"CASO INCENDIO B\u00ba LA RIBERA: RENUNCI\u00d3 LA DEFENSA Y SE SUSPENDI\u00d3 EL INICIO DEL JUICIO ORAL - Apuntes de San Luis\" \/>\n<meta property=\"og:description\" content=\"Ante la reciente renuncia de los abogados que defend\u00edan a la acusada el tribunal reprogramar\u00e1...\" \/>\n<meta property=\"og:url\" content=\"https:\/\/apuntesdesanluis.com\/index.php\/2024\/02\/19\/caso-incendio-bo-la-ribera-renuncio-la-defensa-y-se-suspendio-el-inicio-del-juicio-oral\/\" \/>\n<meta property=\"og:site_name\" content=\"Apuntes de San Luis\" \/>\n<meta property=\"article:published_time\" content=\"2024-02-19T20:17:25+00:00\" \/>\n<meta property=\"article:modified_time\" content=\"2024-02-19T20:52:28+00:00\" \/>\n<meta property=\"og:image\" content=\"https:\/\/apuntesdesanluis.com\/wp-content\/uploads\/2023\/12\/incendio-barrio-la-ribera.png\" \/>\n\t<meta property=\"og:image:width\" content=\"564\" \/>\n\t<meta property=\"og:image:height\" content=\"282\" \/>\n\t<meta property=\"og:image:type\" content=\"image\/png\" \/>\n<meta name=\"author\" content=\"apuntesdesanluis.com\" \/>\n<meta name=\"twitter:card\" content=\"summary_large_image\" \/>\n<meta name=\"twitter:label1\" content=\"Escrito por\" \/>\n\t<meta name=\"twitter:data1\" content=\"apuntesdesanluis.com\" \/>\n\t<meta name=\"twitter:label2\" content=\"Tiempo de lectura\" \/>\n\t<meta name=\"twitter:data2\" content=\"3 minutos\" \/>\n<script type=\"application\/ld+json\" class=\"yoast-schema-graph\">{\"@context\":\"https:\/\/schema.org\",\"@graph\":[{\"@type\":\"Article\",\"@id\":\"https:\/\/apuntesdesanluis.com\/index.php\/2024\/02\/19\/caso-incendio-bo-la-ribera-renuncio-la-defensa-y-se-suspendio-el-inicio-del-juicio-oral\/#article\",\"isPartOf\":{\"@id\":\"https:\/\/apuntesdesanluis.com\/index.php\/2024\/02\/19\/caso-incendio-bo-la-ribera-renuncio-la-defensa-y-se-suspendio-el-inicio-del-juicio-oral\/\"},\"author\":{\"name\":\"apuntesdesanluis.com\",\"@id\":\"https:\/\/apuntesdesanluis.com\/#\/schema\/person\/b55151d52296fcce64d1a72538a70b90\"},\"headline\":\"CASO INCENDIO B\u00ba LA RIBERA: RENUNCI\u00d3 LA DEFENSA Y SE SUSPENDI\u00d3 EL INICIO DEL JUICIO ORAL\",\"datePublished\":\"2024-02-19T20:17:25+00:00\",\"dateModified\":\"2024-02-19T20:52:28+00:00\",\"mainEntityOfPage\":{\"@id\":\"https:\/\/apuntesdesanluis.com\/index.php\/2024\/02\/19\/caso-incendio-bo-la-ribera-renuncio-la-defensa-y-se-suspendio-el-inicio-del-juicio-oral\/\"},\"wordCount\":443,\"publisher\":{\"@id\":\"https:\/\/apuntesdesanluis.com\/#\/schema\/person\/b55151d52296fcce64d1a72538a70b90\"},\"image\":{\"@id\":\"https:\/\/apuntesdesanluis.com\/index.php\/2024\/02\/19\/caso-incendio-bo-la-ribera-renuncio-la-defensa-y-se-suspendio-el-inicio-del-juicio-oral\/#primaryimage\"},\"thumbnailUrl\":\"https:\/\/apuntesdesanluis.com\/wp-content\/uploads\/2023\/12\/incendio-barrio-la-ribera.png\",\"articleSection\":[\"Ciudad\/Provincia\"],\"inLanguage\":\"es-AR\"},{\"@type\":\"WebPage\",\"@id\":\"https:\/\/apuntesdesanluis.com\/index.php\/2024\/02\/19\/caso-incendio-bo-la-ribera-renuncio-la-defensa-y-se-suspendio-el-inicio-del-juicio-oral\/\",\"url\":\"https:\/\/apuntesdesanluis.com\/index.php\/2024\/02\/19\/caso-incendio-bo-la-ribera-renuncio-la-defensa-y-se-suspendio-el-inicio-del-juicio-oral\/\",\"name\":\"CASO INCENDIO B\u00ba LA RIBERA: RENUNCI\u00d3 LA DEFENSA Y SE SUSPENDI\u00d3 EL INICIO DEL JUICIO ORAL - Apuntes de San Luis\",\"isPartOf\":{\"@id\":\"https:\/\/apuntesdesanluis.com\/#website\"},\"primaryImageOfPage\":{\"@id\":\"https:\/\/apuntesdesanluis.com\/index.php\/2024\/02\/19\/caso-incendio-bo-la-ribera-renuncio-la-defensa-y-se-suspendio-el-inicio-del-juicio-oral\/#primaryimage\"},\"image\":{\"@id\":\"https:\/\/apuntesdesanluis.com\/index.php\/2024\/02\/19\/caso-incendio-bo-la-ribera-renuncio-la-defensa-y-se-suspendio-el-inicio-del-juicio-oral\/#primaryimage\"},\"thumbnailUrl\":\"https:\/\/apuntesdesanluis.com\/wp-content\/uploads\/2023\/12\/incendio-barrio-la-ribera.png\",\"datePublished\":\"2024-02-19T20:17:25+00:00\",\"dateModified\":\"2024-02-19T20:52:28+00:00\",\"breadcrumb\":{\"@id\":\"https:\/\/apuntesdesanluis.com\/index.php\/2024\/02\/19\/caso-incendio-bo-la-ribera-renuncio-la-defensa-y-se-suspendio-el-inicio-del-juicio-oral\/#breadcrumb\"},\"inLanguage\":\"es-AR\",\"potentialAction\":[{\"@type\":\"ReadAction\",\"target\":[\"https:\/\/apuntesdesanluis.com\/index.php\/2024\/02\/19\/caso-incendio-bo-la-ribera-renuncio-la-defensa-y-se-suspendio-el-inicio-del-juicio-oral\/\"]}]},{\"@type\":\"ImageObject\",\"inLanguage\":\"es-AR\",\"@id\":\"https:\/\/apuntesdesanluis.com\/index.php\/2024\/02\/19\/caso-incendio-bo-la-ribera-renuncio-la-defensa-y-se-suspendio-el-inicio-del-juicio-oral\/#primaryimage\",\"url\":\"https:\/\/apuntesdesanluis.com\/wp-content\/uploads\/2023\/12\/incendio-barrio-la-ribera.png\",\"contentUrl\":\"https:\/\/apuntesdesanluis.com\/wp-content\/uploads\/2023\/12\/incendio-barrio-la-ribera.png\",\"width\":564,\"height\":282},{\"@type\":\"BreadcrumbList\",\"@id\":\"https:\/\/apuntesdesanluis.com\/index.php\/2024\/02\/19\/caso-incendio-bo-la-ribera-renuncio-la-defensa-y-se-suspendio-el-inicio-del-juicio-oral\/#breadcrumb\",\"itemListElement\":[{\"@type\":\"ListItem\",\"position\":1,\"name\":\"Inicio\",\"item\":\"https:\/\/apuntesdesanluis.com\/\"},{\"@type\":\"ListItem\",\"position\":2,\"name\":\"CASO INCENDIO B\u00ba LA RIBERA: RENUNCI\u00d3 LA DEFENSA Y SE SUSPENDI\u00d3 EL INICIO DEL JUICIO ORAL\"}]},{\"@type\":\"WebSite\",\"@id\":\"https:\/\/apuntesdesanluis.com\/#website\",\"url\":\"https:\/\/apuntesdesanluis.com\/\",\"name\":\"Apuntes de San Luis\",\"description\":\"\",\"publisher\":{\"@id\":\"https:\/\/apuntesdesanluis.com\/#\/schema\/person\/b55151d52296fcce64d1a72538a70b90\"},\"potentialAction\":[{\"@type\":\"SearchAction\",\"target\":{\"@type\":\"EntryPoint\",\"urlTemplate\":\"https:\/\/apuntesdesanluis.com\/?s={search_term_string}\"},\"query-input\":{\"@type\":\"PropertyValueSpecification\",\"valueRequired\":true,\"valueName\":\"search_term_string\"}}],\"inLanguage\":\"es-AR\"},{\"@type\":[\"Person\",\"Organization\"],\"@id\":\"https:\/\/apuntesdesanluis.com\/#\/schema\/person\/b55151d52296fcce64d1a72538a70b90\",\"name\":\"apuntesdesanluis.com\",\"image\":{\"@type\":\"ImageObject\",\"inLanguage\":\"es-AR\",\"@id\":\"https:\/\/apuntesdesanluis.com\/#\/schema\/person\/image\/\",\"url\":\"https:\/\/apuntesdesanluis.com\/wp-content\/uploads\/2023\/07\/cropped-apuntesdesanluis.png\",\"contentUrl\":\"https:\/\/apuntesdesanluis.com\/wp-content\/uploads\/2023\/07\/cropped-apuntesdesanluis.png\",\"width\":450,\"height\":112,\"caption\":\"apuntesdesanluis.com\"},\"logo\":{\"@id\":\"https:\/\/apuntesdesanluis.com\/#\/schema\/person\/image\/\"},\"sameAs\":[\"https:\/\/apuntesdesanluis.com\"],\"url\":\"https:\/\/apuntesdesanluis.com\/index.php\/author\/apuntesdesanluis-com\/\"}]}<\/script>\n<!-- \/ Yoast SEO plugin. -->","yoast_head_json":{"title":"CASO INCENDIO B\u00ba LA RIBERA: RENUNCI\u00d3 LA DEFENSA Y SE SUSPENDI\u00d3 EL INICIO DEL JUICIO ORAL - Apuntes de San Luis","robots":{"index":"index","follow":"follow","max-snippet":"max-snippet:-1","max-image-preview":"max-image-preview:large","max-video-preview":"max-video-preview:-1"},"canonical":"https:\/\/apuntesdesanluis.com\/index.php\/2024\/02\/19\/caso-incendio-bo-la-ribera-renuncio-la-defensa-y-se-suspendio-el-inicio-del-juicio-oral\/","og_locale":"es_ES","og_type":"article","og_title":"CASO INCENDIO B\u00ba LA RIBERA: RENUNCI\u00d3 LA DEFENSA Y SE SUSPENDI\u00d3 EL INICIO DEL JUICIO ORAL - Apuntes de San Luis","og_description":"Ante la reciente renuncia de los abogados que defend\u00edan a la acusada el tribunal reprogramar\u00e1...","og_url":"https:\/\/apuntesdesanluis.com\/index.php\/2024\/02\/19\/caso-incendio-bo-la-ribera-renuncio-la-defensa-y-se-suspendio-el-inicio-del-juicio-oral\/","og_site_name":"Apuntes de San Luis","article_published_time":"2024-02-19T20:17:25+00:00","article_modified_time":"2024-02-19T20:52:28+00:00","og_image":[{"width":564,"height":282,"url":"https:\/\/apuntesdesanluis.com\/wp-content\/uploads\/2023\/12\/incendio-barrio-la-ribera.png","type":"image\/png"}],"author":"apuntesdesanluis.com","twitter_card":"summary_large_image","twitter_misc":{"Escrito por":"apuntesdesanluis.com","Tiempo de lectura":"3 minutos"},"schema":{"@context":"https:\/\/schema.org","@graph":[{"@type":"Article","@id":"https:\/\/apuntesdesanluis.com\/index.php\/2024\/02\/19\/caso-incendio-bo-la-ribera-renuncio-la-defensa-y-se-suspendio-el-inicio-del-juicio-oral\/#article","isPartOf":{"@id":"https:\/\/apuntesdesanluis.com\/index.php\/2024\/02\/19\/caso-incendio-bo-la-ribera-renuncio-la-defensa-y-se-suspendio-el-inicio-del-juicio-oral\/"},"author":{"name":"apuntesdesanluis.com","@id":"https:\/\/apuntesdesanluis.com\/#\/schema\/person\/b55151d52296fcce64d1a72538a70b90"},"headline":"CASO INCENDIO B\u00ba LA RIBERA: RENUNCI\u00d3 LA DEFENSA Y SE SUSPENDI\u00d3 EL INICIO DEL JUICIO ORAL","datePublished":"2024-02-19T20:17:25+00:00","dateModified":"2024-02-19T20:52:28+00:00","mainEntityOfPage":{"@id":"https:\/\/apuntesdesanluis.com\/index.php\/2024\/02\/19\/caso-incendio-bo-la-ribera-renuncio-la-defensa-y-se-suspendio-el-inicio-del-juicio-oral\/"},"wordCount":443,"publisher":{"@id":"https:\/\/apuntesdesanluis.com\/#\/schema\/person\/b55151d52296fcce64d1a72538a70b90"},"image":{"@id":"https:\/\/apuntesdesanluis.com\/index.php\/2024\/02\/19\/caso-incendio-bo-la-ribera-renuncio-la-defensa-y-se-suspendio-el-inicio-del-juicio-oral\/#primaryimage"},"thumbnailUrl":"https:\/\/apuntesdesanluis.com\/wp-content\/uploads\/2023\/12\/incendio-barrio-la-ribera.png","articleSection":["Ciudad\/Provincia"],"inLanguage":"es-AR"},{"@type":"WebPage","@id":"https:\/\/apuntesdesanluis.com\/index.php\/2024\/02\/19\/caso-incendio-bo-la-ribera-renuncio-la-defensa-y-se-suspendio-el-inicio-del-juicio-oral\/","url":"https:\/\/apuntesdesanluis.com\/index.php\/2024\/02\/19\/caso-incendio-bo-la-ribera-renuncio-la-defensa-y-se-suspendio-el-inicio-del-juicio-oral\/","name":"CASO INCENDIO B\u00ba LA RIBERA: RENUNCI\u00d3 LA DEFENSA Y SE SUSPENDI\u00d3 EL INICIO DEL JUICIO ORAL - Apuntes de San Luis","isPartOf":{"@id":"https:\/\/apuntesdesanluis.com\/#website"},"primaryImageOfPage":{"@id":"https:\/\/apuntesdesanluis.com\/index.php\/2024\/02\/19\/caso-incendio-bo-la-ribera-renuncio-la-defensa-y-se-suspendio-el-inicio-del-juicio-oral\/#primaryimage"},"image":{"@id":"https:\/\/apuntesdesanluis.com\/index.php\/2024\/02\/19\/caso-incendio-bo-la-ribera-renuncio-la-defensa-y-se-suspendio-el-inicio-del-juicio-oral\/#primaryimage"},"thumbnailUrl":"https:\/\/apuntesdesanluis.com\/wp-content\/uploads\/2023\/12\/incendio-barrio-la-ribera.png","datePublished":"2024-02-19T20:17:25+00:00","dateModified":"2024-02-19T20:52:28+00:00","breadcrumb":{"@id":"https:\/\/apuntesdesanluis.com\/index.php\/2024\/02\/19\/caso-incendio-bo-la-ribera-renuncio-la-defensa-y-se-suspendio-el-inicio-del-juicio-oral\/#breadcrumb"},"inLanguage":"es-AR","potentialAction":[{"@type":"ReadAction","target":["https:\/\/apuntesdesanluis.com\/index.php\/2024\/02\/19\/caso-incendio-bo-la-ribera-renuncio-la-defensa-y-se-suspendio-el-inicio-del-juicio-oral\/"]}]},{"@type":"ImageObject","inLanguage":"es-AR","@id":"https:\/\/apuntesdesanluis.com\/index.php\/2024\/02\/19\/caso-incendio-bo-la-ribera-renuncio-la-defensa-y-se-suspendio-el-inicio-del-juicio-oral\/#primaryimage","url":"https:\/\/apuntesdesanluis.com\/wp-content\/uploads\/2023\/12\/incendio-barrio-la-ribera.png","contentUrl":"https:\/\/apuntesdesanluis.com\/wp-content\/uploads\/2023\/12\/incendio-barrio-la-ribera.png","width":564,"height":282},{"@type":"BreadcrumbList","@id":"https:\/\/apuntesdesanluis.com\/index.php\/2024\/02\/19\/caso-incendio-bo-la-ribera-renuncio-la-defensa-y-se-suspendio-el-inicio-del-juicio-oral\/#breadcrumb","itemListElement":[{"@type":"ListItem","position":1,"name":"Inicio","item":"https:\/\/apuntesdesanluis.com\/"},{"@type":"ListItem","position":2,"name":"CASO INCENDIO B\u00ba LA RIBERA: RENUNCI\u00d3 LA DEFENSA Y SE SUSPENDI\u00d3 EL INICIO DEL JUICIO ORAL"}]},{"@type":"WebSite","@id":"https:\/\/apuntesdesanluis.com\/#website","url":"https:\/\/apuntesdesanluis.com\/","name":"Apuntes de San Luis","description":"","publisher":{"@id":"https:\/\/apuntesdesanluis.com\/#\/schema\/person\/b55151d52296fcce64d1a72538a70b90"},"potentialAction":[{"@type":"SearchAction","target":{"@type":"EntryPoint","urlTemplate":"https:\/\/apuntesdesanluis.com\/?s={search_term_string}"},"query-input":{"@type":"PropertyValueSpecification","valueRequired":true,"valueName":"search_term_string"}}],"inLanguage":"es-AR"},{"@type":["Person","Organization"],"@id":"https:\/\/apuntesdesanluis.com\/#\/schema\/person\/b55151d52296fcce64d1a72538a70b90","name":"apuntesdesanluis.com","image":{"@type":"ImageObject","inLanguage":"es-AR","@id":"https:\/\/apuntesdesanluis.com\/#\/schema\/person\/image\/","url":"https:\/\/apuntesdesanluis.com\/wp-content\/uploads\/2023\/07\/cropped-apuntesdesanluis.png","contentUrl":"https:\/\/apuntesdesanluis.com\/wp-content\/uploads\/2023\/07\/cropped-apuntesdesanluis.png","width":450,"height":112,"caption":"apuntesdesanluis.com"},"logo":{"@id":"https:\/\/apuntesdesanluis.com\/#\/schema\/person\/image\/"},"sameAs":["https:\/\/apuntesdesanluis.com"],"url":"https:\/\/apuntesdesanluis.com\/index.php\/author\/apuntesdesanluis-com\/"}]}},"featured_image_urls":{"full":["https:\/\/apuntesdesanluis.com\/wp-content\/uploads\/2023\/12\/incendio-barrio-la-ribera.png",564,282,false],"thumbnail":["https:\/\/apuntesdesanluis.com\/wp-content\/uploads\/2023\/12\/incendio-barrio-la-ribera-150x150.png",150,150,true],"medium":["https:\/\/apuntesdesanluis.com\/wp-content\/uploads\/2023\/12\/incendio-barrio-la-ribera-300x150.png",300,150,true],"medium_large":["https:\/\/apuntesdesanluis.com\/wp-content\/uploads\/2023\/12\/incendio-barrio-la-ribera.png",564,282,false],"large":["https:\/\/apuntesdesanluis.com\/wp-content\/uploads\/2023\/12\/incendio-barrio-la-ribera.png",564,282,false],"1536x1536":["https:\/\/apuntesdesanluis.com\/wp-content\/uploads\/2023\/12\/incendio-barrio-la-ribera.png",564,282,false],"2048x2048":["https:\/\/apuntesdesanluis.com\/wp-content\/uploads\/2023\/12\/incendio-barrio-la-ribera.png",564,282,false],"newsever-slider-full":["https:\/\/apuntesdesanluis.com\/wp-content\/uploads\/2023\/12\/incendio-barrio-la-ribera.png",564,282,false],"newsever-featured":["https:\/\/apuntesdesanluis.com\/wp-content\/uploads\/2023\/12\/incendio-barrio-la-ribera.png",564,282,false],"newsever-medium":["https:\/\/apuntesdesanluis.com\/wp-content\/uploads\/2023\/12\/incendio-barrio-la-ribera.png",564,282,false]},"author_info":{"display_name":"apuntesdesanluis.com","author_link":"https:\/\/apuntesdesanluis.com\/index.php\/author\/apuntesdesanluis-com\/"},"category_info":"<a href=\"https:\/\/apuntesdesanluis.com\/index.php\/category\/ciudad-provincia\/\" rel=\"category tag\">Ciudad\/Provincia<\/a>","tag_info":"Ciudad\/Provincia","comment_count":"0","_links":{"self":[{"href":"https:\/\/apuntesdesanluis.com\/index.php\/wp-json\/wp\/v2\/posts\/11922","targetHints":{"allow":["GET"]}}],"collection":[{"href":"https:\/\/apuntesdesanluis.com\/index.php\/wp-json\/wp\/v2\/posts"}],"about":[{"href":"https:\/\/apuntesdesanluis.com\/index.php\/wp-json\/wp\/v2\/types\/post"}],"author":[{"embeddable":true,"href":"https:\/\/apuntesdesanluis.com\/index.php\/wp-json\/wp\/v2\/users\/1"}],"replies":[{"embeddable":true,"href":"https:\/\/apuntesdesanluis.com\/index.php\/wp-json\/wp\/v2\/comments?post=11922"}],"version-history":[{"count":3,"href":"https:\/\/apuntesdesanluis.com\/index.php\/wp-json\/wp\/v2\/posts\/11922\/revisions"}],"predecessor-version":[{"id":11934,"href":"https:\/\/apuntesdesanluis.com\/index.php\/wp-json\/wp\/v2\/posts\/11922\/revisions\/11934"}],"wp:featuredmedia":[{"embeddable":true,"href":"https:\/\/apuntesdesanluis.com\/index.php\/wp-json\/wp\/v2\/media\/7815"}],"wp:attachment":[{"href":"https:\/\/apuntesdesanluis.com\/index.php\/wp-json\/wp\/v2\/media?parent=11922"}],"wp:term":[{"taxonomy":"category","embeddable":true,"href":"https:\/\/apuntesdesanluis.com\/index.php\/wp-json\/wp\/v2\/categories?post=11922"},{"taxonomy":"post_tag","embeddable":true,"href":"https:\/\/apuntesdesanluis.com\/index.php\/wp-json\/wp\/v2\/tags?post=11922"}],"curies":[{"name":"wp","href":"https:\/\/api.w.org\/{rel}","templated":true}]}}