{"id":11928,"date":"2024-02-19T17:39:14","date_gmt":"2024-02-19T20:39:14","guid":{"rendered":"https:\/\/apuntesdesanluis.com\/?p=11928"},"modified":"2024-02-19T17:41:05","modified_gmt":"2024-02-19T20:41:05","slug":"pelea-por-fondos-claves-la-cgt-amenaza-al-gobierno-con-otro-paro-luego-de-la-desregulacion-de-la-salud","status":"publish","type":"post","link":"https:\/\/apuntesdesanluis.com\/index.php\/2024\/02\/19\/pelea-por-fondos-claves-la-cgt-amenaza-al-gobierno-con-otro-paro-luego-de-la-desregulacion-de-la-salud\/","title":{"rendered":"PELEA POR FONDOS CLAVES: LA CGT AMENAZA AL GOBIERNO CON OTRO PARO, LUEGO DE LA DESREGULACI\u00d3N DE LA SALUD"},"content":{"rendered":"<h3>Si bien existen dirigentes dialoguistas, conflictos como la desregulaci\u00f3n de obras sociales y el salario m\u00ednimo apuntan a una nueva medida de fuerza, que podr\u00eda ser en el mes de marzo.<\/h3>\n<h3>La central sindical analiza la posibilidad de llevar adelante un nuevo paro general ante los conflictos abiertos en diversos sectores como el de los trenes, la falta de acuerdo para ajustar el salario m\u00ednimo, vital y m\u00f3vil y, principalmente, la reciente decisi\u00f3n de desregular las obras sociales.<\/h3>\n<h3>As\u00ed lo confirm\u00f3 Jorge Sola, el secretario de Prensa y Comunicaci\u00f3n de la CGT. &#8220;La conflictividad est\u00e1 creciendo cada vez y est\u00e1 siendo por actividades, que seguramente terminar\u00e1 en una general. Por ejemplo, esta semana est\u00e1 llamado a un paro por parte de los conductores de trenes, a mediados de semana. Esto va a empezar a suceder en muchos lados&#8221;, advirti\u00f3 el dirigente de la CGT.<\/h3>\n<h3>&#8220;El Presidente habla con desconocimiento de la ley que rige sobre el salario m\u00ednimo, vital y m\u00f3vil, porque es una obligaci\u00f3n por parte del Gobierno, a trav\u00e9s de la Secretar\u00eda de Estado. Tiene que laudar cuando no se llega a los dos tercios de los votos en el Consejo del Salario&#8221;, remarc\u00f3 Sola.<\/h3>\n<h3>Sola, en ese marco, dijo que el conflicto entre las partes seguir\u00e1 increment\u00e1ndose y derivar\u00e1 en medidas de fuerza de diferentes sectores, lo que luego dar\u00eda paso a una segunda huelga general en la gesti\u00f3n Milei.<\/h3>\n<h3>La central sindical reclamaba un incremento del salario m\u00ednimo que lo lleve desde los actuales $156.000 hasta los $288.600. La reuni\u00f3n de la semana pasada fracas\u00f3 y el Gobierno tiene plazo hasta este martes para disponer un aumento por decreto, pese a que Milei dijo recientemente que &#8220;eso de fijar precios m\u00ednimos no nos gusta, es una cuesti\u00f3n que deben abordar los trabajadores con sus empleadores&#8221;.<\/h3>\n<h3>La dirigencia sindical en principio eval\u00faa disponer un paro con movilizaci\u00f3n en el pr\u00f3ximo mes de marzo.<\/h3>\n<p>&nbsp;<\/p>\n<p>&nbsp;<\/p>\n<p>&nbsp;<\/p>\n<p>&nbsp;<\/p>\n<p>&nbsp;<\/p>\n<p>&nbsp;<\/p>\n","protected":false},"excerpt":{"rendered":"<p>Si bien existen dirigentes dialoguistas, conflictos como la desregulaci\u00f3n de obras sociales y el salario&#8230;<\/p>\n","protected":false},"author":1,"featured_media":11929,"comment_status":"closed","ping_status":"closed","sticky":false,"template":"","format":"standard","meta":{"footnotes":""},"categories":[5],"tags":[],"class_list":["post-11928","post","type-post","status-publish","format-standard","has-post-thumbnail","hentry","category-nacionales-internacionales"],"yoast_head":"<!-- This site is optimized with the Yoast SEO plugin v26.1.1 - https:\/\/yoast.com\/wordpress\/plugins\/seo\/ -->\n<title>PELEA POR FONDOS CLAVES: LA CGT AMENAZA AL GOBIERNO CON OTRO PARO, LUEGO DE LA DESREGULACI\u00d3N DE LA SALUD - Apuntes de San Luis<\/title>\n<meta name=\"robots\" content=\"index, follow, max-snippet:-1, max-image-preview:large, max-video-preview:-1\" \/>\n<link rel=\"canonical\" href=\"https:\/\/apuntesdesanluis.com\/index.php\/2024\/02\/19\/pelea-por-fondos-claves-la-cgt-amenaza-al-gobierno-con-otro-paro-luego-de-la-desregulacion-de-la-salud\/\" \/>\n<meta property=\"og:locale\" content=\"es_ES\" \/>\n<meta property=\"og:type\" content=\"article\" \/>\n<meta property=\"og:title\" content=\"PELEA POR FONDOS CLAVES: LA CGT AMENAZA AL GOBIERNO CON OTRO PARO, LUEGO DE LA DESREGULACI\u00d3N DE LA SALUD - Apuntes de San Luis\" \/>\n<meta property=\"og:description\" content=\"Si bien existen dirigentes dialoguistas, conflictos como la desregulaci\u00f3n de obras sociales y el salario...\" \/>\n<meta property=\"og:url\" content=\"https:\/\/apuntesdesanluis.com\/index.php\/2024\/02\/19\/pelea-por-fondos-claves-la-cgt-amenaza-al-gobierno-con-otro-paro-luego-de-la-desregulacion-de-la-salud\/\" \/>\n<meta property=\"og:site_name\" content=\"Apuntes de San Luis\" \/>\n<meta property=\"article:published_time\" content=\"2024-02-19T20:39:14+00:00\" \/>\n<meta property=\"article:modified_time\" content=\"2024-02-19T20:41:05+00:00\" \/>\n<meta property=\"og:image\" content=\"https:\/\/apuntesdesanluis.com\/wp-content\/uploads\/2024\/02\/CGT.png\" \/>\n\t<meta property=\"og:image:width\" content=\"600\" \/>\n\t<meta property=\"og:image:height\" content=\"363\" \/>\n\t<meta property=\"og:image:type\" content=\"image\/png\" \/>\n<meta name=\"author\" content=\"apuntesdesanluis.com\" \/>\n<meta name=\"twitter:card\" content=\"summary_large_image\" \/>\n<meta name=\"twitter:label1\" content=\"Escrito por\" \/>\n\t<meta name=\"twitter:data1\" content=\"apuntesdesanluis.com\" \/>\n\t<meta name=\"twitter:label2\" content=\"Tiempo de lectura\" \/>\n\t<meta name=\"twitter:data2\" content=\"2 minutos\" \/>\n<script type=\"application\/ld+json\" class=\"yoast-schema-graph\">{\"@context\":\"https:\/\/schema.org\",\"@graph\":[{\"@type\":\"Article\",\"@id\":\"https:\/\/apuntesdesanluis.com\/index.php\/2024\/02\/19\/pelea-por-fondos-claves-la-cgt-amenaza-al-gobierno-con-otro-paro-luego-de-la-desregulacion-de-la-salud\/#article\",\"isPartOf\":{\"@id\":\"https:\/\/apuntesdesanluis.com\/index.php\/2024\/02\/19\/pelea-por-fondos-claves-la-cgt-amenaza-al-gobierno-con-otro-paro-luego-de-la-desregulacion-de-la-salud\/\"},\"author\":{\"name\":\"apuntesdesanluis.com\",\"@id\":\"https:\/\/apuntesdesanluis.com\/#\/schema\/person\/b55151d52296fcce64d1a72538a70b90\"},\"headline\":\"PELEA POR FONDOS CLAVES: LA CGT AMENAZA AL GOBIERNO CON OTRO PARO, LUEGO DE LA DESREGULACI\u00d3N DE LA SALUD\",\"datePublished\":\"2024-02-19T20:39:14+00:00\",\"dateModified\":\"2024-02-19T20:41:05+00:00\",\"mainEntityOfPage\":{\"@id\":\"https:\/\/apuntesdesanluis.com\/index.php\/2024\/02\/19\/pelea-por-fondos-claves-la-cgt-amenaza-al-gobierno-con-otro-paro-luego-de-la-desregulacion-de-la-salud\/\"},\"wordCount\":362,\"publisher\":{\"@id\":\"https:\/\/apuntesdesanluis.com\/#\/schema\/person\/b55151d52296fcce64d1a72538a70b90\"},\"image\":{\"@id\":\"https:\/\/apuntesdesanluis.com\/index.php\/2024\/02\/19\/pelea-por-fondos-claves-la-cgt-amenaza-al-gobierno-con-otro-paro-luego-de-la-desregulacion-de-la-salud\/#primaryimage\"},\"thumbnailUrl\":\"https:\/\/apuntesdesanluis.com\/wp-content\/uploads\/2024\/02\/CGT.png\",\"articleSection\":[\"Nacionales\/Internacionales\"],\"inLanguage\":\"es-AR\"},{\"@type\":\"WebPage\",\"@id\":\"https:\/\/apuntesdesanluis.com\/index.php\/2024\/02\/19\/pelea-por-fondos-claves-la-cgt-amenaza-al-gobierno-con-otro-paro-luego-de-la-desregulacion-de-la-salud\/\",\"url\":\"https:\/\/apuntesdesanluis.com\/index.php\/2024\/02\/19\/pelea-por-fondos-claves-la-cgt-amenaza-al-gobierno-con-otro-paro-luego-de-la-desregulacion-de-la-salud\/\",\"name\":\"PELEA POR FONDOS CLAVES: LA CGT AMENAZA AL GOBIERNO CON OTRO PARO, LUEGO DE LA DESREGULACI\u00d3N DE LA SALUD - Apuntes de San Luis\",\"isPartOf\":{\"@id\":\"https:\/\/apuntesdesanluis.com\/#website\"},\"primaryImageOfPage\":{\"@id\":\"https:\/\/apuntesdesanluis.com\/index.php\/2024\/02\/19\/pelea-por-fondos-claves-la-cgt-amenaza-al-gobierno-con-otro-paro-luego-de-la-desregulacion-de-la-salud\/#primaryimage\"},\"image\":{\"@id\":\"https:\/\/apuntesdesanluis.com\/index.php\/2024\/02\/19\/pelea-por-fondos-claves-la-cgt-amenaza-al-gobierno-con-otro-paro-luego-de-la-desregulacion-de-la-salud\/#primaryimage\"},\"thumbnailUrl\":\"https:\/\/apuntesdesanluis.com\/wp-content\/uploads\/2024\/02\/CGT.png\",\"datePublished\":\"2024-02-19T20:39:14+00:00\",\"dateModified\":\"2024-02-19T20:41:05+00:00\",\"breadcrumb\":{\"@id\":\"https:\/\/apuntesdesanluis.com\/index.php\/2024\/02\/19\/pelea-por-fondos-claves-la-cgt-amenaza-al-gobierno-con-otro-paro-luego-de-la-desregulacion-de-la-salud\/#breadcrumb\"},\"inLanguage\":\"es-AR\",\"potentialAction\":[{\"@type\":\"ReadAction\",\"target\":[\"https:\/\/apuntesdesanluis.com\/index.php\/2024\/02\/19\/pelea-por-fondos-claves-la-cgt-amenaza-al-gobierno-con-otro-paro-luego-de-la-desregulacion-de-la-salud\/\"]}]},{\"@type\":\"ImageObject\",\"inLanguage\":\"es-AR\",\"@id\":\"https:\/\/apuntesdesanluis.com\/index.php\/2024\/02\/19\/pelea-por-fondos-claves-la-cgt-amenaza-al-gobierno-con-otro-paro-luego-de-la-desregulacion-de-la-salud\/#primaryimage\",\"url\":\"https:\/\/apuntesdesanluis.com\/wp-content\/uploads\/2024\/02\/CGT.png\",\"contentUrl\":\"https:\/\/apuntesdesanluis.com\/wp-content\/uploads\/2024\/02\/CGT.png\",\"width\":600,\"height\":363},{\"@type\":\"BreadcrumbList\",\"@id\":\"https:\/\/apuntesdesanluis.com\/index.php\/2024\/02\/19\/pelea-por-fondos-claves-la-cgt-amenaza-al-gobierno-con-otro-paro-luego-de-la-desregulacion-de-la-salud\/#breadcrumb\",\"itemListElement\":[{\"@type\":\"ListItem\",\"position\":1,\"name\":\"Inicio\",\"item\":\"https:\/\/apuntesdesanluis.com\/\"},{\"@type\":\"ListItem\",\"position\":2,\"name\":\"PELEA POR FONDOS CLAVES: LA CGT AMENAZA AL GOBIERNO CON OTRO PARO, LUEGO DE LA DESREGULACI\u00d3N DE LA SALUD\"}]},{\"@type\":\"WebSite\",\"@id\":\"https:\/\/apuntesdesanluis.com\/#website\",\"url\":\"https:\/\/apuntesdesanluis.com\/\",\"name\":\"Apuntes de San Luis\",\"description\":\"\",\"publisher\":{\"@id\":\"https:\/\/apuntesdesanluis.com\/#\/schema\/person\/b55151d52296fcce64d1a72538a70b90\"},\"potentialAction\":[{\"@type\":\"SearchAction\",\"target\":{\"@type\":\"EntryPoint\",\"urlTemplate\":\"https:\/\/apuntesdesanluis.com\/?s={search_term_string}\"},\"query-input\":{\"@type\":\"PropertyValueSpecification\",\"valueRequired\":true,\"valueName\":\"search_term_string\"}}],\"inLanguage\":\"es-AR\"},{\"@type\":[\"Person\",\"Organization\"],\"@id\":\"https:\/\/apuntesdesanluis.com\/#\/schema\/person\/b55151d52296fcce64d1a72538a70b90\",\"name\":\"apuntesdesanluis.com\",\"image\":{\"@type\":\"ImageObject\",\"inLanguage\":\"es-AR\",\"@id\":\"https:\/\/apuntesdesanluis.com\/#\/schema\/person\/image\/\",\"url\":\"https:\/\/apuntesdesanluis.com\/wp-content\/uploads\/2023\/07\/cropped-apuntesdesanluis.png\",\"contentUrl\":\"https:\/\/apuntesdesanluis.com\/wp-content\/uploads\/2023\/07\/cropped-apuntesdesanluis.png\",\"width\":450,\"height\":112,\"caption\":\"apuntesdesanluis.com\"},\"logo\":{\"@id\":\"https:\/\/apuntesdesanluis.com\/#\/schema\/person\/image\/\"},\"sameAs\":[\"https:\/\/apuntesdesanluis.com\"],\"url\":\"https:\/\/apuntesdesanluis.com\/index.php\/author\/apuntesdesanluis-com\/\"}]}<\/script>\n<!-- \/ Yoast SEO plugin. -->","yoast_head_json":{"title":"PELEA POR FONDOS CLAVES: LA CGT AMENAZA AL GOBIERNO CON OTRO PARO, LUEGO DE LA DESREGULACI\u00d3N DE LA SALUD - Apuntes de San Luis","robots":{"index":"index","follow":"follow","max-snippet":"max-snippet:-1","max-image-preview":"max-image-preview:large","max-video-preview":"max-video-preview:-1"},"canonical":"https:\/\/apuntesdesanluis.com\/index.php\/2024\/02\/19\/pelea-por-fondos-claves-la-cgt-amenaza-al-gobierno-con-otro-paro-luego-de-la-desregulacion-de-la-salud\/","og_locale":"es_ES","og_type":"article","og_title":"PELEA POR FONDOS CLAVES: LA CGT AMENAZA AL GOBIERNO CON OTRO PARO, LUEGO DE LA DESREGULACI\u00d3N DE LA SALUD - Apuntes de San Luis","og_description":"Si bien existen dirigentes dialoguistas, conflictos como la desregulaci\u00f3n de obras sociales y el salario...","og_url":"https:\/\/apuntesdesanluis.com\/index.php\/2024\/02\/19\/pelea-por-fondos-claves-la-cgt-amenaza-al-gobierno-con-otro-paro-luego-de-la-desregulacion-de-la-salud\/","og_site_name":"Apuntes de San Luis","article_published_time":"2024-02-19T20:39:14+00:00","article_modified_time":"2024-02-19T20:41:05+00:00","og_image":[{"width":600,"height":363,"url":"https:\/\/apuntesdesanluis.com\/wp-content\/uploads\/2024\/02\/CGT.png","type":"image\/png"}],"author":"apuntesdesanluis.com","twitter_card":"summary_large_image","twitter_misc":{"Escrito por":"apuntesdesanluis.com","Tiempo de lectura":"2 minutos"},"schema":{"@context":"https:\/\/schema.org","@graph":[{"@type":"Article","@id":"https:\/\/apuntesdesanluis.com\/index.php\/2024\/02\/19\/pelea-por-fondos-claves-la-cgt-amenaza-al-gobierno-con-otro-paro-luego-de-la-desregulacion-de-la-salud\/#article","isPartOf":{"@id":"https:\/\/apuntesdesanluis.com\/index.php\/2024\/02\/19\/pelea-por-fondos-claves-la-cgt-amenaza-al-gobierno-con-otro-paro-luego-de-la-desregulacion-de-la-salud\/"},"author":{"name":"apuntesdesanluis.com","@id":"https:\/\/apuntesdesanluis.com\/#\/schema\/person\/b55151d52296fcce64d1a72538a70b90"},"headline":"PELEA POR FONDOS CLAVES: LA CGT AMENAZA AL GOBIERNO CON OTRO PARO, LUEGO DE LA DESREGULACI\u00d3N DE LA SALUD","datePublished":"2024-02-19T20:39:14+00:00","dateModified":"2024-02-19T20:41:05+00:00","mainEntityOfPage":{"@id":"https:\/\/apuntesdesanluis.com\/index.php\/2024\/02\/19\/pelea-por-fondos-claves-la-cgt-amenaza-al-gobierno-con-otro-paro-luego-de-la-desregulacion-de-la-salud\/"},"wordCount":362,"publisher":{"@id":"https:\/\/apuntesdesanluis.com\/#\/schema\/person\/b55151d52296fcce64d1a72538a70b90"},"image":{"@id":"https:\/\/apuntesdesanluis.com\/index.php\/2024\/02\/19\/pelea-por-fondos-claves-la-cgt-amenaza-al-gobierno-con-otro-paro-luego-de-la-desregulacion-de-la-salud\/#primaryimage"},"thumbnailUrl":"https:\/\/apuntesdesanluis.com\/wp-content\/uploads\/2024\/02\/CGT.png","articleSection":["Nacionales\/Internacionales"],"inLanguage":"es-AR"},{"@type":"WebPage","@id":"https:\/\/apuntesdesanluis.com\/index.php\/2024\/02\/19\/pelea-por-fondos-claves-la-cgt-amenaza-al-gobierno-con-otro-paro-luego-de-la-desregulacion-de-la-salud\/","url":"https:\/\/apuntesdesanluis.com\/index.php\/2024\/02\/19\/pelea-por-fondos-claves-la-cgt-amenaza-al-gobierno-con-otro-paro-luego-de-la-desregulacion-de-la-salud\/","name":"PELEA POR FONDOS CLAVES: LA CGT AMENAZA AL GOBIERNO CON OTRO PARO, LUEGO DE LA DESREGULACI\u00d3N DE LA SALUD - Apuntes de San Luis","isPartOf":{"@id":"https:\/\/apuntesdesanluis.com\/#website"},"primaryImageOfPage":{"@id":"https:\/\/apuntesdesanluis.com\/index.php\/2024\/02\/19\/pelea-por-fondos-claves-la-cgt-amenaza-al-gobierno-con-otro-paro-luego-de-la-desregulacion-de-la-salud\/#primaryimage"},"image":{"@id":"https:\/\/apuntesdesanluis.com\/index.php\/2024\/02\/19\/pelea-por-fondos-claves-la-cgt-amenaza-al-gobierno-con-otro-paro-luego-de-la-desregulacion-de-la-salud\/#primaryimage"},"thumbnailUrl":"https:\/\/apuntesdesanluis.com\/wp-content\/uploads\/2024\/02\/CGT.png","datePublished":"2024-02-19T20:39:14+00:00","dateModified":"2024-02-19T20:41:05+00:00","breadcrumb":{"@id":"https:\/\/apuntesdesanluis.com\/index.php\/2024\/02\/19\/pelea-por-fondos-claves-la-cgt-amenaza-al-gobierno-con-otro-paro-luego-de-la-desregulacion-de-la-salud\/#breadcrumb"},"inLanguage":"es-AR","potentialAction":[{"@type":"ReadAction","target":["https:\/\/apuntesdesanluis.com\/index.php\/2024\/02\/19\/pelea-por-fondos-claves-la-cgt-amenaza-al-gobierno-con-otro-paro-luego-de-la-desregulacion-de-la-salud\/"]}]},{"@type":"ImageObject","inLanguage":"es-AR","@id":"https:\/\/apuntesdesanluis.com\/index.php\/2024\/02\/19\/pelea-por-fondos-claves-la-cgt-amenaza-al-gobierno-con-otro-paro-luego-de-la-desregulacion-de-la-salud\/#primaryimage","url":"https:\/\/apuntesdesanluis.com\/wp-content\/uploads\/2024\/02\/CGT.png","contentUrl":"https:\/\/apuntesdesanluis.com\/wp-content\/uploads\/2024\/02\/CGT.png","width":600,"height":363},{"@type":"BreadcrumbList","@id":"https:\/\/apuntesdesanluis.com\/index.php\/2024\/02\/19\/pelea-por-fondos-claves-la-cgt-amenaza-al-gobierno-con-otro-paro-luego-de-la-desregulacion-de-la-salud\/#breadcrumb","itemListElement":[{"@type":"ListItem","position":1,"name":"Inicio","item":"https:\/\/apuntesdesanluis.com\/"},{"@type":"ListItem","position":2,"name":"PELEA POR FONDOS CLAVES: LA CGT AMENAZA AL GOBIERNO CON OTRO PARO, LUEGO DE LA DESREGULACI\u00d3N DE LA SALUD"}]},{"@type":"WebSite","@id":"https:\/\/apuntesdesanluis.com\/#website","url":"https:\/\/apuntesdesanluis.com\/","name":"Apuntes de San Luis","description":"","publisher":{"@id":"https:\/\/apuntesdesanluis.com\/#\/schema\/person\/b55151d52296fcce64d1a72538a70b90"},"potentialAction":[{"@type":"SearchAction","target":{"@type":"EntryPoint","urlTemplate":"https:\/\/apuntesdesanluis.com\/?s={search_term_string}"},"query-input":{"@type":"PropertyValueSpecification","valueRequired":true,"valueName":"search_term_string"}}],"inLanguage":"es-AR"},{"@type":["Person","Organization"],"@id":"https:\/\/apuntesdesanluis.com\/#\/schema\/person\/b55151d52296fcce64d1a72538a70b90","name":"apuntesdesanluis.com","image":{"@type":"ImageObject","inLanguage":"es-AR","@id":"https:\/\/apuntesdesanluis.com\/#\/schema\/person\/image\/","url":"https:\/\/apuntesdesanluis.com\/wp-content\/uploads\/2023\/07\/cropped-apuntesdesanluis.png","contentUrl":"https:\/\/apuntesdesanluis.com\/wp-content\/uploads\/2023\/07\/cropped-apuntesdesanluis.png","width":450,"height":112,"caption":"apuntesdesanluis.com"},"logo":{"@id":"https:\/\/apuntesdesanluis.com\/#\/schema\/person\/image\/"},"sameAs":["https:\/\/apuntesdesanluis.com"],"url":"https:\/\/apuntesdesanluis.com\/index.php\/author\/apuntesdesanluis-com\/"}]}},"featured_image_urls":{"full":["https:\/\/apuntesdesanluis.com\/wp-content\/uploads\/2024\/02\/CGT.png",600,363,false],"thumbnail":["https:\/\/apuntesdesanluis.com\/wp-content\/uploads\/2024\/02\/CGT-150x150.png",150,150,true],"medium":["https:\/\/apuntesdesanluis.com\/wp-content\/uploads\/2024\/02\/CGT-300x182.png",300,182,true],"medium_large":["https:\/\/apuntesdesanluis.com\/wp-content\/uploads\/2024\/02\/CGT.png",600,363,false],"large":["https:\/\/apuntesdesanluis.com\/wp-content\/uploads\/2024\/02\/CGT.png",600,363,false],"1536x1536":["https:\/\/apuntesdesanluis.com\/wp-content\/uploads\/2024\/02\/CGT.png",600,363,false],"2048x2048":["https:\/\/apuntesdesanluis.com\/wp-content\/uploads\/2024\/02\/CGT.png",600,363,false],"newsever-slider-full":["https:\/\/apuntesdesanluis.com\/wp-content\/uploads\/2024\/02\/CGT.png",600,363,false],"newsever-featured":["https:\/\/apuntesdesanluis.com\/wp-content\/uploads\/2024\/02\/CGT.png",600,363,false],"newsever-medium":["https:\/\/apuntesdesanluis.com\/wp-content\/uploads\/2024\/02\/CGT.png",600,363,false]},"author_info":{"display_name":"apuntesdesanluis.com","author_link":"https:\/\/apuntesdesanluis.com\/index.php\/author\/apuntesdesanluis-com\/"},"category_info":"<a href=\"https:\/\/apuntesdesanluis.com\/index.php\/category\/nacionales-internacionales\/\" rel=\"category tag\">Nacionales\/Internacionales<\/a>","tag_info":"Nacionales\/Internacionales","comment_count":"0","_links":{"self":[{"href":"https:\/\/apuntesdesanluis.com\/index.php\/wp-json\/wp\/v2\/posts\/11928","targetHints":{"allow":["GET"]}}],"collection":[{"href":"https:\/\/apuntesdesanluis.com\/index.php\/wp-json\/wp\/v2\/posts"}],"about":[{"href":"https:\/\/apuntesdesanluis.com\/index.php\/wp-json\/wp\/v2\/types\/post"}],"author":[{"embeddable":true,"href":"https:\/\/apuntesdesanluis.com\/index.php\/wp-json\/wp\/v2\/users\/1"}],"replies":[{"embeddable":true,"href":"https:\/\/apuntesdesanluis.com\/index.php\/wp-json\/wp\/v2\/comments?post=11928"}],"version-history":[{"count":3,"href":"https:\/\/apuntesdesanluis.com\/index.php\/wp-json\/wp\/v2\/posts\/11928\/revisions"}],"predecessor-version":[{"id":11932,"href":"https:\/\/apuntesdesanluis.com\/index.php\/wp-json\/wp\/v2\/posts\/11928\/revisions\/11932"}],"wp:featuredmedia":[{"embeddable":true,"href":"https:\/\/apuntesdesanluis.com\/index.php\/wp-json\/wp\/v2\/media\/11929"}],"wp:attachment":[{"href":"https:\/\/apuntesdesanluis.com\/index.php\/wp-json\/wp\/v2\/media?parent=11928"}],"wp:term":[{"taxonomy":"category","embeddable":true,"href":"https:\/\/apuntesdesanluis.com\/index.php\/wp-json\/wp\/v2\/categories?post=11928"},{"taxonomy":"post_tag","embeddable":true,"href":"https:\/\/apuntesdesanluis.com\/index.php\/wp-json\/wp\/v2\/tags?post=11928"}],"curies":[{"name":"wp","href":"https:\/\/api.w.org\/{rel}","templated":true}]}}