{"id":1194,"date":"2023-08-05T20:50:24","date_gmt":"2023-08-05T23:50:24","guid":{"rendered":"https:\/\/apuntesdesanluis.com\/?p=1194"},"modified":"2023-08-07T08:54:17","modified_gmt":"2023-08-07T11:54:17","slug":"declararon-culpable-al-hombre-que-ingreso-armado-a-una-escuela-y-ataco-a-su-ex-pareja","status":"publish","type":"post","link":"https:\/\/apuntesdesanluis.com\/index.php\/2023\/08\/05\/declararon-culpable-al-hombre-que-ingreso-armado-a-una-escuela-y-ataco-a-su-ex-pareja\/","title":{"rendered":"DECLARARON CULPABLE AL HOMBRE QUE INGRES\u00d3 ARMADO A UNA ESCUELA Y ATAC\u00d3 A SU EX PAREJA"},"content":{"rendered":"<h3><strong>Juan Dardo Mar\u00edn<\/strong> fue declarado culpable del delito de homicidio triplemente calificado en grado de tentativa en concurso real con el delito de desobediencia a una orden judicial y continuar\u00e1 alojado en el Servicio Penitenciario Provincial.<\/h3>\n<h3>Como el debate se realiz\u00f3 bajo la modalidad de \u201ccesura de juicio\u201d, este viernes a la tarde el Colegio de Jueces de la ciudad de San Luis dict\u00f3 la declaraci\u00f3n de autor\u00eda, mientras que el martes, en otra audiencia, se conocer\u00e1 el monto de la pena que deber\u00e1 cumplir el hombre de 41 a\u00f1os de edad.<\/h3>\n<h3>La denominada cesura de juicio se trata de la divisi\u00f3n del debate en dos partes, una dedicada al an\u00e1lisis de la existencia del hecho y el discernimiento de la culpabilidad y la otra a la determinaci\u00f3n de la pena.<\/h3>\n<h3>Mar\u00edn lleg\u00f3 a debate por un hecho ocurrido el 25 de octubre del 2022 en la Escuela T\u00e9cnica N\u00b0 37 \u201cIngeniero Germ\u00e1n Av\u00e9 Lallemant\u201d, donde su ex pareja, Cintia Ortegas, se desempe\u00f1aba como docente. Ese d\u00eda, Mar\u00edn, contra qui\u00e9n pesaba una orden de restricci\u00f3n de acercamiento emitida por el Juzgado de Familia N\u00ba 3, ingres\u00f3 al establecimiento escolar cerca de las 15 h y cuando lleg\u00f3 a la oficina de Secretar\u00eda se par\u00f3 frente a Ortegas y le ense\u00f1\u00f3 un rev\u00f3lver calibre 38.<\/h3>\n<h3>La mujer corri\u00f3 hacia la Regencia, donde estaba V\u00edctor Dur\u00e1n. Entre los dos intentaron cerrar la puerta para impedir el ingreso de Mar\u00edn pero\u00a0luego de forcejear, el acusado hizo dos detonaciones a la altura media de la puerta que quedaron retenidas en la abertura y luego ejecut\u00f3 un tercer disparo que impact\u00f3 en la zona de la rodilla de Ortegas<\/h3>\n<h3>En sus alegatos de clausura, la fiscal de Juicio, Virginia Palacios, dijo que\u00a0qued\u00f3 acreditado que el ataque no fue dirigido a Dur\u00e1n sino que se circunscribi\u00f3 a su ex pareja, que el regente no sufri\u00f3 lesiones e incluso que el atacante lo dej\u00f3 abandonar el recinto en el que forcejearon.<\/h3>\n<h3>En lo referido a la mujer, sostuvo que tampoco arrib\u00f3 a una certeza inequ\u00edvoca sobre si Mar\u00edn tuvo la idea de matarla aunque s\u00ed de \u201ccausarle un grave da\u00f1o a su salud y de destruir su dignidad\u201d.<\/h3>\n<h3>La fiscal no sostuvo la acusaci\u00f3n con la que ven\u00eda Mar\u00edn a juicio (Homicidio doblemente calificado por el v\u00ednculo y por ser perpetrado por un hombre contra una mujer mediando violencia de g\u00e9nero, agravado por el uso de arma de fuego en grado de tentativa y Desobediencia de una orden judicial en perjuicio de Ortegas, y Homicidio simple agravado por el uso de arma de fuego en grado de tentativa\u201d, en perjuicio del regente), sino que lo acus\u00f3 por los delitos de lesiones graves agravadas por el uso de arma de fuego y por mediar razones de v\u00ednculo y razones de violencia de g\u00e9nero en concurso real con el de desobediencia judicial.<\/h3>\n<p><strong>El tribunal a cargo del juicio estar\u00e1 integrado por Fernando De Viana, como Presidente, Hugo Sa\u00e1 Petrino, como primer vocal y Jos\u00e9 Luis Flores como segundo vocal.\u00a0<\/strong><\/p>\n<h3>La defensa t\u00e9cnica de Mar\u00edn, representada por el Defensor de Juicio, Esteban Sala, solicit\u00f3 que la condena sea por el delito de \u201cAbuso de arma de fuego agravado\u201d.<\/h3>\n<h3><strong>CESURA DE JUICIO<\/strong><\/h3>\n<h3>El C\u00f3digo Procesal Penal de la Provincia establece que, el juicio oral y p\u00fablico se divide en dos etapas, de la siguiente manera:<\/h3>\n<blockquote>\n<h3><em>\u201cART\u00cdCULO 184.- REALIZACI\u00d3N EN DOS FASES. La realizaci\u00f3n del juicio ser\u00e1 dividida en DOS (2) partes. En la primera se tratar\u00e1 todo lo relativo a la existencia del hecho, la participaci\u00f3n criminal, su calificaci\u00f3n legal y si la persona juzgada es culpable o inocente.- Cuando haya veredicto de culpabilidad, en una segunda fase, las partes podr\u00e1n solicitar al Juez o al Tribunal un plazo m\u00e1ximo de CUARENTA Y OCHO (48) horas, luego del veredicto, para valorar las pruebas a fin de fijar la pena y su modalidad de cumplimiento, fij\u00e1ndose una audiencia a tales efectos\u201d.<\/em><\/h3>\n<\/blockquote>\n","protected":false},"excerpt":{"rendered":"<p>Juan Dardo Mar\u00edn fue declarado culpable del delito de homicidio triplemente calificado en grado de&#8230;<\/p>\n","protected":false},"author":1,"featured_media":1195,"comment_status":"closed","ping_status":"closed","sticky":false,"template":"","format":"standard","meta":{"footnotes":""},"categories":[6],"tags":[],"class_list":["post-1194","post","type-post","status-publish","format-standard","has-post-thumbnail","hentry","category-ciudad-provincia"],"yoast_head":"<!-- This site is optimized with the Yoast SEO plugin v26.1.1 - https:\/\/yoast.com\/wordpress\/plugins\/seo\/ -->\n<title>DECLARARON CULPABLE AL HOMBRE QUE INGRES\u00d3 ARMADO A UNA ESCUELA Y ATAC\u00d3 A SU EX PAREJA - Apuntes de San Luis<\/title>\n<meta name=\"robots\" content=\"index, follow, max-snippet:-1, max-image-preview:large, max-video-preview:-1\" \/>\n<link rel=\"canonical\" href=\"https:\/\/apuntesdesanluis.com\/index.php\/2023\/08\/05\/declararon-culpable-al-hombre-que-ingreso-armado-a-una-escuela-y-ataco-a-su-ex-pareja\/\" \/>\n<meta property=\"og:locale\" content=\"es_ES\" \/>\n<meta property=\"og:type\" content=\"article\" \/>\n<meta property=\"og:title\" content=\"DECLARARON CULPABLE AL HOMBRE QUE INGRES\u00d3 ARMADO A UNA ESCUELA Y ATAC\u00d3 A SU EX PAREJA - Apuntes de San Luis\" \/>\n<meta property=\"og:description\" content=\"Juan Dardo Mar\u00edn fue declarado culpable del delito de homicidio triplemente calificado en grado de...\" \/>\n<meta property=\"og:url\" content=\"https:\/\/apuntesdesanluis.com\/index.php\/2023\/08\/05\/declararon-culpable-al-hombre-que-ingreso-armado-a-una-escuela-y-ataco-a-su-ex-pareja\/\" \/>\n<meta property=\"og:site_name\" content=\"Apuntes de San Luis\" \/>\n<meta property=\"article:published_time\" content=\"2023-08-05T23:50:24+00:00\" \/>\n<meta property=\"article:modified_time\" content=\"2023-08-07T11:54:17+00:00\" \/>\n<meta property=\"og:image\" content=\"https:\/\/apuntesdesanluis.com\/wp-content\/uploads\/2023\/08\/acusado-1.png\" \/>\n\t<meta property=\"og:image:width\" content=\"584\" \/>\n\t<meta property=\"og:image:height\" content=\"357\" \/>\n\t<meta property=\"og:image:type\" content=\"image\/png\" \/>\n<meta name=\"author\" content=\"apuntesdesanluis.com\" \/>\n<meta name=\"twitter:card\" content=\"summary_large_image\" \/>\n<meta name=\"twitter:label1\" content=\"Escrito por\" \/>\n\t<meta name=\"twitter:data1\" content=\"apuntesdesanluis.com\" \/>\n\t<meta name=\"twitter:label2\" content=\"Tiempo de lectura\" \/>\n\t<meta name=\"twitter:data2\" content=\"3 minutos\" \/>\n<script type=\"application\/ld+json\" class=\"yoast-schema-graph\">{\"@context\":\"https:\/\/schema.org\",\"@graph\":[{\"@type\":\"Article\",\"@id\":\"https:\/\/apuntesdesanluis.com\/index.php\/2023\/08\/05\/declararon-culpable-al-hombre-que-ingreso-armado-a-una-escuela-y-ataco-a-su-ex-pareja\/#article\",\"isPartOf\":{\"@id\":\"https:\/\/apuntesdesanluis.com\/index.php\/2023\/08\/05\/declararon-culpable-al-hombre-que-ingreso-armado-a-una-escuela-y-ataco-a-su-ex-pareja\/\"},\"author\":{\"name\":\"apuntesdesanluis.com\",\"@id\":\"https:\/\/apuntesdesanluis.com\/#\/schema\/person\/b55151d52296fcce64d1a72538a70b90\"},\"headline\":\"DECLARARON CULPABLE AL HOMBRE QUE INGRES\u00d3 ARMADO A UNA ESCUELA Y ATAC\u00d3 A SU EX PAREJA\",\"datePublished\":\"2023-08-05T23:50:24+00:00\",\"dateModified\":\"2023-08-07T11:54:17+00:00\",\"mainEntityOfPage\":{\"@id\":\"https:\/\/apuntesdesanluis.com\/index.php\/2023\/08\/05\/declararon-culpable-al-hombre-que-ingreso-armado-a-una-escuela-y-ataco-a-su-ex-pareja\/\"},\"wordCount\":702,\"publisher\":{\"@id\":\"https:\/\/apuntesdesanluis.com\/#\/schema\/person\/b55151d52296fcce64d1a72538a70b90\"},\"image\":{\"@id\":\"https:\/\/apuntesdesanluis.com\/index.php\/2023\/08\/05\/declararon-culpable-al-hombre-que-ingreso-armado-a-una-escuela-y-ataco-a-su-ex-pareja\/#primaryimage\"},\"thumbnailUrl\":\"https:\/\/apuntesdesanluis.com\/wp-content\/uploads\/2023\/08\/acusado-1.png\",\"articleSection\":[\"Ciudad\/Provincia\"],\"inLanguage\":\"es-AR\"},{\"@type\":\"WebPage\",\"@id\":\"https:\/\/apuntesdesanluis.com\/index.php\/2023\/08\/05\/declararon-culpable-al-hombre-que-ingreso-armado-a-una-escuela-y-ataco-a-su-ex-pareja\/\",\"url\":\"https:\/\/apuntesdesanluis.com\/index.php\/2023\/08\/05\/declararon-culpable-al-hombre-que-ingreso-armado-a-una-escuela-y-ataco-a-su-ex-pareja\/\",\"name\":\"DECLARARON CULPABLE AL HOMBRE QUE INGRES\u00d3 ARMADO A UNA ESCUELA Y ATAC\u00d3 A SU EX PAREJA - Apuntes de San Luis\",\"isPartOf\":{\"@id\":\"https:\/\/apuntesdesanluis.com\/#website\"},\"primaryImageOfPage\":{\"@id\":\"https:\/\/apuntesdesanluis.com\/index.php\/2023\/08\/05\/declararon-culpable-al-hombre-que-ingreso-armado-a-una-escuela-y-ataco-a-su-ex-pareja\/#primaryimage\"},\"image\":{\"@id\":\"https:\/\/apuntesdesanluis.com\/index.php\/2023\/08\/05\/declararon-culpable-al-hombre-que-ingreso-armado-a-una-escuela-y-ataco-a-su-ex-pareja\/#primaryimage\"},\"thumbnailUrl\":\"https:\/\/apuntesdesanluis.com\/wp-content\/uploads\/2023\/08\/acusado-1.png\",\"datePublished\":\"2023-08-05T23:50:24+00:00\",\"dateModified\":\"2023-08-07T11:54:17+00:00\",\"breadcrumb\":{\"@id\":\"https:\/\/apuntesdesanluis.com\/index.php\/2023\/08\/05\/declararon-culpable-al-hombre-que-ingreso-armado-a-una-escuela-y-ataco-a-su-ex-pareja\/#breadcrumb\"},\"inLanguage\":\"es-AR\",\"potentialAction\":[{\"@type\":\"ReadAction\",\"target\":[\"https:\/\/apuntesdesanluis.com\/index.php\/2023\/08\/05\/declararon-culpable-al-hombre-que-ingreso-armado-a-una-escuela-y-ataco-a-su-ex-pareja\/\"]}]},{\"@type\":\"ImageObject\",\"inLanguage\":\"es-AR\",\"@id\":\"https:\/\/apuntesdesanluis.com\/index.php\/2023\/08\/05\/declararon-culpable-al-hombre-que-ingreso-armado-a-una-escuela-y-ataco-a-su-ex-pareja\/#primaryimage\",\"url\":\"https:\/\/apuntesdesanluis.com\/wp-content\/uploads\/2023\/08\/acusado-1.png\",\"contentUrl\":\"https:\/\/apuntesdesanluis.com\/wp-content\/uploads\/2023\/08\/acusado-1.png\",\"width\":584,\"height\":357},{\"@type\":\"BreadcrumbList\",\"@id\":\"https:\/\/apuntesdesanluis.com\/index.php\/2023\/08\/05\/declararon-culpable-al-hombre-que-ingreso-armado-a-una-escuela-y-ataco-a-su-ex-pareja\/#breadcrumb\",\"itemListElement\":[{\"@type\":\"ListItem\",\"position\":1,\"name\":\"Inicio\",\"item\":\"https:\/\/apuntesdesanluis.com\/\"},{\"@type\":\"ListItem\",\"position\":2,\"name\":\"DECLARARON CULPABLE AL HOMBRE QUE INGRES\u00d3 ARMADO A UNA ESCUELA Y ATAC\u00d3 A SU EX PAREJA\"}]},{\"@type\":\"WebSite\",\"@id\":\"https:\/\/apuntesdesanluis.com\/#website\",\"url\":\"https:\/\/apuntesdesanluis.com\/\",\"name\":\"Apuntes de San Luis\",\"description\":\"\",\"publisher\":{\"@id\":\"https:\/\/apuntesdesanluis.com\/#\/schema\/person\/b55151d52296fcce64d1a72538a70b90\"},\"potentialAction\":[{\"@type\":\"SearchAction\",\"target\":{\"@type\":\"EntryPoint\",\"urlTemplate\":\"https:\/\/apuntesdesanluis.com\/?s={search_term_string}\"},\"query-input\":{\"@type\":\"PropertyValueSpecification\",\"valueRequired\":true,\"valueName\":\"search_term_string\"}}],\"inLanguage\":\"es-AR\"},{\"@type\":[\"Person\",\"Organization\"],\"@id\":\"https:\/\/apuntesdesanluis.com\/#\/schema\/person\/b55151d52296fcce64d1a72538a70b90\",\"name\":\"apuntesdesanluis.com\",\"image\":{\"@type\":\"ImageObject\",\"inLanguage\":\"es-AR\",\"@id\":\"https:\/\/apuntesdesanluis.com\/#\/schema\/person\/image\/\",\"url\":\"https:\/\/apuntesdesanluis.com\/wp-content\/uploads\/2023\/07\/cropped-apuntesdesanluis.png\",\"contentUrl\":\"https:\/\/apuntesdesanluis.com\/wp-content\/uploads\/2023\/07\/cropped-apuntesdesanluis.png\",\"width\":450,\"height\":112,\"caption\":\"apuntesdesanluis.com\"},\"logo\":{\"@id\":\"https:\/\/apuntesdesanluis.com\/#\/schema\/person\/image\/\"},\"sameAs\":[\"https:\/\/apuntesdesanluis.com\"],\"url\":\"https:\/\/apuntesdesanluis.com\/index.php\/author\/apuntesdesanluis-com\/\"}]}<\/script>\n<!-- \/ Yoast SEO plugin. -->","yoast_head_json":{"title":"DECLARARON CULPABLE AL HOMBRE QUE INGRES\u00d3 ARMADO A UNA ESCUELA Y ATAC\u00d3 A SU EX PAREJA - Apuntes de San Luis","robots":{"index":"index","follow":"follow","max-snippet":"max-snippet:-1","max-image-preview":"max-image-preview:large","max-video-preview":"max-video-preview:-1"},"canonical":"https:\/\/apuntesdesanluis.com\/index.php\/2023\/08\/05\/declararon-culpable-al-hombre-que-ingreso-armado-a-una-escuela-y-ataco-a-su-ex-pareja\/","og_locale":"es_ES","og_type":"article","og_title":"DECLARARON CULPABLE AL HOMBRE QUE INGRES\u00d3 ARMADO A UNA ESCUELA Y ATAC\u00d3 A SU EX PAREJA - Apuntes de San Luis","og_description":"Juan Dardo Mar\u00edn fue declarado culpable del delito de homicidio triplemente calificado en grado de...","og_url":"https:\/\/apuntesdesanluis.com\/index.php\/2023\/08\/05\/declararon-culpable-al-hombre-que-ingreso-armado-a-una-escuela-y-ataco-a-su-ex-pareja\/","og_site_name":"Apuntes de San Luis","article_published_time":"2023-08-05T23:50:24+00:00","article_modified_time":"2023-08-07T11:54:17+00:00","og_image":[{"width":584,"height":357,"url":"https:\/\/apuntesdesanluis.com\/wp-content\/uploads\/2023\/08\/acusado-1.png","type":"image\/png"}],"author":"apuntesdesanluis.com","twitter_card":"summary_large_image","twitter_misc":{"Escrito por":"apuntesdesanluis.com","Tiempo de lectura":"3 minutos"},"schema":{"@context":"https:\/\/schema.org","@graph":[{"@type":"Article","@id":"https:\/\/apuntesdesanluis.com\/index.php\/2023\/08\/05\/declararon-culpable-al-hombre-que-ingreso-armado-a-una-escuela-y-ataco-a-su-ex-pareja\/#article","isPartOf":{"@id":"https:\/\/apuntesdesanluis.com\/index.php\/2023\/08\/05\/declararon-culpable-al-hombre-que-ingreso-armado-a-una-escuela-y-ataco-a-su-ex-pareja\/"},"author":{"name":"apuntesdesanluis.com","@id":"https:\/\/apuntesdesanluis.com\/#\/schema\/person\/b55151d52296fcce64d1a72538a70b90"},"headline":"DECLARARON CULPABLE AL HOMBRE QUE INGRES\u00d3 ARMADO A UNA ESCUELA Y ATAC\u00d3 A SU EX PAREJA","datePublished":"2023-08-05T23:50:24+00:00","dateModified":"2023-08-07T11:54:17+00:00","mainEntityOfPage":{"@id":"https:\/\/apuntesdesanluis.com\/index.php\/2023\/08\/05\/declararon-culpable-al-hombre-que-ingreso-armado-a-una-escuela-y-ataco-a-su-ex-pareja\/"},"wordCount":702,"publisher":{"@id":"https:\/\/apuntesdesanluis.com\/#\/schema\/person\/b55151d52296fcce64d1a72538a70b90"},"image":{"@id":"https:\/\/apuntesdesanluis.com\/index.php\/2023\/08\/05\/declararon-culpable-al-hombre-que-ingreso-armado-a-una-escuela-y-ataco-a-su-ex-pareja\/#primaryimage"},"thumbnailUrl":"https:\/\/apuntesdesanluis.com\/wp-content\/uploads\/2023\/08\/acusado-1.png","articleSection":["Ciudad\/Provincia"],"inLanguage":"es-AR"},{"@type":"WebPage","@id":"https:\/\/apuntesdesanluis.com\/index.php\/2023\/08\/05\/declararon-culpable-al-hombre-que-ingreso-armado-a-una-escuela-y-ataco-a-su-ex-pareja\/","url":"https:\/\/apuntesdesanluis.com\/index.php\/2023\/08\/05\/declararon-culpable-al-hombre-que-ingreso-armado-a-una-escuela-y-ataco-a-su-ex-pareja\/","name":"DECLARARON CULPABLE AL HOMBRE QUE INGRES\u00d3 ARMADO A UNA ESCUELA Y ATAC\u00d3 A SU EX PAREJA - Apuntes de San Luis","isPartOf":{"@id":"https:\/\/apuntesdesanluis.com\/#website"},"primaryImageOfPage":{"@id":"https:\/\/apuntesdesanluis.com\/index.php\/2023\/08\/05\/declararon-culpable-al-hombre-que-ingreso-armado-a-una-escuela-y-ataco-a-su-ex-pareja\/#primaryimage"},"image":{"@id":"https:\/\/apuntesdesanluis.com\/index.php\/2023\/08\/05\/declararon-culpable-al-hombre-que-ingreso-armado-a-una-escuela-y-ataco-a-su-ex-pareja\/#primaryimage"},"thumbnailUrl":"https:\/\/apuntesdesanluis.com\/wp-content\/uploads\/2023\/08\/acusado-1.png","datePublished":"2023-08-05T23:50:24+00:00","dateModified":"2023-08-07T11:54:17+00:00","breadcrumb":{"@id":"https:\/\/apuntesdesanluis.com\/index.php\/2023\/08\/05\/declararon-culpable-al-hombre-que-ingreso-armado-a-una-escuela-y-ataco-a-su-ex-pareja\/#breadcrumb"},"inLanguage":"es-AR","potentialAction":[{"@type":"ReadAction","target":["https:\/\/apuntesdesanluis.com\/index.php\/2023\/08\/05\/declararon-culpable-al-hombre-que-ingreso-armado-a-una-escuela-y-ataco-a-su-ex-pareja\/"]}]},{"@type":"ImageObject","inLanguage":"es-AR","@id":"https:\/\/apuntesdesanluis.com\/index.php\/2023\/08\/05\/declararon-culpable-al-hombre-que-ingreso-armado-a-una-escuela-y-ataco-a-su-ex-pareja\/#primaryimage","url":"https:\/\/apuntesdesanluis.com\/wp-content\/uploads\/2023\/08\/acusado-1.png","contentUrl":"https:\/\/apuntesdesanluis.com\/wp-content\/uploads\/2023\/08\/acusado-1.png","width":584,"height":357},{"@type":"BreadcrumbList","@id":"https:\/\/apuntesdesanluis.com\/index.php\/2023\/08\/05\/declararon-culpable-al-hombre-que-ingreso-armado-a-una-escuela-y-ataco-a-su-ex-pareja\/#breadcrumb","itemListElement":[{"@type":"ListItem","position":1,"name":"Inicio","item":"https:\/\/apuntesdesanluis.com\/"},{"@type":"ListItem","position":2,"name":"DECLARARON CULPABLE AL HOMBRE QUE INGRES\u00d3 ARMADO A UNA ESCUELA Y ATAC\u00d3 A SU EX PAREJA"}]},{"@type":"WebSite","@id":"https:\/\/apuntesdesanluis.com\/#website","url":"https:\/\/apuntesdesanluis.com\/","name":"Apuntes de San Luis","description":"","publisher":{"@id":"https:\/\/apuntesdesanluis.com\/#\/schema\/person\/b55151d52296fcce64d1a72538a70b90"},"potentialAction":[{"@type":"SearchAction","target":{"@type":"EntryPoint","urlTemplate":"https:\/\/apuntesdesanluis.com\/?s={search_term_string}"},"query-input":{"@type":"PropertyValueSpecification","valueRequired":true,"valueName":"search_term_string"}}],"inLanguage":"es-AR"},{"@type":["Person","Organization"],"@id":"https:\/\/apuntesdesanluis.com\/#\/schema\/person\/b55151d52296fcce64d1a72538a70b90","name":"apuntesdesanluis.com","image":{"@type":"ImageObject","inLanguage":"es-AR","@id":"https:\/\/apuntesdesanluis.com\/#\/schema\/person\/image\/","url":"https:\/\/apuntesdesanluis.com\/wp-content\/uploads\/2023\/07\/cropped-apuntesdesanluis.png","contentUrl":"https:\/\/apuntesdesanluis.com\/wp-content\/uploads\/2023\/07\/cropped-apuntesdesanluis.png","width":450,"height":112,"caption":"apuntesdesanluis.com"},"logo":{"@id":"https:\/\/apuntesdesanluis.com\/#\/schema\/person\/image\/"},"sameAs":["https:\/\/apuntesdesanluis.com"],"url":"https:\/\/apuntesdesanluis.com\/index.php\/author\/apuntesdesanluis-com\/"}]}},"featured_image_urls":{"full":["https:\/\/apuntesdesanluis.com\/wp-content\/uploads\/2023\/08\/acusado-1.png",584,357,false],"thumbnail":["https:\/\/apuntesdesanluis.com\/wp-content\/uploads\/2023\/08\/acusado-1-150x150.png",150,150,true],"medium":["https:\/\/apuntesdesanluis.com\/wp-content\/uploads\/2023\/08\/acusado-1-300x183.png",300,183,true],"medium_large":["https:\/\/apuntesdesanluis.com\/wp-content\/uploads\/2023\/08\/acusado-1.png",584,357,false],"large":["https:\/\/apuntesdesanluis.com\/wp-content\/uploads\/2023\/08\/acusado-1.png",584,357,false],"1536x1536":["https:\/\/apuntesdesanluis.com\/wp-content\/uploads\/2023\/08\/acusado-1.png",584,357,false],"2048x2048":["https:\/\/apuntesdesanluis.com\/wp-content\/uploads\/2023\/08\/acusado-1.png",584,357,false],"newsever-slider-full":["https:\/\/apuntesdesanluis.com\/wp-content\/uploads\/2023\/08\/acusado-1.png",584,357,false],"newsever-featured":["https:\/\/apuntesdesanluis.com\/wp-content\/uploads\/2023\/08\/acusado-1.png",584,357,false],"newsever-medium":["https:\/\/apuntesdesanluis.com\/wp-content\/uploads\/2023\/08\/acusado-1.png",584,357,false]},"author_info":{"display_name":"apuntesdesanluis.com","author_link":"https:\/\/apuntesdesanluis.com\/index.php\/author\/apuntesdesanluis-com\/"},"category_info":"<a href=\"https:\/\/apuntesdesanluis.com\/index.php\/category\/ciudad-provincia\/\" rel=\"category tag\">Ciudad\/Provincia<\/a>","tag_info":"Ciudad\/Provincia","comment_count":"0","_links":{"self":[{"href":"https:\/\/apuntesdesanluis.com\/index.php\/wp-json\/wp\/v2\/posts\/1194","targetHints":{"allow":["GET"]}}],"collection":[{"href":"https:\/\/apuntesdesanluis.com\/index.php\/wp-json\/wp\/v2\/posts"}],"about":[{"href":"https:\/\/apuntesdesanluis.com\/index.php\/wp-json\/wp\/v2\/types\/post"}],"author":[{"embeddable":true,"href":"https:\/\/apuntesdesanluis.com\/index.php\/wp-json\/wp\/v2\/users\/1"}],"replies":[{"embeddable":true,"href":"https:\/\/apuntesdesanluis.com\/index.php\/wp-json\/wp\/v2\/comments?post=1194"}],"version-history":[{"count":1,"href":"https:\/\/apuntesdesanluis.com\/index.php\/wp-json\/wp\/v2\/posts\/1194\/revisions"}],"predecessor-version":[{"id":1196,"href":"https:\/\/apuntesdesanluis.com\/index.php\/wp-json\/wp\/v2\/posts\/1194\/revisions\/1196"}],"wp:featuredmedia":[{"embeddable":true,"href":"https:\/\/apuntesdesanluis.com\/index.php\/wp-json\/wp\/v2\/media\/1195"}],"wp:attachment":[{"href":"https:\/\/apuntesdesanluis.com\/index.php\/wp-json\/wp\/v2\/media?parent=1194"}],"wp:term":[{"taxonomy":"category","embeddable":true,"href":"https:\/\/apuntesdesanluis.com\/index.php\/wp-json\/wp\/v2\/categories?post=1194"},{"taxonomy":"post_tag","embeddable":true,"href":"https:\/\/apuntesdesanluis.com\/index.php\/wp-json\/wp\/v2\/tags?post=1194"}],"curies":[{"name":"wp","href":"https:\/\/api.w.org\/{rel}","templated":true}]}}