{"id":11952,"date":"2024-02-19T21:45:49","date_gmt":"2024-02-20T00:45:49","guid":{"rendered":"https:\/\/apuntesdesanluis.com\/?p=11952"},"modified":"2024-02-19T21:45:49","modified_gmt":"2024-02-20T00:45:49","slug":"insercion-laboral-lanzaron-convenios-entre-empresas-y-beneficiarios-de-planes-sociales","status":"publish","type":"post","link":"https:\/\/apuntesdesanluis.com\/index.php\/2024\/02\/19\/insercion-laboral-lanzaron-convenios-entre-empresas-y-beneficiarios-de-planes-sociales\/","title":{"rendered":"INSERCI\u00d3N LABORAL: LANZARON CONVENIOS ENTRE EMPRESAS Y BENEFICIARIOS DE PLANES SOCIALES"},"content":{"rendered":"<h3>Gracias a los primeros acuerdos celebrados este lunes, beneficiarios del Plan de Inclusi\u00f3n comenzar\u00e1n a trabajar en cuatro firmas del sector privado, mejorando su presente laboral y ampliando sus posibilidades de crecimiento.<\/h3>\n<h3>Este lunes, en el Sal\u00f3n Blanco de Terrazas del Portezuelo, el gobernador <strong>Claudio Poggi<\/strong> lanz\u00f3, junto con la ministro de Desarrollo Humano, <strong>M\u00f3nica Becerra<\/strong>, los convenios de inserci\u00f3n laboral entre el sector privado y los beneficiarios de planes sociales provinciales. Los acuerdos permitir\u00e1n que trabajadores del Plan de Inclusi\u00f3n presten servicios en empresas de San Luis. El Primer mandatario sintetiz\u00f3 que el prop\u00f3sito de esta iniciativa es acompa\u00f1ar al sector privado, creando las condiciones para que sea el nuevo generador de empleo en la provincia, y a los beneficiarios, para que puedan tener un mejor presente y futuro laboral.<\/h3>\n<h3>Firmaron los convenios con el Ejecutivo, <strong>Valentina Rivero Funes<\/strong> en representaci\u00f3n de la Cl\u00ednica La Toma SRL; <strong>Francisco Alcalde<\/strong> por Midaes SRL (empresa de Villa Mercedes dedicada a la gesti\u00f3n sustentable de residuos); <strong>Leonel Felice<\/strong> por Amantea Apart Hotel de Potrero de los Funes y la directora y presidenta del Centro de Salud Femenina, <strong>Fernanda Romero<\/strong>. La firma de La Toma incorporar\u00e1 cuatro beneficiarios; la de Villa Mercedes uno; el hotel de Potrero uno y el Centro de Salud Femenina, dos.<\/h3>\n<p><img fetchpriority=\"high\" decoding=\"async\" class=\"wp-image-11954 aligncenter\" src=\"https:\/\/apuntesdesanluis.com\/wp-content\/uploads\/2024\/02\/FIRMA-300x213.png\" alt=\"\" width=\"635\" height=\"451\" srcset=\"https:\/\/apuntesdesanluis.com\/wp-content\/uploads\/2024\/02\/FIRMA-300x213.png 300w, https:\/\/apuntesdesanluis.com\/wp-content\/uploads\/2024\/02\/FIRMA.png 543w\" sizes=\"(max-width: 635px) 100vw, 635px\" \/><\/p>\n<h3>Poggi plante\u00f3 que el acompa\u00f1amiento podr\u00e1 ser bajo alguna de cuatro modalidades. Una es que el Plan sea una suerte de \u2018beca de estudio\u2019 que sirva al beneficiario para su formaci\u00f3n, para completar un nivel educativo o afianzarse en un oficio. Otra posibilidad es que quienes actualmente cumplen tareas de mantenimiento, en el cuidado de espacios y edificios p\u00fablicos o en el plantel de Prevenci\u00f3n Ciudadana puedan conformar cooperativas de trabajo, para convertirse en proveedores de esos servicios tanto para el Estado como para el sector privado. Otra alternativa es potenciar a quienes est\u00e1n en el Plan y ya son emprendedores. Y la cuarta es la incorporaci\u00f3n de beneficiarios en empresas de San Luis.<\/h3>\n<p><iframe title=\"Daniel Spillman Director del Plan de Inclusi\u00f3n Laboral\" width=\"640\" height=\"360\" src=\"https:\/\/www.youtube.com\/embed\/_2E0dJly0SE?feature=oembed\" frameborder=\"0\" allow=\"accelerometer; autoplay; clipboard-write; encrypted-media; gyroscope; picture-in-picture; web-share\" referrerpolicy=\"strict-origin-when-cross-origin\" allowfullscreen><\/iframe><\/p>\n<h3>Para la ministro de Desarrollo Humano, M\u00f3nica Becerra, \u201cel plan social no tiene que ser asistencialismo, tiene que ser una inversi\u00f3n social. Puedo decir con mucho entusiasmo y con mucha fe por lo que vamos a hacer que tenemos gente sumamente capacitada, personas en todos los \u00e1mbitos que tienen competencias, que tienen talentos, que por muchos a\u00f1os han perfeccionado esos talentos y esas capacidades y que pueden tranquilamente ser parte de cualquier empresa\u201d, asegur\u00f3.<\/h3>\n<p><iframe title=\"Valentina Riveros Cl\u00ednica La Toma\" width=\"640\" height=\"360\" src=\"https:\/\/www.youtube.com\/embed\/IBc03yjnH0Y?feature=oembed\" frameborder=\"0\" allow=\"accelerometer; autoplay; clipboard-write; encrypted-media; gyroscope; picture-in-picture; web-share\" referrerpolicy=\"strict-origin-when-cross-origin\" allowfullscreen><\/iframe><\/p>\n<h3><strong>POGGI<\/strong><\/h3>\n<h3>\u201cEs el camino. El Estado no puede tomar m\u00e1s a nadie. No da m\u00e1s. El nuevo empleador de San Luis tiene que ser el sector privado. Y hay que crear las condiciones para que el sector privado pueda emplear.\u00a0<strong>El Estado no va a subsidiar m\u00e1s el desempleo<\/strong>,\u00a0<strong>va a subsidiar el empleo, la generaci\u00f3n de nuevos puestos de trabajo<\/strong>\u201d, asegur\u00f3 el gobernador, Claudio Poggi durante el lanzamiento de los convenios de inserci\u00f3n laboral.<\/h3>\n<h3>\u201cHicimos un censo de beneficiarios del Plan de Inclusi\u00f3n Social, de una riqueza enorme en cuanto a la informaci\u00f3n.\u00a0<strong>Tenemos identificadas todas las habilidades, competencias, oficios<\/strong>\u00a0que tiene cada beneficiario de Inclusi\u00f3n, para a partir de all\u00ed ayudarlos a encontrar un trabajo mejor\u201d, explic\u00f3.<\/h3>\n<h3>El Gobernador detall\u00f3 que el convenio es por dos a\u00f1os. Los empleadores que contraten a beneficiarios del Plan de Inclusi\u00f3n Laboral podr\u00e1n acceder a un subsidio equivalente al 100% de la colaboraci\u00f3n econ\u00f3mica con car\u00e1cter no remunerativo por un a\u00f1o. La colaboraci\u00f3n econ\u00f3mica ser\u00e1 del 75% en los siguientes seis meses y del 50% en el medio a\u00f1o restante. \u201cEl Estado subsidiar\u00e1 al empleador con el equivalente del monto del Plan de Inclusi\u00f3n que hoy va a recibir el trabajador. Y este empleador completar\u00e1 hasta llegar al convenio colectivo, m\u00e1s los aportes previsionales, m\u00e1s los aportes a las obras sociales y dem\u00e1s. El primer a\u00f1o el Estado va a pagar el 100% de ese subsidio, en el segundo a\u00f1o el 75% y luego el 50%\u201d, explic\u00f3. Y aclar\u00f3 que,\u00a0<strong>si hay alguna dificultad o falta de adaptaci\u00f3n, el beneficiario vuelve al Plan<\/strong>. \u201cLa red de contenci\u00f3n siempre va a ser el Plan de Inclusi\u00f3n Laboral\u201d,\u00a0 asever\u00f3.<\/h3>\n<p>&nbsp;<\/p>\n<p>&nbsp;<\/p>\n<p>&nbsp;<\/p>\n<p>&nbsp;<\/p>\n<p>&nbsp;<\/p>\n","protected":false},"excerpt":{"rendered":"<p>Gracias a los primeros acuerdos celebrados este lunes, beneficiarios del Plan de Inclusi\u00f3n comenzar\u00e1n a&#8230;<\/p>\n","protected":false},"author":1,"featured_media":11953,"comment_status":"closed","ping_status":"closed","sticky":false,"template":"","format":"standard","meta":{"footnotes":""},"categories":[6],"tags":[],"class_list":["post-11952","post","type-post","status-publish","format-standard","has-post-thumbnail","hentry","category-ciudad-provincia"],"yoast_head":"<!-- This site is optimized with the Yoast SEO plugin v26.1.1 - https:\/\/yoast.com\/wordpress\/plugins\/seo\/ -->\n<title>INSERCI\u00d3N LABORAL: LANZARON CONVENIOS ENTRE EMPRESAS Y BENEFICIARIOS DE PLANES SOCIALES - Apuntes de San Luis<\/title>\n<meta name=\"robots\" content=\"index, follow, max-snippet:-1, max-image-preview:large, max-video-preview:-1\" \/>\n<link rel=\"canonical\" href=\"https:\/\/apuntesdesanluis.com\/index.php\/2024\/02\/19\/insercion-laboral-lanzaron-convenios-entre-empresas-y-beneficiarios-de-planes-sociales\/\" \/>\n<meta property=\"og:locale\" content=\"es_ES\" \/>\n<meta property=\"og:type\" content=\"article\" \/>\n<meta property=\"og:title\" content=\"INSERCI\u00d3N LABORAL: LANZARON CONVENIOS ENTRE EMPRESAS Y BENEFICIARIOS DE PLANES SOCIALES - Apuntes de San Luis\" \/>\n<meta property=\"og:description\" content=\"Gracias a los primeros acuerdos celebrados este lunes, beneficiarios del Plan de Inclusi\u00f3n comenzar\u00e1n a...\" \/>\n<meta property=\"og:url\" content=\"https:\/\/apuntesdesanluis.com\/index.php\/2024\/02\/19\/insercion-laboral-lanzaron-convenios-entre-empresas-y-beneficiarios-de-planes-sociales\/\" \/>\n<meta property=\"og:site_name\" content=\"Apuntes de San Luis\" \/>\n<meta property=\"article:published_time\" content=\"2024-02-20T00:45:49+00:00\" \/>\n<meta property=\"og:image\" content=\"https:\/\/apuntesdesanluis.com\/wp-content\/uploads\/2024\/02\/POGGI-1.png\" \/>\n\t<meta property=\"og:image:width\" content=\"575\" \/>\n\t<meta property=\"og:image:height\" content=\"373\" \/>\n\t<meta property=\"og:image:type\" content=\"image\/png\" \/>\n<meta name=\"author\" content=\"apuntesdesanluis.com\" \/>\n<meta name=\"twitter:card\" content=\"summary_large_image\" \/>\n<meta name=\"twitter:label1\" content=\"Escrito por\" \/>\n\t<meta name=\"twitter:data1\" content=\"apuntesdesanluis.com\" \/>\n\t<meta name=\"twitter:label2\" content=\"Tiempo de lectura\" \/>\n\t<meta name=\"twitter:data2\" content=\"4 minutos\" \/>\n<script type=\"application\/ld+json\" class=\"yoast-schema-graph\">{\"@context\":\"https:\/\/schema.org\",\"@graph\":[{\"@type\":\"Article\",\"@id\":\"https:\/\/apuntesdesanluis.com\/index.php\/2024\/02\/19\/insercion-laboral-lanzaron-convenios-entre-empresas-y-beneficiarios-de-planes-sociales\/#article\",\"isPartOf\":{\"@id\":\"https:\/\/apuntesdesanluis.com\/index.php\/2024\/02\/19\/insercion-laboral-lanzaron-convenios-entre-empresas-y-beneficiarios-de-planes-sociales\/\"},\"author\":{\"name\":\"apuntesdesanluis.com\",\"@id\":\"https:\/\/apuntesdesanluis.com\/#\/schema\/person\/b55151d52296fcce64d1a72538a70b90\"},\"headline\":\"INSERCI\u00d3N LABORAL: LANZARON CONVENIOS ENTRE EMPRESAS Y BENEFICIARIOS DE PLANES SOCIALES\",\"datePublished\":\"2024-02-20T00:45:49+00:00\",\"mainEntityOfPage\":{\"@id\":\"https:\/\/apuntesdesanluis.com\/index.php\/2024\/02\/19\/insercion-laboral-lanzaron-convenios-entre-empresas-y-beneficiarios-de-planes-sociales\/\"},\"wordCount\":750,\"publisher\":{\"@id\":\"https:\/\/apuntesdesanluis.com\/#\/schema\/person\/b55151d52296fcce64d1a72538a70b90\"},\"image\":{\"@id\":\"https:\/\/apuntesdesanluis.com\/index.php\/2024\/02\/19\/insercion-laboral-lanzaron-convenios-entre-empresas-y-beneficiarios-de-planes-sociales\/#primaryimage\"},\"thumbnailUrl\":\"https:\/\/apuntesdesanluis.com\/wp-content\/uploads\/2024\/02\/POGGI-1.png\",\"articleSection\":[\"Ciudad\/Provincia\"],\"inLanguage\":\"es-AR\"},{\"@type\":\"WebPage\",\"@id\":\"https:\/\/apuntesdesanluis.com\/index.php\/2024\/02\/19\/insercion-laboral-lanzaron-convenios-entre-empresas-y-beneficiarios-de-planes-sociales\/\",\"url\":\"https:\/\/apuntesdesanluis.com\/index.php\/2024\/02\/19\/insercion-laboral-lanzaron-convenios-entre-empresas-y-beneficiarios-de-planes-sociales\/\",\"name\":\"INSERCI\u00d3N LABORAL: LANZARON CONVENIOS ENTRE EMPRESAS Y BENEFICIARIOS DE PLANES SOCIALES - Apuntes de San Luis\",\"isPartOf\":{\"@id\":\"https:\/\/apuntesdesanluis.com\/#website\"},\"primaryImageOfPage\":{\"@id\":\"https:\/\/apuntesdesanluis.com\/index.php\/2024\/02\/19\/insercion-laboral-lanzaron-convenios-entre-empresas-y-beneficiarios-de-planes-sociales\/#primaryimage\"},\"image\":{\"@id\":\"https:\/\/apuntesdesanluis.com\/index.php\/2024\/02\/19\/insercion-laboral-lanzaron-convenios-entre-empresas-y-beneficiarios-de-planes-sociales\/#primaryimage\"},\"thumbnailUrl\":\"https:\/\/apuntesdesanluis.com\/wp-content\/uploads\/2024\/02\/POGGI-1.png\",\"datePublished\":\"2024-02-20T00:45:49+00:00\",\"breadcrumb\":{\"@id\":\"https:\/\/apuntesdesanluis.com\/index.php\/2024\/02\/19\/insercion-laboral-lanzaron-convenios-entre-empresas-y-beneficiarios-de-planes-sociales\/#breadcrumb\"},\"inLanguage\":\"es-AR\",\"potentialAction\":[{\"@type\":\"ReadAction\",\"target\":[\"https:\/\/apuntesdesanluis.com\/index.php\/2024\/02\/19\/insercion-laboral-lanzaron-convenios-entre-empresas-y-beneficiarios-de-planes-sociales\/\"]}]},{\"@type\":\"ImageObject\",\"inLanguage\":\"es-AR\",\"@id\":\"https:\/\/apuntesdesanluis.com\/index.php\/2024\/02\/19\/insercion-laboral-lanzaron-convenios-entre-empresas-y-beneficiarios-de-planes-sociales\/#primaryimage\",\"url\":\"https:\/\/apuntesdesanluis.com\/wp-content\/uploads\/2024\/02\/POGGI-1.png\",\"contentUrl\":\"https:\/\/apuntesdesanluis.com\/wp-content\/uploads\/2024\/02\/POGGI-1.png\",\"width\":575,\"height\":373},{\"@type\":\"BreadcrumbList\",\"@id\":\"https:\/\/apuntesdesanluis.com\/index.php\/2024\/02\/19\/insercion-laboral-lanzaron-convenios-entre-empresas-y-beneficiarios-de-planes-sociales\/#breadcrumb\",\"itemListElement\":[{\"@type\":\"ListItem\",\"position\":1,\"name\":\"Inicio\",\"item\":\"https:\/\/apuntesdesanluis.com\/\"},{\"@type\":\"ListItem\",\"position\":2,\"name\":\"INSERCI\u00d3N LABORAL: LANZARON CONVENIOS ENTRE EMPRESAS Y BENEFICIARIOS DE PLANES SOCIALES\"}]},{\"@type\":\"WebSite\",\"@id\":\"https:\/\/apuntesdesanluis.com\/#website\",\"url\":\"https:\/\/apuntesdesanluis.com\/\",\"name\":\"Apuntes de San Luis\",\"description\":\"\",\"publisher\":{\"@id\":\"https:\/\/apuntesdesanluis.com\/#\/schema\/person\/b55151d52296fcce64d1a72538a70b90\"},\"potentialAction\":[{\"@type\":\"SearchAction\",\"target\":{\"@type\":\"EntryPoint\",\"urlTemplate\":\"https:\/\/apuntesdesanluis.com\/?s={search_term_string}\"},\"query-input\":{\"@type\":\"PropertyValueSpecification\",\"valueRequired\":true,\"valueName\":\"search_term_string\"}}],\"inLanguage\":\"es-AR\"},{\"@type\":[\"Person\",\"Organization\"],\"@id\":\"https:\/\/apuntesdesanluis.com\/#\/schema\/person\/b55151d52296fcce64d1a72538a70b90\",\"name\":\"apuntesdesanluis.com\",\"image\":{\"@type\":\"ImageObject\",\"inLanguage\":\"es-AR\",\"@id\":\"https:\/\/apuntesdesanluis.com\/#\/schema\/person\/image\/\",\"url\":\"https:\/\/apuntesdesanluis.com\/wp-content\/uploads\/2023\/07\/cropped-apuntesdesanluis.png\",\"contentUrl\":\"https:\/\/apuntesdesanluis.com\/wp-content\/uploads\/2023\/07\/cropped-apuntesdesanluis.png\",\"width\":450,\"height\":112,\"caption\":\"apuntesdesanluis.com\"},\"logo\":{\"@id\":\"https:\/\/apuntesdesanluis.com\/#\/schema\/person\/image\/\"},\"sameAs\":[\"https:\/\/apuntesdesanluis.com\"],\"url\":\"https:\/\/apuntesdesanluis.com\/index.php\/author\/apuntesdesanluis-com\/\"}]}<\/script>\n<!-- \/ Yoast SEO plugin. -->","yoast_head_json":{"title":"INSERCI\u00d3N LABORAL: LANZARON CONVENIOS ENTRE EMPRESAS Y BENEFICIARIOS DE PLANES SOCIALES - Apuntes de San Luis","robots":{"index":"index","follow":"follow","max-snippet":"max-snippet:-1","max-image-preview":"max-image-preview:large","max-video-preview":"max-video-preview:-1"},"canonical":"https:\/\/apuntesdesanluis.com\/index.php\/2024\/02\/19\/insercion-laboral-lanzaron-convenios-entre-empresas-y-beneficiarios-de-planes-sociales\/","og_locale":"es_ES","og_type":"article","og_title":"INSERCI\u00d3N LABORAL: LANZARON CONVENIOS ENTRE EMPRESAS Y BENEFICIARIOS DE PLANES SOCIALES - Apuntes de San Luis","og_description":"Gracias a los primeros acuerdos celebrados este lunes, beneficiarios del Plan de Inclusi\u00f3n comenzar\u00e1n a...","og_url":"https:\/\/apuntesdesanluis.com\/index.php\/2024\/02\/19\/insercion-laboral-lanzaron-convenios-entre-empresas-y-beneficiarios-de-planes-sociales\/","og_site_name":"Apuntes de San Luis","article_published_time":"2024-02-20T00:45:49+00:00","og_image":[{"width":575,"height":373,"url":"https:\/\/apuntesdesanluis.com\/wp-content\/uploads\/2024\/02\/POGGI-1.png","type":"image\/png"}],"author":"apuntesdesanluis.com","twitter_card":"summary_large_image","twitter_misc":{"Escrito por":"apuntesdesanluis.com","Tiempo de lectura":"4 minutos"},"schema":{"@context":"https:\/\/schema.org","@graph":[{"@type":"Article","@id":"https:\/\/apuntesdesanluis.com\/index.php\/2024\/02\/19\/insercion-laboral-lanzaron-convenios-entre-empresas-y-beneficiarios-de-planes-sociales\/#article","isPartOf":{"@id":"https:\/\/apuntesdesanluis.com\/index.php\/2024\/02\/19\/insercion-laboral-lanzaron-convenios-entre-empresas-y-beneficiarios-de-planes-sociales\/"},"author":{"name":"apuntesdesanluis.com","@id":"https:\/\/apuntesdesanluis.com\/#\/schema\/person\/b55151d52296fcce64d1a72538a70b90"},"headline":"INSERCI\u00d3N LABORAL: LANZARON CONVENIOS ENTRE EMPRESAS Y BENEFICIARIOS DE PLANES SOCIALES","datePublished":"2024-02-20T00:45:49+00:00","mainEntityOfPage":{"@id":"https:\/\/apuntesdesanluis.com\/index.php\/2024\/02\/19\/insercion-laboral-lanzaron-convenios-entre-empresas-y-beneficiarios-de-planes-sociales\/"},"wordCount":750,"publisher":{"@id":"https:\/\/apuntesdesanluis.com\/#\/schema\/person\/b55151d52296fcce64d1a72538a70b90"},"image":{"@id":"https:\/\/apuntesdesanluis.com\/index.php\/2024\/02\/19\/insercion-laboral-lanzaron-convenios-entre-empresas-y-beneficiarios-de-planes-sociales\/#primaryimage"},"thumbnailUrl":"https:\/\/apuntesdesanluis.com\/wp-content\/uploads\/2024\/02\/POGGI-1.png","articleSection":["Ciudad\/Provincia"],"inLanguage":"es-AR"},{"@type":"WebPage","@id":"https:\/\/apuntesdesanluis.com\/index.php\/2024\/02\/19\/insercion-laboral-lanzaron-convenios-entre-empresas-y-beneficiarios-de-planes-sociales\/","url":"https:\/\/apuntesdesanluis.com\/index.php\/2024\/02\/19\/insercion-laboral-lanzaron-convenios-entre-empresas-y-beneficiarios-de-planes-sociales\/","name":"INSERCI\u00d3N LABORAL: LANZARON CONVENIOS ENTRE EMPRESAS Y BENEFICIARIOS DE PLANES SOCIALES - Apuntes de San Luis","isPartOf":{"@id":"https:\/\/apuntesdesanluis.com\/#website"},"primaryImageOfPage":{"@id":"https:\/\/apuntesdesanluis.com\/index.php\/2024\/02\/19\/insercion-laboral-lanzaron-convenios-entre-empresas-y-beneficiarios-de-planes-sociales\/#primaryimage"},"image":{"@id":"https:\/\/apuntesdesanluis.com\/index.php\/2024\/02\/19\/insercion-laboral-lanzaron-convenios-entre-empresas-y-beneficiarios-de-planes-sociales\/#primaryimage"},"thumbnailUrl":"https:\/\/apuntesdesanluis.com\/wp-content\/uploads\/2024\/02\/POGGI-1.png","datePublished":"2024-02-20T00:45:49+00:00","breadcrumb":{"@id":"https:\/\/apuntesdesanluis.com\/index.php\/2024\/02\/19\/insercion-laboral-lanzaron-convenios-entre-empresas-y-beneficiarios-de-planes-sociales\/#breadcrumb"},"inLanguage":"es-AR","potentialAction":[{"@type":"ReadAction","target":["https:\/\/apuntesdesanluis.com\/index.php\/2024\/02\/19\/insercion-laboral-lanzaron-convenios-entre-empresas-y-beneficiarios-de-planes-sociales\/"]}]},{"@type":"ImageObject","inLanguage":"es-AR","@id":"https:\/\/apuntesdesanluis.com\/index.php\/2024\/02\/19\/insercion-laboral-lanzaron-convenios-entre-empresas-y-beneficiarios-de-planes-sociales\/#primaryimage","url":"https:\/\/apuntesdesanluis.com\/wp-content\/uploads\/2024\/02\/POGGI-1.png","contentUrl":"https:\/\/apuntesdesanluis.com\/wp-content\/uploads\/2024\/02\/POGGI-1.png","width":575,"height":373},{"@type":"BreadcrumbList","@id":"https:\/\/apuntesdesanluis.com\/index.php\/2024\/02\/19\/insercion-laboral-lanzaron-convenios-entre-empresas-y-beneficiarios-de-planes-sociales\/#breadcrumb","itemListElement":[{"@type":"ListItem","position":1,"name":"Inicio","item":"https:\/\/apuntesdesanluis.com\/"},{"@type":"ListItem","position":2,"name":"INSERCI\u00d3N LABORAL: LANZARON CONVENIOS ENTRE EMPRESAS Y BENEFICIARIOS DE PLANES SOCIALES"}]},{"@type":"WebSite","@id":"https:\/\/apuntesdesanluis.com\/#website","url":"https:\/\/apuntesdesanluis.com\/","name":"Apuntes de San Luis","description":"","publisher":{"@id":"https:\/\/apuntesdesanluis.com\/#\/schema\/person\/b55151d52296fcce64d1a72538a70b90"},"potentialAction":[{"@type":"SearchAction","target":{"@type":"EntryPoint","urlTemplate":"https:\/\/apuntesdesanluis.com\/?s={search_term_string}"},"query-input":{"@type":"PropertyValueSpecification","valueRequired":true,"valueName":"search_term_string"}}],"inLanguage":"es-AR"},{"@type":["Person","Organization"],"@id":"https:\/\/apuntesdesanluis.com\/#\/schema\/person\/b55151d52296fcce64d1a72538a70b90","name":"apuntesdesanluis.com","image":{"@type":"ImageObject","inLanguage":"es-AR","@id":"https:\/\/apuntesdesanluis.com\/#\/schema\/person\/image\/","url":"https:\/\/apuntesdesanluis.com\/wp-content\/uploads\/2023\/07\/cropped-apuntesdesanluis.png","contentUrl":"https:\/\/apuntesdesanluis.com\/wp-content\/uploads\/2023\/07\/cropped-apuntesdesanluis.png","width":450,"height":112,"caption":"apuntesdesanluis.com"},"logo":{"@id":"https:\/\/apuntesdesanluis.com\/#\/schema\/person\/image\/"},"sameAs":["https:\/\/apuntesdesanluis.com"],"url":"https:\/\/apuntesdesanluis.com\/index.php\/author\/apuntesdesanluis-com\/"}]}},"featured_image_urls":{"full":["https:\/\/apuntesdesanluis.com\/wp-content\/uploads\/2024\/02\/POGGI-1.png",575,373,false],"thumbnail":["https:\/\/apuntesdesanluis.com\/wp-content\/uploads\/2024\/02\/POGGI-1-150x150.png",150,150,true],"medium":["https:\/\/apuntesdesanluis.com\/wp-content\/uploads\/2024\/02\/POGGI-1-300x195.png",300,195,true],"medium_large":["https:\/\/apuntesdesanluis.com\/wp-content\/uploads\/2024\/02\/POGGI-1.png",575,373,false],"large":["https:\/\/apuntesdesanluis.com\/wp-content\/uploads\/2024\/02\/POGGI-1.png",575,373,false],"1536x1536":["https:\/\/apuntesdesanluis.com\/wp-content\/uploads\/2024\/02\/POGGI-1.png",575,373,false],"2048x2048":["https:\/\/apuntesdesanluis.com\/wp-content\/uploads\/2024\/02\/POGGI-1.png",575,373,false],"newsever-slider-full":["https:\/\/apuntesdesanluis.com\/wp-content\/uploads\/2024\/02\/POGGI-1.png",575,373,false],"newsever-featured":["https:\/\/apuntesdesanluis.com\/wp-content\/uploads\/2024\/02\/POGGI-1.png",575,373,false],"newsever-medium":["https:\/\/apuntesdesanluis.com\/wp-content\/uploads\/2024\/02\/POGGI-1.png",575,373,false]},"author_info":{"display_name":"apuntesdesanluis.com","author_link":"https:\/\/apuntesdesanluis.com\/index.php\/author\/apuntesdesanluis-com\/"},"category_info":"<a href=\"https:\/\/apuntesdesanluis.com\/index.php\/category\/ciudad-provincia\/\" rel=\"category tag\">Ciudad\/Provincia<\/a>","tag_info":"Ciudad\/Provincia","comment_count":"0","_links":{"self":[{"href":"https:\/\/apuntesdesanluis.com\/index.php\/wp-json\/wp\/v2\/posts\/11952","targetHints":{"allow":["GET"]}}],"collection":[{"href":"https:\/\/apuntesdesanluis.com\/index.php\/wp-json\/wp\/v2\/posts"}],"about":[{"href":"https:\/\/apuntesdesanluis.com\/index.php\/wp-json\/wp\/v2\/types\/post"}],"author":[{"embeddable":true,"href":"https:\/\/apuntesdesanluis.com\/index.php\/wp-json\/wp\/v2\/users\/1"}],"replies":[{"embeddable":true,"href":"https:\/\/apuntesdesanluis.com\/index.php\/wp-json\/wp\/v2\/comments?post=11952"}],"version-history":[{"count":1,"href":"https:\/\/apuntesdesanluis.com\/index.php\/wp-json\/wp\/v2\/posts\/11952\/revisions"}],"predecessor-version":[{"id":11955,"href":"https:\/\/apuntesdesanluis.com\/index.php\/wp-json\/wp\/v2\/posts\/11952\/revisions\/11955"}],"wp:featuredmedia":[{"embeddable":true,"href":"https:\/\/apuntesdesanluis.com\/index.php\/wp-json\/wp\/v2\/media\/11953"}],"wp:attachment":[{"href":"https:\/\/apuntesdesanluis.com\/index.php\/wp-json\/wp\/v2\/media?parent=11952"}],"wp:term":[{"taxonomy":"category","embeddable":true,"href":"https:\/\/apuntesdesanluis.com\/index.php\/wp-json\/wp\/v2\/categories?post=11952"},{"taxonomy":"post_tag","embeddable":true,"href":"https:\/\/apuntesdesanluis.com\/index.php\/wp-json\/wp\/v2\/tags?post=11952"}],"curies":[{"name":"wp","href":"https:\/\/api.w.org\/{rel}","templated":true}]}}