{"id":11964,"date":"2024-02-20T09:07:10","date_gmt":"2024-02-20T12:07:10","guid":{"rendered":"https:\/\/apuntesdesanluis.com\/?p=11964"},"modified":"2024-02-20T09:07:10","modified_gmt":"2024-02-20T12:07:10","slug":"la-upro-lanzo-los-cursos-nivelatorios-del-ciclo-lectivo-2024","status":"publish","type":"post","link":"https:\/\/apuntesdesanluis.com\/index.php\/2024\/02\/20\/la-upro-lanzo-los-cursos-nivelatorios-del-ciclo-lectivo-2024\/","title":{"rendered":"LA UPRO LANZ\u00d3 LOS CURSOS NIVELATORIOS DEL CICLO LECTIVO 2024"},"content":{"rendered":"<h3>Lo hizo en un multitudinario acto realizado este lunes por la tarde en Villa Mercedes, que fue simult\u00e1neo con las otras sedes que la instituci\u00f3n posee en Quines, Candelaria, San Mart\u00edn, Merlo, Tilisarao, La Calera y Buena Esperanza.<\/h3>\n<h3>Al comienzo del acto se transmiti\u00f3 el saludo y la felicitaci\u00f3n del gobernador <strong>Claudio Poggi<\/strong>, quien fund\u00f3 la instituci\u00f3n durante su primera gesti\u00f3n en el per\u00edodo 2011-2015.<\/h3>\n<p><img fetchpriority=\"high\" decoding=\"async\" class=\"wp-image-11966 aligncenter\" src=\"https:\/\/apuntesdesanluis.com\/wp-content\/uploads\/2024\/02\/ciclo-upro-poggi-300x201.png\" alt=\"\" width=\"651\" height=\"436\" srcset=\"https:\/\/apuntesdesanluis.com\/wp-content\/uploads\/2024\/02\/ciclo-upro-poggi-300x201.png 300w, https:\/\/apuntesdesanluis.com\/wp-content\/uploads\/2024\/02\/ciclo-upro-poggi.png 716w\" sizes=\"(max-width: 651px) 100vw, 651px\" \/><\/p>\n<h3>De la ceremonia tambi\u00e9n participaron el intendente municipal de Villa Mercedes, <strong>Maximiliano Frontera<\/strong>, y su vice, <strong>Silvina Galetto<\/strong>; el rector de la UNViMe, <strong>Marcelo Sosa<\/strong>, adem\u00e1s de ministros del gabinete provincial, legisladores provinciales y municipales, representantes de instituciones y una gran cantidad de p\u00fablico.<\/h3>\n<p><img decoding=\"async\" class=\"wp-image-11967 aligncenter\" src=\"https:\/\/apuntesdesanluis.com\/wp-content\/uploads\/2024\/02\/ciclo-upro-sosa-300x245.png\" alt=\"\" width=\"649\" height=\"530\" srcset=\"https:\/\/apuntesdesanluis.com\/wp-content\/uploads\/2024\/02\/ciclo-upro-sosa-300x245.png 300w, https:\/\/apuntesdesanluis.com\/wp-content\/uploads\/2024\/02\/ciclo-upro-sosa.png 698w\" sizes=\"(max-width: 649px) 100vw, 649px\" \/><\/p>\n<h3>En total, 5.692 alumnos se sumaron a las 42 carreras y cursos que ofrece la instituci\u00f3n, dise\u00f1ados para satisfacer las necesidades de cada regi\u00f3n de la provincia.<\/h3>\n<h3>La UPrO se ha consolidado como la principal formadora de mano de obra capacitada en San Luis, ofreciendo cursos cortos, anuales y tecnicaturas de hasta dos a\u00f1os de duraci\u00f3n. Su curr\u00edcula diversa abarca una amplia gama de disciplinas, adapt\u00e1ndose a los requerimientos espec\u00edficos de cada localidad.<\/h3>\n<p><img decoding=\"async\" class=\"wp-image-11968 aligncenter\" src=\"https:\/\/apuntesdesanluis.com\/wp-content\/uploads\/2024\/02\/cilo-upro-300x187.png\" alt=\"\" width=\"648\" height=\"404\" srcset=\"https:\/\/apuntesdesanluis.com\/wp-content\/uploads\/2024\/02\/cilo-upro-300x187.png 300w, https:\/\/apuntesdesanluis.com\/wp-content\/uploads\/2024\/02\/cilo-upro.png 750w\" sizes=\"(max-width: 648px) 100vw, 648px\" \/><\/p>\n<h3>Durante el acto de apertura, el Rector de la UPrO, <strong>Rudy C\u00e1mera<\/strong>, destac\u00f3 la importancia de brindar oportunidades educativas accesibles y de calidad para los residentes de toda la provincia. Asimismo, resaltaron el compromiso de la instituci\u00f3n en formar profesionales competentes y preparados para insertarse en el mercado laboral local y regional.<\/h3>\n<h3>Por su parte, los estudiantes expresaron su entusiasmo por iniciar una nueva etapa en su formaci\u00f3n acad\u00e9mica y profesional. Muchos de ellos resaltaron la reputaci\u00f3n de la UPrO y su reconocido aporte al desarrollo econ\u00f3mico y social de San Luis.<\/h3>\n<h3>Al t\u00e9rmino del acto el Rector <strong>Rudy C\u00e1mera<\/strong> expres\u00f3 sus sensaciones tras la apertura del Ciclo Lectivo 2024.<\/h3>\n<p><img loading=\"lazy\" decoding=\"async\" class=\"wp-image-11969 aligncenter\" src=\"https:\/\/apuntesdesanluis.com\/wp-content\/uploads\/2024\/02\/ciclo-upro-camera-300x222.png\" alt=\"\" width=\"647\" height=\"479\" srcset=\"https:\/\/apuntesdesanluis.com\/wp-content\/uploads\/2024\/02\/ciclo-upro-camera-300x222.png 300w, https:\/\/apuntesdesanluis.com\/wp-content\/uploads\/2024\/02\/ciclo-upro-camera.png 500w\" sizes=\"(max-width: 647px) 100vw, 647px\" \/><\/p>\n<!--[if lt IE 9]><script>document.createElement('audio');<\/script><![endif]-->\n\t<div class=\"wp-playlist wp-audio-playlist wp-playlist-light\">\n\t\t\t<div class=\"wp-playlist-current-item\"><\/div>\n\t\t<audio controls=\"controls\" preload=\"none\" width=\"618\"\n\t\t\t><\/audio>\n\t<div class=\"wp-playlist-next\"><\/div>\n\t<div class=\"wp-playlist-prev\"><\/div>\n\t<noscript>\n\t<ol>\n\t\t<li><a href='https:\/\/apuntesdesanluis.com\/wp-content\/uploads\/2024\/02\/Rector-Rudy-Camera.ogg'>Rector-Rudy-C\u00e1mera<\/a><\/li>\t<\/ol>\n\t<\/noscript>\n\t<script type=\"application\/json\" class=\"wp-playlist-script\">{\"type\":\"audio\",\"tracklist\":true,\"tracknumbers\":true,\"images\":true,\"artists\":true,\"tracks\":[{\"src\":\"https:\\\/\\\/apuntesdesanluis.com\\\/wp-content\\\/uploads\\\/2024\\\/02\\\/Rector-Rudy-Camera.ogg\",\"type\":\"audio\\\/ogg\",\"title\":\"Rector-Rudy-C\\u00e1mera\",\"caption\":\"\",\"description\":\"\\\"Rector-Rudy-C\\u00e1mera\\\".\",\"meta\":{\"length_formatted\":\"2:42\"},\"image\":{\"src\":\"https:\\\/\\\/apuntesdesanluis.com\\\/wp-includes\\\/images\\\/media\\\/audio.svg\",\"width\":48,\"height\":64},\"thumb\":{\"src\":\"https:\\\/\\\/apuntesdesanluis.com\\\/wp-includes\\\/images\\\/media\\\/audio.svg\",\"width\":48,\"height\":64}}]}<\/script>\n<\/div>\n\t\n<p>&nbsp;<\/p>\n<p>&nbsp;<\/p>\n<p>&nbsp;<\/p>\n<p>&nbsp;<\/p>\n<p>&nbsp;<\/p>\n<p>&nbsp;<\/p>\n<p>&nbsp;<\/p>\n","protected":false},"excerpt":{"rendered":"<p>Lo hizo en un multitudinario acto realizado este lunes por la tarde en Villa Mercedes,&#8230;<\/p>\n","protected":false},"author":1,"featured_media":11965,"comment_status":"closed","ping_status":"closed","sticky":false,"template":"","format":"standard","meta":{"footnotes":""},"categories":[6],"tags":[],"class_list":["post-11964","post","type-post","status-publish","format-standard","has-post-thumbnail","hentry","category-ciudad-provincia"],"yoast_head":"<!-- This site is optimized with the Yoast SEO plugin v26.1.1 - https:\/\/yoast.com\/wordpress\/plugins\/seo\/ -->\n<title>LA UPRO LANZ\u00d3 LOS CURSOS NIVELATORIOS DEL CICLO LECTIVO 2024 - Apuntes de San Luis<\/title>\n<meta name=\"robots\" content=\"index, follow, max-snippet:-1, max-image-preview:large, max-video-preview:-1\" \/>\n<link rel=\"canonical\" href=\"https:\/\/apuntesdesanluis.com\/index.php\/2024\/02\/20\/la-upro-lanzo-los-cursos-nivelatorios-del-ciclo-lectivo-2024\/\" \/>\n<meta property=\"og:locale\" content=\"es_ES\" \/>\n<meta property=\"og:type\" content=\"article\" \/>\n<meta property=\"og:title\" content=\"LA UPRO LANZ\u00d3 LOS CURSOS NIVELATORIOS DEL CICLO LECTIVO 2024 - Apuntes de San Luis\" \/>\n<meta property=\"og:description\" content=\"Lo hizo en un multitudinario acto realizado este lunes por la tarde en Villa Mercedes,...\" \/>\n<meta property=\"og:url\" content=\"https:\/\/apuntesdesanluis.com\/index.php\/2024\/02\/20\/la-upro-lanzo-los-cursos-nivelatorios-del-ciclo-lectivo-2024\/\" \/>\n<meta property=\"og:site_name\" content=\"Apuntes de San Luis\" \/>\n<meta property=\"article:published_time\" content=\"2024-02-20T12:07:10+00:00\" \/>\n<meta property=\"og:image\" content=\"https:\/\/apuntesdesanluis.com\/wp-content\/uploads\/2024\/02\/camera.png\" \/>\n\t<meta property=\"og:image:width\" content=\"927\" \/>\n\t<meta property=\"og:image:height\" content=\"686\" \/>\n\t<meta property=\"og:image:type\" content=\"image\/png\" \/>\n<meta name=\"author\" content=\"apuntesdesanluis.com\" \/>\n<meta name=\"twitter:card\" content=\"summary_large_image\" \/>\n<meta name=\"twitter:label1\" content=\"Escrito por\" \/>\n\t<meta name=\"twitter:data1\" content=\"apuntesdesanluis.com\" \/>\n\t<meta name=\"twitter:label2\" content=\"Tiempo de lectura\" \/>\n\t<meta name=\"twitter:data2\" content=\"3 minutos\" \/>\n<script type=\"application\/ld+json\" class=\"yoast-schema-graph\">{\"@context\":\"https:\/\/schema.org\",\"@graph\":[{\"@type\":\"Article\",\"@id\":\"https:\/\/apuntesdesanluis.com\/index.php\/2024\/02\/20\/la-upro-lanzo-los-cursos-nivelatorios-del-ciclo-lectivo-2024\/#article\",\"isPartOf\":{\"@id\":\"https:\/\/apuntesdesanluis.com\/index.php\/2024\/02\/20\/la-upro-lanzo-los-cursos-nivelatorios-del-ciclo-lectivo-2024\/\"},\"author\":{\"name\":\"apuntesdesanluis.com\",\"@id\":\"https:\/\/apuntesdesanluis.com\/#\/schema\/person\/b55151d52296fcce64d1a72538a70b90\"},\"headline\":\"LA UPRO LANZ\u00d3 LOS CURSOS NIVELATORIOS DEL CICLO LECTIVO 2024\",\"datePublished\":\"2024-02-20T12:07:10+00:00\",\"mainEntityOfPage\":{\"@id\":\"https:\/\/apuntesdesanluis.com\/index.php\/2024\/02\/20\/la-upro-lanzo-los-cursos-nivelatorios-del-ciclo-lectivo-2024\/\"},\"wordCount\":333,\"publisher\":{\"@id\":\"https:\/\/apuntesdesanluis.com\/#\/schema\/person\/b55151d52296fcce64d1a72538a70b90\"},\"image\":{\"@id\":\"https:\/\/apuntesdesanluis.com\/index.php\/2024\/02\/20\/la-upro-lanzo-los-cursos-nivelatorios-del-ciclo-lectivo-2024\/#primaryimage\"},\"thumbnailUrl\":\"https:\/\/apuntesdesanluis.com\/wp-content\/uploads\/2024\/02\/camera.png\",\"articleSection\":[\"Ciudad\/Provincia\"],\"inLanguage\":\"es-AR\"},{\"@type\":\"WebPage\",\"@id\":\"https:\/\/apuntesdesanluis.com\/index.php\/2024\/02\/20\/la-upro-lanzo-los-cursos-nivelatorios-del-ciclo-lectivo-2024\/\",\"url\":\"https:\/\/apuntesdesanluis.com\/index.php\/2024\/02\/20\/la-upro-lanzo-los-cursos-nivelatorios-del-ciclo-lectivo-2024\/\",\"name\":\"LA UPRO LANZ\u00d3 LOS CURSOS NIVELATORIOS DEL CICLO LECTIVO 2024 - Apuntes de San Luis\",\"isPartOf\":{\"@id\":\"https:\/\/apuntesdesanluis.com\/#website\"},\"primaryImageOfPage\":{\"@id\":\"https:\/\/apuntesdesanluis.com\/index.php\/2024\/02\/20\/la-upro-lanzo-los-cursos-nivelatorios-del-ciclo-lectivo-2024\/#primaryimage\"},\"image\":{\"@id\":\"https:\/\/apuntesdesanluis.com\/index.php\/2024\/02\/20\/la-upro-lanzo-los-cursos-nivelatorios-del-ciclo-lectivo-2024\/#primaryimage\"},\"thumbnailUrl\":\"https:\/\/apuntesdesanluis.com\/wp-content\/uploads\/2024\/02\/camera.png\",\"datePublished\":\"2024-02-20T12:07:10+00:00\",\"breadcrumb\":{\"@id\":\"https:\/\/apuntesdesanluis.com\/index.php\/2024\/02\/20\/la-upro-lanzo-los-cursos-nivelatorios-del-ciclo-lectivo-2024\/#breadcrumb\"},\"inLanguage\":\"es-AR\",\"potentialAction\":[{\"@type\":\"ReadAction\",\"target\":[\"https:\/\/apuntesdesanluis.com\/index.php\/2024\/02\/20\/la-upro-lanzo-los-cursos-nivelatorios-del-ciclo-lectivo-2024\/\"]}]},{\"@type\":\"ImageObject\",\"inLanguage\":\"es-AR\",\"@id\":\"https:\/\/apuntesdesanluis.com\/index.php\/2024\/02\/20\/la-upro-lanzo-los-cursos-nivelatorios-del-ciclo-lectivo-2024\/#primaryimage\",\"url\":\"https:\/\/apuntesdesanluis.com\/wp-content\/uploads\/2024\/02\/camera.png\",\"contentUrl\":\"https:\/\/apuntesdesanluis.com\/wp-content\/uploads\/2024\/02\/camera.png\",\"width\":927,\"height\":686},{\"@type\":\"BreadcrumbList\",\"@id\":\"https:\/\/apuntesdesanluis.com\/index.php\/2024\/02\/20\/la-upro-lanzo-los-cursos-nivelatorios-del-ciclo-lectivo-2024\/#breadcrumb\",\"itemListElement\":[{\"@type\":\"ListItem\",\"position\":1,\"name\":\"Inicio\",\"item\":\"https:\/\/apuntesdesanluis.com\/\"},{\"@type\":\"ListItem\",\"position\":2,\"name\":\"LA UPRO LANZ\u00d3 LOS CURSOS NIVELATORIOS DEL CICLO LECTIVO 2024\"}]},{\"@type\":\"WebSite\",\"@id\":\"https:\/\/apuntesdesanluis.com\/#website\",\"url\":\"https:\/\/apuntesdesanluis.com\/\",\"name\":\"Apuntes de San Luis\",\"description\":\"\",\"publisher\":{\"@id\":\"https:\/\/apuntesdesanluis.com\/#\/schema\/person\/b55151d52296fcce64d1a72538a70b90\"},\"potentialAction\":[{\"@type\":\"SearchAction\",\"target\":{\"@type\":\"EntryPoint\",\"urlTemplate\":\"https:\/\/apuntesdesanluis.com\/?s={search_term_string}\"},\"query-input\":{\"@type\":\"PropertyValueSpecification\",\"valueRequired\":true,\"valueName\":\"search_term_string\"}}],\"inLanguage\":\"es-AR\"},{\"@type\":[\"Person\",\"Organization\"],\"@id\":\"https:\/\/apuntesdesanluis.com\/#\/schema\/person\/b55151d52296fcce64d1a72538a70b90\",\"name\":\"apuntesdesanluis.com\",\"image\":{\"@type\":\"ImageObject\",\"inLanguage\":\"es-AR\",\"@id\":\"https:\/\/apuntesdesanluis.com\/#\/schema\/person\/image\/\",\"url\":\"https:\/\/apuntesdesanluis.com\/wp-content\/uploads\/2023\/07\/cropped-apuntesdesanluis.png\",\"contentUrl\":\"https:\/\/apuntesdesanluis.com\/wp-content\/uploads\/2023\/07\/cropped-apuntesdesanluis.png\",\"width\":450,\"height\":112,\"caption\":\"apuntesdesanluis.com\"},\"logo\":{\"@id\":\"https:\/\/apuntesdesanluis.com\/#\/schema\/person\/image\/\"},\"sameAs\":[\"https:\/\/apuntesdesanluis.com\"],\"url\":\"https:\/\/apuntesdesanluis.com\/index.php\/author\/apuntesdesanluis-com\/\"}]}<\/script>\n<!-- \/ Yoast SEO plugin. -->","yoast_head_json":{"title":"LA UPRO LANZ\u00d3 LOS CURSOS NIVELATORIOS DEL CICLO LECTIVO 2024 - Apuntes de San Luis","robots":{"index":"index","follow":"follow","max-snippet":"max-snippet:-1","max-image-preview":"max-image-preview:large","max-video-preview":"max-video-preview:-1"},"canonical":"https:\/\/apuntesdesanluis.com\/index.php\/2024\/02\/20\/la-upro-lanzo-los-cursos-nivelatorios-del-ciclo-lectivo-2024\/","og_locale":"es_ES","og_type":"article","og_title":"LA UPRO LANZ\u00d3 LOS CURSOS NIVELATORIOS DEL CICLO LECTIVO 2024 - Apuntes de San Luis","og_description":"Lo hizo en un multitudinario acto realizado este lunes por la tarde en Villa Mercedes,...","og_url":"https:\/\/apuntesdesanluis.com\/index.php\/2024\/02\/20\/la-upro-lanzo-los-cursos-nivelatorios-del-ciclo-lectivo-2024\/","og_site_name":"Apuntes de San Luis","article_published_time":"2024-02-20T12:07:10+00:00","og_image":[{"width":927,"height":686,"url":"https:\/\/apuntesdesanluis.com\/wp-content\/uploads\/2024\/02\/camera.png","type":"image\/png"}],"author":"apuntesdesanluis.com","twitter_card":"summary_large_image","twitter_misc":{"Escrito por":"apuntesdesanluis.com","Tiempo de lectura":"3 minutos"},"schema":{"@context":"https:\/\/schema.org","@graph":[{"@type":"Article","@id":"https:\/\/apuntesdesanluis.com\/index.php\/2024\/02\/20\/la-upro-lanzo-los-cursos-nivelatorios-del-ciclo-lectivo-2024\/#article","isPartOf":{"@id":"https:\/\/apuntesdesanluis.com\/index.php\/2024\/02\/20\/la-upro-lanzo-los-cursos-nivelatorios-del-ciclo-lectivo-2024\/"},"author":{"name":"apuntesdesanluis.com","@id":"https:\/\/apuntesdesanluis.com\/#\/schema\/person\/b55151d52296fcce64d1a72538a70b90"},"headline":"LA UPRO LANZ\u00d3 LOS CURSOS NIVELATORIOS DEL CICLO LECTIVO 2024","datePublished":"2024-02-20T12:07:10+00:00","mainEntityOfPage":{"@id":"https:\/\/apuntesdesanluis.com\/index.php\/2024\/02\/20\/la-upro-lanzo-los-cursos-nivelatorios-del-ciclo-lectivo-2024\/"},"wordCount":333,"publisher":{"@id":"https:\/\/apuntesdesanluis.com\/#\/schema\/person\/b55151d52296fcce64d1a72538a70b90"},"image":{"@id":"https:\/\/apuntesdesanluis.com\/index.php\/2024\/02\/20\/la-upro-lanzo-los-cursos-nivelatorios-del-ciclo-lectivo-2024\/#primaryimage"},"thumbnailUrl":"https:\/\/apuntesdesanluis.com\/wp-content\/uploads\/2024\/02\/camera.png","articleSection":["Ciudad\/Provincia"],"inLanguage":"es-AR"},{"@type":"WebPage","@id":"https:\/\/apuntesdesanluis.com\/index.php\/2024\/02\/20\/la-upro-lanzo-los-cursos-nivelatorios-del-ciclo-lectivo-2024\/","url":"https:\/\/apuntesdesanluis.com\/index.php\/2024\/02\/20\/la-upro-lanzo-los-cursos-nivelatorios-del-ciclo-lectivo-2024\/","name":"LA UPRO LANZ\u00d3 LOS CURSOS NIVELATORIOS DEL CICLO LECTIVO 2024 - Apuntes de San Luis","isPartOf":{"@id":"https:\/\/apuntesdesanluis.com\/#website"},"primaryImageOfPage":{"@id":"https:\/\/apuntesdesanluis.com\/index.php\/2024\/02\/20\/la-upro-lanzo-los-cursos-nivelatorios-del-ciclo-lectivo-2024\/#primaryimage"},"image":{"@id":"https:\/\/apuntesdesanluis.com\/index.php\/2024\/02\/20\/la-upro-lanzo-los-cursos-nivelatorios-del-ciclo-lectivo-2024\/#primaryimage"},"thumbnailUrl":"https:\/\/apuntesdesanluis.com\/wp-content\/uploads\/2024\/02\/camera.png","datePublished":"2024-02-20T12:07:10+00:00","breadcrumb":{"@id":"https:\/\/apuntesdesanluis.com\/index.php\/2024\/02\/20\/la-upro-lanzo-los-cursos-nivelatorios-del-ciclo-lectivo-2024\/#breadcrumb"},"inLanguage":"es-AR","potentialAction":[{"@type":"ReadAction","target":["https:\/\/apuntesdesanluis.com\/index.php\/2024\/02\/20\/la-upro-lanzo-los-cursos-nivelatorios-del-ciclo-lectivo-2024\/"]}]},{"@type":"ImageObject","inLanguage":"es-AR","@id":"https:\/\/apuntesdesanluis.com\/index.php\/2024\/02\/20\/la-upro-lanzo-los-cursos-nivelatorios-del-ciclo-lectivo-2024\/#primaryimage","url":"https:\/\/apuntesdesanluis.com\/wp-content\/uploads\/2024\/02\/camera.png","contentUrl":"https:\/\/apuntesdesanluis.com\/wp-content\/uploads\/2024\/02\/camera.png","width":927,"height":686},{"@type":"BreadcrumbList","@id":"https:\/\/apuntesdesanluis.com\/index.php\/2024\/02\/20\/la-upro-lanzo-los-cursos-nivelatorios-del-ciclo-lectivo-2024\/#breadcrumb","itemListElement":[{"@type":"ListItem","position":1,"name":"Inicio","item":"https:\/\/apuntesdesanluis.com\/"},{"@type":"ListItem","position":2,"name":"LA UPRO LANZ\u00d3 LOS CURSOS NIVELATORIOS DEL CICLO LECTIVO 2024"}]},{"@type":"WebSite","@id":"https:\/\/apuntesdesanluis.com\/#website","url":"https:\/\/apuntesdesanluis.com\/","name":"Apuntes de San Luis","description":"","publisher":{"@id":"https:\/\/apuntesdesanluis.com\/#\/schema\/person\/b55151d52296fcce64d1a72538a70b90"},"potentialAction":[{"@type":"SearchAction","target":{"@type":"EntryPoint","urlTemplate":"https:\/\/apuntesdesanluis.com\/?s={search_term_string}"},"query-input":{"@type":"PropertyValueSpecification","valueRequired":true,"valueName":"search_term_string"}}],"inLanguage":"es-AR"},{"@type":["Person","Organization"],"@id":"https:\/\/apuntesdesanluis.com\/#\/schema\/person\/b55151d52296fcce64d1a72538a70b90","name":"apuntesdesanluis.com","image":{"@type":"ImageObject","inLanguage":"es-AR","@id":"https:\/\/apuntesdesanluis.com\/#\/schema\/person\/image\/","url":"https:\/\/apuntesdesanluis.com\/wp-content\/uploads\/2023\/07\/cropped-apuntesdesanluis.png","contentUrl":"https:\/\/apuntesdesanluis.com\/wp-content\/uploads\/2023\/07\/cropped-apuntesdesanluis.png","width":450,"height":112,"caption":"apuntesdesanluis.com"},"logo":{"@id":"https:\/\/apuntesdesanluis.com\/#\/schema\/person\/image\/"},"sameAs":["https:\/\/apuntesdesanluis.com"],"url":"https:\/\/apuntesdesanluis.com\/index.php\/author\/apuntesdesanluis-com\/"}]}},"featured_image_urls":{"full":["https:\/\/apuntesdesanluis.com\/wp-content\/uploads\/2024\/02\/camera.png",927,686,false],"thumbnail":["https:\/\/apuntesdesanluis.com\/wp-content\/uploads\/2024\/02\/camera-150x150.png",150,150,true],"medium":["https:\/\/apuntesdesanluis.com\/wp-content\/uploads\/2024\/02\/camera-300x222.png",300,222,true],"medium_large":["https:\/\/apuntesdesanluis.com\/wp-content\/uploads\/2024\/02\/camera-768x568.png",640,473,true],"large":["https:\/\/apuntesdesanluis.com\/wp-content\/uploads\/2024\/02\/camera.png",640,474,false],"1536x1536":["https:\/\/apuntesdesanluis.com\/wp-content\/uploads\/2024\/02\/camera.png",927,686,false],"2048x2048":["https:\/\/apuntesdesanluis.com\/wp-content\/uploads\/2024\/02\/camera.png",927,686,false],"newsever-slider-full":["https:\/\/apuntesdesanluis.com\/wp-content\/uploads\/2024\/02\/camera.png",927,686,false],"newsever-featured":["https:\/\/apuntesdesanluis.com\/wp-content\/uploads\/2024\/02\/camera.png",927,686,false],"newsever-medium":["https:\/\/apuntesdesanluis.com\/wp-content\/uploads\/2024\/02\/camera-720x475.png",720,475,true]},"author_info":{"display_name":"apuntesdesanluis.com","author_link":"https:\/\/apuntesdesanluis.com\/index.php\/author\/apuntesdesanluis-com\/"},"category_info":"<a href=\"https:\/\/apuntesdesanluis.com\/index.php\/category\/ciudad-provincia\/\" rel=\"category tag\">Ciudad\/Provincia<\/a>","tag_info":"Ciudad\/Provincia","comment_count":"0","_links":{"self":[{"href":"https:\/\/apuntesdesanluis.com\/index.php\/wp-json\/wp\/v2\/posts\/11964","targetHints":{"allow":["GET"]}}],"collection":[{"href":"https:\/\/apuntesdesanluis.com\/index.php\/wp-json\/wp\/v2\/posts"}],"about":[{"href":"https:\/\/apuntesdesanluis.com\/index.php\/wp-json\/wp\/v2\/types\/post"}],"author":[{"embeddable":true,"href":"https:\/\/apuntesdesanluis.com\/index.php\/wp-json\/wp\/v2\/users\/1"}],"replies":[{"embeddable":true,"href":"https:\/\/apuntesdesanluis.com\/index.php\/wp-json\/wp\/v2\/comments?post=11964"}],"version-history":[{"count":1,"href":"https:\/\/apuntesdesanluis.com\/index.php\/wp-json\/wp\/v2\/posts\/11964\/revisions"}],"predecessor-version":[{"id":11971,"href":"https:\/\/apuntesdesanluis.com\/index.php\/wp-json\/wp\/v2\/posts\/11964\/revisions\/11971"}],"wp:featuredmedia":[{"embeddable":true,"href":"https:\/\/apuntesdesanluis.com\/index.php\/wp-json\/wp\/v2\/media\/11965"}],"wp:attachment":[{"href":"https:\/\/apuntesdesanluis.com\/index.php\/wp-json\/wp\/v2\/media?parent=11964"}],"wp:term":[{"taxonomy":"category","embeddable":true,"href":"https:\/\/apuntesdesanluis.com\/index.php\/wp-json\/wp\/v2\/categories?post=11964"},{"taxonomy":"post_tag","embeddable":true,"href":"https:\/\/apuntesdesanluis.com\/index.php\/wp-json\/wp\/v2\/tags?post=11964"}],"curies":[{"name":"wp","href":"https:\/\/api.w.org\/{rel}","templated":true}]}}