{"id":11982,"date":"2024-02-20T19:22:20","date_gmt":"2024-02-20T22:22:20","guid":{"rendered":"https:\/\/apuntesdesanluis.com\/?p=11982"},"modified":"2024-02-20T19:24:54","modified_gmt":"2024-02-20T22:24:54","slug":"muerte-de-la-mujer-policia-prision-preventiva-por-120-dias-para-la-imputada","status":"publish","type":"post","link":"https:\/\/apuntesdesanluis.com\/index.php\/2024\/02\/20\/muerte-de-la-mujer-policia-prision-preventiva-por-120-dias-para-la-imputada\/","title":{"rendered":"MUERTE DE LA MUJER POLIC\u00cdA: PRISI\u00d3N PREVENTIVA POR 120 D\u00cdAS PARA LA IMPUTADA"},"content":{"rendered":"<h3>La decisi\u00f3n del magistrado se conoci\u00f3 este martes, en la reanudaci\u00f3n de la audiencia de formulaci\u00f3n de cargos tras el vencimiento de la pr\u00f3rroga de ocho d\u00edas que solicit\u00f3 el abogado de la imputada, Esteban Bustos.<\/h3>\n<h3>A la acusada de 22 a\u00f1os, <strong>Naira Mijal Ledezma<\/strong>, se le imputaron dos delitos en concurso ideal. El primero es por homicidio culposo en accidente de tr\u00e1nsito agravado por consumo de estupefacientes y con alcoholemia superior a 1 gramo de alcohol por litro de sangre, en perjuicio de <strong>Cecilia Ben\u00edtez<\/strong>, quien era sargento de la Polic\u00eda de San Luis. El segundo es por lesiones graves en accidente de tr\u00e1nsito agravadas por conducir bajos los efectos de estupefacientes y con alcoholemia superior a 1 gramo de alcohol por litro de sangre, y cuya damnificada fue la madre de la v\u00edctima fatal, Teresa Ben\u00edtez.<\/h3>\n<h3>El hecho que se investiga ocurri\u00f3 el 7 de febrero pasado a la altura del kil\u00f3metro 5,5 de la autopista. La mujer polic\u00eda y su madre circulaban por el carril este hacia la ciudad de La Punta y Ledezma, presuntamente manejaba un Toyota Etios por el carril contrario, de regreso a la capital.<\/h3>\n<p><img fetchpriority=\"high\" decoding=\"async\" class=\"wp-image-11986 aligncenter\" src=\"https:\/\/apuntesdesanluis.com\/wp-content\/uploads\/2024\/02\/autos-300x135.png\" alt=\"\" width=\"700\" height=\"315\" srcset=\"https:\/\/apuntesdesanluis.com\/wp-content\/uploads\/2024\/02\/autos-300x135.png 300w, https:\/\/apuntesdesanluis.com\/wp-content\/uploads\/2024\/02\/autos-768x346.png 768w, https:\/\/apuntesdesanluis.com\/wp-content\/uploads\/2024\/02\/autos.png 803w\" sizes=\"(max-width: 700px) 100vw, 700px\" \/><\/p>\n<h3><strong>IMPUTADA<\/strong><\/h3>\n<h3>La imputada, particip\u00f3 de la audiencia desde el Hospital Central, y habl\u00f3 por primera vez sobre el hecho.<\/h3>\n<h3>Desde una camilla, tapada hasta el cuello, describi\u00f3 los dolores y lesiones que tiene: \u201cNo estoy bien. Me duele much\u00edsimo la cabeza. No puedo moverme por mi sola. Estoy muy mal. Estoy re triste\u201d.<\/h3>\n<h3>\u201cLamento todo lo que ha pasado por el accidente. Lo mismo me puede haber pasado a m\u00ed. Por un milagro estoy ac\u00e1\u201d, continu\u00f3 la joven de 22 a\u00f1os.<\/h3>\n<h3>Luego aclar\u00f3 que no es una mala persona, sino \u201cuna chica normal con una familia trabajadora\u201d. Agreg\u00f3 a eso que mucho no recuerda de lo que sucedi\u00f3 y que est\u00e1 dispuesta a ayudar y colaborar en lo que sea.<\/h3>\n<h3>La Fiscal\u00eda, determin\u00f3 que la acusada ten\u00eda 1,3 gramos de alcohol en sangre y el narcotest arroj\u00f3 positivo para coca\u00edna.<\/h3>\n<h3><strong>DEFENSA<\/strong><\/h3>\n<h3>Uno de sus defensores, Esteban Bustos propuso una serie de medidas para morigerar la prisi\u00f3n preventiva. Como fundamentos plante\u00f3 que no existe riesgo procesal y el estado de salud. Consider\u00f3 que el traslado a la c\u00e1rcel implica \u201cmucha responsabilidad\u201d para el Servicio Penitenciario.<\/h3>\n<h3>Mencion\u00f3 que tiene 27 puntos de sutura la cabeza, heridas expuestas y que podr\u00eda estar expuesta a infecciones.<\/h3>\n<h3>En ese sentido, solicit\u00f3 la prisi\u00f3n domiciliaria y ofreci\u00f3 una garant\u00eda de los defensores, el compromiso de ir al domicilio dos veces por semana, las claves de las c\u00e1maras de seguridad de su vivienda y la prohibici\u00f3n de usar redes sociales.<\/h3>\n<h3><strong>QUERELLA<\/strong><\/h3>\n<h3>Por su parte, el abogado que representa a la familia de la v\u00edctima, Oscar Papa\u00f1o, hizo \u00e9nfasis en la dolorosa situaci\u00f3n que debe pasar la hija de Ben\u00edtez, Nazarena Arg\u00fcelles.<\/h3>\n<h3>\u201cCon 22 a\u00f1os se tiene que hacer cargo de su hermana de 12 a\u00f1os y de su hijo de 7\u201d, expres\u00f3 y remarc\u00f3 lo que la sociedad \u201cespera de la Justicia\u201d en la resoluci\u00f3n del caso porque Cecilia \u201cno va a poder abrazar a sus seres queridos\u201d.<\/h3>\n<h3>Del mismo modo, afirm\u00f3 que el accidente no se hubiera producido si se respetaban las condiciones para conducir.<\/h3>\n<h3><strong>RESOLUCI\u00d3N<\/strong><\/h3>\n<h3>En su resoluci\u00f3n, Montiveros Chada concord\u00f3 con la calificaci\u00f3n que hizo el ministerio P\u00fablico Fiscal y plante\u00f3 como fundamental el resguardo de la investigaci\u00f3n.<\/h3>\n<h3>Advirti\u00f3 la existencia de riesgo por el entorpecimiento de la investigaci\u00f3n y el riesgo procesal. Esto a ra\u00edz de que familias de la acusada se habr\u00edan comunicado con su novio para que \u00e9ste se hiciera responsable del hecho.<\/h3>\n<h3>En este contexto, el juez resolvi\u00f3 que cuando reciba el alta m\u00e9dica sea trasladada a la Penitenciar\u00eda. Al mismo tiempo, el sistema sanitario deber\u00e1 dar una serie de recomendaciones para su alojamiento en el penal.<\/h3>\n<h3>Este martes a las 13:40, el Hospital Central \u201cRam\u00f3n Carrillo\u201d inform\u00f3 que la madre de la v\u00edctima fatal, de 68 a\u00f1os se encuentra estable, internada en el \u00e1rea de cuidados moderados en sala com\u00fan.<\/h3>\n<h3>Est\u00e1 evolucionando y a la espera de la reparaci\u00f3n quir\u00fargica de las fracturas de sus cuatro miembros, inferiores y superiores.<\/h3>\n<h3>Fuentes: <strong><em>Peri\u00f3dico Judicial \/ El Chorrillero<\/em><\/strong><\/h3>\n<p>&nbsp;<\/p>\n<h3><span style=\"color: #3366ff;\"><strong>NOTICIA RELACIONADA:<\/strong><\/span><\/h3>\n<p><a href=\"https:\/\/apuntesdesanluis.com\/index.php\/2024\/02\/10\/fallecio-la-mujer-policia-que-habia-sufrido-un-accidente-el-miercoles\/\" target=\"_blank\" rel=\"noopener\"><img decoding=\"async\" class=\"alignnone wp-image-11984\" src=\"https:\/\/apuntesdesanluis.com\/wp-content\/uploads\/2024\/02\/posteo-7-300x209.png\" alt=\"\" width=\"446\" height=\"311\" srcset=\"https:\/\/apuntesdesanluis.com\/wp-content\/uploads\/2024\/02\/posteo-7-300x209.png 300w, https:\/\/apuntesdesanluis.com\/wp-content\/uploads\/2024\/02\/posteo-7.png 674w\" sizes=\"(max-width: 446px) 100vw, 446px\" \/><\/a><\/p>\n<p>&nbsp;<\/p>\n<p>&nbsp;<\/p>\n<p>&nbsp;<\/p>\n<p>&nbsp;<\/p>\n<p>&nbsp;<\/p>\n<p>&nbsp;<\/p>\n<p>&nbsp;<\/p>\n","protected":false},"excerpt":{"rendered":"<p>La decisi\u00f3n del magistrado se conoci\u00f3 este martes, en la reanudaci\u00f3n de la audiencia de&#8230;<\/p>\n","protected":false},"author":1,"featured_media":11985,"comment_status":"closed","ping_status":"closed","sticky":false,"template":"","format":"standard","meta":{"footnotes":""},"categories":[6],"tags":[],"class_list":["post-11982","post","type-post","status-publish","format-standard","has-post-thumbnail","hentry","category-ciudad-provincia"],"yoast_head":"<!-- This site is optimized with the Yoast SEO plugin v26.1.1 - https:\/\/yoast.com\/wordpress\/plugins\/seo\/ -->\n<title>MUERTE DE LA MUJER POLIC\u00cdA: PRISI\u00d3N PREVENTIVA POR 120 D\u00cdAS PARA LA IMPUTADA - Apuntes de San Luis<\/title>\n<meta name=\"robots\" content=\"index, follow, max-snippet:-1, max-image-preview:large, max-video-preview:-1\" \/>\n<link rel=\"canonical\" href=\"https:\/\/apuntesdesanluis.com\/index.php\/2024\/02\/20\/muerte-de-la-mujer-policia-prision-preventiva-por-120-dias-para-la-imputada\/\" \/>\n<meta property=\"og:locale\" content=\"es_ES\" \/>\n<meta property=\"og:type\" content=\"article\" \/>\n<meta property=\"og:title\" content=\"MUERTE DE LA MUJER POLIC\u00cdA: PRISI\u00d3N PREVENTIVA POR 120 D\u00cdAS PARA LA IMPUTADA - Apuntes de San Luis\" \/>\n<meta property=\"og:description\" content=\"La decisi\u00f3n del magistrado se conoci\u00f3 este martes, en la reanudaci\u00f3n de la audiencia de...\" \/>\n<meta property=\"og:url\" content=\"https:\/\/apuntesdesanluis.com\/index.php\/2024\/02\/20\/muerte-de-la-mujer-policia-prision-preventiva-por-120-dias-para-la-imputada\/\" \/>\n<meta property=\"og:site_name\" content=\"Apuntes de San Luis\" \/>\n<meta property=\"article:published_time\" content=\"2024-02-20T22:22:20+00:00\" \/>\n<meta property=\"article:modified_time\" content=\"2024-02-20T22:24:54+00:00\" \/>\n<meta property=\"og:image\" content=\"https:\/\/apuntesdesanluis.com\/wp-content\/uploads\/2024\/02\/auto.png\" \/>\n\t<meta property=\"og:image:width\" content=\"645\" \/>\n\t<meta property=\"og:image:height\" content=\"349\" \/>\n\t<meta property=\"og:image:type\" content=\"image\/png\" \/>\n<meta name=\"author\" content=\"apuntesdesanluis.com\" \/>\n<meta name=\"twitter:card\" content=\"summary_large_image\" \/>\n<meta name=\"twitter:label1\" content=\"Escrito por\" \/>\n\t<meta name=\"twitter:data1\" content=\"apuntesdesanluis.com\" \/>\n\t<meta name=\"twitter:label2\" content=\"Tiempo de lectura\" \/>\n\t<meta name=\"twitter:data2\" content=\"4 minutos\" \/>\n<script type=\"application\/ld+json\" class=\"yoast-schema-graph\">{\"@context\":\"https:\/\/schema.org\",\"@graph\":[{\"@type\":\"Article\",\"@id\":\"https:\/\/apuntesdesanluis.com\/index.php\/2024\/02\/20\/muerte-de-la-mujer-policia-prision-preventiva-por-120-dias-para-la-imputada\/#article\",\"isPartOf\":{\"@id\":\"https:\/\/apuntesdesanluis.com\/index.php\/2024\/02\/20\/muerte-de-la-mujer-policia-prision-preventiva-por-120-dias-para-la-imputada\/\"},\"author\":{\"name\":\"apuntesdesanluis.com\",\"@id\":\"https:\/\/apuntesdesanluis.com\/#\/schema\/person\/b55151d52296fcce64d1a72538a70b90\"},\"headline\":\"MUERTE DE LA MUJER POLIC\u00cdA: PRISI\u00d3N PREVENTIVA POR 120 D\u00cdAS PARA LA IMPUTADA\",\"datePublished\":\"2024-02-20T22:22:20+00:00\",\"dateModified\":\"2024-02-20T22:24:54+00:00\",\"mainEntityOfPage\":{\"@id\":\"https:\/\/apuntesdesanluis.com\/index.php\/2024\/02\/20\/muerte-de-la-mujer-policia-prision-preventiva-por-120-dias-para-la-imputada\/\"},\"wordCount\":750,\"publisher\":{\"@id\":\"https:\/\/apuntesdesanluis.com\/#\/schema\/person\/b55151d52296fcce64d1a72538a70b90\"},\"image\":{\"@id\":\"https:\/\/apuntesdesanluis.com\/index.php\/2024\/02\/20\/muerte-de-la-mujer-policia-prision-preventiva-por-120-dias-para-la-imputada\/#primaryimage\"},\"thumbnailUrl\":\"https:\/\/apuntesdesanluis.com\/wp-content\/uploads\/2024\/02\/auto.png\",\"articleSection\":[\"Ciudad\/Provincia\"],\"inLanguage\":\"es-AR\"},{\"@type\":\"WebPage\",\"@id\":\"https:\/\/apuntesdesanluis.com\/index.php\/2024\/02\/20\/muerte-de-la-mujer-policia-prision-preventiva-por-120-dias-para-la-imputada\/\",\"url\":\"https:\/\/apuntesdesanluis.com\/index.php\/2024\/02\/20\/muerte-de-la-mujer-policia-prision-preventiva-por-120-dias-para-la-imputada\/\",\"name\":\"MUERTE DE LA MUJER POLIC\u00cdA: PRISI\u00d3N PREVENTIVA POR 120 D\u00cdAS PARA LA IMPUTADA - Apuntes de San Luis\",\"isPartOf\":{\"@id\":\"https:\/\/apuntesdesanluis.com\/#website\"},\"primaryImageOfPage\":{\"@id\":\"https:\/\/apuntesdesanluis.com\/index.php\/2024\/02\/20\/muerte-de-la-mujer-policia-prision-preventiva-por-120-dias-para-la-imputada\/#primaryimage\"},\"image\":{\"@id\":\"https:\/\/apuntesdesanluis.com\/index.php\/2024\/02\/20\/muerte-de-la-mujer-policia-prision-preventiva-por-120-dias-para-la-imputada\/#primaryimage\"},\"thumbnailUrl\":\"https:\/\/apuntesdesanluis.com\/wp-content\/uploads\/2024\/02\/auto.png\",\"datePublished\":\"2024-02-20T22:22:20+00:00\",\"dateModified\":\"2024-02-20T22:24:54+00:00\",\"breadcrumb\":{\"@id\":\"https:\/\/apuntesdesanluis.com\/index.php\/2024\/02\/20\/muerte-de-la-mujer-policia-prision-preventiva-por-120-dias-para-la-imputada\/#breadcrumb\"},\"inLanguage\":\"es-AR\",\"potentialAction\":[{\"@type\":\"ReadAction\",\"target\":[\"https:\/\/apuntesdesanluis.com\/index.php\/2024\/02\/20\/muerte-de-la-mujer-policia-prision-preventiva-por-120-dias-para-la-imputada\/\"]}]},{\"@type\":\"ImageObject\",\"inLanguage\":\"es-AR\",\"@id\":\"https:\/\/apuntesdesanluis.com\/index.php\/2024\/02\/20\/muerte-de-la-mujer-policia-prision-preventiva-por-120-dias-para-la-imputada\/#primaryimage\",\"url\":\"https:\/\/apuntesdesanluis.com\/wp-content\/uploads\/2024\/02\/auto.png\",\"contentUrl\":\"https:\/\/apuntesdesanluis.com\/wp-content\/uploads\/2024\/02\/auto.png\",\"width\":645,\"height\":349},{\"@type\":\"BreadcrumbList\",\"@id\":\"https:\/\/apuntesdesanluis.com\/index.php\/2024\/02\/20\/muerte-de-la-mujer-policia-prision-preventiva-por-120-dias-para-la-imputada\/#breadcrumb\",\"itemListElement\":[{\"@type\":\"ListItem\",\"position\":1,\"name\":\"Inicio\",\"item\":\"https:\/\/apuntesdesanluis.com\/\"},{\"@type\":\"ListItem\",\"position\":2,\"name\":\"MUERTE DE LA MUJER POLIC\u00cdA: PRISI\u00d3N PREVENTIVA POR 120 D\u00cdAS PARA LA IMPUTADA\"}]},{\"@type\":\"WebSite\",\"@id\":\"https:\/\/apuntesdesanluis.com\/#website\",\"url\":\"https:\/\/apuntesdesanluis.com\/\",\"name\":\"Apuntes de San Luis\",\"description\":\"\",\"publisher\":{\"@id\":\"https:\/\/apuntesdesanluis.com\/#\/schema\/person\/b55151d52296fcce64d1a72538a70b90\"},\"potentialAction\":[{\"@type\":\"SearchAction\",\"target\":{\"@type\":\"EntryPoint\",\"urlTemplate\":\"https:\/\/apuntesdesanluis.com\/?s={search_term_string}\"},\"query-input\":{\"@type\":\"PropertyValueSpecification\",\"valueRequired\":true,\"valueName\":\"search_term_string\"}}],\"inLanguage\":\"es-AR\"},{\"@type\":[\"Person\",\"Organization\"],\"@id\":\"https:\/\/apuntesdesanluis.com\/#\/schema\/person\/b55151d52296fcce64d1a72538a70b90\",\"name\":\"apuntesdesanluis.com\",\"image\":{\"@type\":\"ImageObject\",\"inLanguage\":\"es-AR\",\"@id\":\"https:\/\/apuntesdesanluis.com\/#\/schema\/person\/image\/\",\"url\":\"https:\/\/apuntesdesanluis.com\/wp-content\/uploads\/2023\/07\/cropped-apuntesdesanluis.png\",\"contentUrl\":\"https:\/\/apuntesdesanluis.com\/wp-content\/uploads\/2023\/07\/cropped-apuntesdesanluis.png\",\"width\":450,\"height\":112,\"caption\":\"apuntesdesanluis.com\"},\"logo\":{\"@id\":\"https:\/\/apuntesdesanluis.com\/#\/schema\/person\/image\/\"},\"sameAs\":[\"https:\/\/apuntesdesanluis.com\"],\"url\":\"https:\/\/apuntesdesanluis.com\/index.php\/author\/apuntesdesanluis-com\/\"}]}<\/script>\n<!-- \/ Yoast SEO plugin. -->","yoast_head_json":{"title":"MUERTE DE LA MUJER POLIC\u00cdA: PRISI\u00d3N PREVENTIVA POR 120 D\u00cdAS PARA LA IMPUTADA - Apuntes de San Luis","robots":{"index":"index","follow":"follow","max-snippet":"max-snippet:-1","max-image-preview":"max-image-preview:large","max-video-preview":"max-video-preview:-1"},"canonical":"https:\/\/apuntesdesanluis.com\/index.php\/2024\/02\/20\/muerte-de-la-mujer-policia-prision-preventiva-por-120-dias-para-la-imputada\/","og_locale":"es_ES","og_type":"article","og_title":"MUERTE DE LA MUJER POLIC\u00cdA: PRISI\u00d3N PREVENTIVA POR 120 D\u00cdAS PARA LA IMPUTADA - Apuntes de San Luis","og_description":"La decisi\u00f3n del magistrado se conoci\u00f3 este martes, en la reanudaci\u00f3n de la audiencia de...","og_url":"https:\/\/apuntesdesanluis.com\/index.php\/2024\/02\/20\/muerte-de-la-mujer-policia-prision-preventiva-por-120-dias-para-la-imputada\/","og_site_name":"Apuntes de San Luis","article_published_time":"2024-02-20T22:22:20+00:00","article_modified_time":"2024-02-20T22:24:54+00:00","og_image":[{"width":645,"height":349,"url":"https:\/\/apuntesdesanluis.com\/wp-content\/uploads\/2024\/02\/auto.png","type":"image\/png"}],"author":"apuntesdesanluis.com","twitter_card":"summary_large_image","twitter_misc":{"Escrito por":"apuntesdesanluis.com","Tiempo de lectura":"4 minutos"},"schema":{"@context":"https:\/\/schema.org","@graph":[{"@type":"Article","@id":"https:\/\/apuntesdesanluis.com\/index.php\/2024\/02\/20\/muerte-de-la-mujer-policia-prision-preventiva-por-120-dias-para-la-imputada\/#article","isPartOf":{"@id":"https:\/\/apuntesdesanluis.com\/index.php\/2024\/02\/20\/muerte-de-la-mujer-policia-prision-preventiva-por-120-dias-para-la-imputada\/"},"author":{"name":"apuntesdesanluis.com","@id":"https:\/\/apuntesdesanluis.com\/#\/schema\/person\/b55151d52296fcce64d1a72538a70b90"},"headline":"MUERTE DE LA MUJER POLIC\u00cdA: PRISI\u00d3N PREVENTIVA POR 120 D\u00cdAS PARA LA IMPUTADA","datePublished":"2024-02-20T22:22:20+00:00","dateModified":"2024-02-20T22:24:54+00:00","mainEntityOfPage":{"@id":"https:\/\/apuntesdesanluis.com\/index.php\/2024\/02\/20\/muerte-de-la-mujer-policia-prision-preventiva-por-120-dias-para-la-imputada\/"},"wordCount":750,"publisher":{"@id":"https:\/\/apuntesdesanluis.com\/#\/schema\/person\/b55151d52296fcce64d1a72538a70b90"},"image":{"@id":"https:\/\/apuntesdesanluis.com\/index.php\/2024\/02\/20\/muerte-de-la-mujer-policia-prision-preventiva-por-120-dias-para-la-imputada\/#primaryimage"},"thumbnailUrl":"https:\/\/apuntesdesanluis.com\/wp-content\/uploads\/2024\/02\/auto.png","articleSection":["Ciudad\/Provincia"],"inLanguage":"es-AR"},{"@type":"WebPage","@id":"https:\/\/apuntesdesanluis.com\/index.php\/2024\/02\/20\/muerte-de-la-mujer-policia-prision-preventiva-por-120-dias-para-la-imputada\/","url":"https:\/\/apuntesdesanluis.com\/index.php\/2024\/02\/20\/muerte-de-la-mujer-policia-prision-preventiva-por-120-dias-para-la-imputada\/","name":"MUERTE DE LA MUJER POLIC\u00cdA: PRISI\u00d3N PREVENTIVA POR 120 D\u00cdAS PARA LA IMPUTADA - Apuntes de San Luis","isPartOf":{"@id":"https:\/\/apuntesdesanluis.com\/#website"},"primaryImageOfPage":{"@id":"https:\/\/apuntesdesanluis.com\/index.php\/2024\/02\/20\/muerte-de-la-mujer-policia-prision-preventiva-por-120-dias-para-la-imputada\/#primaryimage"},"image":{"@id":"https:\/\/apuntesdesanluis.com\/index.php\/2024\/02\/20\/muerte-de-la-mujer-policia-prision-preventiva-por-120-dias-para-la-imputada\/#primaryimage"},"thumbnailUrl":"https:\/\/apuntesdesanluis.com\/wp-content\/uploads\/2024\/02\/auto.png","datePublished":"2024-02-20T22:22:20+00:00","dateModified":"2024-02-20T22:24:54+00:00","breadcrumb":{"@id":"https:\/\/apuntesdesanluis.com\/index.php\/2024\/02\/20\/muerte-de-la-mujer-policia-prision-preventiva-por-120-dias-para-la-imputada\/#breadcrumb"},"inLanguage":"es-AR","potentialAction":[{"@type":"ReadAction","target":["https:\/\/apuntesdesanluis.com\/index.php\/2024\/02\/20\/muerte-de-la-mujer-policia-prision-preventiva-por-120-dias-para-la-imputada\/"]}]},{"@type":"ImageObject","inLanguage":"es-AR","@id":"https:\/\/apuntesdesanluis.com\/index.php\/2024\/02\/20\/muerte-de-la-mujer-policia-prision-preventiva-por-120-dias-para-la-imputada\/#primaryimage","url":"https:\/\/apuntesdesanluis.com\/wp-content\/uploads\/2024\/02\/auto.png","contentUrl":"https:\/\/apuntesdesanluis.com\/wp-content\/uploads\/2024\/02\/auto.png","width":645,"height":349},{"@type":"BreadcrumbList","@id":"https:\/\/apuntesdesanluis.com\/index.php\/2024\/02\/20\/muerte-de-la-mujer-policia-prision-preventiva-por-120-dias-para-la-imputada\/#breadcrumb","itemListElement":[{"@type":"ListItem","position":1,"name":"Inicio","item":"https:\/\/apuntesdesanluis.com\/"},{"@type":"ListItem","position":2,"name":"MUERTE DE LA MUJER POLIC\u00cdA: PRISI\u00d3N PREVENTIVA POR 120 D\u00cdAS PARA LA IMPUTADA"}]},{"@type":"WebSite","@id":"https:\/\/apuntesdesanluis.com\/#website","url":"https:\/\/apuntesdesanluis.com\/","name":"Apuntes de San Luis","description":"","publisher":{"@id":"https:\/\/apuntesdesanluis.com\/#\/schema\/person\/b55151d52296fcce64d1a72538a70b90"},"potentialAction":[{"@type":"SearchAction","target":{"@type":"EntryPoint","urlTemplate":"https:\/\/apuntesdesanluis.com\/?s={search_term_string}"},"query-input":{"@type":"PropertyValueSpecification","valueRequired":true,"valueName":"search_term_string"}}],"inLanguage":"es-AR"},{"@type":["Person","Organization"],"@id":"https:\/\/apuntesdesanluis.com\/#\/schema\/person\/b55151d52296fcce64d1a72538a70b90","name":"apuntesdesanluis.com","image":{"@type":"ImageObject","inLanguage":"es-AR","@id":"https:\/\/apuntesdesanluis.com\/#\/schema\/person\/image\/","url":"https:\/\/apuntesdesanluis.com\/wp-content\/uploads\/2023\/07\/cropped-apuntesdesanluis.png","contentUrl":"https:\/\/apuntesdesanluis.com\/wp-content\/uploads\/2023\/07\/cropped-apuntesdesanluis.png","width":450,"height":112,"caption":"apuntesdesanluis.com"},"logo":{"@id":"https:\/\/apuntesdesanluis.com\/#\/schema\/person\/image\/"},"sameAs":["https:\/\/apuntesdesanluis.com"],"url":"https:\/\/apuntesdesanluis.com\/index.php\/author\/apuntesdesanluis-com\/"}]}},"featured_image_urls":{"full":["https:\/\/apuntesdesanluis.com\/wp-content\/uploads\/2024\/02\/auto.png",645,349,false],"thumbnail":["https:\/\/apuntesdesanluis.com\/wp-content\/uploads\/2024\/02\/auto-150x150.png",150,150,true],"medium":["https:\/\/apuntesdesanluis.com\/wp-content\/uploads\/2024\/02\/auto-300x162.png",300,162,true],"medium_large":["https:\/\/apuntesdesanluis.com\/wp-content\/uploads\/2024\/02\/auto.png",640,346,false],"large":["https:\/\/apuntesdesanluis.com\/wp-content\/uploads\/2024\/02\/auto.png",640,346,false],"1536x1536":["https:\/\/apuntesdesanluis.com\/wp-content\/uploads\/2024\/02\/auto.png",645,349,false],"2048x2048":["https:\/\/apuntesdesanluis.com\/wp-content\/uploads\/2024\/02\/auto.png",645,349,false],"newsever-slider-full":["https:\/\/apuntesdesanluis.com\/wp-content\/uploads\/2024\/02\/auto.png",645,349,false],"newsever-featured":["https:\/\/apuntesdesanluis.com\/wp-content\/uploads\/2024\/02\/auto.png",645,349,false],"newsever-medium":["https:\/\/apuntesdesanluis.com\/wp-content\/uploads\/2024\/02\/auto.png",645,349,false]},"author_info":{"display_name":"apuntesdesanluis.com","author_link":"https:\/\/apuntesdesanluis.com\/index.php\/author\/apuntesdesanluis-com\/"},"category_info":"<a href=\"https:\/\/apuntesdesanluis.com\/index.php\/category\/ciudad-provincia\/\" rel=\"category tag\">Ciudad\/Provincia<\/a>","tag_info":"Ciudad\/Provincia","comment_count":"0","_links":{"self":[{"href":"https:\/\/apuntesdesanluis.com\/index.php\/wp-json\/wp\/v2\/posts\/11982","targetHints":{"allow":["GET"]}}],"collection":[{"href":"https:\/\/apuntesdesanluis.com\/index.php\/wp-json\/wp\/v2\/posts"}],"about":[{"href":"https:\/\/apuntesdesanluis.com\/index.php\/wp-json\/wp\/v2\/types\/post"}],"author":[{"embeddable":true,"href":"https:\/\/apuntesdesanluis.com\/index.php\/wp-json\/wp\/v2\/users\/1"}],"replies":[{"embeddable":true,"href":"https:\/\/apuntesdesanluis.com\/index.php\/wp-json\/wp\/v2\/comments?post=11982"}],"version-history":[{"count":4,"href":"https:\/\/apuntesdesanluis.com\/index.php\/wp-json\/wp\/v2\/posts\/11982\/revisions"}],"predecessor-version":[{"id":11989,"href":"https:\/\/apuntesdesanluis.com\/index.php\/wp-json\/wp\/v2\/posts\/11982\/revisions\/11989"}],"wp:featuredmedia":[{"embeddable":true,"href":"https:\/\/apuntesdesanluis.com\/index.php\/wp-json\/wp\/v2\/media\/11985"}],"wp:attachment":[{"href":"https:\/\/apuntesdesanluis.com\/index.php\/wp-json\/wp\/v2\/media?parent=11982"}],"wp:term":[{"taxonomy":"category","embeddable":true,"href":"https:\/\/apuntesdesanluis.com\/index.php\/wp-json\/wp\/v2\/categories?post=11982"},{"taxonomy":"post_tag","embeddable":true,"href":"https:\/\/apuntesdesanluis.com\/index.php\/wp-json\/wp\/v2\/tags?post=11982"}],"curies":[{"name":"wp","href":"https:\/\/api.w.org\/{rel}","templated":true}]}}