{"id":11990,"date":"2024-02-20T20:02:22","date_gmt":"2024-02-20T23:02:22","guid":{"rendered":"https:\/\/apuntesdesanluis.com\/?p=11990"},"modified":"2024-02-20T22:09:12","modified_gmt":"2024-02-21T01:09:12","slug":"conmocion-por-la-muerte-de-una-adolescente-en-confusas-circunstancias","status":"publish","type":"post","link":"https:\/\/apuntesdesanluis.com\/index.php\/2024\/02\/20\/conmocion-por-la-muerte-de-una-adolescente-en-confusas-circunstancias\/","title":{"rendered":"CONMOCI\u00d3N POR LA MUERTE DE UNA ADOLESCENTE EN CONFUSAS CIRCUNSTANCIAS"},"content":{"rendered":"<h3>El hecho fue descubierto esta ma\u00f1ana en la localidad de La Toma. El principal sospechoso ser\u00eda un hombre de 30 a\u00f1os con quien habr\u00eda tenido un v\u00ednculo, pero hay un segundo demorado.<\/h3>\n<h3>La v\u00edctima fue identificada como <strong>Zoe P\u00e9rez<\/strong>, de 17 a\u00f1os. Su cuerpo fue hallado en el barrio Barracas.<\/h3>\n<h3>En un primer momento se dio intervenci\u00f3n a la Fiscal\u00eda de turno, a cargo del Dr. Esteban Roche, para determinar las circunstancias del fallecimiento y establecer las responsabilidades de las personas identificadas que habr\u00edan estado en el lugar del hecho.<\/h3>\n<h3>Seg\u00fan trascendi\u00f3, este lunes por la noche la adolescente le dijo a su madre que iba a ver un partido de b\u00e1squet junto a una amiga, pero en realidad habr\u00eda sido una excusa para encontrarse con un hombre de aproximadamente 30 a\u00f1os con el que ten\u00eda una relaci\u00f3n.<\/h3>\n<h3>Al no regresar su hija, su madre comenz\u00f3 a averiguar esta ma\u00f1ana d\u00f3nde pod\u00eda encontrarse, hasta que en horas del mediod\u00eda la polic\u00eda recibi\u00f3 un llamado telef\u00f3nico y corrobor\u00f3 el triste desenlace. El cuerpo de la menor fue encontrado en un departamento de calle Inti Huasi, entre Estanislao del Campo y Guiraldes, en el barrio Barracas de La Toma.<\/h3>\n<p><img fetchpriority=\"high\" decoding=\"async\" class=\"wp-image-11992 aligncenter\" src=\"https:\/\/apuntesdesanluis.com\/wp-content\/uploads\/2024\/02\/nena-269x300.png\" alt=\"\" width=\"537\" height=\"599\" srcset=\"https:\/\/apuntesdesanluis.com\/wp-content\/uploads\/2024\/02\/nena-269x300.png 269w, https:\/\/apuntesdesanluis.com\/wp-content\/uploads\/2024\/02\/nena.png 487w\" sizes=\"(max-width: 537px) 100vw, 537px\" \/><\/p>\n<h3>La investigaci\u00f3n qued\u00f3 a cargo de la Divisi\u00f3n Homicidios con intervenci\u00f3n de la Fiscal\u00eda de G\u00e9nero, a cargo de la fiscal Mar\u00eda del Valle Dur\u00e1n.<\/h3>\n<h3>Por versiones de los vecinos, el principal sospechoso del hecho no es oriundo de La Toma sino que se radic\u00f3 all\u00ed hace aproximadamente 5 a\u00f1os, cuando se mud\u00f3 desde Ushuaia.<\/h3>\n<h3>Resid\u00eda en un departamento construido en el fondo de la propiedad de una familia de apellido Osella, que le alquilaba esa dependencia. No obstante, se conoci\u00f3 que hay un segundo joven demorado, que habr\u00eda estado bebiendo alcohol en la misma morada.<\/h3>\n<h3>Momentos despu\u00e9s, el joven llam\u00f3 al due\u00f1o del gimnasio, con quien tendr\u00eda una relaci\u00f3n de amistad, y le pidi\u00f3 ir a su casa \u201cpara que lo ayudara\u201d. Fue esa otra persona quien habr\u00eda llamado a la Polic\u00eda tras advertir la presencia del cad\u00e1ver, que mostrar\u00eda indicios de una muerte violenta.<\/h3>\n<p><img decoding=\"async\" class=\"wp-image-11993 aligncenter\" src=\"https:\/\/apuntesdesanluis.com\/wp-content\/uploads\/2024\/02\/colegio-n-3-169x300.jpg\" alt=\"\" width=\"465\" height=\"826\" srcset=\"https:\/\/apuntesdesanluis.com\/wp-content\/uploads\/2024\/02\/colegio-n-3-169x300.jpg 169w, https:\/\/apuntesdesanluis.com\/wp-content\/uploads\/2024\/02\/colegio-n-3.jpg 526w\" sizes=\"(max-width: 465px) 100vw, 465px\" \/><\/p>\n<h3><strong>TRASLADO DE DEMORADOS<\/strong><\/h3>\n<h3>En horas de la noche se inform\u00f3 oficialmente que dos hombres quedaron demorados por orden de la Justicia y fueron trasladados desde La Toma a la ciudad de San Luis.<\/h3>\n<h3>Asimismo, la Justicia orden\u00f3 el levantamiento del cuerpo y su traslado a la morgue en la capital puntana, con el fin de realizar los estudios pertinentes durante este mi\u00e9rcoles.<\/h3>\n<h3>Por otra parte, y tambi\u00e9n por orden de la Justicia, el lugar en donde fue encontrado el cuerpo qued\u00f3 bajo resguardo policial para continuar en las pr\u00f3ximas horas con las correspondientes tareas investigativas y periciales en la escena.<\/h3>\n<h3>En la causa interviene la fiscal, Dra. Mar\u00eda del Valle Dur\u00e1n.<\/h3>\n<p>&nbsp;<\/p>\n<p>&nbsp;<\/p>\n<p>&nbsp;<\/p>\n","protected":false},"excerpt":{"rendered":"<p>El hecho fue descubierto esta ma\u00f1ana en la localidad de La Toma. El principal sospechoso&#8230;<\/p>\n","protected":false},"author":1,"featured_media":11991,"comment_status":"closed","ping_status":"closed","sticky":false,"template":"","format":"standard","meta":{"footnotes":""},"categories":[6],"tags":[],"class_list":["post-11990","post","type-post","status-publish","format-standard","has-post-thumbnail","hentry","category-ciudad-provincia"],"yoast_head":"<!-- This site is optimized with the Yoast SEO plugin v26.1.1 - https:\/\/yoast.com\/wordpress\/plugins\/seo\/ -->\n<title>CONMOCI\u00d3N POR LA MUERTE DE UNA ADOLESCENTE EN CONFUSAS CIRCUNSTANCIAS - Apuntes de San Luis<\/title>\n<meta name=\"robots\" content=\"index, follow, max-snippet:-1, max-image-preview:large, max-video-preview:-1\" \/>\n<link rel=\"canonical\" href=\"https:\/\/apuntesdesanluis.com\/index.php\/2024\/02\/20\/conmocion-por-la-muerte-de-una-adolescente-en-confusas-circunstancias\/\" \/>\n<meta property=\"og:locale\" content=\"es_ES\" \/>\n<meta property=\"og:type\" content=\"article\" \/>\n<meta property=\"og:title\" content=\"CONMOCI\u00d3N POR LA MUERTE DE UNA ADOLESCENTE EN CONFUSAS CIRCUNSTANCIAS - Apuntes de San Luis\" \/>\n<meta property=\"og:description\" content=\"El hecho fue descubierto esta ma\u00f1ana en la localidad de La Toma. El principal sospechoso...\" \/>\n<meta property=\"og:url\" content=\"https:\/\/apuntesdesanluis.com\/index.php\/2024\/02\/20\/conmocion-por-la-muerte-de-una-adolescente-en-confusas-circunstancias\/\" \/>\n<meta property=\"og:site_name\" content=\"Apuntes de San Luis\" \/>\n<meta property=\"article:published_time\" content=\"2024-02-20T23:02:22+00:00\" \/>\n<meta property=\"article:modified_time\" content=\"2024-02-21T01:09:12+00:00\" \/>\n<meta property=\"og:image\" content=\"https:\/\/apuntesdesanluis.com\/wp-content\/uploads\/2024\/02\/ZOE-PEREZ.png\" \/>\n\t<meta property=\"og:image:width\" content=\"513\" \/>\n\t<meta property=\"og:image:height\" content=\"326\" \/>\n\t<meta property=\"og:image:type\" content=\"image\/png\" \/>\n<meta name=\"author\" content=\"apuntesdesanluis.com\" \/>\n<meta name=\"twitter:card\" content=\"summary_large_image\" \/>\n<meta name=\"twitter:label1\" content=\"Escrito por\" \/>\n\t<meta name=\"twitter:data1\" content=\"apuntesdesanluis.com\" \/>\n\t<meta name=\"twitter:label2\" content=\"Tiempo de lectura\" \/>\n\t<meta name=\"twitter:data2\" content=\"3 minutos\" \/>\n<script type=\"application\/ld+json\" class=\"yoast-schema-graph\">{\"@context\":\"https:\/\/schema.org\",\"@graph\":[{\"@type\":\"Article\",\"@id\":\"https:\/\/apuntesdesanluis.com\/index.php\/2024\/02\/20\/conmocion-por-la-muerte-de-una-adolescente-en-confusas-circunstancias\/#article\",\"isPartOf\":{\"@id\":\"https:\/\/apuntesdesanluis.com\/index.php\/2024\/02\/20\/conmocion-por-la-muerte-de-una-adolescente-en-confusas-circunstancias\/\"},\"author\":{\"name\":\"apuntesdesanluis.com\",\"@id\":\"https:\/\/apuntesdesanluis.com\/#\/schema\/person\/b55151d52296fcce64d1a72538a70b90\"},\"headline\":\"CONMOCI\u00d3N POR LA MUERTE DE UNA ADOLESCENTE EN CONFUSAS CIRCUNSTANCIAS\",\"datePublished\":\"2024-02-20T23:02:22+00:00\",\"dateModified\":\"2024-02-21T01:09:12+00:00\",\"mainEntityOfPage\":{\"@id\":\"https:\/\/apuntesdesanluis.com\/index.php\/2024\/02\/20\/conmocion-por-la-muerte-de-una-adolescente-en-confusas-circunstancias\/\"},\"wordCount\":510,\"publisher\":{\"@id\":\"https:\/\/apuntesdesanluis.com\/#\/schema\/person\/b55151d52296fcce64d1a72538a70b90\"},\"image\":{\"@id\":\"https:\/\/apuntesdesanluis.com\/index.php\/2024\/02\/20\/conmocion-por-la-muerte-de-una-adolescente-en-confusas-circunstancias\/#primaryimage\"},\"thumbnailUrl\":\"https:\/\/apuntesdesanluis.com\/wp-content\/uploads\/2024\/02\/ZOE-PEREZ.png\",\"articleSection\":[\"Ciudad\/Provincia\"],\"inLanguage\":\"es-AR\"},{\"@type\":\"WebPage\",\"@id\":\"https:\/\/apuntesdesanluis.com\/index.php\/2024\/02\/20\/conmocion-por-la-muerte-de-una-adolescente-en-confusas-circunstancias\/\",\"url\":\"https:\/\/apuntesdesanluis.com\/index.php\/2024\/02\/20\/conmocion-por-la-muerte-de-una-adolescente-en-confusas-circunstancias\/\",\"name\":\"CONMOCI\u00d3N POR LA MUERTE DE UNA ADOLESCENTE EN CONFUSAS CIRCUNSTANCIAS - Apuntes de San Luis\",\"isPartOf\":{\"@id\":\"https:\/\/apuntesdesanluis.com\/#website\"},\"primaryImageOfPage\":{\"@id\":\"https:\/\/apuntesdesanluis.com\/index.php\/2024\/02\/20\/conmocion-por-la-muerte-de-una-adolescente-en-confusas-circunstancias\/#primaryimage\"},\"image\":{\"@id\":\"https:\/\/apuntesdesanluis.com\/index.php\/2024\/02\/20\/conmocion-por-la-muerte-de-una-adolescente-en-confusas-circunstancias\/#primaryimage\"},\"thumbnailUrl\":\"https:\/\/apuntesdesanluis.com\/wp-content\/uploads\/2024\/02\/ZOE-PEREZ.png\",\"datePublished\":\"2024-02-20T23:02:22+00:00\",\"dateModified\":\"2024-02-21T01:09:12+00:00\",\"breadcrumb\":{\"@id\":\"https:\/\/apuntesdesanluis.com\/index.php\/2024\/02\/20\/conmocion-por-la-muerte-de-una-adolescente-en-confusas-circunstancias\/#breadcrumb\"},\"inLanguage\":\"es-AR\",\"potentialAction\":[{\"@type\":\"ReadAction\",\"target\":[\"https:\/\/apuntesdesanluis.com\/index.php\/2024\/02\/20\/conmocion-por-la-muerte-de-una-adolescente-en-confusas-circunstancias\/\"]}]},{\"@type\":\"ImageObject\",\"inLanguage\":\"es-AR\",\"@id\":\"https:\/\/apuntesdesanluis.com\/index.php\/2024\/02\/20\/conmocion-por-la-muerte-de-una-adolescente-en-confusas-circunstancias\/#primaryimage\",\"url\":\"https:\/\/apuntesdesanluis.com\/wp-content\/uploads\/2024\/02\/ZOE-PEREZ.png\",\"contentUrl\":\"https:\/\/apuntesdesanluis.com\/wp-content\/uploads\/2024\/02\/ZOE-PEREZ.png\",\"width\":513,\"height\":326},{\"@type\":\"BreadcrumbList\",\"@id\":\"https:\/\/apuntesdesanluis.com\/index.php\/2024\/02\/20\/conmocion-por-la-muerte-de-una-adolescente-en-confusas-circunstancias\/#breadcrumb\",\"itemListElement\":[{\"@type\":\"ListItem\",\"position\":1,\"name\":\"Inicio\",\"item\":\"https:\/\/apuntesdesanluis.com\/\"},{\"@type\":\"ListItem\",\"position\":2,\"name\":\"CONMOCI\u00d3N POR LA MUERTE DE UNA ADOLESCENTE EN CONFUSAS CIRCUNSTANCIAS\"}]},{\"@type\":\"WebSite\",\"@id\":\"https:\/\/apuntesdesanluis.com\/#website\",\"url\":\"https:\/\/apuntesdesanluis.com\/\",\"name\":\"Apuntes de San Luis\",\"description\":\"\",\"publisher\":{\"@id\":\"https:\/\/apuntesdesanluis.com\/#\/schema\/person\/b55151d52296fcce64d1a72538a70b90\"},\"potentialAction\":[{\"@type\":\"SearchAction\",\"target\":{\"@type\":\"EntryPoint\",\"urlTemplate\":\"https:\/\/apuntesdesanluis.com\/?s={search_term_string}\"},\"query-input\":{\"@type\":\"PropertyValueSpecification\",\"valueRequired\":true,\"valueName\":\"search_term_string\"}}],\"inLanguage\":\"es-AR\"},{\"@type\":[\"Person\",\"Organization\"],\"@id\":\"https:\/\/apuntesdesanluis.com\/#\/schema\/person\/b55151d52296fcce64d1a72538a70b90\",\"name\":\"apuntesdesanluis.com\",\"image\":{\"@type\":\"ImageObject\",\"inLanguage\":\"es-AR\",\"@id\":\"https:\/\/apuntesdesanluis.com\/#\/schema\/person\/image\/\",\"url\":\"https:\/\/apuntesdesanluis.com\/wp-content\/uploads\/2023\/07\/cropped-apuntesdesanluis.png\",\"contentUrl\":\"https:\/\/apuntesdesanluis.com\/wp-content\/uploads\/2023\/07\/cropped-apuntesdesanluis.png\",\"width\":450,\"height\":112,\"caption\":\"apuntesdesanluis.com\"},\"logo\":{\"@id\":\"https:\/\/apuntesdesanluis.com\/#\/schema\/person\/image\/\"},\"sameAs\":[\"https:\/\/apuntesdesanluis.com\"],\"url\":\"https:\/\/apuntesdesanluis.com\/index.php\/author\/apuntesdesanluis-com\/\"}]}<\/script>\n<!-- \/ Yoast SEO plugin. -->","yoast_head_json":{"title":"CONMOCI\u00d3N POR LA MUERTE DE UNA ADOLESCENTE EN CONFUSAS CIRCUNSTANCIAS - Apuntes de San Luis","robots":{"index":"index","follow":"follow","max-snippet":"max-snippet:-1","max-image-preview":"max-image-preview:large","max-video-preview":"max-video-preview:-1"},"canonical":"https:\/\/apuntesdesanluis.com\/index.php\/2024\/02\/20\/conmocion-por-la-muerte-de-una-adolescente-en-confusas-circunstancias\/","og_locale":"es_ES","og_type":"article","og_title":"CONMOCI\u00d3N POR LA MUERTE DE UNA ADOLESCENTE EN CONFUSAS CIRCUNSTANCIAS - Apuntes de San Luis","og_description":"El hecho fue descubierto esta ma\u00f1ana en la localidad de La Toma. El principal sospechoso...","og_url":"https:\/\/apuntesdesanluis.com\/index.php\/2024\/02\/20\/conmocion-por-la-muerte-de-una-adolescente-en-confusas-circunstancias\/","og_site_name":"Apuntes de San Luis","article_published_time":"2024-02-20T23:02:22+00:00","article_modified_time":"2024-02-21T01:09:12+00:00","og_image":[{"width":513,"height":326,"url":"https:\/\/apuntesdesanluis.com\/wp-content\/uploads\/2024\/02\/ZOE-PEREZ.png","type":"image\/png"}],"author":"apuntesdesanluis.com","twitter_card":"summary_large_image","twitter_misc":{"Escrito por":"apuntesdesanluis.com","Tiempo de lectura":"3 minutos"},"schema":{"@context":"https:\/\/schema.org","@graph":[{"@type":"Article","@id":"https:\/\/apuntesdesanluis.com\/index.php\/2024\/02\/20\/conmocion-por-la-muerte-de-una-adolescente-en-confusas-circunstancias\/#article","isPartOf":{"@id":"https:\/\/apuntesdesanluis.com\/index.php\/2024\/02\/20\/conmocion-por-la-muerte-de-una-adolescente-en-confusas-circunstancias\/"},"author":{"name":"apuntesdesanluis.com","@id":"https:\/\/apuntesdesanluis.com\/#\/schema\/person\/b55151d52296fcce64d1a72538a70b90"},"headline":"CONMOCI\u00d3N POR LA MUERTE DE UNA ADOLESCENTE EN CONFUSAS CIRCUNSTANCIAS","datePublished":"2024-02-20T23:02:22+00:00","dateModified":"2024-02-21T01:09:12+00:00","mainEntityOfPage":{"@id":"https:\/\/apuntesdesanluis.com\/index.php\/2024\/02\/20\/conmocion-por-la-muerte-de-una-adolescente-en-confusas-circunstancias\/"},"wordCount":510,"publisher":{"@id":"https:\/\/apuntesdesanluis.com\/#\/schema\/person\/b55151d52296fcce64d1a72538a70b90"},"image":{"@id":"https:\/\/apuntesdesanluis.com\/index.php\/2024\/02\/20\/conmocion-por-la-muerte-de-una-adolescente-en-confusas-circunstancias\/#primaryimage"},"thumbnailUrl":"https:\/\/apuntesdesanluis.com\/wp-content\/uploads\/2024\/02\/ZOE-PEREZ.png","articleSection":["Ciudad\/Provincia"],"inLanguage":"es-AR"},{"@type":"WebPage","@id":"https:\/\/apuntesdesanluis.com\/index.php\/2024\/02\/20\/conmocion-por-la-muerte-de-una-adolescente-en-confusas-circunstancias\/","url":"https:\/\/apuntesdesanluis.com\/index.php\/2024\/02\/20\/conmocion-por-la-muerte-de-una-adolescente-en-confusas-circunstancias\/","name":"CONMOCI\u00d3N POR LA MUERTE DE UNA ADOLESCENTE EN CONFUSAS CIRCUNSTANCIAS - Apuntes de San Luis","isPartOf":{"@id":"https:\/\/apuntesdesanluis.com\/#website"},"primaryImageOfPage":{"@id":"https:\/\/apuntesdesanluis.com\/index.php\/2024\/02\/20\/conmocion-por-la-muerte-de-una-adolescente-en-confusas-circunstancias\/#primaryimage"},"image":{"@id":"https:\/\/apuntesdesanluis.com\/index.php\/2024\/02\/20\/conmocion-por-la-muerte-de-una-adolescente-en-confusas-circunstancias\/#primaryimage"},"thumbnailUrl":"https:\/\/apuntesdesanluis.com\/wp-content\/uploads\/2024\/02\/ZOE-PEREZ.png","datePublished":"2024-02-20T23:02:22+00:00","dateModified":"2024-02-21T01:09:12+00:00","breadcrumb":{"@id":"https:\/\/apuntesdesanluis.com\/index.php\/2024\/02\/20\/conmocion-por-la-muerte-de-una-adolescente-en-confusas-circunstancias\/#breadcrumb"},"inLanguage":"es-AR","potentialAction":[{"@type":"ReadAction","target":["https:\/\/apuntesdesanluis.com\/index.php\/2024\/02\/20\/conmocion-por-la-muerte-de-una-adolescente-en-confusas-circunstancias\/"]}]},{"@type":"ImageObject","inLanguage":"es-AR","@id":"https:\/\/apuntesdesanluis.com\/index.php\/2024\/02\/20\/conmocion-por-la-muerte-de-una-adolescente-en-confusas-circunstancias\/#primaryimage","url":"https:\/\/apuntesdesanluis.com\/wp-content\/uploads\/2024\/02\/ZOE-PEREZ.png","contentUrl":"https:\/\/apuntesdesanluis.com\/wp-content\/uploads\/2024\/02\/ZOE-PEREZ.png","width":513,"height":326},{"@type":"BreadcrumbList","@id":"https:\/\/apuntesdesanluis.com\/index.php\/2024\/02\/20\/conmocion-por-la-muerte-de-una-adolescente-en-confusas-circunstancias\/#breadcrumb","itemListElement":[{"@type":"ListItem","position":1,"name":"Inicio","item":"https:\/\/apuntesdesanluis.com\/"},{"@type":"ListItem","position":2,"name":"CONMOCI\u00d3N POR LA MUERTE DE UNA ADOLESCENTE EN CONFUSAS CIRCUNSTANCIAS"}]},{"@type":"WebSite","@id":"https:\/\/apuntesdesanluis.com\/#website","url":"https:\/\/apuntesdesanluis.com\/","name":"Apuntes de San Luis","description":"","publisher":{"@id":"https:\/\/apuntesdesanluis.com\/#\/schema\/person\/b55151d52296fcce64d1a72538a70b90"},"potentialAction":[{"@type":"SearchAction","target":{"@type":"EntryPoint","urlTemplate":"https:\/\/apuntesdesanluis.com\/?s={search_term_string}"},"query-input":{"@type":"PropertyValueSpecification","valueRequired":true,"valueName":"search_term_string"}}],"inLanguage":"es-AR"},{"@type":["Person","Organization"],"@id":"https:\/\/apuntesdesanluis.com\/#\/schema\/person\/b55151d52296fcce64d1a72538a70b90","name":"apuntesdesanluis.com","image":{"@type":"ImageObject","inLanguage":"es-AR","@id":"https:\/\/apuntesdesanluis.com\/#\/schema\/person\/image\/","url":"https:\/\/apuntesdesanluis.com\/wp-content\/uploads\/2023\/07\/cropped-apuntesdesanluis.png","contentUrl":"https:\/\/apuntesdesanluis.com\/wp-content\/uploads\/2023\/07\/cropped-apuntesdesanluis.png","width":450,"height":112,"caption":"apuntesdesanluis.com"},"logo":{"@id":"https:\/\/apuntesdesanluis.com\/#\/schema\/person\/image\/"},"sameAs":["https:\/\/apuntesdesanluis.com"],"url":"https:\/\/apuntesdesanluis.com\/index.php\/author\/apuntesdesanluis-com\/"}]}},"featured_image_urls":{"full":["https:\/\/apuntesdesanluis.com\/wp-content\/uploads\/2024\/02\/ZOE-PEREZ.png",513,326,false],"thumbnail":["https:\/\/apuntesdesanluis.com\/wp-content\/uploads\/2024\/02\/ZOE-PEREZ-150x150.png",150,150,true],"medium":["https:\/\/apuntesdesanluis.com\/wp-content\/uploads\/2024\/02\/ZOE-PEREZ-300x191.png",300,191,true],"medium_large":["https:\/\/apuntesdesanluis.com\/wp-content\/uploads\/2024\/02\/ZOE-PEREZ.png",513,326,false],"large":["https:\/\/apuntesdesanluis.com\/wp-content\/uploads\/2024\/02\/ZOE-PEREZ.png",513,326,false],"1536x1536":["https:\/\/apuntesdesanluis.com\/wp-content\/uploads\/2024\/02\/ZOE-PEREZ.png",513,326,false],"2048x2048":["https:\/\/apuntesdesanluis.com\/wp-content\/uploads\/2024\/02\/ZOE-PEREZ.png",513,326,false],"newsever-slider-full":["https:\/\/apuntesdesanluis.com\/wp-content\/uploads\/2024\/02\/ZOE-PEREZ.png",513,326,false],"newsever-featured":["https:\/\/apuntesdesanluis.com\/wp-content\/uploads\/2024\/02\/ZOE-PEREZ.png",513,326,false],"newsever-medium":["https:\/\/apuntesdesanluis.com\/wp-content\/uploads\/2024\/02\/ZOE-PEREZ.png",513,326,false]},"author_info":{"display_name":"apuntesdesanluis.com","author_link":"https:\/\/apuntesdesanluis.com\/index.php\/author\/apuntesdesanluis-com\/"},"category_info":"<a href=\"https:\/\/apuntesdesanluis.com\/index.php\/category\/ciudad-provincia\/\" rel=\"category tag\">Ciudad\/Provincia<\/a>","tag_info":"Ciudad\/Provincia","comment_count":"0","_links":{"self":[{"href":"https:\/\/apuntesdesanluis.com\/index.php\/wp-json\/wp\/v2\/posts\/11990","targetHints":{"allow":["GET"]}}],"collection":[{"href":"https:\/\/apuntesdesanluis.com\/index.php\/wp-json\/wp\/v2\/posts"}],"about":[{"href":"https:\/\/apuntesdesanluis.com\/index.php\/wp-json\/wp\/v2\/types\/post"}],"author":[{"embeddable":true,"href":"https:\/\/apuntesdesanluis.com\/index.php\/wp-json\/wp\/v2\/users\/1"}],"replies":[{"embeddable":true,"href":"https:\/\/apuntesdesanluis.com\/index.php\/wp-json\/wp\/v2\/comments?post=11990"}],"version-history":[{"count":4,"href":"https:\/\/apuntesdesanluis.com\/index.php\/wp-json\/wp\/v2\/posts\/11990\/revisions"}],"predecessor-version":[{"id":12026,"href":"https:\/\/apuntesdesanluis.com\/index.php\/wp-json\/wp\/v2\/posts\/11990\/revisions\/12026"}],"wp:featuredmedia":[{"embeddable":true,"href":"https:\/\/apuntesdesanluis.com\/index.php\/wp-json\/wp\/v2\/media\/11991"}],"wp:attachment":[{"href":"https:\/\/apuntesdesanluis.com\/index.php\/wp-json\/wp\/v2\/media?parent=11990"}],"wp:term":[{"taxonomy":"category","embeddable":true,"href":"https:\/\/apuntesdesanluis.com\/index.php\/wp-json\/wp\/v2\/categories?post=11990"},{"taxonomy":"post_tag","embeddable":true,"href":"https:\/\/apuntesdesanluis.com\/index.php\/wp-json\/wp\/v2\/tags?post=11990"}],"curies":[{"name":"wp","href":"https:\/\/api.w.org\/{rel}","templated":true}]}}