{"id":11996,"date":"2024-02-20T20:09:32","date_gmt":"2024-02-20T23:09:32","guid":{"rendered":"https:\/\/apuntesdesanluis.com\/?p=11996"},"modified":"2024-02-20T20:10:28","modified_gmt":"2024-02-20T23:10:28","slug":"gremios-docentes-nacionales-de-la-cgt-advierten-que-si-no-los-convocan-a-paritarias-el-jueves-no-arrancaran-las-clases","status":"publish","type":"post","link":"https:\/\/apuntesdesanluis.com\/index.php\/2024\/02\/20\/gremios-docentes-nacionales-de-la-cgt-advierten-que-si-no-los-convocan-a-paritarias-el-jueves-no-arrancaran-las-clases\/","title":{"rendered":"GREMIOS DOCENTES NACIONALES DE LA CGT ADVIERTEN QUE SI NO LOS CONVOCAN A PARITARIAS EL JUEVES, NO ARRANCAR\u00c1N LAS CLASES"},"content":{"rendered":"<h3>El Gobierno hab\u00eda deslizado que los iban a citar, pero no hubo novedades en las \u00faltimas horas.<\/h3>\n<h3>Los cuatro sindicatos docentes nacionales que forman parte de la CGT, <strong>UDA, Sadop, AMET<\/strong> y <strong>CEA<\/strong>, advirtieron hoy que si el Gobierno no los cita a una reuni\u00f3n paritaria de aqu\u00ed a este jueves, ir\u00e1n al paro en la fecha del inicio de clases, previsto para el lunes 26 en varias provincias.<\/h3>\n<h3>No obstante, el sindicato mayoritario del sector es CTERA, que integra la CTA de los Trabajadores, aunque se espera que siga un camino similar en caso de que no haya novedades con la reuni\u00f3n que aparentemente iban a tener esta semana con el Gobierno, pero de la cual sigue sin haber novedades en las \u00faltimas horas.<\/h3>\n<h3>La semana pasada, el Gobierno se enfrasc\u00f3 en una discusi\u00f3n sem\u00e1ntica sobre el tema, ya que el vocero presidencial <strong>Manuel Adorni<\/strong> dijo que la paritaria nacional docente &#8220;no existe&#8221; porque los salarios los abonan las provincias, pero luego fuentes de la Secretar\u00eda de Educaci\u00f3n hicieron trascender que se convocar\u00eda a una reuni\u00f3n a los gremios para abordar el tema, evitando la palabra &#8220;paritaria&#8221;.<\/h3>\n<h3>La paritaria nacional docente se encarga de fijar previamente el piso m\u00ednimo de los sueldos del sector que luego negociar\u00e1n las Provincias con los gremios, y eso es lo que viene exigiendo los sindicalistas.<\/h3>\n<h3>Pero hasta este martes no se produjeron novedades sobre esa citaci\u00f3n por lo cual, el malestar viene aumentos en los sindicatos de la actividad y ya hablan de no comenzar las clases.<\/h3>\n<h3>En ese marco, este martes se reunieron los cuatro gremios de la actividad de la CGT: la Uni\u00f3n de Docentes Argentinos (UDA), Asociaci\u00f3n del Magisterio de Ense\u00f1anza T\u00e9cnica (AMET), Sindicato Argentino de Docentes Privados (SADOP) y la Confederaci\u00f3n de Educadores Argentinos (CEA).<\/h3>\n<h3>El encuentro fue en la sede de UDA del barrio porte\u00f1o de Caballito, tras la cual, el titular de ese gremio, Sergio Romero sostuvo: &#8220;Los dirigentes est\u00e1bamos esperando una citaci\u00f3n del Gobierno nacional, que convoque a los trabajadores, pero parece que no es de inter\u00e9s, no convoca&#8221;.<\/h3>\n<h3>&#8220;Vamos a esperar al jueves, pero tenemos la decisi\u00f3n tomada de un paro, producto de que el Gobierno no habla con los trabajadores&#8221;, agreg\u00f3.<\/h3>\n<h3>En este marco, la gesti\u00f3n de Milei decidi\u00f3 suspender los aportes nacionales al salario docente: el Fondo Nacional de Incentivo Docente (FONID) y el Fondo de Compensaci\u00f3n Salarial.<\/h3>\n<h3>El primero representa un porcentaje del salario que cobran, de manera igualitaria, m\u00e1s de 1,6 millones de docentes de todo el pa\u00eds del sistema educativo formal, desde el nivel inicial hasta el nivel terciario no universitario. El segundo, en cambio, solo lo cobran las provincias de menores recursos.<\/h3>\n<h3>Adem\u00e1s, este martes Adorni anticip\u00f3 que el Gobierno buscar\u00e1 declarar a la educaci\u00f3n como &#8220;servicio esencial&#8221; y as\u00ed evitar los paros docentes, al tiempo que se quej\u00f3 de la &#8220;sa\u00f1a&#8221; de los sindicatos contra la gesti\u00f3n de Milei.<\/h3>\n<h3>&#8220;Eso es ignorar un mont\u00f3n de normas vigentes, el derecho a huelga es un derecho constitucional, el convenio 87 de la OIT. Deben tener cuidado con ese punto&#8221;, respondi\u00f3 luego Romero.<\/h3>\n<h3>La mayor\u00eda de las provincias tiene previsto el inicio de las clases para el lunes 26 de este mes, aunque hay otro grupo que lo fij\u00f3 para el 4 de marzo.<\/h3>\n<p>&nbsp;<\/p>\n<p>&nbsp;<\/p>\n<p>&nbsp;<\/p>\n<p>&nbsp;<\/p>\n","protected":false},"excerpt":{"rendered":"<p>El Gobierno hab\u00eda deslizado que los iban a citar, pero no hubo novedades en las&#8230;<\/p>\n","protected":false},"author":1,"featured_media":11997,"comment_status":"closed","ping_status":"closed","sticky":false,"template":"","format":"standard","meta":{"footnotes":""},"categories":[5],"tags":[],"class_list":["post-11996","post","type-post","status-publish","format-standard","has-post-thumbnail","hentry","category-nacionales-internacionales"],"yoast_head":"<!-- This site is optimized with the Yoast SEO plugin v26.1.1 - https:\/\/yoast.com\/wordpress\/plugins\/seo\/ -->\n<title>GREMIOS DOCENTES NACIONALES DE LA CGT ADVIERTEN QUE SI NO LOS CONVOCAN A PARITARIAS EL JUEVES, NO ARRANCAR\u00c1N LAS CLASES - Apuntes de San Luis<\/title>\n<meta name=\"robots\" content=\"index, follow, max-snippet:-1, max-image-preview:large, max-video-preview:-1\" \/>\n<link rel=\"canonical\" href=\"https:\/\/apuntesdesanluis.com\/index.php\/2024\/02\/20\/gremios-docentes-nacionales-de-la-cgt-advierten-que-si-no-los-convocan-a-paritarias-el-jueves-no-arrancaran-las-clases\/\" \/>\n<meta property=\"og:locale\" content=\"es_ES\" \/>\n<meta property=\"og:type\" content=\"article\" \/>\n<meta property=\"og:title\" content=\"GREMIOS DOCENTES NACIONALES DE LA CGT ADVIERTEN QUE SI NO LOS CONVOCAN A PARITARIAS EL JUEVES, NO ARRANCAR\u00c1N LAS CLASES - Apuntes de San Luis\" \/>\n<meta property=\"og:description\" content=\"El Gobierno hab\u00eda deslizado que los iban a citar, pero no hubo novedades en las...\" \/>\n<meta property=\"og:url\" content=\"https:\/\/apuntesdesanluis.com\/index.php\/2024\/02\/20\/gremios-docentes-nacionales-de-la-cgt-advierten-que-si-no-los-convocan-a-paritarias-el-jueves-no-arrancaran-las-clases\/\" \/>\n<meta property=\"og:site_name\" content=\"Apuntes de San Luis\" \/>\n<meta property=\"article:published_time\" content=\"2024-02-20T23:09:32+00:00\" \/>\n<meta property=\"article:modified_time\" content=\"2024-02-20T23:10:28+00:00\" \/>\n<meta property=\"og:image\" content=\"https:\/\/apuntesdesanluis.com\/wp-content\/uploads\/2024\/02\/DOCENTES-ESTATALES.png\" \/>\n\t<meta property=\"og:image:width\" content=\"689\" \/>\n\t<meta property=\"og:image:height\" content=\"435\" \/>\n\t<meta property=\"og:image:type\" content=\"image\/png\" \/>\n<meta name=\"author\" content=\"apuntesdesanluis.com\" \/>\n<meta name=\"twitter:card\" content=\"summary_large_image\" \/>\n<meta name=\"twitter:label1\" content=\"Escrito por\" \/>\n\t<meta name=\"twitter:data1\" content=\"apuntesdesanluis.com\" \/>\n\t<meta name=\"twitter:label2\" content=\"Tiempo de lectura\" \/>\n\t<meta name=\"twitter:data2\" content=\"3 minutos\" \/>\n<script type=\"application\/ld+json\" class=\"yoast-schema-graph\">{\"@context\":\"https:\/\/schema.org\",\"@graph\":[{\"@type\":\"Article\",\"@id\":\"https:\/\/apuntesdesanluis.com\/index.php\/2024\/02\/20\/gremios-docentes-nacionales-de-la-cgt-advierten-que-si-no-los-convocan-a-paritarias-el-jueves-no-arrancaran-las-clases\/#article\",\"isPartOf\":{\"@id\":\"https:\/\/apuntesdesanluis.com\/index.php\/2024\/02\/20\/gremios-docentes-nacionales-de-la-cgt-advierten-que-si-no-los-convocan-a-paritarias-el-jueves-no-arrancaran-las-clases\/\"},\"author\":{\"name\":\"apuntesdesanluis.com\",\"@id\":\"https:\/\/apuntesdesanluis.com\/#\/schema\/person\/b55151d52296fcce64d1a72538a70b90\"},\"headline\":\"GREMIOS DOCENTES NACIONALES DE LA CGT ADVIERTEN QUE SI NO LOS CONVOCAN A PARITARIAS EL JUEVES, NO ARRANCAR\u00c1N LAS CLASES\",\"datePublished\":\"2024-02-20T23:09:32+00:00\",\"dateModified\":\"2024-02-20T23:10:28+00:00\",\"mainEntityOfPage\":{\"@id\":\"https:\/\/apuntesdesanluis.com\/index.php\/2024\/02\/20\/gremios-docentes-nacionales-de-la-cgt-advierten-que-si-no-los-convocan-a-paritarias-el-jueves-no-arrancaran-las-clases\/\"},\"wordCount\":596,\"publisher\":{\"@id\":\"https:\/\/apuntesdesanluis.com\/#\/schema\/person\/b55151d52296fcce64d1a72538a70b90\"},\"image\":{\"@id\":\"https:\/\/apuntesdesanluis.com\/index.php\/2024\/02\/20\/gremios-docentes-nacionales-de-la-cgt-advierten-que-si-no-los-convocan-a-paritarias-el-jueves-no-arrancaran-las-clases\/#primaryimage\"},\"thumbnailUrl\":\"https:\/\/apuntesdesanluis.com\/wp-content\/uploads\/2024\/02\/DOCENTES-ESTATALES.png\",\"articleSection\":[\"Nacionales\/Internacionales\"],\"inLanguage\":\"es-AR\"},{\"@type\":\"WebPage\",\"@id\":\"https:\/\/apuntesdesanluis.com\/index.php\/2024\/02\/20\/gremios-docentes-nacionales-de-la-cgt-advierten-que-si-no-los-convocan-a-paritarias-el-jueves-no-arrancaran-las-clases\/\",\"url\":\"https:\/\/apuntesdesanluis.com\/index.php\/2024\/02\/20\/gremios-docentes-nacionales-de-la-cgt-advierten-que-si-no-los-convocan-a-paritarias-el-jueves-no-arrancaran-las-clases\/\",\"name\":\"GREMIOS DOCENTES NACIONALES DE LA CGT ADVIERTEN QUE SI NO LOS CONVOCAN A PARITARIAS EL JUEVES, NO ARRANCAR\u00c1N LAS CLASES - Apuntes de San Luis\",\"isPartOf\":{\"@id\":\"https:\/\/apuntesdesanluis.com\/#website\"},\"primaryImageOfPage\":{\"@id\":\"https:\/\/apuntesdesanluis.com\/index.php\/2024\/02\/20\/gremios-docentes-nacionales-de-la-cgt-advierten-que-si-no-los-convocan-a-paritarias-el-jueves-no-arrancaran-las-clases\/#primaryimage\"},\"image\":{\"@id\":\"https:\/\/apuntesdesanluis.com\/index.php\/2024\/02\/20\/gremios-docentes-nacionales-de-la-cgt-advierten-que-si-no-los-convocan-a-paritarias-el-jueves-no-arrancaran-las-clases\/#primaryimage\"},\"thumbnailUrl\":\"https:\/\/apuntesdesanluis.com\/wp-content\/uploads\/2024\/02\/DOCENTES-ESTATALES.png\",\"datePublished\":\"2024-02-20T23:09:32+00:00\",\"dateModified\":\"2024-02-20T23:10:28+00:00\",\"breadcrumb\":{\"@id\":\"https:\/\/apuntesdesanluis.com\/index.php\/2024\/02\/20\/gremios-docentes-nacionales-de-la-cgt-advierten-que-si-no-los-convocan-a-paritarias-el-jueves-no-arrancaran-las-clases\/#breadcrumb\"},\"inLanguage\":\"es-AR\",\"potentialAction\":[{\"@type\":\"ReadAction\",\"target\":[\"https:\/\/apuntesdesanluis.com\/index.php\/2024\/02\/20\/gremios-docentes-nacionales-de-la-cgt-advierten-que-si-no-los-convocan-a-paritarias-el-jueves-no-arrancaran-las-clases\/\"]}]},{\"@type\":\"ImageObject\",\"inLanguage\":\"es-AR\",\"@id\":\"https:\/\/apuntesdesanluis.com\/index.php\/2024\/02\/20\/gremios-docentes-nacionales-de-la-cgt-advierten-que-si-no-los-convocan-a-paritarias-el-jueves-no-arrancaran-las-clases\/#primaryimage\",\"url\":\"https:\/\/apuntesdesanluis.com\/wp-content\/uploads\/2024\/02\/DOCENTES-ESTATALES.png\",\"contentUrl\":\"https:\/\/apuntesdesanluis.com\/wp-content\/uploads\/2024\/02\/DOCENTES-ESTATALES.png\",\"width\":689,\"height\":435},{\"@type\":\"BreadcrumbList\",\"@id\":\"https:\/\/apuntesdesanluis.com\/index.php\/2024\/02\/20\/gremios-docentes-nacionales-de-la-cgt-advierten-que-si-no-los-convocan-a-paritarias-el-jueves-no-arrancaran-las-clases\/#breadcrumb\",\"itemListElement\":[{\"@type\":\"ListItem\",\"position\":1,\"name\":\"Inicio\",\"item\":\"https:\/\/apuntesdesanluis.com\/\"},{\"@type\":\"ListItem\",\"position\":2,\"name\":\"GREMIOS DOCENTES NACIONALES DE LA CGT ADVIERTEN QUE SI NO LOS CONVOCAN A PARITARIAS EL JUEVES, NO ARRANCAR\u00c1N LAS CLASES\"}]},{\"@type\":\"WebSite\",\"@id\":\"https:\/\/apuntesdesanluis.com\/#website\",\"url\":\"https:\/\/apuntesdesanluis.com\/\",\"name\":\"Apuntes de San Luis\",\"description\":\"\",\"publisher\":{\"@id\":\"https:\/\/apuntesdesanluis.com\/#\/schema\/person\/b55151d52296fcce64d1a72538a70b90\"},\"potentialAction\":[{\"@type\":\"SearchAction\",\"target\":{\"@type\":\"EntryPoint\",\"urlTemplate\":\"https:\/\/apuntesdesanluis.com\/?s={search_term_string}\"},\"query-input\":{\"@type\":\"PropertyValueSpecification\",\"valueRequired\":true,\"valueName\":\"search_term_string\"}}],\"inLanguage\":\"es-AR\"},{\"@type\":[\"Person\",\"Organization\"],\"@id\":\"https:\/\/apuntesdesanluis.com\/#\/schema\/person\/b55151d52296fcce64d1a72538a70b90\",\"name\":\"apuntesdesanluis.com\",\"image\":{\"@type\":\"ImageObject\",\"inLanguage\":\"es-AR\",\"@id\":\"https:\/\/apuntesdesanluis.com\/#\/schema\/person\/image\/\",\"url\":\"https:\/\/apuntesdesanluis.com\/wp-content\/uploads\/2023\/07\/cropped-apuntesdesanluis.png\",\"contentUrl\":\"https:\/\/apuntesdesanluis.com\/wp-content\/uploads\/2023\/07\/cropped-apuntesdesanluis.png\",\"width\":450,\"height\":112,\"caption\":\"apuntesdesanluis.com\"},\"logo\":{\"@id\":\"https:\/\/apuntesdesanluis.com\/#\/schema\/person\/image\/\"},\"sameAs\":[\"https:\/\/apuntesdesanluis.com\"],\"url\":\"https:\/\/apuntesdesanluis.com\/index.php\/author\/apuntesdesanluis-com\/\"}]}<\/script>\n<!-- \/ Yoast SEO plugin. -->","yoast_head_json":{"title":"GREMIOS DOCENTES NACIONALES DE LA CGT ADVIERTEN QUE SI NO LOS CONVOCAN A PARITARIAS EL JUEVES, NO ARRANCAR\u00c1N LAS CLASES - Apuntes de San Luis","robots":{"index":"index","follow":"follow","max-snippet":"max-snippet:-1","max-image-preview":"max-image-preview:large","max-video-preview":"max-video-preview:-1"},"canonical":"https:\/\/apuntesdesanluis.com\/index.php\/2024\/02\/20\/gremios-docentes-nacionales-de-la-cgt-advierten-que-si-no-los-convocan-a-paritarias-el-jueves-no-arrancaran-las-clases\/","og_locale":"es_ES","og_type":"article","og_title":"GREMIOS DOCENTES NACIONALES DE LA CGT ADVIERTEN QUE SI NO LOS CONVOCAN A PARITARIAS EL JUEVES, NO ARRANCAR\u00c1N LAS CLASES - Apuntes de San Luis","og_description":"El Gobierno hab\u00eda deslizado que los iban a citar, pero no hubo novedades en las...","og_url":"https:\/\/apuntesdesanluis.com\/index.php\/2024\/02\/20\/gremios-docentes-nacionales-de-la-cgt-advierten-que-si-no-los-convocan-a-paritarias-el-jueves-no-arrancaran-las-clases\/","og_site_name":"Apuntes de San Luis","article_published_time":"2024-02-20T23:09:32+00:00","article_modified_time":"2024-02-20T23:10:28+00:00","og_image":[{"width":689,"height":435,"url":"https:\/\/apuntesdesanluis.com\/wp-content\/uploads\/2024\/02\/DOCENTES-ESTATALES.png","type":"image\/png"}],"author":"apuntesdesanluis.com","twitter_card":"summary_large_image","twitter_misc":{"Escrito por":"apuntesdesanluis.com","Tiempo de lectura":"3 minutos"},"schema":{"@context":"https:\/\/schema.org","@graph":[{"@type":"Article","@id":"https:\/\/apuntesdesanluis.com\/index.php\/2024\/02\/20\/gremios-docentes-nacionales-de-la-cgt-advierten-que-si-no-los-convocan-a-paritarias-el-jueves-no-arrancaran-las-clases\/#article","isPartOf":{"@id":"https:\/\/apuntesdesanluis.com\/index.php\/2024\/02\/20\/gremios-docentes-nacionales-de-la-cgt-advierten-que-si-no-los-convocan-a-paritarias-el-jueves-no-arrancaran-las-clases\/"},"author":{"name":"apuntesdesanluis.com","@id":"https:\/\/apuntesdesanluis.com\/#\/schema\/person\/b55151d52296fcce64d1a72538a70b90"},"headline":"GREMIOS DOCENTES NACIONALES DE LA CGT ADVIERTEN QUE SI NO LOS CONVOCAN A PARITARIAS EL JUEVES, NO ARRANCAR\u00c1N LAS CLASES","datePublished":"2024-02-20T23:09:32+00:00","dateModified":"2024-02-20T23:10:28+00:00","mainEntityOfPage":{"@id":"https:\/\/apuntesdesanluis.com\/index.php\/2024\/02\/20\/gremios-docentes-nacionales-de-la-cgt-advierten-que-si-no-los-convocan-a-paritarias-el-jueves-no-arrancaran-las-clases\/"},"wordCount":596,"publisher":{"@id":"https:\/\/apuntesdesanluis.com\/#\/schema\/person\/b55151d52296fcce64d1a72538a70b90"},"image":{"@id":"https:\/\/apuntesdesanluis.com\/index.php\/2024\/02\/20\/gremios-docentes-nacionales-de-la-cgt-advierten-que-si-no-los-convocan-a-paritarias-el-jueves-no-arrancaran-las-clases\/#primaryimage"},"thumbnailUrl":"https:\/\/apuntesdesanluis.com\/wp-content\/uploads\/2024\/02\/DOCENTES-ESTATALES.png","articleSection":["Nacionales\/Internacionales"],"inLanguage":"es-AR"},{"@type":"WebPage","@id":"https:\/\/apuntesdesanluis.com\/index.php\/2024\/02\/20\/gremios-docentes-nacionales-de-la-cgt-advierten-que-si-no-los-convocan-a-paritarias-el-jueves-no-arrancaran-las-clases\/","url":"https:\/\/apuntesdesanluis.com\/index.php\/2024\/02\/20\/gremios-docentes-nacionales-de-la-cgt-advierten-que-si-no-los-convocan-a-paritarias-el-jueves-no-arrancaran-las-clases\/","name":"GREMIOS DOCENTES NACIONALES DE LA CGT ADVIERTEN QUE SI NO LOS CONVOCAN A PARITARIAS EL JUEVES, NO ARRANCAR\u00c1N LAS CLASES - Apuntes de San Luis","isPartOf":{"@id":"https:\/\/apuntesdesanluis.com\/#website"},"primaryImageOfPage":{"@id":"https:\/\/apuntesdesanluis.com\/index.php\/2024\/02\/20\/gremios-docentes-nacionales-de-la-cgt-advierten-que-si-no-los-convocan-a-paritarias-el-jueves-no-arrancaran-las-clases\/#primaryimage"},"image":{"@id":"https:\/\/apuntesdesanluis.com\/index.php\/2024\/02\/20\/gremios-docentes-nacionales-de-la-cgt-advierten-que-si-no-los-convocan-a-paritarias-el-jueves-no-arrancaran-las-clases\/#primaryimage"},"thumbnailUrl":"https:\/\/apuntesdesanluis.com\/wp-content\/uploads\/2024\/02\/DOCENTES-ESTATALES.png","datePublished":"2024-02-20T23:09:32+00:00","dateModified":"2024-02-20T23:10:28+00:00","breadcrumb":{"@id":"https:\/\/apuntesdesanluis.com\/index.php\/2024\/02\/20\/gremios-docentes-nacionales-de-la-cgt-advierten-que-si-no-los-convocan-a-paritarias-el-jueves-no-arrancaran-las-clases\/#breadcrumb"},"inLanguage":"es-AR","potentialAction":[{"@type":"ReadAction","target":["https:\/\/apuntesdesanluis.com\/index.php\/2024\/02\/20\/gremios-docentes-nacionales-de-la-cgt-advierten-que-si-no-los-convocan-a-paritarias-el-jueves-no-arrancaran-las-clases\/"]}]},{"@type":"ImageObject","inLanguage":"es-AR","@id":"https:\/\/apuntesdesanluis.com\/index.php\/2024\/02\/20\/gremios-docentes-nacionales-de-la-cgt-advierten-que-si-no-los-convocan-a-paritarias-el-jueves-no-arrancaran-las-clases\/#primaryimage","url":"https:\/\/apuntesdesanluis.com\/wp-content\/uploads\/2024\/02\/DOCENTES-ESTATALES.png","contentUrl":"https:\/\/apuntesdesanluis.com\/wp-content\/uploads\/2024\/02\/DOCENTES-ESTATALES.png","width":689,"height":435},{"@type":"BreadcrumbList","@id":"https:\/\/apuntesdesanluis.com\/index.php\/2024\/02\/20\/gremios-docentes-nacionales-de-la-cgt-advierten-que-si-no-los-convocan-a-paritarias-el-jueves-no-arrancaran-las-clases\/#breadcrumb","itemListElement":[{"@type":"ListItem","position":1,"name":"Inicio","item":"https:\/\/apuntesdesanluis.com\/"},{"@type":"ListItem","position":2,"name":"GREMIOS DOCENTES NACIONALES DE LA CGT ADVIERTEN QUE SI NO LOS CONVOCAN A PARITARIAS EL JUEVES, NO ARRANCAR\u00c1N LAS CLASES"}]},{"@type":"WebSite","@id":"https:\/\/apuntesdesanluis.com\/#website","url":"https:\/\/apuntesdesanluis.com\/","name":"Apuntes de San Luis","description":"","publisher":{"@id":"https:\/\/apuntesdesanluis.com\/#\/schema\/person\/b55151d52296fcce64d1a72538a70b90"},"potentialAction":[{"@type":"SearchAction","target":{"@type":"EntryPoint","urlTemplate":"https:\/\/apuntesdesanluis.com\/?s={search_term_string}"},"query-input":{"@type":"PropertyValueSpecification","valueRequired":true,"valueName":"search_term_string"}}],"inLanguage":"es-AR"},{"@type":["Person","Organization"],"@id":"https:\/\/apuntesdesanluis.com\/#\/schema\/person\/b55151d52296fcce64d1a72538a70b90","name":"apuntesdesanluis.com","image":{"@type":"ImageObject","inLanguage":"es-AR","@id":"https:\/\/apuntesdesanluis.com\/#\/schema\/person\/image\/","url":"https:\/\/apuntesdesanluis.com\/wp-content\/uploads\/2023\/07\/cropped-apuntesdesanluis.png","contentUrl":"https:\/\/apuntesdesanluis.com\/wp-content\/uploads\/2023\/07\/cropped-apuntesdesanluis.png","width":450,"height":112,"caption":"apuntesdesanluis.com"},"logo":{"@id":"https:\/\/apuntesdesanluis.com\/#\/schema\/person\/image\/"},"sameAs":["https:\/\/apuntesdesanluis.com"],"url":"https:\/\/apuntesdesanluis.com\/index.php\/author\/apuntesdesanluis-com\/"}]}},"featured_image_urls":{"full":["https:\/\/apuntesdesanluis.com\/wp-content\/uploads\/2024\/02\/DOCENTES-ESTATALES.png",689,435,false],"thumbnail":["https:\/\/apuntesdesanluis.com\/wp-content\/uploads\/2024\/02\/DOCENTES-ESTATALES-150x150.png",150,150,true],"medium":["https:\/\/apuntesdesanluis.com\/wp-content\/uploads\/2024\/02\/DOCENTES-ESTATALES-300x189.png",300,189,true],"medium_large":["https:\/\/apuntesdesanluis.com\/wp-content\/uploads\/2024\/02\/DOCENTES-ESTATALES.png",640,404,false],"large":["https:\/\/apuntesdesanluis.com\/wp-content\/uploads\/2024\/02\/DOCENTES-ESTATALES.png",640,404,false],"1536x1536":["https:\/\/apuntesdesanluis.com\/wp-content\/uploads\/2024\/02\/DOCENTES-ESTATALES.png",689,435,false],"2048x2048":["https:\/\/apuntesdesanluis.com\/wp-content\/uploads\/2024\/02\/DOCENTES-ESTATALES.png",689,435,false],"newsever-slider-full":["https:\/\/apuntesdesanluis.com\/wp-content\/uploads\/2024\/02\/DOCENTES-ESTATALES.png",689,435,false],"newsever-featured":["https:\/\/apuntesdesanluis.com\/wp-content\/uploads\/2024\/02\/DOCENTES-ESTATALES.png",689,435,false],"newsever-medium":["https:\/\/apuntesdesanluis.com\/wp-content\/uploads\/2024\/02\/DOCENTES-ESTATALES.png",689,435,false]},"author_info":{"display_name":"apuntesdesanluis.com","author_link":"https:\/\/apuntesdesanluis.com\/index.php\/author\/apuntesdesanluis-com\/"},"category_info":"<a href=\"https:\/\/apuntesdesanluis.com\/index.php\/category\/nacionales-internacionales\/\" rel=\"category tag\">Nacionales\/Internacionales<\/a>","tag_info":"Nacionales\/Internacionales","comment_count":"0","_links":{"self":[{"href":"https:\/\/apuntesdesanluis.com\/index.php\/wp-json\/wp\/v2\/posts\/11996","targetHints":{"allow":["GET"]}}],"collection":[{"href":"https:\/\/apuntesdesanluis.com\/index.php\/wp-json\/wp\/v2\/posts"}],"about":[{"href":"https:\/\/apuntesdesanluis.com\/index.php\/wp-json\/wp\/v2\/types\/post"}],"author":[{"embeddable":true,"href":"https:\/\/apuntesdesanluis.com\/index.php\/wp-json\/wp\/v2\/users\/1"}],"replies":[{"embeddable":true,"href":"https:\/\/apuntesdesanluis.com\/index.php\/wp-json\/wp\/v2\/comments?post=11996"}],"version-history":[{"count":3,"href":"https:\/\/apuntesdesanluis.com\/index.php\/wp-json\/wp\/v2\/posts\/11996\/revisions"}],"predecessor-version":[{"id":12000,"href":"https:\/\/apuntesdesanluis.com\/index.php\/wp-json\/wp\/v2\/posts\/11996\/revisions\/12000"}],"wp:featuredmedia":[{"embeddable":true,"href":"https:\/\/apuntesdesanluis.com\/index.php\/wp-json\/wp\/v2\/media\/11997"}],"wp:attachment":[{"href":"https:\/\/apuntesdesanluis.com\/index.php\/wp-json\/wp\/v2\/media?parent=11996"}],"wp:term":[{"taxonomy":"category","embeddable":true,"href":"https:\/\/apuntesdesanluis.com\/index.php\/wp-json\/wp\/v2\/categories?post=11996"},{"taxonomy":"post_tag","embeddable":true,"href":"https:\/\/apuntesdesanluis.com\/index.php\/wp-json\/wp\/v2\/tags?post=11996"}],"curies":[{"name":"wp","href":"https:\/\/api.w.org\/{rel}","templated":true}]}}