{"id":12001,"date":"2024-02-20T20:54:11","date_gmt":"2024-02-20T23:54:11","guid":{"rendered":"https:\/\/apuntesdesanluis.com\/?p=12001"},"modified":"2024-02-20T20:56:44","modified_gmt":"2024-02-20T23:56:44","slug":"hector-daer-confirmo-un-paro-nacional-del-gremio-de-la-sanidad-para-este-jueves","status":"publish","type":"post","link":"https:\/\/apuntesdesanluis.com\/index.php\/2024\/02\/20\/hector-daer-confirmo-un-paro-nacional-del-gremio-de-la-sanidad-para-este-jueves\/","title":{"rendered":"H\u00c9CTOR DAER CONFIRM\u00d3 UN PARO NACIONAL DEL GREMIO DE LA SANIDAD PARA ESTE JUEVES"},"content":{"rendered":"<h3>Este martes por la ma\u00f1ana el secretario general de la Confederaci\u00f3n General del Trabajo (CGT), <strong>H\u00e9ctor Daer<\/strong>, adem\u00e1s titular del gremio de la Sanidad, confirm\u00f3 que este jueves 22 de febrero habr\u00e1 paro nacional de los trabajadores del sector.<\/h3>\n<h3>\u201cFrente a la intransigencia de las c\u00e1maras empresariales, el Consejo Directivo de la <strong>Federaci\u00f3n de Asociaciones Trabajadores de la Sanidad Argentina<\/strong> en su conjunto resuelve: paro nacional de 24 horas a partir del jueves 22\/02\u2033, indic\u00f3 Daer, quien tras ello asegur\u00f3: \u201cLlevaremos adelante todas las acciones gremiales necesarias para la recomposici\u00f3n salarial de nuestros compa\u00f1eros de Sanidad\u201d.<\/h3>\n<h3><a href=\"https:\/\/twitter.com\/hectordaer\/status\/1759893435266253039?ref_src=twsrc%5Etfw%7Ctwcamp%5Etweetembed%7Ctwterm%5E1759893435266253039%7Ctwgr%5E1310b10971743ff1be1354b50090754f048206a4%7Ctwcon%5Es1_&amp;ref_url=https%3A%2F%2Fwww.lanacion.com.ar%2Fpolitica%2Fhector-daer-confirmo-un-paro-nacional-del-gremio-de-la-sanidad-para-este-jueves-nid20022024%2F\" target=\"_blank\" rel=\"noopener\"><img fetchpriority=\"high\" decoding=\"async\" class=\"wp-image-12002 aligncenter\" src=\"https:\/\/apuntesdesanluis.com\/wp-content\/uploads\/2024\/02\/DAER-POSTEO-300x188.png\" alt=\"\" width=\"661\" height=\"414\" srcset=\"https:\/\/apuntesdesanluis.com\/wp-content\/uploads\/2024\/02\/DAER-POSTEO-300x188.png 300w, https:\/\/apuntesdesanluis.com\/wp-content\/uploads\/2024\/02\/DAER-POSTEO.png 710w\" sizes=\"(max-width: 661px) 100vw, 661px\" \/><\/a><\/h3>\n<h3>La decisi\u00f3n del gremio de Sanidad se tom\u00f3 a horas de que el gobierno de Javier Milei anunciara su intenci\u00f3n de desregular las obras sociales, en clara respuesta a la posici\u00f3n de la central obrera contra las pol\u00edticas de ajuste lanzadas desde el Poder Ejecutivo a trav\u00e9s del cuestionado DNU 70\/2023.<\/h3>\n<h3>El paro tambi\u00e9n se suma a las medidas que comenzaron a desatarse producto del deterioro salarial planificado por el gobierno de Javier Milei en todas las ramas. De hecho, se concretar\u00e1 un d\u00eda despu\u00e9s del paro general dispuesto por el gremio La Fraternidad, que este mi\u00e9rcoles dejar\u00e1 sin trenes a todas las l\u00edneas ferroviarias.<\/h3>\n<h3>\u201cLlevaremos adelante todas las acciones gremiales necesarias para la recomposici\u00f3n salarial de nuestros compa\u00f1eros de Sanidad\u201d, remarc\u00f3 el dirigente a trav\u00e9s de la red social X, donde confirm\u00f3 la medida de protesta.<\/h3>\n<h3><img decoding=\"async\" class=\"wp-image-12003 aligncenter\" src=\"https:\/\/apuntesdesanluis.com\/wp-content\/uploads\/2024\/02\/COMUNICADO-DE-FATSA-293x300.png\" alt=\"\" width=\"658\" height=\"674\" srcset=\"https:\/\/apuntesdesanluis.com\/wp-content\/uploads\/2024\/02\/COMUNICADO-DE-FATSA-293x300.png 293w, https:\/\/apuntesdesanluis.com\/wp-content\/uploads\/2024\/02\/COMUNICADO-DE-FATSA.png 616w\" sizes=\"(max-width: 658px) 100vw, 658px\" \/><\/h3>\n<p><img decoding=\"async\" class=\"wp-image-12005 aligncenter\" src=\"https:\/\/apuntesdesanluis.com\/wp-content\/uploads\/2024\/02\/F-ATSA-212x300.jpg\" alt=\"\" width=\"720\" height=\"1019\" srcset=\"https:\/\/apuntesdesanluis.com\/wp-content\/uploads\/2024\/02\/F-ATSA-212x300.jpg 212w, https:\/\/apuntesdesanluis.com\/wp-content\/uploads\/2024\/02\/F-ATSA.jpg 600w\" sizes=\"(max-width: 720px) 100vw, 720px\" \/><\/p>\n<h3><strong>CGT ANALIZA CONVOCAR A UN NUEVO PARO GENERAL<\/strong><\/h3>\n<h3>La declaraci\u00f3n de Daer fue hecha tras el plenario de delegados del sector que se reuni\u00f3 luego de las negociaciones en las que no hubo avances. Pero tambi\u00e9n se dio en medio de las discusiones internas que mantiene la CGT respecto de la posibilidad de concretar un nuevo paro general, luego del que se realiz\u00f3 el 24 de enero \u00faltimo.<\/h3>\n<h3>A prop\u00f3sito, el dirigente hab\u00eda afirmado d\u00edas atr\u00e1s que &#8220;el Gobierno est\u00e1 generando todas las condiciones para una nueva medida&#8221;. Es m\u00e1s, su par colegiado, el camionero Pablo Moyano aclar\u00f3 que no hab\u00eda una fecha resuelta pero admiti\u00f3 que &#8220;se est\u00e1 discutiendo el paro general&#8221;.<\/h3>\n<h3>El clima comenz\u00f3 a calentarse luego de que el gobierno nacional hiciera fracasar un acuerdo en el Consejo del Salario, para poder imponer a trav\u00e9s de un decreto el\u00a0 magro porcentaje que le pretende dar al Salario M\u00ednimo Vital y M\u00f3vil (SMVM).<\/h3>\n<h3>Previo a que el Gobierno le ofreciera al gremio de estatales de la CGT un aumento del 12% en el salario m\u00ednimo, vital y m\u00f3vil para que sirviera de referencia en las provincias -n\u00famero que la Asociaci\u00f3n Trabajadores del Estado (ATE) rechaz\u00f3-, el presidente Javier Milei hab\u00eda asegurado que \u201cno pensaba\u201d firmar un decreto para establecerlo porque indic\u00f3 que es responsabilidad de las empresas hacerlo. Por su parte, los gremios hab\u00edan pedido un aumento de 85%, que llevaba el piso a $288.600 en febrero; las c\u00e1maras empresarias no hicieron ninguna propuesta.<\/h3>\n<h3>Ante esta situaci\u00f3n, el secretario de la central obrera adelant\u00f3 tambi\u00e9n que habr\u00e1 una \u201ccantidad de conflictos\u201d en cada gremio por la falta de recomposici\u00f3n de los sueldos.<\/h3>\n<p>&nbsp;<\/p>\n<p>&nbsp;<\/p>\n<p>&nbsp;<\/p>\n<p>&nbsp;<\/p>\n<p>&nbsp;<\/p>\n","protected":false},"excerpt":{"rendered":"<p>Este martes por la ma\u00f1ana el secretario general de la Confederaci\u00f3n General del Trabajo (CGT),&#8230;<\/p>\n","protected":false},"author":1,"featured_media":12004,"comment_status":"closed","ping_status":"closed","sticky":false,"template":"","format":"standard","meta":{"footnotes":""},"categories":[5],"tags":[],"class_list":["post-12001","post","type-post","status-publish","format-standard","has-post-thumbnail","hentry","category-nacionales-internacionales"],"yoast_head":"<!-- This site is optimized with the Yoast SEO plugin v26.1.1 - https:\/\/yoast.com\/wordpress\/plugins\/seo\/ -->\n<title>H\u00c9CTOR DAER CONFIRM\u00d3 UN PARO NACIONAL DEL GREMIO DE LA SANIDAD PARA ESTE JUEVES - Apuntes de San Luis<\/title>\n<meta name=\"robots\" content=\"index, follow, max-snippet:-1, max-image-preview:large, max-video-preview:-1\" \/>\n<link rel=\"canonical\" href=\"https:\/\/apuntesdesanluis.com\/index.php\/2024\/02\/20\/hector-daer-confirmo-un-paro-nacional-del-gremio-de-la-sanidad-para-este-jueves\/\" \/>\n<meta property=\"og:locale\" content=\"es_ES\" \/>\n<meta property=\"og:type\" content=\"article\" \/>\n<meta property=\"og:title\" content=\"H\u00c9CTOR DAER CONFIRM\u00d3 UN PARO NACIONAL DEL GREMIO DE LA SANIDAD PARA ESTE JUEVES - Apuntes de San Luis\" \/>\n<meta property=\"og:description\" content=\"Este martes por la ma\u00f1ana el secretario general de la Confederaci\u00f3n General del Trabajo (CGT),...\" \/>\n<meta property=\"og:url\" content=\"https:\/\/apuntesdesanluis.com\/index.php\/2024\/02\/20\/hector-daer-confirmo-un-paro-nacional-del-gremio-de-la-sanidad-para-este-jueves\/\" \/>\n<meta property=\"og:site_name\" content=\"Apuntes de San Luis\" \/>\n<meta property=\"article:published_time\" content=\"2024-02-20T23:54:11+00:00\" \/>\n<meta property=\"article:modified_time\" content=\"2024-02-20T23:56:44+00:00\" \/>\n<meta property=\"og:image\" content=\"https:\/\/apuntesdesanluis.com\/wp-content\/uploads\/2024\/02\/DAER-HECTOR.png\" \/>\n\t<meta property=\"og:image:width\" content=\"672\" \/>\n\t<meta property=\"og:image:height\" content=\"405\" \/>\n\t<meta property=\"og:image:type\" content=\"image\/png\" \/>\n<meta name=\"author\" content=\"apuntesdesanluis.com\" \/>\n<meta name=\"twitter:card\" content=\"summary_large_image\" \/>\n<meta name=\"twitter:label1\" content=\"Escrito por\" \/>\n\t<meta name=\"twitter:data1\" content=\"apuntesdesanluis.com\" \/>\n\t<meta name=\"twitter:label2\" content=\"Tiempo de lectura\" \/>\n\t<meta name=\"twitter:data2\" content=\"3 minutos\" \/>\n<script type=\"application\/ld+json\" class=\"yoast-schema-graph\">{\"@context\":\"https:\/\/schema.org\",\"@graph\":[{\"@type\":\"Article\",\"@id\":\"https:\/\/apuntesdesanluis.com\/index.php\/2024\/02\/20\/hector-daer-confirmo-un-paro-nacional-del-gremio-de-la-sanidad-para-este-jueves\/#article\",\"isPartOf\":{\"@id\":\"https:\/\/apuntesdesanluis.com\/index.php\/2024\/02\/20\/hector-daer-confirmo-un-paro-nacional-del-gremio-de-la-sanidad-para-este-jueves\/\"},\"author\":{\"name\":\"apuntesdesanluis.com\",\"@id\":\"https:\/\/apuntesdesanluis.com\/#\/schema\/person\/b55151d52296fcce64d1a72538a70b90\"},\"headline\":\"H\u00c9CTOR DAER CONFIRM\u00d3 UN PARO NACIONAL DEL GREMIO DE LA SANIDAD PARA ESTE JUEVES\",\"datePublished\":\"2024-02-20T23:54:11+00:00\",\"dateModified\":\"2024-02-20T23:56:44+00:00\",\"mainEntityOfPage\":{\"@id\":\"https:\/\/apuntesdesanluis.com\/index.php\/2024\/02\/20\/hector-daer-confirmo-un-paro-nacional-del-gremio-de-la-sanidad-para-este-jueves\/\"},\"wordCount\":562,\"publisher\":{\"@id\":\"https:\/\/apuntesdesanluis.com\/#\/schema\/person\/b55151d52296fcce64d1a72538a70b90\"},\"image\":{\"@id\":\"https:\/\/apuntesdesanluis.com\/index.php\/2024\/02\/20\/hector-daer-confirmo-un-paro-nacional-del-gremio-de-la-sanidad-para-este-jueves\/#primaryimage\"},\"thumbnailUrl\":\"https:\/\/apuntesdesanluis.com\/wp-content\/uploads\/2024\/02\/DAER-HECTOR.png\",\"articleSection\":[\"Nacionales\/Internacionales\"],\"inLanguage\":\"es-AR\"},{\"@type\":\"WebPage\",\"@id\":\"https:\/\/apuntesdesanluis.com\/index.php\/2024\/02\/20\/hector-daer-confirmo-un-paro-nacional-del-gremio-de-la-sanidad-para-este-jueves\/\",\"url\":\"https:\/\/apuntesdesanluis.com\/index.php\/2024\/02\/20\/hector-daer-confirmo-un-paro-nacional-del-gremio-de-la-sanidad-para-este-jueves\/\",\"name\":\"H\u00c9CTOR DAER CONFIRM\u00d3 UN PARO NACIONAL DEL GREMIO DE LA SANIDAD PARA ESTE JUEVES - Apuntes de San Luis\",\"isPartOf\":{\"@id\":\"https:\/\/apuntesdesanluis.com\/#website\"},\"primaryImageOfPage\":{\"@id\":\"https:\/\/apuntesdesanluis.com\/index.php\/2024\/02\/20\/hector-daer-confirmo-un-paro-nacional-del-gremio-de-la-sanidad-para-este-jueves\/#primaryimage\"},\"image\":{\"@id\":\"https:\/\/apuntesdesanluis.com\/index.php\/2024\/02\/20\/hector-daer-confirmo-un-paro-nacional-del-gremio-de-la-sanidad-para-este-jueves\/#primaryimage\"},\"thumbnailUrl\":\"https:\/\/apuntesdesanluis.com\/wp-content\/uploads\/2024\/02\/DAER-HECTOR.png\",\"datePublished\":\"2024-02-20T23:54:11+00:00\",\"dateModified\":\"2024-02-20T23:56:44+00:00\",\"breadcrumb\":{\"@id\":\"https:\/\/apuntesdesanluis.com\/index.php\/2024\/02\/20\/hector-daer-confirmo-un-paro-nacional-del-gremio-de-la-sanidad-para-este-jueves\/#breadcrumb\"},\"inLanguage\":\"es-AR\",\"potentialAction\":[{\"@type\":\"ReadAction\",\"target\":[\"https:\/\/apuntesdesanluis.com\/index.php\/2024\/02\/20\/hector-daer-confirmo-un-paro-nacional-del-gremio-de-la-sanidad-para-este-jueves\/\"]}]},{\"@type\":\"ImageObject\",\"inLanguage\":\"es-AR\",\"@id\":\"https:\/\/apuntesdesanluis.com\/index.php\/2024\/02\/20\/hector-daer-confirmo-un-paro-nacional-del-gremio-de-la-sanidad-para-este-jueves\/#primaryimage\",\"url\":\"https:\/\/apuntesdesanluis.com\/wp-content\/uploads\/2024\/02\/DAER-HECTOR.png\",\"contentUrl\":\"https:\/\/apuntesdesanluis.com\/wp-content\/uploads\/2024\/02\/DAER-HECTOR.png\",\"width\":672,\"height\":405},{\"@type\":\"BreadcrumbList\",\"@id\":\"https:\/\/apuntesdesanluis.com\/index.php\/2024\/02\/20\/hector-daer-confirmo-un-paro-nacional-del-gremio-de-la-sanidad-para-este-jueves\/#breadcrumb\",\"itemListElement\":[{\"@type\":\"ListItem\",\"position\":1,\"name\":\"Inicio\",\"item\":\"https:\/\/apuntesdesanluis.com\/\"},{\"@type\":\"ListItem\",\"position\":2,\"name\":\"H\u00c9CTOR DAER CONFIRM\u00d3 UN PARO NACIONAL DEL GREMIO DE LA SANIDAD PARA ESTE JUEVES\"}]},{\"@type\":\"WebSite\",\"@id\":\"https:\/\/apuntesdesanluis.com\/#website\",\"url\":\"https:\/\/apuntesdesanluis.com\/\",\"name\":\"Apuntes de San Luis\",\"description\":\"\",\"publisher\":{\"@id\":\"https:\/\/apuntesdesanluis.com\/#\/schema\/person\/b55151d52296fcce64d1a72538a70b90\"},\"potentialAction\":[{\"@type\":\"SearchAction\",\"target\":{\"@type\":\"EntryPoint\",\"urlTemplate\":\"https:\/\/apuntesdesanluis.com\/?s={search_term_string}\"},\"query-input\":{\"@type\":\"PropertyValueSpecification\",\"valueRequired\":true,\"valueName\":\"search_term_string\"}}],\"inLanguage\":\"es-AR\"},{\"@type\":[\"Person\",\"Organization\"],\"@id\":\"https:\/\/apuntesdesanluis.com\/#\/schema\/person\/b55151d52296fcce64d1a72538a70b90\",\"name\":\"apuntesdesanluis.com\",\"image\":{\"@type\":\"ImageObject\",\"inLanguage\":\"es-AR\",\"@id\":\"https:\/\/apuntesdesanluis.com\/#\/schema\/person\/image\/\",\"url\":\"https:\/\/apuntesdesanluis.com\/wp-content\/uploads\/2023\/07\/cropped-apuntesdesanluis.png\",\"contentUrl\":\"https:\/\/apuntesdesanluis.com\/wp-content\/uploads\/2023\/07\/cropped-apuntesdesanluis.png\",\"width\":450,\"height\":112,\"caption\":\"apuntesdesanluis.com\"},\"logo\":{\"@id\":\"https:\/\/apuntesdesanluis.com\/#\/schema\/person\/image\/\"},\"sameAs\":[\"https:\/\/apuntesdesanluis.com\"],\"url\":\"https:\/\/apuntesdesanluis.com\/index.php\/author\/apuntesdesanluis-com\/\"}]}<\/script>\n<!-- \/ Yoast SEO plugin. -->","yoast_head_json":{"title":"H\u00c9CTOR DAER CONFIRM\u00d3 UN PARO NACIONAL DEL GREMIO DE LA SANIDAD PARA ESTE JUEVES - Apuntes de San Luis","robots":{"index":"index","follow":"follow","max-snippet":"max-snippet:-1","max-image-preview":"max-image-preview:large","max-video-preview":"max-video-preview:-1"},"canonical":"https:\/\/apuntesdesanluis.com\/index.php\/2024\/02\/20\/hector-daer-confirmo-un-paro-nacional-del-gremio-de-la-sanidad-para-este-jueves\/","og_locale":"es_ES","og_type":"article","og_title":"H\u00c9CTOR DAER CONFIRM\u00d3 UN PARO NACIONAL DEL GREMIO DE LA SANIDAD PARA ESTE JUEVES - Apuntes de San Luis","og_description":"Este martes por la ma\u00f1ana el secretario general de la Confederaci\u00f3n General del Trabajo (CGT),...","og_url":"https:\/\/apuntesdesanluis.com\/index.php\/2024\/02\/20\/hector-daer-confirmo-un-paro-nacional-del-gremio-de-la-sanidad-para-este-jueves\/","og_site_name":"Apuntes de San Luis","article_published_time":"2024-02-20T23:54:11+00:00","article_modified_time":"2024-02-20T23:56:44+00:00","og_image":[{"width":672,"height":405,"url":"https:\/\/apuntesdesanluis.com\/wp-content\/uploads\/2024\/02\/DAER-HECTOR.png","type":"image\/png"}],"author":"apuntesdesanluis.com","twitter_card":"summary_large_image","twitter_misc":{"Escrito por":"apuntesdesanluis.com","Tiempo de lectura":"3 minutos"},"schema":{"@context":"https:\/\/schema.org","@graph":[{"@type":"Article","@id":"https:\/\/apuntesdesanluis.com\/index.php\/2024\/02\/20\/hector-daer-confirmo-un-paro-nacional-del-gremio-de-la-sanidad-para-este-jueves\/#article","isPartOf":{"@id":"https:\/\/apuntesdesanluis.com\/index.php\/2024\/02\/20\/hector-daer-confirmo-un-paro-nacional-del-gremio-de-la-sanidad-para-este-jueves\/"},"author":{"name":"apuntesdesanluis.com","@id":"https:\/\/apuntesdesanluis.com\/#\/schema\/person\/b55151d52296fcce64d1a72538a70b90"},"headline":"H\u00c9CTOR DAER CONFIRM\u00d3 UN PARO NACIONAL DEL GREMIO DE LA SANIDAD PARA ESTE JUEVES","datePublished":"2024-02-20T23:54:11+00:00","dateModified":"2024-02-20T23:56:44+00:00","mainEntityOfPage":{"@id":"https:\/\/apuntesdesanluis.com\/index.php\/2024\/02\/20\/hector-daer-confirmo-un-paro-nacional-del-gremio-de-la-sanidad-para-este-jueves\/"},"wordCount":562,"publisher":{"@id":"https:\/\/apuntesdesanluis.com\/#\/schema\/person\/b55151d52296fcce64d1a72538a70b90"},"image":{"@id":"https:\/\/apuntesdesanluis.com\/index.php\/2024\/02\/20\/hector-daer-confirmo-un-paro-nacional-del-gremio-de-la-sanidad-para-este-jueves\/#primaryimage"},"thumbnailUrl":"https:\/\/apuntesdesanluis.com\/wp-content\/uploads\/2024\/02\/DAER-HECTOR.png","articleSection":["Nacionales\/Internacionales"],"inLanguage":"es-AR"},{"@type":"WebPage","@id":"https:\/\/apuntesdesanluis.com\/index.php\/2024\/02\/20\/hector-daer-confirmo-un-paro-nacional-del-gremio-de-la-sanidad-para-este-jueves\/","url":"https:\/\/apuntesdesanluis.com\/index.php\/2024\/02\/20\/hector-daer-confirmo-un-paro-nacional-del-gremio-de-la-sanidad-para-este-jueves\/","name":"H\u00c9CTOR DAER CONFIRM\u00d3 UN PARO NACIONAL DEL GREMIO DE LA SANIDAD PARA ESTE JUEVES - Apuntes de San Luis","isPartOf":{"@id":"https:\/\/apuntesdesanluis.com\/#website"},"primaryImageOfPage":{"@id":"https:\/\/apuntesdesanluis.com\/index.php\/2024\/02\/20\/hector-daer-confirmo-un-paro-nacional-del-gremio-de-la-sanidad-para-este-jueves\/#primaryimage"},"image":{"@id":"https:\/\/apuntesdesanluis.com\/index.php\/2024\/02\/20\/hector-daer-confirmo-un-paro-nacional-del-gremio-de-la-sanidad-para-este-jueves\/#primaryimage"},"thumbnailUrl":"https:\/\/apuntesdesanluis.com\/wp-content\/uploads\/2024\/02\/DAER-HECTOR.png","datePublished":"2024-02-20T23:54:11+00:00","dateModified":"2024-02-20T23:56:44+00:00","breadcrumb":{"@id":"https:\/\/apuntesdesanluis.com\/index.php\/2024\/02\/20\/hector-daer-confirmo-un-paro-nacional-del-gremio-de-la-sanidad-para-este-jueves\/#breadcrumb"},"inLanguage":"es-AR","potentialAction":[{"@type":"ReadAction","target":["https:\/\/apuntesdesanluis.com\/index.php\/2024\/02\/20\/hector-daer-confirmo-un-paro-nacional-del-gremio-de-la-sanidad-para-este-jueves\/"]}]},{"@type":"ImageObject","inLanguage":"es-AR","@id":"https:\/\/apuntesdesanluis.com\/index.php\/2024\/02\/20\/hector-daer-confirmo-un-paro-nacional-del-gremio-de-la-sanidad-para-este-jueves\/#primaryimage","url":"https:\/\/apuntesdesanluis.com\/wp-content\/uploads\/2024\/02\/DAER-HECTOR.png","contentUrl":"https:\/\/apuntesdesanluis.com\/wp-content\/uploads\/2024\/02\/DAER-HECTOR.png","width":672,"height":405},{"@type":"BreadcrumbList","@id":"https:\/\/apuntesdesanluis.com\/index.php\/2024\/02\/20\/hector-daer-confirmo-un-paro-nacional-del-gremio-de-la-sanidad-para-este-jueves\/#breadcrumb","itemListElement":[{"@type":"ListItem","position":1,"name":"Inicio","item":"https:\/\/apuntesdesanluis.com\/"},{"@type":"ListItem","position":2,"name":"H\u00c9CTOR DAER CONFIRM\u00d3 UN PARO NACIONAL DEL GREMIO DE LA SANIDAD PARA ESTE JUEVES"}]},{"@type":"WebSite","@id":"https:\/\/apuntesdesanluis.com\/#website","url":"https:\/\/apuntesdesanluis.com\/","name":"Apuntes de San Luis","description":"","publisher":{"@id":"https:\/\/apuntesdesanluis.com\/#\/schema\/person\/b55151d52296fcce64d1a72538a70b90"},"potentialAction":[{"@type":"SearchAction","target":{"@type":"EntryPoint","urlTemplate":"https:\/\/apuntesdesanluis.com\/?s={search_term_string}"},"query-input":{"@type":"PropertyValueSpecification","valueRequired":true,"valueName":"search_term_string"}}],"inLanguage":"es-AR"},{"@type":["Person","Organization"],"@id":"https:\/\/apuntesdesanluis.com\/#\/schema\/person\/b55151d52296fcce64d1a72538a70b90","name":"apuntesdesanluis.com","image":{"@type":"ImageObject","inLanguage":"es-AR","@id":"https:\/\/apuntesdesanluis.com\/#\/schema\/person\/image\/","url":"https:\/\/apuntesdesanluis.com\/wp-content\/uploads\/2023\/07\/cropped-apuntesdesanluis.png","contentUrl":"https:\/\/apuntesdesanluis.com\/wp-content\/uploads\/2023\/07\/cropped-apuntesdesanluis.png","width":450,"height":112,"caption":"apuntesdesanluis.com"},"logo":{"@id":"https:\/\/apuntesdesanluis.com\/#\/schema\/person\/image\/"},"sameAs":["https:\/\/apuntesdesanluis.com"],"url":"https:\/\/apuntesdesanluis.com\/index.php\/author\/apuntesdesanluis-com\/"}]}},"featured_image_urls":{"full":["https:\/\/apuntesdesanluis.com\/wp-content\/uploads\/2024\/02\/DAER-HECTOR.png",672,405,false],"thumbnail":["https:\/\/apuntesdesanluis.com\/wp-content\/uploads\/2024\/02\/DAER-HECTOR-150x150.png",150,150,true],"medium":["https:\/\/apuntesdesanluis.com\/wp-content\/uploads\/2024\/02\/DAER-HECTOR-300x181.png",300,181,true],"medium_large":["https:\/\/apuntesdesanluis.com\/wp-content\/uploads\/2024\/02\/DAER-HECTOR.png",640,386,false],"large":["https:\/\/apuntesdesanluis.com\/wp-content\/uploads\/2024\/02\/DAER-HECTOR.png",640,386,false],"1536x1536":["https:\/\/apuntesdesanluis.com\/wp-content\/uploads\/2024\/02\/DAER-HECTOR.png",672,405,false],"2048x2048":["https:\/\/apuntesdesanluis.com\/wp-content\/uploads\/2024\/02\/DAER-HECTOR.png",672,405,false],"newsever-slider-full":["https:\/\/apuntesdesanluis.com\/wp-content\/uploads\/2024\/02\/DAER-HECTOR.png",672,405,false],"newsever-featured":["https:\/\/apuntesdesanluis.com\/wp-content\/uploads\/2024\/02\/DAER-HECTOR.png",672,405,false],"newsever-medium":["https:\/\/apuntesdesanluis.com\/wp-content\/uploads\/2024\/02\/DAER-HECTOR.png",672,405,false]},"author_info":{"display_name":"apuntesdesanluis.com","author_link":"https:\/\/apuntesdesanluis.com\/index.php\/author\/apuntesdesanluis-com\/"},"category_info":"<a href=\"https:\/\/apuntesdesanluis.com\/index.php\/category\/nacionales-internacionales\/\" rel=\"category tag\">Nacionales\/Internacionales<\/a>","tag_info":"Nacionales\/Internacionales","comment_count":"0","_links":{"self":[{"href":"https:\/\/apuntesdesanluis.com\/index.php\/wp-json\/wp\/v2\/posts\/12001","targetHints":{"allow":["GET"]}}],"collection":[{"href":"https:\/\/apuntesdesanluis.com\/index.php\/wp-json\/wp\/v2\/posts"}],"about":[{"href":"https:\/\/apuntesdesanluis.com\/index.php\/wp-json\/wp\/v2\/types\/post"}],"author":[{"embeddable":true,"href":"https:\/\/apuntesdesanluis.com\/index.php\/wp-json\/wp\/v2\/users\/1"}],"replies":[{"embeddable":true,"href":"https:\/\/apuntesdesanluis.com\/index.php\/wp-json\/wp\/v2\/comments?post=12001"}],"version-history":[{"count":4,"href":"https:\/\/apuntesdesanluis.com\/index.php\/wp-json\/wp\/v2\/posts\/12001\/revisions"}],"predecessor-version":[{"id":12009,"href":"https:\/\/apuntesdesanluis.com\/index.php\/wp-json\/wp\/v2\/posts\/12001\/revisions\/12009"}],"wp:featuredmedia":[{"embeddable":true,"href":"https:\/\/apuntesdesanluis.com\/index.php\/wp-json\/wp\/v2\/media\/12004"}],"wp:attachment":[{"href":"https:\/\/apuntesdesanluis.com\/index.php\/wp-json\/wp\/v2\/media?parent=12001"}],"wp:term":[{"taxonomy":"category","embeddable":true,"href":"https:\/\/apuntesdesanluis.com\/index.php\/wp-json\/wp\/v2\/categories?post=12001"},{"taxonomy":"post_tag","embeddable":true,"href":"https:\/\/apuntesdesanluis.com\/index.php\/wp-json\/wp\/v2\/tags?post=12001"}],"curies":[{"name":"wp","href":"https:\/\/api.w.org\/{rel}","templated":true}]}}