{"id":1202,"date":"2023-08-07T13:44:57","date_gmt":"2023-08-07T16:44:57","guid":{"rendered":"https:\/\/apuntesdesanluis.com\/?p=1202"},"modified":"2023-08-07T13:44:57","modified_gmt":"2023-08-07T16:44:57","slug":"francia-encontraron-a-una-mujer-que-estuvo-secuestrada-durante-12-anos","status":"publish","type":"post","link":"https:\/\/apuntesdesanluis.com\/index.php\/2023\/08\/07\/francia-encontraron-a-una-mujer-que-estuvo-secuestrada-durante-12-anos\/","title":{"rendered":"FRANCIA: ENCONTRARON A UNA MUJER QUE ESTUVO SECUESTRADA DURANTE 12 A\u00d1OS"},"content":{"rendered":"<h3>Las fuerzas de seguridad descubrieron a una mujer de 53 a\u00f1os secuestrada desde 2011 y probablemente torturada en el noroeste de Francia, y detuvieron a su marido de 55 a\u00f1os, indic\u00f3 una fuente policial.<\/h3>\n<h3>Los agentes que acudieron a la vivienda encontraron a la v\u00edctima encerrada en una habitaci\u00f3n y en condiciones terribles: desnuda, desnutrida, con la cabeza rapada y signos de antiguas fracturas en las extremidades, por lo que fue hospitalizada.<\/h3>\n<h3>La Polic\u00eda detuvo al hombre y lo dej\u00f3 bajo custodia. La pareja ser\u00eda de nacionalidad alemana y se encontraba en la ciudad francesa de Forbach, situada junto a la frontera de Francia con Alemania.<\/h3>\n<h3>Los primeros indicios apuntan a que la mujer fue probablemente torturada, seg\u00fan la fuente policial. En el piso de la pareja se encontr\u00f3 una cama de tortura, seg\u00fan RMC.<\/h3>\n<h3>Las autoridades francesas fueron alertadas por la Polic\u00eda alemana, que recibi\u00f3 una llamada de auxilio de la v\u00edctima cuando esta pudo tener acceso a un tel\u00e9fono m\u00f3vil en la noche del domingo, indicaron fuentes policiales a medios locales.<\/h3>\n<h3>La Fiscal\u00eda abri\u00f3 una investigaci\u00f3n por secuestro, violaci\u00f3n agravada y actos de tortura y barbarie, seg\u00fan una publicaci\u00f3n del sitio El Once.<\/h3>\n","protected":false},"excerpt":{"rendered":"<p>Las fuerzas de seguridad descubrieron a una mujer de 53 a\u00f1os secuestrada desde 2011 y&#8230;<\/p>\n","protected":false},"author":1,"featured_media":1203,"comment_status":"closed","ping_status":"closed","sticky":false,"template":"","format":"standard","meta":{"footnotes":""},"categories":[5],"tags":[],"class_list":["post-1202","post","type-post","status-publish","format-standard","has-post-thumbnail","hentry","category-nacionales-internacionales"],"yoast_head":"<!-- This site is optimized with the Yoast SEO plugin v26.1.1 - https:\/\/yoast.com\/wordpress\/plugins\/seo\/ -->\n<title>FRANCIA: ENCONTRARON A UNA MUJER QUE ESTUVO SECUESTRADA DURANTE 12 A\u00d1OS - Apuntes de San Luis<\/title>\n<meta name=\"robots\" content=\"index, follow, max-snippet:-1, max-image-preview:large, max-video-preview:-1\" \/>\n<link rel=\"canonical\" href=\"https:\/\/apuntesdesanluis.com\/index.php\/2023\/08\/07\/francia-encontraron-a-una-mujer-que-estuvo-secuestrada-durante-12-anos\/\" \/>\n<meta property=\"og:locale\" content=\"es_ES\" \/>\n<meta property=\"og:type\" content=\"article\" \/>\n<meta property=\"og:title\" content=\"FRANCIA: ENCONTRARON A UNA MUJER QUE ESTUVO SECUESTRADA DURANTE 12 A\u00d1OS - Apuntes de San Luis\" \/>\n<meta property=\"og:description\" content=\"Las fuerzas de seguridad descubrieron a una mujer de 53 a\u00f1os secuestrada desde 2011 y...\" \/>\n<meta property=\"og:url\" content=\"https:\/\/apuntesdesanluis.com\/index.php\/2023\/08\/07\/francia-encontraron-a-una-mujer-que-estuvo-secuestrada-durante-12-anos\/\" \/>\n<meta property=\"og:site_name\" content=\"Apuntes de San Luis\" \/>\n<meta property=\"article:published_time\" content=\"2023-08-07T16:44:57+00:00\" \/>\n<meta property=\"og:image\" content=\"https:\/\/apuntesdesanluis.com\/wp-content\/uploads\/2023\/08\/francia.png\" \/>\n\t<meta property=\"og:image:width\" content=\"645\" \/>\n\t<meta property=\"og:image:height\" content=\"397\" \/>\n\t<meta property=\"og:image:type\" content=\"image\/png\" \/>\n<meta name=\"author\" content=\"apuntesdesanluis.com\" \/>\n<meta name=\"twitter:card\" content=\"summary_large_image\" \/>\n<meta name=\"twitter:label1\" content=\"Escrito por\" \/>\n\t<meta name=\"twitter:data1\" content=\"apuntesdesanluis.com\" \/>\n\t<meta name=\"twitter:label2\" content=\"Tiempo de lectura\" \/>\n\t<meta name=\"twitter:data2\" content=\"1 minuto\" \/>\n<script type=\"application\/ld+json\" class=\"yoast-schema-graph\">{\"@context\":\"https:\/\/schema.org\",\"@graph\":[{\"@type\":\"Article\",\"@id\":\"https:\/\/apuntesdesanluis.com\/index.php\/2023\/08\/07\/francia-encontraron-a-una-mujer-que-estuvo-secuestrada-durante-12-anos\/#article\",\"isPartOf\":{\"@id\":\"https:\/\/apuntesdesanluis.com\/index.php\/2023\/08\/07\/francia-encontraron-a-una-mujer-que-estuvo-secuestrada-durante-12-anos\/\"},\"author\":{\"name\":\"apuntesdesanluis.com\",\"@id\":\"https:\/\/apuntesdesanluis.com\/#\/schema\/person\/b55151d52296fcce64d1a72538a70b90\"},\"headline\":\"FRANCIA: ENCONTRARON A UNA MUJER QUE ESTUVO SECUESTRADA DURANTE 12 A\u00d1OS\",\"datePublished\":\"2023-08-07T16:44:57+00:00\",\"mainEntityOfPage\":{\"@id\":\"https:\/\/apuntesdesanluis.com\/index.php\/2023\/08\/07\/francia-encontraron-a-una-mujer-que-estuvo-secuestrada-durante-12-anos\/\"},\"wordCount\":220,\"publisher\":{\"@id\":\"https:\/\/apuntesdesanluis.com\/#\/schema\/person\/b55151d52296fcce64d1a72538a70b90\"},\"image\":{\"@id\":\"https:\/\/apuntesdesanluis.com\/index.php\/2023\/08\/07\/francia-encontraron-a-una-mujer-que-estuvo-secuestrada-durante-12-anos\/#primaryimage\"},\"thumbnailUrl\":\"https:\/\/apuntesdesanluis.com\/wp-content\/uploads\/2023\/08\/francia.png\",\"articleSection\":[\"Nacionales\/Internacionales\"],\"inLanguage\":\"es-AR\"},{\"@type\":\"WebPage\",\"@id\":\"https:\/\/apuntesdesanluis.com\/index.php\/2023\/08\/07\/francia-encontraron-a-una-mujer-que-estuvo-secuestrada-durante-12-anos\/\",\"url\":\"https:\/\/apuntesdesanluis.com\/index.php\/2023\/08\/07\/francia-encontraron-a-una-mujer-que-estuvo-secuestrada-durante-12-anos\/\",\"name\":\"FRANCIA: ENCONTRARON A UNA MUJER QUE ESTUVO SECUESTRADA DURANTE 12 A\u00d1OS - Apuntes de San Luis\",\"isPartOf\":{\"@id\":\"https:\/\/apuntesdesanluis.com\/#website\"},\"primaryImageOfPage\":{\"@id\":\"https:\/\/apuntesdesanluis.com\/index.php\/2023\/08\/07\/francia-encontraron-a-una-mujer-que-estuvo-secuestrada-durante-12-anos\/#primaryimage\"},\"image\":{\"@id\":\"https:\/\/apuntesdesanluis.com\/index.php\/2023\/08\/07\/francia-encontraron-a-una-mujer-que-estuvo-secuestrada-durante-12-anos\/#primaryimage\"},\"thumbnailUrl\":\"https:\/\/apuntesdesanluis.com\/wp-content\/uploads\/2023\/08\/francia.png\",\"datePublished\":\"2023-08-07T16:44:57+00:00\",\"breadcrumb\":{\"@id\":\"https:\/\/apuntesdesanluis.com\/index.php\/2023\/08\/07\/francia-encontraron-a-una-mujer-que-estuvo-secuestrada-durante-12-anos\/#breadcrumb\"},\"inLanguage\":\"es-AR\",\"potentialAction\":[{\"@type\":\"ReadAction\",\"target\":[\"https:\/\/apuntesdesanluis.com\/index.php\/2023\/08\/07\/francia-encontraron-a-una-mujer-que-estuvo-secuestrada-durante-12-anos\/\"]}]},{\"@type\":\"ImageObject\",\"inLanguage\":\"es-AR\",\"@id\":\"https:\/\/apuntesdesanluis.com\/index.php\/2023\/08\/07\/francia-encontraron-a-una-mujer-que-estuvo-secuestrada-durante-12-anos\/#primaryimage\",\"url\":\"https:\/\/apuntesdesanluis.com\/wp-content\/uploads\/2023\/08\/francia.png\",\"contentUrl\":\"https:\/\/apuntesdesanluis.com\/wp-content\/uploads\/2023\/08\/francia.png\",\"width\":645,\"height\":397},{\"@type\":\"BreadcrumbList\",\"@id\":\"https:\/\/apuntesdesanluis.com\/index.php\/2023\/08\/07\/francia-encontraron-a-una-mujer-que-estuvo-secuestrada-durante-12-anos\/#breadcrumb\",\"itemListElement\":[{\"@type\":\"ListItem\",\"position\":1,\"name\":\"Inicio\",\"item\":\"https:\/\/apuntesdesanluis.com\/\"},{\"@type\":\"ListItem\",\"position\":2,\"name\":\"FRANCIA: ENCONTRARON A UNA MUJER QUE ESTUVO SECUESTRADA DURANTE 12 A\u00d1OS\"}]},{\"@type\":\"WebSite\",\"@id\":\"https:\/\/apuntesdesanluis.com\/#website\",\"url\":\"https:\/\/apuntesdesanluis.com\/\",\"name\":\"Apuntes de San Luis\",\"description\":\"\",\"publisher\":{\"@id\":\"https:\/\/apuntesdesanluis.com\/#\/schema\/person\/b55151d52296fcce64d1a72538a70b90\"},\"potentialAction\":[{\"@type\":\"SearchAction\",\"target\":{\"@type\":\"EntryPoint\",\"urlTemplate\":\"https:\/\/apuntesdesanluis.com\/?s={search_term_string}\"},\"query-input\":{\"@type\":\"PropertyValueSpecification\",\"valueRequired\":true,\"valueName\":\"search_term_string\"}}],\"inLanguage\":\"es-AR\"},{\"@type\":[\"Person\",\"Organization\"],\"@id\":\"https:\/\/apuntesdesanluis.com\/#\/schema\/person\/b55151d52296fcce64d1a72538a70b90\",\"name\":\"apuntesdesanluis.com\",\"image\":{\"@type\":\"ImageObject\",\"inLanguage\":\"es-AR\",\"@id\":\"https:\/\/apuntesdesanluis.com\/#\/schema\/person\/image\/\",\"url\":\"https:\/\/apuntesdesanluis.com\/wp-content\/uploads\/2023\/07\/cropped-apuntesdesanluis.png\",\"contentUrl\":\"https:\/\/apuntesdesanluis.com\/wp-content\/uploads\/2023\/07\/cropped-apuntesdesanluis.png\",\"width\":450,\"height\":112,\"caption\":\"apuntesdesanluis.com\"},\"logo\":{\"@id\":\"https:\/\/apuntesdesanluis.com\/#\/schema\/person\/image\/\"},\"sameAs\":[\"https:\/\/apuntesdesanluis.com\"],\"url\":\"https:\/\/apuntesdesanluis.com\/index.php\/author\/apuntesdesanluis-com\/\"}]}<\/script>\n<!-- \/ Yoast SEO plugin. -->","yoast_head_json":{"title":"FRANCIA: ENCONTRARON A UNA MUJER QUE ESTUVO SECUESTRADA DURANTE 12 A\u00d1OS - Apuntes de San Luis","robots":{"index":"index","follow":"follow","max-snippet":"max-snippet:-1","max-image-preview":"max-image-preview:large","max-video-preview":"max-video-preview:-1"},"canonical":"https:\/\/apuntesdesanluis.com\/index.php\/2023\/08\/07\/francia-encontraron-a-una-mujer-que-estuvo-secuestrada-durante-12-anos\/","og_locale":"es_ES","og_type":"article","og_title":"FRANCIA: ENCONTRARON A UNA MUJER QUE ESTUVO SECUESTRADA DURANTE 12 A\u00d1OS - Apuntes de San Luis","og_description":"Las fuerzas de seguridad descubrieron a una mujer de 53 a\u00f1os secuestrada desde 2011 y...","og_url":"https:\/\/apuntesdesanluis.com\/index.php\/2023\/08\/07\/francia-encontraron-a-una-mujer-que-estuvo-secuestrada-durante-12-anos\/","og_site_name":"Apuntes de San Luis","article_published_time":"2023-08-07T16:44:57+00:00","og_image":[{"width":645,"height":397,"url":"https:\/\/apuntesdesanluis.com\/wp-content\/uploads\/2023\/08\/francia.png","type":"image\/png"}],"author":"apuntesdesanluis.com","twitter_card":"summary_large_image","twitter_misc":{"Escrito por":"apuntesdesanluis.com","Tiempo de lectura":"1 minuto"},"schema":{"@context":"https:\/\/schema.org","@graph":[{"@type":"Article","@id":"https:\/\/apuntesdesanluis.com\/index.php\/2023\/08\/07\/francia-encontraron-a-una-mujer-que-estuvo-secuestrada-durante-12-anos\/#article","isPartOf":{"@id":"https:\/\/apuntesdesanluis.com\/index.php\/2023\/08\/07\/francia-encontraron-a-una-mujer-que-estuvo-secuestrada-durante-12-anos\/"},"author":{"name":"apuntesdesanluis.com","@id":"https:\/\/apuntesdesanluis.com\/#\/schema\/person\/b55151d52296fcce64d1a72538a70b90"},"headline":"FRANCIA: ENCONTRARON A UNA MUJER QUE ESTUVO SECUESTRADA DURANTE 12 A\u00d1OS","datePublished":"2023-08-07T16:44:57+00:00","mainEntityOfPage":{"@id":"https:\/\/apuntesdesanluis.com\/index.php\/2023\/08\/07\/francia-encontraron-a-una-mujer-que-estuvo-secuestrada-durante-12-anos\/"},"wordCount":220,"publisher":{"@id":"https:\/\/apuntesdesanluis.com\/#\/schema\/person\/b55151d52296fcce64d1a72538a70b90"},"image":{"@id":"https:\/\/apuntesdesanluis.com\/index.php\/2023\/08\/07\/francia-encontraron-a-una-mujer-que-estuvo-secuestrada-durante-12-anos\/#primaryimage"},"thumbnailUrl":"https:\/\/apuntesdesanluis.com\/wp-content\/uploads\/2023\/08\/francia.png","articleSection":["Nacionales\/Internacionales"],"inLanguage":"es-AR"},{"@type":"WebPage","@id":"https:\/\/apuntesdesanluis.com\/index.php\/2023\/08\/07\/francia-encontraron-a-una-mujer-que-estuvo-secuestrada-durante-12-anos\/","url":"https:\/\/apuntesdesanluis.com\/index.php\/2023\/08\/07\/francia-encontraron-a-una-mujer-que-estuvo-secuestrada-durante-12-anos\/","name":"FRANCIA: ENCONTRARON A UNA MUJER QUE ESTUVO SECUESTRADA DURANTE 12 A\u00d1OS - Apuntes de San Luis","isPartOf":{"@id":"https:\/\/apuntesdesanluis.com\/#website"},"primaryImageOfPage":{"@id":"https:\/\/apuntesdesanluis.com\/index.php\/2023\/08\/07\/francia-encontraron-a-una-mujer-que-estuvo-secuestrada-durante-12-anos\/#primaryimage"},"image":{"@id":"https:\/\/apuntesdesanluis.com\/index.php\/2023\/08\/07\/francia-encontraron-a-una-mujer-que-estuvo-secuestrada-durante-12-anos\/#primaryimage"},"thumbnailUrl":"https:\/\/apuntesdesanluis.com\/wp-content\/uploads\/2023\/08\/francia.png","datePublished":"2023-08-07T16:44:57+00:00","breadcrumb":{"@id":"https:\/\/apuntesdesanluis.com\/index.php\/2023\/08\/07\/francia-encontraron-a-una-mujer-que-estuvo-secuestrada-durante-12-anos\/#breadcrumb"},"inLanguage":"es-AR","potentialAction":[{"@type":"ReadAction","target":["https:\/\/apuntesdesanluis.com\/index.php\/2023\/08\/07\/francia-encontraron-a-una-mujer-que-estuvo-secuestrada-durante-12-anos\/"]}]},{"@type":"ImageObject","inLanguage":"es-AR","@id":"https:\/\/apuntesdesanluis.com\/index.php\/2023\/08\/07\/francia-encontraron-a-una-mujer-que-estuvo-secuestrada-durante-12-anos\/#primaryimage","url":"https:\/\/apuntesdesanluis.com\/wp-content\/uploads\/2023\/08\/francia.png","contentUrl":"https:\/\/apuntesdesanluis.com\/wp-content\/uploads\/2023\/08\/francia.png","width":645,"height":397},{"@type":"BreadcrumbList","@id":"https:\/\/apuntesdesanluis.com\/index.php\/2023\/08\/07\/francia-encontraron-a-una-mujer-que-estuvo-secuestrada-durante-12-anos\/#breadcrumb","itemListElement":[{"@type":"ListItem","position":1,"name":"Inicio","item":"https:\/\/apuntesdesanluis.com\/"},{"@type":"ListItem","position":2,"name":"FRANCIA: ENCONTRARON A UNA MUJER QUE ESTUVO SECUESTRADA DURANTE 12 A\u00d1OS"}]},{"@type":"WebSite","@id":"https:\/\/apuntesdesanluis.com\/#website","url":"https:\/\/apuntesdesanluis.com\/","name":"Apuntes de San Luis","description":"","publisher":{"@id":"https:\/\/apuntesdesanluis.com\/#\/schema\/person\/b55151d52296fcce64d1a72538a70b90"},"potentialAction":[{"@type":"SearchAction","target":{"@type":"EntryPoint","urlTemplate":"https:\/\/apuntesdesanluis.com\/?s={search_term_string}"},"query-input":{"@type":"PropertyValueSpecification","valueRequired":true,"valueName":"search_term_string"}}],"inLanguage":"es-AR"},{"@type":["Person","Organization"],"@id":"https:\/\/apuntesdesanluis.com\/#\/schema\/person\/b55151d52296fcce64d1a72538a70b90","name":"apuntesdesanluis.com","image":{"@type":"ImageObject","inLanguage":"es-AR","@id":"https:\/\/apuntesdesanluis.com\/#\/schema\/person\/image\/","url":"https:\/\/apuntesdesanluis.com\/wp-content\/uploads\/2023\/07\/cropped-apuntesdesanluis.png","contentUrl":"https:\/\/apuntesdesanluis.com\/wp-content\/uploads\/2023\/07\/cropped-apuntesdesanluis.png","width":450,"height":112,"caption":"apuntesdesanluis.com"},"logo":{"@id":"https:\/\/apuntesdesanluis.com\/#\/schema\/person\/image\/"},"sameAs":["https:\/\/apuntesdesanluis.com"],"url":"https:\/\/apuntesdesanluis.com\/index.php\/author\/apuntesdesanluis-com\/"}]}},"featured_image_urls":{"full":["https:\/\/apuntesdesanluis.com\/wp-content\/uploads\/2023\/08\/francia.png",645,397,false],"thumbnail":["https:\/\/apuntesdesanluis.com\/wp-content\/uploads\/2023\/08\/francia-150x150.png",150,150,true],"medium":["https:\/\/apuntesdesanluis.com\/wp-content\/uploads\/2023\/08\/francia-300x185.png",300,185,true],"medium_large":["https:\/\/apuntesdesanluis.com\/wp-content\/uploads\/2023\/08\/francia.png",640,394,false],"large":["https:\/\/apuntesdesanluis.com\/wp-content\/uploads\/2023\/08\/francia.png",640,394,false],"1536x1536":["https:\/\/apuntesdesanluis.com\/wp-content\/uploads\/2023\/08\/francia.png",645,397,false],"2048x2048":["https:\/\/apuntesdesanluis.com\/wp-content\/uploads\/2023\/08\/francia.png",645,397,false],"newsever-slider-full":["https:\/\/apuntesdesanluis.com\/wp-content\/uploads\/2023\/08\/francia.png",645,397,false],"newsever-featured":["https:\/\/apuntesdesanluis.com\/wp-content\/uploads\/2023\/08\/francia.png",645,397,false],"newsever-medium":["https:\/\/apuntesdesanluis.com\/wp-content\/uploads\/2023\/08\/francia.png",645,397,false]},"author_info":{"display_name":"apuntesdesanluis.com","author_link":"https:\/\/apuntesdesanluis.com\/index.php\/author\/apuntesdesanluis-com\/"},"category_info":"<a href=\"https:\/\/apuntesdesanluis.com\/index.php\/category\/nacionales-internacionales\/\" rel=\"category tag\">Nacionales\/Internacionales<\/a>","tag_info":"Nacionales\/Internacionales","comment_count":"0","_links":{"self":[{"href":"https:\/\/apuntesdesanluis.com\/index.php\/wp-json\/wp\/v2\/posts\/1202","targetHints":{"allow":["GET"]}}],"collection":[{"href":"https:\/\/apuntesdesanluis.com\/index.php\/wp-json\/wp\/v2\/posts"}],"about":[{"href":"https:\/\/apuntesdesanluis.com\/index.php\/wp-json\/wp\/v2\/types\/post"}],"author":[{"embeddable":true,"href":"https:\/\/apuntesdesanluis.com\/index.php\/wp-json\/wp\/v2\/users\/1"}],"replies":[{"embeddable":true,"href":"https:\/\/apuntesdesanluis.com\/index.php\/wp-json\/wp\/v2\/comments?post=1202"}],"version-history":[{"count":1,"href":"https:\/\/apuntesdesanluis.com\/index.php\/wp-json\/wp\/v2\/posts\/1202\/revisions"}],"predecessor-version":[{"id":1204,"href":"https:\/\/apuntesdesanluis.com\/index.php\/wp-json\/wp\/v2\/posts\/1202\/revisions\/1204"}],"wp:featuredmedia":[{"embeddable":true,"href":"https:\/\/apuntesdesanluis.com\/index.php\/wp-json\/wp\/v2\/media\/1203"}],"wp:attachment":[{"href":"https:\/\/apuntesdesanluis.com\/index.php\/wp-json\/wp\/v2\/media?parent=1202"}],"wp:term":[{"taxonomy":"category","embeddable":true,"href":"https:\/\/apuntesdesanluis.com\/index.php\/wp-json\/wp\/v2\/categories?post=1202"},{"taxonomy":"post_tag","embeddable":true,"href":"https:\/\/apuntesdesanluis.com\/index.php\/wp-json\/wp\/v2\/tags?post=1202"}],"curies":[{"name":"wp","href":"https:\/\/api.w.org\/{rel}","templated":true}]}}