{"id":12022,"date":"2024-02-20T22:05:04","date_gmt":"2024-02-21T01:05:04","guid":{"rendered":"https:\/\/apuntesdesanluis.com\/?p=12022"},"modified":"2024-02-20T22:05:04","modified_gmt":"2024-02-21T01:05:04","slug":"el-gobierno-evalua-declarar-a-la-educacion-como-un-servicio-esencial-para-evitar-los-paros-docentes","status":"publish","type":"post","link":"https:\/\/apuntesdesanluis.com\/index.php\/2024\/02\/20\/el-gobierno-evalua-declarar-a-la-educacion-como-un-servicio-esencial-para-evitar-los-paros-docentes\/","title":{"rendered":"EL GOBIERNO EVAL\u00daA DECLARAR A LA EDUCACI\u00d3N COMO UN SERVICIO ESENCIAL PARA EVITAR LOS PAROS DOCENTES"},"content":{"rendered":"<h3>El vocero presidencial, <strong>Manuel Adorni<\/strong>, adelant\u00f3 que el Gobierno eval\u00faa declarar la educaci\u00f3n como un servicio esencial, tal y como estaba contemplado en el Decreto de Necesidad y Urgencia 70\/2023 que fue suspendido por la Justicia.<\/h3>\n<h3>\u201cSe ha tomado la decisi\u00f3n de comenzar con la evaluaci\u00f3n para declarar la educaci\u00f3n como servicio esencial\u201d, plante\u00f3 el funcionario en su habitual conferencia de prensa.<\/h3>\n<h3>El DNU elaborado por <strong>Federico Sturzenegger<\/strong> contemplaba modificaciones en la ley laboral entre la que destacaba la inclusi\u00f3n de la educaci\u00f3n como \u201cservicio esencial\u201d con intenci\u00f3n de limitar el derecho a huelga.<\/h3>\n<h3>En el art\u00edculo 97 se establece que se considerar\u00e1 como \u201cservicio esencial\u201d a la educaci\u00f3n de nivel inicial, primaria y secundaria, como tambi\u00e9n los servicios de cuidado de menores y la educaci\u00f3n especial. De esta forma, el Gobierno tiene capacidad de restringir el derecho a la protesta.<\/h3>\n<h3>Si bien no hay precisiones respecto a la fecha en la que se concretar\u00e1 la declaraci\u00f3n, fuentes de Gobierno aseguran que ser\u00e1 en lo inmediato y que quedar\u00e1 a cargo de la ministra de Capital Humano, <strong>Sandra Pettovello<\/strong>.<\/h3>\n<h3>La intenci\u00f3n de la administraci\u00f3n libertaria es exigir una prestaci\u00f3n m\u00ednima en los d\u00edas de paro y se enmarca en pleno conflicto salarial docente tras la decisi\u00f3n del Ejecutivo de no convocar a una paritaria nacional.<\/h3>\n<h3>El funcionario nacional se quej\u00f3 tambi\u00e9n de la \u201csa\u00f1a\u201d de los sindicatos contra el Gobierno del presidente Javier Milei. En ese sentido, tambi\u00e9n se refiri\u00f3 al paro que realizar\u00e1 La Fraternidad este mi\u00e9rcoles en todo el pa\u00eds y consider\u00f3 que es &#8220;un absoluto desprop\u00f3sito&#8221;.<\/h3>\n<h3>Adem\u00e1s, indic\u00f3 que ante el fracaso de los encuentros del Consejo del Salario M\u00ednimo, Vital y M\u00f3vil ese indicador \u201cqued\u00f3 fijado para febrero en 180 mil pesos y para marzo en 202.800 pesos\u201d.<\/h3>\n<h3>Finalmente, al ser consultado por NA sobre el panorama de las paritarias, el vocero presidencial respondi\u00f3: \u201cEl salario est\u00e1 atado estrictamente a un tema de productividad, por el que estamos trabajando fuertemente y para eso eran piezas claves el DNU y la Ley Bases\u201d.<\/h3>\n<h3>\u201cLas paritarias deben ser absolutamente libres y el Gobierno no tiene que participar de ellas\u201d, agreg\u00f3.<\/h3>\n<p>&nbsp;<\/p>\n<p>&nbsp;<\/p>\n<p>&nbsp;<\/p>\n<p>&nbsp;<\/p>\n","protected":false},"excerpt":{"rendered":"<p>El vocero presidencial, Manuel Adorni, adelant\u00f3 que el Gobierno eval\u00faa declarar la educaci\u00f3n como un&#8230;<\/p>\n","protected":false},"author":1,"featured_media":12023,"comment_status":"closed","ping_status":"closed","sticky":false,"template":"","format":"standard","meta":{"footnotes":""},"categories":[5],"tags":[],"class_list":["post-12022","post","type-post","status-publish","format-standard","has-post-thumbnail","hentry","category-nacionales-internacionales"],"yoast_head":"<!-- This site is optimized with the Yoast SEO plugin v26.1.1 - https:\/\/yoast.com\/wordpress\/plugins\/seo\/ -->\n<title>EL GOBIERNO EVAL\u00daA DECLARAR A LA EDUCACI\u00d3N COMO UN SERVICIO ESENCIAL PARA EVITAR LOS PAROS DOCENTES - Apuntes de San Luis<\/title>\n<meta name=\"robots\" content=\"index, follow, max-snippet:-1, max-image-preview:large, max-video-preview:-1\" \/>\n<link rel=\"canonical\" href=\"https:\/\/apuntesdesanluis.com\/index.php\/2024\/02\/20\/el-gobierno-evalua-declarar-a-la-educacion-como-un-servicio-esencial-para-evitar-los-paros-docentes\/\" \/>\n<meta property=\"og:locale\" content=\"es_ES\" \/>\n<meta property=\"og:type\" content=\"article\" \/>\n<meta property=\"og:title\" content=\"EL GOBIERNO EVAL\u00daA DECLARAR A LA EDUCACI\u00d3N COMO UN SERVICIO ESENCIAL PARA EVITAR LOS PAROS DOCENTES - Apuntes de San Luis\" \/>\n<meta property=\"og:description\" content=\"El vocero presidencial, Manuel Adorni, adelant\u00f3 que el Gobierno eval\u00faa declarar la educaci\u00f3n como un...\" \/>\n<meta property=\"og:url\" content=\"https:\/\/apuntesdesanluis.com\/index.php\/2024\/02\/20\/el-gobierno-evalua-declarar-a-la-educacion-como-un-servicio-esencial-para-evitar-los-paros-docentes\/\" \/>\n<meta property=\"og:site_name\" content=\"Apuntes de San Luis\" \/>\n<meta property=\"article:published_time\" content=\"2024-02-21T01:05:04+00:00\" \/>\n<meta property=\"og:image\" content=\"https:\/\/apuntesdesanluis.com\/wp-content\/uploads\/2024\/02\/ALUMNOS.png\" \/>\n\t<meta property=\"og:image:width\" content=\"693\" \/>\n\t<meta property=\"og:image:height\" content=\"452\" \/>\n\t<meta property=\"og:image:type\" content=\"image\/png\" \/>\n<meta name=\"author\" content=\"apuntesdesanluis.com\" \/>\n<meta name=\"twitter:card\" content=\"summary_large_image\" \/>\n<meta name=\"twitter:label1\" content=\"Escrito por\" \/>\n\t<meta name=\"twitter:data1\" content=\"apuntesdesanluis.com\" \/>\n\t<meta name=\"twitter:label2\" content=\"Tiempo de lectura\" \/>\n\t<meta name=\"twitter:data2\" content=\"2 minutos\" \/>\n<script type=\"application\/ld+json\" class=\"yoast-schema-graph\">{\"@context\":\"https:\/\/schema.org\",\"@graph\":[{\"@type\":\"Article\",\"@id\":\"https:\/\/apuntesdesanluis.com\/index.php\/2024\/02\/20\/el-gobierno-evalua-declarar-a-la-educacion-como-un-servicio-esencial-para-evitar-los-paros-docentes\/#article\",\"isPartOf\":{\"@id\":\"https:\/\/apuntesdesanluis.com\/index.php\/2024\/02\/20\/el-gobierno-evalua-declarar-a-la-educacion-como-un-servicio-esencial-para-evitar-los-paros-docentes\/\"},\"author\":{\"name\":\"apuntesdesanluis.com\",\"@id\":\"https:\/\/apuntesdesanluis.com\/#\/schema\/person\/b55151d52296fcce64d1a72538a70b90\"},\"headline\":\"EL GOBIERNO EVAL\u00daA DECLARAR A LA EDUCACI\u00d3N COMO UN SERVICIO ESENCIAL PARA EVITAR LOS PAROS DOCENTES\",\"datePublished\":\"2024-02-21T01:05:04+00:00\",\"mainEntityOfPage\":{\"@id\":\"https:\/\/apuntesdesanluis.com\/index.php\/2024\/02\/20\/el-gobierno-evalua-declarar-a-la-educacion-como-un-servicio-esencial-para-evitar-los-paros-docentes\/\"},\"wordCount\":398,\"publisher\":{\"@id\":\"https:\/\/apuntesdesanluis.com\/#\/schema\/person\/b55151d52296fcce64d1a72538a70b90\"},\"image\":{\"@id\":\"https:\/\/apuntesdesanluis.com\/index.php\/2024\/02\/20\/el-gobierno-evalua-declarar-a-la-educacion-como-un-servicio-esencial-para-evitar-los-paros-docentes\/#primaryimage\"},\"thumbnailUrl\":\"https:\/\/apuntesdesanluis.com\/wp-content\/uploads\/2024\/02\/ALUMNOS.png\",\"articleSection\":[\"Nacionales\/Internacionales\"],\"inLanguage\":\"es-AR\"},{\"@type\":\"WebPage\",\"@id\":\"https:\/\/apuntesdesanluis.com\/index.php\/2024\/02\/20\/el-gobierno-evalua-declarar-a-la-educacion-como-un-servicio-esencial-para-evitar-los-paros-docentes\/\",\"url\":\"https:\/\/apuntesdesanluis.com\/index.php\/2024\/02\/20\/el-gobierno-evalua-declarar-a-la-educacion-como-un-servicio-esencial-para-evitar-los-paros-docentes\/\",\"name\":\"EL GOBIERNO EVAL\u00daA DECLARAR A LA EDUCACI\u00d3N COMO UN SERVICIO ESENCIAL PARA EVITAR LOS PAROS DOCENTES - Apuntes de San Luis\",\"isPartOf\":{\"@id\":\"https:\/\/apuntesdesanluis.com\/#website\"},\"primaryImageOfPage\":{\"@id\":\"https:\/\/apuntesdesanluis.com\/index.php\/2024\/02\/20\/el-gobierno-evalua-declarar-a-la-educacion-como-un-servicio-esencial-para-evitar-los-paros-docentes\/#primaryimage\"},\"image\":{\"@id\":\"https:\/\/apuntesdesanluis.com\/index.php\/2024\/02\/20\/el-gobierno-evalua-declarar-a-la-educacion-como-un-servicio-esencial-para-evitar-los-paros-docentes\/#primaryimage\"},\"thumbnailUrl\":\"https:\/\/apuntesdesanluis.com\/wp-content\/uploads\/2024\/02\/ALUMNOS.png\",\"datePublished\":\"2024-02-21T01:05:04+00:00\",\"breadcrumb\":{\"@id\":\"https:\/\/apuntesdesanluis.com\/index.php\/2024\/02\/20\/el-gobierno-evalua-declarar-a-la-educacion-como-un-servicio-esencial-para-evitar-los-paros-docentes\/#breadcrumb\"},\"inLanguage\":\"es-AR\",\"potentialAction\":[{\"@type\":\"ReadAction\",\"target\":[\"https:\/\/apuntesdesanluis.com\/index.php\/2024\/02\/20\/el-gobierno-evalua-declarar-a-la-educacion-como-un-servicio-esencial-para-evitar-los-paros-docentes\/\"]}]},{\"@type\":\"ImageObject\",\"inLanguage\":\"es-AR\",\"@id\":\"https:\/\/apuntesdesanluis.com\/index.php\/2024\/02\/20\/el-gobierno-evalua-declarar-a-la-educacion-como-un-servicio-esencial-para-evitar-los-paros-docentes\/#primaryimage\",\"url\":\"https:\/\/apuntesdesanluis.com\/wp-content\/uploads\/2024\/02\/ALUMNOS.png\",\"contentUrl\":\"https:\/\/apuntesdesanluis.com\/wp-content\/uploads\/2024\/02\/ALUMNOS.png\",\"width\":693,\"height\":452},{\"@type\":\"BreadcrumbList\",\"@id\":\"https:\/\/apuntesdesanluis.com\/index.php\/2024\/02\/20\/el-gobierno-evalua-declarar-a-la-educacion-como-un-servicio-esencial-para-evitar-los-paros-docentes\/#breadcrumb\",\"itemListElement\":[{\"@type\":\"ListItem\",\"position\":1,\"name\":\"Inicio\",\"item\":\"https:\/\/apuntesdesanluis.com\/\"},{\"@type\":\"ListItem\",\"position\":2,\"name\":\"EL GOBIERNO EVAL\u00daA DECLARAR A LA EDUCACI\u00d3N COMO UN SERVICIO ESENCIAL PARA EVITAR LOS PAROS DOCENTES\"}]},{\"@type\":\"WebSite\",\"@id\":\"https:\/\/apuntesdesanluis.com\/#website\",\"url\":\"https:\/\/apuntesdesanluis.com\/\",\"name\":\"Apuntes de San Luis\",\"description\":\"\",\"publisher\":{\"@id\":\"https:\/\/apuntesdesanluis.com\/#\/schema\/person\/b55151d52296fcce64d1a72538a70b90\"},\"potentialAction\":[{\"@type\":\"SearchAction\",\"target\":{\"@type\":\"EntryPoint\",\"urlTemplate\":\"https:\/\/apuntesdesanluis.com\/?s={search_term_string}\"},\"query-input\":{\"@type\":\"PropertyValueSpecification\",\"valueRequired\":true,\"valueName\":\"search_term_string\"}}],\"inLanguage\":\"es-AR\"},{\"@type\":[\"Person\",\"Organization\"],\"@id\":\"https:\/\/apuntesdesanluis.com\/#\/schema\/person\/b55151d52296fcce64d1a72538a70b90\",\"name\":\"apuntesdesanluis.com\",\"image\":{\"@type\":\"ImageObject\",\"inLanguage\":\"es-AR\",\"@id\":\"https:\/\/apuntesdesanluis.com\/#\/schema\/person\/image\/\",\"url\":\"https:\/\/apuntesdesanluis.com\/wp-content\/uploads\/2023\/07\/cropped-apuntesdesanluis.png\",\"contentUrl\":\"https:\/\/apuntesdesanluis.com\/wp-content\/uploads\/2023\/07\/cropped-apuntesdesanluis.png\",\"width\":450,\"height\":112,\"caption\":\"apuntesdesanluis.com\"},\"logo\":{\"@id\":\"https:\/\/apuntesdesanluis.com\/#\/schema\/person\/image\/\"},\"sameAs\":[\"https:\/\/apuntesdesanluis.com\"],\"url\":\"https:\/\/apuntesdesanluis.com\/index.php\/author\/apuntesdesanluis-com\/\"}]}<\/script>\n<!-- \/ Yoast SEO plugin. -->","yoast_head_json":{"title":"EL GOBIERNO EVAL\u00daA DECLARAR A LA EDUCACI\u00d3N COMO UN SERVICIO ESENCIAL PARA EVITAR LOS PAROS DOCENTES - Apuntes de San Luis","robots":{"index":"index","follow":"follow","max-snippet":"max-snippet:-1","max-image-preview":"max-image-preview:large","max-video-preview":"max-video-preview:-1"},"canonical":"https:\/\/apuntesdesanluis.com\/index.php\/2024\/02\/20\/el-gobierno-evalua-declarar-a-la-educacion-como-un-servicio-esencial-para-evitar-los-paros-docentes\/","og_locale":"es_ES","og_type":"article","og_title":"EL GOBIERNO EVAL\u00daA DECLARAR A LA EDUCACI\u00d3N COMO UN SERVICIO ESENCIAL PARA EVITAR LOS PAROS DOCENTES - Apuntes de San Luis","og_description":"El vocero presidencial, Manuel Adorni, adelant\u00f3 que el Gobierno eval\u00faa declarar la educaci\u00f3n como un...","og_url":"https:\/\/apuntesdesanluis.com\/index.php\/2024\/02\/20\/el-gobierno-evalua-declarar-a-la-educacion-como-un-servicio-esencial-para-evitar-los-paros-docentes\/","og_site_name":"Apuntes de San Luis","article_published_time":"2024-02-21T01:05:04+00:00","og_image":[{"width":693,"height":452,"url":"https:\/\/apuntesdesanluis.com\/wp-content\/uploads\/2024\/02\/ALUMNOS.png","type":"image\/png"}],"author":"apuntesdesanluis.com","twitter_card":"summary_large_image","twitter_misc":{"Escrito por":"apuntesdesanluis.com","Tiempo de lectura":"2 minutos"},"schema":{"@context":"https:\/\/schema.org","@graph":[{"@type":"Article","@id":"https:\/\/apuntesdesanluis.com\/index.php\/2024\/02\/20\/el-gobierno-evalua-declarar-a-la-educacion-como-un-servicio-esencial-para-evitar-los-paros-docentes\/#article","isPartOf":{"@id":"https:\/\/apuntesdesanluis.com\/index.php\/2024\/02\/20\/el-gobierno-evalua-declarar-a-la-educacion-como-un-servicio-esencial-para-evitar-los-paros-docentes\/"},"author":{"name":"apuntesdesanluis.com","@id":"https:\/\/apuntesdesanluis.com\/#\/schema\/person\/b55151d52296fcce64d1a72538a70b90"},"headline":"EL GOBIERNO EVAL\u00daA DECLARAR A LA EDUCACI\u00d3N COMO UN SERVICIO ESENCIAL PARA EVITAR LOS PAROS DOCENTES","datePublished":"2024-02-21T01:05:04+00:00","mainEntityOfPage":{"@id":"https:\/\/apuntesdesanluis.com\/index.php\/2024\/02\/20\/el-gobierno-evalua-declarar-a-la-educacion-como-un-servicio-esencial-para-evitar-los-paros-docentes\/"},"wordCount":398,"publisher":{"@id":"https:\/\/apuntesdesanluis.com\/#\/schema\/person\/b55151d52296fcce64d1a72538a70b90"},"image":{"@id":"https:\/\/apuntesdesanluis.com\/index.php\/2024\/02\/20\/el-gobierno-evalua-declarar-a-la-educacion-como-un-servicio-esencial-para-evitar-los-paros-docentes\/#primaryimage"},"thumbnailUrl":"https:\/\/apuntesdesanluis.com\/wp-content\/uploads\/2024\/02\/ALUMNOS.png","articleSection":["Nacionales\/Internacionales"],"inLanguage":"es-AR"},{"@type":"WebPage","@id":"https:\/\/apuntesdesanluis.com\/index.php\/2024\/02\/20\/el-gobierno-evalua-declarar-a-la-educacion-como-un-servicio-esencial-para-evitar-los-paros-docentes\/","url":"https:\/\/apuntesdesanluis.com\/index.php\/2024\/02\/20\/el-gobierno-evalua-declarar-a-la-educacion-como-un-servicio-esencial-para-evitar-los-paros-docentes\/","name":"EL GOBIERNO EVAL\u00daA DECLARAR A LA EDUCACI\u00d3N COMO UN SERVICIO ESENCIAL PARA EVITAR LOS PAROS DOCENTES - Apuntes de San Luis","isPartOf":{"@id":"https:\/\/apuntesdesanluis.com\/#website"},"primaryImageOfPage":{"@id":"https:\/\/apuntesdesanluis.com\/index.php\/2024\/02\/20\/el-gobierno-evalua-declarar-a-la-educacion-como-un-servicio-esencial-para-evitar-los-paros-docentes\/#primaryimage"},"image":{"@id":"https:\/\/apuntesdesanluis.com\/index.php\/2024\/02\/20\/el-gobierno-evalua-declarar-a-la-educacion-como-un-servicio-esencial-para-evitar-los-paros-docentes\/#primaryimage"},"thumbnailUrl":"https:\/\/apuntesdesanluis.com\/wp-content\/uploads\/2024\/02\/ALUMNOS.png","datePublished":"2024-02-21T01:05:04+00:00","breadcrumb":{"@id":"https:\/\/apuntesdesanluis.com\/index.php\/2024\/02\/20\/el-gobierno-evalua-declarar-a-la-educacion-como-un-servicio-esencial-para-evitar-los-paros-docentes\/#breadcrumb"},"inLanguage":"es-AR","potentialAction":[{"@type":"ReadAction","target":["https:\/\/apuntesdesanluis.com\/index.php\/2024\/02\/20\/el-gobierno-evalua-declarar-a-la-educacion-como-un-servicio-esencial-para-evitar-los-paros-docentes\/"]}]},{"@type":"ImageObject","inLanguage":"es-AR","@id":"https:\/\/apuntesdesanluis.com\/index.php\/2024\/02\/20\/el-gobierno-evalua-declarar-a-la-educacion-como-un-servicio-esencial-para-evitar-los-paros-docentes\/#primaryimage","url":"https:\/\/apuntesdesanluis.com\/wp-content\/uploads\/2024\/02\/ALUMNOS.png","contentUrl":"https:\/\/apuntesdesanluis.com\/wp-content\/uploads\/2024\/02\/ALUMNOS.png","width":693,"height":452},{"@type":"BreadcrumbList","@id":"https:\/\/apuntesdesanluis.com\/index.php\/2024\/02\/20\/el-gobierno-evalua-declarar-a-la-educacion-como-un-servicio-esencial-para-evitar-los-paros-docentes\/#breadcrumb","itemListElement":[{"@type":"ListItem","position":1,"name":"Inicio","item":"https:\/\/apuntesdesanluis.com\/"},{"@type":"ListItem","position":2,"name":"EL GOBIERNO EVAL\u00daA DECLARAR A LA EDUCACI\u00d3N COMO UN SERVICIO ESENCIAL PARA EVITAR LOS PAROS DOCENTES"}]},{"@type":"WebSite","@id":"https:\/\/apuntesdesanluis.com\/#website","url":"https:\/\/apuntesdesanluis.com\/","name":"Apuntes de San Luis","description":"","publisher":{"@id":"https:\/\/apuntesdesanluis.com\/#\/schema\/person\/b55151d52296fcce64d1a72538a70b90"},"potentialAction":[{"@type":"SearchAction","target":{"@type":"EntryPoint","urlTemplate":"https:\/\/apuntesdesanluis.com\/?s={search_term_string}"},"query-input":{"@type":"PropertyValueSpecification","valueRequired":true,"valueName":"search_term_string"}}],"inLanguage":"es-AR"},{"@type":["Person","Organization"],"@id":"https:\/\/apuntesdesanluis.com\/#\/schema\/person\/b55151d52296fcce64d1a72538a70b90","name":"apuntesdesanluis.com","image":{"@type":"ImageObject","inLanguage":"es-AR","@id":"https:\/\/apuntesdesanluis.com\/#\/schema\/person\/image\/","url":"https:\/\/apuntesdesanluis.com\/wp-content\/uploads\/2023\/07\/cropped-apuntesdesanluis.png","contentUrl":"https:\/\/apuntesdesanluis.com\/wp-content\/uploads\/2023\/07\/cropped-apuntesdesanluis.png","width":450,"height":112,"caption":"apuntesdesanluis.com"},"logo":{"@id":"https:\/\/apuntesdesanluis.com\/#\/schema\/person\/image\/"},"sameAs":["https:\/\/apuntesdesanluis.com"],"url":"https:\/\/apuntesdesanluis.com\/index.php\/author\/apuntesdesanluis-com\/"}]}},"featured_image_urls":{"full":["https:\/\/apuntesdesanluis.com\/wp-content\/uploads\/2024\/02\/ALUMNOS.png",693,452,false],"thumbnail":["https:\/\/apuntesdesanluis.com\/wp-content\/uploads\/2024\/02\/ALUMNOS-150x150.png",150,150,true],"medium":["https:\/\/apuntesdesanluis.com\/wp-content\/uploads\/2024\/02\/ALUMNOS-300x196.png",300,196,true],"medium_large":["https:\/\/apuntesdesanluis.com\/wp-content\/uploads\/2024\/02\/ALUMNOS.png",640,417,false],"large":["https:\/\/apuntesdesanluis.com\/wp-content\/uploads\/2024\/02\/ALUMNOS.png",640,417,false],"1536x1536":["https:\/\/apuntesdesanluis.com\/wp-content\/uploads\/2024\/02\/ALUMNOS.png",693,452,false],"2048x2048":["https:\/\/apuntesdesanluis.com\/wp-content\/uploads\/2024\/02\/ALUMNOS.png",693,452,false],"newsever-slider-full":["https:\/\/apuntesdesanluis.com\/wp-content\/uploads\/2024\/02\/ALUMNOS.png",693,452,false],"newsever-featured":["https:\/\/apuntesdesanluis.com\/wp-content\/uploads\/2024\/02\/ALUMNOS.png",693,452,false],"newsever-medium":["https:\/\/apuntesdesanluis.com\/wp-content\/uploads\/2024\/02\/ALUMNOS.png",693,452,false]},"author_info":{"display_name":"apuntesdesanluis.com","author_link":"https:\/\/apuntesdesanluis.com\/index.php\/author\/apuntesdesanluis-com\/"},"category_info":"<a href=\"https:\/\/apuntesdesanluis.com\/index.php\/category\/nacionales-internacionales\/\" rel=\"category tag\">Nacionales\/Internacionales<\/a>","tag_info":"Nacionales\/Internacionales","comment_count":"0","_links":{"self":[{"href":"https:\/\/apuntesdesanluis.com\/index.php\/wp-json\/wp\/v2\/posts\/12022","targetHints":{"allow":["GET"]}}],"collection":[{"href":"https:\/\/apuntesdesanluis.com\/index.php\/wp-json\/wp\/v2\/posts"}],"about":[{"href":"https:\/\/apuntesdesanluis.com\/index.php\/wp-json\/wp\/v2\/types\/post"}],"author":[{"embeddable":true,"href":"https:\/\/apuntesdesanluis.com\/index.php\/wp-json\/wp\/v2\/users\/1"}],"replies":[{"embeddable":true,"href":"https:\/\/apuntesdesanluis.com\/index.php\/wp-json\/wp\/v2\/comments?post=12022"}],"version-history":[{"count":1,"href":"https:\/\/apuntesdesanluis.com\/index.php\/wp-json\/wp\/v2\/posts\/12022\/revisions"}],"predecessor-version":[{"id":12024,"href":"https:\/\/apuntesdesanluis.com\/index.php\/wp-json\/wp\/v2\/posts\/12022\/revisions\/12024"}],"wp:featuredmedia":[{"embeddable":true,"href":"https:\/\/apuntesdesanluis.com\/index.php\/wp-json\/wp\/v2\/media\/12023"}],"wp:attachment":[{"href":"https:\/\/apuntesdesanluis.com\/index.php\/wp-json\/wp\/v2\/media?parent=12022"}],"wp:term":[{"taxonomy":"category","embeddable":true,"href":"https:\/\/apuntesdesanluis.com\/index.php\/wp-json\/wp\/v2\/categories?post=12022"},{"taxonomy":"post_tag","embeddable":true,"href":"https:\/\/apuntesdesanluis.com\/index.php\/wp-json\/wp\/v2\/tags?post=12022"}],"curies":[{"name":"wp","href":"https:\/\/api.w.org\/{rel}","templated":true}]}}