{"id":12045,"date":"2024-02-21T00:37:40","date_gmt":"2024-02-21T03:37:40","guid":{"rendered":"https:\/\/apuntesdesanluis.com\/?p=12045"},"modified":"2024-02-21T00:37:40","modified_gmt":"2024-02-21T03:37:40","slug":"la-subdirectora-gerente-del-fmi-llega-al-pais-para-analizar-la-marcha-de-la-economia","status":"publish","type":"post","link":"https:\/\/apuntesdesanluis.com\/index.php\/2024\/02\/21\/la-subdirectora-gerente-del-fmi-llega-al-pais-para-analizar-la-marcha-de-la-economia\/","title":{"rendered":"LA SUBDIRECTORA GERENTE DEL FMI LLEGA AL PA\u00cdS PARA ANALIZAR LA MARCHA DE LA ECONOM\u00cdA"},"content":{"rendered":"<h3>La primera subdirectora gerente del Fondo Monetario Internacional (FMI), <strong>Gita Gopinath<\/strong>, viajar\u00e1 a la Argentina esta semana para reunirse con funcionarios del Gobierno a fin de conocer los dif\u00edciles retos econ\u00f3micos y sociales que atraviesa el pa\u00eds, \u201cas\u00ed como su enorme potencial\u201d.<\/h3>\n<h3>El anuncio de la visita fue realizado por el propio FMI a trav\u00e9s de su cuenta en la red social X. Hasta el momento, no se pudo confirmar la fecha de arribo en fuentes oficiales.<\/h3>\n<h3>El organismo inform\u00f3 que Gopinath &#8220;viajar\u00e1 a Argentina esta semana para reunirse con funcionarios del Gobierno y otras personas a fin de conocer los dif\u00edciles retos econ\u00f3micos y sociales de Argentina, as\u00ed como su enorme potencial&#8221;.<\/h3>\n<h3>El de esta semana ser\u00e1 el segundo encuentro personal que Gopinath mantendr\u00e1 con funcionarios del actual Gobierno, luego de la reuni\u00f3n celebrada con el jefe de Gabinete, Nicol\u00e1s Posse, y el ministro de Econom\u00eda, Luis Caputo, en el marco de la cumbre de Davos, Suiza.<\/h3>\n<h3>\u00a0Aquel encuentro fue previo al di\u00e1logo que mantuvieron tambi\u00e9n all\u00ed, el presidente Javier Milei con la directora gerente del FMI, Kristalina Georgieva, quien en declaraciones p\u00fablicas expres\u00f3 que se observan \u201cprogresos en todos los frentes\u201d de la econom\u00eda argentina.<\/h3>\n<h3>El FMI, tras esa serie de encuentros, aprob\u00f3 a fines de enero el desembolso de US$ 4.700 millones, con los que Argentina podr\u00e1 pagar los vencimientos de deuda que mantiene el organismo hasta abril inclusive.<\/h3>\n<h3>Argentina tambi\u00e9n se comprometi\u00f3 ante el organismo en eliminar el d\u00e9ficit fiscal, algo que logr\u00f3 en enero cuando obtuvo un super\u00e1vit de poco m\u00e1s de $ 5.000 millones, luego del pago de los intereses de la deuda.<\/h3>\n<h3>En este sentido, el ministro de Econom\u00eda, Luis Caputo destac\u00f3 este lunes que \u201cno hay antecedente mundial de una reducci\u00f3n de cinco puntos de d\u00e9ficit en un mes\u201d, como el que obtuvo el gobierno durante enero.<\/h3>\n<h3>Adem\u00e1s, inform\u00f3 que hubo que &#8220;recomponer el balance del Banco Central\u201d que incluy\u00f3, entre otras medidas, la compra de US$ 7.000 millones, una de las metas comprometidas con el FMI.<\/h3>\n<h3>Con el giro de fondos de comienzos de mes, el FMI expres\u00f3 el respaldo al cambio de rumbo en la pol\u00edtica econ\u00f3mica implementada por el presidente Javier Milei, aunque advirti\u00f3 que habr\u00e1 una &#8220;estanflaci\u00f3n&#8221;, recesi\u00f3n e inflaci\u00f3n, a corto plazo.<\/h3>\n<h3>Este a\u00f1o, &#8220;la inflaci\u00f3n se acelerar\u00e1 a corto plazo a medida que se vayan deshaciendo los desajustes de los precios relativos y otros controles de precios, aunque se espera que la desinflaci\u00f3n se inicie poco despu\u00e9s, sobre la base de la aplicaci\u00f3n de pol\u00edticas restrictivas&#8221;, destac\u00f3 el Fondo.<\/h3>\n<h3>En paralelo, el FMI estim\u00f3 una inflaci\u00f3n promedio del 230% y del 150% a fin de a\u00f1o, y una ca\u00edda de la econom\u00eda del 2,8%, en su \u00faltima revisi\u00f3n de Perspectivas Econ\u00f3micas Mundiales, conocida a comienzos de mes.<\/h3>\n<p>&nbsp;<\/p>\n<p>&nbsp;<\/p>\n<p>&nbsp;<\/p>\n<p>&nbsp;<\/p>\n<p>&nbsp;<\/p>\n<p>&nbsp;<\/p>\n<p>&nbsp;<\/p>\n","protected":false},"excerpt":{"rendered":"<p>La primera subdirectora gerente del Fondo Monetario Internacional (FMI), Gita Gopinath, viajar\u00e1 a la Argentina&#8230;<\/p>\n","protected":false},"author":1,"featured_media":12046,"comment_status":"closed","ping_status":"closed","sticky":false,"template":"","format":"standard","meta":{"footnotes":""},"categories":[5],"tags":[],"class_list":["post-12045","post","type-post","status-publish","format-standard","has-post-thumbnail","hentry","category-nacionales-internacionales"],"yoast_head":"<!-- This site is optimized with the Yoast SEO plugin v26.1.1 - https:\/\/yoast.com\/wordpress\/plugins\/seo\/ -->\n<title>LA SUBDIRECTORA GERENTE DEL FMI LLEGA AL PA\u00cdS PARA ANALIZAR LA MARCHA DE LA ECONOM\u00cdA - Apuntes de San Luis<\/title>\n<meta name=\"robots\" content=\"index, follow, max-snippet:-1, max-image-preview:large, max-video-preview:-1\" \/>\n<link rel=\"canonical\" href=\"https:\/\/apuntesdesanluis.com\/index.php\/2024\/02\/21\/la-subdirectora-gerente-del-fmi-llega-al-pais-para-analizar-la-marcha-de-la-economia\/\" \/>\n<meta property=\"og:locale\" content=\"es_ES\" \/>\n<meta property=\"og:type\" content=\"article\" \/>\n<meta property=\"og:title\" content=\"LA SUBDIRECTORA GERENTE DEL FMI LLEGA AL PA\u00cdS PARA ANALIZAR LA MARCHA DE LA ECONOM\u00cdA - Apuntes de San Luis\" \/>\n<meta property=\"og:description\" content=\"La primera subdirectora gerente del Fondo Monetario Internacional (FMI), Gita Gopinath, viajar\u00e1 a la Argentina...\" \/>\n<meta property=\"og:url\" content=\"https:\/\/apuntesdesanluis.com\/index.php\/2024\/02\/21\/la-subdirectora-gerente-del-fmi-llega-al-pais-para-analizar-la-marcha-de-la-economia\/\" \/>\n<meta property=\"og:site_name\" content=\"Apuntes de San Luis\" \/>\n<meta property=\"article:published_time\" content=\"2024-02-21T03:37:40+00:00\" \/>\n<meta property=\"og:image\" content=\"https:\/\/apuntesdesanluis.com\/wp-content\/uploads\/2024\/02\/rita-fmi.png\" \/>\n\t<meta property=\"og:image:width\" content=\"600\" \/>\n\t<meta property=\"og:image:height\" content=\"345\" \/>\n\t<meta property=\"og:image:type\" content=\"image\/png\" \/>\n<meta name=\"author\" content=\"apuntesdesanluis.com\" \/>\n<meta name=\"twitter:card\" content=\"summary_large_image\" \/>\n<meta name=\"twitter:label1\" content=\"Escrito por\" \/>\n\t<meta name=\"twitter:data1\" content=\"apuntesdesanluis.com\" \/>\n\t<meta name=\"twitter:label2\" content=\"Tiempo de lectura\" \/>\n\t<meta name=\"twitter:data2\" content=\"3 minutos\" \/>\n<script type=\"application\/ld+json\" class=\"yoast-schema-graph\">{\"@context\":\"https:\/\/schema.org\",\"@graph\":[{\"@type\":\"Article\",\"@id\":\"https:\/\/apuntesdesanluis.com\/index.php\/2024\/02\/21\/la-subdirectora-gerente-del-fmi-llega-al-pais-para-analizar-la-marcha-de-la-economia\/#article\",\"isPartOf\":{\"@id\":\"https:\/\/apuntesdesanluis.com\/index.php\/2024\/02\/21\/la-subdirectora-gerente-del-fmi-llega-al-pais-para-analizar-la-marcha-de-la-economia\/\"},\"author\":{\"name\":\"apuntesdesanluis.com\",\"@id\":\"https:\/\/apuntesdesanluis.com\/#\/schema\/person\/b55151d52296fcce64d1a72538a70b90\"},\"headline\":\"LA SUBDIRECTORA GERENTE DEL FMI LLEGA AL PA\u00cdS PARA ANALIZAR LA MARCHA DE LA ECONOM\u00cdA\",\"datePublished\":\"2024-02-21T03:37:40+00:00\",\"mainEntityOfPage\":{\"@id\":\"https:\/\/apuntesdesanluis.com\/index.php\/2024\/02\/21\/la-subdirectora-gerente-del-fmi-llega-al-pais-para-analizar-la-marcha-de-la-economia\/\"},\"wordCount\":516,\"publisher\":{\"@id\":\"https:\/\/apuntesdesanluis.com\/#\/schema\/person\/b55151d52296fcce64d1a72538a70b90\"},\"image\":{\"@id\":\"https:\/\/apuntesdesanluis.com\/index.php\/2024\/02\/21\/la-subdirectora-gerente-del-fmi-llega-al-pais-para-analizar-la-marcha-de-la-economia\/#primaryimage\"},\"thumbnailUrl\":\"https:\/\/apuntesdesanluis.com\/wp-content\/uploads\/2024\/02\/rita-fmi.png\",\"articleSection\":[\"Nacionales\/Internacionales\"],\"inLanguage\":\"es-AR\"},{\"@type\":\"WebPage\",\"@id\":\"https:\/\/apuntesdesanluis.com\/index.php\/2024\/02\/21\/la-subdirectora-gerente-del-fmi-llega-al-pais-para-analizar-la-marcha-de-la-economia\/\",\"url\":\"https:\/\/apuntesdesanluis.com\/index.php\/2024\/02\/21\/la-subdirectora-gerente-del-fmi-llega-al-pais-para-analizar-la-marcha-de-la-economia\/\",\"name\":\"LA SUBDIRECTORA GERENTE DEL FMI LLEGA AL PA\u00cdS PARA ANALIZAR LA MARCHA DE LA ECONOM\u00cdA - Apuntes de San Luis\",\"isPartOf\":{\"@id\":\"https:\/\/apuntesdesanluis.com\/#website\"},\"primaryImageOfPage\":{\"@id\":\"https:\/\/apuntesdesanluis.com\/index.php\/2024\/02\/21\/la-subdirectora-gerente-del-fmi-llega-al-pais-para-analizar-la-marcha-de-la-economia\/#primaryimage\"},\"image\":{\"@id\":\"https:\/\/apuntesdesanluis.com\/index.php\/2024\/02\/21\/la-subdirectora-gerente-del-fmi-llega-al-pais-para-analizar-la-marcha-de-la-economia\/#primaryimage\"},\"thumbnailUrl\":\"https:\/\/apuntesdesanluis.com\/wp-content\/uploads\/2024\/02\/rita-fmi.png\",\"datePublished\":\"2024-02-21T03:37:40+00:00\",\"breadcrumb\":{\"@id\":\"https:\/\/apuntesdesanluis.com\/index.php\/2024\/02\/21\/la-subdirectora-gerente-del-fmi-llega-al-pais-para-analizar-la-marcha-de-la-economia\/#breadcrumb\"},\"inLanguage\":\"es-AR\",\"potentialAction\":[{\"@type\":\"ReadAction\",\"target\":[\"https:\/\/apuntesdesanluis.com\/index.php\/2024\/02\/21\/la-subdirectora-gerente-del-fmi-llega-al-pais-para-analizar-la-marcha-de-la-economia\/\"]}]},{\"@type\":\"ImageObject\",\"inLanguage\":\"es-AR\",\"@id\":\"https:\/\/apuntesdesanluis.com\/index.php\/2024\/02\/21\/la-subdirectora-gerente-del-fmi-llega-al-pais-para-analizar-la-marcha-de-la-economia\/#primaryimage\",\"url\":\"https:\/\/apuntesdesanluis.com\/wp-content\/uploads\/2024\/02\/rita-fmi.png\",\"contentUrl\":\"https:\/\/apuntesdesanluis.com\/wp-content\/uploads\/2024\/02\/rita-fmi.png\",\"width\":600,\"height\":345},{\"@type\":\"BreadcrumbList\",\"@id\":\"https:\/\/apuntesdesanluis.com\/index.php\/2024\/02\/21\/la-subdirectora-gerente-del-fmi-llega-al-pais-para-analizar-la-marcha-de-la-economia\/#breadcrumb\",\"itemListElement\":[{\"@type\":\"ListItem\",\"position\":1,\"name\":\"Inicio\",\"item\":\"https:\/\/apuntesdesanluis.com\/\"},{\"@type\":\"ListItem\",\"position\":2,\"name\":\"LA SUBDIRECTORA GERENTE DEL FMI LLEGA AL PA\u00cdS PARA ANALIZAR LA MARCHA DE LA ECONOM\u00cdA\"}]},{\"@type\":\"WebSite\",\"@id\":\"https:\/\/apuntesdesanluis.com\/#website\",\"url\":\"https:\/\/apuntesdesanluis.com\/\",\"name\":\"Apuntes de San Luis\",\"description\":\"\",\"publisher\":{\"@id\":\"https:\/\/apuntesdesanluis.com\/#\/schema\/person\/b55151d52296fcce64d1a72538a70b90\"},\"potentialAction\":[{\"@type\":\"SearchAction\",\"target\":{\"@type\":\"EntryPoint\",\"urlTemplate\":\"https:\/\/apuntesdesanluis.com\/?s={search_term_string}\"},\"query-input\":{\"@type\":\"PropertyValueSpecification\",\"valueRequired\":true,\"valueName\":\"search_term_string\"}}],\"inLanguage\":\"es-AR\"},{\"@type\":[\"Person\",\"Organization\"],\"@id\":\"https:\/\/apuntesdesanluis.com\/#\/schema\/person\/b55151d52296fcce64d1a72538a70b90\",\"name\":\"apuntesdesanluis.com\",\"image\":{\"@type\":\"ImageObject\",\"inLanguage\":\"es-AR\",\"@id\":\"https:\/\/apuntesdesanluis.com\/#\/schema\/person\/image\/\",\"url\":\"https:\/\/apuntesdesanluis.com\/wp-content\/uploads\/2023\/07\/cropped-apuntesdesanluis.png\",\"contentUrl\":\"https:\/\/apuntesdesanluis.com\/wp-content\/uploads\/2023\/07\/cropped-apuntesdesanluis.png\",\"width\":450,\"height\":112,\"caption\":\"apuntesdesanluis.com\"},\"logo\":{\"@id\":\"https:\/\/apuntesdesanluis.com\/#\/schema\/person\/image\/\"},\"sameAs\":[\"https:\/\/apuntesdesanluis.com\"],\"url\":\"https:\/\/apuntesdesanluis.com\/index.php\/author\/apuntesdesanluis-com\/\"}]}<\/script>\n<!-- \/ Yoast SEO plugin. -->","yoast_head_json":{"title":"LA SUBDIRECTORA GERENTE DEL FMI LLEGA AL PA\u00cdS PARA ANALIZAR LA MARCHA DE LA ECONOM\u00cdA - Apuntes de San Luis","robots":{"index":"index","follow":"follow","max-snippet":"max-snippet:-1","max-image-preview":"max-image-preview:large","max-video-preview":"max-video-preview:-1"},"canonical":"https:\/\/apuntesdesanluis.com\/index.php\/2024\/02\/21\/la-subdirectora-gerente-del-fmi-llega-al-pais-para-analizar-la-marcha-de-la-economia\/","og_locale":"es_ES","og_type":"article","og_title":"LA SUBDIRECTORA GERENTE DEL FMI LLEGA AL PA\u00cdS PARA ANALIZAR LA MARCHA DE LA ECONOM\u00cdA - Apuntes de San Luis","og_description":"La primera subdirectora gerente del Fondo Monetario Internacional (FMI), Gita Gopinath, viajar\u00e1 a la Argentina...","og_url":"https:\/\/apuntesdesanluis.com\/index.php\/2024\/02\/21\/la-subdirectora-gerente-del-fmi-llega-al-pais-para-analizar-la-marcha-de-la-economia\/","og_site_name":"Apuntes de San Luis","article_published_time":"2024-02-21T03:37:40+00:00","og_image":[{"width":600,"height":345,"url":"https:\/\/apuntesdesanluis.com\/wp-content\/uploads\/2024\/02\/rita-fmi.png","type":"image\/png"}],"author":"apuntesdesanluis.com","twitter_card":"summary_large_image","twitter_misc":{"Escrito por":"apuntesdesanluis.com","Tiempo de lectura":"3 minutos"},"schema":{"@context":"https:\/\/schema.org","@graph":[{"@type":"Article","@id":"https:\/\/apuntesdesanluis.com\/index.php\/2024\/02\/21\/la-subdirectora-gerente-del-fmi-llega-al-pais-para-analizar-la-marcha-de-la-economia\/#article","isPartOf":{"@id":"https:\/\/apuntesdesanluis.com\/index.php\/2024\/02\/21\/la-subdirectora-gerente-del-fmi-llega-al-pais-para-analizar-la-marcha-de-la-economia\/"},"author":{"name":"apuntesdesanluis.com","@id":"https:\/\/apuntesdesanluis.com\/#\/schema\/person\/b55151d52296fcce64d1a72538a70b90"},"headline":"LA SUBDIRECTORA GERENTE DEL FMI LLEGA AL PA\u00cdS PARA ANALIZAR LA MARCHA DE LA ECONOM\u00cdA","datePublished":"2024-02-21T03:37:40+00:00","mainEntityOfPage":{"@id":"https:\/\/apuntesdesanluis.com\/index.php\/2024\/02\/21\/la-subdirectora-gerente-del-fmi-llega-al-pais-para-analizar-la-marcha-de-la-economia\/"},"wordCount":516,"publisher":{"@id":"https:\/\/apuntesdesanluis.com\/#\/schema\/person\/b55151d52296fcce64d1a72538a70b90"},"image":{"@id":"https:\/\/apuntesdesanluis.com\/index.php\/2024\/02\/21\/la-subdirectora-gerente-del-fmi-llega-al-pais-para-analizar-la-marcha-de-la-economia\/#primaryimage"},"thumbnailUrl":"https:\/\/apuntesdesanluis.com\/wp-content\/uploads\/2024\/02\/rita-fmi.png","articleSection":["Nacionales\/Internacionales"],"inLanguage":"es-AR"},{"@type":"WebPage","@id":"https:\/\/apuntesdesanluis.com\/index.php\/2024\/02\/21\/la-subdirectora-gerente-del-fmi-llega-al-pais-para-analizar-la-marcha-de-la-economia\/","url":"https:\/\/apuntesdesanluis.com\/index.php\/2024\/02\/21\/la-subdirectora-gerente-del-fmi-llega-al-pais-para-analizar-la-marcha-de-la-economia\/","name":"LA SUBDIRECTORA GERENTE DEL FMI LLEGA AL PA\u00cdS PARA ANALIZAR LA MARCHA DE LA ECONOM\u00cdA - Apuntes de San Luis","isPartOf":{"@id":"https:\/\/apuntesdesanluis.com\/#website"},"primaryImageOfPage":{"@id":"https:\/\/apuntesdesanluis.com\/index.php\/2024\/02\/21\/la-subdirectora-gerente-del-fmi-llega-al-pais-para-analizar-la-marcha-de-la-economia\/#primaryimage"},"image":{"@id":"https:\/\/apuntesdesanluis.com\/index.php\/2024\/02\/21\/la-subdirectora-gerente-del-fmi-llega-al-pais-para-analizar-la-marcha-de-la-economia\/#primaryimage"},"thumbnailUrl":"https:\/\/apuntesdesanluis.com\/wp-content\/uploads\/2024\/02\/rita-fmi.png","datePublished":"2024-02-21T03:37:40+00:00","breadcrumb":{"@id":"https:\/\/apuntesdesanluis.com\/index.php\/2024\/02\/21\/la-subdirectora-gerente-del-fmi-llega-al-pais-para-analizar-la-marcha-de-la-economia\/#breadcrumb"},"inLanguage":"es-AR","potentialAction":[{"@type":"ReadAction","target":["https:\/\/apuntesdesanluis.com\/index.php\/2024\/02\/21\/la-subdirectora-gerente-del-fmi-llega-al-pais-para-analizar-la-marcha-de-la-economia\/"]}]},{"@type":"ImageObject","inLanguage":"es-AR","@id":"https:\/\/apuntesdesanluis.com\/index.php\/2024\/02\/21\/la-subdirectora-gerente-del-fmi-llega-al-pais-para-analizar-la-marcha-de-la-economia\/#primaryimage","url":"https:\/\/apuntesdesanluis.com\/wp-content\/uploads\/2024\/02\/rita-fmi.png","contentUrl":"https:\/\/apuntesdesanluis.com\/wp-content\/uploads\/2024\/02\/rita-fmi.png","width":600,"height":345},{"@type":"BreadcrumbList","@id":"https:\/\/apuntesdesanluis.com\/index.php\/2024\/02\/21\/la-subdirectora-gerente-del-fmi-llega-al-pais-para-analizar-la-marcha-de-la-economia\/#breadcrumb","itemListElement":[{"@type":"ListItem","position":1,"name":"Inicio","item":"https:\/\/apuntesdesanluis.com\/"},{"@type":"ListItem","position":2,"name":"LA SUBDIRECTORA GERENTE DEL FMI LLEGA AL PA\u00cdS PARA ANALIZAR LA MARCHA DE LA ECONOM\u00cdA"}]},{"@type":"WebSite","@id":"https:\/\/apuntesdesanluis.com\/#website","url":"https:\/\/apuntesdesanluis.com\/","name":"Apuntes de San Luis","description":"","publisher":{"@id":"https:\/\/apuntesdesanluis.com\/#\/schema\/person\/b55151d52296fcce64d1a72538a70b90"},"potentialAction":[{"@type":"SearchAction","target":{"@type":"EntryPoint","urlTemplate":"https:\/\/apuntesdesanluis.com\/?s={search_term_string}"},"query-input":{"@type":"PropertyValueSpecification","valueRequired":true,"valueName":"search_term_string"}}],"inLanguage":"es-AR"},{"@type":["Person","Organization"],"@id":"https:\/\/apuntesdesanluis.com\/#\/schema\/person\/b55151d52296fcce64d1a72538a70b90","name":"apuntesdesanluis.com","image":{"@type":"ImageObject","inLanguage":"es-AR","@id":"https:\/\/apuntesdesanluis.com\/#\/schema\/person\/image\/","url":"https:\/\/apuntesdesanluis.com\/wp-content\/uploads\/2023\/07\/cropped-apuntesdesanluis.png","contentUrl":"https:\/\/apuntesdesanluis.com\/wp-content\/uploads\/2023\/07\/cropped-apuntesdesanluis.png","width":450,"height":112,"caption":"apuntesdesanluis.com"},"logo":{"@id":"https:\/\/apuntesdesanluis.com\/#\/schema\/person\/image\/"},"sameAs":["https:\/\/apuntesdesanluis.com"],"url":"https:\/\/apuntesdesanluis.com\/index.php\/author\/apuntesdesanluis-com\/"}]}},"featured_image_urls":{"full":["https:\/\/apuntesdesanluis.com\/wp-content\/uploads\/2024\/02\/rita-fmi.png",600,345,false],"thumbnail":["https:\/\/apuntesdesanluis.com\/wp-content\/uploads\/2024\/02\/rita-fmi-150x150.png",150,150,true],"medium":["https:\/\/apuntesdesanluis.com\/wp-content\/uploads\/2024\/02\/rita-fmi-300x173.png",300,173,true],"medium_large":["https:\/\/apuntesdesanluis.com\/wp-content\/uploads\/2024\/02\/rita-fmi.png",600,345,false],"large":["https:\/\/apuntesdesanluis.com\/wp-content\/uploads\/2024\/02\/rita-fmi.png",600,345,false],"1536x1536":["https:\/\/apuntesdesanluis.com\/wp-content\/uploads\/2024\/02\/rita-fmi.png",600,345,false],"2048x2048":["https:\/\/apuntesdesanluis.com\/wp-content\/uploads\/2024\/02\/rita-fmi.png",600,345,false],"newsever-slider-full":["https:\/\/apuntesdesanluis.com\/wp-content\/uploads\/2024\/02\/rita-fmi.png",600,345,false],"newsever-featured":["https:\/\/apuntesdesanluis.com\/wp-content\/uploads\/2024\/02\/rita-fmi.png",600,345,false],"newsever-medium":["https:\/\/apuntesdesanluis.com\/wp-content\/uploads\/2024\/02\/rita-fmi.png",600,345,false]},"author_info":{"display_name":"apuntesdesanluis.com","author_link":"https:\/\/apuntesdesanluis.com\/index.php\/author\/apuntesdesanluis-com\/"},"category_info":"<a href=\"https:\/\/apuntesdesanluis.com\/index.php\/category\/nacionales-internacionales\/\" rel=\"category tag\">Nacionales\/Internacionales<\/a>","tag_info":"Nacionales\/Internacionales","comment_count":"0","_links":{"self":[{"href":"https:\/\/apuntesdesanluis.com\/index.php\/wp-json\/wp\/v2\/posts\/12045","targetHints":{"allow":["GET"]}}],"collection":[{"href":"https:\/\/apuntesdesanluis.com\/index.php\/wp-json\/wp\/v2\/posts"}],"about":[{"href":"https:\/\/apuntesdesanluis.com\/index.php\/wp-json\/wp\/v2\/types\/post"}],"author":[{"embeddable":true,"href":"https:\/\/apuntesdesanluis.com\/index.php\/wp-json\/wp\/v2\/users\/1"}],"replies":[{"embeddable":true,"href":"https:\/\/apuntesdesanluis.com\/index.php\/wp-json\/wp\/v2\/comments?post=12045"}],"version-history":[{"count":1,"href":"https:\/\/apuntesdesanluis.com\/index.php\/wp-json\/wp\/v2\/posts\/12045\/revisions"}],"predecessor-version":[{"id":12047,"href":"https:\/\/apuntesdesanluis.com\/index.php\/wp-json\/wp\/v2\/posts\/12045\/revisions\/12047"}],"wp:featuredmedia":[{"embeddable":true,"href":"https:\/\/apuntesdesanluis.com\/index.php\/wp-json\/wp\/v2\/media\/12046"}],"wp:attachment":[{"href":"https:\/\/apuntesdesanluis.com\/index.php\/wp-json\/wp\/v2\/media?parent=12045"}],"wp:term":[{"taxonomy":"category","embeddable":true,"href":"https:\/\/apuntesdesanluis.com\/index.php\/wp-json\/wp\/v2\/categories?post=12045"},{"taxonomy":"post_tag","embeddable":true,"href":"https:\/\/apuntesdesanluis.com\/index.php\/wp-json\/wp\/v2\/tags?post=12045"}],"curies":[{"name":"wp","href":"https:\/\/api.w.org\/{rel}","templated":true}]}}