{"id":12048,"date":"2024-02-21T12:20:32","date_gmt":"2024-02-21T15:20:32","guid":{"rendered":"https:\/\/apuntesdesanluis.com\/?p=12048"},"modified":"2024-02-21T12:20:32","modified_gmt":"2024-02-21T15:20:32","slug":"causa-por-amenazas-fiscalia-rechazo-la-suspension-de-juicio-a-prueba","status":"publish","type":"post","link":"https:\/\/apuntesdesanluis.com\/index.php\/2024\/02\/21\/causa-por-amenazas-fiscalia-rechazo-la-suspension-de-juicio-a-prueba\/","title":{"rendered":"CAUSA POR AMENAZAS: FISCAL\u00cdA RECHAZ\u00d3 LA SUSPENSI\u00d3N DE JUICIO A PRUEBA"},"content":{"rendered":"<h3>El Ministerio P\u00fablico Fiscal solicit\u00f3 que no se trate el pedido de la defensa y mencion\u00f3 el contexto de violencia de g\u00e9nero en el que se produjo el delito investigado.<\/h3>\n<h3>En una audiencia que se celebr\u00f3 este mi\u00e9rcoles por la ma\u00f1ana en el edificio judicial de Villa Mercedes, el Ministerio P\u00fablico Fiscal \u2013 representado por el Fiscal de Instrucci\u00f3n N\u00ba 1, Dr. Maximiliano Bazla Cassina,\u00a0 y por la Dra. Cecilia Framini, Fiscal Adjunta\u2013 se opuso a un pedido de suspensi\u00f3n de juicio a prueba formulado por la defensa de un imputado en una causa donde se lo investiga como presunto autor del delito de amenazas agravadas por el uso de arma.<\/h3>\n<h3>El Dr. Bazla Cassina argument\u00f3, en primer lugar, que la audiencia no deb\u00eda celebrarse en tanto la v\u00edctima no fue notificada de la misma.\u00a0 Asegur\u00f3 adem\u00e1s, que el hecho investigado, se produjo en un contexto de violencia de g\u00e9nero. \u201cEl imputado amenaz\u00f3 con un arma blanca a quien era su pareja. La v\u00edctima sigue aterrada\u201d, explic\u00f3. Cit\u00f3 jurisprudencia y dijo: \u201cdebemos aplicar la ley, si buscamos erradicar la violencia de g\u00e9nero, debemos investigar, juzgar y condenar si as\u00ed corresponde\u201d.<\/h3>\n<h3>Explic\u00f3 adem\u00e1s, que en breve se realizar\u00eda la audiencia de control de acusaci\u00f3n. \u201cHemos tomado las medidas del caso para que este expediente avance y se logre el fin que es llegar a juicio\u201d, dijo el Dr. Bazla Cassina.<\/h3>\n<h3>Por su parte, previamente, la Dra. Mar\u00eda Laura Fornero \u2013 Defensora Penal Adjunta \u2013 hab\u00eda solicitado la suspensi\u00f3n de juicio a prueba. Ofreci\u00f3 una reparaci\u00f3n econ\u00f3mica y la realizaci\u00f3n de tareas comunitarias.<\/h3>\n<h3>La audiencia la dirigi\u00f3 el Juez de Garant\u00eda N\u00ba 2, Mat\u00edas Farinazzo Tempestini. Intervino como secretario el Dr. Ignacio Esquerr\u00e9.<\/h3>\n<h3>Luego de escuchar\u00a0 la exposici\u00f3n de las partes, el Dr. Farinazzo Tempestini explic\u00f3 que no tratar\u00edan la solicitud de suspensi\u00f3n de juicio a prueba, en virtud de la falta de citaci\u00f3n a la v\u00edctima.\u00a0 Asimismo se fij\u00f3 una audiencia para el 22 de febrero a fin de dar tratamiento a la pr\u00f3rroga de la medida de coerci\u00f3n.<\/h3>\n<h3>\u2026\u2026\u2026\u2026\u2026\u2026..<\/h3>\n<h3>\u201cART\u00cdCULO 222.- SUSPENSI\u00d3N DEL JUICIO A PRUEBA. En los casos del Art\u00edculo 76 bis, ter y quater del C\u00f3digo Penal, las partes podr\u00e1n solicitar la suspensi\u00f3n del Juicio a Prueba.- La solicitud podr\u00e1 efectuarse en cualquier momento del proceso y hasta el cierre de la etapa intermedia, siendo requisito para su procedencia la conformidad del Fiscal, quien la prestar\u00e1 cuando estime que la etapa de investigaci\u00f3n ha concluido (\u2026)\u201d.-<\/h3>\n<p>&nbsp;<\/p>\n<p>&nbsp;<\/p>\n<p>&nbsp;<\/p>\n<p>&nbsp;<\/p>\n<p>&nbsp;<\/p>\n<p>&nbsp;<\/p>\n<p>&nbsp;<\/p>\n","protected":false},"excerpt":{"rendered":"<p>El Ministerio P\u00fablico Fiscal solicit\u00f3 que no se trate el pedido de la defensa y&#8230;<\/p>\n","protected":false},"author":1,"featured_media":12049,"comment_status":"closed","ping_status":"closed","sticky":false,"template":"","format":"standard","meta":{"footnotes":""},"categories":[6],"tags":[],"class_list":["post-12048","post","type-post","status-publish","format-standard","has-post-thumbnail","hentry","category-ciudad-provincia"],"yoast_head":"<!-- This site is optimized with the Yoast SEO plugin v26.1.1 - https:\/\/yoast.com\/wordpress\/plugins\/seo\/ -->\n<title>CAUSA POR AMENAZAS: FISCAL\u00cdA RECHAZ\u00d3 LA SUSPENSI\u00d3N DE JUICIO A PRUEBA - Apuntes de San Luis<\/title>\n<meta name=\"robots\" content=\"index, follow, max-snippet:-1, max-image-preview:large, max-video-preview:-1\" \/>\n<link rel=\"canonical\" href=\"https:\/\/apuntesdesanluis.com\/index.php\/2024\/02\/21\/causa-por-amenazas-fiscalia-rechazo-la-suspension-de-juicio-a-prueba\/\" \/>\n<meta property=\"og:locale\" content=\"es_ES\" \/>\n<meta property=\"og:type\" content=\"article\" \/>\n<meta property=\"og:title\" content=\"CAUSA POR AMENAZAS: FISCAL\u00cdA RECHAZ\u00d3 LA SUSPENSI\u00d3N DE JUICIO A PRUEBA - Apuntes de San Luis\" \/>\n<meta property=\"og:description\" content=\"El Ministerio P\u00fablico Fiscal solicit\u00f3 que no se trate el pedido de la defensa y...\" \/>\n<meta property=\"og:url\" content=\"https:\/\/apuntesdesanluis.com\/index.php\/2024\/02\/21\/causa-por-amenazas-fiscalia-rechazo-la-suspension-de-juicio-a-prueba\/\" \/>\n<meta property=\"og:site_name\" content=\"Apuntes de San Luis\" \/>\n<meta property=\"article:published_time\" content=\"2024-02-21T15:20:32+00:00\" \/>\n<meta property=\"og:image\" content=\"https:\/\/apuntesdesanluis.com\/wp-content\/uploads\/2024\/02\/audiencia-4.png\" \/>\n\t<meta property=\"og:image:width\" content=\"600\" \/>\n\t<meta property=\"og:image:height\" content=\"371\" \/>\n\t<meta property=\"og:image:type\" content=\"image\/png\" \/>\n<meta name=\"author\" content=\"apuntesdesanluis.com\" \/>\n<meta name=\"twitter:card\" content=\"summary_large_image\" \/>\n<meta name=\"twitter:label1\" content=\"Escrito por\" \/>\n\t<meta name=\"twitter:data1\" content=\"apuntesdesanluis.com\" \/>\n\t<meta name=\"twitter:label2\" content=\"Tiempo de lectura\" \/>\n\t<meta name=\"twitter:data2\" content=\"2 minutos\" \/>\n<script type=\"application\/ld+json\" class=\"yoast-schema-graph\">{\"@context\":\"https:\/\/schema.org\",\"@graph\":[{\"@type\":\"Article\",\"@id\":\"https:\/\/apuntesdesanluis.com\/index.php\/2024\/02\/21\/causa-por-amenazas-fiscalia-rechazo-la-suspension-de-juicio-a-prueba\/#article\",\"isPartOf\":{\"@id\":\"https:\/\/apuntesdesanluis.com\/index.php\/2024\/02\/21\/causa-por-amenazas-fiscalia-rechazo-la-suspension-de-juicio-a-prueba\/\"},\"author\":{\"name\":\"apuntesdesanluis.com\",\"@id\":\"https:\/\/apuntesdesanluis.com\/#\/schema\/person\/b55151d52296fcce64d1a72538a70b90\"},\"headline\":\"CAUSA POR AMENAZAS: FISCAL\u00cdA RECHAZ\u00d3 LA SUSPENSI\u00d3N DE JUICIO A PRUEBA\",\"datePublished\":\"2024-02-21T15:20:32+00:00\",\"mainEntityOfPage\":{\"@id\":\"https:\/\/apuntesdesanluis.com\/index.php\/2024\/02\/21\/causa-por-amenazas-fiscalia-rechazo-la-suspension-de-juicio-a-prueba\/\"},\"wordCount\":459,\"publisher\":{\"@id\":\"https:\/\/apuntesdesanluis.com\/#\/schema\/person\/b55151d52296fcce64d1a72538a70b90\"},\"image\":{\"@id\":\"https:\/\/apuntesdesanluis.com\/index.php\/2024\/02\/21\/causa-por-amenazas-fiscalia-rechazo-la-suspension-de-juicio-a-prueba\/#primaryimage\"},\"thumbnailUrl\":\"https:\/\/apuntesdesanluis.com\/wp-content\/uploads\/2024\/02\/audiencia-4.png\",\"articleSection\":[\"Ciudad\/Provincia\"],\"inLanguage\":\"es-AR\"},{\"@type\":\"WebPage\",\"@id\":\"https:\/\/apuntesdesanluis.com\/index.php\/2024\/02\/21\/causa-por-amenazas-fiscalia-rechazo-la-suspension-de-juicio-a-prueba\/\",\"url\":\"https:\/\/apuntesdesanluis.com\/index.php\/2024\/02\/21\/causa-por-amenazas-fiscalia-rechazo-la-suspension-de-juicio-a-prueba\/\",\"name\":\"CAUSA POR AMENAZAS: FISCAL\u00cdA RECHAZ\u00d3 LA SUSPENSI\u00d3N DE JUICIO A PRUEBA - Apuntes de San Luis\",\"isPartOf\":{\"@id\":\"https:\/\/apuntesdesanluis.com\/#website\"},\"primaryImageOfPage\":{\"@id\":\"https:\/\/apuntesdesanluis.com\/index.php\/2024\/02\/21\/causa-por-amenazas-fiscalia-rechazo-la-suspension-de-juicio-a-prueba\/#primaryimage\"},\"image\":{\"@id\":\"https:\/\/apuntesdesanluis.com\/index.php\/2024\/02\/21\/causa-por-amenazas-fiscalia-rechazo-la-suspension-de-juicio-a-prueba\/#primaryimage\"},\"thumbnailUrl\":\"https:\/\/apuntesdesanluis.com\/wp-content\/uploads\/2024\/02\/audiencia-4.png\",\"datePublished\":\"2024-02-21T15:20:32+00:00\",\"breadcrumb\":{\"@id\":\"https:\/\/apuntesdesanluis.com\/index.php\/2024\/02\/21\/causa-por-amenazas-fiscalia-rechazo-la-suspension-de-juicio-a-prueba\/#breadcrumb\"},\"inLanguage\":\"es-AR\",\"potentialAction\":[{\"@type\":\"ReadAction\",\"target\":[\"https:\/\/apuntesdesanluis.com\/index.php\/2024\/02\/21\/causa-por-amenazas-fiscalia-rechazo-la-suspension-de-juicio-a-prueba\/\"]}]},{\"@type\":\"ImageObject\",\"inLanguage\":\"es-AR\",\"@id\":\"https:\/\/apuntesdesanluis.com\/index.php\/2024\/02\/21\/causa-por-amenazas-fiscalia-rechazo-la-suspension-de-juicio-a-prueba\/#primaryimage\",\"url\":\"https:\/\/apuntesdesanluis.com\/wp-content\/uploads\/2024\/02\/audiencia-4.png\",\"contentUrl\":\"https:\/\/apuntesdesanluis.com\/wp-content\/uploads\/2024\/02\/audiencia-4.png\",\"width\":600,\"height\":371},{\"@type\":\"BreadcrumbList\",\"@id\":\"https:\/\/apuntesdesanluis.com\/index.php\/2024\/02\/21\/causa-por-amenazas-fiscalia-rechazo-la-suspension-de-juicio-a-prueba\/#breadcrumb\",\"itemListElement\":[{\"@type\":\"ListItem\",\"position\":1,\"name\":\"Inicio\",\"item\":\"https:\/\/apuntesdesanluis.com\/\"},{\"@type\":\"ListItem\",\"position\":2,\"name\":\"CAUSA POR AMENAZAS: FISCAL\u00cdA RECHAZ\u00d3 LA SUSPENSI\u00d3N DE JUICIO A PRUEBA\"}]},{\"@type\":\"WebSite\",\"@id\":\"https:\/\/apuntesdesanluis.com\/#website\",\"url\":\"https:\/\/apuntesdesanluis.com\/\",\"name\":\"Apuntes de San Luis\",\"description\":\"\",\"publisher\":{\"@id\":\"https:\/\/apuntesdesanluis.com\/#\/schema\/person\/b55151d52296fcce64d1a72538a70b90\"},\"potentialAction\":[{\"@type\":\"SearchAction\",\"target\":{\"@type\":\"EntryPoint\",\"urlTemplate\":\"https:\/\/apuntesdesanluis.com\/?s={search_term_string}\"},\"query-input\":{\"@type\":\"PropertyValueSpecification\",\"valueRequired\":true,\"valueName\":\"search_term_string\"}}],\"inLanguage\":\"es-AR\"},{\"@type\":[\"Person\",\"Organization\"],\"@id\":\"https:\/\/apuntesdesanluis.com\/#\/schema\/person\/b55151d52296fcce64d1a72538a70b90\",\"name\":\"apuntesdesanluis.com\",\"image\":{\"@type\":\"ImageObject\",\"inLanguage\":\"es-AR\",\"@id\":\"https:\/\/apuntesdesanluis.com\/#\/schema\/person\/image\/\",\"url\":\"https:\/\/apuntesdesanluis.com\/wp-content\/uploads\/2023\/07\/cropped-apuntesdesanluis.png\",\"contentUrl\":\"https:\/\/apuntesdesanluis.com\/wp-content\/uploads\/2023\/07\/cropped-apuntesdesanluis.png\",\"width\":450,\"height\":112,\"caption\":\"apuntesdesanluis.com\"},\"logo\":{\"@id\":\"https:\/\/apuntesdesanluis.com\/#\/schema\/person\/image\/\"},\"sameAs\":[\"https:\/\/apuntesdesanluis.com\"],\"url\":\"https:\/\/apuntesdesanluis.com\/index.php\/author\/apuntesdesanluis-com\/\"}]}<\/script>\n<!-- \/ Yoast SEO plugin. -->","yoast_head_json":{"title":"CAUSA POR AMENAZAS: FISCAL\u00cdA RECHAZ\u00d3 LA SUSPENSI\u00d3N DE JUICIO A PRUEBA - Apuntes de San Luis","robots":{"index":"index","follow":"follow","max-snippet":"max-snippet:-1","max-image-preview":"max-image-preview:large","max-video-preview":"max-video-preview:-1"},"canonical":"https:\/\/apuntesdesanluis.com\/index.php\/2024\/02\/21\/causa-por-amenazas-fiscalia-rechazo-la-suspension-de-juicio-a-prueba\/","og_locale":"es_ES","og_type":"article","og_title":"CAUSA POR AMENAZAS: FISCAL\u00cdA RECHAZ\u00d3 LA SUSPENSI\u00d3N DE JUICIO A PRUEBA - Apuntes de San Luis","og_description":"El Ministerio P\u00fablico Fiscal solicit\u00f3 que no se trate el pedido de la defensa y...","og_url":"https:\/\/apuntesdesanluis.com\/index.php\/2024\/02\/21\/causa-por-amenazas-fiscalia-rechazo-la-suspension-de-juicio-a-prueba\/","og_site_name":"Apuntes de San Luis","article_published_time":"2024-02-21T15:20:32+00:00","og_image":[{"width":600,"height":371,"url":"https:\/\/apuntesdesanluis.com\/wp-content\/uploads\/2024\/02\/audiencia-4.png","type":"image\/png"}],"author":"apuntesdesanluis.com","twitter_card":"summary_large_image","twitter_misc":{"Escrito por":"apuntesdesanluis.com","Tiempo de lectura":"2 minutos"},"schema":{"@context":"https:\/\/schema.org","@graph":[{"@type":"Article","@id":"https:\/\/apuntesdesanluis.com\/index.php\/2024\/02\/21\/causa-por-amenazas-fiscalia-rechazo-la-suspension-de-juicio-a-prueba\/#article","isPartOf":{"@id":"https:\/\/apuntesdesanluis.com\/index.php\/2024\/02\/21\/causa-por-amenazas-fiscalia-rechazo-la-suspension-de-juicio-a-prueba\/"},"author":{"name":"apuntesdesanluis.com","@id":"https:\/\/apuntesdesanluis.com\/#\/schema\/person\/b55151d52296fcce64d1a72538a70b90"},"headline":"CAUSA POR AMENAZAS: FISCAL\u00cdA RECHAZ\u00d3 LA SUSPENSI\u00d3N DE JUICIO A PRUEBA","datePublished":"2024-02-21T15:20:32+00:00","mainEntityOfPage":{"@id":"https:\/\/apuntesdesanluis.com\/index.php\/2024\/02\/21\/causa-por-amenazas-fiscalia-rechazo-la-suspension-de-juicio-a-prueba\/"},"wordCount":459,"publisher":{"@id":"https:\/\/apuntesdesanluis.com\/#\/schema\/person\/b55151d52296fcce64d1a72538a70b90"},"image":{"@id":"https:\/\/apuntesdesanluis.com\/index.php\/2024\/02\/21\/causa-por-amenazas-fiscalia-rechazo-la-suspension-de-juicio-a-prueba\/#primaryimage"},"thumbnailUrl":"https:\/\/apuntesdesanluis.com\/wp-content\/uploads\/2024\/02\/audiencia-4.png","articleSection":["Ciudad\/Provincia"],"inLanguage":"es-AR"},{"@type":"WebPage","@id":"https:\/\/apuntesdesanluis.com\/index.php\/2024\/02\/21\/causa-por-amenazas-fiscalia-rechazo-la-suspension-de-juicio-a-prueba\/","url":"https:\/\/apuntesdesanluis.com\/index.php\/2024\/02\/21\/causa-por-amenazas-fiscalia-rechazo-la-suspension-de-juicio-a-prueba\/","name":"CAUSA POR AMENAZAS: FISCAL\u00cdA RECHAZ\u00d3 LA SUSPENSI\u00d3N DE JUICIO A PRUEBA - Apuntes de San Luis","isPartOf":{"@id":"https:\/\/apuntesdesanluis.com\/#website"},"primaryImageOfPage":{"@id":"https:\/\/apuntesdesanluis.com\/index.php\/2024\/02\/21\/causa-por-amenazas-fiscalia-rechazo-la-suspension-de-juicio-a-prueba\/#primaryimage"},"image":{"@id":"https:\/\/apuntesdesanluis.com\/index.php\/2024\/02\/21\/causa-por-amenazas-fiscalia-rechazo-la-suspension-de-juicio-a-prueba\/#primaryimage"},"thumbnailUrl":"https:\/\/apuntesdesanluis.com\/wp-content\/uploads\/2024\/02\/audiencia-4.png","datePublished":"2024-02-21T15:20:32+00:00","breadcrumb":{"@id":"https:\/\/apuntesdesanluis.com\/index.php\/2024\/02\/21\/causa-por-amenazas-fiscalia-rechazo-la-suspension-de-juicio-a-prueba\/#breadcrumb"},"inLanguage":"es-AR","potentialAction":[{"@type":"ReadAction","target":["https:\/\/apuntesdesanluis.com\/index.php\/2024\/02\/21\/causa-por-amenazas-fiscalia-rechazo-la-suspension-de-juicio-a-prueba\/"]}]},{"@type":"ImageObject","inLanguage":"es-AR","@id":"https:\/\/apuntesdesanluis.com\/index.php\/2024\/02\/21\/causa-por-amenazas-fiscalia-rechazo-la-suspension-de-juicio-a-prueba\/#primaryimage","url":"https:\/\/apuntesdesanluis.com\/wp-content\/uploads\/2024\/02\/audiencia-4.png","contentUrl":"https:\/\/apuntesdesanluis.com\/wp-content\/uploads\/2024\/02\/audiencia-4.png","width":600,"height":371},{"@type":"BreadcrumbList","@id":"https:\/\/apuntesdesanluis.com\/index.php\/2024\/02\/21\/causa-por-amenazas-fiscalia-rechazo-la-suspension-de-juicio-a-prueba\/#breadcrumb","itemListElement":[{"@type":"ListItem","position":1,"name":"Inicio","item":"https:\/\/apuntesdesanluis.com\/"},{"@type":"ListItem","position":2,"name":"CAUSA POR AMENAZAS: FISCAL\u00cdA RECHAZ\u00d3 LA SUSPENSI\u00d3N DE JUICIO A PRUEBA"}]},{"@type":"WebSite","@id":"https:\/\/apuntesdesanluis.com\/#website","url":"https:\/\/apuntesdesanluis.com\/","name":"Apuntes de San Luis","description":"","publisher":{"@id":"https:\/\/apuntesdesanluis.com\/#\/schema\/person\/b55151d52296fcce64d1a72538a70b90"},"potentialAction":[{"@type":"SearchAction","target":{"@type":"EntryPoint","urlTemplate":"https:\/\/apuntesdesanluis.com\/?s={search_term_string}"},"query-input":{"@type":"PropertyValueSpecification","valueRequired":true,"valueName":"search_term_string"}}],"inLanguage":"es-AR"},{"@type":["Person","Organization"],"@id":"https:\/\/apuntesdesanluis.com\/#\/schema\/person\/b55151d52296fcce64d1a72538a70b90","name":"apuntesdesanluis.com","image":{"@type":"ImageObject","inLanguage":"es-AR","@id":"https:\/\/apuntesdesanluis.com\/#\/schema\/person\/image\/","url":"https:\/\/apuntesdesanluis.com\/wp-content\/uploads\/2023\/07\/cropped-apuntesdesanluis.png","contentUrl":"https:\/\/apuntesdesanluis.com\/wp-content\/uploads\/2023\/07\/cropped-apuntesdesanluis.png","width":450,"height":112,"caption":"apuntesdesanluis.com"},"logo":{"@id":"https:\/\/apuntesdesanluis.com\/#\/schema\/person\/image\/"},"sameAs":["https:\/\/apuntesdesanluis.com"],"url":"https:\/\/apuntesdesanluis.com\/index.php\/author\/apuntesdesanluis-com\/"}]}},"featured_image_urls":{"full":["https:\/\/apuntesdesanluis.com\/wp-content\/uploads\/2024\/02\/audiencia-4.png",600,371,false],"thumbnail":["https:\/\/apuntesdesanluis.com\/wp-content\/uploads\/2024\/02\/audiencia-4-150x150.png",150,150,true],"medium":["https:\/\/apuntesdesanluis.com\/wp-content\/uploads\/2024\/02\/audiencia-4-300x186.png",300,186,true],"medium_large":["https:\/\/apuntesdesanluis.com\/wp-content\/uploads\/2024\/02\/audiencia-4.png",600,371,false],"large":["https:\/\/apuntesdesanluis.com\/wp-content\/uploads\/2024\/02\/audiencia-4.png",600,371,false],"1536x1536":["https:\/\/apuntesdesanluis.com\/wp-content\/uploads\/2024\/02\/audiencia-4.png",600,371,false],"2048x2048":["https:\/\/apuntesdesanluis.com\/wp-content\/uploads\/2024\/02\/audiencia-4.png",600,371,false],"newsever-slider-full":["https:\/\/apuntesdesanluis.com\/wp-content\/uploads\/2024\/02\/audiencia-4.png",600,371,false],"newsever-featured":["https:\/\/apuntesdesanluis.com\/wp-content\/uploads\/2024\/02\/audiencia-4.png",600,371,false],"newsever-medium":["https:\/\/apuntesdesanluis.com\/wp-content\/uploads\/2024\/02\/audiencia-4.png",600,371,false]},"author_info":{"display_name":"apuntesdesanluis.com","author_link":"https:\/\/apuntesdesanluis.com\/index.php\/author\/apuntesdesanluis-com\/"},"category_info":"<a href=\"https:\/\/apuntesdesanluis.com\/index.php\/category\/ciudad-provincia\/\" rel=\"category tag\">Ciudad\/Provincia<\/a>","tag_info":"Ciudad\/Provincia","comment_count":"0","_links":{"self":[{"href":"https:\/\/apuntesdesanluis.com\/index.php\/wp-json\/wp\/v2\/posts\/12048","targetHints":{"allow":["GET"]}}],"collection":[{"href":"https:\/\/apuntesdesanluis.com\/index.php\/wp-json\/wp\/v2\/posts"}],"about":[{"href":"https:\/\/apuntesdesanluis.com\/index.php\/wp-json\/wp\/v2\/types\/post"}],"author":[{"embeddable":true,"href":"https:\/\/apuntesdesanluis.com\/index.php\/wp-json\/wp\/v2\/users\/1"}],"replies":[{"embeddable":true,"href":"https:\/\/apuntesdesanluis.com\/index.php\/wp-json\/wp\/v2\/comments?post=12048"}],"version-history":[{"count":1,"href":"https:\/\/apuntesdesanluis.com\/index.php\/wp-json\/wp\/v2\/posts\/12048\/revisions"}],"predecessor-version":[{"id":12050,"href":"https:\/\/apuntesdesanluis.com\/index.php\/wp-json\/wp\/v2\/posts\/12048\/revisions\/12050"}],"wp:featuredmedia":[{"embeddable":true,"href":"https:\/\/apuntesdesanluis.com\/index.php\/wp-json\/wp\/v2\/media\/12049"}],"wp:attachment":[{"href":"https:\/\/apuntesdesanluis.com\/index.php\/wp-json\/wp\/v2\/media?parent=12048"}],"wp:term":[{"taxonomy":"category","embeddable":true,"href":"https:\/\/apuntesdesanluis.com\/index.php\/wp-json\/wp\/v2\/categories?post=12048"},{"taxonomy":"post_tag","embeddable":true,"href":"https:\/\/apuntesdesanluis.com\/index.php\/wp-json\/wp\/v2\/tags?post=12048"}],"curies":[{"name":"wp","href":"https:\/\/api.w.org\/{rel}","templated":true}]}}