{"id":12051,"date":"2024-02-20T12:55:48","date_gmt":"2024-02-20T15:55:48","guid":{"rendered":"https:\/\/apuntesdesanluis.com\/?p=12051"},"modified":"2024-02-21T13:02:27","modified_gmt":"2024-02-21T16:02:27","slug":"los-gremios-estatales-reiteraron-su-reclamo-de-un-aumento-salarial-urgente","status":"publish","type":"post","link":"https:\/\/apuntesdesanluis.com\/index.php\/2024\/02\/20\/los-gremios-estatales-reiteraron-su-reclamo-de-un-aumento-salarial-urgente\/","title":{"rendered":"LOS GREMIOS ESTATALES REITERARON SU RECLAMO DE UN AUMENTO SALARIAL URGENTE"},"content":{"rendered":"<h3>Los principales dirigentes del <strong>Sindicato Judiciales Puntanos<\/strong> (SiJuPu), la <strong>Asociaci\u00f3n de Profesionales y T\u00e9cnicos de la Salud<\/strong> (APTS) y la <strong>Uni\u00f3n de Trabajadores de la Educaci\u00f3n P\u00fablica<\/strong> (UTEP), insistieron en reclamar p\u00fablicamente al gobierno provincial una recomposici\u00f3n salarial, para compensar la p\u00e9rdida de poder adquisitivo que han sufrido los trabajadores en los \u00faltimos meses.<\/h3>\n<h3>En l\u00ednea con los \u00edndices inflacionarios registrados en los meses de noviembre, diciembre y enero, estimaron que resulta necesario que se disponga un aumento de al menos el 60% y no descartaron el inicio de un plan de lucha en caso de no ser atendidos en su demanda.<\/h3>\n<h3>El Secretario General del SiJuPu, <strong>Luciano Cardarelli<\/strong>, inform\u00f3 que se va a convocar primero una reuni\u00f3n de delegados y luego a asambleas de trabajadores en las tres circunscripciones, para consultar a las bases y disponer los cursos de acci\u00f3n.<\/h3>\n<h3>\u201cLo que nosotros buscamos y nos preocupa m\u00e1s all\u00e1 de la situaci\u00f3n a nivel nacional es la falta de di\u00e1logo, la incertidumbre. Sabemos que el tema se est\u00e1 analizando en el gobierno, pero venimos esperando una respuesta hace semanas, desde que presentamos un petitorio los gremios estatales, y todav\u00eda no tenemos respuesta\u201d.<\/h3>\n<h3>Record\u00f3 que los \u201cestatales no hemos tenido aumento en el \u00faltimo trimestre, y paralelamente en estos meses la inflaci\u00f3n acumulada fue del 50% m\u00e1s lo que se registrar\u00e1 en febrero. Los sueldos de los judiciales han quedado muy atrasados y la crisis atraviesa a todos, por eso crece la impaciencia y reclamamos urgente una respuesta\u201d.<\/h3>\n<h3>Cardarelli insisti\u00f3: \u201cLa \u00faltima vez que hubo una recomposici\u00f3n salarial en el sector estatal fue en el mes de noviembre, sobre la base de la inflaci\u00f3n del mes de octubre. Es decir que si calculamos los \u00edndices de la inflaci\u00f3n de noviembre, diciembre y enero, calculamos que la recomposici\u00f3n deber\u00eda ser superior al 60%, porque adem\u00e1s ya se termina febrero\u201d.<\/h3>\n<h3>Por su parte <strong>Miriam Porter<\/strong>, de APTS, inform\u00f3 que el gremio se encuentra en estado de asamblea permanente desde \u201clas primeras notificaciones que dio el nuevo gobierno por el desdoblamiento de los sueldos\u201d y que contin\u00faan \u201cbajo la misma modalidad\u201d.<\/h3>\n<h3>&#8220;Estamos tratando de mantener ese estado de asamblea permanente, reuni\u00e9ndonos con todos los trabajadores, viendo cu\u00e1les son los problemas m\u00e1s urgentes y tratando de resolverlos. Y el tema salarial es el com\u00fan denominador de todas las reuniones que hemos tenido. Necesitamos urgente que alguien nos d\u00e9 respuesta. Venimos con una p\u00e9rdida de muchos porcentajes y pensamos que de piso necesitamos un 60 % de aumento para poder hablar de recomposici\u00f3n\u201d.<\/h3>\n<h3><strong>Soledad Correa<\/strong>, Secretaria General de UTEP, sostuvo: \u201cLa situaci\u00f3n es preocupante porque los fondos no est\u00e1n. El ministro de Educaci\u00f3n con quien me reun\u00ed manifest\u00f3 su desconcierto porque el Presidente de la Naci\u00f3n no mand\u00f3 los fondos. Los fondos para educaci\u00f3n no est\u00e1n, como no est\u00e1n los fondos necesarios para todos los trabajadores de la provincia. Digo, esto est\u00e1 pasando a lo largo y a lo ancho del pa\u00eds, una situaci\u00f3n que se agrava con la quita de subsidios al transporte. Por eso le transmit\u00edmos al ministro: \u00bfCu\u00e1l es el plan B? \u00bfCu\u00e1l es el plan C? Bueno, no hay plan\u201d.<\/h3>\n<h3>\u201cNos comunicaron que se juntaban en reuni\u00f3n de gabinete, que podr\u00eda haber anuncios. La verdad es que hay mucha incertidumbre, la misma incertidumbre que tiene el gobierno de la provincia, que est\u00e1 esperanzado con que el presidente Milei cambie de rumbo, algo que nosotros entendemos no va a suceder, esperando la paritaria nacional docente que fue suspendida y que despu\u00e9s dijo que s\u00ed. Nos preocupa el tema de que esto no signifique que los chicos dejen de ir a la escuela\u201d, manifest\u00f3 preocupada.<\/h3>\n<h3>Al igual que la semana pasada, la titular de UTEP coment\u00f3 que en asamblea de afiliados se adoptar\u00e1n las medidas a seguir.<\/h3>\n<h3>En relaci\u00f3n a la reuni\u00f3n que mantuvo con el ministro de Educaci\u00f3n, Guillermo Araujo, Correa coment\u00f3 que el funcionario le manifest\u00f3 que \u201cest\u00e1n haciendo todos los esfuerzos posibles para que se puede pagar el sueldo en su totalidad, pero a\u00fan no tenemos confirmaci\u00f3n de nada\u201d.<\/h3>\n<h3><strong>Fuente:<\/strong> La Gaceta Digital<\/h3>\n<p>&nbsp;<\/p>\n<p>&nbsp;<\/p>\n<p>&nbsp;<\/p>\n<p>&nbsp;<\/p>\n","protected":false},"excerpt":{"rendered":"<p>Los principales dirigentes del Sindicato Judiciales Puntanos (SiJuPu), la Asociaci\u00f3n de Profesionales y T\u00e9cnicos de&#8230;<\/p>\n","protected":false},"author":1,"featured_media":12052,"comment_status":"closed","ping_status":"closed","sticky":false,"template":"","format":"standard","meta":{"footnotes":""},"categories":[6],"tags":[],"class_list":["post-12051","post","type-post","status-publish","format-standard","has-post-thumbnail","hentry","category-ciudad-provincia"],"yoast_head":"<!-- This site is optimized with the Yoast SEO plugin v26.1.1 - https:\/\/yoast.com\/wordpress\/plugins\/seo\/ -->\n<title>LOS GREMIOS ESTATALES REITERARON SU RECLAMO DE UN AUMENTO SALARIAL URGENTE - Apuntes de San Luis<\/title>\n<meta name=\"robots\" content=\"index, follow, max-snippet:-1, max-image-preview:large, max-video-preview:-1\" \/>\n<link rel=\"canonical\" href=\"https:\/\/apuntesdesanluis.com\/index.php\/2024\/02\/20\/los-gremios-estatales-reiteraron-su-reclamo-de-un-aumento-salarial-urgente\/\" \/>\n<meta property=\"og:locale\" content=\"es_ES\" \/>\n<meta property=\"og:type\" content=\"article\" \/>\n<meta property=\"og:title\" content=\"LOS GREMIOS ESTATALES REITERARON SU RECLAMO DE UN AUMENTO SALARIAL URGENTE - Apuntes de San Luis\" \/>\n<meta property=\"og:description\" content=\"Los principales dirigentes del Sindicato Judiciales Puntanos (SiJuPu), la Asociaci\u00f3n de Profesionales y T\u00e9cnicos de...\" \/>\n<meta property=\"og:url\" content=\"https:\/\/apuntesdesanluis.com\/index.php\/2024\/02\/20\/los-gremios-estatales-reiteraron-su-reclamo-de-un-aumento-salarial-urgente\/\" \/>\n<meta property=\"og:site_name\" content=\"Apuntes de San Luis\" \/>\n<meta property=\"article:published_time\" content=\"2024-02-20T15:55:48+00:00\" \/>\n<meta property=\"article:modified_time\" content=\"2024-02-21T16:02:27+00:00\" \/>\n<meta property=\"og:image\" content=\"https:\/\/apuntesdesanluis.com\/wp-content\/uploads\/2024\/02\/porter-cardarelli-correa.png\" \/>\n\t<meta property=\"og:image:width\" content=\"641\" \/>\n\t<meta property=\"og:image:height\" content=\"402\" \/>\n\t<meta property=\"og:image:type\" content=\"image\/png\" \/>\n<meta name=\"author\" content=\"apuntesdesanluis.com\" \/>\n<meta name=\"twitter:card\" content=\"summary_large_image\" \/>\n<meta name=\"twitter:label1\" content=\"Escrito por\" \/>\n\t<meta name=\"twitter:data1\" content=\"apuntesdesanluis.com\" \/>\n\t<meta name=\"twitter:label2\" content=\"Tiempo de lectura\" \/>\n\t<meta name=\"twitter:data2\" content=\"4 minutos\" \/>\n<script type=\"application\/ld+json\" class=\"yoast-schema-graph\">{\"@context\":\"https:\/\/schema.org\",\"@graph\":[{\"@type\":\"Article\",\"@id\":\"https:\/\/apuntesdesanluis.com\/index.php\/2024\/02\/20\/los-gremios-estatales-reiteraron-su-reclamo-de-un-aumento-salarial-urgente\/#article\",\"isPartOf\":{\"@id\":\"https:\/\/apuntesdesanluis.com\/index.php\/2024\/02\/20\/los-gremios-estatales-reiteraron-su-reclamo-de-un-aumento-salarial-urgente\/\"},\"author\":{\"name\":\"apuntesdesanluis.com\",\"@id\":\"https:\/\/apuntesdesanluis.com\/#\/schema\/person\/b55151d52296fcce64d1a72538a70b90\"},\"headline\":\"LOS GREMIOS ESTATALES REITERARON SU RECLAMO DE UN AUMENTO SALARIAL URGENTE\",\"datePublished\":\"2024-02-20T15:55:48+00:00\",\"dateModified\":\"2024-02-21T16:02:27+00:00\",\"mainEntityOfPage\":{\"@id\":\"https:\/\/apuntesdesanluis.com\/index.php\/2024\/02\/20\/los-gremios-estatales-reiteraron-su-reclamo-de-un-aumento-salarial-urgente\/\"},\"wordCount\":735,\"publisher\":{\"@id\":\"https:\/\/apuntesdesanluis.com\/#\/schema\/person\/b55151d52296fcce64d1a72538a70b90\"},\"image\":{\"@id\":\"https:\/\/apuntesdesanluis.com\/index.php\/2024\/02\/20\/los-gremios-estatales-reiteraron-su-reclamo-de-un-aumento-salarial-urgente\/#primaryimage\"},\"thumbnailUrl\":\"https:\/\/apuntesdesanluis.com\/wp-content\/uploads\/2024\/02\/porter-cardarelli-correa.png\",\"articleSection\":[\"Ciudad\/Provincia\"],\"inLanguage\":\"es-AR\"},{\"@type\":\"WebPage\",\"@id\":\"https:\/\/apuntesdesanluis.com\/index.php\/2024\/02\/20\/los-gremios-estatales-reiteraron-su-reclamo-de-un-aumento-salarial-urgente\/\",\"url\":\"https:\/\/apuntesdesanluis.com\/index.php\/2024\/02\/20\/los-gremios-estatales-reiteraron-su-reclamo-de-un-aumento-salarial-urgente\/\",\"name\":\"LOS GREMIOS ESTATALES REITERARON SU RECLAMO DE UN AUMENTO SALARIAL URGENTE - Apuntes de San Luis\",\"isPartOf\":{\"@id\":\"https:\/\/apuntesdesanluis.com\/#website\"},\"primaryImageOfPage\":{\"@id\":\"https:\/\/apuntesdesanluis.com\/index.php\/2024\/02\/20\/los-gremios-estatales-reiteraron-su-reclamo-de-un-aumento-salarial-urgente\/#primaryimage\"},\"image\":{\"@id\":\"https:\/\/apuntesdesanluis.com\/index.php\/2024\/02\/20\/los-gremios-estatales-reiteraron-su-reclamo-de-un-aumento-salarial-urgente\/#primaryimage\"},\"thumbnailUrl\":\"https:\/\/apuntesdesanluis.com\/wp-content\/uploads\/2024\/02\/porter-cardarelli-correa.png\",\"datePublished\":\"2024-02-20T15:55:48+00:00\",\"dateModified\":\"2024-02-21T16:02:27+00:00\",\"breadcrumb\":{\"@id\":\"https:\/\/apuntesdesanluis.com\/index.php\/2024\/02\/20\/los-gremios-estatales-reiteraron-su-reclamo-de-un-aumento-salarial-urgente\/#breadcrumb\"},\"inLanguage\":\"es-AR\",\"potentialAction\":[{\"@type\":\"ReadAction\",\"target\":[\"https:\/\/apuntesdesanluis.com\/index.php\/2024\/02\/20\/los-gremios-estatales-reiteraron-su-reclamo-de-un-aumento-salarial-urgente\/\"]}]},{\"@type\":\"ImageObject\",\"inLanguage\":\"es-AR\",\"@id\":\"https:\/\/apuntesdesanluis.com\/index.php\/2024\/02\/20\/los-gremios-estatales-reiteraron-su-reclamo-de-un-aumento-salarial-urgente\/#primaryimage\",\"url\":\"https:\/\/apuntesdesanluis.com\/wp-content\/uploads\/2024\/02\/porter-cardarelli-correa.png\",\"contentUrl\":\"https:\/\/apuntesdesanluis.com\/wp-content\/uploads\/2024\/02\/porter-cardarelli-correa.png\",\"width\":641,\"height\":402},{\"@type\":\"BreadcrumbList\",\"@id\":\"https:\/\/apuntesdesanluis.com\/index.php\/2024\/02\/20\/los-gremios-estatales-reiteraron-su-reclamo-de-un-aumento-salarial-urgente\/#breadcrumb\",\"itemListElement\":[{\"@type\":\"ListItem\",\"position\":1,\"name\":\"Inicio\",\"item\":\"https:\/\/apuntesdesanluis.com\/\"},{\"@type\":\"ListItem\",\"position\":2,\"name\":\"LOS GREMIOS ESTATALES REITERARON SU RECLAMO DE UN AUMENTO SALARIAL URGENTE\"}]},{\"@type\":\"WebSite\",\"@id\":\"https:\/\/apuntesdesanluis.com\/#website\",\"url\":\"https:\/\/apuntesdesanluis.com\/\",\"name\":\"Apuntes de San Luis\",\"description\":\"\",\"publisher\":{\"@id\":\"https:\/\/apuntesdesanluis.com\/#\/schema\/person\/b55151d52296fcce64d1a72538a70b90\"},\"potentialAction\":[{\"@type\":\"SearchAction\",\"target\":{\"@type\":\"EntryPoint\",\"urlTemplate\":\"https:\/\/apuntesdesanluis.com\/?s={search_term_string}\"},\"query-input\":{\"@type\":\"PropertyValueSpecification\",\"valueRequired\":true,\"valueName\":\"search_term_string\"}}],\"inLanguage\":\"es-AR\"},{\"@type\":[\"Person\",\"Organization\"],\"@id\":\"https:\/\/apuntesdesanluis.com\/#\/schema\/person\/b55151d52296fcce64d1a72538a70b90\",\"name\":\"apuntesdesanluis.com\",\"image\":{\"@type\":\"ImageObject\",\"inLanguage\":\"es-AR\",\"@id\":\"https:\/\/apuntesdesanluis.com\/#\/schema\/person\/image\/\",\"url\":\"https:\/\/apuntesdesanluis.com\/wp-content\/uploads\/2023\/07\/cropped-apuntesdesanluis.png\",\"contentUrl\":\"https:\/\/apuntesdesanluis.com\/wp-content\/uploads\/2023\/07\/cropped-apuntesdesanluis.png\",\"width\":450,\"height\":112,\"caption\":\"apuntesdesanluis.com\"},\"logo\":{\"@id\":\"https:\/\/apuntesdesanluis.com\/#\/schema\/person\/image\/\"},\"sameAs\":[\"https:\/\/apuntesdesanluis.com\"],\"url\":\"https:\/\/apuntesdesanluis.com\/index.php\/author\/apuntesdesanluis-com\/\"}]}<\/script>\n<!-- \/ Yoast SEO plugin. -->","yoast_head_json":{"title":"LOS GREMIOS ESTATALES REITERARON SU RECLAMO DE UN AUMENTO SALARIAL URGENTE - Apuntes de San Luis","robots":{"index":"index","follow":"follow","max-snippet":"max-snippet:-1","max-image-preview":"max-image-preview:large","max-video-preview":"max-video-preview:-1"},"canonical":"https:\/\/apuntesdesanluis.com\/index.php\/2024\/02\/20\/los-gremios-estatales-reiteraron-su-reclamo-de-un-aumento-salarial-urgente\/","og_locale":"es_ES","og_type":"article","og_title":"LOS GREMIOS ESTATALES REITERARON SU RECLAMO DE UN AUMENTO SALARIAL URGENTE - Apuntes de San Luis","og_description":"Los principales dirigentes del Sindicato Judiciales Puntanos (SiJuPu), la Asociaci\u00f3n de Profesionales y T\u00e9cnicos de...","og_url":"https:\/\/apuntesdesanluis.com\/index.php\/2024\/02\/20\/los-gremios-estatales-reiteraron-su-reclamo-de-un-aumento-salarial-urgente\/","og_site_name":"Apuntes de San Luis","article_published_time":"2024-02-20T15:55:48+00:00","article_modified_time":"2024-02-21T16:02:27+00:00","og_image":[{"width":641,"height":402,"url":"https:\/\/apuntesdesanluis.com\/wp-content\/uploads\/2024\/02\/porter-cardarelli-correa.png","type":"image\/png"}],"author":"apuntesdesanluis.com","twitter_card":"summary_large_image","twitter_misc":{"Escrito por":"apuntesdesanluis.com","Tiempo de lectura":"4 minutos"},"schema":{"@context":"https:\/\/schema.org","@graph":[{"@type":"Article","@id":"https:\/\/apuntesdesanluis.com\/index.php\/2024\/02\/20\/los-gremios-estatales-reiteraron-su-reclamo-de-un-aumento-salarial-urgente\/#article","isPartOf":{"@id":"https:\/\/apuntesdesanluis.com\/index.php\/2024\/02\/20\/los-gremios-estatales-reiteraron-su-reclamo-de-un-aumento-salarial-urgente\/"},"author":{"name":"apuntesdesanluis.com","@id":"https:\/\/apuntesdesanluis.com\/#\/schema\/person\/b55151d52296fcce64d1a72538a70b90"},"headline":"LOS GREMIOS ESTATALES REITERARON SU RECLAMO DE UN AUMENTO SALARIAL URGENTE","datePublished":"2024-02-20T15:55:48+00:00","dateModified":"2024-02-21T16:02:27+00:00","mainEntityOfPage":{"@id":"https:\/\/apuntesdesanluis.com\/index.php\/2024\/02\/20\/los-gremios-estatales-reiteraron-su-reclamo-de-un-aumento-salarial-urgente\/"},"wordCount":735,"publisher":{"@id":"https:\/\/apuntesdesanluis.com\/#\/schema\/person\/b55151d52296fcce64d1a72538a70b90"},"image":{"@id":"https:\/\/apuntesdesanluis.com\/index.php\/2024\/02\/20\/los-gremios-estatales-reiteraron-su-reclamo-de-un-aumento-salarial-urgente\/#primaryimage"},"thumbnailUrl":"https:\/\/apuntesdesanluis.com\/wp-content\/uploads\/2024\/02\/porter-cardarelli-correa.png","articleSection":["Ciudad\/Provincia"],"inLanguage":"es-AR"},{"@type":"WebPage","@id":"https:\/\/apuntesdesanluis.com\/index.php\/2024\/02\/20\/los-gremios-estatales-reiteraron-su-reclamo-de-un-aumento-salarial-urgente\/","url":"https:\/\/apuntesdesanluis.com\/index.php\/2024\/02\/20\/los-gremios-estatales-reiteraron-su-reclamo-de-un-aumento-salarial-urgente\/","name":"LOS GREMIOS ESTATALES REITERARON SU RECLAMO DE UN AUMENTO SALARIAL URGENTE - Apuntes de San Luis","isPartOf":{"@id":"https:\/\/apuntesdesanluis.com\/#website"},"primaryImageOfPage":{"@id":"https:\/\/apuntesdesanluis.com\/index.php\/2024\/02\/20\/los-gremios-estatales-reiteraron-su-reclamo-de-un-aumento-salarial-urgente\/#primaryimage"},"image":{"@id":"https:\/\/apuntesdesanluis.com\/index.php\/2024\/02\/20\/los-gremios-estatales-reiteraron-su-reclamo-de-un-aumento-salarial-urgente\/#primaryimage"},"thumbnailUrl":"https:\/\/apuntesdesanluis.com\/wp-content\/uploads\/2024\/02\/porter-cardarelli-correa.png","datePublished":"2024-02-20T15:55:48+00:00","dateModified":"2024-02-21T16:02:27+00:00","breadcrumb":{"@id":"https:\/\/apuntesdesanluis.com\/index.php\/2024\/02\/20\/los-gremios-estatales-reiteraron-su-reclamo-de-un-aumento-salarial-urgente\/#breadcrumb"},"inLanguage":"es-AR","potentialAction":[{"@type":"ReadAction","target":["https:\/\/apuntesdesanluis.com\/index.php\/2024\/02\/20\/los-gremios-estatales-reiteraron-su-reclamo-de-un-aumento-salarial-urgente\/"]}]},{"@type":"ImageObject","inLanguage":"es-AR","@id":"https:\/\/apuntesdesanluis.com\/index.php\/2024\/02\/20\/los-gremios-estatales-reiteraron-su-reclamo-de-un-aumento-salarial-urgente\/#primaryimage","url":"https:\/\/apuntesdesanluis.com\/wp-content\/uploads\/2024\/02\/porter-cardarelli-correa.png","contentUrl":"https:\/\/apuntesdesanluis.com\/wp-content\/uploads\/2024\/02\/porter-cardarelli-correa.png","width":641,"height":402},{"@type":"BreadcrumbList","@id":"https:\/\/apuntesdesanluis.com\/index.php\/2024\/02\/20\/los-gremios-estatales-reiteraron-su-reclamo-de-un-aumento-salarial-urgente\/#breadcrumb","itemListElement":[{"@type":"ListItem","position":1,"name":"Inicio","item":"https:\/\/apuntesdesanluis.com\/"},{"@type":"ListItem","position":2,"name":"LOS GREMIOS ESTATALES REITERARON SU RECLAMO DE UN AUMENTO SALARIAL URGENTE"}]},{"@type":"WebSite","@id":"https:\/\/apuntesdesanluis.com\/#website","url":"https:\/\/apuntesdesanluis.com\/","name":"Apuntes de San Luis","description":"","publisher":{"@id":"https:\/\/apuntesdesanluis.com\/#\/schema\/person\/b55151d52296fcce64d1a72538a70b90"},"potentialAction":[{"@type":"SearchAction","target":{"@type":"EntryPoint","urlTemplate":"https:\/\/apuntesdesanluis.com\/?s={search_term_string}"},"query-input":{"@type":"PropertyValueSpecification","valueRequired":true,"valueName":"search_term_string"}}],"inLanguage":"es-AR"},{"@type":["Person","Organization"],"@id":"https:\/\/apuntesdesanluis.com\/#\/schema\/person\/b55151d52296fcce64d1a72538a70b90","name":"apuntesdesanluis.com","image":{"@type":"ImageObject","inLanguage":"es-AR","@id":"https:\/\/apuntesdesanluis.com\/#\/schema\/person\/image\/","url":"https:\/\/apuntesdesanluis.com\/wp-content\/uploads\/2023\/07\/cropped-apuntesdesanluis.png","contentUrl":"https:\/\/apuntesdesanluis.com\/wp-content\/uploads\/2023\/07\/cropped-apuntesdesanluis.png","width":450,"height":112,"caption":"apuntesdesanluis.com"},"logo":{"@id":"https:\/\/apuntesdesanluis.com\/#\/schema\/person\/image\/"},"sameAs":["https:\/\/apuntesdesanluis.com"],"url":"https:\/\/apuntesdesanluis.com\/index.php\/author\/apuntesdesanluis-com\/"}]}},"featured_image_urls":{"full":["https:\/\/apuntesdesanluis.com\/wp-content\/uploads\/2024\/02\/porter-cardarelli-correa.png",641,402,false],"thumbnail":["https:\/\/apuntesdesanluis.com\/wp-content\/uploads\/2024\/02\/porter-cardarelli-correa-150x150.png",150,150,true],"medium":["https:\/\/apuntesdesanluis.com\/wp-content\/uploads\/2024\/02\/porter-cardarelli-correa-300x188.png",300,188,true],"medium_large":["https:\/\/apuntesdesanluis.com\/wp-content\/uploads\/2024\/02\/porter-cardarelli-correa.png",640,401,false],"large":["https:\/\/apuntesdesanluis.com\/wp-content\/uploads\/2024\/02\/porter-cardarelli-correa.png",640,401,false],"1536x1536":["https:\/\/apuntesdesanluis.com\/wp-content\/uploads\/2024\/02\/porter-cardarelli-correa.png",641,402,false],"2048x2048":["https:\/\/apuntesdesanluis.com\/wp-content\/uploads\/2024\/02\/porter-cardarelli-correa.png",641,402,false],"newsever-slider-full":["https:\/\/apuntesdesanluis.com\/wp-content\/uploads\/2024\/02\/porter-cardarelli-correa.png",641,402,false],"newsever-featured":["https:\/\/apuntesdesanluis.com\/wp-content\/uploads\/2024\/02\/porter-cardarelli-correa.png",641,402,false],"newsever-medium":["https:\/\/apuntesdesanluis.com\/wp-content\/uploads\/2024\/02\/porter-cardarelli-correa.png",641,402,false]},"author_info":{"display_name":"apuntesdesanluis.com","author_link":"https:\/\/apuntesdesanluis.com\/index.php\/author\/apuntesdesanluis-com\/"},"category_info":"<a href=\"https:\/\/apuntesdesanluis.com\/index.php\/category\/ciudad-provincia\/\" rel=\"category tag\">Ciudad\/Provincia<\/a>","tag_info":"Ciudad\/Provincia","comment_count":"0","_links":{"self":[{"href":"https:\/\/apuntesdesanluis.com\/index.php\/wp-json\/wp\/v2\/posts\/12051","targetHints":{"allow":["GET"]}}],"collection":[{"href":"https:\/\/apuntesdesanluis.com\/index.php\/wp-json\/wp\/v2\/posts"}],"about":[{"href":"https:\/\/apuntesdesanluis.com\/index.php\/wp-json\/wp\/v2\/types\/post"}],"author":[{"embeddable":true,"href":"https:\/\/apuntesdesanluis.com\/index.php\/wp-json\/wp\/v2\/users\/1"}],"replies":[{"embeddable":true,"href":"https:\/\/apuntesdesanluis.com\/index.php\/wp-json\/wp\/v2\/comments?post=12051"}],"version-history":[{"count":2,"href":"https:\/\/apuntesdesanluis.com\/index.php\/wp-json\/wp\/v2\/posts\/12051\/revisions"}],"predecessor-version":[{"id":12054,"href":"https:\/\/apuntesdesanluis.com\/index.php\/wp-json\/wp\/v2\/posts\/12051\/revisions\/12054"}],"wp:featuredmedia":[{"embeddable":true,"href":"https:\/\/apuntesdesanluis.com\/index.php\/wp-json\/wp\/v2\/media\/12052"}],"wp:attachment":[{"href":"https:\/\/apuntesdesanluis.com\/index.php\/wp-json\/wp\/v2\/media?parent=12051"}],"wp:term":[{"taxonomy":"category","embeddable":true,"href":"https:\/\/apuntesdesanluis.com\/index.php\/wp-json\/wp\/v2\/categories?post=12051"},{"taxonomy":"post_tag","embeddable":true,"href":"https:\/\/apuntesdesanluis.com\/index.php\/wp-json\/wp\/v2\/tags?post=12051"}],"curies":[{"name":"wp","href":"https:\/\/api.w.org\/{rel}","templated":true}]}}