{"id":12055,"date":"2024-02-21T18:17:57","date_gmt":"2024-02-21T21:17:57","guid":{"rendered":"https:\/\/apuntesdesanluis.com\/?p=12055"},"modified":"2024-02-21T18:18:19","modified_gmt":"2024-02-21T21:18:19","slug":"mondino-mantuvo-una-fuerte-discusion-con-cameron-por-la-soberania-argentina-en-las-islas-malvinas","status":"publish","type":"post","link":"https:\/\/apuntesdesanluis.com\/index.php\/2024\/02\/21\/mondino-mantuvo-una-fuerte-discusion-con-cameron-por-la-soberania-argentina-en-las-islas-malvinas\/","title":{"rendered":"MONDINO MANTUVO UNA FUERTE DISCUSI\u00d3N CON CAMERON POR LA SOBERAN\u00cdA ARGENTINA EN LAS ISLAS MALVINAS"},"content":{"rendered":"<h3>La canciller <strong>Diana Mondino<\/strong> mantuvo una fuerte discusi\u00f3n con <strong>David Cameron<\/strong> por la soberan\u00eda de la Argentina en las Islas Malvinas\u00a0en la Cumbre de Ministros de Asuntos Exteriores del G20 en R\u00edo de Janeiro. La canciller cuestion\u00f3 la visita del secretario del Foreign Office a Malvinas y sus declaraciones p\u00fablicas negando los derechos territoriales del pa\u00eds sobre las Islas del Atl\u00e1ntico Sur.<\/h3>\n<h3>La reuni\u00f3n se extendi\u00f3 por cuarenta y cinco minutos, y junto a Mondino se alinearon Marcia Levaggi, subsecretaria de Pol\u00edtica Exterior, y Gerry D\u00edaz Bartolome, director de Comunicaci\u00f3n Estrat\u00e9gica de la Canciller\u00eda.<\/h3>\n<h3>Cuando concluy\u00f3 el \u00e1cido encuentro diplom\u00e1tico, un comunicado oficial del Ministerio de Relaciones Exteriores inform\u00f3:<\/h3>\n<h3>\u201cEn cuanto a la Cuesti\u00f3n de las Islas Malvinas, la Canciller Mondino y el Secretario Cameron reconocieron la existencia de un desacuerdo. La Canciller Mondino expres\u00f3 el malestar por sus declaraciones y su visita a las Islas Malvinas, tras lo cual reafirm\u00f3 los derechos de soberan\u00eda de la Rep\u00fablica Argentina en la Cuesti\u00f3n de las Islas Malvinas y reiter\u00f3 la disposici\u00f3n de su pa\u00eds a resolver la disputa de conformidad con el mandato de la comunidad internacional. A pesar de esta situaci\u00f3n, se\u00f1alaron la relevancia de avanzar en la cooperaci\u00f3n en \u00e1reas mutuamente beneficiosas\u201d.<\/h3>\n<h3>Frente a este comunicado del Palacio San Mart\u00edn, el Foreign Office fij\u00f3 su postura sin desmentir la informaci\u00f3n oficial respecto al fuerte debate sobre la soberan\u00eda de las Islas Malvinas que protagonizaron Mondino y Cameron.<\/h3>\n<p><img fetchpriority=\"high\" decoding=\"async\" class=\"wp-image-12057 aligncenter\" src=\"https:\/\/apuntesdesanluis.com\/wp-content\/uploads\/2024\/02\/cameron-mondino-300x174.png\" alt=\"\" width=\"616\" height=\"357\" srcset=\"https:\/\/apuntesdesanluis.com\/wp-content\/uploads\/2024\/02\/cameron-mondino-300x174.png 300w, https:\/\/apuntesdesanluis.com\/wp-content\/uploads\/2024\/02\/cameron-mondino.png 600w\" sizes=\"(max-width: 616px) 100vw, 616px\" \/><\/p>\n<h3>\u201cEl Ministro de Asuntos Exteriores, David Cameron, se reuni\u00f3 hoy [21 de febrero de 2024] con la canciller de Argentina, Diana Mondino, en la Cumbre de Ministros de Asuntos Exteriores del G20 en R\u00edo de Janeiro. (&#8230;) En cuanto a las Islas Falkland (Islas Malvinas, nota del editor), el Ministro de Asuntos Exteriores reiter\u00f3 el continuo apoyo del Reino Unido al derecho de autodeterminaci\u00f3n de los habitantes de las Islas Falkland (Islas Malvinas). Sin embargo, se\u00f1alaron que esto no impedir\u00eda la cooperaci\u00f3n en \u00e1reas que ser\u00edan mutuamente beneficiosas.\u201d<\/h3>\n<h3>El c\u00f3nclave en el G20 de R\u00edo de Janeiro fue solicitado por el secretario del Foreign Office y su sentido pol\u00edtico respondi\u00f3 esencialmente a la agenda dom\u00e9stica del Reino Unido. Cameron viaj\u00f3 a las Malvinas para aprovechar el nacionalismo local en las pr\u00f3ximas elecciones en Gran Breta\u00f1a, adonde el premier conservador Rishi Sunak puede caer derrotado por Keir Starmer, su adversario laborista.<\/h3>\n<h3>En este contexto, el secretario del Foreign Office mont\u00f3 una campa\u00f1a publicitaria apoyada en el rechazo de la soberan\u00eda que tiene Argentina en las Islas Malvinas. Cameron poste\u00f3 declaraciones en X (antes Twitter) y public\u00f3 un video que sirve para fortalecer el voto del premier Sunak entre el electorado de m\u00e1s de cincuenta a\u00f1os y muy conservador.<\/h3>\n<h3>\u201cEn las Islas Malvinas present\u00e9 mis respetos a todos aquellos que perdieron la vida durante el conflicto de 1982. Nunca olvidaremos el incre\u00edble servicio de las fuerzas brit\u00e1nicas. Siempre apoyaremos los derechos de los habitantes de las Islas Malvinas y su trabajo para sostener la pr\u00f3spera comunidad moderna aqu\u00ed\u201d, poste\u00f3 Cameron en su cuenta oficial de X antes de ir a R\u00edo de Janeiro con escala previa en Asunci\u00f3n (Paraguay).<\/h3>\n<h3>Durante la tensa reuni\u00f3n que mantuvo con Mondino, el secretario brit\u00e1nico repiti\u00f3 los argumentos que despleg\u00f3 en las redes sociales. Es decir: Las Malvinas pertenecen al Reino Unido y con la Argentina s\u00f3lo habr\u00e1 intenciones de mantener buenas relaciones diplom\u00e1ticas, si eso implica resignar el derecho territorial sobre las Islas del Atl\u00e1ntico Sur que naci\u00f3 el mismo d\u00eda que la Revoluci\u00f3n de Mayo.<\/h3>\n<h3>La canciller cruz\u00f3 a Cameron. Le cuestion\u00f3 que haya viajado a las Malvinas, que desplegara un discurso pol\u00edtico por afuera de los c\u00e1nones diplom\u00e1ticos y que se negara a respetar las resoluciones de las Naciones Unidas que instan a las dos partes en conflicto a iniciar un proceso de negociaci\u00f3n para terminar con la disputa territorial.<\/h3>\n<h3>Durante su encuentro con Cameron en Davos, Javier Milei ratific\u00f3 su reclamo por la soberan\u00eda argentina en Malvinas y reiter\u00f3 que la v\u00eda diplom\u00e1tica es el \u00fanico camino para resolver las diferencias territoriales con Gran Breta\u00f1a. En campa\u00f1a electoral, el Presidente plante\u00f3 la hip\u00f3tesis de Hong Kong para resolver el diferendo con Londres, pero esa v\u00eda diplom\u00e1tica ya ha quedado descartada por la opini\u00f3n adversa del Foreign Office.<\/h3>\n<h3>Reino Unido nunca afirm\u00f3 que Hong Kong pertenec\u00eda a la Corona Brit\u00e1nica y China tiene m\u00e1s volumen geopol\u00edtico que la Argentina. Ergo: Gran Breta\u00f1a jam\u00e1s aceptar\u00e1 comparar la situaci\u00f3n de las Malvinas con la trayectoria geopol\u00edtica de la isla de Hong Kong, que la Reina Victoria se apropi\u00f3 tras la Guerra del Opio en 1842.<\/h3>\n<h3>Ahora, tras el fuerte debate que lider\u00f3 Mondino en R\u00edo de Janeiro, qued\u00f3 absolutamente claro que Londres no aceptar\u00e1 ninguna alternativa diplom\u00e1tica para encontrar una salida al conflicto territorial. Ni la hip\u00f3tesis Hong Kong, ni la interdependencia econ\u00f3mica entre Argentina y Gran Breta\u00f1a.<\/h3>\n<h3>De todas maneras, la canciller ratific\u00f3 la voluntad de la Argentina de resolver las diferencias a trav\u00e9s de la ley y la diplomacia. El comunicado del Palacio San Mart\u00edn no deja ninguna duda: Mondino \u201creiter\u00f3 la disposici\u00f3n de su pa\u00eds a resolver la disputa de conformidad con el mandato de la comunidad internacional\u201d, dice casi al final de su texto oficial.<\/h3>\n<p>&nbsp;<\/p>\n<p>&nbsp;<\/p>\n<p>&nbsp;<\/p>\n","protected":false},"excerpt":{"rendered":"<p>La canciller Diana Mondino mantuvo una fuerte discusi\u00f3n con David Cameron por la soberan\u00eda de&#8230;<\/p>\n","protected":false},"author":1,"featured_media":12056,"comment_status":"closed","ping_status":"closed","sticky":false,"template":"","format":"standard","meta":{"footnotes":""},"categories":[5],"tags":[],"class_list":["post-12055","post","type-post","status-publish","format-standard","has-post-thumbnail","hentry","category-nacionales-internacionales"],"yoast_head":"<!-- This site is optimized with the Yoast SEO plugin v26.1.1 - https:\/\/yoast.com\/wordpress\/plugins\/seo\/ -->\n<title>MONDINO MANTUVO UNA FUERTE DISCUSI\u00d3N CON CAMERON POR LA SOBERAN\u00cdA ARGENTINA EN LAS ISLAS MALVINAS - Apuntes de San Luis<\/title>\n<meta name=\"robots\" content=\"index, follow, max-snippet:-1, max-image-preview:large, max-video-preview:-1\" \/>\n<link rel=\"canonical\" href=\"https:\/\/apuntesdesanluis.com\/index.php\/2024\/02\/21\/mondino-mantuvo-una-fuerte-discusion-con-cameron-por-la-soberania-argentina-en-las-islas-malvinas\/\" \/>\n<meta property=\"og:locale\" content=\"es_ES\" \/>\n<meta property=\"og:type\" content=\"article\" \/>\n<meta property=\"og:title\" content=\"MONDINO MANTUVO UNA FUERTE DISCUSI\u00d3N CON CAMERON POR LA SOBERAN\u00cdA ARGENTINA EN LAS ISLAS MALVINAS - Apuntes de San Luis\" \/>\n<meta property=\"og:description\" content=\"La canciller Diana Mondino mantuvo una fuerte discusi\u00f3n con David Cameron por la soberan\u00eda de...\" \/>\n<meta property=\"og:url\" content=\"https:\/\/apuntesdesanluis.com\/index.php\/2024\/02\/21\/mondino-mantuvo-una-fuerte-discusion-con-cameron-por-la-soberania-argentina-en-las-islas-malvinas\/\" \/>\n<meta property=\"og:site_name\" content=\"Apuntes de San Luis\" \/>\n<meta property=\"article:published_time\" content=\"2024-02-21T21:17:57+00:00\" \/>\n<meta property=\"article:modified_time\" content=\"2024-02-21T21:18:19+00:00\" \/>\n<meta property=\"og:image\" content=\"https:\/\/apuntesdesanluis.com\/wp-content\/uploads\/2024\/02\/mondino-cameron.jpg\" \/>\n\t<meta property=\"og:image:width\" content=\"700\" \/>\n\t<meta property=\"og:image:height\" content=\"396\" \/>\n\t<meta property=\"og:image:type\" content=\"image\/jpeg\" \/>\n<meta name=\"author\" content=\"apuntesdesanluis.com\" \/>\n<meta name=\"twitter:card\" content=\"summary_large_image\" \/>\n<meta name=\"twitter:label1\" content=\"Escrito por\" \/>\n\t<meta name=\"twitter:data1\" content=\"apuntesdesanluis.com\" \/>\n\t<meta name=\"twitter:label2\" content=\"Tiempo de lectura\" \/>\n\t<meta name=\"twitter:data2\" content=\"5 minutos\" \/>\n<script type=\"application\/ld+json\" class=\"yoast-schema-graph\">{\"@context\":\"https:\/\/schema.org\",\"@graph\":[{\"@type\":\"Article\",\"@id\":\"https:\/\/apuntesdesanluis.com\/index.php\/2024\/02\/21\/mondino-mantuvo-una-fuerte-discusion-con-cameron-por-la-soberania-argentina-en-las-islas-malvinas\/#article\",\"isPartOf\":{\"@id\":\"https:\/\/apuntesdesanluis.com\/index.php\/2024\/02\/21\/mondino-mantuvo-una-fuerte-discusion-con-cameron-por-la-soberania-argentina-en-las-islas-malvinas\/\"},\"author\":{\"name\":\"apuntesdesanluis.com\",\"@id\":\"https:\/\/apuntesdesanluis.com\/#\/schema\/person\/b55151d52296fcce64d1a72538a70b90\"},\"headline\":\"MONDINO MANTUVO UNA FUERTE DISCUSI\u00d3N CON CAMERON POR LA SOBERAN\u00cdA ARGENTINA EN LAS ISLAS MALVINAS\",\"datePublished\":\"2024-02-21T21:17:57+00:00\",\"dateModified\":\"2024-02-21T21:18:19+00:00\",\"mainEntityOfPage\":{\"@id\":\"https:\/\/apuntesdesanluis.com\/index.php\/2024\/02\/21\/mondino-mantuvo-una-fuerte-discusion-con-cameron-por-la-soberania-argentina-en-las-islas-malvinas\/\"},\"wordCount\":960,\"publisher\":{\"@id\":\"https:\/\/apuntesdesanluis.com\/#\/schema\/person\/b55151d52296fcce64d1a72538a70b90\"},\"image\":{\"@id\":\"https:\/\/apuntesdesanluis.com\/index.php\/2024\/02\/21\/mondino-mantuvo-una-fuerte-discusion-con-cameron-por-la-soberania-argentina-en-las-islas-malvinas\/#primaryimage\"},\"thumbnailUrl\":\"https:\/\/apuntesdesanluis.com\/wp-content\/uploads\/2024\/02\/mondino-cameron.jpg\",\"articleSection\":[\"Nacionales\/Internacionales\"],\"inLanguage\":\"es-AR\"},{\"@type\":\"WebPage\",\"@id\":\"https:\/\/apuntesdesanluis.com\/index.php\/2024\/02\/21\/mondino-mantuvo-una-fuerte-discusion-con-cameron-por-la-soberania-argentina-en-las-islas-malvinas\/\",\"url\":\"https:\/\/apuntesdesanluis.com\/index.php\/2024\/02\/21\/mondino-mantuvo-una-fuerte-discusion-con-cameron-por-la-soberania-argentina-en-las-islas-malvinas\/\",\"name\":\"MONDINO MANTUVO UNA FUERTE DISCUSI\u00d3N CON CAMERON POR LA SOBERAN\u00cdA ARGENTINA EN LAS ISLAS MALVINAS - Apuntes de San Luis\",\"isPartOf\":{\"@id\":\"https:\/\/apuntesdesanluis.com\/#website\"},\"primaryImageOfPage\":{\"@id\":\"https:\/\/apuntesdesanluis.com\/index.php\/2024\/02\/21\/mondino-mantuvo-una-fuerte-discusion-con-cameron-por-la-soberania-argentina-en-las-islas-malvinas\/#primaryimage\"},\"image\":{\"@id\":\"https:\/\/apuntesdesanluis.com\/index.php\/2024\/02\/21\/mondino-mantuvo-una-fuerte-discusion-con-cameron-por-la-soberania-argentina-en-las-islas-malvinas\/#primaryimage\"},\"thumbnailUrl\":\"https:\/\/apuntesdesanluis.com\/wp-content\/uploads\/2024\/02\/mondino-cameron.jpg\",\"datePublished\":\"2024-02-21T21:17:57+00:00\",\"dateModified\":\"2024-02-21T21:18:19+00:00\",\"breadcrumb\":{\"@id\":\"https:\/\/apuntesdesanluis.com\/index.php\/2024\/02\/21\/mondino-mantuvo-una-fuerte-discusion-con-cameron-por-la-soberania-argentina-en-las-islas-malvinas\/#breadcrumb\"},\"inLanguage\":\"es-AR\",\"potentialAction\":[{\"@type\":\"ReadAction\",\"target\":[\"https:\/\/apuntesdesanluis.com\/index.php\/2024\/02\/21\/mondino-mantuvo-una-fuerte-discusion-con-cameron-por-la-soberania-argentina-en-las-islas-malvinas\/\"]}]},{\"@type\":\"ImageObject\",\"inLanguage\":\"es-AR\",\"@id\":\"https:\/\/apuntesdesanluis.com\/index.php\/2024\/02\/21\/mondino-mantuvo-una-fuerte-discusion-con-cameron-por-la-soberania-argentina-en-las-islas-malvinas\/#primaryimage\",\"url\":\"https:\/\/apuntesdesanluis.com\/wp-content\/uploads\/2024\/02\/mondino-cameron.jpg\",\"contentUrl\":\"https:\/\/apuntesdesanluis.com\/wp-content\/uploads\/2024\/02\/mondino-cameron.jpg\",\"width\":700,\"height\":396},{\"@type\":\"BreadcrumbList\",\"@id\":\"https:\/\/apuntesdesanluis.com\/index.php\/2024\/02\/21\/mondino-mantuvo-una-fuerte-discusion-con-cameron-por-la-soberania-argentina-en-las-islas-malvinas\/#breadcrumb\",\"itemListElement\":[{\"@type\":\"ListItem\",\"position\":1,\"name\":\"Inicio\",\"item\":\"https:\/\/apuntesdesanluis.com\/\"},{\"@type\":\"ListItem\",\"position\":2,\"name\":\"MONDINO MANTUVO UNA FUERTE DISCUSI\u00d3N CON CAMERON POR LA SOBERAN\u00cdA ARGENTINA EN LAS ISLAS MALVINAS\"}]},{\"@type\":\"WebSite\",\"@id\":\"https:\/\/apuntesdesanluis.com\/#website\",\"url\":\"https:\/\/apuntesdesanluis.com\/\",\"name\":\"Apuntes de San Luis\",\"description\":\"\",\"publisher\":{\"@id\":\"https:\/\/apuntesdesanluis.com\/#\/schema\/person\/b55151d52296fcce64d1a72538a70b90\"},\"potentialAction\":[{\"@type\":\"SearchAction\",\"target\":{\"@type\":\"EntryPoint\",\"urlTemplate\":\"https:\/\/apuntesdesanluis.com\/?s={search_term_string}\"},\"query-input\":{\"@type\":\"PropertyValueSpecification\",\"valueRequired\":true,\"valueName\":\"search_term_string\"}}],\"inLanguage\":\"es-AR\"},{\"@type\":[\"Person\",\"Organization\"],\"@id\":\"https:\/\/apuntesdesanluis.com\/#\/schema\/person\/b55151d52296fcce64d1a72538a70b90\",\"name\":\"apuntesdesanluis.com\",\"image\":{\"@type\":\"ImageObject\",\"inLanguage\":\"es-AR\",\"@id\":\"https:\/\/apuntesdesanluis.com\/#\/schema\/person\/image\/\",\"url\":\"https:\/\/apuntesdesanluis.com\/wp-content\/uploads\/2023\/07\/cropped-apuntesdesanluis.png\",\"contentUrl\":\"https:\/\/apuntesdesanluis.com\/wp-content\/uploads\/2023\/07\/cropped-apuntesdesanluis.png\",\"width\":450,\"height\":112,\"caption\":\"apuntesdesanluis.com\"},\"logo\":{\"@id\":\"https:\/\/apuntesdesanluis.com\/#\/schema\/person\/image\/\"},\"sameAs\":[\"https:\/\/apuntesdesanluis.com\"],\"url\":\"https:\/\/apuntesdesanluis.com\/index.php\/author\/apuntesdesanluis-com\/\"}]}<\/script>\n<!-- \/ Yoast SEO plugin. -->","yoast_head_json":{"title":"MONDINO MANTUVO UNA FUERTE DISCUSI\u00d3N CON CAMERON POR LA SOBERAN\u00cdA ARGENTINA EN LAS ISLAS MALVINAS - Apuntes de San Luis","robots":{"index":"index","follow":"follow","max-snippet":"max-snippet:-1","max-image-preview":"max-image-preview:large","max-video-preview":"max-video-preview:-1"},"canonical":"https:\/\/apuntesdesanluis.com\/index.php\/2024\/02\/21\/mondino-mantuvo-una-fuerte-discusion-con-cameron-por-la-soberania-argentina-en-las-islas-malvinas\/","og_locale":"es_ES","og_type":"article","og_title":"MONDINO MANTUVO UNA FUERTE DISCUSI\u00d3N CON CAMERON POR LA SOBERAN\u00cdA ARGENTINA EN LAS ISLAS MALVINAS - Apuntes de San Luis","og_description":"La canciller Diana Mondino mantuvo una fuerte discusi\u00f3n con David Cameron por la soberan\u00eda de...","og_url":"https:\/\/apuntesdesanluis.com\/index.php\/2024\/02\/21\/mondino-mantuvo-una-fuerte-discusion-con-cameron-por-la-soberania-argentina-en-las-islas-malvinas\/","og_site_name":"Apuntes de San Luis","article_published_time":"2024-02-21T21:17:57+00:00","article_modified_time":"2024-02-21T21:18:19+00:00","og_image":[{"width":700,"height":396,"url":"https:\/\/apuntesdesanluis.com\/wp-content\/uploads\/2024\/02\/mondino-cameron.jpg","type":"image\/jpeg"}],"author":"apuntesdesanluis.com","twitter_card":"summary_large_image","twitter_misc":{"Escrito por":"apuntesdesanluis.com","Tiempo de lectura":"5 minutos"},"schema":{"@context":"https:\/\/schema.org","@graph":[{"@type":"Article","@id":"https:\/\/apuntesdesanluis.com\/index.php\/2024\/02\/21\/mondino-mantuvo-una-fuerte-discusion-con-cameron-por-la-soberania-argentina-en-las-islas-malvinas\/#article","isPartOf":{"@id":"https:\/\/apuntesdesanluis.com\/index.php\/2024\/02\/21\/mondino-mantuvo-una-fuerte-discusion-con-cameron-por-la-soberania-argentina-en-las-islas-malvinas\/"},"author":{"name":"apuntesdesanluis.com","@id":"https:\/\/apuntesdesanluis.com\/#\/schema\/person\/b55151d52296fcce64d1a72538a70b90"},"headline":"MONDINO MANTUVO UNA FUERTE DISCUSI\u00d3N CON CAMERON POR LA SOBERAN\u00cdA ARGENTINA EN LAS ISLAS MALVINAS","datePublished":"2024-02-21T21:17:57+00:00","dateModified":"2024-02-21T21:18:19+00:00","mainEntityOfPage":{"@id":"https:\/\/apuntesdesanluis.com\/index.php\/2024\/02\/21\/mondino-mantuvo-una-fuerte-discusion-con-cameron-por-la-soberania-argentina-en-las-islas-malvinas\/"},"wordCount":960,"publisher":{"@id":"https:\/\/apuntesdesanluis.com\/#\/schema\/person\/b55151d52296fcce64d1a72538a70b90"},"image":{"@id":"https:\/\/apuntesdesanluis.com\/index.php\/2024\/02\/21\/mondino-mantuvo-una-fuerte-discusion-con-cameron-por-la-soberania-argentina-en-las-islas-malvinas\/#primaryimage"},"thumbnailUrl":"https:\/\/apuntesdesanluis.com\/wp-content\/uploads\/2024\/02\/mondino-cameron.jpg","articleSection":["Nacionales\/Internacionales"],"inLanguage":"es-AR"},{"@type":"WebPage","@id":"https:\/\/apuntesdesanluis.com\/index.php\/2024\/02\/21\/mondino-mantuvo-una-fuerte-discusion-con-cameron-por-la-soberania-argentina-en-las-islas-malvinas\/","url":"https:\/\/apuntesdesanluis.com\/index.php\/2024\/02\/21\/mondino-mantuvo-una-fuerte-discusion-con-cameron-por-la-soberania-argentina-en-las-islas-malvinas\/","name":"MONDINO MANTUVO UNA FUERTE DISCUSI\u00d3N CON CAMERON POR LA SOBERAN\u00cdA ARGENTINA EN LAS ISLAS MALVINAS - Apuntes de San Luis","isPartOf":{"@id":"https:\/\/apuntesdesanluis.com\/#website"},"primaryImageOfPage":{"@id":"https:\/\/apuntesdesanluis.com\/index.php\/2024\/02\/21\/mondino-mantuvo-una-fuerte-discusion-con-cameron-por-la-soberania-argentina-en-las-islas-malvinas\/#primaryimage"},"image":{"@id":"https:\/\/apuntesdesanluis.com\/index.php\/2024\/02\/21\/mondino-mantuvo-una-fuerte-discusion-con-cameron-por-la-soberania-argentina-en-las-islas-malvinas\/#primaryimage"},"thumbnailUrl":"https:\/\/apuntesdesanluis.com\/wp-content\/uploads\/2024\/02\/mondino-cameron.jpg","datePublished":"2024-02-21T21:17:57+00:00","dateModified":"2024-02-21T21:18:19+00:00","breadcrumb":{"@id":"https:\/\/apuntesdesanluis.com\/index.php\/2024\/02\/21\/mondino-mantuvo-una-fuerte-discusion-con-cameron-por-la-soberania-argentina-en-las-islas-malvinas\/#breadcrumb"},"inLanguage":"es-AR","potentialAction":[{"@type":"ReadAction","target":["https:\/\/apuntesdesanluis.com\/index.php\/2024\/02\/21\/mondino-mantuvo-una-fuerte-discusion-con-cameron-por-la-soberania-argentina-en-las-islas-malvinas\/"]}]},{"@type":"ImageObject","inLanguage":"es-AR","@id":"https:\/\/apuntesdesanluis.com\/index.php\/2024\/02\/21\/mondino-mantuvo-una-fuerte-discusion-con-cameron-por-la-soberania-argentina-en-las-islas-malvinas\/#primaryimage","url":"https:\/\/apuntesdesanluis.com\/wp-content\/uploads\/2024\/02\/mondino-cameron.jpg","contentUrl":"https:\/\/apuntesdesanluis.com\/wp-content\/uploads\/2024\/02\/mondino-cameron.jpg","width":700,"height":396},{"@type":"BreadcrumbList","@id":"https:\/\/apuntesdesanluis.com\/index.php\/2024\/02\/21\/mondino-mantuvo-una-fuerte-discusion-con-cameron-por-la-soberania-argentina-en-las-islas-malvinas\/#breadcrumb","itemListElement":[{"@type":"ListItem","position":1,"name":"Inicio","item":"https:\/\/apuntesdesanluis.com\/"},{"@type":"ListItem","position":2,"name":"MONDINO MANTUVO UNA FUERTE DISCUSI\u00d3N CON CAMERON POR LA SOBERAN\u00cdA ARGENTINA EN LAS ISLAS MALVINAS"}]},{"@type":"WebSite","@id":"https:\/\/apuntesdesanluis.com\/#website","url":"https:\/\/apuntesdesanluis.com\/","name":"Apuntes de San Luis","description":"","publisher":{"@id":"https:\/\/apuntesdesanluis.com\/#\/schema\/person\/b55151d52296fcce64d1a72538a70b90"},"potentialAction":[{"@type":"SearchAction","target":{"@type":"EntryPoint","urlTemplate":"https:\/\/apuntesdesanluis.com\/?s={search_term_string}"},"query-input":{"@type":"PropertyValueSpecification","valueRequired":true,"valueName":"search_term_string"}}],"inLanguage":"es-AR"},{"@type":["Person","Organization"],"@id":"https:\/\/apuntesdesanluis.com\/#\/schema\/person\/b55151d52296fcce64d1a72538a70b90","name":"apuntesdesanluis.com","image":{"@type":"ImageObject","inLanguage":"es-AR","@id":"https:\/\/apuntesdesanluis.com\/#\/schema\/person\/image\/","url":"https:\/\/apuntesdesanluis.com\/wp-content\/uploads\/2023\/07\/cropped-apuntesdesanluis.png","contentUrl":"https:\/\/apuntesdesanluis.com\/wp-content\/uploads\/2023\/07\/cropped-apuntesdesanluis.png","width":450,"height":112,"caption":"apuntesdesanluis.com"},"logo":{"@id":"https:\/\/apuntesdesanluis.com\/#\/schema\/person\/image\/"},"sameAs":["https:\/\/apuntesdesanluis.com"],"url":"https:\/\/apuntesdesanluis.com\/index.php\/author\/apuntesdesanluis-com\/"}]}},"featured_image_urls":{"full":["https:\/\/apuntesdesanluis.com\/wp-content\/uploads\/2024\/02\/mondino-cameron.jpg",700,396,false],"thumbnail":["https:\/\/apuntesdesanluis.com\/wp-content\/uploads\/2024\/02\/mondino-cameron-150x150.jpg",150,150,true],"medium":["https:\/\/apuntesdesanluis.com\/wp-content\/uploads\/2024\/02\/mondino-cameron-300x170.jpg",300,170,true],"medium_large":["https:\/\/apuntesdesanluis.com\/wp-content\/uploads\/2024\/02\/mondino-cameron.jpg",640,362,false],"large":["https:\/\/apuntesdesanluis.com\/wp-content\/uploads\/2024\/02\/mondino-cameron.jpg",640,362,false],"1536x1536":["https:\/\/apuntesdesanluis.com\/wp-content\/uploads\/2024\/02\/mondino-cameron.jpg",700,396,false],"2048x2048":["https:\/\/apuntesdesanluis.com\/wp-content\/uploads\/2024\/02\/mondino-cameron.jpg",700,396,false],"newsever-slider-full":["https:\/\/apuntesdesanluis.com\/wp-content\/uploads\/2024\/02\/mondino-cameron.jpg",700,396,false],"newsever-featured":["https:\/\/apuntesdesanluis.com\/wp-content\/uploads\/2024\/02\/mondino-cameron.jpg",700,396,false],"newsever-medium":["https:\/\/apuntesdesanluis.com\/wp-content\/uploads\/2024\/02\/mondino-cameron.jpg",700,396,false]},"author_info":{"display_name":"apuntesdesanluis.com","author_link":"https:\/\/apuntesdesanluis.com\/index.php\/author\/apuntesdesanluis-com\/"},"category_info":"<a href=\"https:\/\/apuntesdesanluis.com\/index.php\/category\/nacionales-internacionales\/\" rel=\"category tag\">Nacionales\/Internacionales<\/a>","tag_info":"Nacionales\/Internacionales","comment_count":"0","_links":{"self":[{"href":"https:\/\/apuntesdesanluis.com\/index.php\/wp-json\/wp\/v2\/posts\/12055","targetHints":{"allow":["GET"]}}],"collection":[{"href":"https:\/\/apuntesdesanluis.com\/index.php\/wp-json\/wp\/v2\/posts"}],"about":[{"href":"https:\/\/apuntesdesanluis.com\/index.php\/wp-json\/wp\/v2\/types\/post"}],"author":[{"embeddable":true,"href":"https:\/\/apuntesdesanluis.com\/index.php\/wp-json\/wp\/v2\/users\/1"}],"replies":[{"embeddable":true,"href":"https:\/\/apuntesdesanluis.com\/index.php\/wp-json\/wp\/v2\/comments?post=12055"}],"version-history":[{"count":2,"href":"https:\/\/apuntesdesanluis.com\/index.php\/wp-json\/wp\/v2\/posts\/12055\/revisions"}],"predecessor-version":[{"id":12059,"href":"https:\/\/apuntesdesanluis.com\/index.php\/wp-json\/wp\/v2\/posts\/12055\/revisions\/12059"}],"wp:featuredmedia":[{"embeddable":true,"href":"https:\/\/apuntesdesanluis.com\/index.php\/wp-json\/wp\/v2\/media\/12056"}],"wp:attachment":[{"href":"https:\/\/apuntesdesanluis.com\/index.php\/wp-json\/wp\/v2\/media?parent=12055"}],"wp:term":[{"taxonomy":"category","embeddable":true,"href":"https:\/\/apuntesdesanluis.com\/index.php\/wp-json\/wp\/v2\/categories?post=12055"},{"taxonomy":"post_tag","embeddable":true,"href":"https:\/\/apuntesdesanluis.com\/index.php\/wp-json\/wp\/v2\/tags?post=12055"}],"curies":[{"name":"wp","href":"https:\/\/api.w.org\/{rel}","templated":true}]}}