{"id":12060,"date":"2024-02-21T19:09:49","date_gmt":"2024-02-21T22:09:49","guid":{"rendered":"https:\/\/apuntesdesanluis.com\/?p=12060"},"modified":"2024-02-21T19:10:52","modified_gmt":"2024-02-21T22:10:52","slug":"un-trabajador-del-ente-de-control-de-rutas-fue-atropellado-por-un-camion-de-vialidad-y-esta-grave","status":"publish","type":"post","link":"https:\/\/apuntesdesanluis.com\/index.php\/2024\/02\/21\/un-trabajador-del-ente-de-control-de-rutas-fue-atropellado-por-un-camion-de-vialidad-y-esta-grave\/","title":{"rendered":"UN TRABAJADOR DEL ENTE DE CONTROL DE RUTAS FUE ATROPELLADO POR UN CAMI\u00d3N DE VIALIDAD Y EST\u00c1 GRAVE"},"content":{"rendered":"<h3>El accidente aconteci\u00f3 en el ingreso al barrio Los Quebrachos, en Juana Koslay. El trabajador sufri\u00f3 un grave traumatismo de cr\u00e1neo y fue intervenido.<\/h3>\n<h3>Seg\u00fan la informaci\u00f3n oficial del gobierno, el rodado de Vialidad se despist\u00f3 frente al ingreso del barrio Los Quebrachos y en su recorrido atropell\u00f3 a un trabajador del Ente de Control de Rutas que realizaba desmalezado.<\/h3>\n<h3>El cami\u00f3n de Vialidad Provincial tuvo el accidente mientras circulaba por la Aguada de Pueyrred\u00f3n, en direcci\u00f3n a la ciudad de San Luis. Por circunstancias que a\u00fan est\u00e1n por determinarse, el rodado se despist\u00f3 frente al barrio Los Quebrachos y atropell\u00f3 al empleado del Ente de Control de Rutas.<\/h3>\n<h3>Se trata de <strong>Alberto Torres<\/strong>, quien fue asistido en el lugar y luego trasladado al Hospital \u2018Ram\u00f3n Carrillo\u2019, donde se encuentra en observaci\u00f3n.<\/h3>\n<h3>El cami\u00f3n termin\u00f3 su recorrido impactando en un \u00e1rbol donde Torres descansaba junto con un grupo de compa\u00f1eros, quienes adem\u00e1s recargaban combustible en sus m\u00e1quinas desmalezadoras, ya que en el momento hab\u00eda un operativo de corte de pastizales.<\/h3>\n<h3>En el rodado de Vialidad circulaban <strong>Francisco Rodr\u00edguez<\/strong> y <strong>Mat\u00edas Joel Gonz\u00e1lez Tejada<\/strong>, quienes fueron atendidos y derivados a la Cl\u00ednica Italia. El organismo provincial indic\u00f3 que se encuentra acompa\u00f1ando a los involucrados y sus familias y atento a sus estados de salud y evoluci\u00f3n.<\/h3>\n<h3><strong>PARTE M\u00c9DICO<\/strong><\/h3>\n<h3>El Hospital Central \u201cDoctor Ram\u00f3n Carrillo\u201d informa que el paciente que ingres\u00f3 este mi\u00e9rcoles 21 de febrero tras un accidente de tr\u00e1nsito con diagn\u00f3stico de traumatismo de cr\u00e1neo grave, fue intervenido quir\u00fargicamente al mediod\u00eda.<\/h3>\n<h3>Actualmente se encuentra internado en la unidad de terapia intensiva (UTI), con asistencia respiratoria mec\u00e1nica y pron\u00f3stico reservado.<\/h3>\n<p>&nbsp;<\/p>\n<p>&nbsp;<\/p>\n","protected":false},"excerpt":{"rendered":"<p>El accidente aconteci\u00f3 en el ingreso al barrio Los Quebrachos, en Juana Koslay. El trabajador&#8230;<\/p>\n","protected":false},"author":1,"featured_media":12061,"comment_status":"closed","ping_status":"closed","sticky":false,"template":"","format":"standard","meta":{"footnotes":""},"categories":[6],"tags":[],"class_list":["post-12060","post","type-post","status-publish","format-standard","has-post-thumbnail","hentry","category-ciudad-provincia"],"yoast_head":"<!-- This site is optimized with the Yoast SEO plugin v26.1.1 - https:\/\/yoast.com\/wordpress\/plugins\/seo\/ -->\n<title>UN TRABAJADOR DEL ENTE DE CONTROL DE RUTAS FUE ATROPELLADO POR UN CAMI\u00d3N DE VIALIDAD Y EST\u00c1 GRAVE - Apuntes de San Luis<\/title>\n<meta name=\"robots\" content=\"index, follow, max-snippet:-1, max-image-preview:large, max-video-preview:-1\" \/>\n<link rel=\"canonical\" href=\"https:\/\/apuntesdesanluis.com\/index.php\/2024\/02\/21\/un-trabajador-del-ente-de-control-de-rutas-fue-atropellado-por-un-camion-de-vialidad-y-esta-grave\/\" \/>\n<meta property=\"og:locale\" content=\"es_ES\" \/>\n<meta property=\"og:type\" content=\"article\" \/>\n<meta property=\"og:title\" content=\"UN TRABAJADOR DEL ENTE DE CONTROL DE RUTAS FUE ATROPELLADO POR UN CAMI\u00d3N DE VIALIDAD Y EST\u00c1 GRAVE - Apuntes de San Luis\" \/>\n<meta property=\"og:description\" content=\"El accidente aconteci\u00f3 en el ingreso al barrio Los Quebrachos, en Juana Koslay. El trabajador...\" \/>\n<meta property=\"og:url\" content=\"https:\/\/apuntesdesanluis.com\/index.php\/2024\/02\/21\/un-trabajador-del-ente-de-control-de-rutas-fue-atropellado-por-un-camion-de-vialidad-y-esta-grave\/\" \/>\n<meta property=\"og:site_name\" content=\"Apuntes de San Luis\" \/>\n<meta property=\"article:published_time\" content=\"2024-02-21T22:09:49+00:00\" \/>\n<meta property=\"article:modified_time\" content=\"2024-02-21T22:10:52+00:00\" \/>\n<meta property=\"og:image\" content=\"https:\/\/apuntesdesanluis.com\/wp-content\/uploads\/2024\/02\/camion.png\" \/>\n\t<meta property=\"og:image:width\" content=\"610\" \/>\n\t<meta property=\"og:image:height\" content=\"354\" \/>\n\t<meta property=\"og:image:type\" content=\"image\/png\" \/>\n<meta name=\"author\" content=\"apuntesdesanluis.com\" \/>\n<meta name=\"twitter:card\" content=\"summary_large_image\" \/>\n<meta name=\"twitter:label1\" content=\"Escrito por\" \/>\n\t<meta name=\"twitter:data1\" content=\"apuntesdesanluis.com\" \/>\n\t<meta name=\"twitter:label2\" content=\"Tiempo de lectura\" \/>\n\t<meta name=\"twitter:data2\" content=\"2 minutos\" \/>\n<script type=\"application\/ld+json\" class=\"yoast-schema-graph\">{\"@context\":\"https:\/\/schema.org\",\"@graph\":[{\"@type\":\"Article\",\"@id\":\"https:\/\/apuntesdesanluis.com\/index.php\/2024\/02\/21\/un-trabajador-del-ente-de-control-de-rutas-fue-atropellado-por-un-camion-de-vialidad-y-esta-grave\/#article\",\"isPartOf\":{\"@id\":\"https:\/\/apuntesdesanluis.com\/index.php\/2024\/02\/21\/un-trabajador-del-ente-de-control-de-rutas-fue-atropellado-por-un-camion-de-vialidad-y-esta-grave\/\"},\"author\":{\"name\":\"apuntesdesanluis.com\",\"@id\":\"https:\/\/apuntesdesanluis.com\/#\/schema\/person\/b55151d52296fcce64d1a72538a70b90\"},\"headline\":\"UN TRABAJADOR DEL ENTE DE CONTROL DE RUTAS FUE ATROPELLADO POR UN CAMI\u00d3N DE VIALIDAD Y EST\u00c1 GRAVE\",\"datePublished\":\"2024-02-21T22:09:49+00:00\",\"dateModified\":\"2024-02-21T22:10:52+00:00\",\"mainEntityOfPage\":{\"@id\":\"https:\/\/apuntesdesanluis.com\/index.php\/2024\/02\/21\/un-trabajador-del-ente-de-control-de-rutas-fue-atropellado-por-un-camion-de-vialidad-y-esta-grave\/\"},\"wordCount\":320,\"publisher\":{\"@id\":\"https:\/\/apuntesdesanluis.com\/#\/schema\/person\/b55151d52296fcce64d1a72538a70b90\"},\"image\":{\"@id\":\"https:\/\/apuntesdesanluis.com\/index.php\/2024\/02\/21\/un-trabajador-del-ente-de-control-de-rutas-fue-atropellado-por-un-camion-de-vialidad-y-esta-grave\/#primaryimage\"},\"thumbnailUrl\":\"https:\/\/apuntesdesanluis.com\/wp-content\/uploads\/2024\/02\/camion.png\",\"articleSection\":[\"Ciudad\/Provincia\"],\"inLanguage\":\"es-AR\"},{\"@type\":\"WebPage\",\"@id\":\"https:\/\/apuntesdesanluis.com\/index.php\/2024\/02\/21\/un-trabajador-del-ente-de-control-de-rutas-fue-atropellado-por-un-camion-de-vialidad-y-esta-grave\/\",\"url\":\"https:\/\/apuntesdesanluis.com\/index.php\/2024\/02\/21\/un-trabajador-del-ente-de-control-de-rutas-fue-atropellado-por-un-camion-de-vialidad-y-esta-grave\/\",\"name\":\"UN TRABAJADOR DEL ENTE DE CONTROL DE RUTAS FUE ATROPELLADO POR UN CAMI\u00d3N DE VIALIDAD Y EST\u00c1 GRAVE - Apuntes de San Luis\",\"isPartOf\":{\"@id\":\"https:\/\/apuntesdesanluis.com\/#website\"},\"primaryImageOfPage\":{\"@id\":\"https:\/\/apuntesdesanluis.com\/index.php\/2024\/02\/21\/un-trabajador-del-ente-de-control-de-rutas-fue-atropellado-por-un-camion-de-vialidad-y-esta-grave\/#primaryimage\"},\"image\":{\"@id\":\"https:\/\/apuntesdesanluis.com\/index.php\/2024\/02\/21\/un-trabajador-del-ente-de-control-de-rutas-fue-atropellado-por-un-camion-de-vialidad-y-esta-grave\/#primaryimage\"},\"thumbnailUrl\":\"https:\/\/apuntesdesanluis.com\/wp-content\/uploads\/2024\/02\/camion.png\",\"datePublished\":\"2024-02-21T22:09:49+00:00\",\"dateModified\":\"2024-02-21T22:10:52+00:00\",\"breadcrumb\":{\"@id\":\"https:\/\/apuntesdesanluis.com\/index.php\/2024\/02\/21\/un-trabajador-del-ente-de-control-de-rutas-fue-atropellado-por-un-camion-de-vialidad-y-esta-grave\/#breadcrumb\"},\"inLanguage\":\"es-AR\",\"potentialAction\":[{\"@type\":\"ReadAction\",\"target\":[\"https:\/\/apuntesdesanluis.com\/index.php\/2024\/02\/21\/un-trabajador-del-ente-de-control-de-rutas-fue-atropellado-por-un-camion-de-vialidad-y-esta-grave\/\"]}]},{\"@type\":\"ImageObject\",\"inLanguage\":\"es-AR\",\"@id\":\"https:\/\/apuntesdesanluis.com\/index.php\/2024\/02\/21\/un-trabajador-del-ente-de-control-de-rutas-fue-atropellado-por-un-camion-de-vialidad-y-esta-grave\/#primaryimage\",\"url\":\"https:\/\/apuntesdesanluis.com\/wp-content\/uploads\/2024\/02\/camion.png\",\"contentUrl\":\"https:\/\/apuntesdesanluis.com\/wp-content\/uploads\/2024\/02\/camion.png\",\"width\":610,\"height\":354},{\"@type\":\"BreadcrumbList\",\"@id\":\"https:\/\/apuntesdesanluis.com\/index.php\/2024\/02\/21\/un-trabajador-del-ente-de-control-de-rutas-fue-atropellado-por-un-camion-de-vialidad-y-esta-grave\/#breadcrumb\",\"itemListElement\":[{\"@type\":\"ListItem\",\"position\":1,\"name\":\"Inicio\",\"item\":\"https:\/\/apuntesdesanluis.com\/\"},{\"@type\":\"ListItem\",\"position\":2,\"name\":\"UN TRABAJADOR DEL ENTE DE CONTROL DE RUTAS FUE ATROPELLADO POR UN CAMI\u00d3N DE VIALIDAD Y EST\u00c1 GRAVE\"}]},{\"@type\":\"WebSite\",\"@id\":\"https:\/\/apuntesdesanluis.com\/#website\",\"url\":\"https:\/\/apuntesdesanluis.com\/\",\"name\":\"Apuntes de San Luis\",\"description\":\"\",\"publisher\":{\"@id\":\"https:\/\/apuntesdesanluis.com\/#\/schema\/person\/b55151d52296fcce64d1a72538a70b90\"},\"potentialAction\":[{\"@type\":\"SearchAction\",\"target\":{\"@type\":\"EntryPoint\",\"urlTemplate\":\"https:\/\/apuntesdesanluis.com\/?s={search_term_string}\"},\"query-input\":{\"@type\":\"PropertyValueSpecification\",\"valueRequired\":true,\"valueName\":\"search_term_string\"}}],\"inLanguage\":\"es-AR\"},{\"@type\":[\"Person\",\"Organization\"],\"@id\":\"https:\/\/apuntesdesanluis.com\/#\/schema\/person\/b55151d52296fcce64d1a72538a70b90\",\"name\":\"apuntesdesanluis.com\",\"image\":{\"@type\":\"ImageObject\",\"inLanguage\":\"es-AR\",\"@id\":\"https:\/\/apuntesdesanluis.com\/#\/schema\/person\/image\/\",\"url\":\"https:\/\/apuntesdesanluis.com\/wp-content\/uploads\/2023\/07\/cropped-apuntesdesanluis.png\",\"contentUrl\":\"https:\/\/apuntesdesanluis.com\/wp-content\/uploads\/2023\/07\/cropped-apuntesdesanluis.png\",\"width\":450,\"height\":112,\"caption\":\"apuntesdesanluis.com\"},\"logo\":{\"@id\":\"https:\/\/apuntesdesanluis.com\/#\/schema\/person\/image\/\"},\"sameAs\":[\"https:\/\/apuntesdesanluis.com\"],\"url\":\"https:\/\/apuntesdesanluis.com\/index.php\/author\/apuntesdesanluis-com\/\"}]}<\/script>\n<!-- \/ Yoast SEO plugin. -->","yoast_head_json":{"title":"UN TRABAJADOR DEL ENTE DE CONTROL DE RUTAS FUE ATROPELLADO POR UN CAMI\u00d3N DE VIALIDAD Y EST\u00c1 GRAVE - Apuntes de San Luis","robots":{"index":"index","follow":"follow","max-snippet":"max-snippet:-1","max-image-preview":"max-image-preview:large","max-video-preview":"max-video-preview:-1"},"canonical":"https:\/\/apuntesdesanluis.com\/index.php\/2024\/02\/21\/un-trabajador-del-ente-de-control-de-rutas-fue-atropellado-por-un-camion-de-vialidad-y-esta-grave\/","og_locale":"es_ES","og_type":"article","og_title":"UN TRABAJADOR DEL ENTE DE CONTROL DE RUTAS FUE ATROPELLADO POR UN CAMI\u00d3N DE VIALIDAD Y EST\u00c1 GRAVE - Apuntes de San Luis","og_description":"El accidente aconteci\u00f3 en el ingreso al barrio Los Quebrachos, en Juana Koslay. El trabajador...","og_url":"https:\/\/apuntesdesanluis.com\/index.php\/2024\/02\/21\/un-trabajador-del-ente-de-control-de-rutas-fue-atropellado-por-un-camion-de-vialidad-y-esta-grave\/","og_site_name":"Apuntes de San Luis","article_published_time":"2024-02-21T22:09:49+00:00","article_modified_time":"2024-02-21T22:10:52+00:00","og_image":[{"width":610,"height":354,"url":"https:\/\/apuntesdesanluis.com\/wp-content\/uploads\/2024\/02\/camion.png","type":"image\/png"}],"author":"apuntesdesanluis.com","twitter_card":"summary_large_image","twitter_misc":{"Escrito por":"apuntesdesanluis.com","Tiempo de lectura":"2 minutos"},"schema":{"@context":"https:\/\/schema.org","@graph":[{"@type":"Article","@id":"https:\/\/apuntesdesanluis.com\/index.php\/2024\/02\/21\/un-trabajador-del-ente-de-control-de-rutas-fue-atropellado-por-un-camion-de-vialidad-y-esta-grave\/#article","isPartOf":{"@id":"https:\/\/apuntesdesanluis.com\/index.php\/2024\/02\/21\/un-trabajador-del-ente-de-control-de-rutas-fue-atropellado-por-un-camion-de-vialidad-y-esta-grave\/"},"author":{"name":"apuntesdesanluis.com","@id":"https:\/\/apuntesdesanluis.com\/#\/schema\/person\/b55151d52296fcce64d1a72538a70b90"},"headline":"UN TRABAJADOR DEL ENTE DE CONTROL DE RUTAS FUE ATROPELLADO POR UN CAMI\u00d3N DE VIALIDAD Y EST\u00c1 GRAVE","datePublished":"2024-02-21T22:09:49+00:00","dateModified":"2024-02-21T22:10:52+00:00","mainEntityOfPage":{"@id":"https:\/\/apuntesdesanluis.com\/index.php\/2024\/02\/21\/un-trabajador-del-ente-de-control-de-rutas-fue-atropellado-por-un-camion-de-vialidad-y-esta-grave\/"},"wordCount":320,"publisher":{"@id":"https:\/\/apuntesdesanluis.com\/#\/schema\/person\/b55151d52296fcce64d1a72538a70b90"},"image":{"@id":"https:\/\/apuntesdesanluis.com\/index.php\/2024\/02\/21\/un-trabajador-del-ente-de-control-de-rutas-fue-atropellado-por-un-camion-de-vialidad-y-esta-grave\/#primaryimage"},"thumbnailUrl":"https:\/\/apuntesdesanluis.com\/wp-content\/uploads\/2024\/02\/camion.png","articleSection":["Ciudad\/Provincia"],"inLanguage":"es-AR"},{"@type":"WebPage","@id":"https:\/\/apuntesdesanluis.com\/index.php\/2024\/02\/21\/un-trabajador-del-ente-de-control-de-rutas-fue-atropellado-por-un-camion-de-vialidad-y-esta-grave\/","url":"https:\/\/apuntesdesanluis.com\/index.php\/2024\/02\/21\/un-trabajador-del-ente-de-control-de-rutas-fue-atropellado-por-un-camion-de-vialidad-y-esta-grave\/","name":"UN TRABAJADOR DEL ENTE DE CONTROL DE RUTAS FUE ATROPELLADO POR UN CAMI\u00d3N DE VIALIDAD Y EST\u00c1 GRAVE - Apuntes de San Luis","isPartOf":{"@id":"https:\/\/apuntesdesanluis.com\/#website"},"primaryImageOfPage":{"@id":"https:\/\/apuntesdesanluis.com\/index.php\/2024\/02\/21\/un-trabajador-del-ente-de-control-de-rutas-fue-atropellado-por-un-camion-de-vialidad-y-esta-grave\/#primaryimage"},"image":{"@id":"https:\/\/apuntesdesanluis.com\/index.php\/2024\/02\/21\/un-trabajador-del-ente-de-control-de-rutas-fue-atropellado-por-un-camion-de-vialidad-y-esta-grave\/#primaryimage"},"thumbnailUrl":"https:\/\/apuntesdesanluis.com\/wp-content\/uploads\/2024\/02\/camion.png","datePublished":"2024-02-21T22:09:49+00:00","dateModified":"2024-02-21T22:10:52+00:00","breadcrumb":{"@id":"https:\/\/apuntesdesanluis.com\/index.php\/2024\/02\/21\/un-trabajador-del-ente-de-control-de-rutas-fue-atropellado-por-un-camion-de-vialidad-y-esta-grave\/#breadcrumb"},"inLanguage":"es-AR","potentialAction":[{"@type":"ReadAction","target":["https:\/\/apuntesdesanluis.com\/index.php\/2024\/02\/21\/un-trabajador-del-ente-de-control-de-rutas-fue-atropellado-por-un-camion-de-vialidad-y-esta-grave\/"]}]},{"@type":"ImageObject","inLanguage":"es-AR","@id":"https:\/\/apuntesdesanluis.com\/index.php\/2024\/02\/21\/un-trabajador-del-ente-de-control-de-rutas-fue-atropellado-por-un-camion-de-vialidad-y-esta-grave\/#primaryimage","url":"https:\/\/apuntesdesanluis.com\/wp-content\/uploads\/2024\/02\/camion.png","contentUrl":"https:\/\/apuntesdesanluis.com\/wp-content\/uploads\/2024\/02\/camion.png","width":610,"height":354},{"@type":"BreadcrumbList","@id":"https:\/\/apuntesdesanluis.com\/index.php\/2024\/02\/21\/un-trabajador-del-ente-de-control-de-rutas-fue-atropellado-por-un-camion-de-vialidad-y-esta-grave\/#breadcrumb","itemListElement":[{"@type":"ListItem","position":1,"name":"Inicio","item":"https:\/\/apuntesdesanluis.com\/"},{"@type":"ListItem","position":2,"name":"UN TRABAJADOR DEL ENTE DE CONTROL DE RUTAS FUE ATROPELLADO POR UN CAMI\u00d3N DE VIALIDAD Y EST\u00c1 GRAVE"}]},{"@type":"WebSite","@id":"https:\/\/apuntesdesanluis.com\/#website","url":"https:\/\/apuntesdesanluis.com\/","name":"Apuntes de San Luis","description":"","publisher":{"@id":"https:\/\/apuntesdesanluis.com\/#\/schema\/person\/b55151d52296fcce64d1a72538a70b90"},"potentialAction":[{"@type":"SearchAction","target":{"@type":"EntryPoint","urlTemplate":"https:\/\/apuntesdesanluis.com\/?s={search_term_string}"},"query-input":{"@type":"PropertyValueSpecification","valueRequired":true,"valueName":"search_term_string"}}],"inLanguage":"es-AR"},{"@type":["Person","Organization"],"@id":"https:\/\/apuntesdesanluis.com\/#\/schema\/person\/b55151d52296fcce64d1a72538a70b90","name":"apuntesdesanluis.com","image":{"@type":"ImageObject","inLanguage":"es-AR","@id":"https:\/\/apuntesdesanluis.com\/#\/schema\/person\/image\/","url":"https:\/\/apuntesdesanluis.com\/wp-content\/uploads\/2023\/07\/cropped-apuntesdesanluis.png","contentUrl":"https:\/\/apuntesdesanluis.com\/wp-content\/uploads\/2023\/07\/cropped-apuntesdesanluis.png","width":450,"height":112,"caption":"apuntesdesanluis.com"},"logo":{"@id":"https:\/\/apuntesdesanluis.com\/#\/schema\/person\/image\/"},"sameAs":["https:\/\/apuntesdesanluis.com"],"url":"https:\/\/apuntesdesanluis.com\/index.php\/author\/apuntesdesanluis-com\/"}]}},"featured_image_urls":{"full":["https:\/\/apuntesdesanluis.com\/wp-content\/uploads\/2024\/02\/camion.png",610,354,false],"thumbnail":["https:\/\/apuntesdesanluis.com\/wp-content\/uploads\/2024\/02\/camion-150x150.png",150,150,true],"medium":["https:\/\/apuntesdesanluis.com\/wp-content\/uploads\/2024\/02\/camion-300x174.png",300,174,true],"medium_large":["https:\/\/apuntesdesanluis.com\/wp-content\/uploads\/2024\/02\/camion.png",610,354,false],"large":["https:\/\/apuntesdesanluis.com\/wp-content\/uploads\/2024\/02\/camion.png",610,354,false],"1536x1536":["https:\/\/apuntesdesanluis.com\/wp-content\/uploads\/2024\/02\/camion.png",610,354,false],"2048x2048":["https:\/\/apuntesdesanluis.com\/wp-content\/uploads\/2024\/02\/camion.png",610,354,false],"newsever-slider-full":["https:\/\/apuntesdesanluis.com\/wp-content\/uploads\/2024\/02\/camion.png",610,354,false],"newsever-featured":["https:\/\/apuntesdesanluis.com\/wp-content\/uploads\/2024\/02\/camion.png",610,354,false],"newsever-medium":["https:\/\/apuntesdesanluis.com\/wp-content\/uploads\/2024\/02\/camion.png",610,354,false]},"author_info":{"display_name":"apuntesdesanluis.com","author_link":"https:\/\/apuntesdesanluis.com\/index.php\/author\/apuntesdesanluis-com\/"},"category_info":"<a href=\"https:\/\/apuntesdesanluis.com\/index.php\/category\/ciudad-provincia\/\" rel=\"category tag\">Ciudad\/Provincia<\/a>","tag_info":"Ciudad\/Provincia","comment_count":"0","_links":{"self":[{"href":"https:\/\/apuntesdesanluis.com\/index.php\/wp-json\/wp\/v2\/posts\/12060","targetHints":{"allow":["GET"]}}],"collection":[{"href":"https:\/\/apuntesdesanluis.com\/index.php\/wp-json\/wp\/v2\/posts"}],"about":[{"href":"https:\/\/apuntesdesanluis.com\/index.php\/wp-json\/wp\/v2\/types\/post"}],"author":[{"embeddable":true,"href":"https:\/\/apuntesdesanluis.com\/index.php\/wp-json\/wp\/v2\/users\/1"}],"replies":[{"embeddable":true,"href":"https:\/\/apuntesdesanluis.com\/index.php\/wp-json\/wp\/v2\/comments?post=12060"}],"version-history":[{"count":2,"href":"https:\/\/apuntesdesanluis.com\/index.php\/wp-json\/wp\/v2\/posts\/12060\/revisions"}],"predecessor-version":[{"id":12063,"href":"https:\/\/apuntesdesanluis.com\/index.php\/wp-json\/wp\/v2\/posts\/12060\/revisions\/12063"}],"wp:featuredmedia":[{"embeddable":true,"href":"https:\/\/apuntesdesanluis.com\/index.php\/wp-json\/wp\/v2\/media\/12061"}],"wp:attachment":[{"href":"https:\/\/apuntesdesanluis.com\/index.php\/wp-json\/wp\/v2\/media?parent=12060"}],"wp:term":[{"taxonomy":"category","embeddable":true,"href":"https:\/\/apuntesdesanluis.com\/index.php\/wp-json\/wp\/v2\/categories?post=12060"},{"taxonomy":"post_tag","embeddable":true,"href":"https:\/\/apuntesdesanluis.com\/index.php\/wp-json\/wp\/v2\/tags?post=12060"}],"curies":[{"name":"wp","href":"https:\/\/api.w.org\/{rel}","templated":true}]}}