{"id":12064,"date":"2024-02-21T19:19:02","date_gmt":"2024-02-21T22:19:02","guid":{"rendered":"https:\/\/apuntesdesanluis.com\/?p=12064"},"modified":"2024-02-21T19:19:02","modified_gmt":"2024-02-21T22:19:02","slug":"tras-tensar-la-cuerda-ahora-el-gobierno-convoco-a-los-gremios-docentes","status":"publish","type":"post","link":"https:\/\/apuntesdesanluis.com\/index.php\/2024\/02\/21\/tras-tensar-la-cuerda-ahora-el-gobierno-convoco-a-los-gremios-docentes\/","title":{"rendered":"TRAS TENSAR LA CUERDA, AHORA EL GOBIERNO CONVOC\u00d3 A LOS GREMIOS DOCENTES"},"content":{"rendered":"<h3>La convocatoria se da en un marco de tensi\u00f3n con los gremios docentes agrupados en la CGT que, afectados por la eliminaci\u00f3n del Fondo Nacional de Incentivo Docente -que representaba una cifra de entre el 10% y el 14% de los sueldos-, hab\u00edan anticipado posibles medidas de fuerza si no eran convocados a la paritaria nacional.<\/h3>\n<h3>La convocatoria tambi\u00e9n sorprende a los principales actores, toda vez que el vocero presidencial <strong>Manuel Adorni<\/strong> hab\u00eda negado esa posibilidad e incluso fue m\u00e1s all\u00e1, al decir que la paritaria nacional docente \u201cno existe\u201d y el salario es un \u201cproblema de las provincias\u201d.<\/h3>\n<h3>Luego de amenazar con declarar a la educaci\u00f3n como &#8220;servicio esencial&#8221; para intentar restringir las medidas de fuerza previstas para el inicio de clases, el Gobierno convoc\u00f3 para el pr\u00f3ximo martes a los gremios docentes con representaci\u00f3n nacional y a los ministros de Educaci\u00f3n de las provincias y de la Ciudad de Buenos Aires, para &#8220;iniciar los di\u00e1logos a fin de acordar el convenio marco nacional del salario m\u00ednimo docente&#8221;, informaron fuentes oficiales.<\/h3>\n<h3>La reuni\u00f3n, convocada por la Secretar\u00eda de Trabajo del Ministerio de Capital Humano, se realizar\u00e1 el pr\u00f3ximo <strong>martes 27 de febrero a las 18<\/strong> en la avenida Leandro N. Alem 650, Piso 18, de la Ciudad de Buenos Aires, un d\u00eda despu\u00e9s de la fecha de inicio del ciclo lectivo en gran parte del pa\u00eds.<\/h3>\n<h3>Seg\u00fan se\u00f1alaron fuentes oficiales, el Gobierno nacional estar\u00e1 representado por la Secretar\u00eda de Educaci\u00f3n, que conduce Carlos Torrendel, mientras que de parte de las provincias participar\u00e1n los ministros o secretarios de las respectivas carteras educativas, quienes conforman el Consejo Federal de Educaci\u00f3n. Tambi\u00e9n asistir\u00e1n los gremios docentes con representaci\u00f3n nacional.<\/h3>\n<h3>La convocatoria se da en un marco de tensi\u00f3n con los gremios docentes agrupados en la CGT que, afectados por la eliminaci\u00f3n del Fondo Nacional de Incentivo Docente -que representaba una cifra de entre el 10% y el 14% de los sueldos-, hab\u00edan anticipado posibles medidas de fuerza si no eran convocados a la paritaria nacional.<\/h3>\n<h3>Las se\u00f1ales del Gobierno, hasta este martes a la tarde, solo mostraban hostilidad: en los \u00faltimos d\u00edas, el vocero presidencial Manuel Adorni se hab\u00eda desligado de la paritaria docente se\u00f1alando que los sueldos y sus aumentos correspond\u00edan a las negociaciones que pudieran llevarse adelante en las provincias.<\/h3>\n<h3>Este mi\u00e9rcoles a la ma\u00f1ana, Adorni fue incluso m\u00e1s lejos y apunt\u00f3 directamente a la organizaci\u00f3n gremial de los docentes, anunciando la posibilidad de declarar a la educaci\u00f3n como &#8220;servicio esencial&#8221;, acto que limitar\u00eda la capacidad de los sindicatos para encarar medidas de fuerza.<\/h3>\n<h3>Milei ya hab\u00eda intentado establecer a la educaci\u00f3n como &#8220;servicio esencial&#8221; a trav\u00e9s de la Ley \u00d3mnibus, que sufri\u00f3 una dura derrota en el Congreso, y a trav\u00e9s de un cap\u00edtulo del DNU 70 que se encuentra actualmente suspendido por una resoluci\u00f3n judicial.<\/h3>\n<p>&nbsp;<\/p>\n<p>&nbsp;<\/p>\n<p>&nbsp;<\/p>\n","protected":false},"excerpt":{"rendered":"<p>La convocatoria se da en un marco de tensi\u00f3n con los gremios docentes agrupados en&#8230;<\/p>\n","protected":false},"author":1,"featured_media":12065,"comment_status":"closed","ping_status":"closed","sticky":false,"template":"","format":"standard","meta":{"footnotes":""},"categories":[5],"tags":[],"class_list":["post-12064","post","type-post","status-publish","format-standard","has-post-thumbnail","hentry","category-nacionales-internacionales"],"yoast_head":"<!-- This site is optimized with the Yoast SEO plugin v26.1.1 - https:\/\/yoast.com\/wordpress\/plugins\/seo\/ -->\n<title>TRAS TENSAR LA CUERDA, AHORA EL GOBIERNO CONVOC\u00d3 A LOS GREMIOS DOCENTES - Apuntes de San Luis<\/title>\n<meta name=\"robots\" content=\"index, follow, max-snippet:-1, max-image-preview:large, max-video-preview:-1\" \/>\n<link rel=\"canonical\" href=\"https:\/\/apuntesdesanluis.com\/index.php\/2024\/02\/21\/tras-tensar-la-cuerda-ahora-el-gobierno-convoco-a-los-gremios-docentes\/\" \/>\n<meta property=\"og:locale\" content=\"es_ES\" \/>\n<meta property=\"og:type\" content=\"article\" \/>\n<meta property=\"og:title\" content=\"TRAS TENSAR LA CUERDA, AHORA EL GOBIERNO CONVOC\u00d3 A LOS GREMIOS DOCENTES - Apuntes de San Luis\" \/>\n<meta property=\"og:description\" content=\"La convocatoria se da en un marco de tensi\u00f3n con los gremios docentes agrupados en...\" \/>\n<meta property=\"og:url\" content=\"https:\/\/apuntesdesanluis.com\/index.php\/2024\/02\/21\/tras-tensar-la-cuerda-ahora-el-gobierno-convoco-a-los-gremios-docentes\/\" \/>\n<meta property=\"og:site_name\" content=\"Apuntes de San Luis\" \/>\n<meta property=\"article:published_time\" content=\"2024-02-21T22:19:02+00:00\" \/>\n<meta property=\"og:image\" content=\"https:\/\/apuntesdesanluis.com\/wp-content\/uploads\/2024\/02\/CARLOS-TORRENDELL.png\" \/>\n\t<meta property=\"og:image:width\" content=\"680\" \/>\n\t<meta property=\"og:image:height\" content=\"383\" \/>\n\t<meta property=\"og:image:type\" content=\"image\/png\" \/>\n<meta name=\"author\" content=\"apuntesdesanluis.com\" \/>\n<meta name=\"twitter:card\" content=\"summary_large_image\" \/>\n<meta name=\"twitter:label1\" content=\"Escrito por\" \/>\n\t<meta name=\"twitter:data1\" content=\"apuntesdesanluis.com\" \/>\n\t<meta name=\"twitter:label2\" content=\"Tiempo de lectura\" \/>\n\t<meta name=\"twitter:data2\" content=\"3 minutos\" \/>\n<script type=\"application\/ld+json\" class=\"yoast-schema-graph\">{\"@context\":\"https:\/\/schema.org\",\"@graph\":[{\"@type\":\"Article\",\"@id\":\"https:\/\/apuntesdesanluis.com\/index.php\/2024\/02\/21\/tras-tensar-la-cuerda-ahora-el-gobierno-convoco-a-los-gremios-docentes\/#article\",\"isPartOf\":{\"@id\":\"https:\/\/apuntesdesanluis.com\/index.php\/2024\/02\/21\/tras-tensar-la-cuerda-ahora-el-gobierno-convoco-a-los-gremios-docentes\/\"},\"author\":{\"name\":\"apuntesdesanluis.com\",\"@id\":\"https:\/\/apuntesdesanluis.com\/#\/schema\/person\/b55151d52296fcce64d1a72538a70b90\"},\"headline\":\"TRAS TENSAR LA CUERDA, AHORA EL GOBIERNO CONVOC\u00d3 A LOS GREMIOS DOCENTES\",\"datePublished\":\"2024-02-21T22:19:02+00:00\",\"mainEntityOfPage\":{\"@id\":\"https:\/\/apuntesdesanluis.com\/index.php\/2024\/02\/21\/tras-tensar-la-cuerda-ahora-el-gobierno-convoco-a-los-gremios-docentes\/\"},\"wordCount\":520,\"publisher\":{\"@id\":\"https:\/\/apuntesdesanluis.com\/#\/schema\/person\/b55151d52296fcce64d1a72538a70b90\"},\"image\":{\"@id\":\"https:\/\/apuntesdesanluis.com\/index.php\/2024\/02\/21\/tras-tensar-la-cuerda-ahora-el-gobierno-convoco-a-los-gremios-docentes\/#primaryimage\"},\"thumbnailUrl\":\"https:\/\/apuntesdesanluis.com\/wp-content\/uploads\/2024\/02\/CARLOS-TORRENDELL.png\",\"articleSection\":[\"Nacionales\/Internacionales\"],\"inLanguage\":\"es-AR\"},{\"@type\":\"WebPage\",\"@id\":\"https:\/\/apuntesdesanluis.com\/index.php\/2024\/02\/21\/tras-tensar-la-cuerda-ahora-el-gobierno-convoco-a-los-gremios-docentes\/\",\"url\":\"https:\/\/apuntesdesanluis.com\/index.php\/2024\/02\/21\/tras-tensar-la-cuerda-ahora-el-gobierno-convoco-a-los-gremios-docentes\/\",\"name\":\"TRAS TENSAR LA CUERDA, AHORA EL GOBIERNO CONVOC\u00d3 A LOS GREMIOS DOCENTES - Apuntes de San Luis\",\"isPartOf\":{\"@id\":\"https:\/\/apuntesdesanluis.com\/#website\"},\"primaryImageOfPage\":{\"@id\":\"https:\/\/apuntesdesanluis.com\/index.php\/2024\/02\/21\/tras-tensar-la-cuerda-ahora-el-gobierno-convoco-a-los-gremios-docentes\/#primaryimage\"},\"image\":{\"@id\":\"https:\/\/apuntesdesanluis.com\/index.php\/2024\/02\/21\/tras-tensar-la-cuerda-ahora-el-gobierno-convoco-a-los-gremios-docentes\/#primaryimage\"},\"thumbnailUrl\":\"https:\/\/apuntesdesanluis.com\/wp-content\/uploads\/2024\/02\/CARLOS-TORRENDELL.png\",\"datePublished\":\"2024-02-21T22:19:02+00:00\",\"breadcrumb\":{\"@id\":\"https:\/\/apuntesdesanluis.com\/index.php\/2024\/02\/21\/tras-tensar-la-cuerda-ahora-el-gobierno-convoco-a-los-gremios-docentes\/#breadcrumb\"},\"inLanguage\":\"es-AR\",\"potentialAction\":[{\"@type\":\"ReadAction\",\"target\":[\"https:\/\/apuntesdesanluis.com\/index.php\/2024\/02\/21\/tras-tensar-la-cuerda-ahora-el-gobierno-convoco-a-los-gremios-docentes\/\"]}]},{\"@type\":\"ImageObject\",\"inLanguage\":\"es-AR\",\"@id\":\"https:\/\/apuntesdesanluis.com\/index.php\/2024\/02\/21\/tras-tensar-la-cuerda-ahora-el-gobierno-convoco-a-los-gremios-docentes\/#primaryimage\",\"url\":\"https:\/\/apuntesdesanluis.com\/wp-content\/uploads\/2024\/02\/CARLOS-TORRENDELL.png\",\"contentUrl\":\"https:\/\/apuntesdesanluis.com\/wp-content\/uploads\/2024\/02\/CARLOS-TORRENDELL.png\",\"width\":680,\"height\":383},{\"@type\":\"BreadcrumbList\",\"@id\":\"https:\/\/apuntesdesanluis.com\/index.php\/2024\/02\/21\/tras-tensar-la-cuerda-ahora-el-gobierno-convoco-a-los-gremios-docentes\/#breadcrumb\",\"itemListElement\":[{\"@type\":\"ListItem\",\"position\":1,\"name\":\"Inicio\",\"item\":\"https:\/\/apuntesdesanluis.com\/\"},{\"@type\":\"ListItem\",\"position\":2,\"name\":\"TRAS TENSAR LA CUERDA, AHORA EL GOBIERNO CONVOC\u00d3 A LOS GREMIOS DOCENTES\"}]},{\"@type\":\"WebSite\",\"@id\":\"https:\/\/apuntesdesanluis.com\/#website\",\"url\":\"https:\/\/apuntesdesanluis.com\/\",\"name\":\"Apuntes de San Luis\",\"description\":\"\",\"publisher\":{\"@id\":\"https:\/\/apuntesdesanluis.com\/#\/schema\/person\/b55151d52296fcce64d1a72538a70b90\"},\"potentialAction\":[{\"@type\":\"SearchAction\",\"target\":{\"@type\":\"EntryPoint\",\"urlTemplate\":\"https:\/\/apuntesdesanluis.com\/?s={search_term_string}\"},\"query-input\":{\"@type\":\"PropertyValueSpecification\",\"valueRequired\":true,\"valueName\":\"search_term_string\"}}],\"inLanguage\":\"es-AR\"},{\"@type\":[\"Person\",\"Organization\"],\"@id\":\"https:\/\/apuntesdesanluis.com\/#\/schema\/person\/b55151d52296fcce64d1a72538a70b90\",\"name\":\"apuntesdesanluis.com\",\"image\":{\"@type\":\"ImageObject\",\"inLanguage\":\"es-AR\",\"@id\":\"https:\/\/apuntesdesanluis.com\/#\/schema\/person\/image\/\",\"url\":\"https:\/\/apuntesdesanluis.com\/wp-content\/uploads\/2023\/07\/cropped-apuntesdesanluis.png\",\"contentUrl\":\"https:\/\/apuntesdesanluis.com\/wp-content\/uploads\/2023\/07\/cropped-apuntesdesanluis.png\",\"width\":450,\"height\":112,\"caption\":\"apuntesdesanluis.com\"},\"logo\":{\"@id\":\"https:\/\/apuntesdesanluis.com\/#\/schema\/person\/image\/\"},\"sameAs\":[\"https:\/\/apuntesdesanluis.com\"],\"url\":\"https:\/\/apuntesdesanluis.com\/index.php\/author\/apuntesdesanluis-com\/\"}]}<\/script>\n<!-- \/ Yoast SEO plugin. -->","yoast_head_json":{"title":"TRAS TENSAR LA CUERDA, AHORA EL GOBIERNO CONVOC\u00d3 A LOS GREMIOS DOCENTES - Apuntes de San Luis","robots":{"index":"index","follow":"follow","max-snippet":"max-snippet:-1","max-image-preview":"max-image-preview:large","max-video-preview":"max-video-preview:-1"},"canonical":"https:\/\/apuntesdesanluis.com\/index.php\/2024\/02\/21\/tras-tensar-la-cuerda-ahora-el-gobierno-convoco-a-los-gremios-docentes\/","og_locale":"es_ES","og_type":"article","og_title":"TRAS TENSAR LA CUERDA, AHORA EL GOBIERNO CONVOC\u00d3 A LOS GREMIOS DOCENTES - Apuntes de San Luis","og_description":"La convocatoria se da en un marco de tensi\u00f3n con los gremios docentes agrupados en...","og_url":"https:\/\/apuntesdesanluis.com\/index.php\/2024\/02\/21\/tras-tensar-la-cuerda-ahora-el-gobierno-convoco-a-los-gremios-docentes\/","og_site_name":"Apuntes de San Luis","article_published_time":"2024-02-21T22:19:02+00:00","og_image":[{"width":680,"height":383,"url":"https:\/\/apuntesdesanluis.com\/wp-content\/uploads\/2024\/02\/CARLOS-TORRENDELL.png","type":"image\/png"}],"author":"apuntesdesanluis.com","twitter_card":"summary_large_image","twitter_misc":{"Escrito por":"apuntesdesanluis.com","Tiempo de lectura":"3 minutos"},"schema":{"@context":"https:\/\/schema.org","@graph":[{"@type":"Article","@id":"https:\/\/apuntesdesanluis.com\/index.php\/2024\/02\/21\/tras-tensar-la-cuerda-ahora-el-gobierno-convoco-a-los-gremios-docentes\/#article","isPartOf":{"@id":"https:\/\/apuntesdesanluis.com\/index.php\/2024\/02\/21\/tras-tensar-la-cuerda-ahora-el-gobierno-convoco-a-los-gremios-docentes\/"},"author":{"name":"apuntesdesanluis.com","@id":"https:\/\/apuntesdesanluis.com\/#\/schema\/person\/b55151d52296fcce64d1a72538a70b90"},"headline":"TRAS TENSAR LA CUERDA, AHORA EL GOBIERNO CONVOC\u00d3 A LOS GREMIOS DOCENTES","datePublished":"2024-02-21T22:19:02+00:00","mainEntityOfPage":{"@id":"https:\/\/apuntesdesanluis.com\/index.php\/2024\/02\/21\/tras-tensar-la-cuerda-ahora-el-gobierno-convoco-a-los-gremios-docentes\/"},"wordCount":520,"publisher":{"@id":"https:\/\/apuntesdesanluis.com\/#\/schema\/person\/b55151d52296fcce64d1a72538a70b90"},"image":{"@id":"https:\/\/apuntesdesanluis.com\/index.php\/2024\/02\/21\/tras-tensar-la-cuerda-ahora-el-gobierno-convoco-a-los-gremios-docentes\/#primaryimage"},"thumbnailUrl":"https:\/\/apuntesdesanluis.com\/wp-content\/uploads\/2024\/02\/CARLOS-TORRENDELL.png","articleSection":["Nacionales\/Internacionales"],"inLanguage":"es-AR"},{"@type":"WebPage","@id":"https:\/\/apuntesdesanluis.com\/index.php\/2024\/02\/21\/tras-tensar-la-cuerda-ahora-el-gobierno-convoco-a-los-gremios-docentes\/","url":"https:\/\/apuntesdesanluis.com\/index.php\/2024\/02\/21\/tras-tensar-la-cuerda-ahora-el-gobierno-convoco-a-los-gremios-docentes\/","name":"TRAS TENSAR LA CUERDA, AHORA EL GOBIERNO CONVOC\u00d3 A LOS GREMIOS DOCENTES - Apuntes de San Luis","isPartOf":{"@id":"https:\/\/apuntesdesanluis.com\/#website"},"primaryImageOfPage":{"@id":"https:\/\/apuntesdesanluis.com\/index.php\/2024\/02\/21\/tras-tensar-la-cuerda-ahora-el-gobierno-convoco-a-los-gremios-docentes\/#primaryimage"},"image":{"@id":"https:\/\/apuntesdesanluis.com\/index.php\/2024\/02\/21\/tras-tensar-la-cuerda-ahora-el-gobierno-convoco-a-los-gremios-docentes\/#primaryimage"},"thumbnailUrl":"https:\/\/apuntesdesanluis.com\/wp-content\/uploads\/2024\/02\/CARLOS-TORRENDELL.png","datePublished":"2024-02-21T22:19:02+00:00","breadcrumb":{"@id":"https:\/\/apuntesdesanluis.com\/index.php\/2024\/02\/21\/tras-tensar-la-cuerda-ahora-el-gobierno-convoco-a-los-gremios-docentes\/#breadcrumb"},"inLanguage":"es-AR","potentialAction":[{"@type":"ReadAction","target":["https:\/\/apuntesdesanluis.com\/index.php\/2024\/02\/21\/tras-tensar-la-cuerda-ahora-el-gobierno-convoco-a-los-gremios-docentes\/"]}]},{"@type":"ImageObject","inLanguage":"es-AR","@id":"https:\/\/apuntesdesanluis.com\/index.php\/2024\/02\/21\/tras-tensar-la-cuerda-ahora-el-gobierno-convoco-a-los-gremios-docentes\/#primaryimage","url":"https:\/\/apuntesdesanluis.com\/wp-content\/uploads\/2024\/02\/CARLOS-TORRENDELL.png","contentUrl":"https:\/\/apuntesdesanluis.com\/wp-content\/uploads\/2024\/02\/CARLOS-TORRENDELL.png","width":680,"height":383},{"@type":"BreadcrumbList","@id":"https:\/\/apuntesdesanluis.com\/index.php\/2024\/02\/21\/tras-tensar-la-cuerda-ahora-el-gobierno-convoco-a-los-gremios-docentes\/#breadcrumb","itemListElement":[{"@type":"ListItem","position":1,"name":"Inicio","item":"https:\/\/apuntesdesanluis.com\/"},{"@type":"ListItem","position":2,"name":"TRAS TENSAR LA CUERDA, AHORA EL GOBIERNO CONVOC\u00d3 A LOS GREMIOS DOCENTES"}]},{"@type":"WebSite","@id":"https:\/\/apuntesdesanluis.com\/#website","url":"https:\/\/apuntesdesanluis.com\/","name":"Apuntes de San Luis","description":"","publisher":{"@id":"https:\/\/apuntesdesanluis.com\/#\/schema\/person\/b55151d52296fcce64d1a72538a70b90"},"potentialAction":[{"@type":"SearchAction","target":{"@type":"EntryPoint","urlTemplate":"https:\/\/apuntesdesanluis.com\/?s={search_term_string}"},"query-input":{"@type":"PropertyValueSpecification","valueRequired":true,"valueName":"search_term_string"}}],"inLanguage":"es-AR"},{"@type":["Person","Organization"],"@id":"https:\/\/apuntesdesanluis.com\/#\/schema\/person\/b55151d52296fcce64d1a72538a70b90","name":"apuntesdesanluis.com","image":{"@type":"ImageObject","inLanguage":"es-AR","@id":"https:\/\/apuntesdesanluis.com\/#\/schema\/person\/image\/","url":"https:\/\/apuntesdesanluis.com\/wp-content\/uploads\/2023\/07\/cropped-apuntesdesanluis.png","contentUrl":"https:\/\/apuntesdesanluis.com\/wp-content\/uploads\/2023\/07\/cropped-apuntesdesanluis.png","width":450,"height":112,"caption":"apuntesdesanluis.com"},"logo":{"@id":"https:\/\/apuntesdesanluis.com\/#\/schema\/person\/image\/"},"sameAs":["https:\/\/apuntesdesanluis.com"],"url":"https:\/\/apuntesdesanluis.com\/index.php\/author\/apuntesdesanluis-com\/"}]}},"featured_image_urls":{"full":["https:\/\/apuntesdesanluis.com\/wp-content\/uploads\/2024\/02\/CARLOS-TORRENDELL.png",680,383,false],"thumbnail":["https:\/\/apuntesdesanluis.com\/wp-content\/uploads\/2024\/02\/CARLOS-TORRENDELL-150x150.png",150,150,true],"medium":["https:\/\/apuntesdesanluis.com\/wp-content\/uploads\/2024\/02\/CARLOS-TORRENDELL-300x169.png",300,169,true],"medium_large":["https:\/\/apuntesdesanluis.com\/wp-content\/uploads\/2024\/02\/CARLOS-TORRENDELL.png",640,360,false],"large":["https:\/\/apuntesdesanluis.com\/wp-content\/uploads\/2024\/02\/CARLOS-TORRENDELL.png",640,360,false],"1536x1536":["https:\/\/apuntesdesanluis.com\/wp-content\/uploads\/2024\/02\/CARLOS-TORRENDELL.png",680,383,false],"2048x2048":["https:\/\/apuntesdesanluis.com\/wp-content\/uploads\/2024\/02\/CARLOS-TORRENDELL.png",680,383,false],"newsever-slider-full":["https:\/\/apuntesdesanluis.com\/wp-content\/uploads\/2024\/02\/CARLOS-TORRENDELL.png",680,383,false],"newsever-featured":["https:\/\/apuntesdesanluis.com\/wp-content\/uploads\/2024\/02\/CARLOS-TORRENDELL.png",680,383,false],"newsever-medium":["https:\/\/apuntesdesanluis.com\/wp-content\/uploads\/2024\/02\/CARLOS-TORRENDELL.png",680,383,false]},"author_info":{"display_name":"apuntesdesanluis.com","author_link":"https:\/\/apuntesdesanluis.com\/index.php\/author\/apuntesdesanluis-com\/"},"category_info":"<a href=\"https:\/\/apuntesdesanluis.com\/index.php\/category\/nacionales-internacionales\/\" rel=\"category tag\">Nacionales\/Internacionales<\/a>","tag_info":"Nacionales\/Internacionales","comment_count":"0","_links":{"self":[{"href":"https:\/\/apuntesdesanluis.com\/index.php\/wp-json\/wp\/v2\/posts\/12064","targetHints":{"allow":["GET"]}}],"collection":[{"href":"https:\/\/apuntesdesanluis.com\/index.php\/wp-json\/wp\/v2\/posts"}],"about":[{"href":"https:\/\/apuntesdesanluis.com\/index.php\/wp-json\/wp\/v2\/types\/post"}],"author":[{"embeddable":true,"href":"https:\/\/apuntesdesanluis.com\/index.php\/wp-json\/wp\/v2\/users\/1"}],"replies":[{"embeddable":true,"href":"https:\/\/apuntesdesanluis.com\/index.php\/wp-json\/wp\/v2\/comments?post=12064"}],"version-history":[{"count":1,"href":"https:\/\/apuntesdesanluis.com\/index.php\/wp-json\/wp\/v2\/posts\/12064\/revisions"}],"predecessor-version":[{"id":12066,"href":"https:\/\/apuntesdesanluis.com\/index.php\/wp-json\/wp\/v2\/posts\/12064\/revisions\/12066"}],"wp:featuredmedia":[{"embeddable":true,"href":"https:\/\/apuntesdesanluis.com\/index.php\/wp-json\/wp\/v2\/media\/12065"}],"wp:attachment":[{"href":"https:\/\/apuntesdesanluis.com\/index.php\/wp-json\/wp\/v2\/media?parent=12064"}],"wp:term":[{"taxonomy":"category","embeddable":true,"href":"https:\/\/apuntesdesanluis.com\/index.php\/wp-json\/wp\/v2\/categories?post=12064"},{"taxonomy":"post_tag","embeddable":true,"href":"https:\/\/apuntesdesanluis.com\/index.php\/wp-json\/wp\/v2\/tags?post=12064"}],"curies":[{"name":"wp","href":"https:\/\/api.w.org\/{rel}","templated":true}]}}