{"id":12070,"date":"2024-02-21T20:02:31","date_gmt":"2024-02-21T23:02:31","guid":{"rendered":"https:\/\/apuntesdesanluis.com\/?p=12070"},"modified":"2024-02-21T20:02:31","modified_gmt":"2024-02-21T23:02:31","slug":"causa-cuadernos-empresario-de-san-luis-probo-que-mintio-bajo-coercion","status":"publish","type":"post","link":"https:\/\/apuntesdesanluis.com\/index.php\/2024\/02\/21\/causa-cuadernos-empresario-de-san-luis-probo-que-mintio-bajo-coercion\/","title":{"rendered":"CAUSA CUADERNOS: EMPRESARIO DE SAN LUIS PROB\u00d3 QUE MINTI\u00d3 BAJO &#8220;COERCI\u00d3N&#8221;"},"content":{"rendered":"<h3>Se trata del empresario <strong>Mario Rovella<\/strong>, quien pidi\u00f3 la nulidad de su declaraci\u00f3n como &#8216;arrepentido&#8217; en la causa <strong>Cuadernos<\/strong> y present\u00f3 un documento para probar que su confesi\u00f3n fue bajo \u201ccoerci\u00f3n\u201d. Duras cr\u00edticas al fallecido juez <strong>Claudio Bonadio<\/strong>.<\/h3>\n<h3>La causa &#8216;Cuadernos&#8217;, que investiga presuntas coimas que empresarios pagaban al gobierno de Cristina Kirchner por la obra p\u00fablica, suma irregularidades. Luego de que dos pericias confirmaran tachaduras y adulteraciones en las anotaciones del chofer Oscar Centeno, ahora el empresario puntano se present\u00f3 y asegura que minti\u00f3 en su declaraci\u00f3n como &#8216;arrepentido&#8217; para conservar su libertad.<\/h3>\n<h3>Se trata del empresario Mario Rovella, quien pidi\u00f3 ante el Tribunal Oral Federal 7 -que debe realizar el juicio oral- la nulidad de su declaraci\u00f3n indagatoria, que en su momento hizo ante el juez Claudio Bonadio, y aport\u00f3 un documento redactado en una escriban\u00eda en el que consignaba que deb\u00eda mentir para conservar su libertad.<\/h3>\n<p><img fetchpriority=\"high\" decoding=\"async\" class=\"wp-image-12072 aligncenter\" src=\"https:\/\/apuntesdesanluis.com\/wp-content\/uploads\/2024\/02\/mario-rovella-300x173.png\" alt=\"\" width=\"662\" height=\"382\" srcset=\"https:\/\/apuntesdesanluis.com\/wp-content\/uploads\/2024\/02\/mario-rovella-300x173.png 300w, https:\/\/apuntesdesanluis.com\/wp-content\/uploads\/2024\/02\/mario-rovella.png 600w\" sizes=\"(max-width: 662px) 100vw, 662px\" \/><\/p>\n<h4 style=\"text-align: center;\"><em>El empresario Mario Rovella.<\/em><\/h4>\n<h3>Rovella dej\u00f3 constancia, un d\u00eda antes de ir a declarar ante el fallecido juez Bonadio, que iba a mentir en su testimonio. El documento, de vital importancia judicial, permaneci\u00f3 durante todo este tiempo en un sobre cerrado y lacrado, con la firma de \u00e9l y del escribano Diego Ignacio Ach\u00e1val. All\u00ed se afirma que el magistrado actu\u00f3 en franca violaci\u00f3n a derechos constitucionales elementales.<\/h3>\n<h3>El empresario aport\u00f3 un documento p\u00fablico que prueba que su confesi\u00f3n como \u201carrepentido\u201d fue obtenida bajo \u201ccoerci\u00f3n\u201d.<\/h3>\n<h3>En el documento afirma que el juez Claudio Bonadio, \u201cen franca violaci\u00f3n a elementales derechos constitucionales, entre ellos, el de no ser compelido a declarar contra uno mismo, procedi\u00f3 a privar ilegalmente de la libertad a distintas personas por el s\u00f3lo hecho de que no reconocieron y confesaron los presuntos delitos que se les atribuye, remiti\u00e9ndolos detenidos a distintas unidades penitenciarias; en cambio, quienes s\u00ed reconocen los delitos y validan los dichos de una persona que se adhiri\u00f3 al r\u00e9gimen de la delaci\u00f3n premiada, me refiero al Sr. Ernesto Clarens, mantienen su libertad ambulatoria\u201d.<\/h3>\n<h3>La informaci\u00f3n fue confirmada por el abogado Jos\u00e9 Manuel Ubeira, que representa al acusado Oscar Thomas, quien en declaraciones a Radio 10 habl\u00f3 de \u201ctodas las barbaridades\u201d que se van conociendo.<\/h3>\n<h3>El letrado anticip\u00f3 que \u201chabr\u00e1 muchas declaraciones\u201d en ese sentido y que demostrar\u00e1n \u201cc\u00f3mo se utiliz\u00f3 a la justicia como elemento extorsivo\u201d. \u201cSucedi\u00f3 de todo, aprietes, privaciones ileg\u00edtimas de la libertad calificadas\u201d, remarc\u00f3 Ubeira.<\/h3>\n<h3>QU\u00c9 DICE EL DOCUMENTO DE ROVELLA<\/h3>\n<h3>\u201cAnte esa situaci\u00f3n, que estimo abiertamente ilegal, y dado que no admito ser privado ilegalmente de mi libertad, me encuentro en el estado de necesidad de tener que reconocer, sin que sean verdad, ciertos hechos al s\u00f3lo efecto de evitar ir a prisi\u00f3n injustamente. Esos hechos que me veo obligado a admitir no resultan ser verdaderos\u201d, asegura Mario Rovella en el documento escrito el 28 de febrero de 2019, un d\u00eda antes de declarar ante Claudio Bonadio.<\/h3>\n<p><img decoding=\"async\" class=\"wp-image-12073 aligncenter\" src=\"https:\/\/apuntesdesanluis.com\/wp-content\/uploads\/2024\/02\/claudio-bonadio-300x176.png\" alt=\"\" width=\"660\" height=\"387\" srcset=\"https:\/\/apuntesdesanluis.com\/wp-content\/uploads\/2024\/02\/claudio-bonadio-300x176.png 300w, https:\/\/apuntesdesanluis.com\/wp-content\/uploads\/2024\/02\/claudio-bonadio.png 570w\" sizes=\"(max-width: 660px) 100vw, 660px\" \/><\/p>\n<h4 style=\"text-align: center;\"><em>El juez Claudio Bonad\u00edo, sindicado como ejecutor de la maniobra.<\/em><\/h4>\n<h3>Los abogados de Rovella se\u00f1alaron en la presentaci\u00f3n ante el Tribunal: \u201cNuestro representado se vio forzado a reconocer haber efectuado las entregas de dinero que figuraban en un listado confeccionado ad hoc por el co-imputado Ernesto Clarens\u201d. \u201cTal \u2018confesi\u00f3n\u2019 fue obtenida bajo la intimidaci\u00f3n -expresada en concretos actos procesales irregulares (arbitrarios) previos llevados a cabo por el juez instructor (inquisidor)-, que consist\u00eda en que los imputados que no admit\u00edan y validaban las anotaciones perd\u00edan su libertad ambulatoria \u201d.<\/h3>\n<h3>\u201cPara dejar constancia de que su voluntad se encontraba viciada, asent\u00f3 en un instrumento p\u00fablico la situaci\u00f3n ileg\u00edtima a la que se hallaba sometido\u201d.<\/h3>\n<h3>\u201cRovella concurri\u00f3 ante el escribano Diego Ignacio de Ach\u00e1val, a quien le requiri\u00f3 que conservara en su poder un documento que daba cuenta de cu\u00e1l era su verdadera voluntad y el motivo \u2013el temor cierto de que ir\u00eda preso- por el que se ve\u00eda compelido a \u2018confesar\u2019 hechos que lo incriminaban (y que no eran ciertos)\u201d, expres\u00f3 la defensa.<\/h3>\n<h3>ANOTACIONES ADULTERADAS Y DUDAS<\/h3>\n<h3>En diciembre pasado, el juez federal <strong>Marcelo Mart\u00ednez De Giorgi<\/strong> proces\u00f3 sin prisi\u00f3n preventiva a <strong>Jorge Bacigalupo<\/strong>, el amigo del ex remisero Oscar Centeno. Lo acus\u00f3 de realizar enmiendas en algunos de los \u201ccuadernos de las coimas\u201d, que registran el supuesto pago de sobornos que hac\u00edan empresarios a funcionarios del kirchnerismo, en p\u00e1rrafos referidos a Armando Loson y Gerardo Ferreyra.<\/h3>\n<h3>El procesamiento se dispuso por los delitos de presunto &#8220;encubrimiento agravado en la modalidad de favorecimiento personal en concurso ideal con el delito de falsificaci\u00f3n de documento p\u00fablico&#8221;. Seg\u00fan dos pericias realizadas en la causa, Bacigalupo habr\u00eda sido el autor de tachaduras, enmiendas y sobreescrituras a las anotaciones de Centeno en al menos dos cuadernos, en la causa en la que est\u00e1 procesada Cristina Kirchner, entre otros imputados.<\/h3>\n<h3>Bacigalupo hab\u00eda quedado muy comprometido en esta causa luego de que dos peritajes oficiales, uno caligr\u00e1fico realizado por la divisi\u00f3n de Scopometr\u00eda de la Polic\u00eda Federal y otro ling\u00fc\u00edstico hecho por la Facultad de Filosof\u00eda y Letras de la UBA -que se realizaron sobre 3 de los 8 anotadores-, determinaran que los cuadernos adjudicados a Centeno fueron adulterados, escritos por m\u00e1s de una persona y con fragmentos que fueron dictados o copiados.<\/h3>\n<h3>De acuerdo al expediente, Bacigalupo era amigo de Centeno y tuvo los anotadores en custodia. En ese lapso en que guard\u00f3 los cuadernos, el ex polic\u00eda se los entreg\u00f3 al periodista de La Naci\u00f3n Diego Cabot, quien tras escanearlos se los devolvi\u00f3. Luego llev\u00f3 las copias digitalizadas al fiscal Carlos Stornelli.<\/h3>\n<h3>M\u00c1S DE 100 ACUSADOS EN TOTAL<\/h3>\n<h3>En la causa hay 47 acusados, entre empresarios y ex funcionarios. Uno de ellos,<strong> Fabi\u00e1n Guti\u00e9rrez<\/strong>, ex secretario de CFK que declar\u00f3 como arrepentido sobre la entrega de sobornos, fue asesinado en El Calafate en 2020 tras un aparente intento de extorsi\u00f3n.<\/h3>\n<h3>Entre los imputados hay &#8221; arrepentidos&#8221;. Pero si se tiene en cuenta las causas conexas que derivaron de la denuncia, los acusados superan el centenar. Cristina Fern\u00e1ndez de Kirchner fue procesada -por el ahora fallecido juez Bonadio- como &#8220;jefa de una asociaci\u00f3n il\u00edcita&#8221; que recaudaba sobornos de empresarios para los gobiernos kirchneristas.<\/h3>\n<p><img decoding=\"async\" class=\"wp-image-12074 aligncenter\" src=\"https:\/\/apuntesdesanluis.com\/wp-content\/uploads\/2024\/02\/cristina-300x206.png\" alt=\"\" width=\"652\" height=\"448\" srcset=\"https:\/\/apuntesdesanluis.com\/wp-content\/uploads\/2024\/02\/cristina-300x206.png 300w, https:\/\/apuntesdesanluis.com\/wp-content\/uploads\/2024\/02\/cristina.png 600w\" sizes=\"(max-width: 652px) 100vw, 652px\" \/><\/p>\n<h3>El expediente central -que cuenta con seis casos conexos- sostiene que se dio por corroborada la existencia de una &#8220;asociaci\u00f3n il\u00edcita que desarroll\u00f3 sus actividades aproximadamente desde principios del a\u00f1o 2003 hasta noviembre del a\u00f1o 2015, y cuya finalidad fue organizar un sistema de recaudaci\u00f3n de fondos para recibir dinero ilegal con el fin de enriquecerse ilegalmente y de utilizar parte de esos fondos en la comisi\u00f3n de otros delitos, todo ello aprovechando su posici\u00f3n como funcionarios del Poder Ejecutivo Nacional&#8221;.<\/h3>\n<h3>Pero tras la comprobaci\u00f3n de la adulteraci\u00f3n de los cuadernos, y ahora con este documento del empresario Rovella, hay dudas acerca de si la causa principal podr\u00eda tambalear. La defensa de Cristina Kirchner present\u00f3 en agosto pasado un pedido de nulidad de la causa ante la Corte Suprema de Justicia, sumando los peritajes que detectaron irregularidades en los anotadores del remisero.<\/h3>\n<p>&nbsp;<\/p>\n<p>&nbsp;<\/p>\n<p>&nbsp;<\/p>\n<p>&nbsp;<\/p>\n<p>&nbsp;<\/p>\n<p>&nbsp;<\/p>\n<p>&nbsp;<\/p>\n","protected":false},"excerpt":{"rendered":"<p>Se trata del empresario Mario Rovella, quien pidi\u00f3 la nulidad de su declaraci\u00f3n como &#8216;arrepentido&#8217;&#8230;<\/p>\n","protected":false},"author":1,"featured_media":12071,"comment_status":"closed","ping_status":"closed","sticky":false,"template":"","format":"standard","meta":{"footnotes":""},"categories":[5],"tags":[],"class_list":["post-12070","post","type-post","status-publish","format-standard","has-post-thumbnail","hentry","category-nacionales-internacionales"],"yoast_head":"<!-- This site is optimized with the Yoast SEO plugin v26.1.1 - https:\/\/yoast.com\/wordpress\/plugins\/seo\/ -->\n<title>CAUSA CUADERNOS: EMPRESARIO DE SAN LUIS PROB\u00d3 QUE MINTI\u00d3 BAJO &quot;COERCI\u00d3N&quot; - Apuntes de San Luis<\/title>\n<meta name=\"robots\" content=\"index, follow, max-snippet:-1, max-image-preview:large, max-video-preview:-1\" \/>\n<link rel=\"canonical\" href=\"https:\/\/apuntesdesanluis.com\/index.php\/2024\/02\/21\/causa-cuadernos-empresario-de-san-luis-probo-que-mintio-bajo-coercion\/\" \/>\n<meta property=\"og:locale\" content=\"es_ES\" \/>\n<meta property=\"og:type\" content=\"article\" \/>\n<meta property=\"og:title\" content=\"CAUSA CUADERNOS: EMPRESARIO DE SAN LUIS PROB\u00d3 QUE MINTI\u00d3 BAJO &quot;COERCI\u00d3N&quot; - Apuntes de San Luis\" \/>\n<meta property=\"og:description\" content=\"Se trata del empresario Mario Rovella, quien pidi\u00f3 la nulidad de su declaraci\u00f3n como &#8216;arrepentido&#8217;...\" \/>\n<meta property=\"og:url\" content=\"https:\/\/apuntesdesanluis.com\/index.php\/2024\/02\/21\/causa-cuadernos-empresario-de-san-luis-probo-que-mintio-bajo-coercion\/\" \/>\n<meta property=\"og:site_name\" content=\"Apuntes de San Luis\" \/>\n<meta property=\"article:published_time\" content=\"2024-02-21T23:02:31+00:00\" \/>\n<meta property=\"og:image\" content=\"https:\/\/apuntesdesanluis.com\/wp-content\/uploads\/2024\/02\/centeno.png\" \/>\n\t<meta property=\"og:image:width\" content=\"700\" \/>\n\t<meta property=\"og:image:height\" content=\"406\" \/>\n\t<meta property=\"og:image:type\" content=\"image\/png\" \/>\n<meta name=\"author\" content=\"apuntesdesanluis.com\" \/>\n<meta name=\"twitter:card\" content=\"summary_large_image\" \/>\n<meta name=\"twitter:label1\" content=\"Escrito por\" \/>\n\t<meta name=\"twitter:data1\" content=\"apuntesdesanluis.com\" \/>\n\t<meta name=\"twitter:label2\" content=\"Tiempo de lectura\" \/>\n\t<meta name=\"twitter:data2\" content=\"6 minutos\" \/>\n<script type=\"application\/ld+json\" class=\"yoast-schema-graph\">{\"@context\":\"https:\/\/schema.org\",\"@graph\":[{\"@type\":\"Article\",\"@id\":\"https:\/\/apuntesdesanluis.com\/index.php\/2024\/02\/21\/causa-cuadernos-empresario-de-san-luis-probo-que-mintio-bajo-coercion\/#article\",\"isPartOf\":{\"@id\":\"https:\/\/apuntesdesanluis.com\/index.php\/2024\/02\/21\/causa-cuadernos-empresario-de-san-luis-probo-que-mintio-bajo-coercion\/\"},\"author\":{\"name\":\"apuntesdesanluis.com\",\"@id\":\"https:\/\/apuntesdesanluis.com\/#\/schema\/person\/b55151d52296fcce64d1a72538a70b90\"},\"headline\":\"CAUSA CUADERNOS: EMPRESARIO DE SAN LUIS PROB\u00d3 QUE MINTI\u00d3 BAJO &#8220;COERCI\u00d3N&#8221;\",\"datePublished\":\"2024-02-21T23:02:31+00:00\",\"mainEntityOfPage\":{\"@id\":\"https:\/\/apuntesdesanluis.com\/index.php\/2024\/02\/21\/causa-cuadernos-empresario-de-san-luis-probo-que-mintio-bajo-coercion\/\"},\"wordCount\":1229,\"publisher\":{\"@id\":\"https:\/\/apuntesdesanluis.com\/#\/schema\/person\/b55151d52296fcce64d1a72538a70b90\"},\"image\":{\"@id\":\"https:\/\/apuntesdesanluis.com\/index.php\/2024\/02\/21\/causa-cuadernos-empresario-de-san-luis-probo-que-mintio-bajo-coercion\/#primaryimage\"},\"thumbnailUrl\":\"https:\/\/apuntesdesanluis.com\/wp-content\/uploads\/2024\/02\/centeno.png\",\"articleSection\":[\"Nacionales\/Internacionales\"],\"inLanguage\":\"es-AR\"},{\"@type\":\"WebPage\",\"@id\":\"https:\/\/apuntesdesanluis.com\/index.php\/2024\/02\/21\/causa-cuadernos-empresario-de-san-luis-probo-que-mintio-bajo-coercion\/\",\"url\":\"https:\/\/apuntesdesanluis.com\/index.php\/2024\/02\/21\/causa-cuadernos-empresario-de-san-luis-probo-que-mintio-bajo-coercion\/\",\"name\":\"CAUSA CUADERNOS: EMPRESARIO DE SAN LUIS PROB\u00d3 QUE MINTI\u00d3 BAJO \\\"COERCI\u00d3N\\\" - Apuntes de San Luis\",\"isPartOf\":{\"@id\":\"https:\/\/apuntesdesanluis.com\/#website\"},\"primaryImageOfPage\":{\"@id\":\"https:\/\/apuntesdesanluis.com\/index.php\/2024\/02\/21\/causa-cuadernos-empresario-de-san-luis-probo-que-mintio-bajo-coercion\/#primaryimage\"},\"image\":{\"@id\":\"https:\/\/apuntesdesanluis.com\/index.php\/2024\/02\/21\/causa-cuadernos-empresario-de-san-luis-probo-que-mintio-bajo-coercion\/#primaryimage\"},\"thumbnailUrl\":\"https:\/\/apuntesdesanluis.com\/wp-content\/uploads\/2024\/02\/centeno.png\",\"datePublished\":\"2024-02-21T23:02:31+00:00\",\"breadcrumb\":{\"@id\":\"https:\/\/apuntesdesanluis.com\/index.php\/2024\/02\/21\/causa-cuadernos-empresario-de-san-luis-probo-que-mintio-bajo-coercion\/#breadcrumb\"},\"inLanguage\":\"es-AR\",\"potentialAction\":[{\"@type\":\"ReadAction\",\"target\":[\"https:\/\/apuntesdesanluis.com\/index.php\/2024\/02\/21\/causa-cuadernos-empresario-de-san-luis-probo-que-mintio-bajo-coercion\/\"]}]},{\"@type\":\"ImageObject\",\"inLanguage\":\"es-AR\",\"@id\":\"https:\/\/apuntesdesanluis.com\/index.php\/2024\/02\/21\/causa-cuadernos-empresario-de-san-luis-probo-que-mintio-bajo-coercion\/#primaryimage\",\"url\":\"https:\/\/apuntesdesanluis.com\/wp-content\/uploads\/2024\/02\/centeno.png\",\"contentUrl\":\"https:\/\/apuntesdesanluis.com\/wp-content\/uploads\/2024\/02\/centeno.png\",\"width\":700,\"height\":406},{\"@type\":\"BreadcrumbList\",\"@id\":\"https:\/\/apuntesdesanluis.com\/index.php\/2024\/02\/21\/causa-cuadernos-empresario-de-san-luis-probo-que-mintio-bajo-coercion\/#breadcrumb\",\"itemListElement\":[{\"@type\":\"ListItem\",\"position\":1,\"name\":\"Inicio\",\"item\":\"https:\/\/apuntesdesanluis.com\/\"},{\"@type\":\"ListItem\",\"position\":2,\"name\":\"CAUSA CUADERNOS: EMPRESARIO DE SAN LUIS PROB\u00d3 QUE MINTI\u00d3 BAJO &#8220;COERCI\u00d3N&#8221;\"}]},{\"@type\":\"WebSite\",\"@id\":\"https:\/\/apuntesdesanluis.com\/#website\",\"url\":\"https:\/\/apuntesdesanluis.com\/\",\"name\":\"Apuntes de San Luis\",\"description\":\"\",\"publisher\":{\"@id\":\"https:\/\/apuntesdesanluis.com\/#\/schema\/person\/b55151d52296fcce64d1a72538a70b90\"},\"potentialAction\":[{\"@type\":\"SearchAction\",\"target\":{\"@type\":\"EntryPoint\",\"urlTemplate\":\"https:\/\/apuntesdesanluis.com\/?s={search_term_string}\"},\"query-input\":{\"@type\":\"PropertyValueSpecification\",\"valueRequired\":true,\"valueName\":\"search_term_string\"}}],\"inLanguage\":\"es-AR\"},{\"@type\":[\"Person\",\"Organization\"],\"@id\":\"https:\/\/apuntesdesanluis.com\/#\/schema\/person\/b55151d52296fcce64d1a72538a70b90\",\"name\":\"apuntesdesanluis.com\",\"image\":{\"@type\":\"ImageObject\",\"inLanguage\":\"es-AR\",\"@id\":\"https:\/\/apuntesdesanluis.com\/#\/schema\/person\/image\/\",\"url\":\"https:\/\/apuntesdesanluis.com\/wp-content\/uploads\/2023\/07\/cropped-apuntesdesanluis.png\",\"contentUrl\":\"https:\/\/apuntesdesanluis.com\/wp-content\/uploads\/2023\/07\/cropped-apuntesdesanluis.png\",\"width\":450,\"height\":112,\"caption\":\"apuntesdesanluis.com\"},\"logo\":{\"@id\":\"https:\/\/apuntesdesanluis.com\/#\/schema\/person\/image\/\"},\"sameAs\":[\"https:\/\/apuntesdesanluis.com\"],\"url\":\"https:\/\/apuntesdesanluis.com\/index.php\/author\/apuntesdesanluis-com\/\"}]}<\/script>\n<!-- \/ Yoast SEO plugin. -->","yoast_head_json":{"title":"CAUSA CUADERNOS: EMPRESARIO DE SAN LUIS PROB\u00d3 QUE MINTI\u00d3 BAJO \"COERCI\u00d3N\" - Apuntes de San Luis","robots":{"index":"index","follow":"follow","max-snippet":"max-snippet:-1","max-image-preview":"max-image-preview:large","max-video-preview":"max-video-preview:-1"},"canonical":"https:\/\/apuntesdesanluis.com\/index.php\/2024\/02\/21\/causa-cuadernos-empresario-de-san-luis-probo-que-mintio-bajo-coercion\/","og_locale":"es_ES","og_type":"article","og_title":"CAUSA CUADERNOS: EMPRESARIO DE SAN LUIS PROB\u00d3 QUE MINTI\u00d3 BAJO \"COERCI\u00d3N\" - Apuntes de San Luis","og_description":"Se trata del empresario Mario Rovella, quien pidi\u00f3 la nulidad de su declaraci\u00f3n como &#8216;arrepentido&#8217;...","og_url":"https:\/\/apuntesdesanluis.com\/index.php\/2024\/02\/21\/causa-cuadernos-empresario-de-san-luis-probo-que-mintio-bajo-coercion\/","og_site_name":"Apuntes de San Luis","article_published_time":"2024-02-21T23:02:31+00:00","og_image":[{"width":700,"height":406,"url":"https:\/\/apuntesdesanluis.com\/wp-content\/uploads\/2024\/02\/centeno.png","type":"image\/png"}],"author":"apuntesdesanluis.com","twitter_card":"summary_large_image","twitter_misc":{"Escrito por":"apuntesdesanluis.com","Tiempo de lectura":"6 minutos"},"schema":{"@context":"https:\/\/schema.org","@graph":[{"@type":"Article","@id":"https:\/\/apuntesdesanluis.com\/index.php\/2024\/02\/21\/causa-cuadernos-empresario-de-san-luis-probo-que-mintio-bajo-coercion\/#article","isPartOf":{"@id":"https:\/\/apuntesdesanluis.com\/index.php\/2024\/02\/21\/causa-cuadernos-empresario-de-san-luis-probo-que-mintio-bajo-coercion\/"},"author":{"name":"apuntesdesanluis.com","@id":"https:\/\/apuntesdesanluis.com\/#\/schema\/person\/b55151d52296fcce64d1a72538a70b90"},"headline":"CAUSA CUADERNOS: EMPRESARIO DE SAN LUIS PROB\u00d3 QUE MINTI\u00d3 BAJO &#8220;COERCI\u00d3N&#8221;","datePublished":"2024-02-21T23:02:31+00:00","mainEntityOfPage":{"@id":"https:\/\/apuntesdesanluis.com\/index.php\/2024\/02\/21\/causa-cuadernos-empresario-de-san-luis-probo-que-mintio-bajo-coercion\/"},"wordCount":1229,"publisher":{"@id":"https:\/\/apuntesdesanluis.com\/#\/schema\/person\/b55151d52296fcce64d1a72538a70b90"},"image":{"@id":"https:\/\/apuntesdesanluis.com\/index.php\/2024\/02\/21\/causa-cuadernos-empresario-de-san-luis-probo-que-mintio-bajo-coercion\/#primaryimage"},"thumbnailUrl":"https:\/\/apuntesdesanluis.com\/wp-content\/uploads\/2024\/02\/centeno.png","articleSection":["Nacionales\/Internacionales"],"inLanguage":"es-AR"},{"@type":"WebPage","@id":"https:\/\/apuntesdesanluis.com\/index.php\/2024\/02\/21\/causa-cuadernos-empresario-de-san-luis-probo-que-mintio-bajo-coercion\/","url":"https:\/\/apuntesdesanluis.com\/index.php\/2024\/02\/21\/causa-cuadernos-empresario-de-san-luis-probo-que-mintio-bajo-coercion\/","name":"CAUSA CUADERNOS: EMPRESARIO DE SAN LUIS PROB\u00d3 QUE MINTI\u00d3 BAJO \"COERCI\u00d3N\" - Apuntes de San Luis","isPartOf":{"@id":"https:\/\/apuntesdesanluis.com\/#website"},"primaryImageOfPage":{"@id":"https:\/\/apuntesdesanluis.com\/index.php\/2024\/02\/21\/causa-cuadernos-empresario-de-san-luis-probo-que-mintio-bajo-coercion\/#primaryimage"},"image":{"@id":"https:\/\/apuntesdesanluis.com\/index.php\/2024\/02\/21\/causa-cuadernos-empresario-de-san-luis-probo-que-mintio-bajo-coercion\/#primaryimage"},"thumbnailUrl":"https:\/\/apuntesdesanluis.com\/wp-content\/uploads\/2024\/02\/centeno.png","datePublished":"2024-02-21T23:02:31+00:00","breadcrumb":{"@id":"https:\/\/apuntesdesanluis.com\/index.php\/2024\/02\/21\/causa-cuadernos-empresario-de-san-luis-probo-que-mintio-bajo-coercion\/#breadcrumb"},"inLanguage":"es-AR","potentialAction":[{"@type":"ReadAction","target":["https:\/\/apuntesdesanluis.com\/index.php\/2024\/02\/21\/causa-cuadernos-empresario-de-san-luis-probo-que-mintio-bajo-coercion\/"]}]},{"@type":"ImageObject","inLanguage":"es-AR","@id":"https:\/\/apuntesdesanluis.com\/index.php\/2024\/02\/21\/causa-cuadernos-empresario-de-san-luis-probo-que-mintio-bajo-coercion\/#primaryimage","url":"https:\/\/apuntesdesanluis.com\/wp-content\/uploads\/2024\/02\/centeno.png","contentUrl":"https:\/\/apuntesdesanluis.com\/wp-content\/uploads\/2024\/02\/centeno.png","width":700,"height":406},{"@type":"BreadcrumbList","@id":"https:\/\/apuntesdesanluis.com\/index.php\/2024\/02\/21\/causa-cuadernos-empresario-de-san-luis-probo-que-mintio-bajo-coercion\/#breadcrumb","itemListElement":[{"@type":"ListItem","position":1,"name":"Inicio","item":"https:\/\/apuntesdesanluis.com\/"},{"@type":"ListItem","position":2,"name":"CAUSA CUADERNOS: EMPRESARIO DE SAN LUIS PROB\u00d3 QUE MINTI\u00d3 BAJO &#8220;COERCI\u00d3N&#8221;"}]},{"@type":"WebSite","@id":"https:\/\/apuntesdesanluis.com\/#website","url":"https:\/\/apuntesdesanluis.com\/","name":"Apuntes de San Luis","description":"","publisher":{"@id":"https:\/\/apuntesdesanluis.com\/#\/schema\/person\/b55151d52296fcce64d1a72538a70b90"},"potentialAction":[{"@type":"SearchAction","target":{"@type":"EntryPoint","urlTemplate":"https:\/\/apuntesdesanluis.com\/?s={search_term_string}"},"query-input":{"@type":"PropertyValueSpecification","valueRequired":true,"valueName":"search_term_string"}}],"inLanguage":"es-AR"},{"@type":["Person","Organization"],"@id":"https:\/\/apuntesdesanluis.com\/#\/schema\/person\/b55151d52296fcce64d1a72538a70b90","name":"apuntesdesanluis.com","image":{"@type":"ImageObject","inLanguage":"es-AR","@id":"https:\/\/apuntesdesanluis.com\/#\/schema\/person\/image\/","url":"https:\/\/apuntesdesanluis.com\/wp-content\/uploads\/2023\/07\/cropped-apuntesdesanluis.png","contentUrl":"https:\/\/apuntesdesanluis.com\/wp-content\/uploads\/2023\/07\/cropped-apuntesdesanluis.png","width":450,"height":112,"caption":"apuntesdesanluis.com"},"logo":{"@id":"https:\/\/apuntesdesanluis.com\/#\/schema\/person\/image\/"},"sameAs":["https:\/\/apuntesdesanluis.com"],"url":"https:\/\/apuntesdesanluis.com\/index.php\/author\/apuntesdesanluis-com\/"}]}},"featured_image_urls":{"full":["https:\/\/apuntesdesanluis.com\/wp-content\/uploads\/2024\/02\/centeno.png",700,406,false],"thumbnail":["https:\/\/apuntesdesanluis.com\/wp-content\/uploads\/2024\/02\/centeno-150x150.png",150,150,true],"medium":["https:\/\/apuntesdesanluis.com\/wp-content\/uploads\/2024\/02\/centeno-300x174.png",300,174,true],"medium_large":["https:\/\/apuntesdesanluis.com\/wp-content\/uploads\/2024\/02\/centeno.png",640,371,false],"large":["https:\/\/apuntesdesanluis.com\/wp-content\/uploads\/2024\/02\/centeno.png",640,371,false],"1536x1536":["https:\/\/apuntesdesanluis.com\/wp-content\/uploads\/2024\/02\/centeno.png",700,406,false],"2048x2048":["https:\/\/apuntesdesanluis.com\/wp-content\/uploads\/2024\/02\/centeno.png",700,406,false],"newsever-slider-full":["https:\/\/apuntesdesanluis.com\/wp-content\/uploads\/2024\/02\/centeno.png",700,406,false],"newsever-featured":["https:\/\/apuntesdesanluis.com\/wp-content\/uploads\/2024\/02\/centeno.png",700,406,false],"newsever-medium":["https:\/\/apuntesdesanluis.com\/wp-content\/uploads\/2024\/02\/centeno.png",700,406,false]},"author_info":{"display_name":"apuntesdesanluis.com","author_link":"https:\/\/apuntesdesanluis.com\/index.php\/author\/apuntesdesanluis-com\/"},"category_info":"<a href=\"https:\/\/apuntesdesanluis.com\/index.php\/category\/nacionales-internacionales\/\" rel=\"category tag\">Nacionales\/Internacionales<\/a>","tag_info":"Nacionales\/Internacionales","comment_count":"0","_links":{"self":[{"href":"https:\/\/apuntesdesanluis.com\/index.php\/wp-json\/wp\/v2\/posts\/12070","targetHints":{"allow":["GET"]}}],"collection":[{"href":"https:\/\/apuntesdesanluis.com\/index.php\/wp-json\/wp\/v2\/posts"}],"about":[{"href":"https:\/\/apuntesdesanluis.com\/index.php\/wp-json\/wp\/v2\/types\/post"}],"author":[{"embeddable":true,"href":"https:\/\/apuntesdesanluis.com\/index.php\/wp-json\/wp\/v2\/users\/1"}],"replies":[{"embeddable":true,"href":"https:\/\/apuntesdesanluis.com\/index.php\/wp-json\/wp\/v2\/comments?post=12070"}],"version-history":[{"count":1,"href":"https:\/\/apuntesdesanluis.com\/index.php\/wp-json\/wp\/v2\/posts\/12070\/revisions"}],"predecessor-version":[{"id":12075,"href":"https:\/\/apuntesdesanluis.com\/index.php\/wp-json\/wp\/v2\/posts\/12070\/revisions\/12075"}],"wp:featuredmedia":[{"embeddable":true,"href":"https:\/\/apuntesdesanluis.com\/index.php\/wp-json\/wp\/v2\/media\/12071"}],"wp:attachment":[{"href":"https:\/\/apuntesdesanluis.com\/index.php\/wp-json\/wp\/v2\/media?parent=12070"}],"wp:term":[{"taxonomy":"category","embeddable":true,"href":"https:\/\/apuntesdesanluis.com\/index.php\/wp-json\/wp\/v2\/categories?post=12070"},{"taxonomy":"post_tag","embeddable":true,"href":"https:\/\/apuntesdesanluis.com\/index.php\/wp-json\/wp\/v2\/tags?post=12070"}],"curies":[{"name":"wp","href":"https:\/\/api.w.org\/{rel}","templated":true}]}}