{"id":12087,"date":"2024-02-21T22:08:38","date_gmt":"2024-02-22T01:08:38","guid":{"rendered":"https:\/\/apuntesdesanluis.com\/?p=12087"},"modified":"2024-02-21T22:09:12","modified_gmt":"2024-02-22T01:09:12","slug":"mas-de-la-mitad-del-parque-automotor-fuera-de-servicio-y-135-vehiculos-no-se-encuentran","status":"publish","type":"post","link":"https:\/\/apuntesdesanluis.com\/index.php\/2024\/02\/21\/mas-de-la-mitad-del-parque-automotor-fuera-de-servicio-y-135-vehiculos-no-se-encuentran\/","title":{"rendered":"M\u00c1S DE LA MITAD DEL PARQUE AUTOMOTOR, FUERA DE SERVICIO, Y 135 VEH\u00cdCULOS NO SE ENCUENTRAN"},"content":{"rendered":"<h3>As\u00ed lo reflejan los datos obtenidos del <strong>Censo Automotor<\/strong> que se realiz\u00f3 a fin de determinar la cantidad de veh\u00edculos oficiales.<\/h3>\n<h3>Este mi\u00e9rcoles, el secretario de \u00c9tica P\u00fablica y Control de Gesti\u00f3n, <strong>Ricardo Bazla<\/strong>, le inform\u00f3 al Gobernador los detalles del operativo que concluy\u00f3 el pasado 31 de enero. \u201cLos resultados reflejan la desidia y el abandono de la gesti\u00f3n anterior: el 51,4% del parque automotor est\u00e1 fuera de servicio\u201d, asever\u00f3 la gacetilla oficial del gobierno.<\/h3>\n<h3>Bazla le inform\u00f3 al gobernador <strong>Claudio Poggi<\/strong>, que la realidad del parque automotor es preocupante. Se censaron 1.748 veh\u00edculos (incluidas las motos) y de ese total hay 899 fuera de servicio, lo que representa el 51,4% del parque automotor oficial.<\/h3>\n<h3>La cifra deja en evidencia c\u00f3mo se trabaj\u00f3 en la gesti\u00f3n anterior y la herencia que recibi\u00f3 la actual en relaci\u00f3n al parque automotor. \u201cM\u00e1s de la mitad de los veh\u00edculos est\u00e1n fuera de servicio\u201d, explic\u00f3 el funcionario. Bazla, record\u00f3 que, a partir de la finalizaci\u00f3n del censo, los d\u00edas 8 y 9 de junio de 10:00 a 17:00, se realizar\u00e1 el remate de los veh\u00edculos que se encuentran fuera de servicio.<\/h3>\n<h3>Durante la reuni\u00f3n en Terrazas del Portezuelo, tambi\u00e9n asisti\u00f3 junto a Bazla, el director del Parque Automotor, Horacio Del Percio.<\/h3>\n<h3><strong>INVESTIGACI\u00d3N EN CURSO<\/strong><\/h3>\n<h3>El titular de la secretar\u00eda de \u00c9tica P\u00fablica y Control de Gesti\u00f3n, agreg\u00f3 que en base al trabajo investigativo se detect\u00f3 que el Registro de la Propiedad Automotor tiene a nombre del Estado un total de 1.883 veh\u00edculos, cifra que no coincide con los 1.748 censados. Por lo tanto, hay 135 veh\u00edculos que no se sabe d\u00f3nde est\u00e1n.<\/h3>\n<h3>Al respecto, inici\u00f3 con el equipo de la Secretar\u00eda un proceso de investigaci\u00f3n para encontrarlos.<\/h3>\n<p><img fetchpriority=\"high\" decoding=\"async\" class=\"wp-image-12088 aligncenter\" src=\"https:\/\/apuntesdesanluis.com\/wp-content\/uploads\/2024\/02\/RECORRIDA-300x110.png\" alt=\"\" width=\"736\" height=\"270\" srcset=\"https:\/\/apuntesdesanluis.com\/wp-content\/uploads\/2024\/02\/RECORRIDA-300x110.png 300w, https:\/\/apuntesdesanluis.com\/wp-content\/uploads\/2024\/02\/RECORRIDA.png 695w\" sizes=\"(max-width: 736px) 100vw, 736px\" \/><\/p>\n<h3><strong>RECORRIDA<\/strong><\/h3>\n<h3>Este mi\u00e9rcoles, tras recibir el informe del censo del Parque Automotor Provincial, el gobernador Claudio Poggi, se tom\u00f3 unos minutos de la calurosa ma\u00f1ana para recorrer el predio de la Planta Verificadora N\u00ba1, ubicada en Granaderos Puntanos, entre Sarmiento y Leandro N. Alem, en San Luis capital.<\/h3>\n<h3>All\u00ed, descoloridos, rotos, con abolladuras y signos de desguace, hay una gran cantidad de rodados inutilizados o en estado de abandono que la actual gesti\u00f3n recibi\u00f3 de la anterior y que se ha resuelto rematar, con la perspectiva de recuperar algo del dinero invertido por el Estado en esos bienes que est\u00e1n inactivos desde hace tiempo. \u201cLo triste de esto, porque en definitiva son veh\u00edculos que se compraron con los impuestos de los sanluise\u00f1os, es que est\u00e1n totalmente desmantelados, abandonados, fruto de la desidia de quienes ten\u00edan la responsabilidad de cuidarlos y usarlos bien, porque al veh\u00edculo del Estado hay que usarlo como si fuera de uno\u201d, consider\u00f3 el Gobernador.<\/h3>\n<p><iframe title=\"Gobernador Claudio Poggi\" width=\"640\" height=\"360\" src=\"https:\/\/www.youtube.com\/embed\/CdD2at1XoLI?feature=oembed\" frameborder=\"0\" allow=\"accelerometer; autoplay; clipboard-write; encrypted-media; gyroscope; picture-in-picture; web-share\" referrerpolicy=\"strict-origin-when-cross-origin\" allowfullscreen><\/iframe><\/p>\n<h3>Hay dos datos significativos que surgieron del censo: uno es que del total de 1.748 rodados que conforman la flota automotor de la Provincia, el 51,4 % (es decir, 899) est\u00e1n fuera de servicio \u201cpor la desidia, el abandono y la corrupci\u00f3n\u201d; y muchos han sido desguazados, reiter\u00f3 Poggi. Se trata, fundamentalmente, de veh\u00edculos de la Polic\u00eda y ambulancias, que no est\u00e1n en la calle al servicio de la seguridad y la salud.<\/h3>\n<h3>El otro dato es que faltan 135 veh\u00edculos, seg\u00fan surge de la comparaci\u00f3n del informe del Registro de la Propiedad Automotor y el total de autos censados. El destino de esos veh\u00edculos es incierto. La secretar\u00eda de \u00c9tica P\u00fablica y Control de Gesti\u00f3n est\u00e1 abocada a investigar d\u00f3nde est\u00e1n.<\/h3>\n<p>&nbsp;<\/p>\n<p>&nbsp;<\/p>\n<p>&nbsp;<\/p>\n<p>&nbsp;<\/p>\n<p>&nbsp;<\/p>\n<p>&nbsp;<\/p>\n","protected":false},"excerpt":{"rendered":"<p>As\u00ed lo reflejan los datos obtenidos del Censo Automotor que se realiz\u00f3 a fin de&#8230;<\/p>\n","protected":false},"author":1,"featured_media":12089,"comment_status":"closed","ping_status":"closed","sticky":false,"template":"","format":"standard","meta":{"footnotes":""},"categories":[6],"tags":[],"class_list":["post-12087","post","type-post","status-publish","format-standard","has-post-thumbnail","hentry","category-ciudad-provincia"],"yoast_head":"<!-- This site is optimized with the Yoast SEO plugin v26.1.1 - https:\/\/yoast.com\/wordpress\/plugins\/seo\/ -->\n<title>M\u00c1S DE LA MITAD DEL PARQUE AUTOMOTOR, FUERA DE SERVICIO, Y 135 VEH\u00cdCULOS NO SE ENCUENTRAN - Apuntes de San Luis<\/title>\n<meta name=\"robots\" content=\"index, follow, max-snippet:-1, max-image-preview:large, max-video-preview:-1\" \/>\n<link rel=\"canonical\" href=\"https:\/\/apuntesdesanluis.com\/index.php\/2024\/02\/21\/mas-de-la-mitad-del-parque-automotor-fuera-de-servicio-y-135-vehiculos-no-se-encuentran\/\" \/>\n<meta property=\"og:locale\" content=\"es_ES\" \/>\n<meta property=\"og:type\" content=\"article\" \/>\n<meta property=\"og:title\" content=\"M\u00c1S DE LA MITAD DEL PARQUE AUTOMOTOR, FUERA DE SERVICIO, Y 135 VEH\u00cdCULOS NO SE ENCUENTRAN - Apuntes de San Luis\" \/>\n<meta property=\"og:description\" content=\"As\u00ed lo reflejan los datos obtenidos del Censo Automotor que se realiz\u00f3 a fin de...\" \/>\n<meta property=\"og:url\" content=\"https:\/\/apuntesdesanluis.com\/index.php\/2024\/02\/21\/mas-de-la-mitad-del-parque-automotor-fuera-de-servicio-y-135-vehiculos-no-se-encuentran\/\" \/>\n<meta property=\"og:site_name\" content=\"Apuntes de San Luis\" \/>\n<meta property=\"article:published_time\" content=\"2024-02-22T01:08:38+00:00\" \/>\n<meta property=\"article:modified_time\" content=\"2024-02-22T01:09:12+00:00\" \/>\n<meta property=\"og:image\" content=\"https:\/\/apuntesdesanluis.com\/wp-content\/uploads\/2024\/02\/bazla-y-poggi.png\" \/>\n\t<meta property=\"og:image:width\" content=\"677\" \/>\n\t<meta property=\"og:image:height\" content=\"414\" \/>\n\t<meta property=\"og:image:type\" content=\"image\/png\" \/>\n<meta name=\"author\" content=\"apuntesdesanluis.com\" \/>\n<meta name=\"twitter:card\" content=\"summary_large_image\" \/>\n<meta name=\"twitter:label1\" content=\"Escrito por\" \/>\n\t<meta name=\"twitter:data1\" content=\"apuntesdesanluis.com\" \/>\n\t<meta name=\"twitter:label2\" content=\"Tiempo de lectura\" \/>\n\t<meta name=\"twitter:data2\" content=\"3 minutos\" \/>\n<script type=\"application\/ld+json\" class=\"yoast-schema-graph\">{\"@context\":\"https:\/\/schema.org\",\"@graph\":[{\"@type\":\"Article\",\"@id\":\"https:\/\/apuntesdesanluis.com\/index.php\/2024\/02\/21\/mas-de-la-mitad-del-parque-automotor-fuera-de-servicio-y-135-vehiculos-no-se-encuentran\/#article\",\"isPartOf\":{\"@id\":\"https:\/\/apuntesdesanluis.com\/index.php\/2024\/02\/21\/mas-de-la-mitad-del-parque-automotor-fuera-de-servicio-y-135-vehiculos-no-se-encuentran\/\"},\"author\":{\"name\":\"apuntesdesanluis.com\",\"@id\":\"https:\/\/apuntesdesanluis.com\/#\/schema\/person\/b55151d52296fcce64d1a72538a70b90\"},\"headline\":\"M\u00c1S DE LA MITAD DEL PARQUE AUTOMOTOR, FUERA DE SERVICIO, Y 135 VEH\u00cdCULOS NO SE ENCUENTRAN\",\"datePublished\":\"2024-02-22T01:08:38+00:00\",\"dateModified\":\"2024-02-22T01:09:12+00:00\",\"mainEntityOfPage\":{\"@id\":\"https:\/\/apuntesdesanluis.com\/index.php\/2024\/02\/21\/mas-de-la-mitad-del-parque-automotor-fuera-de-servicio-y-135-vehiculos-no-se-encuentran\/\"},\"wordCount\":628,\"publisher\":{\"@id\":\"https:\/\/apuntesdesanluis.com\/#\/schema\/person\/b55151d52296fcce64d1a72538a70b90\"},\"image\":{\"@id\":\"https:\/\/apuntesdesanluis.com\/index.php\/2024\/02\/21\/mas-de-la-mitad-del-parque-automotor-fuera-de-servicio-y-135-vehiculos-no-se-encuentran\/#primaryimage\"},\"thumbnailUrl\":\"https:\/\/apuntesdesanluis.com\/wp-content\/uploads\/2024\/02\/bazla-y-poggi.png\",\"articleSection\":[\"Ciudad\/Provincia\"],\"inLanguage\":\"es-AR\"},{\"@type\":\"WebPage\",\"@id\":\"https:\/\/apuntesdesanluis.com\/index.php\/2024\/02\/21\/mas-de-la-mitad-del-parque-automotor-fuera-de-servicio-y-135-vehiculos-no-se-encuentran\/\",\"url\":\"https:\/\/apuntesdesanluis.com\/index.php\/2024\/02\/21\/mas-de-la-mitad-del-parque-automotor-fuera-de-servicio-y-135-vehiculos-no-se-encuentran\/\",\"name\":\"M\u00c1S DE LA MITAD DEL PARQUE AUTOMOTOR, FUERA DE SERVICIO, Y 135 VEH\u00cdCULOS NO SE ENCUENTRAN - Apuntes de San Luis\",\"isPartOf\":{\"@id\":\"https:\/\/apuntesdesanluis.com\/#website\"},\"primaryImageOfPage\":{\"@id\":\"https:\/\/apuntesdesanluis.com\/index.php\/2024\/02\/21\/mas-de-la-mitad-del-parque-automotor-fuera-de-servicio-y-135-vehiculos-no-se-encuentran\/#primaryimage\"},\"image\":{\"@id\":\"https:\/\/apuntesdesanluis.com\/index.php\/2024\/02\/21\/mas-de-la-mitad-del-parque-automotor-fuera-de-servicio-y-135-vehiculos-no-se-encuentran\/#primaryimage\"},\"thumbnailUrl\":\"https:\/\/apuntesdesanluis.com\/wp-content\/uploads\/2024\/02\/bazla-y-poggi.png\",\"datePublished\":\"2024-02-22T01:08:38+00:00\",\"dateModified\":\"2024-02-22T01:09:12+00:00\",\"breadcrumb\":{\"@id\":\"https:\/\/apuntesdesanluis.com\/index.php\/2024\/02\/21\/mas-de-la-mitad-del-parque-automotor-fuera-de-servicio-y-135-vehiculos-no-se-encuentran\/#breadcrumb\"},\"inLanguage\":\"es-AR\",\"potentialAction\":[{\"@type\":\"ReadAction\",\"target\":[\"https:\/\/apuntesdesanluis.com\/index.php\/2024\/02\/21\/mas-de-la-mitad-del-parque-automotor-fuera-de-servicio-y-135-vehiculos-no-se-encuentran\/\"]}]},{\"@type\":\"ImageObject\",\"inLanguage\":\"es-AR\",\"@id\":\"https:\/\/apuntesdesanluis.com\/index.php\/2024\/02\/21\/mas-de-la-mitad-del-parque-automotor-fuera-de-servicio-y-135-vehiculos-no-se-encuentran\/#primaryimage\",\"url\":\"https:\/\/apuntesdesanluis.com\/wp-content\/uploads\/2024\/02\/bazla-y-poggi.png\",\"contentUrl\":\"https:\/\/apuntesdesanluis.com\/wp-content\/uploads\/2024\/02\/bazla-y-poggi.png\",\"width\":677,\"height\":414},{\"@type\":\"BreadcrumbList\",\"@id\":\"https:\/\/apuntesdesanluis.com\/index.php\/2024\/02\/21\/mas-de-la-mitad-del-parque-automotor-fuera-de-servicio-y-135-vehiculos-no-se-encuentran\/#breadcrumb\",\"itemListElement\":[{\"@type\":\"ListItem\",\"position\":1,\"name\":\"Inicio\",\"item\":\"https:\/\/apuntesdesanluis.com\/\"},{\"@type\":\"ListItem\",\"position\":2,\"name\":\"M\u00c1S DE LA MITAD DEL PARQUE AUTOMOTOR, FUERA DE SERVICIO, Y 135 VEH\u00cdCULOS NO SE ENCUENTRAN\"}]},{\"@type\":\"WebSite\",\"@id\":\"https:\/\/apuntesdesanluis.com\/#website\",\"url\":\"https:\/\/apuntesdesanluis.com\/\",\"name\":\"Apuntes de San Luis\",\"description\":\"\",\"publisher\":{\"@id\":\"https:\/\/apuntesdesanluis.com\/#\/schema\/person\/b55151d52296fcce64d1a72538a70b90\"},\"potentialAction\":[{\"@type\":\"SearchAction\",\"target\":{\"@type\":\"EntryPoint\",\"urlTemplate\":\"https:\/\/apuntesdesanluis.com\/?s={search_term_string}\"},\"query-input\":{\"@type\":\"PropertyValueSpecification\",\"valueRequired\":true,\"valueName\":\"search_term_string\"}}],\"inLanguage\":\"es-AR\"},{\"@type\":[\"Person\",\"Organization\"],\"@id\":\"https:\/\/apuntesdesanluis.com\/#\/schema\/person\/b55151d52296fcce64d1a72538a70b90\",\"name\":\"apuntesdesanluis.com\",\"image\":{\"@type\":\"ImageObject\",\"inLanguage\":\"es-AR\",\"@id\":\"https:\/\/apuntesdesanluis.com\/#\/schema\/person\/image\/\",\"url\":\"https:\/\/apuntesdesanluis.com\/wp-content\/uploads\/2023\/07\/cropped-apuntesdesanluis.png\",\"contentUrl\":\"https:\/\/apuntesdesanluis.com\/wp-content\/uploads\/2023\/07\/cropped-apuntesdesanluis.png\",\"width\":450,\"height\":112,\"caption\":\"apuntesdesanluis.com\"},\"logo\":{\"@id\":\"https:\/\/apuntesdesanluis.com\/#\/schema\/person\/image\/\"},\"sameAs\":[\"https:\/\/apuntesdesanluis.com\"],\"url\":\"https:\/\/apuntesdesanluis.com\/index.php\/author\/apuntesdesanluis-com\/\"}]}<\/script>\n<!-- \/ Yoast SEO plugin. -->","yoast_head_json":{"title":"M\u00c1S DE LA MITAD DEL PARQUE AUTOMOTOR, FUERA DE SERVICIO, Y 135 VEH\u00cdCULOS NO SE ENCUENTRAN - Apuntes de San Luis","robots":{"index":"index","follow":"follow","max-snippet":"max-snippet:-1","max-image-preview":"max-image-preview:large","max-video-preview":"max-video-preview:-1"},"canonical":"https:\/\/apuntesdesanluis.com\/index.php\/2024\/02\/21\/mas-de-la-mitad-del-parque-automotor-fuera-de-servicio-y-135-vehiculos-no-se-encuentran\/","og_locale":"es_ES","og_type":"article","og_title":"M\u00c1S DE LA MITAD DEL PARQUE AUTOMOTOR, FUERA DE SERVICIO, Y 135 VEH\u00cdCULOS NO SE ENCUENTRAN - Apuntes de San Luis","og_description":"As\u00ed lo reflejan los datos obtenidos del Censo Automotor que se realiz\u00f3 a fin de...","og_url":"https:\/\/apuntesdesanluis.com\/index.php\/2024\/02\/21\/mas-de-la-mitad-del-parque-automotor-fuera-de-servicio-y-135-vehiculos-no-se-encuentran\/","og_site_name":"Apuntes de San Luis","article_published_time":"2024-02-22T01:08:38+00:00","article_modified_time":"2024-02-22T01:09:12+00:00","og_image":[{"width":677,"height":414,"url":"https:\/\/apuntesdesanluis.com\/wp-content\/uploads\/2024\/02\/bazla-y-poggi.png","type":"image\/png"}],"author":"apuntesdesanluis.com","twitter_card":"summary_large_image","twitter_misc":{"Escrito por":"apuntesdesanluis.com","Tiempo de lectura":"3 minutos"},"schema":{"@context":"https:\/\/schema.org","@graph":[{"@type":"Article","@id":"https:\/\/apuntesdesanluis.com\/index.php\/2024\/02\/21\/mas-de-la-mitad-del-parque-automotor-fuera-de-servicio-y-135-vehiculos-no-se-encuentran\/#article","isPartOf":{"@id":"https:\/\/apuntesdesanluis.com\/index.php\/2024\/02\/21\/mas-de-la-mitad-del-parque-automotor-fuera-de-servicio-y-135-vehiculos-no-se-encuentran\/"},"author":{"name":"apuntesdesanluis.com","@id":"https:\/\/apuntesdesanluis.com\/#\/schema\/person\/b55151d52296fcce64d1a72538a70b90"},"headline":"M\u00c1S DE LA MITAD DEL PARQUE AUTOMOTOR, FUERA DE SERVICIO, Y 135 VEH\u00cdCULOS NO SE ENCUENTRAN","datePublished":"2024-02-22T01:08:38+00:00","dateModified":"2024-02-22T01:09:12+00:00","mainEntityOfPage":{"@id":"https:\/\/apuntesdesanluis.com\/index.php\/2024\/02\/21\/mas-de-la-mitad-del-parque-automotor-fuera-de-servicio-y-135-vehiculos-no-se-encuentran\/"},"wordCount":628,"publisher":{"@id":"https:\/\/apuntesdesanluis.com\/#\/schema\/person\/b55151d52296fcce64d1a72538a70b90"},"image":{"@id":"https:\/\/apuntesdesanluis.com\/index.php\/2024\/02\/21\/mas-de-la-mitad-del-parque-automotor-fuera-de-servicio-y-135-vehiculos-no-se-encuentran\/#primaryimage"},"thumbnailUrl":"https:\/\/apuntesdesanluis.com\/wp-content\/uploads\/2024\/02\/bazla-y-poggi.png","articleSection":["Ciudad\/Provincia"],"inLanguage":"es-AR"},{"@type":"WebPage","@id":"https:\/\/apuntesdesanluis.com\/index.php\/2024\/02\/21\/mas-de-la-mitad-del-parque-automotor-fuera-de-servicio-y-135-vehiculos-no-se-encuentran\/","url":"https:\/\/apuntesdesanluis.com\/index.php\/2024\/02\/21\/mas-de-la-mitad-del-parque-automotor-fuera-de-servicio-y-135-vehiculos-no-se-encuentran\/","name":"M\u00c1S DE LA MITAD DEL PARQUE AUTOMOTOR, FUERA DE SERVICIO, Y 135 VEH\u00cdCULOS NO SE ENCUENTRAN - Apuntes de San Luis","isPartOf":{"@id":"https:\/\/apuntesdesanluis.com\/#website"},"primaryImageOfPage":{"@id":"https:\/\/apuntesdesanluis.com\/index.php\/2024\/02\/21\/mas-de-la-mitad-del-parque-automotor-fuera-de-servicio-y-135-vehiculos-no-se-encuentran\/#primaryimage"},"image":{"@id":"https:\/\/apuntesdesanluis.com\/index.php\/2024\/02\/21\/mas-de-la-mitad-del-parque-automotor-fuera-de-servicio-y-135-vehiculos-no-se-encuentran\/#primaryimage"},"thumbnailUrl":"https:\/\/apuntesdesanluis.com\/wp-content\/uploads\/2024\/02\/bazla-y-poggi.png","datePublished":"2024-02-22T01:08:38+00:00","dateModified":"2024-02-22T01:09:12+00:00","breadcrumb":{"@id":"https:\/\/apuntesdesanluis.com\/index.php\/2024\/02\/21\/mas-de-la-mitad-del-parque-automotor-fuera-de-servicio-y-135-vehiculos-no-se-encuentran\/#breadcrumb"},"inLanguage":"es-AR","potentialAction":[{"@type":"ReadAction","target":["https:\/\/apuntesdesanluis.com\/index.php\/2024\/02\/21\/mas-de-la-mitad-del-parque-automotor-fuera-de-servicio-y-135-vehiculos-no-se-encuentran\/"]}]},{"@type":"ImageObject","inLanguage":"es-AR","@id":"https:\/\/apuntesdesanluis.com\/index.php\/2024\/02\/21\/mas-de-la-mitad-del-parque-automotor-fuera-de-servicio-y-135-vehiculos-no-se-encuentran\/#primaryimage","url":"https:\/\/apuntesdesanluis.com\/wp-content\/uploads\/2024\/02\/bazla-y-poggi.png","contentUrl":"https:\/\/apuntesdesanluis.com\/wp-content\/uploads\/2024\/02\/bazla-y-poggi.png","width":677,"height":414},{"@type":"BreadcrumbList","@id":"https:\/\/apuntesdesanluis.com\/index.php\/2024\/02\/21\/mas-de-la-mitad-del-parque-automotor-fuera-de-servicio-y-135-vehiculos-no-se-encuentran\/#breadcrumb","itemListElement":[{"@type":"ListItem","position":1,"name":"Inicio","item":"https:\/\/apuntesdesanluis.com\/"},{"@type":"ListItem","position":2,"name":"M\u00c1S DE LA MITAD DEL PARQUE AUTOMOTOR, FUERA DE SERVICIO, Y 135 VEH\u00cdCULOS NO SE ENCUENTRAN"}]},{"@type":"WebSite","@id":"https:\/\/apuntesdesanluis.com\/#website","url":"https:\/\/apuntesdesanluis.com\/","name":"Apuntes de San Luis","description":"","publisher":{"@id":"https:\/\/apuntesdesanluis.com\/#\/schema\/person\/b55151d52296fcce64d1a72538a70b90"},"potentialAction":[{"@type":"SearchAction","target":{"@type":"EntryPoint","urlTemplate":"https:\/\/apuntesdesanluis.com\/?s={search_term_string}"},"query-input":{"@type":"PropertyValueSpecification","valueRequired":true,"valueName":"search_term_string"}}],"inLanguage":"es-AR"},{"@type":["Person","Organization"],"@id":"https:\/\/apuntesdesanluis.com\/#\/schema\/person\/b55151d52296fcce64d1a72538a70b90","name":"apuntesdesanluis.com","image":{"@type":"ImageObject","inLanguage":"es-AR","@id":"https:\/\/apuntesdesanluis.com\/#\/schema\/person\/image\/","url":"https:\/\/apuntesdesanluis.com\/wp-content\/uploads\/2023\/07\/cropped-apuntesdesanluis.png","contentUrl":"https:\/\/apuntesdesanluis.com\/wp-content\/uploads\/2023\/07\/cropped-apuntesdesanluis.png","width":450,"height":112,"caption":"apuntesdesanluis.com"},"logo":{"@id":"https:\/\/apuntesdesanluis.com\/#\/schema\/person\/image\/"},"sameAs":["https:\/\/apuntesdesanluis.com"],"url":"https:\/\/apuntesdesanluis.com\/index.php\/author\/apuntesdesanluis-com\/"}]}},"featured_image_urls":{"full":["https:\/\/apuntesdesanluis.com\/wp-content\/uploads\/2024\/02\/bazla-y-poggi.png",677,414,false],"thumbnail":["https:\/\/apuntesdesanluis.com\/wp-content\/uploads\/2024\/02\/bazla-y-poggi-150x150.png",150,150,true],"medium":["https:\/\/apuntesdesanluis.com\/wp-content\/uploads\/2024\/02\/bazla-y-poggi-300x183.png",300,183,true],"medium_large":["https:\/\/apuntesdesanluis.com\/wp-content\/uploads\/2024\/02\/bazla-y-poggi.png",640,391,false],"large":["https:\/\/apuntesdesanluis.com\/wp-content\/uploads\/2024\/02\/bazla-y-poggi.png",640,391,false],"1536x1536":["https:\/\/apuntesdesanluis.com\/wp-content\/uploads\/2024\/02\/bazla-y-poggi.png",677,414,false],"2048x2048":["https:\/\/apuntesdesanluis.com\/wp-content\/uploads\/2024\/02\/bazla-y-poggi.png",677,414,false],"newsever-slider-full":["https:\/\/apuntesdesanluis.com\/wp-content\/uploads\/2024\/02\/bazla-y-poggi.png",677,414,false],"newsever-featured":["https:\/\/apuntesdesanluis.com\/wp-content\/uploads\/2024\/02\/bazla-y-poggi.png",677,414,false],"newsever-medium":["https:\/\/apuntesdesanluis.com\/wp-content\/uploads\/2024\/02\/bazla-y-poggi.png",677,414,false]},"author_info":{"display_name":"apuntesdesanluis.com","author_link":"https:\/\/apuntesdesanluis.com\/index.php\/author\/apuntesdesanluis-com\/"},"category_info":"<a href=\"https:\/\/apuntesdesanluis.com\/index.php\/category\/ciudad-provincia\/\" rel=\"category tag\">Ciudad\/Provincia<\/a>","tag_info":"Ciudad\/Provincia","comment_count":"0","_links":{"self":[{"href":"https:\/\/apuntesdesanluis.com\/index.php\/wp-json\/wp\/v2\/posts\/12087","targetHints":{"allow":["GET"]}}],"collection":[{"href":"https:\/\/apuntesdesanluis.com\/index.php\/wp-json\/wp\/v2\/posts"}],"about":[{"href":"https:\/\/apuntesdesanluis.com\/index.php\/wp-json\/wp\/v2\/types\/post"}],"author":[{"embeddable":true,"href":"https:\/\/apuntesdesanluis.com\/index.php\/wp-json\/wp\/v2\/users\/1"}],"replies":[{"embeddable":true,"href":"https:\/\/apuntesdesanluis.com\/index.php\/wp-json\/wp\/v2\/comments?post=12087"}],"version-history":[{"count":2,"href":"https:\/\/apuntesdesanluis.com\/index.php\/wp-json\/wp\/v2\/posts\/12087\/revisions"}],"predecessor-version":[{"id":12091,"href":"https:\/\/apuntesdesanluis.com\/index.php\/wp-json\/wp\/v2\/posts\/12087\/revisions\/12091"}],"wp:featuredmedia":[{"embeddable":true,"href":"https:\/\/apuntesdesanluis.com\/index.php\/wp-json\/wp\/v2\/media\/12089"}],"wp:attachment":[{"href":"https:\/\/apuntesdesanluis.com\/index.php\/wp-json\/wp\/v2\/media?parent=12087"}],"wp:term":[{"taxonomy":"category","embeddable":true,"href":"https:\/\/apuntesdesanluis.com\/index.php\/wp-json\/wp\/v2\/categories?post=12087"},{"taxonomy":"post_tag","embeddable":true,"href":"https:\/\/apuntesdesanluis.com\/index.php\/wp-json\/wp\/v2\/tags?post=12087"}],"curies":[{"name":"wp","href":"https:\/\/api.w.org\/{rel}","templated":true}]}}