{"id":1209,"date":"2023-08-07T14:13:36","date_gmt":"2023-08-07T17:13:36","guid":{"rendered":"https:\/\/apuntesdesanluis.com\/?p=1209"},"modified":"2023-08-07T14:14:14","modified_gmt":"2023-08-07T17:14:14","slug":"konex-distinguira-al-dr-esteban-jobbagy-como-personalidad-destacada-de-la-ultima-decada","status":"publish","type":"post","link":"https:\/\/apuntesdesanluis.com\/index.php\/2023\/08\/07\/konex-distinguira-al-dr-esteban-jobbagy-como-personalidad-destacada-de-la-ultima-decada\/","title":{"rendered":"KONEX DISTINGUIR\u00c1 AL DR. ESTEBAN JOBBAGY COMO PERSONALIDAD DESTACADA DE LA \u00daLTIMA D\u00c9CADA"},"content":{"rendered":"<h3>El especialista de la UNSL en estudios ambientales, <strong>Dr. Esteban Jobbagy<\/strong>, fue seleccionado entre las 100 personalidades m\u00e1s destacadas de la \u00faltima d\u00e9cada de la Ciencia y Tecnolog\u00eda argentina (2013-2023) por la <strong>Fundaci\u00f3n Konex<\/strong>. La premiaci\u00f3n ser\u00e1 el martes 12 de septiembre en la Facultad de Derecho de la Universidad de Buenos Aires (UBA).<\/h3>\n<h3>El investigador del Instituto de Matem\u00e1tica Aplicada San Luis (IMASL), de doble dependencia UNSL\/Conicet e integrante y l\u00edder del Grupo de Estudios Ambientales (GEA) qued\u00f3 seleccionado, por segunda vez consecutiva, en la disciplina \u00abAgronom\u00eda y Alimentos\u00bb. En total se premia a cient\u00edficas y cient\u00edficos de 20 disciplinas.<\/h3>\n<h3>Los Premios Konex, organizados por la Fundaci\u00f3n Konex, fueron instituidos en 1980 y se entregan a personalidades e instituciones distinguidas en todas las ramas del quehacer argentino. En tal sentido se destacan a personalidades del Deporte, Espect\u00e1culo, Artes Visuales, Ciencia y Tecnolog\u00eda, Letras, M\u00fasica Popular, Humanidades, Comunicaci\u00f3n-Periodismo, Instituciones-Comunidad y M\u00fasica Cl\u00e1sica.<\/h3>\n<h3>&#8211; <strong>\u00bfQu\u00e9 opini\u00f3n tiene acerca de estas premiaciones?<\/strong><\/h3>\n<h3>Tengo sentimientos encontrados. Reconozco que me da alegr\u00eda y orgullo recibirlas. Pero tambi\u00e9n siento que reflejan un aspecto de la forma en que nuestra sociedad ve y valora la labor cient\u00edfica que no termina de cerrarme. Premiamos personas y no equipos. Ponderamos la labor de cada investigador individual con \u00edndices de citas de la literatura cient\u00edfica global, que son \u00fatiles, pero insuficientes para entender los aportes m\u00e1s profundos a la sociedad.<\/h3>\n<h3>De esta manera se mantienen invisibles muchas personas y, sobre todo, conductas de trabajo y cooperaci\u00f3n que son las que verdaderamente hacen el cimiento de un sistema cient\u00edfico como el argentino, que a pesar de los magros recursos que recibe, sigue funcionando y aportando a hacer un mundo y un pa\u00eds un poco mejor.<\/h3>\n<h3>La constancia, la generosidad, el coraje y una aproximaci\u00f3n a la realidad cr\u00edtica pero humilde son piezas clave y los premios a veces pasan por alto a las personas que m\u00e1s aportan esos ingredientes. En fin, est\u00e1 bueno recibir este premio, pero s\u00e9 que soy la cara de un equipo mucho m\u00e1s grande, el del GEA en el IMASL, al que se lo debo.<\/h3>\n<h3><strong>&#8211; \u00bfQu\u00e9 es lo que usted investiga?<\/strong><\/h3>\n<h3>Una de las principales preguntas es c\u00f3mo la agricultura y las actividades humanas en general, transforman el ciclo del agua. Y c\u00f3mo podemos manejar la tierra y el agua de forma m\u00e1s sustentable, inteligente y justa, particularmente en llanuras secas como la nuestra.<\/h3>\n<h3><strong>&#8211; \u00bfQui\u00e9n lo postul\u00f3 a estas premiaciones?<\/strong><\/h3>\n<h3>Este premio no es por postulaci\u00f3n. El jurado sale a buscar por su propia cuenta a aquellas personas que considera sobresalientes en el tema.<\/h3>\n<h3><strong>&#8211; \u00bfC\u00f3mo recibi\u00f3 usted esta distinci\u00f3n?<\/strong><\/h3>\n<h3>Me llamaron desde la Fundaci\u00f3n Konex el domingo previo al anuncio. Me puso contento saber que me distinguieron junto a otras personas que aprecio y admiro mucho.<\/h3>\n<h3><strong>&#8211; \u00bfCu\u00e1les han sido los aportes realizados en el transcurso de esta \u00faltima d\u00e9cada en el rubro en el que has sido distinguido?<\/strong><\/h3>\n<h3>Los principales tienen que ver con el agua, desde muchas \u00f3pticas. En estos a\u00f1os aprendimos mucho sobre c\u00f3mo se inunda nuestra llanura, c\u00f3mo se retiran las aguas, qu\u00e9 efectos tiene eso sobre un mont\u00f3n de aspectos de la vida, de la producci\u00f3n, pero tambi\u00e9n cu\u00e1les son las causas de estas inundaciones y entender que no todo es el clima, incluido con el fen\u00f3meno tan raro como es el R\u00edo Nuevo; no todo se explica por las fluctuaciones del clima sino por c\u00f3mo usamos la tierra a sabiendas o no y c\u00f3mo vamos cambiando el ciclo del agua.<\/h3>\n<h3>Tambi\u00e9n hemos aprendido mucho en el grupo, por una l\u00ednea liderada por Patricio Magliano, acerca de c\u00f3mo se cosecha agua en las partes m\u00e1s secas de la llanura. San Luis tiene unos sistemas de cosechas de agua que son bastantes \u00fanicos en el mundo que son los viejos tajamares y hemos aprendido c\u00f3mo funcionan y c\u00f3mo se puede mejorar.<\/h3>\n<h3>Tambi\u00e9n aprendimos a usar mejores herramientas, que todav\u00eda se subutilizan, como son los sat\u00e9lites para hacer mediciones de los ecosistemas y de la gente. Creo que el aspecto principal fue esa contribuci\u00f3n que tuvo impacto en la producci\u00f3n agr\u00edcola y el manejo del ambiente en general.<\/h3>\n","protected":false},"excerpt":{"rendered":"<p>El especialista de la UNSL en estudios ambientales, Dr. Esteban Jobbagy, fue seleccionado entre las&#8230;<\/p>\n","protected":false},"author":1,"featured_media":1210,"comment_status":"closed","ping_status":"closed","sticky":false,"template":"","format":"standard","meta":{"footnotes":""},"categories":[6],"tags":[],"class_list":["post-1209","post","type-post","status-publish","format-standard","has-post-thumbnail","hentry","category-ciudad-provincia"],"yoast_head":"<!-- This site is optimized with the Yoast SEO plugin v26.1.1 - https:\/\/yoast.com\/wordpress\/plugins\/seo\/ -->\n<title>KONEX DISTINGUIR\u00c1 AL DR. ESTEBAN JOBBAGY COMO PERSONALIDAD DESTACADA DE LA \u00daLTIMA D\u00c9CADA - Apuntes de San Luis<\/title>\n<meta name=\"robots\" content=\"index, follow, max-snippet:-1, max-image-preview:large, max-video-preview:-1\" \/>\n<link rel=\"canonical\" href=\"https:\/\/apuntesdesanluis.com\/index.php\/2023\/08\/07\/konex-distinguira-al-dr-esteban-jobbagy-como-personalidad-destacada-de-la-ultima-decada\/\" \/>\n<meta property=\"og:locale\" content=\"es_ES\" \/>\n<meta property=\"og:type\" content=\"article\" \/>\n<meta property=\"og:title\" content=\"KONEX DISTINGUIR\u00c1 AL DR. ESTEBAN JOBBAGY COMO PERSONALIDAD DESTACADA DE LA \u00daLTIMA D\u00c9CADA - Apuntes de San Luis\" \/>\n<meta property=\"og:description\" content=\"El especialista de la UNSL en estudios ambientales, Dr. Esteban Jobbagy, fue seleccionado entre las...\" \/>\n<meta property=\"og:url\" content=\"https:\/\/apuntesdesanluis.com\/index.php\/2023\/08\/07\/konex-distinguira-al-dr-esteban-jobbagy-como-personalidad-destacada-de-la-ultima-decada\/\" \/>\n<meta property=\"og:site_name\" content=\"Apuntes de San Luis\" \/>\n<meta property=\"article:published_time\" content=\"2023-08-07T17:13:36+00:00\" \/>\n<meta property=\"article:modified_time\" content=\"2023-08-07T17:14:14+00:00\" \/>\n<meta property=\"og:image\" content=\"https:\/\/apuntesdesanluis.com\/wp-content\/uploads\/2023\/08\/esteban-jobbagy.png\" \/>\n\t<meta property=\"og:image:width\" content=\"605\" \/>\n\t<meta property=\"og:image:height\" content=\"410\" \/>\n\t<meta property=\"og:image:type\" content=\"image\/png\" \/>\n<meta name=\"author\" content=\"apuntesdesanluis.com\" \/>\n<meta name=\"twitter:card\" content=\"summary_large_image\" \/>\n<meta name=\"twitter:label1\" content=\"Escrito por\" \/>\n\t<meta name=\"twitter:data1\" content=\"apuntesdesanluis.com\" \/>\n\t<meta name=\"twitter:label2\" content=\"Tiempo de lectura\" \/>\n\t<meta name=\"twitter:data2\" content=\"4 minutos\" \/>\n<script type=\"application\/ld+json\" class=\"yoast-schema-graph\">{\"@context\":\"https:\/\/schema.org\",\"@graph\":[{\"@type\":\"Article\",\"@id\":\"https:\/\/apuntesdesanluis.com\/index.php\/2023\/08\/07\/konex-distinguira-al-dr-esteban-jobbagy-como-personalidad-destacada-de-la-ultima-decada\/#article\",\"isPartOf\":{\"@id\":\"https:\/\/apuntesdesanluis.com\/index.php\/2023\/08\/07\/konex-distinguira-al-dr-esteban-jobbagy-como-personalidad-destacada-de-la-ultima-decada\/\"},\"author\":{\"name\":\"apuntesdesanluis.com\",\"@id\":\"https:\/\/apuntesdesanluis.com\/#\/schema\/person\/b55151d52296fcce64d1a72538a70b90\"},\"headline\":\"KONEX DISTINGUIR\u00c1 AL DR. ESTEBAN JOBBAGY COMO PERSONALIDAD DESTACADA DE LA \u00daLTIMA D\u00c9CADA\",\"datePublished\":\"2023-08-07T17:13:36+00:00\",\"dateModified\":\"2023-08-07T17:14:14+00:00\",\"mainEntityOfPage\":{\"@id\":\"https:\/\/apuntesdesanluis.com\/index.php\/2023\/08\/07\/konex-distinguira-al-dr-esteban-jobbagy-como-personalidad-destacada-de-la-ultima-decada\/\"},\"wordCount\":762,\"publisher\":{\"@id\":\"https:\/\/apuntesdesanluis.com\/#\/schema\/person\/b55151d52296fcce64d1a72538a70b90\"},\"image\":{\"@id\":\"https:\/\/apuntesdesanluis.com\/index.php\/2023\/08\/07\/konex-distinguira-al-dr-esteban-jobbagy-como-personalidad-destacada-de-la-ultima-decada\/#primaryimage\"},\"thumbnailUrl\":\"https:\/\/apuntesdesanluis.com\/wp-content\/uploads\/2023\/08\/esteban-jobbagy.png\",\"articleSection\":[\"Ciudad\/Provincia\"],\"inLanguage\":\"es-AR\"},{\"@type\":\"WebPage\",\"@id\":\"https:\/\/apuntesdesanluis.com\/index.php\/2023\/08\/07\/konex-distinguira-al-dr-esteban-jobbagy-como-personalidad-destacada-de-la-ultima-decada\/\",\"url\":\"https:\/\/apuntesdesanluis.com\/index.php\/2023\/08\/07\/konex-distinguira-al-dr-esteban-jobbagy-como-personalidad-destacada-de-la-ultima-decada\/\",\"name\":\"KONEX DISTINGUIR\u00c1 AL DR. ESTEBAN JOBBAGY COMO PERSONALIDAD DESTACADA DE LA \u00daLTIMA D\u00c9CADA - Apuntes de San Luis\",\"isPartOf\":{\"@id\":\"https:\/\/apuntesdesanluis.com\/#website\"},\"primaryImageOfPage\":{\"@id\":\"https:\/\/apuntesdesanluis.com\/index.php\/2023\/08\/07\/konex-distinguira-al-dr-esteban-jobbagy-como-personalidad-destacada-de-la-ultima-decada\/#primaryimage\"},\"image\":{\"@id\":\"https:\/\/apuntesdesanluis.com\/index.php\/2023\/08\/07\/konex-distinguira-al-dr-esteban-jobbagy-como-personalidad-destacada-de-la-ultima-decada\/#primaryimage\"},\"thumbnailUrl\":\"https:\/\/apuntesdesanluis.com\/wp-content\/uploads\/2023\/08\/esteban-jobbagy.png\",\"datePublished\":\"2023-08-07T17:13:36+00:00\",\"dateModified\":\"2023-08-07T17:14:14+00:00\",\"breadcrumb\":{\"@id\":\"https:\/\/apuntesdesanluis.com\/index.php\/2023\/08\/07\/konex-distinguira-al-dr-esteban-jobbagy-como-personalidad-destacada-de-la-ultima-decada\/#breadcrumb\"},\"inLanguage\":\"es-AR\",\"potentialAction\":[{\"@type\":\"ReadAction\",\"target\":[\"https:\/\/apuntesdesanluis.com\/index.php\/2023\/08\/07\/konex-distinguira-al-dr-esteban-jobbagy-como-personalidad-destacada-de-la-ultima-decada\/\"]}]},{\"@type\":\"ImageObject\",\"inLanguage\":\"es-AR\",\"@id\":\"https:\/\/apuntesdesanluis.com\/index.php\/2023\/08\/07\/konex-distinguira-al-dr-esteban-jobbagy-como-personalidad-destacada-de-la-ultima-decada\/#primaryimage\",\"url\":\"https:\/\/apuntesdesanluis.com\/wp-content\/uploads\/2023\/08\/esteban-jobbagy.png\",\"contentUrl\":\"https:\/\/apuntesdesanluis.com\/wp-content\/uploads\/2023\/08\/esteban-jobbagy.png\",\"width\":605,\"height\":410},{\"@type\":\"BreadcrumbList\",\"@id\":\"https:\/\/apuntesdesanluis.com\/index.php\/2023\/08\/07\/konex-distinguira-al-dr-esteban-jobbagy-como-personalidad-destacada-de-la-ultima-decada\/#breadcrumb\",\"itemListElement\":[{\"@type\":\"ListItem\",\"position\":1,\"name\":\"Inicio\",\"item\":\"https:\/\/apuntesdesanluis.com\/\"},{\"@type\":\"ListItem\",\"position\":2,\"name\":\"KONEX DISTINGUIR\u00c1 AL DR. ESTEBAN JOBBAGY COMO PERSONALIDAD DESTACADA DE LA \u00daLTIMA D\u00c9CADA\"}]},{\"@type\":\"WebSite\",\"@id\":\"https:\/\/apuntesdesanluis.com\/#website\",\"url\":\"https:\/\/apuntesdesanluis.com\/\",\"name\":\"Apuntes de San Luis\",\"description\":\"\",\"publisher\":{\"@id\":\"https:\/\/apuntesdesanluis.com\/#\/schema\/person\/b55151d52296fcce64d1a72538a70b90\"},\"potentialAction\":[{\"@type\":\"SearchAction\",\"target\":{\"@type\":\"EntryPoint\",\"urlTemplate\":\"https:\/\/apuntesdesanluis.com\/?s={search_term_string}\"},\"query-input\":{\"@type\":\"PropertyValueSpecification\",\"valueRequired\":true,\"valueName\":\"search_term_string\"}}],\"inLanguage\":\"es-AR\"},{\"@type\":[\"Person\",\"Organization\"],\"@id\":\"https:\/\/apuntesdesanluis.com\/#\/schema\/person\/b55151d52296fcce64d1a72538a70b90\",\"name\":\"apuntesdesanluis.com\",\"image\":{\"@type\":\"ImageObject\",\"inLanguage\":\"es-AR\",\"@id\":\"https:\/\/apuntesdesanluis.com\/#\/schema\/person\/image\/\",\"url\":\"https:\/\/apuntesdesanluis.com\/wp-content\/uploads\/2023\/07\/cropped-apuntesdesanluis.png\",\"contentUrl\":\"https:\/\/apuntesdesanluis.com\/wp-content\/uploads\/2023\/07\/cropped-apuntesdesanluis.png\",\"width\":450,\"height\":112,\"caption\":\"apuntesdesanluis.com\"},\"logo\":{\"@id\":\"https:\/\/apuntesdesanluis.com\/#\/schema\/person\/image\/\"},\"sameAs\":[\"https:\/\/apuntesdesanluis.com\"],\"url\":\"https:\/\/apuntesdesanluis.com\/index.php\/author\/apuntesdesanluis-com\/\"}]}<\/script>\n<!-- \/ Yoast SEO plugin. -->","yoast_head_json":{"title":"KONEX DISTINGUIR\u00c1 AL DR. ESTEBAN JOBBAGY COMO PERSONALIDAD DESTACADA DE LA \u00daLTIMA D\u00c9CADA - Apuntes de San Luis","robots":{"index":"index","follow":"follow","max-snippet":"max-snippet:-1","max-image-preview":"max-image-preview:large","max-video-preview":"max-video-preview:-1"},"canonical":"https:\/\/apuntesdesanluis.com\/index.php\/2023\/08\/07\/konex-distinguira-al-dr-esteban-jobbagy-como-personalidad-destacada-de-la-ultima-decada\/","og_locale":"es_ES","og_type":"article","og_title":"KONEX DISTINGUIR\u00c1 AL DR. ESTEBAN JOBBAGY COMO PERSONALIDAD DESTACADA DE LA \u00daLTIMA D\u00c9CADA - Apuntes de San Luis","og_description":"El especialista de la UNSL en estudios ambientales, Dr. Esteban Jobbagy, fue seleccionado entre las...","og_url":"https:\/\/apuntesdesanluis.com\/index.php\/2023\/08\/07\/konex-distinguira-al-dr-esteban-jobbagy-como-personalidad-destacada-de-la-ultima-decada\/","og_site_name":"Apuntes de San Luis","article_published_time":"2023-08-07T17:13:36+00:00","article_modified_time":"2023-08-07T17:14:14+00:00","og_image":[{"width":605,"height":410,"url":"https:\/\/apuntesdesanluis.com\/wp-content\/uploads\/2023\/08\/esteban-jobbagy.png","type":"image\/png"}],"author":"apuntesdesanluis.com","twitter_card":"summary_large_image","twitter_misc":{"Escrito por":"apuntesdesanluis.com","Tiempo de lectura":"4 minutos"},"schema":{"@context":"https:\/\/schema.org","@graph":[{"@type":"Article","@id":"https:\/\/apuntesdesanluis.com\/index.php\/2023\/08\/07\/konex-distinguira-al-dr-esteban-jobbagy-como-personalidad-destacada-de-la-ultima-decada\/#article","isPartOf":{"@id":"https:\/\/apuntesdesanluis.com\/index.php\/2023\/08\/07\/konex-distinguira-al-dr-esteban-jobbagy-como-personalidad-destacada-de-la-ultima-decada\/"},"author":{"name":"apuntesdesanluis.com","@id":"https:\/\/apuntesdesanluis.com\/#\/schema\/person\/b55151d52296fcce64d1a72538a70b90"},"headline":"KONEX DISTINGUIR\u00c1 AL DR. ESTEBAN JOBBAGY COMO PERSONALIDAD DESTACADA DE LA \u00daLTIMA D\u00c9CADA","datePublished":"2023-08-07T17:13:36+00:00","dateModified":"2023-08-07T17:14:14+00:00","mainEntityOfPage":{"@id":"https:\/\/apuntesdesanluis.com\/index.php\/2023\/08\/07\/konex-distinguira-al-dr-esteban-jobbagy-como-personalidad-destacada-de-la-ultima-decada\/"},"wordCount":762,"publisher":{"@id":"https:\/\/apuntesdesanluis.com\/#\/schema\/person\/b55151d52296fcce64d1a72538a70b90"},"image":{"@id":"https:\/\/apuntesdesanluis.com\/index.php\/2023\/08\/07\/konex-distinguira-al-dr-esteban-jobbagy-como-personalidad-destacada-de-la-ultima-decada\/#primaryimage"},"thumbnailUrl":"https:\/\/apuntesdesanluis.com\/wp-content\/uploads\/2023\/08\/esteban-jobbagy.png","articleSection":["Ciudad\/Provincia"],"inLanguage":"es-AR"},{"@type":"WebPage","@id":"https:\/\/apuntesdesanluis.com\/index.php\/2023\/08\/07\/konex-distinguira-al-dr-esteban-jobbagy-como-personalidad-destacada-de-la-ultima-decada\/","url":"https:\/\/apuntesdesanluis.com\/index.php\/2023\/08\/07\/konex-distinguira-al-dr-esteban-jobbagy-como-personalidad-destacada-de-la-ultima-decada\/","name":"KONEX DISTINGUIR\u00c1 AL DR. ESTEBAN JOBBAGY COMO PERSONALIDAD DESTACADA DE LA \u00daLTIMA D\u00c9CADA - Apuntes de San Luis","isPartOf":{"@id":"https:\/\/apuntesdesanluis.com\/#website"},"primaryImageOfPage":{"@id":"https:\/\/apuntesdesanluis.com\/index.php\/2023\/08\/07\/konex-distinguira-al-dr-esteban-jobbagy-como-personalidad-destacada-de-la-ultima-decada\/#primaryimage"},"image":{"@id":"https:\/\/apuntesdesanluis.com\/index.php\/2023\/08\/07\/konex-distinguira-al-dr-esteban-jobbagy-como-personalidad-destacada-de-la-ultima-decada\/#primaryimage"},"thumbnailUrl":"https:\/\/apuntesdesanluis.com\/wp-content\/uploads\/2023\/08\/esteban-jobbagy.png","datePublished":"2023-08-07T17:13:36+00:00","dateModified":"2023-08-07T17:14:14+00:00","breadcrumb":{"@id":"https:\/\/apuntesdesanluis.com\/index.php\/2023\/08\/07\/konex-distinguira-al-dr-esteban-jobbagy-como-personalidad-destacada-de-la-ultima-decada\/#breadcrumb"},"inLanguage":"es-AR","potentialAction":[{"@type":"ReadAction","target":["https:\/\/apuntesdesanluis.com\/index.php\/2023\/08\/07\/konex-distinguira-al-dr-esteban-jobbagy-como-personalidad-destacada-de-la-ultima-decada\/"]}]},{"@type":"ImageObject","inLanguage":"es-AR","@id":"https:\/\/apuntesdesanluis.com\/index.php\/2023\/08\/07\/konex-distinguira-al-dr-esteban-jobbagy-como-personalidad-destacada-de-la-ultima-decada\/#primaryimage","url":"https:\/\/apuntesdesanluis.com\/wp-content\/uploads\/2023\/08\/esteban-jobbagy.png","contentUrl":"https:\/\/apuntesdesanluis.com\/wp-content\/uploads\/2023\/08\/esteban-jobbagy.png","width":605,"height":410},{"@type":"BreadcrumbList","@id":"https:\/\/apuntesdesanluis.com\/index.php\/2023\/08\/07\/konex-distinguira-al-dr-esteban-jobbagy-como-personalidad-destacada-de-la-ultima-decada\/#breadcrumb","itemListElement":[{"@type":"ListItem","position":1,"name":"Inicio","item":"https:\/\/apuntesdesanluis.com\/"},{"@type":"ListItem","position":2,"name":"KONEX DISTINGUIR\u00c1 AL DR. ESTEBAN JOBBAGY COMO PERSONALIDAD DESTACADA DE LA \u00daLTIMA D\u00c9CADA"}]},{"@type":"WebSite","@id":"https:\/\/apuntesdesanluis.com\/#website","url":"https:\/\/apuntesdesanluis.com\/","name":"Apuntes de San Luis","description":"","publisher":{"@id":"https:\/\/apuntesdesanluis.com\/#\/schema\/person\/b55151d52296fcce64d1a72538a70b90"},"potentialAction":[{"@type":"SearchAction","target":{"@type":"EntryPoint","urlTemplate":"https:\/\/apuntesdesanluis.com\/?s={search_term_string}"},"query-input":{"@type":"PropertyValueSpecification","valueRequired":true,"valueName":"search_term_string"}}],"inLanguage":"es-AR"},{"@type":["Person","Organization"],"@id":"https:\/\/apuntesdesanluis.com\/#\/schema\/person\/b55151d52296fcce64d1a72538a70b90","name":"apuntesdesanluis.com","image":{"@type":"ImageObject","inLanguage":"es-AR","@id":"https:\/\/apuntesdesanluis.com\/#\/schema\/person\/image\/","url":"https:\/\/apuntesdesanluis.com\/wp-content\/uploads\/2023\/07\/cropped-apuntesdesanluis.png","contentUrl":"https:\/\/apuntesdesanluis.com\/wp-content\/uploads\/2023\/07\/cropped-apuntesdesanluis.png","width":450,"height":112,"caption":"apuntesdesanluis.com"},"logo":{"@id":"https:\/\/apuntesdesanluis.com\/#\/schema\/person\/image\/"},"sameAs":["https:\/\/apuntesdesanluis.com"],"url":"https:\/\/apuntesdesanluis.com\/index.php\/author\/apuntesdesanluis-com\/"}]}},"featured_image_urls":{"full":["https:\/\/apuntesdesanluis.com\/wp-content\/uploads\/2023\/08\/esteban-jobbagy.png",605,410,false],"thumbnail":["https:\/\/apuntesdesanluis.com\/wp-content\/uploads\/2023\/08\/esteban-jobbagy-150x150.png",150,150,true],"medium":["https:\/\/apuntesdesanluis.com\/wp-content\/uploads\/2023\/08\/esteban-jobbagy-300x203.png",300,203,true],"medium_large":["https:\/\/apuntesdesanluis.com\/wp-content\/uploads\/2023\/08\/esteban-jobbagy.png",605,410,false],"large":["https:\/\/apuntesdesanluis.com\/wp-content\/uploads\/2023\/08\/esteban-jobbagy.png",605,410,false],"1536x1536":["https:\/\/apuntesdesanluis.com\/wp-content\/uploads\/2023\/08\/esteban-jobbagy.png",605,410,false],"2048x2048":["https:\/\/apuntesdesanluis.com\/wp-content\/uploads\/2023\/08\/esteban-jobbagy.png",605,410,false],"newsever-slider-full":["https:\/\/apuntesdesanluis.com\/wp-content\/uploads\/2023\/08\/esteban-jobbagy.png",605,410,false],"newsever-featured":["https:\/\/apuntesdesanluis.com\/wp-content\/uploads\/2023\/08\/esteban-jobbagy.png",605,410,false],"newsever-medium":["https:\/\/apuntesdesanluis.com\/wp-content\/uploads\/2023\/08\/esteban-jobbagy.png",605,410,false]},"author_info":{"display_name":"apuntesdesanluis.com","author_link":"https:\/\/apuntesdesanluis.com\/index.php\/author\/apuntesdesanluis-com\/"},"category_info":"<a href=\"https:\/\/apuntesdesanluis.com\/index.php\/category\/ciudad-provincia\/\" rel=\"category tag\">Ciudad\/Provincia<\/a>","tag_info":"Ciudad\/Provincia","comment_count":"0","_links":{"self":[{"href":"https:\/\/apuntesdesanluis.com\/index.php\/wp-json\/wp\/v2\/posts\/1209","targetHints":{"allow":["GET"]}}],"collection":[{"href":"https:\/\/apuntesdesanluis.com\/index.php\/wp-json\/wp\/v2\/posts"}],"about":[{"href":"https:\/\/apuntesdesanluis.com\/index.php\/wp-json\/wp\/v2\/types\/post"}],"author":[{"embeddable":true,"href":"https:\/\/apuntesdesanluis.com\/index.php\/wp-json\/wp\/v2\/users\/1"}],"replies":[{"embeddable":true,"href":"https:\/\/apuntesdesanluis.com\/index.php\/wp-json\/wp\/v2\/comments?post=1209"}],"version-history":[{"count":2,"href":"https:\/\/apuntesdesanluis.com\/index.php\/wp-json\/wp\/v2\/posts\/1209\/revisions"}],"predecessor-version":[{"id":1212,"href":"https:\/\/apuntesdesanluis.com\/index.php\/wp-json\/wp\/v2\/posts\/1209\/revisions\/1212"}],"wp:featuredmedia":[{"embeddable":true,"href":"https:\/\/apuntesdesanluis.com\/index.php\/wp-json\/wp\/v2\/media\/1210"}],"wp:attachment":[{"href":"https:\/\/apuntesdesanluis.com\/index.php\/wp-json\/wp\/v2\/media?parent=1209"}],"wp:term":[{"taxonomy":"category","embeddable":true,"href":"https:\/\/apuntesdesanluis.com\/index.php\/wp-json\/wp\/v2\/categories?post=1209"},{"taxonomy":"post_tag","embeddable":true,"href":"https:\/\/apuntesdesanluis.com\/index.php\/wp-json\/wp\/v2\/tags?post=1209"}],"curies":[{"name":"wp","href":"https:\/\/api.w.org\/{rel}","templated":true}]}}