{"id":12092,"date":"2024-02-21T23:58:08","date_gmt":"2024-02-22T02:58:08","guid":{"rendered":"https:\/\/apuntesdesanluis.com\/?p=12092"},"modified":"2024-02-22T00:50:33","modified_gmt":"2024-02-22T03:50:33","slug":"sigue-la-sangria-en-el-pj-ante-nuevos-pases-y-realineamientos-en-diputados","status":"publish","type":"post","link":"https:\/\/apuntesdesanluis.com\/index.php\/2024\/02\/21\/sigue-la-sangria-en-el-pj-ante-nuevos-pases-y-realineamientos-en-diputados\/","title":{"rendered":"SIGUE LA SANGRIA EN EL PJ ANTE NUEVOS PASES Y REALINEAMIENTOS EN DIPUTADOS"},"content":{"rendered":"<h3>Este mi\u00e9rcoles se inform\u00f3 oficialmente que los dos diputados provinciales que responden al intendente <strong>Maximiliano Frontera<\/strong>, conformar\u00e1n un nuevo bloque con otros dos legisladores opositores, que se denominar\u00e1 \u201c<strong>Acuerdo por el Interior Sanluise\u00f1o<\/strong>\u201d.<\/h3>\n<h3>La nueva bancada ser\u00e1 presidida por el diputado <strong>Edgardo Nicol\u00e1s Gonz\u00e1lez Ferro<\/strong> y la integrar\u00e1n su par del Departamento Pedernera, <strong>Christian Gurruchaga<\/strong>, y <strong>A\u00edda Beatriz L\u00f3pez<\/strong> (Ayacucho) y <strong>Carlos Altamiranda<\/strong> (Dupuy).<\/h3>\n<p><img fetchpriority=\"high\" decoding=\"async\" class=\"wp-image-12101 aligncenter\" src=\"https:\/\/apuntesdesanluis.com\/wp-content\/uploads\/2024\/02\/Nota-Bloque-220x300.jpg\" alt=\"\" width=\"597\" height=\"814\" srcset=\"https:\/\/apuntesdesanluis.com\/wp-content\/uploads\/2024\/02\/Nota-Bloque-220x300.jpg 220w, https:\/\/apuntesdesanluis.com\/wp-content\/uploads\/2024\/02\/Nota-Bloque.jpg 511w\" sizes=\"(max-width: 597px) 100vw, 597px\" \/><\/p>\n<h3>La nueva escisi\u00f3n que sufre el justicialismo se suma a la que adelant\u00f3 en exclusiva <span style=\"color: #000000;\"><strong>Apuntes de San Luis<\/strong><\/span> la semana pasada, dando cuenta de la determinaci\u00f3n de <strong>Ana Doly Glellel<\/strong> y <strong>Oscar C\u00e9sar Mac\u00edas<\/strong>, del Departamento Ayacucho, quienes tambi\u00e9n resolvieron conformar un bloque separado que se llamar\u00e1 \u201c<strong>Ayacucho de pie<\/strong>\u201d. <strong>(Hacer click en la imagen)<\/strong><\/h3>\n<h3><a href=\"https:\/\/apuntesdesanluis.com\/index.php\/2024\/02\/16\/primicia-otros-dos-diputados-del-pj-se-van-del-bloque-y-sumarian-su-apoyo-al-oficialismo\/\" target=\"_blank\" rel=\"noopener\"><img decoding=\"async\" class=\"wp-image-12094 aligncenter\" src=\"https:\/\/apuntesdesanluis.com\/wp-content\/uploads\/2024\/02\/posteo-8-300x233.png\" alt=\"\" width=\"595\" height=\"462\" srcset=\"https:\/\/apuntesdesanluis.com\/wp-content\/uploads\/2024\/02\/posteo-8-300x233.png 300w, https:\/\/apuntesdesanluis.com\/wp-content\/uploads\/2024\/02\/posteo-8.png 690w\" sizes=\"(max-width: 595px) 100vw, 595px\" \/><\/a><\/h3>\n<h3>Antes incluso del recambio legislativo, el diputado <strong>Alberto Leyes<\/strong> (Belgrano) hab\u00eda sido un adelantado en esto de \u201cajustar la br\u00fajula pol\u00edtica\u201d y peg\u00f3 el primer portazo en las filas pejotistas. De hecho, es uno de los nombres que suena para presidir la c\u00e1mara en el pr\u00f3ximo per\u00edodo legislativo, si logra el suficiente consenso entre los suyos y en las filas del propio oficialismo.<\/h3>\n<h3>Con estas siete deserciones confirmadas, el gobierno ya se asegur\u00f3 el qu\u00f3rum necesario y una holgada mayor\u00eda, aunque no se descarta que en los pr\u00f3ximos d\u00edas puedan sumarse otros diputados opositores que le permitan alcanzar incluso los dos tercios.<\/h3>\n<h3>En este sentido, circulan los nombres de otros dos legisladores electos por Uni\u00f3n por la Patria que, ante estos nuevos reacomodamientos, ya abrieron canales de di\u00e1logo para sumarse a la nueva mayor\u00eda, instruidos por intendentes que necesitan garantizarse la gobernabilidad en sus distritos.<\/h3>\n<h3>Por esa raz\u00f3n, una fuente confiable de la Legislatura revel\u00f3 a <span style=\"color: #000000;\"><strong>Apuntes de San Luis<\/strong><\/span> que en Terrazas analizan la conveniencia de impulsar la convocatoria a una sesi\u00f3n especial de la C\u00e1mara Baja, para que se proceda a elegir las nuevas autoridades del cuerpo, desplazando a <strong>Silvia Sosa Araujo<\/strong> de la presidencia, tr\u00e1mite que qued\u00f3 inconcluso en diciembre, cuando el oficialismo se retir\u00f3 y dej\u00f3 sin qu\u00f3rum la reuni\u00f3n.<\/h3>\n<h3>Las fechas tentativas que se estar\u00edan barajando son el martes 27 o el viernes 1\u00b0 de marzo<\/h3>\n<h3>Junto a estos cambios confirmados, existe la posibilidad de que en el Senado el oficialismo tambi\u00e9n pueda fortalecerse, si consigue que firme el pase un legislador que ya comparti\u00f3 al menos dos cenas y un par de caf\u00e9s con operadores de Terrazas. De ser as\u00ed, la nueva mayor\u00eda oficialista alcanzar\u00eda los cinco integrantes.<\/h3>\n<h3><em>\u201cCada d\u00eda que pasa los compa\u00f1eros van perdiendo el miedo al l\u00e1tigo del Alberto. Sienten que el T\u00edo -como le dicen- est\u00e1 solo y resentido, m\u00e1s preocupado por escribir los t\u00edtulos de las notas del diario contra Poggi, que en conducir el partido. Y vos sab\u00e9s c\u00f3mo es la pol\u00edtica, todos te acompa\u00f1an hasta la puerta del cementerio, pero nadie quiere entrar..\u201d<\/em>, describi\u00f3 con pragmatismo un experimentado dirigente que las ha pasado todas.<\/h3>\n<p>&nbsp;<\/p>\n<p>&nbsp;<\/p>\n<p>&nbsp;<\/p>\n","protected":false},"excerpt":{"rendered":"<p>Este mi\u00e9rcoles se inform\u00f3 oficialmente que los dos diputados provinciales que responden al intendente Maximiliano&#8230;<\/p>\n","protected":false},"author":1,"featured_media":12093,"comment_status":"closed","ping_status":"closed","sticky":false,"template":"","format":"standard","meta":{"footnotes":""},"categories":[9],"tags":[],"class_list":["post-12092","post","type-post","status-publish","format-standard","has-post-thumbnail","hentry","category-opinion"],"yoast_head":"<!-- This site is optimized with the Yoast SEO plugin v26.1.1 - https:\/\/yoast.com\/wordpress\/plugins\/seo\/ -->\n<title>SIGUE LA SANGRIA EN EL PJ ANTE NUEVOS PASES Y REALINEAMIENTOS EN DIPUTADOS - Apuntes de San Luis<\/title>\n<meta name=\"robots\" content=\"index, follow, max-snippet:-1, max-image-preview:large, max-video-preview:-1\" \/>\n<link rel=\"canonical\" href=\"https:\/\/apuntesdesanluis.com\/index.php\/2024\/02\/21\/sigue-la-sangria-en-el-pj-ante-nuevos-pases-y-realineamientos-en-diputados\/\" \/>\n<meta property=\"og:locale\" content=\"es_ES\" \/>\n<meta property=\"og:type\" content=\"article\" \/>\n<meta property=\"og:title\" content=\"SIGUE LA SANGRIA EN EL PJ ANTE NUEVOS PASES Y REALINEAMIENTOS EN DIPUTADOS - Apuntes de San Luis\" \/>\n<meta property=\"og:description\" content=\"Este mi\u00e9rcoles se inform\u00f3 oficialmente que los dos diputados provinciales que responden al intendente Maximiliano...\" \/>\n<meta property=\"og:url\" content=\"https:\/\/apuntesdesanluis.com\/index.php\/2024\/02\/21\/sigue-la-sangria-en-el-pj-ante-nuevos-pases-y-realineamientos-en-diputados\/\" \/>\n<meta property=\"og:site_name\" content=\"Apuntes de San Luis\" \/>\n<meta property=\"article:published_time\" content=\"2024-02-22T02:58:08+00:00\" \/>\n<meta property=\"article:modified_time\" content=\"2024-02-22T03:50:33+00:00\" \/>\n<meta property=\"og:image\" content=\"https:\/\/apuntesdesanluis.com\/wp-content\/uploads\/2024\/02\/cuatro-1.png\" \/>\n\t<meta property=\"og:image:width\" content=\"529\" \/>\n\t<meta property=\"og:image:height\" content=\"265\" \/>\n\t<meta property=\"og:image:type\" content=\"image\/png\" \/>\n<meta name=\"author\" content=\"apuntesdesanluis.com\" \/>\n<meta name=\"twitter:card\" content=\"summary_large_image\" \/>\n<meta name=\"twitter:label1\" content=\"Escrito por\" \/>\n\t<meta name=\"twitter:data1\" content=\"apuntesdesanluis.com\" \/>\n\t<meta name=\"twitter:label2\" content=\"Tiempo de lectura\" \/>\n\t<meta name=\"twitter:data2\" content=\"3 minutos\" \/>\n<script type=\"application\/ld+json\" class=\"yoast-schema-graph\">{\"@context\":\"https:\/\/schema.org\",\"@graph\":[{\"@type\":\"Article\",\"@id\":\"https:\/\/apuntesdesanluis.com\/index.php\/2024\/02\/21\/sigue-la-sangria-en-el-pj-ante-nuevos-pases-y-realineamientos-en-diputados\/#article\",\"isPartOf\":{\"@id\":\"https:\/\/apuntesdesanluis.com\/index.php\/2024\/02\/21\/sigue-la-sangria-en-el-pj-ante-nuevos-pases-y-realineamientos-en-diputados\/\"},\"author\":{\"name\":\"apuntesdesanluis.com\",\"@id\":\"https:\/\/apuntesdesanluis.com\/#\/schema\/person\/b55151d52296fcce64d1a72538a70b90\"},\"headline\":\"SIGUE LA SANGRIA EN EL PJ ANTE NUEVOS PASES Y REALINEAMIENTOS EN DIPUTADOS\",\"datePublished\":\"2024-02-22T02:58:08+00:00\",\"dateModified\":\"2024-02-22T03:50:33+00:00\",\"mainEntityOfPage\":{\"@id\":\"https:\/\/apuntesdesanluis.com\/index.php\/2024\/02\/21\/sigue-la-sangria-en-el-pj-ante-nuevos-pases-y-realineamientos-en-diputados\/\"},\"wordCount\":538,\"publisher\":{\"@id\":\"https:\/\/apuntesdesanluis.com\/#\/schema\/person\/b55151d52296fcce64d1a72538a70b90\"},\"image\":{\"@id\":\"https:\/\/apuntesdesanluis.com\/index.php\/2024\/02\/21\/sigue-la-sangria-en-el-pj-ante-nuevos-pases-y-realineamientos-en-diputados\/#primaryimage\"},\"thumbnailUrl\":\"https:\/\/apuntesdesanluis.com\/wp-content\/uploads\/2024\/02\/cuatro-1.png\",\"articleSection\":[\"Opini\u00f3n\"],\"inLanguage\":\"es-AR\"},{\"@type\":\"WebPage\",\"@id\":\"https:\/\/apuntesdesanluis.com\/index.php\/2024\/02\/21\/sigue-la-sangria-en-el-pj-ante-nuevos-pases-y-realineamientos-en-diputados\/\",\"url\":\"https:\/\/apuntesdesanluis.com\/index.php\/2024\/02\/21\/sigue-la-sangria-en-el-pj-ante-nuevos-pases-y-realineamientos-en-diputados\/\",\"name\":\"SIGUE LA SANGRIA EN EL PJ ANTE NUEVOS PASES Y REALINEAMIENTOS EN DIPUTADOS - Apuntes de San Luis\",\"isPartOf\":{\"@id\":\"https:\/\/apuntesdesanluis.com\/#website\"},\"primaryImageOfPage\":{\"@id\":\"https:\/\/apuntesdesanluis.com\/index.php\/2024\/02\/21\/sigue-la-sangria-en-el-pj-ante-nuevos-pases-y-realineamientos-en-diputados\/#primaryimage\"},\"image\":{\"@id\":\"https:\/\/apuntesdesanluis.com\/index.php\/2024\/02\/21\/sigue-la-sangria-en-el-pj-ante-nuevos-pases-y-realineamientos-en-diputados\/#primaryimage\"},\"thumbnailUrl\":\"https:\/\/apuntesdesanluis.com\/wp-content\/uploads\/2024\/02\/cuatro-1.png\",\"datePublished\":\"2024-02-22T02:58:08+00:00\",\"dateModified\":\"2024-02-22T03:50:33+00:00\",\"breadcrumb\":{\"@id\":\"https:\/\/apuntesdesanluis.com\/index.php\/2024\/02\/21\/sigue-la-sangria-en-el-pj-ante-nuevos-pases-y-realineamientos-en-diputados\/#breadcrumb\"},\"inLanguage\":\"es-AR\",\"potentialAction\":[{\"@type\":\"ReadAction\",\"target\":[\"https:\/\/apuntesdesanluis.com\/index.php\/2024\/02\/21\/sigue-la-sangria-en-el-pj-ante-nuevos-pases-y-realineamientos-en-diputados\/\"]}]},{\"@type\":\"ImageObject\",\"inLanguage\":\"es-AR\",\"@id\":\"https:\/\/apuntesdesanluis.com\/index.php\/2024\/02\/21\/sigue-la-sangria-en-el-pj-ante-nuevos-pases-y-realineamientos-en-diputados\/#primaryimage\",\"url\":\"https:\/\/apuntesdesanluis.com\/wp-content\/uploads\/2024\/02\/cuatro-1.png\",\"contentUrl\":\"https:\/\/apuntesdesanluis.com\/wp-content\/uploads\/2024\/02\/cuatro-1.png\",\"width\":529,\"height\":265},{\"@type\":\"BreadcrumbList\",\"@id\":\"https:\/\/apuntesdesanluis.com\/index.php\/2024\/02\/21\/sigue-la-sangria-en-el-pj-ante-nuevos-pases-y-realineamientos-en-diputados\/#breadcrumb\",\"itemListElement\":[{\"@type\":\"ListItem\",\"position\":1,\"name\":\"Inicio\",\"item\":\"https:\/\/apuntesdesanluis.com\/\"},{\"@type\":\"ListItem\",\"position\":2,\"name\":\"SIGUE LA SANGRIA EN EL PJ ANTE NUEVOS PASES Y REALINEAMIENTOS EN DIPUTADOS\"}]},{\"@type\":\"WebSite\",\"@id\":\"https:\/\/apuntesdesanluis.com\/#website\",\"url\":\"https:\/\/apuntesdesanluis.com\/\",\"name\":\"Apuntes de San Luis\",\"description\":\"\",\"publisher\":{\"@id\":\"https:\/\/apuntesdesanluis.com\/#\/schema\/person\/b55151d52296fcce64d1a72538a70b90\"},\"potentialAction\":[{\"@type\":\"SearchAction\",\"target\":{\"@type\":\"EntryPoint\",\"urlTemplate\":\"https:\/\/apuntesdesanluis.com\/?s={search_term_string}\"},\"query-input\":{\"@type\":\"PropertyValueSpecification\",\"valueRequired\":true,\"valueName\":\"search_term_string\"}}],\"inLanguage\":\"es-AR\"},{\"@type\":[\"Person\",\"Organization\"],\"@id\":\"https:\/\/apuntesdesanluis.com\/#\/schema\/person\/b55151d52296fcce64d1a72538a70b90\",\"name\":\"apuntesdesanluis.com\",\"image\":{\"@type\":\"ImageObject\",\"inLanguage\":\"es-AR\",\"@id\":\"https:\/\/apuntesdesanluis.com\/#\/schema\/person\/image\/\",\"url\":\"https:\/\/apuntesdesanluis.com\/wp-content\/uploads\/2023\/07\/cropped-apuntesdesanluis.png\",\"contentUrl\":\"https:\/\/apuntesdesanluis.com\/wp-content\/uploads\/2023\/07\/cropped-apuntesdesanluis.png\",\"width\":450,\"height\":112,\"caption\":\"apuntesdesanluis.com\"},\"logo\":{\"@id\":\"https:\/\/apuntesdesanluis.com\/#\/schema\/person\/image\/\"},\"sameAs\":[\"https:\/\/apuntesdesanluis.com\"],\"url\":\"https:\/\/apuntesdesanluis.com\/index.php\/author\/apuntesdesanluis-com\/\"}]}<\/script>\n<!-- \/ Yoast SEO plugin. -->","yoast_head_json":{"title":"SIGUE LA SANGRIA EN EL PJ ANTE NUEVOS PASES Y REALINEAMIENTOS EN DIPUTADOS - Apuntes de San Luis","robots":{"index":"index","follow":"follow","max-snippet":"max-snippet:-1","max-image-preview":"max-image-preview:large","max-video-preview":"max-video-preview:-1"},"canonical":"https:\/\/apuntesdesanluis.com\/index.php\/2024\/02\/21\/sigue-la-sangria-en-el-pj-ante-nuevos-pases-y-realineamientos-en-diputados\/","og_locale":"es_ES","og_type":"article","og_title":"SIGUE LA SANGRIA EN EL PJ ANTE NUEVOS PASES Y REALINEAMIENTOS EN DIPUTADOS - Apuntes de San Luis","og_description":"Este mi\u00e9rcoles se inform\u00f3 oficialmente que los dos diputados provinciales que responden al intendente Maximiliano...","og_url":"https:\/\/apuntesdesanluis.com\/index.php\/2024\/02\/21\/sigue-la-sangria-en-el-pj-ante-nuevos-pases-y-realineamientos-en-diputados\/","og_site_name":"Apuntes de San Luis","article_published_time":"2024-02-22T02:58:08+00:00","article_modified_time":"2024-02-22T03:50:33+00:00","og_image":[{"width":529,"height":265,"url":"https:\/\/apuntesdesanluis.com\/wp-content\/uploads\/2024\/02\/cuatro-1.png","type":"image\/png"}],"author":"apuntesdesanluis.com","twitter_card":"summary_large_image","twitter_misc":{"Escrito por":"apuntesdesanluis.com","Tiempo de lectura":"3 minutos"},"schema":{"@context":"https:\/\/schema.org","@graph":[{"@type":"Article","@id":"https:\/\/apuntesdesanluis.com\/index.php\/2024\/02\/21\/sigue-la-sangria-en-el-pj-ante-nuevos-pases-y-realineamientos-en-diputados\/#article","isPartOf":{"@id":"https:\/\/apuntesdesanluis.com\/index.php\/2024\/02\/21\/sigue-la-sangria-en-el-pj-ante-nuevos-pases-y-realineamientos-en-diputados\/"},"author":{"name":"apuntesdesanluis.com","@id":"https:\/\/apuntesdesanluis.com\/#\/schema\/person\/b55151d52296fcce64d1a72538a70b90"},"headline":"SIGUE LA SANGRIA EN EL PJ ANTE NUEVOS PASES Y REALINEAMIENTOS EN DIPUTADOS","datePublished":"2024-02-22T02:58:08+00:00","dateModified":"2024-02-22T03:50:33+00:00","mainEntityOfPage":{"@id":"https:\/\/apuntesdesanluis.com\/index.php\/2024\/02\/21\/sigue-la-sangria-en-el-pj-ante-nuevos-pases-y-realineamientos-en-diputados\/"},"wordCount":538,"publisher":{"@id":"https:\/\/apuntesdesanluis.com\/#\/schema\/person\/b55151d52296fcce64d1a72538a70b90"},"image":{"@id":"https:\/\/apuntesdesanluis.com\/index.php\/2024\/02\/21\/sigue-la-sangria-en-el-pj-ante-nuevos-pases-y-realineamientos-en-diputados\/#primaryimage"},"thumbnailUrl":"https:\/\/apuntesdesanluis.com\/wp-content\/uploads\/2024\/02\/cuatro-1.png","articleSection":["Opini\u00f3n"],"inLanguage":"es-AR"},{"@type":"WebPage","@id":"https:\/\/apuntesdesanluis.com\/index.php\/2024\/02\/21\/sigue-la-sangria-en-el-pj-ante-nuevos-pases-y-realineamientos-en-diputados\/","url":"https:\/\/apuntesdesanluis.com\/index.php\/2024\/02\/21\/sigue-la-sangria-en-el-pj-ante-nuevos-pases-y-realineamientos-en-diputados\/","name":"SIGUE LA SANGRIA EN EL PJ ANTE NUEVOS PASES Y REALINEAMIENTOS EN DIPUTADOS - Apuntes de San Luis","isPartOf":{"@id":"https:\/\/apuntesdesanluis.com\/#website"},"primaryImageOfPage":{"@id":"https:\/\/apuntesdesanluis.com\/index.php\/2024\/02\/21\/sigue-la-sangria-en-el-pj-ante-nuevos-pases-y-realineamientos-en-diputados\/#primaryimage"},"image":{"@id":"https:\/\/apuntesdesanluis.com\/index.php\/2024\/02\/21\/sigue-la-sangria-en-el-pj-ante-nuevos-pases-y-realineamientos-en-diputados\/#primaryimage"},"thumbnailUrl":"https:\/\/apuntesdesanluis.com\/wp-content\/uploads\/2024\/02\/cuatro-1.png","datePublished":"2024-02-22T02:58:08+00:00","dateModified":"2024-02-22T03:50:33+00:00","breadcrumb":{"@id":"https:\/\/apuntesdesanluis.com\/index.php\/2024\/02\/21\/sigue-la-sangria-en-el-pj-ante-nuevos-pases-y-realineamientos-en-diputados\/#breadcrumb"},"inLanguage":"es-AR","potentialAction":[{"@type":"ReadAction","target":["https:\/\/apuntesdesanluis.com\/index.php\/2024\/02\/21\/sigue-la-sangria-en-el-pj-ante-nuevos-pases-y-realineamientos-en-diputados\/"]}]},{"@type":"ImageObject","inLanguage":"es-AR","@id":"https:\/\/apuntesdesanluis.com\/index.php\/2024\/02\/21\/sigue-la-sangria-en-el-pj-ante-nuevos-pases-y-realineamientos-en-diputados\/#primaryimage","url":"https:\/\/apuntesdesanluis.com\/wp-content\/uploads\/2024\/02\/cuatro-1.png","contentUrl":"https:\/\/apuntesdesanluis.com\/wp-content\/uploads\/2024\/02\/cuatro-1.png","width":529,"height":265},{"@type":"BreadcrumbList","@id":"https:\/\/apuntesdesanluis.com\/index.php\/2024\/02\/21\/sigue-la-sangria-en-el-pj-ante-nuevos-pases-y-realineamientos-en-diputados\/#breadcrumb","itemListElement":[{"@type":"ListItem","position":1,"name":"Inicio","item":"https:\/\/apuntesdesanluis.com\/"},{"@type":"ListItem","position":2,"name":"SIGUE LA SANGRIA EN EL PJ ANTE NUEVOS PASES Y REALINEAMIENTOS EN DIPUTADOS"}]},{"@type":"WebSite","@id":"https:\/\/apuntesdesanluis.com\/#website","url":"https:\/\/apuntesdesanluis.com\/","name":"Apuntes de San Luis","description":"","publisher":{"@id":"https:\/\/apuntesdesanluis.com\/#\/schema\/person\/b55151d52296fcce64d1a72538a70b90"},"potentialAction":[{"@type":"SearchAction","target":{"@type":"EntryPoint","urlTemplate":"https:\/\/apuntesdesanluis.com\/?s={search_term_string}"},"query-input":{"@type":"PropertyValueSpecification","valueRequired":true,"valueName":"search_term_string"}}],"inLanguage":"es-AR"},{"@type":["Person","Organization"],"@id":"https:\/\/apuntesdesanluis.com\/#\/schema\/person\/b55151d52296fcce64d1a72538a70b90","name":"apuntesdesanluis.com","image":{"@type":"ImageObject","inLanguage":"es-AR","@id":"https:\/\/apuntesdesanluis.com\/#\/schema\/person\/image\/","url":"https:\/\/apuntesdesanluis.com\/wp-content\/uploads\/2023\/07\/cropped-apuntesdesanluis.png","contentUrl":"https:\/\/apuntesdesanluis.com\/wp-content\/uploads\/2023\/07\/cropped-apuntesdesanluis.png","width":450,"height":112,"caption":"apuntesdesanluis.com"},"logo":{"@id":"https:\/\/apuntesdesanluis.com\/#\/schema\/person\/image\/"},"sameAs":["https:\/\/apuntesdesanluis.com"],"url":"https:\/\/apuntesdesanluis.com\/index.php\/author\/apuntesdesanluis-com\/"}]}},"featured_image_urls":{"full":["https:\/\/apuntesdesanluis.com\/wp-content\/uploads\/2024\/02\/cuatro-1.png",529,265,false],"thumbnail":["https:\/\/apuntesdesanluis.com\/wp-content\/uploads\/2024\/02\/cuatro-1-150x150.png",150,150,true],"medium":["https:\/\/apuntesdesanluis.com\/wp-content\/uploads\/2024\/02\/cuatro-1-300x150.png",300,150,true],"medium_large":["https:\/\/apuntesdesanluis.com\/wp-content\/uploads\/2024\/02\/cuatro-1.png",529,265,false],"large":["https:\/\/apuntesdesanluis.com\/wp-content\/uploads\/2024\/02\/cuatro-1.png",529,265,false],"1536x1536":["https:\/\/apuntesdesanluis.com\/wp-content\/uploads\/2024\/02\/cuatro-1.png",529,265,false],"2048x2048":["https:\/\/apuntesdesanluis.com\/wp-content\/uploads\/2024\/02\/cuatro-1.png",529,265,false],"newsever-slider-full":["https:\/\/apuntesdesanluis.com\/wp-content\/uploads\/2024\/02\/cuatro-1.png",529,265,false],"newsever-featured":["https:\/\/apuntesdesanluis.com\/wp-content\/uploads\/2024\/02\/cuatro-1.png",529,265,false],"newsever-medium":["https:\/\/apuntesdesanluis.com\/wp-content\/uploads\/2024\/02\/cuatro-1.png",529,265,false]},"author_info":{"display_name":"apuntesdesanluis.com","author_link":"https:\/\/apuntesdesanluis.com\/index.php\/author\/apuntesdesanluis-com\/"},"category_info":"<a href=\"https:\/\/apuntesdesanluis.com\/index.php\/category\/opinion\/\" rel=\"category tag\">Opini\u00f3n<\/a>","tag_info":"Opini\u00f3n","comment_count":"0","_links":{"self":[{"href":"https:\/\/apuntesdesanluis.com\/index.php\/wp-json\/wp\/v2\/posts\/12092","targetHints":{"allow":["GET"]}}],"collection":[{"href":"https:\/\/apuntesdesanluis.com\/index.php\/wp-json\/wp\/v2\/posts"}],"about":[{"href":"https:\/\/apuntesdesanluis.com\/index.php\/wp-json\/wp\/v2\/types\/post"}],"author":[{"embeddable":true,"href":"https:\/\/apuntesdesanluis.com\/index.php\/wp-json\/wp\/v2\/users\/1"}],"replies":[{"embeddable":true,"href":"https:\/\/apuntesdesanluis.com\/index.php\/wp-json\/wp\/v2\/comments?post=12092"}],"version-history":[{"count":5,"href":"https:\/\/apuntesdesanluis.com\/index.php\/wp-json\/wp\/v2\/posts\/12092\/revisions"}],"predecessor-version":[{"id":12102,"href":"https:\/\/apuntesdesanluis.com\/index.php\/wp-json\/wp\/v2\/posts\/12092\/revisions\/12102"}],"wp:featuredmedia":[{"embeddable":true,"href":"https:\/\/apuntesdesanluis.com\/index.php\/wp-json\/wp\/v2\/media\/12093"}],"wp:attachment":[{"href":"https:\/\/apuntesdesanluis.com\/index.php\/wp-json\/wp\/v2\/media?parent=12092"}],"wp:term":[{"taxonomy":"category","embeddable":true,"href":"https:\/\/apuntesdesanluis.com\/index.php\/wp-json\/wp\/v2\/categories?post=12092"},{"taxonomy":"post_tag","embeddable":true,"href":"https:\/\/apuntesdesanluis.com\/index.php\/wp-json\/wp\/v2\/tags?post=12092"}],"curies":[{"name":"wp","href":"https:\/\/api.w.org\/{rel}","templated":true}]}}