{"id":12134,"date":"2024-02-22T15:16:32","date_gmt":"2024-02-22T18:16:32","guid":{"rendered":"https:\/\/apuntesdesanluis.com\/?p=12134"},"modified":"2024-02-22T11:20:06","modified_gmt":"2024-02-22T14:20:06","slug":"condenaron-al-futbolista-dani-alves-a-4-anos-y-medio-de-prision-por-abuso-sexual","status":"publish","type":"post","link":"https:\/\/apuntesdesanluis.com\/index.php\/2024\/02\/22\/condenaron-al-futbolista-dani-alves-a-4-anos-y-medio-de-prision-por-abuso-sexual\/","title":{"rendered":"CONDENARON AL FUTBOLISTA DANI ALVES A 4 A\u00d1OS Y MEDIO DE PRISI\u00d3N POR ABUSO SEXUAL"},"content":{"rendered":"<h3>El ex jugador del Barcelona fue sentenciado despu\u00e9s de pasar un a\u00f1o en la c\u00e1rcel. Lo encontraron culpable de haber violado a una joven en la ciudad catalana.<\/h3>\n<h3><strong>Dani Alves<\/strong>, ex futbolista de Brasil y ex compa\u00f1ero de Lionel Messi, fue condenado a cuatro a\u00f1os y seis meses de prisi\u00f3n en la causa por abuso sexual en un boliche de Barcelona.<\/h3>\n<h3>El Tribunal Superior de Justicia de Catalu\u00f1a (TSJC) dict\u00f3 la sentencia luego de que el ex jugador pasara poco m\u00e1s de un a\u00f1o en la c\u00e1rcel.<\/h3>\n<h3>Seg\u00fan al veredicto, el brasile\u00f1o fue encontrado culpable del delito de agresi\u00f3n sexual cometido el 30 de diciembre de 2022 en la discoteca Sutton de Barcelona. &#8220;Ha quedado acreditado que la v\u00edctima no consinti\u00f3 y que existen elementos de prueba, adem\u00e1s del testimonio de la denunciante, para dar por probada la violaci\u00f3n\u201d, indic\u00f3 el Tribunal.<\/h3>\n<h3>Adem\u00e1s, el fallo impone cinco a\u00f1os de libertad vigilada, restricci\u00f3n de acercarse a la v\u00edctima durante nueve a\u00f1os y seis meses, y una indemnizaci\u00f3n para la mujer de 150.000 euros.<\/h3>\n<h3>El tribunal dijo que, aparte del testimonio de la v\u00edctima, se consider\u00f3 como prueba de la violaci\u00f3n el hecho de que sufri\u00f3 una lesi\u00f3n en la rodilla despu\u00e9s de que Alves la empujara al suelo, su comportamiento tras el suceso y las secuelas.<\/h3>\n<h3>El fiscal hab\u00eda pedido una pena de nueve a\u00f1os de prisi\u00f3n para Alves y la v\u00edctima solicitaba 12 a\u00f1os, pero el tribunal se decidi\u00f3 por cuatro y medio al considerar un atenuante que \u00e9l hubiera optado por pagar a la v\u00edctima la indemnizaci\u00f3n independientemente del resultado del juicio.<\/h3>\n<h3>El ex lateral derecho tambi\u00e9n intent\u00f3 usar como atenuante que se encontraba ebrio, pero el tribunal lo rechaz\u00f3. Su abogada, In\u00e9s Guardiola, dijo a periodistas a la salida del tribunal que su equipo jur\u00eddico iba a apelar. &#8220;Sigo creyendo y defendiendo la inocencia del Se\u00f1or Alves&#8221;, agreg\u00f3.<\/h3>\n<p>&nbsp;<\/p>\n<p>&nbsp;<\/p>\n<p>&nbsp;<\/p>\n","protected":false},"excerpt":{"rendered":"<p>El ex jugador del Barcelona fue sentenciado despu\u00e9s de pasar un a\u00f1o en la c\u00e1rcel&#8230;.<\/p>\n","protected":false},"author":1,"featured_media":12135,"comment_status":"closed","ping_status":"closed","sticky":false,"template":"","format":"standard","meta":{"footnotes":""},"categories":[5],"tags":[],"class_list":["post-12134","post","type-post","status-publish","format-standard","has-post-thumbnail","hentry","category-nacionales-internacionales"],"yoast_head":"<!-- This site is optimized with the Yoast SEO plugin v26.1.1 - https:\/\/yoast.com\/wordpress\/plugins\/seo\/ -->\n<title>CONDENARON AL FUTBOLISTA DANI ALVES A 4 A\u00d1OS Y MEDIO DE PRISI\u00d3N POR ABUSO SEXUAL - Apuntes de San Luis<\/title>\n<meta name=\"robots\" content=\"index, follow, max-snippet:-1, max-image-preview:large, max-video-preview:-1\" \/>\n<link rel=\"canonical\" href=\"https:\/\/apuntesdesanluis.com\/index.php\/2024\/02\/22\/condenaron-al-futbolista-dani-alves-a-4-anos-y-medio-de-prision-por-abuso-sexual\/\" \/>\n<meta property=\"og:locale\" content=\"es_ES\" \/>\n<meta property=\"og:type\" content=\"article\" \/>\n<meta property=\"og:title\" content=\"CONDENARON AL FUTBOLISTA DANI ALVES A 4 A\u00d1OS Y MEDIO DE PRISI\u00d3N POR ABUSO SEXUAL - Apuntes de San Luis\" \/>\n<meta property=\"og:description\" content=\"El ex jugador del Barcelona fue sentenciado despu\u00e9s de pasar un a\u00f1o en la c\u00e1rcel....\" \/>\n<meta property=\"og:url\" content=\"https:\/\/apuntesdesanluis.com\/index.php\/2024\/02\/22\/condenaron-al-futbolista-dani-alves-a-4-anos-y-medio-de-prision-por-abuso-sexual\/\" \/>\n<meta property=\"og:site_name\" content=\"Apuntes de San Luis\" \/>\n<meta property=\"article:published_time\" content=\"2024-02-22T18:16:32+00:00\" \/>\n<meta property=\"og:image\" content=\"https:\/\/apuntesdesanluis.com\/wp-content\/uploads\/2024\/02\/dani-alves.png\" \/>\n\t<meta property=\"og:image:width\" content=\"600\" \/>\n\t<meta property=\"og:image:height\" content=\"357\" \/>\n\t<meta property=\"og:image:type\" content=\"image\/png\" \/>\n<meta name=\"author\" content=\"apuntesdesanluis.com\" \/>\n<meta name=\"twitter:card\" content=\"summary_large_image\" \/>\n<meta name=\"twitter:label1\" content=\"Escrito por\" \/>\n\t<meta name=\"twitter:data1\" content=\"apuntesdesanluis.com\" \/>\n\t<meta name=\"twitter:label2\" content=\"Tiempo de lectura\" \/>\n\t<meta name=\"twitter:data2\" content=\"2 minutos\" \/>\n<script type=\"application\/ld+json\" class=\"yoast-schema-graph\">{\"@context\":\"https:\/\/schema.org\",\"@graph\":[{\"@type\":\"Article\",\"@id\":\"https:\/\/apuntesdesanluis.com\/index.php\/2024\/02\/22\/condenaron-al-futbolista-dani-alves-a-4-anos-y-medio-de-prision-por-abuso-sexual\/#article\",\"isPartOf\":{\"@id\":\"https:\/\/apuntesdesanluis.com\/index.php\/2024\/02\/22\/condenaron-al-futbolista-dani-alves-a-4-anos-y-medio-de-prision-por-abuso-sexual\/\"},\"author\":{\"name\":\"apuntesdesanluis.com\",\"@id\":\"https:\/\/apuntesdesanluis.com\/#\/schema\/person\/b55151d52296fcce64d1a72538a70b90\"},\"headline\":\"CONDENARON AL FUTBOLISTA DANI ALVES A 4 A\u00d1OS Y MEDIO DE PRISI\u00d3N POR ABUSO SEXUAL\",\"datePublished\":\"2024-02-22T18:16:32+00:00\",\"mainEntityOfPage\":{\"@id\":\"https:\/\/apuntesdesanluis.com\/index.php\/2024\/02\/22\/condenaron-al-futbolista-dani-alves-a-4-anos-y-medio-de-prision-por-abuso-sexual\/\"},\"wordCount\":362,\"publisher\":{\"@id\":\"https:\/\/apuntesdesanluis.com\/#\/schema\/person\/b55151d52296fcce64d1a72538a70b90\"},\"image\":{\"@id\":\"https:\/\/apuntesdesanluis.com\/index.php\/2024\/02\/22\/condenaron-al-futbolista-dani-alves-a-4-anos-y-medio-de-prision-por-abuso-sexual\/#primaryimage\"},\"thumbnailUrl\":\"https:\/\/apuntesdesanluis.com\/wp-content\/uploads\/2024\/02\/dani-alves.png\",\"articleSection\":[\"Nacionales\/Internacionales\"],\"inLanguage\":\"es-AR\"},{\"@type\":\"WebPage\",\"@id\":\"https:\/\/apuntesdesanluis.com\/index.php\/2024\/02\/22\/condenaron-al-futbolista-dani-alves-a-4-anos-y-medio-de-prision-por-abuso-sexual\/\",\"url\":\"https:\/\/apuntesdesanluis.com\/index.php\/2024\/02\/22\/condenaron-al-futbolista-dani-alves-a-4-anos-y-medio-de-prision-por-abuso-sexual\/\",\"name\":\"CONDENARON AL FUTBOLISTA DANI ALVES A 4 A\u00d1OS Y MEDIO DE PRISI\u00d3N POR ABUSO SEXUAL - Apuntes de San Luis\",\"isPartOf\":{\"@id\":\"https:\/\/apuntesdesanluis.com\/#website\"},\"primaryImageOfPage\":{\"@id\":\"https:\/\/apuntesdesanluis.com\/index.php\/2024\/02\/22\/condenaron-al-futbolista-dani-alves-a-4-anos-y-medio-de-prision-por-abuso-sexual\/#primaryimage\"},\"image\":{\"@id\":\"https:\/\/apuntesdesanluis.com\/index.php\/2024\/02\/22\/condenaron-al-futbolista-dani-alves-a-4-anos-y-medio-de-prision-por-abuso-sexual\/#primaryimage\"},\"thumbnailUrl\":\"https:\/\/apuntesdesanluis.com\/wp-content\/uploads\/2024\/02\/dani-alves.png\",\"datePublished\":\"2024-02-22T18:16:32+00:00\",\"breadcrumb\":{\"@id\":\"https:\/\/apuntesdesanluis.com\/index.php\/2024\/02\/22\/condenaron-al-futbolista-dani-alves-a-4-anos-y-medio-de-prision-por-abuso-sexual\/#breadcrumb\"},\"inLanguage\":\"es-AR\",\"potentialAction\":[{\"@type\":\"ReadAction\",\"target\":[\"https:\/\/apuntesdesanluis.com\/index.php\/2024\/02\/22\/condenaron-al-futbolista-dani-alves-a-4-anos-y-medio-de-prision-por-abuso-sexual\/\"]}]},{\"@type\":\"ImageObject\",\"inLanguage\":\"es-AR\",\"@id\":\"https:\/\/apuntesdesanluis.com\/index.php\/2024\/02\/22\/condenaron-al-futbolista-dani-alves-a-4-anos-y-medio-de-prision-por-abuso-sexual\/#primaryimage\",\"url\":\"https:\/\/apuntesdesanluis.com\/wp-content\/uploads\/2024\/02\/dani-alves.png\",\"contentUrl\":\"https:\/\/apuntesdesanluis.com\/wp-content\/uploads\/2024\/02\/dani-alves.png\",\"width\":600,\"height\":357},{\"@type\":\"BreadcrumbList\",\"@id\":\"https:\/\/apuntesdesanluis.com\/index.php\/2024\/02\/22\/condenaron-al-futbolista-dani-alves-a-4-anos-y-medio-de-prision-por-abuso-sexual\/#breadcrumb\",\"itemListElement\":[{\"@type\":\"ListItem\",\"position\":1,\"name\":\"Inicio\",\"item\":\"https:\/\/apuntesdesanluis.com\/\"},{\"@type\":\"ListItem\",\"position\":2,\"name\":\"CONDENARON AL FUTBOLISTA DANI ALVES A 4 A\u00d1OS Y MEDIO DE PRISI\u00d3N POR ABUSO SEXUAL\"}]},{\"@type\":\"WebSite\",\"@id\":\"https:\/\/apuntesdesanluis.com\/#website\",\"url\":\"https:\/\/apuntesdesanluis.com\/\",\"name\":\"Apuntes de San Luis\",\"description\":\"\",\"publisher\":{\"@id\":\"https:\/\/apuntesdesanluis.com\/#\/schema\/person\/b55151d52296fcce64d1a72538a70b90\"},\"potentialAction\":[{\"@type\":\"SearchAction\",\"target\":{\"@type\":\"EntryPoint\",\"urlTemplate\":\"https:\/\/apuntesdesanluis.com\/?s={search_term_string}\"},\"query-input\":{\"@type\":\"PropertyValueSpecification\",\"valueRequired\":true,\"valueName\":\"search_term_string\"}}],\"inLanguage\":\"es-AR\"},{\"@type\":[\"Person\",\"Organization\"],\"@id\":\"https:\/\/apuntesdesanluis.com\/#\/schema\/person\/b55151d52296fcce64d1a72538a70b90\",\"name\":\"apuntesdesanluis.com\",\"image\":{\"@type\":\"ImageObject\",\"inLanguage\":\"es-AR\",\"@id\":\"https:\/\/apuntesdesanluis.com\/#\/schema\/person\/image\/\",\"url\":\"https:\/\/apuntesdesanluis.com\/wp-content\/uploads\/2023\/07\/cropped-apuntesdesanluis.png\",\"contentUrl\":\"https:\/\/apuntesdesanluis.com\/wp-content\/uploads\/2023\/07\/cropped-apuntesdesanluis.png\",\"width\":450,\"height\":112,\"caption\":\"apuntesdesanluis.com\"},\"logo\":{\"@id\":\"https:\/\/apuntesdesanluis.com\/#\/schema\/person\/image\/\"},\"sameAs\":[\"https:\/\/apuntesdesanluis.com\"],\"url\":\"https:\/\/apuntesdesanluis.com\/index.php\/author\/apuntesdesanluis-com\/\"}]}<\/script>\n<!-- \/ Yoast SEO plugin. -->","yoast_head_json":{"title":"CONDENARON AL FUTBOLISTA DANI ALVES A 4 A\u00d1OS Y MEDIO DE PRISI\u00d3N POR ABUSO SEXUAL - Apuntes de San Luis","robots":{"index":"index","follow":"follow","max-snippet":"max-snippet:-1","max-image-preview":"max-image-preview:large","max-video-preview":"max-video-preview:-1"},"canonical":"https:\/\/apuntesdesanluis.com\/index.php\/2024\/02\/22\/condenaron-al-futbolista-dani-alves-a-4-anos-y-medio-de-prision-por-abuso-sexual\/","og_locale":"es_ES","og_type":"article","og_title":"CONDENARON AL FUTBOLISTA DANI ALVES A 4 A\u00d1OS Y MEDIO DE PRISI\u00d3N POR ABUSO SEXUAL - Apuntes de San Luis","og_description":"El ex jugador del Barcelona fue sentenciado despu\u00e9s de pasar un a\u00f1o en la c\u00e1rcel....","og_url":"https:\/\/apuntesdesanluis.com\/index.php\/2024\/02\/22\/condenaron-al-futbolista-dani-alves-a-4-anos-y-medio-de-prision-por-abuso-sexual\/","og_site_name":"Apuntes de San Luis","article_published_time":"2024-02-22T18:16:32+00:00","og_image":[{"width":600,"height":357,"url":"https:\/\/apuntesdesanluis.com\/wp-content\/uploads\/2024\/02\/dani-alves.png","type":"image\/png"}],"author":"apuntesdesanluis.com","twitter_card":"summary_large_image","twitter_misc":{"Escrito por":"apuntesdesanluis.com","Tiempo de lectura":"2 minutos"},"schema":{"@context":"https:\/\/schema.org","@graph":[{"@type":"Article","@id":"https:\/\/apuntesdesanluis.com\/index.php\/2024\/02\/22\/condenaron-al-futbolista-dani-alves-a-4-anos-y-medio-de-prision-por-abuso-sexual\/#article","isPartOf":{"@id":"https:\/\/apuntesdesanluis.com\/index.php\/2024\/02\/22\/condenaron-al-futbolista-dani-alves-a-4-anos-y-medio-de-prision-por-abuso-sexual\/"},"author":{"name":"apuntesdesanluis.com","@id":"https:\/\/apuntesdesanluis.com\/#\/schema\/person\/b55151d52296fcce64d1a72538a70b90"},"headline":"CONDENARON AL FUTBOLISTA DANI ALVES A 4 A\u00d1OS Y MEDIO DE PRISI\u00d3N POR ABUSO SEXUAL","datePublished":"2024-02-22T18:16:32+00:00","mainEntityOfPage":{"@id":"https:\/\/apuntesdesanluis.com\/index.php\/2024\/02\/22\/condenaron-al-futbolista-dani-alves-a-4-anos-y-medio-de-prision-por-abuso-sexual\/"},"wordCount":362,"publisher":{"@id":"https:\/\/apuntesdesanluis.com\/#\/schema\/person\/b55151d52296fcce64d1a72538a70b90"},"image":{"@id":"https:\/\/apuntesdesanluis.com\/index.php\/2024\/02\/22\/condenaron-al-futbolista-dani-alves-a-4-anos-y-medio-de-prision-por-abuso-sexual\/#primaryimage"},"thumbnailUrl":"https:\/\/apuntesdesanluis.com\/wp-content\/uploads\/2024\/02\/dani-alves.png","articleSection":["Nacionales\/Internacionales"],"inLanguage":"es-AR"},{"@type":"WebPage","@id":"https:\/\/apuntesdesanluis.com\/index.php\/2024\/02\/22\/condenaron-al-futbolista-dani-alves-a-4-anos-y-medio-de-prision-por-abuso-sexual\/","url":"https:\/\/apuntesdesanluis.com\/index.php\/2024\/02\/22\/condenaron-al-futbolista-dani-alves-a-4-anos-y-medio-de-prision-por-abuso-sexual\/","name":"CONDENARON AL FUTBOLISTA DANI ALVES A 4 A\u00d1OS Y MEDIO DE PRISI\u00d3N POR ABUSO SEXUAL - Apuntes de San Luis","isPartOf":{"@id":"https:\/\/apuntesdesanluis.com\/#website"},"primaryImageOfPage":{"@id":"https:\/\/apuntesdesanluis.com\/index.php\/2024\/02\/22\/condenaron-al-futbolista-dani-alves-a-4-anos-y-medio-de-prision-por-abuso-sexual\/#primaryimage"},"image":{"@id":"https:\/\/apuntesdesanluis.com\/index.php\/2024\/02\/22\/condenaron-al-futbolista-dani-alves-a-4-anos-y-medio-de-prision-por-abuso-sexual\/#primaryimage"},"thumbnailUrl":"https:\/\/apuntesdesanluis.com\/wp-content\/uploads\/2024\/02\/dani-alves.png","datePublished":"2024-02-22T18:16:32+00:00","breadcrumb":{"@id":"https:\/\/apuntesdesanluis.com\/index.php\/2024\/02\/22\/condenaron-al-futbolista-dani-alves-a-4-anos-y-medio-de-prision-por-abuso-sexual\/#breadcrumb"},"inLanguage":"es-AR","potentialAction":[{"@type":"ReadAction","target":["https:\/\/apuntesdesanluis.com\/index.php\/2024\/02\/22\/condenaron-al-futbolista-dani-alves-a-4-anos-y-medio-de-prision-por-abuso-sexual\/"]}]},{"@type":"ImageObject","inLanguage":"es-AR","@id":"https:\/\/apuntesdesanluis.com\/index.php\/2024\/02\/22\/condenaron-al-futbolista-dani-alves-a-4-anos-y-medio-de-prision-por-abuso-sexual\/#primaryimage","url":"https:\/\/apuntesdesanluis.com\/wp-content\/uploads\/2024\/02\/dani-alves.png","contentUrl":"https:\/\/apuntesdesanluis.com\/wp-content\/uploads\/2024\/02\/dani-alves.png","width":600,"height":357},{"@type":"BreadcrumbList","@id":"https:\/\/apuntesdesanluis.com\/index.php\/2024\/02\/22\/condenaron-al-futbolista-dani-alves-a-4-anos-y-medio-de-prision-por-abuso-sexual\/#breadcrumb","itemListElement":[{"@type":"ListItem","position":1,"name":"Inicio","item":"https:\/\/apuntesdesanluis.com\/"},{"@type":"ListItem","position":2,"name":"CONDENARON AL FUTBOLISTA DANI ALVES A 4 A\u00d1OS Y MEDIO DE PRISI\u00d3N POR ABUSO SEXUAL"}]},{"@type":"WebSite","@id":"https:\/\/apuntesdesanluis.com\/#website","url":"https:\/\/apuntesdesanluis.com\/","name":"Apuntes de San Luis","description":"","publisher":{"@id":"https:\/\/apuntesdesanluis.com\/#\/schema\/person\/b55151d52296fcce64d1a72538a70b90"},"potentialAction":[{"@type":"SearchAction","target":{"@type":"EntryPoint","urlTemplate":"https:\/\/apuntesdesanluis.com\/?s={search_term_string}"},"query-input":{"@type":"PropertyValueSpecification","valueRequired":true,"valueName":"search_term_string"}}],"inLanguage":"es-AR"},{"@type":["Person","Organization"],"@id":"https:\/\/apuntesdesanluis.com\/#\/schema\/person\/b55151d52296fcce64d1a72538a70b90","name":"apuntesdesanluis.com","image":{"@type":"ImageObject","inLanguage":"es-AR","@id":"https:\/\/apuntesdesanluis.com\/#\/schema\/person\/image\/","url":"https:\/\/apuntesdesanluis.com\/wp-content\/uploads\/2023\/07\/cropped-apuntesdesanluis.png","contentUrl":"https:\/\/apuntesdesanluis.com\/wp-content\/uploads\/2023\/07\/cropped-apuntesdesanluis.png","width":450,"height":112,"caption":"apuntesdesanluis.com"},"logo":{"@id":"https:\/\/apuntesdesanluis.com\/#\/schema\/person\/image\/"},"sameAs":["https:\/\/apuntesdesanluis.com"],"url":"https:\/\/apuntesdesanluis.com\/index.php\/author\/apuntesdesanluis-com\/"}]}},"featured_image_urls":{"full":["https:\/\/apuntesdesanluis.com\/wp-content\/uploads\/2024\/02\/dani-alves.png",600,357,false],"thumbnail":["https:\/\/apuntesdesanluis.com\/wp-content\/uploads\/2024\/02\/dani-alves-150x150.png",150,150,true],"medium":["https:\/\/apuntesdesanluis.com\/wp-content\/uploads\/2024\/02\/dani-alves-300x179.png",300,179,true],"medium_large":["https:\/\/apuntesdesanluis.com\/wp-content\/uploads\/2024\/02\/dani-alves.png",600,357,false],"large":["https:\/\/apuntesdesanluis.com\/wp-content\/uploads\/2024\/02\/dani-alves.png",600,357,false],"1536x1536":["https:\/\/apuntesdesanluis.com\/wp-content\/uploads\/2024\/02\/dani-alves.png",600,357,false],"2048x2048":["https:\/\/apuntesdesanluis.com\/wp-content\/uploads\/2024\/02\/dani-alves.png",600,357,false],"newsever-slider-full":["https:\/\/apuntesdesanluis.com\/wp-content\/uploads\/2024\/02\/dani-alves.png",600,357,false],"newsever-featured":["https:\/\/apuntesdesanluis.com\/wp-content\/uploads\/2024\/02\/dani-alves.png",600,357,false],"newsever-medium":["https:\/\/apuntesdesanluis.com\/wp-content\/uploads\/2024\/02\/dani-alves.png",600,357,false]},"author_info":{"display_name":"apuntesdesanluis.com","author_link":"https:\/\/apuntesdesanluis.com\/index.php\/author\/apuntesdesanluis-com\/"},"category_info":"<a href=\"https:\/\/apuntesdesanluis.com\/index.php\/category\/nacionales-internacionales\/\" rel=\"category tag\">Nacionales\/Internacionales<\/a>","tag_info":"Nacionales\/Internacionales","comment_count":"0","_links":{"self":[{"href":"https:\/\/apuntesdesanluis.com\/index.php\/wp-json\/wp\/v2\/posts\/12134","targetHints":{"allow":["GET"]}}],"collection":[{"href":"https:\/\/apuntesdesanluis.com\/index.php\/wp-json\/wp\/v2\/posts"}],"about":[{"href":"https:\/\/apuntesdesanluis.com\/index.php\/wp-json\/wp\/v2\/types\/post"}],"author":[{"embeddable":true,"href":"https:\/\/apuntesdesanluis.com\/index.php\/wp-json\/wp\/v2\/users\/1"}],"replies":[{"embeddable":true,"href":"https:\/\/apuntesdesanluis.com\/index.php\/wp-json\/wp\/v2\/comments?post=12134"}],"version-history":[{"count":2,"href":"https:\/\/apuntesdesanluis.com\/index.php\/wp-json\/wp\/v2\/posts\/12134\/revisions"}],"predecessor-version":[{"id":12137,"href":"https:\/\/apuntesdesanluis.com\/index.php\/wp-json\/wp\/v2\/posts\/12134\/revisions\/12137"}],"wp:featuredmedia":[{"embeddable":true,"href":"https:\/\/apuntesdesanluis.com\/index.php\/wp-json\/wp\/v2\/media\/12135"}],"wp:attachment":[{"href":"https:\/\/apuntesdesanluis.com\/index.php\/wp-json\/wp\/v2\/media?parent=12134"}],"wp:term":[{"taxonomy":"category","embeddable":true,"href":"https:\/\/apuntesdesanluis.com\/index.php\/wp-json\/wp\/v2\/categories?post=12134"},{"taxonomy":"post_tag","embeddable":true,"href":"https:\/\/apuntesdesanluis.com\/index.php\/wp-json\/wp\/v2\/tags?post=12134"}],"curies":[{"name":"wp","href":"https:\/\/api.w.org\/{rel}","templated":true}]}}