{"id":12138,"date":"2024-02-22T11:29:04","date_gmt":"2024-02-22T14:29:04","guid":{"rendered":"https:\/\/apuntesdesanluis.com\/?p=12138"},"modified":"2024-02-23T01:26:28","modified_gmt":"2024-02-23T04:26:28","slug":"la-secretaria-de-personas-con-discapacidad-y-la-unsl-firmaron-convenio-para-promover-la-inclusion","status":"publish","type":"post","link":"https:\/\/apuntesdesanluis.com\/index.php\/2024\/02\/22\/la-secretaria-de-personas-con-discapacidad-y-la-unsl-firmaron-convenio-para-promover-la-inclusion\/","title":{"rendered":"LA SECRETAR\u00cdA DE PERSONAS CON DISCAPACIDAD Y LA UNSL FIRMARON CONVENIO PARA PROMOVER LA INCLUSI\u00d3N"},"content":{"rendered":"<h3>Ante el aumento del desempleo, la pobreza, la marginalidad y la exclusi\u00f3n, el acuerdo busca dar respuestas interinstitucionales a las necesidades de la poblaci\u00f3n y a problem\u00e1ticas como la vulneraci\u00f3n de derechos, tanto en el \u00e1mbito acad\u00e9mico como social.<\/h3>\n<h3>El convenio reconoce que la UNSL tiene una larga trayectoria en la defensa y promoci\u00f3n de los derechos humanos, con el objetivo de lograr una universidad m\u00e1s inclusiva. Por ello, promueve el v\u00ednculo con diferentes sectores de la comunidad a trav\u00e9s de acciones de extensi\u00f3n, investigaci\u00f3n, vinculaci\u00f3n y transferencia que permitan ejecutar medidas inclusivas en beneficio de la ciudadan\u00eda.<\/h3>\n<h3>Ante el aumento del desempleo, la pobreza, la marginalidad y la exclusi\u00f3n, el acuerdo busca dar respuestas interinstitucionales a las necesidades de la poblaci\u00f3n y a problem\u00e1ticas como la vulneraci\u00f3n de derechos.<\/h3>\n<h3><img fetchpriority=\"high\" decoding=\"async\" class=\"wp-image-12140 aligncenter\" src=\"https:\/\/apuntesdesanluis.com\/wp-content\/uploads\/2024\/02\/giraudo-unsl-300x185.png\" alt=\"\" width=\"584\" height=\"360\" srcset=\"https:\/\/apuntesdesanluis.com\/wp-content\/uploads\/2024\/02\/giraudo-unsl-300x185.png 300w, https:\/\/apuntesdesanluis.com\/wp-content\/uploads\/2024\/02\/giraudo-unsl.png 600w\" sizes=\"(max-width: 584px) 100vw, 584px\" \/><\/h3>\n<h3>El secretario de Personas con Discapacidad, <strong>Luis Giraudo<\/strong>, expres\u00f3 que poder vincularse con esta prestigiosa universidad es un orgullo para el Gobierno provincial, que ha adoptado la inclusi\u00f3n de personas con discapacidad como pol\u00edtica de Estado.<\/h3>\n<h3>El funcionario suscribi\u00f3 el acuerdo en epresentaci\u00f3n del gobierno, en tanto que la Decana de la Facultad de Ciencias Econ\u00f3micas Jur\u00eddicas y Sociales (FCEJS), <strong>Roxana Camiletti, lo hizo por parte de la UNSL, que tambi\u00e9n cont\u00f3 con la presencia del Vicerrector, H\u00e9ctor Flores.<\/strong><\/h3>\n<h3>El objetivo del convenio es establecer bases de cooperaci\u00f3n rec\u00edproca para posibilitar mayor eficacia en el logro de los fines de cada instituci\u00f3n. Se prev\u00e9 llevar a cabo actividades conjuntas de intercambio de informaci\u00f3n cient\u00edfica, tecnol\u00f3gica y programas para el desarrollo de nuevos conocimientos.<\/h3>\n<h3>De la firma participaron autoridades de ambas instituciones. Tambi\u00e9n estuvieron presentes representantes del Instituto Cultural y Recreativo del Discapacitado.<\/h3>\n<h3><strong>INCLUSI\u00d3N LABORAL<\/strong><\/h3>\n<h3>En la jornada de este mi\u00e9rcoles, representantes del \u00e1rea de Relaciones Institucionales y del sub\u00e1rea de Inclusi\u00f3n Laboral de la secretar\u00eda de Personas con Discapacidad, se reunieron con personal de Recursos Humanos y Relaciones Laborales de la compa\u00f1\u00eda Mondelez Internacional, ubicada en Villa Mercedes.<\/h3>\n<h3><img decoding=\"async\" class=\"wp-image-12207 aligncenter\" src=\"https:\/\/apuntesdesanluis.com\/wp-content\/uploads\/2024\/02\/moondelez-300x174.png\" alt=\"\" width=\"657\" height=\"381\" srcset=\"https:\/\/apuntesdesanluis.com\/wp-content\/uploads\/2024\/02\/moondelez-300x174.png 300w, https:\/\/apuntesdesanluis.com\/wp-content\/uploads\/2024\/02\/moondelez.png 600w\" sizes=\"(max-width: 657px) 100vw, 657px\" \/><\/h3>\n<h3>El objetivo del encuentro fue lograr un acercamiento entre las partes y dialogar sobre temas relacionados a la inclusi\u00f3n laboral de personas con discapacidad, siendo la igualdad de oportunidades una prioridad en la actual gesti\u00f3n gubernamental.<\/h3>\n<h3>La empresa comparti\u00f3 iniciativas y experiencias previas en la planta, detallando algunas adaptaciones realizadas. Manifestaron su inter\u00e9s en continuar avanzando hacia una cultura m\u00e1s diversa, equitativa e inclusiva, porque este es el camino que transitan actualmente, convirtiendo a la diversidad, equidad e inclusi\u00f3n en clave de su transformaci\u00f3n cultural.<\/h3>\n<h3>Se consensu\u00f3 la importancia y necesidad de realizar un relevamiento para contar con informaci\u00f3n sobre la situaci\u00f3n actual en cuanto a habilidades, experiencias y contexto social de las personas con discapacidad. Adem\u00e1s, se trabajar\u00e1 en conjunto en un programa de capacitaciones, conferencias, testimonios y en establecer una agenda para avanzar en esta tem\u00e1tica.<\/h3>\n<h3>El representante del sub\u00e1rea de Inclusi\u00f3n Laboral, Gustavo Falchi, remarc\u00f3 la importancia de visibilizar la discapacidad, articular trabajos conjuntos, implementar charlas y capacitaciones, contar con una base de datos y generar mayores oportunidades laborales.<\/h3>\n<p>&nbsp;<\/p>\n<p>&nbsp;<\/p>\n<p>&nbsp;<\/p>\n<p>&nbsp;<\/p>\n<p>&nbsp;<\/p>\n","protected":false},"excerpt":{"rendered":"<p>Ante el aumento del desempleo, la pobreza, la marginalidad y la exclusi\u00f3n, el acuerdo busca&#8230;<\/p>\n","protected":false},"author":1,"featured_media":12139,"comment_status":"closed","ping_status":"closed","sticky":false,"template":"","format":"standard","meta":{"footnotes":""},"categories":[6],"tags":[],"class_list":["post-12138","post","type-post","status-publish","format-standard","has-post-thumbnail","hentry","category-ciudad-provincia"],"yoast_head":"<!-- This site is optimized with the Yoast SEO plugin v26.1.1 - https:\/\/yoast.com\/wordpress\/plugins\/seo\/ -->\n<title>LA SECRETAR\u00cdA DE PERSONAS CON DISCAPACIDAD Y LA UNSL FIRMARON CONVENIO PARA PROMOVER LA INCLUSI\u00d3N - Apuntes de San Luis<\/title>\n<meta name=\"robots\" content=\"index, follow, max-snippet:-1, max-image-preview:large, max-video-preview:-1\" \/>\n<link rel=\"canonical\" href=\"https:\/\/apuntesdesanluis.com\/index.php\/2024\/02\/22\/la-secretaria-de-personas-con-discapacidad-y-la-unsl-firmaron-convenio-para-promover-la-inclusion\/\" \/>\n<meta property=\"og:locale\" content=\"es_ES\" \/>\n<meta property=\"og:type\" content=\"article\" \/>\n<meta property=\"og:title\" content=\"LA SECRETAR\u00cdA DE PERSONAS CON DISCAPACIDAD Y LA UNSL FIRMARON CONVENIO PARA PROMOVER LA INCLUSI\u00d3N - Apuntes de San Luis\" \/>\n<meta property=\"og:description\" content=\"Ante el aumento del desempleo, la pobreza, la marginalidad y la exclusi\u00f3n, el acuerdo busca...\" \/>\n<meta property=\"og:url\" content=\"https:\/\/apuntesdesanluis.com\/index.php\/2024\/02\/22\/la-secretaria-de-personas-con-discapacidad-y-la-unsl-firmaron-convenio-para-promover-la-inclusion\/\" \/>\n<meta property=\"og:site_name\" content=\"Apuntes de San Luis\" \/>\n<meta property=\"article:published_time\" content=\"2024-02-22T14:29:04+00:00\" \/>\n<meta property=\"article:modified_time\" content=\"2024-02-23T04:26:28+00:00\" \/>\n<meta property=\"og:image\" content=\"https:\/\/apuntesdesanluis.com\/wp-content\/uploads\/2024\/02\/Pena-1.jpg\" \/>\n\t<meta property=\"og:image:width\" content=\"622\" \/>\n\t<meta property=\"og:image:height\" content=\"316\" \/>\n\t<meta property=\"og:image:type\" content=\"image\/jpeg\" \/>\n<meta name=\"author\" content=\"apuntesdesanluis.com\" \/>\n<meta name=\"twitter:card\" content=\"summary_large_image\" \/>\n<meta name=\"twitter:label1\" content=\"Escrito por\" \/>\n\t<meta name=\"twitter:data1\" content=\"apuntesdesanluis.com\" \/>\n\t<meta name=\"twitter:label2\" content=\"Tiempo de lectura\" \/>\n\t<meta name=\"twitter:data2\" content=\"3 minutos\" \/>\n<script type=\"application\/ld+json\" class=\"yoast-schema-graph\">{\"@context\":\"https:\/\/schema.org\",\"@graph\":[{\"@type\":\"Article\",\"@id\":\"https:\/\/apuntesdesanluis.com\/index.php\/2024\/02\/22\/la-secretaria-de-personas-con-discapacidad-y-la-unsl-firmaron-convenio-para-promover-la-inclusion\/#article\",\"isPartOf\":{\"@id\":\"https:\/\/apuntesdesanluis.com\/index.php\/2024\/02\/22\/la-secretaria-de-personas-con-discapacidad-y-la-unsl-firmaron-convenio-para-promover-la-inclusion\/\"},\"author\":{\"name\":\"apuntesdesanluis.com\",\"@id\":\"https:\/\/apuntesdesanluis.com\/#\/schema\/person\/b55151d52296fcce64d1a72538a70b90\"},\"headline\":\"LA SECRETAR\u00cdA DE PERSONAS CON DISCAPACIDAD Y LA UNSL FIRMARON CONVENIO PARA PROMOVER LA INCLUSI\u00d3N\",\"datePublished\":\"2024-02-22T14:29:04+00:00\",\"dateModified\":\"2024-02-23T04:26:28+00:00\",\"mainEntityOfPage\":{\"@id\":\"https:\/\/apuntesdesanluis.com\/index.php\/2024\/02\/22\/la-secretaria-de-personas-con-discapacidad-y-la-unsl-firmaron-convenio-para-promover-la-inclusion\/\"},\"wordCount\":561,\"publisher\":{\"@id\":\"https:\/\/apuntesdesanluis.com\/#\/schema\/person\/b55151d52296fcce64d1a72538a70b90\"},\"image\":{\"@id\":\"https:\/\/apuntesdesanluis.com\/index.php\/2024\/02\/22\/la-secretaria-de-personas-con-discapacidad-y-la-unsl-firmaron-convenio-para-promover-la-inclusion\/#primaryimage\"},\"thumbnailUrl\":\"https:\/\/apuntesdesanluis.com\/wp-content\/uploads\/2024\/02\/Pena-1.jpg\",\"articleSection\":[\"Ciudad\/Provincia\"],\"inLanguage\":\"es-AR\"},{\"@type\":\"WebPage\",\"@id\":\"https:\/\/apuntesdesanluis.com\/index.php\/2024\/02\/22\/la-secretaria-de-personas-con-discapacidad-y-la-unsl-firmaron-convenio-para-promover-la-inclusion\/\",\"url\":\"https:\/\/apuntesdesanluis.com\/index.php\/2024\/02\/22\/la-secretaria-de-personas-con-discapacidad-y-la-unsl-firmaron-convenio-para-promover-la-inclusion\/\",\"name\":\"LA SECRETAR\u00cdA DE PERSONAS CON DISCAPACIDAD Y LA UNSL FIRMARON CONVENIO PARA PROMOVER LA INCLUSI\u00d3N - Apuntes de San Luis\",\"isPartOf\":{\"@id\":\"https:\/\/apuntesdesanluis.com\/#website\"},\"primaryImageOfPage\":{\"@id\":\"https:\/\/apuntesdesanluis.com\/index.php\/2024\/02\/22\/la-secretaria-de-personas-con-discapacidad-y-la-unsl-firmaron-convenio-para-promover-la-inclusion\/#primaryimage\"},\"image\":{\"@id\":\"https:\/\/apuntesdesanluis.com\/index.php\/2024\/02\/22\/la-secretaria-de-personas-con-discapacidad-y-la-unsl-firmaron-convenio-para-promover-la-inclusion\/#primaryimage\"},\"thumbnailUrl\":\"https:\/\/apuntesdesanluis.com\/wp-content\/uploads\/2024\/02\/Pena-1.jpg\",\"datePublished\":\"2024-02-22T14:29:04+00:00\",\"dateModified\":\"2024-02-23T04:26:28+00:00\",\"breadcrumb\":{\"@id\":\"https:\/\/apuntesdesanluis.com\/index.php\/2024\/02\/22\/la-secretaria-de-personas-con-discapacidad-y-la-unsl-firmaron-convenio-para-promover-la-inclusion\/#breadcrumb\"},\"inLanguage\":\"es-AR\",\"potentialAction\":[{\"@type\":\"ReadAction\",\"target\":[\"https:\/\/apuntesdesanluis.com\/index.php\/2024\/02\/22\/la-secretaria-de-personas-con-discapacidad-y-la-unsl-firmaron-convenio-para-promover-la-inclusion\/\"]}]},{\"@type\":\"ImageObject\",\"inLanguage\":\"es-AR\",\"@id\":\"https:\/\/apuntesdesanluis.com\/index.php\/2024\/02\/22\/la-secretaria-de-personas-con-discapacidad-y-la-unsl-firmaron-convenio-para-promover-la-inclusion\/#primaryimage\",\"url\":\"https:\/\/apuntesdesanluis.com\/wp-content\/uploads\/2024\/02\/Pena-1.jpg\",\"contentUrl\":\"https:\/\/apuntesdesanluis.com\/wp-content\/uploads\/2024\/02\/Pena-1.jpg\",\"width\":622,\"height\":316},{\"@type\":\"BreadcrumbList\",\"@id\":\"https:\/\/apuntesdesanluis.com\/index.php\/2024\/02\/22\/la-secretaria-de-personas-con-discapacidad-y-la-unsl-firmaron-convenio-para-promover-la-inclusion\/#breadcrumb\",\"itemListElement\":[{\"@type\":\"ListItem\",\"position\":1,\"name\":\"Inicio\",\"item\":\"https:\/\/apuntesdesanluis.com\/\"},{\"@type\":\"ListItem\",\"position\":2,\"name\":\"LA SECRETAR\u00cdA DE PERSONAS CON DISCAPACIDAD Y LA UNSL FIRMARON CONVENIO PARA PROMOVER LA INCLUSI\u00d3N\"}]},{\"@type\":\"WebSite\",\"@id\":\"https:\/\/apuntesdesanluis.com\/#website\",\"url\":\"https:\/\/apuntesdesanluis.com\/\",\"name\":\"Apuntes de San Luis\",\"description\":\"\",\"publisher\":{\"@id\":\"https:\/\/apuntesdesanluis.com\/#\/schema\/person\/b55151d52296fcce64d1a72538a70b90\"},\"potentialAction\":[{\"@type\":\"SearchAction\",\"target\":{\"@type\":\"EntryPoint\",\"urlTemplate\":\"https:\/\/apuntesdesanluis.com\/?s={search_term_string}\"},\"query-input\":{\"@type\":\"PropertyValueSpecification\",\"valueRequired\":true,\"valueName\":\"search_term_string\"}}],\"inLanguage\":\"es-AR\"},{\"@type\":[\"Person\",\"Organization\"],\"@id\":\"https:\/\/apuntesdesanluis.com\/#\/schema\/person\/b55151d52296fcce64d1a72538a70b90\",\"name\":\"apuntesdesanluis.com\",\"image\":{\"@type\":\"ImageObject\",\"inLanguage\":\"es-AR\",\"@id\":\"https:\/\/apuntesdesanluis.com\/#\/schema\/person\/image\/\",\"url\":\"https:\/\/apuntesdesanluis.com\/wp-content\/uploads\/2023\/07\/cropped-apuntesdesanluis.png\",\"contentUrl\":\"https:\/\/apuntesdesanluis.com\/wp-content\/uploads\/2023\/07\/cropped-apuntesdesanluis.png\",\"width\":450,\"height\":112,\"caption\":\"apuntesdesanluis.com\"},\"logo\":{\"@id\":\"https:\/\/apuntesdesanluis.com\/#\/schema\/person\/image\/\"},\"sameAs\":[\"https:\/\/apuntesdesanluis.com\"],\"url\":\"https:\/\/apuntesdesanluis.com\/index.php\/author\/apuntesdesanluis-com\/\"}]}<\/script>\n<!-- \/ Yoast SEO plugin. -->","yoast_head_json":{"title":"LA SECRETAR\u00cdA DE PERSONAS CON DISCAPACIDAD Y LA UNSL FIRMARON CONVENIO PARA PROMOVER LA INCLUSI\u00d3N - Apuntes de San Luis","robots":{"index":"index","follow":"follow","max-snippet":"max-snippet:-1","max-image-preview":"max-image-preview:large","max-video-preview":"max-video-preview:-1"},"canonical":"https:\/\/apuntesdesanluis.com\/index.php\/2024\/02\/22\/la-secretaria-de-personas-con-discapacidad-y-la-unsl-firmaron-convenio-para-promover-la-inclusion\/","og_locale":"es_ES","og_type":"article","og_title":"LA SECRETAR\u00cdA DE PERSONAS CON DISCAPACIDAD Y LA UNSL FIRMARON CONVENIO PARA PROMOVER LA INCLUSI\u00d3N - Apuntes de San Luis","og_description":"Ante el aumento del desempleo, la pobreza, la marginalidad y la exclusi\u00f3n, el acuerdo busca...","og_url":"https:\/\/apuntesdesanluis.com\/index.php\/2024\/02\/22\/la-secretaria-de-personas-con-discapacidad-y-la-unsl-firmaron-convenio-para-promover-la-inclusion\/","og_site_name":"Apuntes de San Luis","article_published_time":"2024-02-22T14:29:04+00:00","article_modified_time":"2024-02-23T04:26:28+00:00","og_image":[{"width":622,"height":316,"url":"https:\/\/apuntesdesanluis.com\/wp-content\/uploads\/2024\/02\/Pena-1.jpg","type":"image\/jpeg"}],"author":"apuntesdesanluis.com","twitter_card":"summary_large_image","twitter_misc":{"Escrito por":"apuntesdesanluis.com","Tiempo de lectura":"3 minutos"},"schema":{"@context":"https:\/\/schema.org","@graph":[{"@type":"Article","@id":"https:\/\/apuntesdesanluis.com\/index.php\/2024\/02\/22\/la-secretaria-de-personas-con-discapacidad-y-la-unsl-firmaron-convenio-para-promover-la-inclusion\/#article","isPartOf":{"@id":"https:\/\/apuntesdesanluis.com\/index.php\/2024\/02\/22\/la-secretaria-de-personas-con-discapacidad-y-la-unsl-firmaron-convenio-para-promover-la-inclusion\/"},"author":{"name":"apuntesdesanluis.com","@id":"https:\/\/apuntesdesanluis.com\/#\/schema\/person\/b55151d52296fcce64d1a72538a70b90"},"headline":"LA SECRETAR\u00cdA DE PERSONAS CON DISCAPACIDAD Y LA UNSL FIRMARON CONVENIO PARA PROMOVER LA INCLUSI\u00d3N","datePublished":"2024-02-22T14:29:04+00:00","dateModified":"2024-02-23T04:26:28+00:00","mainEntityOfPage":{"@id":"https:\/\/apuntesdesanluis.com\/index.php\/2024\/02\/22\/la-secretaria-de-personas-con-discapacidad-y-la-unsl-firmaron-convenio-para-promover-la-inclusion\/"},"wordCount":561,"publisher":{"@id":"https:\/\/apuntesdesanluis.com\/#\/schema\/person\/b55151d52296fcce64d1a72538a70b90"},"image":{"@id":"https:\/\/apuntesdesanluis.com\/index.php\/2024\/02\/22\/la-secretaria-de-personas-con-discapacidad-y-la-unsl-firmaron-convenio-para-promover-la-inclusion\/#primaryimage"},"thumbnailUrl":"https:\/\/apuntesdesanluis.com\/wp-content\/uploads\/2024\/02\/Pena-1.jpg","articleSection":["Ciudad\/Provincia"],"inLanguage":"es-AR"},{"@type":"WebPage","@id":"https:\/\/apuntesdesanluis.com\/index.php\/2024\/02\/22\/la-secretaria-de-personas-con-discapacidad-y-la-unsl-firmaron-convenio-para-promover-la-inclusion\/","url":"https:\/\/apuntesdesanluis.com\/index.php\/2024\/02\/22\/la-secretaria-de-personas-con-discapacidad-y-la-unsl-firmaron-convenio-para-promover-la-inclusion\/","name":"LA SECRETAR\u00cdA DE PERSONAS CON DISCAPACIDAD Y LA UNSL FIRMARON CONVENIO PARA PROMOVER LA INCLUSI\u00d3N - Apuntes de San Luis","isPartOf":{"@id":"https:\/\/apuntesdesanluis.com\/#website"},"primaryImageOfPage":{"@id":"https:\/\/apuntesdesanluis.com\/index.php\/2024\/02\/22\/la-secretaria-de-personas-con-discapacidad-y-la-unsl-firmaron-convenio-para-promover-la-inclusion\/#primaryimage"},"image":{"@id":"https:\/\/apuntesdesanluis.com\/index.php\/2024\/02\/22\/la-secretaria-de-personas-con-discapacidad-y-la-unsl-firmaron-convenio-para-promover-la-inclusion\/#primaryimage"},"thumbnailUrl":"https:\/\/apuntesdesanluis.com\/wp-content\/uploads\/2024\/02\/Pena-1.jpg","datePublished":"2024-02-22T14:29:04+00:00","dateModified":"2024-02-23T04:26:28+00:00","breadcrumb":{"@id":"https:\/\/apuntesdesanluis.com\/index.php\/2024\/02\/22\/la-secretaria-de-personas-con-discapacidad-y-la-unsl-firmaron-convenio-para-promover-la-inclusion\/#breadcrumb"},"inLanguage":"es-AR","potentialAction":[{"@type":"ReadAction","target":["https:\/\/apuntesdesanluis.com\/index.php\/2024\/02\/22\/la-secretaria-de-personas-con-discapacidad-y-la-unsl-firmaron-convenio-para-promover-la-inclusion\/"]}]},{"@type":"ImageObject","inLanguage":"es-AR","@id":"https:\/\/apuntesdesanluis.com\/index.php\/2024\/02\/22\/la-secretaria-de-personas-con-discapacidad-y-la-unsl-firmaron-convenio-para-promover-la-inclusion\/#primaryimage","url":"https:\/\/apuntesdesanluis.com\/wp-content\/uploads\/2024\/02\/Pena-1.jpg","contentUrl":"https:\/\/apuntesdesanluis.com\/wp-content\/uploads\/2024\/02\/Pena-1.jpg","width":622,"height":316},{"@type":"BreadcrumbList","@id":"https:\/\/apuntesdesanluis.com\/index.php\/2024\/02\/22\/la-secretaria-de-personas-con-discapacidad-y-la-unsl-firmaron-convenio-para-promover-la-inclusion\/#breadcrumb","itemListElement":[{"@type":"ListItem","position":1,"name":"Inicio","item":"https:\/\/apuntesdesanluis.com\/"},{"@type":"ListItem","position":2,"name":"LA SECRETAR\u00cdA DE PERSONAS CON DISCAPACIDAD Y LA UNSL FIRMARON CONVENIO PARA PROMOVER LA INCLUSI\u00d3N"}]},{"@type":"WebSite","@id":"https:\/\/apuntesdesanluis.com\/#website","url":"https:\/\/apuntesdesanluis.com\/","name":"Apuntes de San Luis","description":"","publisher":{"@id":"https:\/\/apuntesdesanluis.com\/#\/schema\/person\/b55151d52296fcce64d1a72538a70b90"},"potentialAction":[{"@type":"SearchAction","target":{"@type":"EntryPoint","urlTemplate":"https:\/\/apuntesdesanluis.com\/?s={search_term_string}"},"query-input":{"@type":"PropertyValueSpecification","valueRequired":true,"valueName":"search_term_string"}}],"inLanguage":"es-AR"},{"@type":["Person","Organization"],"@id":"https:\/\/apuntesdesanluis.com\/#\/schema\/person\/b55151d52296fcce64d1a72538a70b90","name":"apuntesdesanluis.com","image":{"@type":"ImageObject","inLanguage":"es-AR","@id":"https:\/\/apuntesdesanluis.com\/#\/schema\/person\/image\/","url":"https:\/\/apuntesdesanluis.com\/wp-content\/uploads\/2023\/07\/cropped-apuntesdesanluis.png","contentUrl":"https:\/\/apuntesdesanluis.com\/wp-content\/uploads\/2023\/07\/cropped-apuntesdesanluis.png","width":450,"height":112,"caption":"apuntesdesanluis.com"},"logo":{"@id":"https:\/\/apuntesdesanluis.com\/#\/schema\/person\/image\/"},"sameAs":["https:\/\/apuntesdesanluis.com"],"url":"https:\/\/apuntesdesanluis.com\/index.php\/author\/apuntesdesanluis-com\/"}]}},"featured_image_urls":{"full":["https:\/\/apuntesdesanluis.com\/wp-content\/uploads\/2024\/02\/Pena-1.jpg",622,316,false],"thumbnail":["https:\/\/apuntesdesanluis.com\/wp-content\/uploads\/2024\/02\/Pena-1-150x150.jpg",150,150,true],"medium":["https:\/\/apuntesdesanluis.com\/wp-content\/uploads\/2024\/02\/Pena-1-300x152.jpg",300,152,true],"medium_large":["https:\/\/apuntesdesanluis.com\/wp-content\/uploads\/2024\/02\/Pena-1.jpg",622,316,false],"large":["https:\/\/apuntesdesanluis.com\/wp-content\/uploads\/2024\/02\/Pena-1.jpg",622,316,false],"1536x1536":["https:\/\/apuntesdesanluis.com\/wp-content\/uploads\/2024\/02\/Pena-1.jpg",622,316,false],"2048x2048":["https:\/\/apuntesdesanluis.com\/wp-content\/uploads\/2024\/02\/Pena-1.jpg",622,316,false],"newsever-slider-full":["https:\/\/apuntesdesanluis.com\/wp-content\/uploads\/2024\/02\/Pena-1.jpg",622,316,false],"newsever-featured":["https:\/\/apuntesdesanluis.com\/wp-content\/uploads\/2024\/02\/Pena-1.jpg",622,316,false],"newsever-medium":["https:\/\/apuntesdesanluis.com\/wp-content\/uploads\/2024\/02\/Pena-1.jpg",622,316,false]},"author_info":{"display_name":"apuntesdesanluis.com","author_link":"https:\/\/apuntesdesanluis.com\/index.php\/author\/apuntesdesanluis-com\/"},"category_info":"<a href=\"https:\/\/apuntesdesanluis.com\/index.php\/category\/ciudad-provincia\/\" rel=\"category tag\">Ciudad\/Provincia<\/a>","tag_info":"Ciudad\/Provincia","comment_count":"0","_links":{"self":[{"href":"https:\/\/apuntesdesanluis.com\/index.php\/wp-json\/wp\/v2\/posts\/12138","targetHints":{"allow":["GET"]}}],"collection":[{"href":"https:\/\/apuntesdesanluis.com\/index.php\/wp-json\/wp\/v2\/posts"}],"about":[{"href":"https:\/\/apuntesdesanluis.com\/index.php\/wp-json\/wp\/v2\/types\/post"}],"author":[{"embeddable":true,"href":"https:\/\/apuntesdesanluis.com\/index.php\/wp-json\/wp\/v2\/users\/1"}],"replies":[{"embeddable":true,"href":"https:\/\/apuntesdesanluis.com\/index.php\/wp-json\/wp\/v2\/comments?post=12138"}],"version-history":[{"count":3,"href":"https:\/\/apuntesdesanluis.com\/index.php\/wp-json\/wp\/v2\/posts\/12138\/revisions"}],"predecessor-version":[{"id":12208,"href":"https:\/\/apuntesdesanluis.com\/index.php\/wp-json\/wp\/v2\/posts\/12138\/revisions\/12208"}],"wp:featuredmedia":[{"embeddable":true,"href":"https:\/\/apuntesdesanluis.com\/index.php\/wp-json\/wp\/v2\/media\/12139"}],"wp:attachment":[{"href":"https:\/\/apuntesdesanluis.com\/index.php\/wp-json\/wp\/v2\/media?parent=12138"}],"wp:term":[{"taxonomy":"category","embeddable":true,"href":"https:\/\/apuntesdesanluis.com\/index.php\/wp-json\/wp\/v2\/categories?post=12138"},{"taxonomy":"post_tag","embeddable":true,"href":"https:\/\/apuntesdesanluis.com\/index.php\/wp-json\/wp\/v2\/tags?post=12138"}],"curies":[{"name":"wp","href":"https:\/\/api.w.org\/{rel}","templated":true}]}}