{"id":12145,"date":"2024-02-22T21:03:44","date_gmt":"2024-02-23T00:03:44","guid":{"rendered":"https:\/\/apuntesdesanluis.com\/?p=12145"},"modified":"2024-02-22T21:04:07","modified_gmt":"2024-02-23T00:04:07","slug":"caso-zoe-prorrogan-detencion-de-los-dos-imputados-y-suman-evidencias","status":"publish","type":"post","link":"https:\/\/apuntesdesanluis.com\/index.php\/2024\/02\/22\/caso-zoe-prorrogan-detencion-de-los-dos-imputados-y-suman-evidencias\/","title":{"rendered":"CASO ZOE: PR\u00d3RROGAN DETENCI\u00d3N DE LOS DOS IMPUTADOS Y SUMAN EVIDENCIAS"},"content":{"rendered":"<h3>El juez subrogante del Juzgado de Garant\u00edas N\u00b0 4, Marcos Flores Leyes, concedi\u00f3 este jueves los ocho d\u00edas de pr\u00f3rroga solicitados por las defensas de <strong>Adri\u00e1n Rodr\u00edguez<\/strong> y <strong>Leandro Oses<\/strong>, imputados por la muerte de <strong>Zoe P\u00e9rez<\/strong>, de 17 a\u00f1os, ocurrida el 20 de febrero en la ciudad de La Toma. Los acusados se abstuvieron de declarar y permanecer\u00e1n alojados en sede policial.<\/h3>\n<p><img fetchpriority=\"high\" decoding=\"async\" class=\"wp-image-11991 aligncenter\" src=\"https:\/\/apuntesdesanluis.com\/wp-content\/uploads\/2024\/02\/ZOE-PEREZ-300x191.png\" alt=\"\" width=\"562\" height=\"358\" srcset=\"https:\/\/apuntesdesanluis.com\/wp-content\/uploads\/2024\/02\/ZOE-PEREZ-300x191.png 300w, https:\/\/apuntesdesanluis.com\/wp-content\/uploads\/2024\/02\/ZOE-PEREZ.png 513w\" sizes=\"(max-width: 562px) 100vw, 562px\" \/><\/p>\n<h3>La Fiscal\u00eda de Instrucci\u00f3n Penal con intervenci\u00f3n en contexto de g\u00e9nero, diversidad sexual, infancias y adultos mayores, representada por la fiscal <strong>Mar\u00eda del Valle Dur\u00e1n<\/strong>, y la fiscal adjunta, <strong>Antonella Romagnoli<\/strong>, solicit\u00f3 que a los hombres de 31 y 24 a\u00f1os se les dicte la prisi\u00f3n preventiva por 120 d\u00edas y acus\u00f3 a Rodr\u00edguez de homicidio doblemente agravado por el v\u00ednculo y por el g\u00e9nero y a Oses de coautor de homicidio agravado por el g\u00e9nero.<\/h3>\n<p><img decoding=\"async\" class=\"wp-image-12147 aligncenter\" src=\"https:\/\/apuntesdesanluis.com\/wp-content\/uploads\/2024\/02\/FISCALIA-1-300x125.png\" alt=\"\" width=\"660\" height=\"275\" srcset=\"https:\/\/apuntesdesanluis.com\/wp-content\/uploads\/2024\/02\/FISCALIA-1-300x125.png 300w, https:\/\/apuntesdesanluis.com\/wp-content\/uploads\/2024\/02\/FISCALIA-1.png 600w\" sizes=\"(max-width: 660px) 100vw, 660px\" \/><\/p>\n<h3>Vencido el plazo de los ocho d\u00edas, o si los defensores lo deciden interrumpir antes, se continuar\u00e1 con la audiencia de formulaci\u00f3n de cargos y el magistrado deber\u00e1 resolver la situaci\u00f3n procesal de ambos acusados.<\/h3>\n<h3>El pedido de los abogados Guillermo Levingston y Miguel Orozco, representantes de Oses; y de la Defensora en lo Penal N\u00b0 2, Nadia Ag\u00fandez, est\u00e1 previsto en el art\u00edculo 40 de la Constituci\u00f3n Provincial y es un beneficio que puede pedir una persona imputada si estima que ello puede favorecer a su defensa.<\/h3>\n<h3>\u201cLa calificaci\u00f3n legal es provisoria sujeto a lo que surja de la investigaci\u00f3n y cuya modificaci\u00f3n de hechos como de calificaci\u00f3n ser\u00e1 puesta en conocimiento de la defensa\u201d, dijo Dur\u00e1n.<\/h3>\n<h3>Para fundamentar el pedido de la medida coercitiva, la fiscal mencion\u00f3 que existen riesgos procesales de fuga y de entorpecimiento de la investigaci\u00f3n. \u201cDe fuga por la gravedad del delito atribuido y la solidez de la imputaci\u00f3n. No es un dato menor que ambos ciudadanos no son oriundos de San Luis, Oses es de Buenos Aires y Rodr\u00edguez de Tierra del Fuego. Tienen trabajo, pero no registrado ni estable, y ninguno de los dos tiene familia ni hijos\u201d, sostuvo la funcionaria judicial.<\/h3>\n<h3>Respecto al riesgo de entorpecimiento, Dur\u00e1n expres\u00f3 que se trata de una causa sensible, que ocurri\u00f3 en una localidad de 9 mil personas y donde todos se conocen. \u201cEsto puede influir en la declaraci\u00f3n de los testigos y familiares si los imputados quedan libres durante el proceso. Tambi\u00e9n se debe atender el comportamiento de los acusados: Rodr\u00edguez neg\u00f3 tres veces que Zoe estuviera en el lugar cuando ya estaba muerta en ese lugar. Y Oses le minti\u00f3 a su hermano y a su empleador que no se encontraba en La Toma\u201d, narr\u00f3 la fiscal.<\/h3>\n<h3>Y agreg\u00f3: \u201cExiste un riesgo real donde ha muerto una mujer menor en circunstancias de violencia y dentro de la vivienda del imputado y donde tambi\u00e9n estaba el otro imputado, quienes fueron los \u00faltimos que la vieron con vida, entonces necesito que se cautele ese proceso, que se cautele la declaraci\u00f3n respectiva y tambi\u00e9n fundamentalmente la presencia de ellos dos en el lugar de la investigaci\u00f3n\u201d.<\/h3>\n<p><a href=\"https:\/\/youtu.be\/EB6CL-2GmMA\">https:\/\/youtu.be\/EB6CL-2GmMA<\/a><\/p>\n<h3><strong>LA TEOR\u00cdA DEL CASO DE LA FISCAL\u00cdA<\/strong><\/h3>\n<h3>\u201cEl 20 de febrero de 2024, entre las 10 y 11:30 horas, <strong>Zoe Abigail P\u00e9rez<\/strong>, de 17 a\u00f1os, deportista, sin enfermedades de base, fallece dentro de la vivienda en la que estaban los imputados\u201d, relat\u00f3 la fiscal, quien lleg\u00f3 a la audiencia acompa\u00f1ada de su fiscal adjunta Romagnoli y todo el equipo de la Fiscal\u00eda de Instrucci\u00f3n Especializada.<\/h3>\n<h3>De acuerdo a los datos que pudo recabar, doce horas antes, Zoe se encontraba en el Club Pringles con Rodr\u00edguez y Oses. Tomaban mate y miraban un partido de v\u00f3ley. A las 22:40 horas se retiran del lugar junto a una amiga, quien se ofrece a llevarlos a una plaza. Rodr\u00edguez los invita a su casa y luego de insistirles varias veces, logra que Zoe y Oses vayan hacia su casa ubicada sobre calle Inti Huasi al 1000, en el Barrio Barrancas.<\/h3>\n<h3>En ese lugar hay una vivienda principal y m\u00e1s atr\u00e1s un peque\u00f1o departamento que alquila Rodr\u00edguez. All\u00ed se quedaron los tres, tomando bebidas y jugando juegos de videos toda la noche.<\/h3>\n<h3>\u201cTenemos acreditado que a las 10 lleg\u00f3 hasta esa casa Nahuel, hermano de Zoe. Rodr\u00edguez no lo hizo pasar y le dijo que no se encontraba. Lo mismo le dijo al padre de Zoe y a una amiga de la v\u00edctima. En todas las oportunidades, Rodr\u00edguez les dijo que Zoe hab\u00eda estado all\u00ed pero que se hab\u00eda ido hace rato\u201d, dijo Dur\u00e1n.<\/h3>\n<h3>\u201cA las 11:25 horas, R.F., profesor del gimnasio de Zoe y el imputado, recibi\u00f3 un mensaje de Rodr\u00edguez que le ped\u00eda insistentemente que fuera hasta su casa. Cinco minutos despu\u00e9s, el profesor llega al departamento y ve que la v\u00edctima se encontraba sobre una cama, boca arriba, sin vida. Este profesor sali\u00f3 del lugar y dio aviso a la polic\u00eda\u201d, relat\u00f3 la fiscal.<\/h3>\n<h3>Esa ma\u00f1ana, seg\u00fan la investigaci\u00f3n de Fiscal\u00eda, los imputados no fueron a trabajar. Oses llam\u00f3 a su hermano F. O. y le dijo que estaba en San Luis y que hab\u00eda perdido el colectivo para regresar a La Toma. Luego los hermanos se vuelven a comunicar y F. O. le pregunta por Rodr\u00edguez porque \u201cle estaba mandando mensajes raros\u201d, cont\u00f3 la fiscal, a lo que el imputado le contesta que Rodr\u00edguez \u201chab\u00eda encontrado a Zoe cortada\u201d.<\/h3>\n<h3>El abogado querellante, Esteban Bustos, adhiri\u00f3 a los dichos de la fiscal y dijo que los imputados \u201cintentaron alterar la escena del crimen para lograr la impunidad\u201d.<\/h3>\n<p><img decoding=\"async\" class=\"wp-image-12148 aligncenter\" src=\"https:\/\/apuntesdesanluis.com\/wp-content\/uploads\/2024\/02\/JUEZ-FLORES-300x149.png\" alt=\"\" width=\"598\" height=\"297\" srcset=\"https:\/\/apuntesdesanluis.com\/wp-content\/uploads\/2024\/02\/JUEZ-FLORES-300x149.png 300w, https:\/\/apuntesdesanluis.com\/wp-content\/uploads\/2024\/02\/JUEZ-FLORES.png 600w\" sizes=\"(max-width: 598px) 100vw, 598px\" \/><\/p>\n<h3><strong>EL INFORME DE LA FORENSE<\/strong><\/h3>\n<h3>La fiscal de Instrucci\u00f3n dijo que toda la evidencia recolectada le da el sustento para sospechar que Leandro Oses y Adri\u00e1n Rodr\u00edguez fueron los autores de la muerte de Zoe P\u00e9rez a quien le habr\u00edan producido numerosas lesiones en el cuerpo, seg\u00fan surge del informe forense, y finalmente fue asfixiada, obstruy\u00e9ndole las v\u00edas a\u00e9reas.<\/h3>\n<h3>\u201cDe la necropsia que realiz\u00f3 la Doctora Patricia Gallardo surge presencia de signos macrosc\u00f3picos de asfixia en \u00f3rganos externos, infiltrado hem\u00e1tico en el coraz\u00f3n, lesiones en genitales que podr\u00edan haberse producido en un acto sexual y lesiones externas en miembros superiores que podr\u00edan ser considerados como lesiones de defensa. Hemos tenido en cuenta que tanto Oses como Rodr\u00edguez presentan escoriaciones y otras lesiones en el cuerpo\u201d, enumer\u00f3 Dur\u00e1n.<\/h3>\n<h3><strong>SOBRE LA DETENCI\u00d3N DE OSES<\/strong><\/h3>\n<h3>Al inicio de la audiencia, la defensa de Oses, representada por Guillermo Levingston y Miguel Orozco, solicit\u00f3 la recusaci\u00f3n de la fiscal Dur\u00e1n y mencion\u00f3 una denuncia presentada contra ella, y efectivos de la Comisar\u00eda 39\u00b0 y de Homicidios.<\/h3>\n<h3>Orozco dijo que hubo irregularidades en la detenci\u00f3n de su defendido y en el procedimiento de la Polic\u00eda. \u201cQuiero que se respeten las garant\u00edas constitucionales de mi cliente, nunca supe d\u00f3nde estaba detenido. Este proceso est\u00e1 viciado y solicito que la fiscal se aparte y se designe a otra fiscal\u00eda\u201d, sostuvo el abogado.<\/h3>\n<h3>El juez rechaz\u00f3 el planteo por improcedente porque deb\u00eda realizarse por escrito ante la Fiscal\u00eda de Juicio. La fiscal Dur\u00e1n explic\u00f3 que Oses fue demorado en el lugar del hecho, afuera de la casa, ya que con Rodr\u00edguez fueron las \u00faltimas personas que vieron con vida a Zoe P\u00e9rez.<\/h3>\n<h3>\u201cEstando con la Dra. Romagnoli en el lugar, una gran cantidad de personas intentaron entorpecer la investigaci\u00f3n a fin de poder llegar a los imputados y lesionarlos. Arrojaron piedras y pusieron en riesgo tanto a la polic\u00eda como a nosotras. No se pudo realizar el procedimiento porque toda esa gente tambi\u00e9n se dirigi\u00f3 a la comisar\u00eda. Por eso cuando recibo el sumario veo que en el acta dec\u00eda 21 horas, cuando en realidad fue a las 13. Ante esa irregularidad me comunico con la Polic\u00eda de La Toma y me explican que la hora real hab\u00eda sido la del mediod\u00eda, pero la hora que consignaron en el acta fue la hora que pudieron terminar los tr\u00e1mites de la detenci\u00f3n y que debieron realizar en Concar\u00e1n para resguardo del imputado\u201d, explic\u00f3 Dur\u00e1n.<\/h3>\n<h3>Y agreg\u00f3: \u201cEntiendo lo que pas\u00f3, pero no me parec\u00eda que estuviera bien el acta de detenci\u00f3n con ese horario. Me pareci\u00f3 que no era clara y deb\u00edan liberar a Oses. Eso fue alrededor de las 10 de la ma\u00f1ana. En el transcurso del d\u00eda entrevistamos a varias personas y sumamos mucha evidencia que me hac\u00eda sospechar de una posible autor\u00eda, m\u00e1s la planilla de antecedentes, decid\u00ed emitir una orden de detenci\u00f3n por escrito para Oses\u201d.<\/h3>\n<h3><strong>EVIDENCIAS QUE RESTAN INCORPORAR<\/strong><\/h3>\n<h3>La representante del Ministerio P\u00fablico Fiscal dijo que es mucha la evidencia que ha sustentado los hechos narrados durante la teor\u00eda del caso: actas de procedimiento y de secuestro de ropa, informes m\u00e9dicos, entrevistas con testigos, el informe de autopsia, entre otros documentos.<\/h3>\n<h3>Asimismo, sostuvo que restan producir medidas como los informes de Polic\u00eda Cient\u00edfica con respecto al levantamiento de huellas y prueba Luminol; el informe de las c\u00e1maras p\u00fablicas y privadas, informes de ADN e hisopados, pericias en tel\u00e9fonos y entrevistas testimoniales, entre otras.<\/h3>\n<h3><\/h3>\n<p>&nbsp;<\/p>\n<p>&nbsp;<\/p>\n<h3><\/h3>\n","protected":false},"excerpt":{"rendered":"<p>El juez subrogante del Juzgado de Garant\u00edas N\u00b0 4, Marcos Flores Leyes, concedi\u00f3 este jueves&#8230;<\/p>\n","protected":false},"author":1,"featured_media":12146,"comment_status":"closed","ping_status":"closed","sticky":false,"template":"","format":"standard","meta":{"footnotes":""},"categories":[6],"tags":[],"class_list":["post-12145","post","type-post","status-publish","format-standard","has-post-thumbnail","hentry","category-ciudad-provincia"],"yoast_head":"<!-- This site is optimized with the Yoast SEO plugin v26.1.1 - https:\/\/yoast.com\/wordpress\/plugins\/seo\/ -->\n<title>CASO ZOE: PR\u00d3RROGAN DETENCI\u00d3N DE LOS DOS IMPUTADOS Y SUMAN EVIDENCIAS - Apuntes de San Luis<\/title>\n<meta name=\"robots\" content=\"index, follow, max-snippet:-1, max-image-preview:large, max-video-preview:-1\" \/>\n<link rel=\"canonical\" href=\"https:\/\/apuntesdesanluis.com\/index.php\/2024\/02\/22\/caso-zoe-prorrogan-detencion-de-los-dos-imputados-y-suman-evidencias\/\" \/>\n<meta property=\"og:locale\" content=\"es_ES\" \/>\n<meta property=\"og:type\" content=\"article\" \/>\n<meta property=\"og:title\" content=\"CASO ZOE: PR\u00d3RROGAN DETENCI\u00d3N DE LOS DOS IMPUTADOS Y SUMAN EVIDENCIAS - Apuntes de San Luis\" \/>\n<meta property=\"og:description\" content=\"El juez subrogante del Juzgado de Garant\u00edas N\u00b0 4, Marcos Flores Leyes, concedi\u00f3 este jueves...\" \/>\n<meta property=\"og:url\" content=\"https:\/\/apuntesdesanluis.com\/index.php\/2024\/02\/22\/caso-zoe-prorrogan-detencion-de-los-dos-imputados-y-suman-evidencias\/\" \/>\n<meta property=\"og:site_name\" content=\"Apuntes de San Luis\" \/>\n<meta property=\"article:published_time\" content=\"2024-02-23T00:03:44+00:00\" \/>\n<meta property=\"article:modified_time\" content=\"2024-02-23T00:04:07+00:00\" \/>\n<meta property=\"og:image\" content=\"https:\/\/apuntesdesanluis.com\/wp-content\/uploads\/2024\/02\/audiencia-caso-zoe.png\" \/>\n\t<meta property=\"og:image:width\" content=\"600\" \/>\n\t<meta property=\"og:image:height\" content=\"351\" \/>\n\t<meta property=\"og:image:type\" content=\"image\/png\" \/>\n<meta name=\"author\" content=\"apuntesdesanluis.com\" \/>\n<meta name=\"twitter:card\" content=\"summary_large_image\" \/>\n<meta name=\"twitter:label1\" content=\"Escrito por\" \/>\n\t<meta name=\"twitter:data1\" content=\"apuntesdesanluis.com\" \/>\n\t<meta name=\"twitter:label2\" content=\"Tiempo de lectura\" \/>\n\t<meta name=\"twitter:data2\" content=\"8 minutos\" \/>\n<script type=\"application\/ld+json\" class=\"yoast-schema-graph\">{\"@context\":\"https:\/\/schema.org\",\"@graph\":[{\"@type\":\"Article\",\"@id\":\"https:\/\/apuntesdesanluis.com\/index.php\/2024\/02\/22\/caso-zoe-prorrogan-detencion-de-los-dos-imputados-y-suman-evidencias\/#article\",\"isPartOf\":{\"@id\":\"https:\/\/apuntesdesanluis.com\/index.php\/2024\/02\/22\/caso-zoe-prorrogan-detencion-de-los-dos-imputados-y-suman-evidencias\/\"},\"author\":{\"name\":\"apuntesdesanluis.com\",\"@id\":\"https:\/\/apuntesdesanluis.com\/#\/schema\/person\/b55151d52296fcce64d1a72538a70b90\"},\"headline\":\"CASO ZOE: PR\u00d3RROGAN DETENCI\u00d3N DE LOS DOS IMPUTADOS Y SUMAN EVIDENCIAS\",\"datePublished\":\"2024-02-23T00:03:44+00:00\",\"dateModified\":\"2024-02-23T00:04:07+00:00\",\"mainEntityOfPage\":{\"@id\":\"https:\/\/apuntesdesanluis.com\/index.php\/2024\/02\/22\/caso-zoe-prorrogan-detencion-de-los-dos-imputados-y-suman-evidencias\/\"},\"wordCount\":1611,\"publisher\":{\"@id\":\"https:\/\/apuntesdesanluis.com\/#\/schema\/person\/b55151d52296fcce64d1a72538a70b90\"},\"image\":{\"@id\":\"https:\/\/apuntesdesanluis.com\/index.php\/2024\/02\/22\/caso-zoe-prorrogan-detencion-de-los-dos-imputados-y-suman-evidencias\/#primaryimage\"},\"thumbnailUrl\":\"https:\/\/apuntesdesanluis.com\/wp-content\/uploads\/2024\/02\/audiencia-caso-zoe.png\",\"articleSection\":[\"Ciudad\/Provincia\"],\"inLanguage\":\"es-AR\"},{\"@type\":\"WebPage\",\"@id\":\"https:\/\/apuntesdesanluis.com\/index.php\/2024\/02\/22\/caso-zoe-prorrogan-detencion-de-los-dos-imputados-y-suman-evidencias\/\",\"url\":\"https:\/\/apuntesdesanluis.com\/index.php\/2024\/02\/22\/caso-zoe-prorrogan-detencion-de-los-dos-imputados-y-suman-evidencias\/\",\"name\":\"CASO ZOE: PR\u00d3RROGAN DETENCI\u00d3N DE LOS DOS IMPUTADOS Y SUMAN EVIDENCIAS - Apuntes de San Luis\",\"isPartOf\":{\"@id\":\"https:\/\/apuntesdesanluis.com\/#website\"},\"primaryImageOfPage\":{\"@id\":\"https:\/\/apuntesdesanluis.com\/index.php\/2024\/02\/22\/caso-zoe-prorrogan-detencion-de-los-dos-imputados-y-suman-evidencias\/#primaryimage\"},\"image\":{\"@id\":\"https:\/\/apuntesdesanluis.com\/index.php\/2024\/02\/22\/caso-zoe-prorrogan-detencion-de-los-dos-imputados-y-suman-evidencias\/#primaryimage\"},\"thumbnailUrl\":\"https:\/\/apuntesdesanluis.com\/wp-content\/uploads\/2024\/02\/audiencia-caso-zoe.png\",\"datePublished\":\"2024-02-23T00:03:44+00:00\",\"dateModified\":\"2024-02-23T00:04:07+00:00\",\"breadcrumb\":{\"@id\":\"https:\/\/apuntesdesanluis.com\/index.php\/2024\/02\/22\/caso-zoe-prorrogan-detencion-de-los-dos-imputados-y-suman-evidencias\/#breadcrumb\"},\"inLanguage\":\"es-AR\",\"potentialAction\":[{\"@type\":\"ReadAction\",\"target\":[\"https:\/\/apuntesdesanluis.com\/index.php\/2024\/02\/22\/caso-zoe-prorrogan-detencion-de-los-dos-imputados-y-suman-evidencias\/\"]}]},{\"@type\":\"ImageObject\",\"inLanguage\":\"es-AR\",\"@id\":\"https:\/\/apuntesdesanluis.com\/index.php\/2024\/02\/22\/caso-zoe-prorrogan-detencion-de-los-dos-imputados-y-suman-evidencias\/#primaryimage\",\"url\":\"https:\/\/apuntesdesanluis.com\/wp-content\/uploads\/2024\/02\/audiencia-caso-zoe.png\",\"contentUrl\":\"https:\/\/apuntesdesanluis.com\/wp-content\/uploads\/2024\/02\/audiencia-caso-zoe.png\",\"width\":600,\"height\":351},{\"@type\":\"BreadcrumbList\",\"@id\":\"https:\/\/apuntesdesanluis.com\/index.php\/2024\/02\/22\/caso-zoe-prorrogan-detencion-de-los-dos-imputados-y-suman-evidencias\/#breadcrumb\",\"itemListElement\":[{\"@type\":\"ListItem\",\"position\":1,\"name\":\"Inicio\",\"item\":\"https:\/\/apuntesdesanluis.com\/\"},{\"@type\":\"ListItem\",\"position\":2,\"name\":\"CASO ZOE: PR\u00d3RROGAN DETENCI\u00d3N DE LOS DOS IMPUTADOS Y SUMAN EVIDENCIAS\"}]},{\"@type\":\"WebSite\",\"@id\":\"https:\/\/apuntesdesanluis.com\/#website\",\"url\":\"https:\/\/apuntesdesanluis.com\/\",\"name\":\"Apuntes de San Luis\",\"description\":\"\",\"publisher\":{\"@id\":\"https:\/\/apuntesdesanluis.com\/#\/schema\/person\/b55151d52296fcce64d1a72538a70b90\"},\"potentialAction\":[{\"@type\":\"SearchAction\",\"target\":{\"@type\":\"EntryPoint\",\"urlTemplate\":\"https:\/\/apuntesdesanluis.com\/?s={search_term_string}\"},\"query-input\":{\"@type\":\"PropertyValueSpecification\",\"valueRequired\":true,\"valueName\":\"search_term_string\"}}],\"inLanguage\":\"es-AR\"},{\"@type\":[\"Person\",\"Organization\"],\"@id\":\"https:\/\/apuntesdesanluis.com\/#\/schema\/person\/b55151d52296fcce64d1a72538a70b90\",\"name\":\"apuntesdesanluis.com\",\"image\":{\"@type\":\"ImageObject\",\"inLanguage\":\"es-AR\",\"@id\":\"https:\/\/apuntesdesanluis.com\/#\/schema\/person\/image\/\",\"url\":\"https:\/\/apuntesdesanluis.com\/wp-content\/uploads\/2023\/07\/cropped-apuntesdesanluis.png\",\"contentUrl\":\"https:\/\/apuntesdesanluis.com\/wp-content\/uploads\/2023\/07\/cropped-apuntesdesanluis.png\",\"width\":450,\"height\":112,\"caption\":\"apuntesdesanluis.com\"},\"logo\":{\"@id\":\"https:\/\/apuntesdesanluis.com\/#\/schema\/person\/image\/\"},\"sameAs\":[\"https:\/\/apuntesdesanluis.com\"],\"url\":\"https:\/\/apuntesdesanluis.com\/index.php\/author\/apuntesdesanluis-com\/\"}]}<\/script>\n<!-- \/ Yoast SEO plugin. -->","yoast_head_json":{"title":"CASO ZOE: PR\u00d3RROGAN DETENCI\u00d3N DE LOS DOS IMPUTADOS Y SUMAN EVIDENCIAS - Apuntes de San Luis","robots":{"index":"index","follow":"follow","max-snippet":"max-snippet:-1","max-image-preview":"max-image-preview:large","max-video-preview":"max-video-preview:-1"},"canonical":"https:\/\/apuntesdesanluis.com\/index.php\/2024\/02\/22\/caso-zoe-prorrogan-detencion-de-los-dos-imputados-y-suman-evidencias\/","og_locale":"es_ES","og_type":"article","og_title":"CASO ZOE: PR\u00d3RROGAN DETENCI\u00d3N DE LOS DOS IMPUTADOS Y SUMAN EVIDENCIAS - Apuntes de San Luis","og_description":"El juez subrogante del Juzgado de Garant\u00edas N\u00b0 4, Marcos Flores Leyes, concedi\u00f3 este jueves...","og_url":"https:\/\/apuntesdesanluis.com\/index.php\/2024\/02\/22\/caso-zoe-prorrogan-detencion-de-los-dos-imputados-y-suman-evidencias\/","og_site_name":"Apuntes de San Luis","article_published_time":"2024-02-23T00:03:44+00:00","article_modified_time":"2024-02-23T00:04:07+00:00","og_image":[{"width":600,"height":351,"url":"https:\/\/apuntesdesanluis.com\/wp-content\/uploads\/2024\/02\/audiencia-caso-zoe.png","type":"image\/png"}],"author":"apuntesdesanluis.com","twitter_card":"summary_large_image","twitter_misc":{"Escrito por":"apuntesdesanluis.com","Tiempo de lectura":"8 minutos"},"schema":{"@context":"https:\/\/schema.org","@graph":[{"@type":"Article","@id":"https:\/\/apuntesdesanluis.com\/index.php\/2024\/02\/22\/caso-zoe-prorrogan-detencion-de-los-dos-imputados-y-suman-evidencias\/#article","isPartOf":{"@id":"https:\/\/apuntesdesanluis.com\/index.php\/2024\/02\/22\/caso-zoe-prorrogan-detencion-de-los-dos-imputados-y-suman-evidencias\/"},"author":{"name":"apuntesdesanluis.com","@id":"https:\/\/apuntesdesanluis.com\/#\/schema\/person\/b55151d52296fcce64d1a72538a70b90"},"headline":"CASO ZOE: PR\u00d3RROGAN DETENCI\u00d3N DE LOS DOS IMPUTADOS Y SUMAN EVIDENCIAS","datePublished":"2024-02-23T00:03:44+00:00","dateModified":"2024-02-23T00:04:07+00:00","mainEntityOfPage":{"@id":"https:\/\/apuntesdesanluis.com\/index.php\/2024\/02\/22\/caso-zoe-prorrogan-detencion-de-los-dos-imputados-y-suman-evidencias\/"},"wordCount":1611,"publisher":{"@id":"https:\/\/apuntesdesanluis.com\/#\/schema\/person\/b55151d52296fcce64d1a72538a70b90"},"image":{"@id":"https:\/\/apuntesdesanluis.com\/index.php\/2024\/02\/22\/caso-zoe-prorrogan-detencion-de-los-dos-imputados-y-suman-evidencias\/#primaryimage"},"thumbnailUrl":"https:\/\/apuntesdesanluis.com\/wp-content\/uploads\/2024\/02\/audiencia-caso-zoe.png","articleSection":["Ciudad\/Provincia"],"inLanguage":"es-AR"},{"@type":"WebPage","@id":"https:\/\/apuntesdesanluis.com\/index.php\/2024\/02\/22\/caso-zoe-prorrogan-detencion-de-los-dos-imputados-y-suman-evidencias\/","url":"https:\/\/apuntesdesanluis.com\/index.php\/2024\/02\/22\/caso-zoe-prorrogan-detencion-de-los-dos-imputados-y-suman-evidencias\/","name":"CASO ZOE: PR\u00d3RROGAN DETENCI\u00d3N DE LOS DOS IMPUTADOS Y SUMAN EVIDENCIAS - Apuntes de San Luis","isPartOf":{"@id":"https:\/\/apuntesdesanluis.com\/#website"},"primaryImageOfPage":{"@id":"https:\/\/apuntesdesanluis.com\/index.php\/2024\/02\/22\/caso-zoe-prorrogan-detencion-de-los-dos-imputados-y-suman-evidencias\/#primaryimage"},"image":{"@id":"https:\/\/apuntesdesanluis.com\/index.php\/2024\/02\/22\/caso-zoe-prorrogan-detencion-de-los-dos-imputados-y-suman-evidencias\/#primaryimage"},"thumbnailUrl":"https:\/\/apuntesdesanluis.com\/wp-content\/uploads\/2024\/02\/audiencia-caso-zoe.png","datePublished":"2024-02-23T00:03:44+00:00","dateModified":"2024-02-23T00:04:07+00:00","breadcrumb":{"@id":"https:\/\/apuntesdesanluis.com\/index.php\/2024\/02\/22\/caso-zoe-prorrogan-detencion-de-los-dos-imputados-y-suman-evidencias\/#breadcrumb"},"inLanguage":"es-AR","potentialAction":[{"@type":"ReadAction","target":["https:\/\/apuntesdesanluis.com\/index.php\/2024\/02\/22\/caso-zoe-prorrogan-detencion-de-los-dos-imputados-y-suman-evidencias\/"]}]},{"@type":"ImageObject","inLanguage":"es-AR","@id":"https:\/\/apuntesdesanluis.com\/index.php\/2024\/02\/22\/caso-zoe-prorrogan-detencion-de-los-dos-imputados-y-suman-evidencias\/#primaryimage","url":"https:\/\/apuntesdesanluis.com\/wp-content\/uploads\/2024\/02\/audiencia-caso-zoe.png","contentUrl":"https:\/\/apuntesdesanluis.com\/wp-content\/uploads\/2024\/02\/audiencia-caso-zoe.png","width":600,"height":351},{"@type":"BreadcrumbList","@id":"https:\/\/apuntesdesanluis.com\/index.php\/2024\/02\/22\/caso-zoe-prorrogan-detencion-de-los-dos-imputados-y-suman-evidencias\/#breadcrumb","itemListElement":[{"@type":"ListItem","position":1,"name":"Inicio","item":"https:\/\/apuntesdesanluis.com\/"},{"@type":"ListItem","position":2,"name":"CASO ZOE: PR\u00d3RROGAN DETENCI\u00d3N DE LOS DOS IMPUTADOS Y SUMAN EVIDENCIAS"}]},{"@type":"WebSite","@id":"https:\/\/apuntesdesanluis.com\/#website","url":"https:\/\/apuntesdesanluis.com\/","name":"Apuntes de San Luis","description":"","publisher":{"@id":"https:\/\/apuntesdesanluis.com\/#\/schema\/person\/b55151d52296fcce64d1a72538a70b90"},"potentialAction":[{"@type":"SearchAction","target":{"@type":"EntryPoint","urlTemplate":"https:\/\/apuntesdesanluis.com\/?s={search_term_string}"},"query-input":{"@type":"PropertyValueSpecification","valueRequired":true,"valueName":"search_term_string"}}],"inLanguage":"es-AR"},{"@type":["Person","Organization"],"@id":"https:\/\/apuntesdesanluis.com\/#\/schema\/person\/b55151d52296fcce64d1a72538a70b90","name":"apuntesdesanluis.com","image":{"@type":"ImageObject","inLanguage":"es-AR","@id":"https:\/\/apuntesdesanluis.com\/#\/schema\/person\/image\/","url":"https:\/\/apuntesdesanluis.com\/wp-content\/uploads\/2023\/07\/cropped-apuntesdesanluis.png","contentUrl":"https:\/\/apuntesdesanluis.com\/wp-content\/uploads\/2023\/07\/cropped-apuntesdesanluis.png","width":450,"height":112,"caption":"apuntesdesanluis.com"},"logo":{"@id":"https:\/\/apuntesdesanluis.com\/#\/schema\/person\/image\/"},"sameAs":["https:\/\/apuntesdesanluis.com"],"url":"https:\/\/apuntesdesanluis.com\/index.php\/author\/apuntesdesanluis-com\/"}]}},"featured_image_urls":{"full":["https:\/\/apuntesdesanluis.com\/wp-content\/uploads\/2024\/02\/audiencia-caso-zoe.png",600,351,false],"thumbnail":["https:\/\/apuntesdesanluis.com\/wp-content\/uploads\/2024\/02\/audiencia-caso-zoe-150x150.png",150,150,true],"medium":["https:\/\/apuntesdesanluis.com\/wp-content\/uploads\/2024\/02\/audiencia-caso-zoe-300x176.png",300,176,true],"medium_large":["https:\/\/apuntesdesanluis.com\/wp-content\/uploads\/2024\/02\/audiencia-caso-zoe.png",600,351,false],"large":["https:\/\/apuntesdesanluis.com\/wp-content\/uploads\/2024\/02\/audiencia-caso-zoe.png",600,351,false],"1536x1536":["https:\/\/apuntesdesanluis.com\/wp-content\/uploads\/2024\/02\/audiencia-caso-zoe.png",600,351,false],"2048x2048":["https:\/\/apuntesdesanluis.com\/wp-content\/uploads\/2024\/02\/audiencia-caso-zoe.png",600,351,false],"newsever-slider-full":["https:\/\/apuntesdesanluis.com\/wp-content\/uploads\/2024\/02\/audiencia-caso-zoe.png",600,351,false],"newsever-featured":["https:\/\/apuntesdesanluis.com\/wp-content\/uploads\/2024\/02\/audiencia-caso-zoe.png",600,351,false],"newsever-medium":["https:\/\/apuntesdesanluis.com\/wp-content\/uploads\/2024\/02\/audiencia-caso-zoe.png",600,351,false]},"author_info":{"display_name":"apuntesdesanluis.com","author_link":"https:\/\/apuntesdesanluis.com\/index.php\/author\/apuntesdesanluis-com\/"},"category_info":"<a href=\"https:\/\/apuntesdesanluis.com\/index.php\/category\/ciudad-provincia\/\" rel=\"category tag\">Ciudad\/Provincia<\/a>","tag_info":"Ciudad\/Provincia","comment_count":"0","_links":{"self":[{"href":"https:\/\/apuntesdesanluis.com\/index.php\/wp-json\/wp\/v2\/posts\/12145","targetHints":{"allow":["GET"]}}],"collection":[{"href":"https:\/\/apuntesdesanluis.com\/index.php\/wp-json\/wp\/v2\/posts"}],"about":[{"href":"https:\/\/apuntesdesanluis.com\/index.php\/wp-json\/wp\/v2\/types\/post"}],"author":[{"embeddable":true,"href":"https:\/\/apuntesdesanluis.com\/index.php\/wp-json\/wp\/v2\/users\/1"}],"replies":[{"embeddable":true,"href":"https:\/\/apuntesdesanluis.com\/index.php\/wp-json\/wp\/v2\/comments?post=12145"}],"version-history":[{"count":2,"href":"https:\/\/apuntesdesanluis.com\/index.php\/wp-json\/wp\/v2\/posts\/12145\/revisions"}],"predecessor-version":[{"id":12150,"href":"https:\/\/apuntesdesanluis.com\/index.php\/wp-json\/wp\/v2\/posts\/12145\/revisions\/12150"}],"wp:featuredmedia":[{"embeddable":true,"href":"https:\/\/apuntesdesanluis.com\/index.php\/wp-json\/wp\/v2\/media\/12146"}],"wp:attachment":[{"href":"https:\/\/apuntesdesanluis.com\/index.php\/wp-json\/wp\/v2\/media?parent=12145"}],"wp:term":[{"taxonomy":"category","embeddable":true,"href":"https:\/\/apuntesdesanluis.com\/index.php\/wp-json\/wp\/v2\/categories?post=12145"},{"taxonomy":"post_tag","embeddable":true,"href":"https:\/\/apuntesdesanluis.com\/index.php\/wp-json\/wp\/v2\/tags?post=12145"}],"curies":[{"name":"wp","href":"https:\/\/api.w.org\/{rel}","templated":true}]}}