{"id":1216,"date":"2023-08-07T11:50:36","date_gmt":"2023-08-07T14:50:36","guid":{"rendered":"https:\/\/apuntesdesanluis.com\/?p=1216"},"modified":"2023-08-07T14:52:28","modified_gmt":"2023-08-07T17:52:28","slug":"no-hay-bolsillo-que-alcance-expreso-garcia-cuerva-en-la-homilia-por-san-cayetano","status":"publish","type":"post","link":"https:\/\/apuntesdesanluis.com\/index.php\/2023\/08\/07\/no-hay-bolsillo-que-alcance-expreso-garcia-cuerva-en-la-homilia-por-san-cayetano\/","title":{"rendered":"\u201cNO HAY BOLSILLO QUE ALCANCE\u201d, EXPRES\u00d3 GARC\u00cdA CUERVA EN LA HOMIL\u00cdA POR SAN CAYETANO"},"content":{"rendered":"<h3>En el marco de la misa principal por San Cayetano y a pocos d\u00edas de las elecciones PASO, el Arzobispo de Buenos Aires, <strong>Jorge Garc\u00eda Cuerva<\/strong>, exhort\u00f3 hoy a los feligreses a no conformarse con lo que tienen y a pedir por m\u00e1s pan y m\u00e1s trabajo.<\/h3>\n<h3>\u201cPor m\u00e1s que muchos tienen trabajo no alcanza, no hay bolsillo que alcance\u201d, enfatiz\u00f3 el Arzobispo al remarcar que si bien el \u00edndice de desempleo del primer trimestre, que lleg\u00f3 al 6,9%, puede ser m\u00e1s bajo que en otros per\u00edodos \u201cno hay que conformarse\u201d.<\/h3>\n<h3>La de hoy, fue la primera celebraci\u00f3n masiva que Garc\u00eda Cuerva ofici\u00f3 en un santuario luego de su asunci\u00f3n en el cargo, el 15 de julio. Ese d\u00eda presidi\u00f3 una misa frente a la Plaza Mayo, a la que asistieron el presidente Alberto Fern\u00e1ndez, parte del gabinete nacional y autoridades porte\u00f1as.<\/h3>\n<h3>\u201cSo\u00f1emos con m\u00e1s y mejor trabajo para todos y todas porque no existe peor pobreza que aquella que priva del trabajo y de la dignidad del trabajo a su pueblo\u201d, se\u00f1al\u00f3 este lunes frente a una multitud que se agolp\u00f3 en las puertas del Santuario de Liniers para escuchar su homil\u00eda.<\/h3>\n<h3>Luego, puso como ejemplo a aquellas personas que \u201ctrabajan en negro\u201d (como los cuidadores de enfermos o los recicladores urbanos) y que pasan muchas horas fueras de sus casas para llevar el pan a la mesa. \u201cCu\u00e1ntos hermanos viven situaciones de precariedad: trabajo mal pago, trabajo en negro, trabajo esclavo que aleja de familiares y amigos; y donde, adem\u00e1s, lo que te llevas al bolsillo se lo come la maldita inflaci\u00f3n\u201d.<\/h3>\n<h3>En ese contexto, Garc\u00eda Cuerva le pidi\u00f3 a San Cayetano \u201cun trabajo digno y bien remunerado\u201d para todos los argentinos. Y agreg\u00f3: \u201cTambi\u00e9n le pedimos paz para nuestro pueblo atravesado por la violencia de la inseguridad social y econ\u00f3mica; la inseguridad de no tener un futuro alentador, ni esperanzas para los hijos y nietos. Le pedimos pol\u00edticas p\u00fablicas que reconozcan el esfuerzo y la actividad de tantos hermanos que se desloman todos\u201d.<\/h3>\n<h3>Insisti\u00f3 en que los fieles le pidan por m\u00e1s y mejor pan a San Cayetano. \u201cAunque muchos tienen trabajo, no alcanza. Los alimentos, como todo, aumentan, y como dec\u00eda mi abuelo: \u2018No hay bolsillo que alcance\u2019. Y le pedimos a San Cayetano, mejor pan, porque tampoco nos podemos resignar a que nuestros chicos y familias m\u00e1s pobres vivan a polenta, fideos y arroz.<\/h3>\n<h3>Ante de finalizar su discurso, parafrase\u00f3 al Papa Francisco y exigi\u00f3 que se hagan realidad sus deseos: \u201cDijo que en una sociedad desarrollada, el trabajo es una dimensi\u00f3n irremediable de la vida social ya que no es un modo para ganarse el pan sino tambi\u00e9n un cauce para el crecimiento personal para establecer relaciones sana, establecerse a si mismo, para compartir dones y vivir como pueblo\u201d.<\/h3>\n","protected":false},"excerpt":{"rendered":"<p>En el marco de la misa principal por San Cayetano y a pocos d\u00edas de&#8230;<\/p>\n","protected":false},"author":1,"featured_media":1217,"comment_status":"closed","ping_status":"closed","sticky":false,"template":"","format":"standard","meta":{"footnotes":""},"categories":[5],"tags":[],"class_list":["post-1216","post","type-post","status-publish","format-standard","has-post-thumbnail","hentry","category-nacionales-internacionales"],"yoast_head":"<!-- This site is optimized with the Yoast SEO plugin v26.1.1 - https:\/\/yoast.com\/wordpress\/plugins\/seo\/ -->\n<title>\u201cNO HAY BOLSILLO QUE ALCANCE\u201d, EXPRES\u00d3 GARC\u00cdA CUERVA EN LA HOMIL\u00cdA POR SAN CAYETANO - Apuntes de San Luis<\/title>\n<meta name=\"robots\" content=\"index, follow, max-snippet:-1, max-image-preview:large, max-video-preview:-1\" \/>\n<link rel=\"canonical\" href=\"https:\/\/apuntesdesanluis.com\/index.php\/2023\/08\/07\/no-hay-bolsillo-que-alcance-expreso-garcia-cuerva-en-la-homilia-por-san-cayetano\/\" \/>\n<meta property=\"og:locale\" content=\"es_ES\" \/>\n<meta property=\"og:type\" content=\"article\" \/>\n<meta property=\"og:title\" content=\"\u201cNO HAY BOLSILLO QUE ALCANCE\u201d, EXPRES\u00d3 GARC\u00cdA CUERVA EN LA HOMIL\u00cdA POR SAN CAYETANO - Apuntes de San Luis\" \/>\n<meta property=\"og:description\" content=\"En el marco de la misa principal por San Cayetano y a pocos d\u00edas de...\" \/>\n<meta property=\"og:url\" content=\"https:\/\/apuntesdesanluis.com\/index.php\/2023\/08\/07\/no-hay-bolsillo-que-alcance-expreso-garcia-cuerva-en-la-homilia-por-san-cayetano\/\" \/>\n<meta property=\"og:site_name\" content=\"Apuntes de San Luis\" \/>\n<meta property=\"article:published_time\" content=\"2023-08-07T14:50:36+00:00\" \/>\n<meta property=\"article:modified_time\" content=\"2023-08-07T17:52:28+00:00\" \/>\n<meta property=\"og:image\" content=\"https:\/\/apuntesdesanluis.com\/wp-content\/uploads\/2023\/08\/arzobispo.png\" \/>\n\t<meta property=\"og:image:width\" content=\"656\" \/>\n\t<meta property=\"og:image:height\" content=\"436\" \/>\n\t<meta property=\"og:image:type\" content=\"image\/png\" \/>\n<meta name=\"author\" content=\"apuntesdesanluis.com\" \/>\n<meta name=\"twitter:card\" content=\"summary_large_image\" \/>\n<meta name=\"twitter:label1\" content=\"Escrito por\" \/>\n\t<meta name=\"twitter:data1\" content=\"apuntesdesanluis.com\" \/>\n\t<meta name=\"twitter:label2\" content=\"Tiempo de lectura\" \/>\n\t<meta name=\"twitter:data2\" content=\"3 minutos\" \/>\n<script type=\"application\/ld+json\" class=\"yoast-schema-graph\">{\"@context\":\"https:\/\/schema.org\",\"@graph\":[{\"@type\":\"Article\",\"@id\":\"https:\/\/apuntesdesanluis.com\/index.php\/2023\/08\/07\/no-hay-bolsillo-que-alcance-expreso-garcia-cuerva-en-la-homilia-por-san-cayetano\/#article\",\"isPartOf\":{\"@id\":\"https:\/\/apuntesdesanluis.com\/index.php\/2023\/08\/07\/no-hay-bolsillo-que-alcance-expreso-garcia-cuerva-en-la-homilia-por-san-cayetano\/\"},\"author\":{\"name\":\"apuntesdesanluis.com\",\"@id\":\"https:\/\/apuntesdesanluis.com\/#\/schema\/person\/b55151d52296fcce64d1a72538a70b90\"},\"headline\":\"\u201cNO HAY BOLSILLO QUE ALCANCE\u201d, EXPRES\u00d3 GARC\u00cdA CUERVA EN LA HOMIL\u00cdA POR SAN CAYETANO\",\"datePublished\":\"2023-08-07T14:50:36+00:00\",\"dateModified\":\"2023-08-07T17:52:28+00:00\",\"mainEntityOfPage\":{\"@id\":\"https:\/\/apuntesdesanluis.com\/index.php\/2023\/08\/07\/no-hay-bolsillo-que-alcance-expreso-garcia-cuerva-en-la-homilia-por-san-cayetano\/\"},\"wordCount\":509,\"publisher\":{\"@id\":\"https:\/\/apuntesdesanluis.com\/#\/schema\/person\/b55151d52296fcce64d1a72538a70b90\"},\"image\":{\"@id\":\"https:\/\/apuntesdesanluis.com\/index.php\/2023\/08\/07\/no-hay-bolsillo-que-alcance-expreso-garcia-cuerva-en-la-homilia-por-san-cayetano\/#primaryimage\"},\"thumbnailUrl\":\"https:\/\/apuntesdesanluis.com\/wp-content\/uploads\/2023\/08\/arzobispo.png\",\"articleSection\":[\"Nacionales\/Internacionales\"],\"inLanguage\":\"es-AR\"},{\"@type\":\"WebPage\",\"@id\":\"https:\/\/apuntesdesanluis.com\/index.php\/2023\/08\/07\/no-hay-bolsillo-que-alcance-expreso-garcia-cuerva-en-la-homilia-por-san-cayetano\/\",\"url\":\"https:\/\/apuntesdesanluis.com\/index.php\/2023\/08\/07\/no-hay-bolsillo-que-alcance-expreso-garcia-cuerva-en-la-homilia-por-san-cayetano\/\",\"name\":\"\u201cNO HAY BOLSILLO QUE ALCANCE\u201d, EXPRES\u00d3 GARC\u00cdA CUERVA EN LA HOMIL\u00cdA POR SAN CAYETANO - Apuntes de San Luis\",\"isPartOf\":{\"@id\":\"https:\/\/apuntesdesanluis.com\/#website\"},\"primaryImageOfPage\":{\"@id\":\"https:\/\/apuntesdesanluis.com\/index.php\/2023\/08\/07\/no-hay-bolsillo-que-alcance-expreso-garcia-cuerva-en-la-homilia-por-san-cayetano\/#primaryimage\"},\"image\":{\"@id\":\"https:\/\/apuntesdesanluis.com\/index.php\/2023\/08\/07\/no-hay-bolsillo-que-alcance-expreso-garcia-cuerva-en-la-homilia-por-san-cayetano\/#primaryimage\"},\"thumbnailUrl\":\"https:\/\/apuntesdesanluis.com\/wp-content\/uploads\/2023\/08\/arzobispo.png\",\"datePublished\":\"2023-08-07T14:50:36+00:00\",\"dateModified\":\"2023-08-07T17:52:28+00:00\",\"breadcrumb\":{\"@id\":\"https:\/\/apuntesdesanluis.com\/index.php\/2023\/08\/07\/no-hay-bolsillo-que-alcance-expreso-garcia-cuerva-en-la-homilia-por-san-cayetano\/#breadcrumb\"},\"inLanguage\":\"es-AR\",\"potentialAction\":[{\"@type\":\"ReadAction\",\"target\":[\"https:\/\/apuntesdesanluis.com\/index.php\/2023\/08\/07\/no-hay-bolsillo-que-alcance-expreso-garcia-cuerva-en-la-homilia-por-san-cayetano\/\"]}]},{\"@type\":\"ImageObject\",\"inLanguage\":\"es-AR\",\"@id\":\"https:\/\/apuntesdesanluis.com\/index.php\/2023\/08\/07\/no-hay-bolsillo-que-alcance-expreso-garcia-cuerva-en-la-homilia-por-san-cayetano\/#primaryimage\",\"url\":\"https:\/\/apuntesdesanluis.com\/wp-content\/uploads\/2023\/08\/arzobispo.png\",\"contentUrl\":\"https:\/\/apuntesdesanluis.com\/wp-content\/uploads\/2023\/08\/arzobispo.png\",\"width\":656,\"height\":436},{\"@type\":\"BreadcrumbList\",\"@id\":\"https:\/\/apuntesdesanluis.com\/index.php\/2023\/08\/07\/no-hay-bolsillo-que-alcance-expreso-garcia-cuerva-en-la-homilia-por-san-cayetano\/#breadcrumb\",\"itemListElement\":[{\"@type\":\"ListItem\",\"position\":1,\"name\":\"Inicio\",\"item\":\"https:\/\/apuntesdesanluis.com\/\"},{\"@type\":\"ListItem\",\"position\":2,\"name\":\"\u201cNO HAY BOLSILLO QUE ALCANCE\u201d, EXPRES\u00d3 GARC\u00cdA CUERVA EN LA HOMIL\u00cdA POR SAN CAYETANO\"}]},{\"@type\":\"WebSite\",\"@id\":\"https:\/\/apuntesdesanluis.com\/#website\",\"url\":\"https:\/\/apuntesdesanluis.com\/\",\"name\":\"Apuntes de San Luis\",\"description\":\"\",\"publisher\":{\"@id\":\"https:\/\/apuntesdesanluis.com\/#\/schema\/person\/b55151d52296fcce64d1a72538a70b90\"},\"potentialAction\":[{\"@type\":\"SearchAction\",\"target\":{\"@type\":\"EntryPoint\",\"urlTemplate\":\"https:\/\/apuntesdesanluis.com\/?s={search_term_string}\"},\"query-input\":{\"@type\":\"PropertyValueSpecification\",\"valueRequired\":true,\"valueName\":\"search_term_string\"}}],\"inLanguage\":\"es-AR\"},{\"@type\":[\"Person\",\"Organization\"],\"@id\":\"https:\/\/apuntesdesanluis.com\/#\/schema\/person\/b55151d52296fcce64d1a72538a70b90\",\"name\":\"apuntesdesanluis.com\",\"image\":{\"@type\":\"ImageObject\",\"inLanguage\":\"es-AR\",\"@id\":\"https:\/\/apuntesdesanluis.com\/#\/schema\/person\/image\/\",\"url\":\"https:\/\/apuntesdesanluis.com\/wp-content\/uploads\/2023\/07\/cropped-apuntesdesanluis.png\",\"contentUrl\":\"https:\/\/apuntesdesanluis.com\/wp-content\/uploads\/2023\/07\/cropped-apuntesdesanluis.png\",\"width\":450,\"height\":112,\"caption\":\"apuntesdesanluis.com\"},\"logo\":{\"@id\":\"https:\/\/apuntesdesanluis.com\/#\/schema\/person\/image\/\"},\"sameAs\":[\"https:\/\/apuntesdesanluis.com\"],\"url\":\"https:\/\/apuntesdesanluis.com\/index.php\/author\/apuntesdesanluis-com\/\"}]}<\/script>\n<!-- \/ Yoast SEO plugin. -->","yoast_head_json":{"title":"\u201cNO HAY BOLSILLO QUE ALCANCE\u201d, EXPRES\u00d3 GARC\u00cdA CUERVA EN LA HOMIL\u00cdA POR SAN CAYETANO - Apuntes de San Luis","robots":{"index":"index","follow":"follow","max-snippet":"max-snippet:-1","max-image-preview":"max-image-preview:large","max-video-preview":"max-video-preview:-1"},"canonical":"https:\/\/apuntesdesanluis.com\/index.php\/2023\/08\/07\/no-hay-bolsillo-que-alcance-expreso-garcia-cuerva-en-la-homilia-por-san-cayetano\/","og_locale":"es_ES","og_type":"article","og_title":"\u201cNO HAY BOLSILLO QUE ALCANCE\u201d, EXPRES\u00d3 GARC\u00cdA CUERVA EN LA HOMIL\u00cdA POR SAN CAYETANO - Apuntes de San Luis","og_description":"En el marco de la misa principal por San Cayetano y a pocos d\u00edas de...","og_url":"https:\/\/apuntesdesanluis.com\/index.php\/2023\/08\/07\/no-hay-bolsillo-que-alcance-expreso-garcia-cuerva-en-la-homilia-por-san-cayetano\/","og_site_name":"Apuntes de San Luis","article_published_time":"2023-08-07T14:50:36+00:00","article_modified_time":"2023-08-07T17:52:28+00:00","og_image":[{"width":656,"height":436,"url":"https:\/\/apuntesdesanluis.com\/wp-content\/uploads\/2023\/08\/arzobispo.png","type":"image\/png"}],"author":"apuntesdesanluis.com","twitter_card":"summary_large_image","twitter_misc":{"Escrito por":"apuntesdesanluis.com","Tiempo de lectura":"3 minutos"},"schema":{"@context":"https:\/\/schema.org","@graph":[{"@type":"Article","@id":"https:\/\/apuntesdesanluis.com\/index.php\/2023\/08\/07\/no-hay-bolsillo-que-alcance-expreso-garcia-cuerva-en-la-homilia-por-san-cayetano\/#article","isPartOf":{"@id":"https:\/\/apuntesdesanluis.com\/index.php\/2023\/08\/07\/no-hay-bolsillo-que-alcance-expreso-garcia-cuerva-en-la-homilia-por-san-cayetano\/"},"author":{"name":"apuntesdesanluis.com","@id":"https:\/\/apuntesdesanluis.com\/#\/schema\/person\/b55151d52296fcce64d1a72538a70b90"},"headline":"\u201cNO HAY BOLSILLO QUE ALCANCE\u201d, EXPRES\u00d3 GARC\u00cdA CUERVA EN LA HOMIL\u00cdA POR SAN CAYETANO","datePublished":"2023-08-07T14:50:36+00:00","dateModified":"2023-08-07T17:52:28+00:00","mainEntityOfPage":{"@id":"https:\/\/apuntesdesanluis.com\/index.php\/2023\/08\/07\/no-hay-bolsillo-que-alcance-expreso-garcia-cuerva-en-la-homilia-por-san-cayetano\/"},"wordCount":509,"publisher":{"@id":"https:\/\/apuntesdesanluis.com\/#\/schema\/person\/b55151d52296fcce64d1a72538a70b90"},"image":{"@id":"https:\/\/apuntesdesanluis.com\/index.php\/2023\/08\/07\/no-hay-bolsillo-que-alcance-expreso-garcia-cuerva-en-la-homilia-por-san-cayetano\/#primaryimage"},"thumbnailUrl":"https:\/\/apuntesdesanluis.com\/wp-content\/uploads\/2023\/08\/arzobispo.png","articleSection":["Nacionales\/Internacionales"],"inLanguage":"es-AR"},{"@type":"WebPage","@id":"https:\/\/apuntesdesanluis.com\/index.php\/2023\/08\/07\/no-hay-bolsillo-que-alcance-expreso-garcia-cuerva-en-la-homilia-por-san-cayetano\/","url":"https:\/\/apuntesdesanluis.com\/index.php\/2023\/08\/07\/no-hay-bolsillo-que-alcance-expreso-garcia-cuerva-en-la-homilia-por-san-cayetano\/","name":"\u201cNO HAY BOLSILLO QUE ALCANCE\u201d, EXPRES\u00d3 GARC\u00cdA CUERVA EN LA HOMIL\u00cdA POR SAN CAYETANO - Apuntes de San Luis","isPartOf":{"@id":"https:\/\/apuntesdesanluis.com\/#website"},"primaryImageOfPage":{"@id":"https:\/\/apuntesdesanluis.com\/index.php\/2023\/08\/07\/no-hay-bolsillo-que-alcance-expreso-garcia-cuerva-en-la-homilia-por-san-cayetano\/#primaryimage"},"image":{"@id":"https:\/\/apuntesdesanluis.com\/index.php\/2023\/08\/07\/no-hay-bolsillo-que-alcance-expreso-garcia-cuerva-en-la-homilia-por-san-cayetano\/#primaryimage"},"thumbnailUrl":"https:\/\/apuntesdesanluis.com\/wp-content\/uploads\/2023\/08\/arzobispo.png","datePublished":"2023-08-07T14:50:36+00:00","dateModified":"2023-08-07T17:52:28+00:00","breadcrumb":{"@id":"https:\/\/apuntesdesanluis.com\/index.php\/2023\/08\/07\/no-hay-bolsillo-que-alcance-expreso-garcia-cuerva-en-la-homilia-por-san-cayetano\/#breadcrumb"},"inLanguage":"es-AR","potentialAction":[{"@type":"ReadAction","target":["https:\/\/apuntesdesanluis.com\/index.php\/2023\/08\/07\/no-hay-bolsillo-que-alcance-expreso-garcia-cuerva-en-la-homilia-por-san-cayetano\/"]}]},{"@type":"ImageObject","inLanguage":"es-AR","@id":"https:\/\/apuntesdesanluis.com\/index.php\/2023\/08\/07\/no-hay-bolsillo-que-alcance-expreso-garcia-cuerva-en-la-homilia-por-san-cayetano\/#primaryimage","url":"https:\/\/apuntesdesanluis.com\/wp-content\/uploads\/2023\/08\/arzobispo.png","contentUrl":"https:\/\/apuntesdesanluis.com\/wp-content\/uploads\/2023\/08\/arzobispo.png","width":656,"height":436},{"@type":"BreadcrumbList","@id":"https:\/\/apuntesdesanluis.com\/index.php\/2023\/08\/07\/no-hay-bolsillo-que-alcance-expreso-garcia-cuerva-en-la-homilia-por-san-cayetano\/#breadcrumb","itemListElement":[{"@type":"ListItem","position":1,"name":"Inicio","item":"https:\/\/apuntesdesanluis.com\/"},{"@type":"ListItem","position":2,"name":"\u201cNO HAY BOLSILLO QUE ALCANCE\u201d, EXPRES\u00d3 GARC\u00cdA CUERVA EN LA HOMIL\u00cdA POR SAN CAYETANO"}]},{"@type":"WebSite","@id":"https:\/\/apuntesdesanluis.com\/#website","url":"https:\/\/apuntesdesanluis.com\/","name":"Apuntes de San Luis","description":"","publisher":{"@id":"https:\/\/apuntesdesanluis.com\/#\/schema\/person\/b55151d52296fcce64d1a72538a70b90"},"potentialAction":[{"@type":"SearchAction","target":{"@type":"EntryPoint","urlTemplate":"https:\/\/apuntesdesanluis.com\/?s={search_term_string}"},"query-input":{"@type":"PropertyValueSpecification","valueRequired":true,"valueName":"search_term_string"}}],"inLanguage":"es-AR"},{"@type":["Person","Organization"],"@id":"https:\/\/apuntesdesanluis.com\/#\/schema\/person\/b55151d52296fcce64d1a72538a70b90","name":"apuntesdesanluis.com","image":{"@type":"ImageObject","inLanguage":"es-AR","@id":"https:\/\/apuntesdesanluis.com\/#\/schema\/person\/image\/","url":"https:\/\/apuntesdesanluis.com\/wp-content\/uploads\/2023\/07\/cropped-apuntesdesanluis.png","contentUrl":"https:\/\/apuntesdesanluis.com\/wp-content\/uploads\/2023\/07\/cropped-apuntesdesanluis.png","width":450,"height":112,"caption":"apuntesdesanluis.com"},"logo":{"@id":"https:\/\/apuntesdesanluis.com\/#\/schema\/person\/image\/"},"sameAs":["https:\/\/apuntesdesanluis.com"],"url":"https:\/\/apuntesdesanluis.com\/index.php\/author\/apuntesdesanluis-com\/"}]}},"featured_image_urls":{"full":["https:\/\/apuntesdesanluis.com\/wp-content\/uploads\/2023\/08\/arzobispo.png",656,436,false],"thumbnail":["https:\/\/apuntesdesanluis.com\/wp-content\/uploads\/2023\/08\/arzobispo-150x150.png",150,150,true],"medium":["https:\/\/apuntesdesanluis.com\/wp-content\/uploads\/2023\/08\/arzobispo-300x199.png",300,199,true],"medium_large":["https:\/\/apuntesdesanluis.com\/wp-content\/uploads\/2023\/08\/arzobispo.png",640,425,false],"large":["https:\/\/apuntesdesanluis.com\/wp-content\/uploads\/2023\/08\/arzobispo.png",640,425,false],"1536x1536":["https:\/\/apuntesdesanluis.com\/wp-content\/uploads\/2023\/08\/arzobispo.png",656,436,false],"2048x2048":["https:\/\/apuntesdesanluis.com\/wp-content\/uploads\/2023\/08\/arzobispo.png",656,436,false],"newsever-slider-full":["https:\/\/apuntesdesanluis.com\/wp-content\/uploads\/2023\/08\/arzobispo.png",656,436,false],"newsever-featured":["https:\/\/apuntesdesanluis.com\/wp-content\/uploads\/2023\/08\/arzobispo.png",656,436,false],"newsever-medium":["https:\/\/apuntesdesanluis.com\/wp-content\/uploads\/2023\/08\/arzobispo.png",656,436,false]},"author_info":{"display_name":"apuntesdesanluis.com","author_link":"https:\/\/apuntesdesanluis.com\/index.php\/author\/apuntesdesanluis-com\/"},"category_info":"<a href=\"https:\/\/apuntesdesanluis.com\/index.php\/category\/nacionales-internacionales\/\" rel=\"category tag\">Nacionales\/Internacionales<\/a>","tag_info":"Nacionales\/Internacionales","comment_count":"0","_links":{"self":[{"href":"https:\/\/apuntesdesanluis.com\/index.php\/wp-json\/wp\/v2\/posts\/1216","targetHints":{"allow":["GET"]}}],"collection":[{"href":"https:\/\/apuntesdesanluis.com\/index.php\/wp-json\/wp\/v2\/posts"}],"about":[{"href":"https:\/\/apuntesdesanluis.com\/index.php\/wp-json\/wp\/v2\/types\/post"}],"author":[{"embeddable":true,"href":"https:\/\/apuntesdesanluis.com\/index.php\/wp-json\/wp\/v2\/users\/1"}],"replies":[{"embeddable":true,"href":"https:\/\/apuntesdesanluis.com\/index.php\/wp-json\/wp\/v2\/comments?post=1216"}],"version-history":[{"count":2,"href":"https:\/\/apuntesdesanluis.com\/index.php\/wp-json\/wp\/v2\/posts\/1216\/revisions"}],"predecessor-version":[{"id":1219,"href":"https:\/\/apuntesdesanluis.com\/index.php\/wp-json\/wp\/v2\/posts\/1216\/revisions\/1219"}],"wp:featuredmedia":[{"embeddable":true,"href":"https:\/\/apuntesdesanluis.com\/index.php\/wp-json\/wp\/v2\/media\/1217"}],"wp:attachment":[{"href":"https:\/\/apuntesdesanluis.com\/index.php\/wp-json\/wp\/v2\/media?parent=1216"}],"wp:term":[{"taxonomy":"category","embeddable":true,"href":"https:\/\/apuntesdesanluis.com\/index.php\/wp-json\/wp\/v2\/categories?post=1216"},{"taxonomy":"post_tag","embeddable":true,"href":"https:\/\/apuntesdesanluis.com\/index.php\/wp-json\/wp\/v2\/tags?post=1216"}],"curies":[{"name":"wp","href":"https:\/\/api.w.org\/{rel}","templated":true}]}}