{"id":12160,"date":"2024-02-22T21:43:46","date_gmt":"2024-02-23T00:43:46","guid":{"rendered":"https:\/\/apuntesdesanluis.com\/?p=12160"},"modified":"2024-02-22T21:43:46","modified_gmt":"2024-02-23T00:43:46","slug":"dnu-de-milei-la-bicameral-de-tramite-legislativo-designo-a-sus-autoridades-y-se-reunira-los-jueves","status":"publish","type":"post","link":"https:\/\/apuntesdesanluis.com\/index.php\/2024\/02\/22\/dnu-de-milei-la-bicameral-de-tramite-legislativo-designo-a-sus-autoridades-y-se-reunira-los-jueves\/","title":{"rendered":"DNU DE MILEI: LA BICAMERAL DE TR\u00c1MITE LEGISLATIVO DESIGN\u00d3 A SUS AUTORIDADES Y SE REUNIR\u00c1 LOS JUEVES"},"content":{"rendered":"<h3>La <strong>comisi\u00f3n bicameral permanente de Tr\u00e1mite Legislativo<\/strong> design\u00f3 hoy a sus autoridades y, de esta manera, se dio el puntapi\u00e9 inicial para el tratamiento del <strong>mega DNU 70\/23<\/strong> que dict\u00f3 el presidente <strong>Javier Milei<\/strong>, en diciembre pasado.<\/h3>\n<h3>Ser\u00e1 presidida por el senador riojano de La Libertad Avanza, Juan Carlos Pagotto. Adem\u00e1s, se vot\u00f3 que los encuentros se realizar\u00e1n los d\u00edas jueves, a\u00fan sin horario en espec\u00edfico. El desarrollo tuvo fuertes cruces entre el kirchnerismo y algunos bloques dialoguistas.<\/h3>\n<h3>La reuni\u00f3n se extendi\u00f3 entre las 12 del mediod\u00eda y las 14, luego de un inicio picante motorizado por la diputada Carolina Gaillard, de Uni\u00f3n por la Patria (UP), que cruz\u00f3 fuertemente al senador salte\u00f1o Juan Carlos Romero.<\/h3>\n<h3>Romero pretend\u00eda realizar la votaci\u00f3n en el inicio con el objetivo de dejar la ronda de debate para el final. Sin embargo, Gaillard no lo permiti\u00f3 y inici\u00f3 un discurso de varios minutos a los que se le fueron plegando sus compa\u00f1eros de bloque y legisladores de otros espacios.<\/h3>\n<h3>La bicameral est\u00e1 compuesta por ocho diputados y ocho senadores que fueron anunciados el 2 enero pasado por la vicepresidenta y titular del Senado, Victoria Villarruel. All\u00ed radic\u00f3 uno de los reclamos que esboz\u00f3 el kirchnerismo este jueves en el Sal\u00f3n de las Provincias.<\/h3>\n<h3>Tanto Gaillard, como el diputado y jefe de bloque de UP en Diputados, Germ\u00e1n Mart\u00ednez, argumentaron fuertemente contra la proporcionalidad dispuesta por Villarruel y por la dilataci\u00f3n de la conformaci\u00f3n de la bicameral.<\/h3>\n<h3>De los 16 miembros totales, UP tiene seis representantes, en tanto que tres ser\u00e1n de La Libertad Avanza, dos del PRO, dos de la UCR, uno de Hacemos Coalici\u00f3n Federal, uno de Cambio Federal (CF) y otro de Unidad Federal (UF).<\/h3>\n<h3>Por el Senado integrar\u00e1n la bicameral Juan Carlos Pagotto (LLA), V\u00edctor Zimmermann (UCR), Luis Juez (PRO), Juan Carlos Romero (CF), Carlos \u201cCamau\u201d Esp\u00ednola (UF), y Anabel Fern\u00e1ndez Sagasti, Mariano Recalde y Mar\u00eda Teresa Gonz\u00e1lez, de UP.<\/h3>\n<h3>Por Diputados, ser\u00e1n parte el jefe de bancada libertaria, Oscar Zago, y el correntino Lisandro Almir\u00f3n; Hern\u00e1n Lombardi, por el PRO; el catamarque\u00f1o Francisco Monti (UCR); Nicol\u00e1s Massot, de Hacemos Coalici\u00f3n Federal; y Gaillard, Ramiro Guti\u00e9rrez y Vanesa Siley (UP).<\/h3>\n<h3><strong>REMAKE DE LA LEY \u00d3MNIBUS<\/strong><\/h3>\n<h3>La Libertad Avanza, el PRO y Cambio Federal son los espacios que le dar\u00e1n luz verde al DNU sin reparos. Los tres bloques suman seis esca\u00f1os, al igual que Uni\u00f3n por la Patria, que ya manifest\u00f3 su posicionamiento negativo.<\/h3>\n<h3>Por lo tanto, el radicalismo y el Hacemos Coalici\u00f3n Federal vuelven a cobrar un rol crucial para Milei. Ambos cuentan con cuatro votos, dos por cada fuerza. Se trata de los senadores Zimmerman y Camau Esp\u00ednola y los diputados Monti y Massot.<\/h3>\n<h3><strong>INCONSISTENCIAS EN EL PROCESO<\/strong><\/h3>\n<h3>Al margen del tratamiento en la comisi\u00f3n, al ya haberse vencido los plazos para la conformaci\u00f3n de la bicameral, el Senado, que es la c\u00e1mara por la que el DNU ingres\u00f3, est\u00e1 habilitado para abordarlo directamente en el recinto.<\/h3>\n<h3>El oficialismo intentar\u00e1 dilatar lo m\u00e1s posible ese escenario, ya que Uni\u00f3n por la Patria tiene 33 senadores y est\u00e1 a tan s\u00f3lo cuatro votos de lograr la mayor\u00eda necesaria para rechazar el DNU. Alll\u00ed, las perspectivas son buenas para la fuerza opositora.<\/h3>\n<h3>De todos modos, para poder invalidar el decreto se requiere el rechazo de ambas c\u00e1maras (de lo contrario queda definitivamente avalado y vigente), por lo que si el Senado avanzara en esa direcci\u00f3n luego el oficialismo podr\u00eda juntar una mayor\u00eda junto a los bloques de la oposici\u00f3n dialoguista para aprobarlo.<\/h3>\n<p>&nbsp;<\/p>\n<p>&nbsp;<\/p>\n<p>&nbsp;<\/p>\n<p>&nbsp;<\/p>\n<p>&nbsp;<\/p>\n<p>&nbsp;<\/p>\n","protected":false},"excerpt":{"rendered":"<p>La comisi\u00f3n bicameral permanente de Tr\u00e1mite Legislativo design\u00f3 hoy a sus autoridades y, de esta&#8230;<\/p>\n","protected":false},"author":1,"featured_media":12161,"comment_status":"closed","ping_status":"closed","sticky":false,"template":"","format":"standard","meta":{"footnotes":""},"categories":[5],"tags":[],"class_list":["post-12160","post","type-post","status-publish","format-standard","has-post-thumbnail","hentry","category-nacionales-internacionales"],"yoast_head":"<!-- This site is optimized with the Yoast SEO plugin v26.1.1 - https:\/\/yoast.com\/wordpress\/plugins\/seo\/ -->\n<title>DNU DE MILEI: LA BICAMERAL DE TR\u00c1MITE LEGISLATIVO DESIGN\u00d3 A SUS AUTORIDADES Y SE REUNIR\u00c1 LOS JUEVES - Apuntes de San Luis<\/title>\n<meta name=\"robots\" content=\"index, follow, max-snippet:-1, max-image-preview:large, max-video-preview:-1\" \/>\n<link rel=\"canonical\" href=\"https:\/\/apuntesdesanluis.com\/index.php\/2024\/02\/22\/dnu-de-milei-la-bicameral-de-tramite-legislativo-designo-a-sus-autoridades-y-se-reunira-los-jueves\/\" \/>\n<meta property=\"og:locale\" content=\"es_ES\" \/>\n<meta property=\"og:type\" content=\"article\" \/>\n<meta property=\"og:title\" content=\"DNU DE MILEI: LA BICAMERAL DE TR\u00c1MITE LEGISLATIVO DESIGN\u00d3 A SUS AUTORIDADES Y SE REUNIR\u00c1 LOS JUEVES - Apuntes de San Luis\" \/>\n<meta property=\"og:description\" content=\"La comisi\u00f3n bicameral permanente de Tr\u00e1mite Legislativo design\u00f3 hoy a sus autoridades y, de esta...\" \/>\n<meta property=\"og:url\" content=\"https:\/\/apuntesdesanluis.com\/index.php\/2024\/02\/22\/dnu-de-milei-la-bicameral-de-tramite-legislativo-designo-a-sus-autoridades-y-se-reunira-los-jueves\/\" \/>\n<meta property=\"og:site_name\" content=\"Apuntes de San Luis\" \/>\n<meta property=\"article:published_time\" content=\"2024-02-23T00:43:46+00:00\" \/>\n<meta property=\"og:image\" content=\"https:\/\/apuntesdesanluis.com\/wp-content\/uploads\/2024\/02\/BICAMERAL.png\" \/>\n\t<meta property=\"og:image:width\" content=\"707\" \/>\n\t<meta property=\"og:image:height\" content=\"392\" \/>\n\t<meta property=\"og:image:type\" content=\"image\/png\" \/>\n<meta name=\"author\" content=\"apuntesdesanluis.com\" \/>\n<meta name=\"twitter:card\" content=\"summary_large_image\" \/>\n<meta name=\"twitter:label1\" content=\"Escrito por\" \/>\n\t<meta name=\"twitter:data1\" content=\"apuntesdesanluis.com\" \/>\n\t<meta name=\"twitter:label2\" content=\"Tiempo de lectura\" \/>\n\t<meta name=\"twitter:data2\" content=\"3 minutos\" \/>\n<script type=\"application\/ld+json\" class=\"yoast-schema-graph\">{\"@context\":\"https:\/\/schema.org\",\"@graph\":[{\"@type\":\"Article\",\"@id\":\"https:\/\/apuntesdesanluis.com\/index.php\/2024\/02\/22\/dnu-de-milei-la-bicameral-de-tramite-legislativo-designo-a-sus-autoridades-y-se-reunira-los-jueves\/#article\",\"isPartOf\":{\"@id\":\"https:\/\/apuntesdesanluis.com\/index.php\/2024\/02\/22\/dnu-de-milei-la-bicameral-de-tramite-legislativo-designo-a-sus-autoridades-y-se-reunira-los-jueves\/\"},\"author\":{\"name\":\"apuntesdesanluis.com\",\"@id\":\"https:\/\/apuntesdesanluis.com\/#\/schema\/person\/b55151d52296fcce64d1a72538a70b90\"},\"headline\":\"DNU DE MILEI: LA BICAMERAL DE TR\u00c1MITE LEGISLATIVO DESIGN\u00d3 A SUS AUTORIDADES Y SE REUNIR\u00c1 LOS JUEVES\",\"datePublished\":\"2024-02-23T00:43:46+00:00\",\"mainEntityOfPage\":{\"@id\":\"https:\/\/apuntesdesanluis.com\/index.php\/2024\/02\/22\/dnu-de-milei-la-bicameral-de-tramite-legislativo-designo-a-sus-autoridades-y-se-reunira-los-jueves\/\"},\"wordCount\":650,\"publisher\":{\"@id\":\"https:\/\/apuntesdesanluis.com\/#\/schema\/person\/b55151d52296fcce64d1a72538a70b90\"},\"image\":{\"@id\":\"https:\/\/apuntesdesanluis.com\/index.php\/2024\/02\/22\/dnu-de-milei-la-bicameral-de-tramite-legislativo-designo-a-sus-autoridades-y-se-reunira-los-jueves\/#primaryimage\"},\"thumbnailUrl\":\"https:\/\/apuntesdesanluis.com\/wp-content\/uploads\/2024\/02\/BICAMERAL.png\",\"articleSection\":[\"Nacionales\/Internacionales\"],\"inLanguage\":\"es-AR\"},{\"@type\":\"WebPage\",\"@id\":\"https:\/\/apuntesdesanluis.com\/index.php\/2024\/02\/22\/dnu-de-milei-la-bicameral-de-tramite-legislativo-designo-a-sus-autoridades-y-se-reunira-los-jueves\/\",\"url\":\"https:\/\/apuntesdesanluis.com\/index.php\/2024\/02\/22\/dnu-de-milei-la-bicameral-de-tramite-legislativo-designo-a-sus-autoridades-y-se-reunira-los-jueves\/\",\"name\":\"DNU DE MILEI: LA BICAMERAL DE TR\u00c1MITE LEGISLATIVO DESIGN\u00d3 A SUS AUTORIDADES Y SE REUNIR\u00c1 LOS JUEVES - Apuntes de San Luis\",\"isPartOf\":{\"@id\":\"https:\/\/apuntesdesanluis.com\/#website\"},\"primaryImageOfPage\":{\"@id\":\"https:\/\/apuntesdesanluis.com\/index.php\/2024\/02\/22\/dnu-de-milei-la-bicameral-de-tramite-legislativo-designo-a-sus-autoridades-y-se-reunira-los-jueves\/#primaryimage\"},\"image\":{\"@id\":\"https:\/\/apuntesdesanluis.com\/index.php\/2024\/02\/22\/dnu-de-milei-la-bicameral-de-tramite-legislativo-designo-a-sus-autoridades-y-se-reunira-los-jueves\/#primaryimage\"},\"thumbnailUrl\":\"https:\/\/apuntesdesanluis.com\/wp-content\/uploads\/2024\/02\/BICAMERAL.png\",\"datePublished\":\"2024-02-23T00:43:46+00:00\",\"breadcrumb\":{\"@id\":\"https:\/\/apuntesdesanluis.com\/index.php\/2024\/02\/22\/dnu-de-milei-la-bicameral-de-tramite-legislativo-designo-a-sus-autoridades-y-se-reunira-los-jueves\/#breadcrumb\"},\"inLanguage\":\"es-AR\",\"potentialAction\":[{\"@type\":\"ReadAction\",\"target\":[\"https:\/\/apuntesdesanluis.com\/index.php\/2024\/02\/22\/dnu-de-milei-la-bicameral-de-tramite-legislativo-designo-a-sus-autoridades-y-se-reunira-los-jueves\/\"]}]},{\"@type\":\"ImageObject\",\"inLanguage\":\"es-AR\",\"@id\":\"https:\/\/apuntesdesanluis.com\/index.php\/2024\/02\/22\/dnu-de-milei-la-bicameral-de-tramite-legislativo-designo-a-sus-autoridades-y-se-reunira-los-jueves\/#primaryimage\",\"url\":\"https:\/\/apuntesdesanluis.com\/wp-content\/uploads\/2024\/02\/BICAMERAL.png\",\"contentUrl\":\"https:\/\/apuntesdesanluis.com\/wp-content\/uploads\/2024\/02\/BICAMERAL.png\",\"width\":707,\"height\":392},{\"@type\":\"BreadcrumbList\",\"@id\":\"https:\/\/apuntesdesanluis.com\/index.php\/2024\/02\/22\/dnu-de-milei-la-bicameral-de-tramite-legislativo-designo-a-sus-autoridades-y-se-reunira-los-jueves\/#breadcrumb\",\"itemListElement\":[{\"@type\":\"ListItem\",\"position\":1,\"name\":\"Inicio\",\"item\":\"https:\/\/apuntesdesanluis.com\/\"},{\"@type\":\"ListItem\",\"position\":2,\"name\":\"DNU DE MILEI: LA BICAMERAL DE TR\u00c1MITE LEGISLATIVO DESIGN\u00d3 A SUS AUTORIDADES Y SE REUNIR\u00c1 LOS JUEVES\"}]},{\"@type\":\"WebSite\",\"@id\":\"https:\/\/apuntesdesanluis.com\/#website\",\"url\":\"https:\/\/apuntesdesanluis.com\/\",\"name\":\"Apuntes de San Luis\",\"description\":\"\",\"publisher\":{\"@id\":\"https:\/\/apuntesdesanluis.com\/#\/schema\/person\/b55151d52296fcce64d1a72538a70b90\"},\"potentialAction\":[{\"@type\":\"SearchAction\",\"target\":{\"@type\":\"EntryPoint\",\"urlTemplate\":\"https:\/\/apuntesdesanluis.com\/?s={search_term_string}\"},\"query-input\":{\"@type\":\"PropertyValueSpecification\",\"valueRequired\":true,\"valueName\":\"search_term_string\"}}],\"inLanguage\":\"es-AR\"},{\"@type\":[\"Person\",\"Organization\"],\"@id\":\"https:\/\/apuntesdesanluis.com\/#\/schema\/person\/b55151d52296fcce64d1a72538a70b90\",\"name\":\"apuntesdesanluis.com\",\"image\":{\"@type\":\"ImageObject\",\"inLanguage\":\"es-AR\",\"@id\":\"https:\/\/apuntesdesanluis.com\/#\/schema\/person\/image\/\",\"url\":\"https:\/\/apuntesdesanluis.com\/wp-content\/uploads\/2023\/07\/cropped-apuntesdesanluis.png\",\"contentUrl\":\"https:\/\/apuntesdesanluis.com\/wp-content\/uploads\/2023\/07\/cropped-apuntesdesanluis.png\",\"width\":450,\"height\":112,\"caption\":\"apuntesdesanluis.com\"},\"logo\":{\"@id\":\"https:\/\/apuntesdesanluis.com\/#\/schema\/person\/image\/\"},\"sameAs\":[\"https:\/\/apuntesdesanluis.com\"],\"url\":\"https:\/\/apuntesdesanluis.com\/index.php\/author\/apuntesdesanluis-com\/\"}]}<\/script>\n<!-- \/ Yoast SEO plugin. -->","yoast_head_json":{"title":"DNU DE MILEI: LA BICAMERAL DE TR\u00c1MITE LEGISLATIVO DESIGN\u00d3 A SUS AUTORIDADES Y SE REUNIR\u00c1 LOS JUEVES - Apuntes de San Luis","robots":{"index":"index","follow":"follow","max-snippet":"max-snippet:-1","max-image-preview":"max-image-preview:large","max-video-preview":"max-video-preview:-1"},"canonical":"https:\/\/apuntesdesanluis.com\/index.php\/2024\/02\/22\/dnu-de-milei-la-bicameral-de-tramite-legislativo-designo-a-sus-autoridades-y-se-reunira-los-jueves\/","og_locale":"es_ES","og_type":"article","og_title":"DNU DE MILEI: LA BICAMERAL DE TR\u00c1MITE LEGISLATIVO DESIGN\u00d3 A SUS AUTORIDADES Y SE REUNIR\u00c1 LOS JUEVES - Apuntes de San Luis","og_description":"La comisi\u00f3n bicameral permanente de Tr\u00e1mite Legislativo design\u00f3 hoy a sus autoridades y, de esta...","og_url":"https:\/\/apuntesdesanluis.com\/index.php\/2024\/02\/22\/dnu-de-milei-la-bicameral-de-tramite-legislativo-designo-a-sus-autoridades-y-se-reunira-los-jueves\/","og_site_name":"Apuntes de San Luis","article_published_time":"2024-02-23T00:43:46+00:00","og_image":[{"width":707,"height":392,"url":"https:\/\/apuntesdesanluis.com\/wp-content\/uploads\/2024\/02\/BICAMERAL.png","type":"image\/png"}],"author":"apuntesdesanluis.com","twitter_card":"summary_large_image","twitter_misc":{"Escrito por":"apuntesdesanluis.com","Tiempo de lectura":"3 minutos"},"schema":{"@context":"https:\/\/schema.org","@graph":[{"@type":"Article","@id":"https:\/\/apuntesdesanluis.com\/index.php\/2024\/02\/22\/dnu-de-milei-la-bicameral-de-tramite-legislativo-designo-a-sus-autoridades-y-se-reunira-los-jueves\/#article","isPartOf":{"@id":"https:\/\/apuntesdesanluis.com\/index.php\/2024\/02\/22\/dnu-de-milei-la-bicameral-de-tramite-legislativo-designo-a-sus-autoridades-y-se-reunira-los-jueves\/"},"author":{"name":"apuntesdesanluis.com","@id":"https:\/\/apuntesdesanluis.com\/#\/schema\/person\/b55151d52296fcce64d1a72538a70b90"},"headline":"DNU DE MILEI: LA BICAMERAL DE TR\u00c1MITE LEGISLATIVO DESIGN\u00d3 A SUS AUTORIDADES Y SE REUNIR\u00c1 LOS JUEVES","datePublished":"2024-02-23T00:43:46+00:00","mainEntityOfPage":{"@id":"https:\/\/apuntesdesanluis.com\/index.php\/2024\/02\/22\/dnu-de-milei-la-bicameral-de-tramite-legislativo-designo-a-sus-autoridades-y-se-reunira-los-jueves\/"},"wordCount":650,"publisher":{"@id":"https:\/\/apuntesdesanluis.com\/#\/schema\/person\/b55151d52296fcce64d1a72538a70b90"},"image":{"@id":"https:\/\/apuntesdesanluis.com\/index.php\/2024\/02\/22\/dnu-de-milei-la-bicameral-de-tramite-legislativo-designo-a-sus-autoridades-y-se-reunira-los-jueves\/#primaryimage"},"thumbnailUrl":"https:\/\/apuntesdesanluis.com\/wp-content\/uploads\/2024\/02\/BICAMERAL.png","articleSection":["Nacionales\/Internacionales"],"inLanguage":"es-AR"},{"@type":"WebPage","@id":"https:\/\/apuntesdesanluis.com\/index.php\/2024\/02\/22\/dnu-de-milei-la-bicameral-de-tramite-legislativo-designo-a-sus-autoridades-y-se-reunira-los-jueves\/","url":"https:\/\/apuntesdesanluis.com\/index.php\/2024\/02\/22\/dnu-de-milei-la-bicameral-de-tramite-legislativo-designo-a-sus-autoridades-y-se-reunira-los-jueves\/","name":"DNU DE MILEI: LA BICAMERAL DE TR\u00c1MITE LEGISLATIVO DESIGN\u00d3 A SUS AUTORIDADES Y SE REUNIR\u00c1 LOS JUEVES - Apuntes de San Luis","isPartOf":{"@id":"https:\/\/apuntesdesanluis.com\/#website"},"primaryImageOfPage":{"@id":"https:\/\/apuntesdesanluis.com\/index.php\/2024\/02\/22\/dnu-de-milei-la-bicameral-de-tramite-legislativo-designo-a-sus-autoridades-y-se-reunira-los-jueves\/#primaryimage"},"image":{"@id":"https:\/\/apuntesdesanluis.com\/index.php\/2024\/02\/22\/dnu-de-milei-la-bicameral-de-tramite-legislativo-designo-a-sus-autoridades-y-se-reunira-los-jueves\/#primaryimage"},"thumbnailUrl":"https:\/\/apuntesdesanluis.com\/wp-content\/uploads\/2024\/02\/BICAMERAL.png","datePublished":"2024-02-23T00:43:46+00:00","breadcrumb":{"@id":"https:\/\/apuntesdesanluis.com\/index.php\/2024\/02\/22\/dnu-de-milei-la-bicameral-de-tramite-legislativo-designo-a-sus-autoridades-y-se-reunira-los-jueves\/#breadcrumb"},"inLanguage":"es-AR","potentialAction":[{"@type":"ReadAction","target":["https:\/\/apuntesdesanluis.com\/index.php\/2024\/02\/22\/dnu-de-milei-la-bicameral-de-tramite-legislativo-designo-a-sus-autoridades-y-se-reunira-los-jueves\/"]}]},{"@type":"ImageObject","inLanguage":"es-AR","@id":"https:\/\/apuntesdesanluis.com\/index.php\/2024\/02\/22\/dnu-de-milei-la-bicameral-de-tramite-legislativo-designo-a-sus-autoridades-y-se-reunira-los-jueves\/#primaryimage","url":"https:\/\/apuntesdesanluis.com\/wp-content\/uploads\/2024\/02\/BICAMERAL.png","contentUrl":"https:\/\/apuntesdesanluis.com\/wp-content\/uploads\/2024\/02\/BICAMERAL.png","width":707,"height":392},{"@type":"BreadcrumbList","@id":"https:\/\/apuntesdesanluis.com\/index.php\/2024\/02\/22\/dnu-de-milei-la-bicameral-de-tramite-legislativo-designo-a-sus-autoridades-y-se-reunira-los-jueves\/#breadcrumb","itemListElement":[{"@type":"ListItem","position":1,"name":"Inicio","item":"https:\/\/apuntesdesanluis.com\/"},{"@type":"ListItem","position":2,"name":"DNU DE MILEI: LA BICAMERAL DE TR\u00c1MITE LEGISLATIVO DESIGN\u00d3 A SUS AUTORIDADES Y SE REUNIR\u00c1 LOS JUEVES"}]},{"@type":"WebSite","@id":"https:\/\/apuntesdesanluis.com\/#website","url":"https:\/\/apuntesdesanluis.com\/","name":"Apuntes de San Luis","description":"","publisher":{"@id":"https:\/\/apuntesdesanluis.com\/#\/schema\/person\/b55151d52296fcce64d1a72538a70b90"},"potentialAction":[{"@type":"SearchAction","target":{"@type":"EntryPoint","urlTemplate":"https:\/\/apuntesdesanluis.com\/?s={search_term_string}"},"query-input":{"@type":"PropertyValueSpecification","valueRequired":true,"valueName":"search_term_string"}}],"inLanguage":"es-AR"},{"@type":["Person","Organization"],"@id":"https:\/\/apuntesdesanluis.com\/#\/schema\/person\/b55151d52296fcce64d1a72538a70b90","name":"apuntesdesanluis.com","image":{"@type":"ImageObject","inLanguage":"es-AR","@id":"https:\/\/apuntesdesanluis.com\/#\/schema\/person\/image\/","url":"https:\/\/apuntesdesanluis.com\/wp-content\/uploads\/2023\/07\/cropped-apuntesdesanluis.png","contentUrl":"https:\/\/apuntesdesanluis.com\/wp-content\/uploads\/2023\/07\/cropped-apuntesdesanluis.png","width":450,"height":112,"caption":"apuntesdesanluis.com"},"logo":{"@id":"https:\/\/apuntesdesanluis.com\/#\/schema\/person\/image\/"},"sameAs":["https:\/\/apuntesdesanluis.com"],"url":"https:\/\/apuntesdesanluis.com\/index.php\/author\/apuntesdesanluis-com\/"}]}},"featured_image_urls":{"full":["https:\/\/apuntesdesanluis.com\/wp-content\/uploads\/2024\/02\/BICAMERAL.png",707,392,false],"thumbnail":["https:\/\/apuntesdesanluis.com\/wp-content\/uploads\/2024\/02\/BICAMERAL-150x150.png",150,150,true],"medium":["https:\/\/apuntesdesanluis.com\/wp-content\/uploads\/2024\/02\/BICAMERAL-300x166.png",300,166,true],"medium_large":["https:\/\/apuntesdesanluis.com\/wp-content\/uploads\/2024\/02\/BICAMERAL.png",640,355,false],"large":["https:\/\/apuntesdesanluis.com\/wp-content\/uploads\/2024\/02\/BICAMERAL.png",640,355,false],"1536x1536":["https:\/\/apuntesdesanluis.com\/wp-content\/uploads\/2024\/02\/BICAMERAL.png",707,392,false],"2048x2048":["https:\/\/apuntesdesanluis.com\/wp-content\/uploads\/2024\/02\/BICAMERAL.png",707,392,false],"newsever-slider-full":["https:\/\/apuntesdesanluis.com\/wp-content\/uploads\/2024\/02\/BICAMERAL.png",707,392,false],"newsever-featured":["https:\/\/apuntesdesanluis.com\/wp-content\/uploads\/2024\/02\/BICAMERAL.png",707,392,false],"newsever-medium":["https:\/\/apuntesdesanluis.com\/wp-content\/uploads\/2024\/02\/BICAMERAL.png",707,392,false]},"author_info":{"display_name":"apuntesdesanluis.com","author_link":"https:\/\/apuntesdesanluis.com\/index.php\/author\/apuntesdesanluis-com\/"},"category_info":"<a href=\"https:\/\/apuntesdesanluis.com\/index.php\/category\/nacionales-internacionales\/\" rel=\"category tag\">Nacionales\/Internacionales<\/a>","tag_info":"Nacionales\/Internacionales","comment_count":"0","_links":{"self":[{"href":"https:\/\/apuntesdesanluis.com\/index.php\/wp-json\/wp\/v2\/posts\/12160","targetHints":{"allow":["GET"]}}],"collection":[{"href":"https:\/\/apuntesdesanluis.com\/index.php\/wp-json\/wp\/v2\/posts"}],"about":[{"href":"https:\/\/apuntesdesanluis.com\/index.php\/wp-json\/wp\/v2\/types\/post"}],"author":[{"embeddable":true,"href":"https:\/\/apuntesdesanluis.com\/index.php\/wp-json\/wp\/v2\/users\/1"}],"replies":[{"embeddable":true,"href":"https:\/\/apuntesdesanluis.com\/index.php\/wp-json\/wp\/v2\/comments?post=12160"}],"version-history":[{"count":1,"href":"https:\/\/apuntesdesanluis.com\/index.php\/wp-json\/wp\/v2\/posts\/12160\/revisions"}],"predecessor-version":[{"id":12162,"href":"https:\/\/apuntesdesanluis.com\/index.php\/wp-json\/wp\/v2\/posts\/12160\/revisions\/12162"}],"wp:featuredmedia":[{"embeddable":true,"href":"https:\/\/apuntesdesanluis.com\/index.php\/wp-json\/wp\/v2\/media\/12161"}],"wp:attachment":[{"href":"https:\/\/apuntesdesanluis.com\/index.php\/wp-json\/wp\/v2\/media?parent=12160"}],"wp:term":[{"taxonomy":"category","embeddable":true,"href":"https:\/\/apuntesdesanluis.com\/index.php\/wp-json\/wp\/v2\/categories?post=12160"},{"taxonomy":"post_tag","embeddable":true,"href":"https:\/\/apuntesdesanluis.com\/index.php\/wp-json\/wp\/v2\/tags?post=12160"}],"curies":[{"name":"wp","href":"https:\/\/api.w.org\/{rel}","templated":true}]}}