{"id":12163,"date":"2024-02-22T21:48:58","date_gmt":"2024-02-23T00:48:58","guid":{"rendered":"https:\/\/apuntesdesanluis.com\/?p=12163"},"modified":"2024-02-22T21:48:58","modified_gmt":"2024-02-23T00:48:58","slug":"la-provincia-de-rio-negro-demando-al-gobierno-nacional-por-la-quita-de-fondos-educativos","status":"publish","type":"post","link":"https:\/\/apuntesdesanluis.com\/index.php\/2024\/02\/22\/la-provincia-de-rio-negro-demando-al-gobierno-nacional-por-la-quita-de-fondos-educativos\/","title":{"rendered":"LA PROVINCIA DE R\u00cdO NEGRO DEMAND\u00d3 AL GOBIERNO NACIONAL POR LA QUITA DE FONDOS EDUCATIVOS"},"content":{"rendered":"<h3>El gobierno de la provincia de <strong>R\u00edo Negro<\/strong> present\u00f3 una acci\u00f3n de amparo ante el Juzgado Federal de Viedma para solicitar que se regularicen los fondos nacionales destinados al sistema educativo provincial. A dos semanas del inicio de clases, la provincia que gobierna <strong>Alberto Weretilneck<\/strong> decidi\u00f3 reclamar al Gobierno nacional por la &#8220;asistencia financiera&#8221; que se transfer\u00eda al distrito en materia educativa.<\/h3>\n<h3>\u201cLa Fiscal\u00eda de Estado interpuso hoy una acci\u00f3n de amparo contra el Estado Nacional, el Ministerio de Econom\u00eda de la Naci\u00f3n y la Secretar\u00eda de Educaci\u00f3n de la Naci\u00f3n, por incumplimiento de sus deberes de financiamiento educativo desde el 1\u00b0 de enero de 2024\u201d, se detall\u00f3 oficialmente.<\/h3>\n<h3>El incumplimiento se debe a que se suspendi\u00f3 el envio de fondos nacionales a la provincia de R\u00edo Negro, \u201cviolando el derecho a la educaci\u00f3n consagrado en la Constituci\u00f3n Nacional y diversas leyes\u201d.<\/h3>\n<h3>La justicia de Chubut fren\u00f3 el recorte de subsidios al transporte con una cautelar<\/h3>\n<h3>En ese pedido, se solicit\u00f3 un pronunciamiento \u201cque ordene el cumplimiento de la normativa\u201d y el \u201crestablecimiento de la asistencia financiera\u201d a la provincia.<\/h3>\n<h3>Adem\u00e1s, se pide una medida cautelar de car\u00e1cter urgente para restablecer el flujo de fondos mientras se resuelve la causa.<\/h3>\n<h3><strong>EL ANTECEDENTE DE CHUBUT CON LOS SUBSIDIOS AL TRANSPORTE<\/strong><\/h3>\n<h3>El gobernador de Chubut, Ignacio Torres, demand\u00f3 al Estado por el recorte en las partidas destinadas a subsidiar el transporte y el juez federal de Rawson, Hugo Sastre, present\u00f3 una cautelar para frenar la medida del Gobierno Nacional.<\/h3>\n<h3>La presentaci\u00f3n que hab\u00eda hecho el mandatario fue contra la decisi\u00f3n del Estado Nacional de eliminar el Fondo Compensador del Interior en materia de transporte.<\/h3>\n<h3>Si bien la decisi\u00f3n de la justicia tiene efectos concretos sobre Chubut, es algo que podr\u00eda extenderse y sentar un precedente para otras provincias que decidan presentar reclamos similares. Sobre todo, teniendo en cuenta la tensa relaci\u00f3n entre el jefe de estado y los mandatarios provinciales, que tambi\u00e9n dejaron de recibir subsidios para la educaci\u00f3n.<\/h3>\n<h3>Estos efectos ya parecen tener incidencia en el caso de R\u00edo Negro, que decidi\u00f3 ir a la Justicia para reclamar los fondos educativos. Ahora resta ver c\u00f3mo sigue esa presentaci\u00f3n.<\/h3>\n<p>&nbsp;<\/p>\n<p>&nbsp;<\/p>\n<p>&nbsp;<\/p>\n<p>&nbsp;<\/p>\n<p>&nbsp;<\/p>\n<p>&nbsp;<\/p>\n<p>&nbsp;<\/p>\n","protected":false},"excerpt":{"rendered":"<p>El gobierno de la provincia de R\u00edo Negro present\u00f3 una acci\u00f3n de amparo ante el&#8230;<\/p>\n","protected":false},"author":1,"featured_media":12164,"comment_status":"closed","ping_status":"closed","sticky":false,"template":"","format":"standard","meta":{"footnotes":""},"categories":[5],"tags":[],"class_list":["post-12163","post","type-post","status-publish","format-standard","has-post-thumbnail","hentry","category-nacionales-internacionales"],"yoast_head":"<!-- This site is optimized with the Yoast SEO plugin v26.1.1 - https:\/\/yoast.com\/wordpress\/plugins\/seo\/ -->\n<title>LA PROVINCIA DE R\u00cdO NEGRO DEMAND\u00d3 AL GOBIERNO NACIONAL POR LA QUITA DE FONDOS EDUCATIVOS - Apuntes de San Luis<\/title>\n<meta name=\"robots\" content=\"index, follow, max-snippet:-1, max-image-preview:large, max-video-preview:-1\" \/>\n<link rel=\"canonical\" href=\"https:\/\/apuntesdesanluis.com\/index.php\/2024\/02\/22\/la-provincia-de-rio-negro-demando-al-gobierno-nacional-por-la-quita-de-fondos-educativos\/\" \/>\n<meta property=\"og:locale\" content=\"es_ES\" \/>\n<meta property=\"og:type\" content=\"article\" \/>\n<meta property=\"og:title\" content=\"LA PROVINCIA DE R\u00cdO NEGRO DEMAND\u00d3 AL GOBIERNO NACIONAL POR LA QUITA DE FONDOS EDUCATIVOS - Apuntes de San Luis\" \/>\n<meta property=\"og:description\" content=\"El gobierno de la provincia de R\u00edo Negro present\u00f3 una acci\u00f3n de amparo ante el...\" \/>\n<meta property=\"og:url\" content=\"https:\/\/apuntesdesanluis.com\/index.php\/2024\/02\/22\/la-provincia-de-rio-negro-demando-al-gobierno-nacional-por-la-quita-de-fondos-educativos\/\" \/>\n<meta property=\"og:site_name\" content=\"Apuntes de San Luis\" \/>\n<meta property=\"article:published_time\" content=\"2024-02-23T00:48:58+00:00\" \/>\n<meta property=\"og:image\" content=\"https:\/\/apuntesdesanluis.com\/wp-content\/uploads\/2024\/02\/WERELTINEK.png\" \/>\n\t<meta property=\"og:image:width\" content=\"600\" \/>\n\t<meta property=\"og:image:height\" content=\"356\" \/>\n\t<meta property=\"og:image:type\" content=\"image\/png\" \/>\n<meta name=\"author\" content=\"apuntesdesanluis.com\" \/>\n<meta name=\"twitter:card\" content=\"summary_large_image\" \/>\n<meta name=\"twitter:label1\" content=\"Escrito por\" \/>\n\t<meta name=\"twitter:data1\" content=\"apuntesdesanluis.com\" \/>\n\t<meta name=\"twitter:label2\" content=\"Tiempo de lectura\" \/>\n\t<meta name=\"twitter:data2\" content=\"2 minutos\" \/>\n<script type=\"application\/ld+json\" class=\"yoast-schema-graph\">{\"@context\":\"https:\/\/schema.org\",\"@graph\":[{\"@type\":\"Article\",\"@id\":\"https:\/\/apuntesdesanluis.com\/index.php\/2024\/02\/22\/la-provincia-de-rio-negro-demando-al-gobierno-nacional-por-la-quita-de-fondos-educativos\/#article\",\"isPartOf\":{\"@id\":\"https:\/\/apuntesdesanluis.com\/index.php\/2024\/02\/22\/la-provincia-de-rio-negro-demando-al-gobierno-nacional-por-la-quita-de-fondos-educativos\/\"},\"author\":{\"name\":\"apuntesdesanluis.com\",\"@id\":\"https:\/\/apuntesdesanluis.com\/#\/schema\/person\/b55151d52296fcce64d1a72538a70b90\"},\"headline\":\"LA PROVINCIA DE R\u00cdO NEGRO DEMAND\u00d3 AL GOBIERNO NACIONAL POR LA QUITA DE FONDOS EDUCATIVOS\",\"datePublished\":\"2024-02-23T00:48:58+00:00\",\"mainEntityOfPage\":{\"@id\":\"https:\/\/apuntesdesanluis.com\/index.php\/2024\/02\/22\/la-provincia-de-rio-negro-demando-al-gobierno-nacional-por-la-quita-de-fondos-educativos\/\"},\"wordCount\":404,\"publisher\":{\"@id\":\"https:\/\/apuntesdesanluis.com\/#\/schema\/person\/b55151d52296fcce64d1a72538a70b90\"},\"image\":{\"@id\":\"https:\/\/apuntesdesanluis.com\/index.php\/2024\/02\/22\/la-provincia-de-rio-negro-demando-al-gobierno-nacional-por-la-quita-de-fondos-educativos\/#primaryimage\"},\"thumbnailUrl\":\"https:\/\/apuntesdesanluis.com\/wp-content\/uploads\/2024\/02\/WERELTINEK.png\",\"articleSection\":[\"Nacionales\/Internacionales\"],\"inLanguage\":\"es-AR\"},{\"@type\":\"WebPage\",\"@id\":\"https:\/\/apuntesdesanluis.com\/index.php\/2024\/02\/22\/la-provincia-de-rio-negro-demando-al-gobierno-nacional-por-la-quita-de-fondos-educativos\/\",\"url\":\"https:\/\/apuntesdesanluis.com\/index.php\/2024\/02\/22\/la-provincia-de-rio-negro-demando-al-gobierno-nacional-por-la-quita-de-fondos-educativos\/\",\"name\":\"LA PROVINCIA DE R\u00cdO NEGRO DEMAND\u00d3 AL GOBIERNO NACIONAL POR LA QUITA DE FONDOS EDUCATIVOS - Apuntes de San Luis\",\"isPartOf\":{\"@id\":\"https:\/\/apuntesdesanluis.com\/#website\"},\"primaryImageOfPage\":{\"@id\":\"https:\/\/apuntesdesanluis.com\/index.php\/2024\/02\/22\/la-provincia-de-rio-negro-demando-al-gobierno-nacional-por-la-quita-de-fondos-educativos\/#primaryimage\"},\"image\":{\"@id\":\"https:\/\/apuntesdesanluis.com\/index.php\/2024\/02\/22\/la-provincia-de-rio-negro-demando-al-gobierno-nacional-por-la-quita-de-fondos-educativos\/#primaryimage\"},\"thumbnailUrl\":\"https:\/\/apuntesdesanluis.com\/wp-content\/uploads\/2024\/02\/WERELTINEK.png\",\"datePublished\":\"2024-02-23T00:48:58+00:00\",\"breadcrumb\":{\"@id\":\"https:\/\/apuntesdesanluis.com\/index.php\/2024\/02\/22\/la-provincia-de-rio-negro-demando-al-gobierno-nacional-por-la-quita-de-fondos-educativos\/#breadcrumb\"},\"inLanguage\":\"es-AR\",\"potentialAction\":[{\"@type\":\"ReadAction\",\"target\":[\"https:\/\/apuntesdesanluis.com\/index.php\/2024\/02\/22\/la-provincia-de-rio-negro-demando-al-gobierno-nacional-por-la-quita-de-fondos-educativos\/\"]}]},{\"@type\":\"ImageObject\",\"inLanguage\":\"es-AR\",\"@id\":\"https:\/\/apuntesdesanluis.com\/index.php\/2024\/02\/22\/la-provincia-de-rio-negro-demando-al-gobierno-nacional-por-la-quita-de-fondos-educativos\/#primaryimage\",\"url\":\"https:\/\/apuntesdesanluis.com\/wp-content\/uploads\/2024\/02\/WERELTINEK.png\",\"contentUrl\":\"https:\/\/apuntesdesanluis.com\/wp-content\/uploads\/2024\/02\/WERELTINEK.png\",\"width\":600,\"height\":356},{\"@type\":\"BreadcrumbList\",\"@id\":\"https:\/\/apuntesdesanluis.com\/index.php\/2024\/02\/22\/la-provincia-de-rio-negro-demando-al-gobierno-nacional-por-la-quita-de-fondos-educativos\/#breadcrumb\",\"itemListElement\":[{\"@type\":\"ListItem\",\"position\":1,\"name\":\"Inicio\",\"item\":\"https:\/\/apuntesdesanluis.com\/\"},{\"@type\":\"ListItem\",\"position\":2,\"name\":\"LA PROVINCIA DE R\u00cdO NEGRO DEMAND\u00d3 AL GOBIERNO NACIONAL POR LA QUITA DE FONDOS EDUCATIVOS\"}]},{\"@type\":\"WebSite\",\"@id\":\"https:\/\/apuntesdesanluis.com\/#website\",\"url\":\"https:\/\/apuntesdesanluis.com\/\",\"name\":\"Apuntes de San Luis\",\"description\":\"\",\"publisher\":{\"@id\":\"https:\/\/apuntesdesanluis.com\/#\/schema\/person\/b55151d52296fcce64d1a72538a70b90\"},\"potentialAction\":[{\"@type\":\"SearchAction\",\"target\":{\"@type\":\"EntryPoint\",\"urlTemplate\":\"https:\/\/apuntesdesanluis.com\/?s={search_term_string}\"},\"query-input\":{\"@type\":\"PropertyValueSpecification\",\"valueRequired\":true,\"valueName\":\"search_term_string\"}}],\"inLanguage\":\"es-AR\"},{\"@type\":[\"Person\",\"Organization\"],\"@id\":\"https:\/\/apuntesdesanluis.com\/#\/schema\/person\/b55151d52296fcce64d1a72538a70b90\",\"name\":\"apuntesdesanluis.com\",\"image\":{\"@type\":\"ImageObject\",\"inLanguage\":\"es-AR\",\"@id\":\"https:\/\/apuntesdesanluis.com\/#\/schema\/person\/image\/\",\"url\":\"https:\/\/apuntesdesanluis.com\/wp-content\/uploads\/2023\/07\/cropped-apuntesdesanluis.png\",\"contentUrl\":\"https:\/\/apuntesdesanluis.com\/wp-content\/uploads\/2023\/07\/cropped-apuntesdesanluis.png\",\"width\":450,\"height\":112,\"caption\":\"apuntesdesanluis.com\"},\"logo\":{\"@id\":\"https:\/\/apuntesdesanluis.com\/#\/schema\/person\/image\/\"},\"sameAs\":[\"https:\/\/apuntesdesanluis.com\"],\"url\":\"https:\/\/apuntesdesanluis.com\/index.php\/author\/apuntesdesanluis-com\/\"}]}<\/script>\n<!-- \/ Yoast SEO plugin. -->","yoast_head_json":{"title":"LA PROVINCIA DE R\u00cdO NEGRO DEMAND\u00d3 AL GOBIERNO NACIONAL POR LA QUITA DE FONDOS EDUCATIVOS - Apuntes de San Luis","robots":{"index":"index","follow":"follow","max-snippet":"max-snippet:-1","max-image-preview":"max-image-preview:large","max-video-preview":"max-video-preview:-1"},"canonical":"https:\/\/apuntesdesanluis.com\/index.php\/2024\/02\/22\/la-provincia-de-rio-negro-demando-al-gobierno-nacional-por-la-quita-de-fondos-educativos\/","og_locale":"es_ES","og_type":"article","og_title":"LA PROVINCIA DE R\u00cdO NEGRO DEMAND\u00d3 AL GOBIERNO NACIONAL POR LA QUITA DE FONDOS EDUCATIVOS - Apuntes de San Luis","og_description":"El gobierno de la provincia de R\u00edo Negro present\u00f3 una acci\u00f3n de amparo ante el...","og_url":"https:\/\/apuntesdesanluis.com\/index.php\/2024\/02\/22\/la-provincia-de-rio-negro-demando-al-gobierno-nacional-por-la-quita-de-fondos-educativos\/","og_site_name":"Apuntes de San Luis","article_published_time":"2024-02-23T00:48:58+00:00","og_image":[{"width":600,"height":356,"url":"https:\/\/apuntesdesanluis.com\/wp-content\/uploads\/2024\/02\/WERELTINEK.png","type":"image\/png"}],"author":"apuntesdesanluis.com","twitter_card":"summary_large_image","twitter_misc":{"Escrito por":"apuntesdesanluis.com","Tiempo de lectura":"2 minutos"},"schema":{"@context":"https:\/\/schema.org","@graph":[{"@type":"Article","@id":"https:\/\/apuntesdesanluis.com\/index.php\/2024\/02\/22\/la-provincia-de-rio-negro-demando-al-gobierno-nacional-por-la-quita-de-fondos-educativos\/#article","isPartOf":{"@id":"https:\/\/apuntesdesanluis.com\/index.php\/2024\/02\/22\/la-provincia-de-rio-negro-demando-al-gobierno-nacional-por-la-quita-de-fondos-educativos\/"},"author":{"name":"apuntesdesanluis.com","@id":"https:\/\/apuntesdesanluis.com\/#\/schema\/person\/b55151d52296fcce64d1a72538a70b90"},"headline":"LA PROVINCIA DE R\u00cdO NEGRO DEMAND\u00d3 AL GOBIERNO NACIONAL POR LA QUITA DE FONDOS EDUCATIVOS","datePublished":"2024-02-23T00:48:58+00:00","mainEntityOfPage":{"@id":"https:\/\/apuntesdesanluis.com\/index.php\/2024\/02\/22\/la-provincia-de-rio-negro-demando-al-gobierno-nacional-por-la-quita-de-fondos-educativos\/"},"wordCount":404,"publisher":{"@id":"https:\/\/apuntesdesanluis.com\/#\/schema\/person\/b55151d52296fcce64d1a72538a70b90"},"image":{"@id":"https:\/\/apuntesdesanluis.com\/index.php\/2024\/02\/22\/la-provincia-de-rio-negro-demando-al-gobierno-nacional-por-la-quita-de-fondos-educativos\/#primaryimage"},"thumbnailUrl":"https:\/\/apuntesdesanluis.com\/wp-content\/uploads\/2024\/02\/WERELTINEK.png","articleSection":["Nacionales\/Internacionales"],"inLanguage":"es-AR"},{"@type":"WebPage","@id":"https:\/\/apuntesdesanluis.com\/index.php\/2024\/02\/22\/la-provincia-de-rio-negro-demando-al-gobierno-nacional-por-la-quita-de-fondos-educativos\/","url":"https:\/\/apuntesdesanluis.com\/index.php\/2024\/02\/22\/la-provincia-de-rio-negro-demando-al-gobierno-nacional-por-la-quita-de-fondos-educativos\/","name":"LA PROVINCIA DE R\u00cdO NEGRO DEMAND\u00d3 AL GOBIERNO NACIONAL POR LA QUITA DE FONDOS EDUCATIVOS - Apuntes de San Luis","isPartOf":{"@id":"https:\/\/apuntesdesanluis.com\/#website"},"primaryImageOfPage":{"@id":"https:\/\/apuntesdesanluis.com\/index.php\/2024\/02\/22\/la-provincia-de-rio-negro-demando-al-gobierno-nacional-por-la-quita-de-fondos-educativos\/#primaryimage"},"image":{"@id":"https:\/\/apuntesdesanluis.com\/index.php\/2024\/02\/22\/la-provincia-de-rio-negro-demando-al-gobierno-nacional-por-la-quita-de-fondos-educativos\/#primaryimage"},"thumbnailUrl":"https:\/\/apuntesdesanluis.com\/wp-content\/uploads\/2024\/02\/WERELTINEK.png","datePublished":"2024-02-23T00:48:58+00:00","breadcrumb":{"@id":"https:\/\/apuntesdesanluis.com\/index.php\/2024\/02\/22\/la-provincia-de-rio-negro-demando-al-gobierno-nacional-por-la-quita-de-fondos-educativos\/#breadcrumb"},"inLanguage":"es-AR","potentialAction":[{"@type":"ReadAction","target":["https:\/\/apuntesdesanluis.com\/index.php\/2024\/02\/22\/la-provincia-de-rio-negro-demando-al-gobierno-nacional-por-la-quita-de-fondos-educativos\/"]}]},{"@type":"ImageObject","inLanguage":"es-AR","@id":"https:\/\/apuntesdesanluis.com\/index.php\/2024\/02\/22\/la-provincia-de-rio-negro-demando-al-gobierno-nacional-por-la-quita-de-fondos-educativos\/#primaryimage","url":"https:\/\/apuntesdesanluis.com\/wp-content\/uploads\/2024\/02\/WERELTINEK.png","contentUrl":"https:\/\/apuntesdesanluis.com\/wp-content\/uploads\/2024\/02\/WERELTINEK.png","width":600,"height":356},{"@type":"BreadcrumbList","@id":"https:\/\/apuntesdesanluis.com\/index.php\/2024\/02\/22\/la-provincia-de-rio-negro-demando-al-gobierno-nacional-por-la-quita-de-fondos-educativos\/#breadcrumb","itemListElement":[{"@type":"ListItem","position":1,"name":"Inicio","item":"https:\/\/apuntesdesanluis.com\/"},{"@type":"ListItem","position":2,"name":"LA PROVINCIA DE R\u00cdO NEGRO DEMAND\u00d3 AL GOBIERNO NACIONAL POR LA QUITA DE FONDOS EDUCATIVOS"}]},{"@type":"WebSite","@id":"https:\/\/apuntesdesanluis.com\/#website","url":"https:\/\/apuntesdesanluis.com\/","name":"Apuntes de San Luis","description":"","publisher":{"@id":"https:\/\/apuntesdesanluis.com\/#\/schema\/person\/b55151d52296fcce64d1a72538a70b90"},"potentialAction":[{"@type":"SearchAction","target":{"@type":"EntryPoint","urlTemplate":"https:\/\/apuntesdesanluis.com\/?s={search_term_string}"},"query-input":{"@type":"PropertyValueSpecification","valueRequired":true,"valueName":"search_term_string"}}],"inLanguage":"es-AR"},{"@type":["Person","Organization"],"@id":"https:\/\/apuntesdesanluis.com\/#\/schema\/person\/b55151d52296fcce64d1a72538a70b90","name":"apuntesdesanluis.com","image":{"@type":"ImageObject","inLanguage":"es-AR","@id":"https:\/\/apuntesdesanluis.com\/#\/schema\/person\/image\/","url":"https:\/\/apuntesdesanluis.com\/wp-content\/uploads\/2023\/07\/cropped-apuntesdesanluis.png","contentUrl":"https:\/\/apuntesdesanluis.com\/wp-content\/uploads\/2023\/07\/cropped-apuntesdesanluis.png","width":450,"height":112,"caption":"apuntesdesanluis.com"},"logo":{"@id":"https:\/\/apuntesdesanluis.com\/#\/schema\/person\/image\/"},"sameAs":["https:\/\/apuntesdesanluis.com"],"url":"https:\/\/apuntesdesanluis.com\/index.php\/author\/apuntesdesanluis-com\/"}]}},"featured_image_urls":{"full":["https:\/\/apuntesdesanluis.com\/wp-content\/uploads\/2024\/02\/WERELTINEK.png",600,356,false],"thumbnail":["https:\/\/apuntesdesanluis.com\/wp-content\/uploads\/2024\/02\/WERELTINEK-150x150.png",150,150,true],"medium":["https:\/\/apuntesdesanluis.com\/wp-content\/uploads\/2024\/02\/WERELTINEK-300x178.png",300,178,true],"medium_large":["https:\/\/apuntesdesanluis.com\/wp-content\/uploads\/2024\/02\/WERELTINEK.png",600,356,false],"large":["https:\/\/apuntesdesanluis.com\/wp-content\/uploads\/2024\/02\/WERELTINEK.png",600,356,false],"1536x1536":["https:\/\/apuntesdesanluis.com\/wp-content\/uploads\/2024\/02\/WERELTINEK.png",600,356,false],"2048x2048":["https:\/\/apuntesdesanluis.com\/wp-content\/uploads\/2024\/02\/WERELTINEK.png",600,356,false],"newsever-slider-full":["https:\/\/apuntesdesanluis.com\/wp-content\/uploads\/2024\/02\/WERELTINEK.png",600,356,false],"newsever-featured":["https:\/\/apuntesdesanluis.com\/wp-content\/uploads\/2024\/02\/WERELTINEK.png",600,356,false],"newsever-medium":["https:\/\/apuntesdesanluis.com\/wp-content\/uploads\/2024\/02\/WERELTINEK.png",600,356,false]},"author_info":{"display_name":"apuntesdesanluis.com","author_link":"https:\/\/apuntesdesanluis.com\/index.php\/author\/apuntesdesanluis-com\/"},"category_info":"<a href=\"https:\/\/apuntesdesanluis.com\/index.php\/category\/nacionales-internacionales\/\" rel=\"category tag\">Nacionales\/Internacionales<\/a>","tag_info":"Nacionales\/Internacionales","comment_count":"0","_links":{"self":[{"href":"https:\/\/apuntesdesanluis.com\/index.php\/wp-json\/wp\/v2\/posts\/12163","targetHints":{"allow":["GET"]}}],"collection":[{"href":"https:\/\/apuntesdesanluis.com\/index.php\/wp-json\/wp\/v2\/posts"}],"about":[{"href":"https:\/\/apuntesdesanluis.com\/index.php\/wp-json\/wp\/v2\/types\/post"}],"author":[{"embeddable":true,"href":"https:\/\/apuntesdesanluis.com\/index.php\/wp-json\/wp\/v2\/users\/1"}],"replies":[{"embeddable":true,"href":"https:\/\/apuntesdesanluis.com\/index.php\/wp-json\/wp\/v2\/comments?post=12163"}],"version-history":[{"count":1,"href":"https:\/\/apuntesdesanluis.com\/index.php\/wp-json\/wp\/v2\/posts\/12163\/revisions"}],"predecessor-version":[{"id":12165,"href":"https:\/\/apuntesdesanluis.com\/index.php\/wp-json\/wp\/v2\/posts\/12163\/revisions\/12165"}],"wp:featuredmedia":[{"embeddable":true,"href":"https:\/\/apuntesdesanluis.com\/index.php\/wp-json\/wp\/v2\/media\/12164"}],"wp:attachment":[{"href":"https:\/\/apuntesdesanluis.com\/index.php\/wp-json\/wp\/v2\/media?parent=12163"}],"wp:term":[{"taxonomy":"category","embeddable":true,"href":"https:\/\/apuntesdesanluis.com\/index.php\/wp-json\/wp\/v2\/categories?post=12163"},{"taxonomy":"post_tag","embeddable":true,"href":"https:\/\/apuntesdesanluis.com\/index.php\/wp-json\/wp\/v2\/tags?post=12163"}],"curies":[{"name":"wp","href":"https:\/\/api.w.org\/{rel}","templated":true}]}}