{"id":12173,"date":"2024-02-22T10:43:36","date_gmt":"2024-02-22T13:43:36","guid":{"rendered":"https:\/\/apuntesdesanluis.com\/?p=12173"},"modified":"2024-02-22T23:09:51","modified_gmt":"2024-02-23T02:09:51","slug":"los-docentes-de-la-provincia-debaten-si-adhieren-al-paro-de-ctera","status":"publish","type":"post","link":"https:\/\/apuntesdesanluis.com\/index.php\/2024\/02\/22\/los-docentes-de-la-provincia-debaten-si-adhieren-al-paro-de-ctera\/","title":{"rendered":"LOS DOCENTES DE LA PROVINCIA DEBATEN SI ADHIEREN AL PARO DE CTERA"},"content":{"rendered":"<h3>Esta semana los cinco gremios provinciales realizaron asambleas de consultas con sus bases para resolver si adhieren o no al paro nacional convocado por la <strong>Confederaci\u00f3n de Trabajadores de la Educaci\u00f3n de la Rep\u00fablica Argentina<\/strong> (CTERA) para el lunes 26. Podr\u00edan dar a conocer un comunicado conjunto.<\/h3>\n<p><img fetchpriority=\"high\" decoding=\"async\" class=\"wp-image-12177 aligncenter\" src=\"https:\/\/apuntesdesanluis.com\/wp-content\/uploads\/2024\/02\/ctera-300x212.jpg\" alt=\"\" width=\"526\" height=\"372\" srcset=\"https:\/\/apuntesdesanluis.com\/wp-content\/uploads\/2024\/02\/ctera-300x212.jpg 300w, https:\/\/apuntesdesanluis.com\/wp-content\/uploads\/2024\/02\/ctera.jpg 600w\" sizes=\"(max-width: 526px) 100vw, 526px\" \/><\/p>\n<h3>Las resoluciones adoptadas por el congreso nacional de la entidad gremial fueron las siguientes:<\/h3>\n<h3>1.- No inicio del ciclo lectivo con Paro Nacional el d\u00eda 26\/02, con movilizaciones en todo el pa\u00eds.<\/h3>\n<h3>2.- Presentarse el d\u00eda 27\/02 exigiendo a la Naci\u00f3n la transferencia de FONID, Fondo Compensador y de programas educativos a todas las provincias, regulado por las Leyes 25053, 26075 y 26206.<\/h3>\n<h3>3.- Exigir la conformaci\u00f3n de la Mesa Paritaria Nacional en el marco del art\u00edculo 10 de la Ley de Financiamiento Educativo y del Decreto Reglamentario 47\/07.<\/h3>\n<h3>4.- Convocar al Plenario de Secretarios y Secretarias Generales para dar continuidad al Plan de Lucha en caso de no tener respuestas a lo reclamado para el d\u00eda mi\u00e9rcoles 28.<\/h3>\n<h3>5.- Repudiar la persecuci\u00f3n pol\u00edtica y el Protocolo de Patricia Bullrich. Asimismo exigir el desprocesamiento de los luchadores populares.<\/h3>\n<h3>6.- Fortalecer la unidad con las organizaciones obreras y del campo popular para la construcci\u00f3n de un plan de acci\u00f3n y un paro nacional con movilizaci\u00f3n.<\/h3>\n<h3>7.- En el marco del Paro Internacional del 8M, realizar jornadas de lucha en todas las jurisdicciones.<\/h3>\n<h3>8.- Defensa de la Jubilaci\u00f3n Nacional Docente y de las Cajas Provinciales.<\/h3>\n<h3>9.- Llamar a la m\u00e1s amplia unidad con la comunidad educativa y organizaciones sindicales y sociales para enfrentar el brutal ajuste que pretende imponer el Gobierno Nacional a la Educaci\u00f3n P\u00fablica.<\/h3>\n<p><img decoding=\"async\" class=\"wp-image-12174 aligncenter\" src=\"https:\/\/apuntesdesanluis.com\/wp-content\/uploads\/2024\/02\/asde-212x300.jpg\" alt=\"\" width=\"427\" height=\"604\" srcset=\"https:\/\/apuntesdesanluis.com\/wp-content\/uploads\/2024\/02\/asde-212x300.jpg 212w, https:\/\/apuntesdesanluis.com\/wp-content\/uploads\/2024\/02\/asde.jpg 600w\" sizes=\"(max-width: 427px) 100vw, 427px\" \/><\/p>\n<p><img decoding=\"async\" class=\"wp-image-12175 aligncenter\" src=\"https:\/\/apuntesdesanluis.com\/wp-content\/uploads\/2024\/02\/amet-300x212.jpg\" alt=\"\" width=\"427\" height=\"302\" srcset=\"https:\/\/apuntesdesanluis.com\/wp-content\/uploads\/2024\/02\/amet-300x212.jpg 300w, https:\/\/apuntesdesanluis.com\/wp-content\/uploads\/2024\/02\/amet.jpg 600w\" sizes=\"(max-width: 427px) 100vw, 427px\" \/><\/p>\n<h3><strong>ADVERTENCIA<\/strong><\/h3>\n<h3>Sobre lo resuelto en la \u00faltima asamblea del martes 20 en UTEP San Luis, este gremio inform\u00f3 que los sindicatos docentes nacionales nucleados en la CGT, (CEA, UDA, SADOP y AMET) convocar\u00edan a un paro y movilizaci\u00f3n si no se llama a Paritaria Nacional para acordar las condiciones laborales.<\/h3>\n<h3>El comunicado agreg\u00f3:<\/h3>\n<h3>&#8211; Nuestro poder adquisitivo disminuy\u00f3, producto de una devaluaci\u00f3n del 118%, un proceso inflacionario creciente,\u00a0 la quita de subsidio al transporte y servicios.<\/h3>\n<h3>&#8211; El Gobierno Nacional dej\u00f3 de enviar los fondos para el incentivo docente, conectividad, material did\u00e1ctico,\u00a0 infraestructura y el fondo Compensador para aquellas provincias que no llegan a cubrir el m\u00ednimo salarial docente, (esos fondos representan casi el %10 del salario).<\/h3>\n<h3>-Amenazan con declarar a la Educaci\u00f3n como servicio esencial (limitar\u00eda entre otras cosas el derecho a huelga).\u00a0 A nivel provincial, el Gobierno no ha convocado a una mesa de discusi\u00f3n salarial, ni se ha expresado en relaci\u00f3n a la recomposici\u00f3n del mismo como lo han solicitado los sindicatos de la provincia de San Luis.<\/h3>\n<h3>Ante este escenario la Asamblea de afiliados y afiliadas realizada en el d\u00eda de ayer paso a cuarto intermedio para el d\u00eda jueves 22 a las 19 hs.<\/h3>\n<h3>Se resolvi\u00f3:<\/h3>\n<h3>1) Dialogar en cada escuela con los\/as colegas sobre la situaci\u00f3n descripta y decidir un plan de acci\u00f3n para llevar adelante.<\/h3>\n<h3>2) El d\u00eda jueves, los\/As afiliados\/As, en asamblea, traer\u00e1n la voz de los colegas de las distintas instituciones, para elaborar dicho plan.<\/h3>\n<h3><span style=\"color: #3366ff;\"><strong>NOTICIA RELACIONADA:<\/strong><\/span><\/h3>\n<p><a href=\"https:\/\/apuntesdesanluis.com\/index.php\/2024\/02\/22\/el-gobierno-informo-que-el-lunes-26-comienzan-las-clases-en-toda-la-provincia\/\" target=\"_blank\" rel=\"noopener\"><img loading=\"lazy\" decoding=\"async\" class=\"alignnone wp-image-12178\" src=\"https:\/\/apuntesdesanluis.com\/wp-content\/uploads\/2024\/02\/POSTEO-9-300x232.png\" alt=\"\" width=\"459\" height=\"355\" srcset=\"https:\/\/apuntesdesanluis.com\/wp-content\/uploads\/2024\/02\/POSTEO-9-300x232.png 300w, https:\/\/apuntesdesanluis.com\/wp-content\/uploads\/2024\/02\/POSTEO-9.png 600w\" sizes=\"(max-width: 459px) 100vw, 459px\" \/><\/a><\/p>\n<p>&nbsp;<\/p>\n<p>&nbsp;<\/p>\n<p>&nbsp;<\/p>\n<p>&nbsp;<\/p>\n","protected":false},"excerpt":{"rendered":"<p>Esta semana los cinco gremios provinciales realizaron asambleas de consultas con sus bases para resolver&#8230;<\/p>\n","protected":false},"author":1,"featured_media":12179,"comment_status":"closed","ping_status":"closed","sticky":false,"template":"","format":"standard","meta":{"footnotes":""},"categories":[6],"tags":[],"class_list":["post-12173","post","type-post","status-publish","format-standard","has-post-thumbnail","hentry","category-ciudad-provincia"],"yoast_head":"<!-- This site is optimized with the Yoast SEO plugin v26.1.1 - https:\/\/yoast.com\/wordpress\/plugins\/seo\/ -->\n<title>LOS DOCENTES DE LA PROVINCIA DEBATEN SI ADHIEREN AL PARO DE CTERA - Apuntes de San Luis<\/title>\n<meta name=\"robots\" content=\"index, follow, max-snippet:-1, max-image-preview:large, max-video-preview:-1\" \/>\n<link rel=\"canonical\" href=\"https:\/\/apuntesdesanluis.com\/index.php\/2024\/02\/22\/los-docentes-de-la-provincia-debaten-si-adhieren-al-paro-de-ctera\/\" \/>\n<meta property=\"og:locale\" content=\"es_ES\" \/>\n<meta property=\"og:type\" content=\"article\" \/>\n<meta property=\"og:title\" content=\"LOS DOCENTES DE LA PROVINCIA DEBATEN SI ADHIEREN AL PARO DE CTERA - Apuntes de San Luis\" \/>\n<meta property=\"og:description\" content=\"Esta semana los cinco gremios provinciales realizaron asambleas de consultas con sus bases para resolver...\" \/>\n<meta property=\"og:url\" content=\"https:\/\/apuntesdesanluis.com\/index.php\/2024\/02\/22\/los-docentes-de-la-provincia-debaten-si-adhieren-al-paro-de-ctera\/\" \/>\n<meta property=\"og:site_name\" content=\"Apuntes de San Luis\" \/>\n<meta property=\"article:published_time\" content=\"2024-02-22T13:43:36+00:00\" \/>\n<meta property=\"article:modified_time\" content=\"2024-02-23T02:09:51+00:00\" \/>\n<meta property=\"og:image\" content=\"https:\/\/apuntesdesanluis.com\/wp-content\/uploads\/2024\/02\/asamblea-utep.png\" \/>\n\t<meta property=\"og:image:width\" content=\"617\" \/>\n\t<meta property=\"og:image:height\" content=\"329\" \/>\n\t<meta property=\"og:image:type\" content=\"image\/png\" \/>\n<meta name=\"author\" content=\"apuntesdesanluis.com\" \/>\n<meta name=\"twitter:card\" content=\"summary_large_image\" \/>\n<meta name=\"twitter:label1\" content=\"Escrito por\" \/>\n\t<meta name=\"twitter:data1\" content=\"apuntesdesanluis.com\" \/>\n\t<meta name=\"twitter:label2\" content=\"Tiempo de lectura\" \/>\n\t<meta name=\"twitter:data2\" content=\"4 minutos\" \/>\n<script type=\"application\/ld+json\" class=\"yoast-schema-graph\">{\"@context\":\"https:\/\/schema.org\",\"@graph\":[{\"@type\":\"Article\",\"@id\":\"https:\/\/apuntesdesanluis.com\/index.php\/2024\/02\/22\/los-docentes-de-la-provincia-debaten-si-adhieren-al-paro-de-ctera\/#article\",\"isPartOf\":{\"@id\":\"https:\/\/apuntesdesanluis.com\/index.php\/2024\/02\/22\/los-docentes-de-la-provincia-debaten-si-adhieren-al-paro-de-ctera\/\"},\"author\":{\"name\":\"apuntesdesanluis.com\",\"@id\":\"https:\/\/apuntesdesanluis.com\/#\/schema\/person\/b55151d52296fcce64d1a72538a70b90\"},\"headline\":\"LOS DOCENTES DE LA PROVINCIA DEBATEN SI ADHIEREN AL PARO DE CTERA\",\"datePublished\":\"2024-02-22T13:43:36+00:00\",\"dateModified\":\"2024-02-23T02:09:51+00:00\",\"mainEntityOfPage\":{\"@id\":\"https:\/\/apuntesdesanluis.com\/index.php\/2024\/02\/22\/los-docentes-de-la-provincia-debaten-si-adhieren-al-paro-de-ctera\/\"},\"wordCount\":557,\"publisher\":{\"@id\":\"https:\/\/apuntesdesanluis.com\/#\/schema\/person\/b55151d52296fcce64d1a72538a70b90\"},\"image\":{\"@id\":\"https:\/\/apuntesdesanluis.com\/index.php\/2024\/02\/22\/los-docentes-de-la-provincia-debaten-si-adhieren-al-paro-de-ctera\/#primaryimage\"},\"thumbnailUrl\":\"https:\/\/apuntesdesanluis.com\/wp-content\/uploads\/2024\/02\/asamblea-utep.png\",\"articleSection\":[\"Ciudad\/Provincia\"],\"inLanguage\":\"es-AR\"},{\"@type\":\"WebPage\",\"@id\":\"https:\/\/apuntesdesanluis.com\/index.php\/2024\/02\/22\/los-docentes-de-la-provincia-debaten-si-adhieren-al-paro-de-ctera\/\",\"url\":\"https:\/\/apuntesdesanluis.com\/index.php\/2024\/02\/22\/los-docentes-de-la-provincia-debaten-si-adhieren-al-paro-de-ctera\/\",\"name\":\"LOS DOCENTES DE LA PROVINCIA DEBATEN SI ADHIEREN AL PARO DE CTERA - Apuntes de San Luis\",\"isPartOf\":{\"@id\":\"https:\/\/apuntesdesanluis.com\/#website\"},\"primaryImageOfPage\":{\"@id\":\"https:\/\/apuntesdesanluis.com\/index.php\/2024\/02\/22\/los-docentes-de-la-provincia-debaten-si-adhieren-al-paro-de-ctera\/#primaryimage\"},\"image\":{\"@id\":\"https:\/\/apuntesdesanluis.com\/index.php\/2024\/02\/22\/los-docentes-de-la-provincia-debaten-si-adhieren-al-paro-de-ctera\/#primaryimage\"},\"thumbnailUrl\":\"https:\/\/apuntesdesanluis.com\/wp-content\/uploads\/2024\/02\/asamblea-utep.png\",\"datePublished\":\"2024-02-22T13:43:36+00:00\",\"dateModified\":\"2024-02-23T02:09:51+00:00\",\"breadcrumb\":{\"@id\":\"https:\/\/apuntesdesanluis.com\/index.php\/2024\/02\/22\/los-docentes-de-la-provincia-debaten-si-adhieren-al-paro-de-ctera\/#breadcrumb\"},\"inLanguage\":\"es-AR\",\"potentialAction\":[{\"@type\":\"ReadAction\",\"target\":[\"https:\/\/apuntesdesanluis.com\/index.php\/2024\/02\/22\/los-docentes-de-la-provincia-debaten-si-adhieren-al-paro-de-ctera\/\"]}]},{\"@type\":\"ImageObject\",\"inLanguage\":\"es-AR\",\"@id\":\"https:\/\/apuntesdesanluis.com\/index.php\/2024\/02\/22\/los-docentes-de-la-provincia-debaten-si-adhieren-al-paro-de-ctera\/#primaryimage\",\"url\":\"https:\/\/apuntesdesanluis.com\/wp-content\/uploads\/2024\/02\/asamblea-utep.png\",\"contentUrl\":\"https:\/\/apuntesdesanluis.com\/wp-content\/uploads\/2024\/02\/asamblea-utep.png\",\"width\":617,\"height\":329},{\"@type\":\"BreadcrumbList\",\"@id\":\"https:\/\/apuntesdesanluis.com\/index.php\/2024\/02\/22\/los-docentes-de-la-provincia-debaten-si-adhieren-al-paro-de-ctera\/#breadcrumb\",\"itemListElement\":[{\"@type\":\"ListItem\",\"position\":1,\"name\":\"Inicio\",\"item\":\"https:\/\/apuntesdesanluis.com\/\"},{\"@type\":\"ListItem\",\"position\":2,\"name\":\"LOS DOCENTES DE LA PROVINCIA DEBATEN SI ADHIEREN AL PARO DE CTERA\"}]},{\"@type\":\"WebSite\",\"@id\":\"https:\/\/apuntesdesanluis.com\/#website\",\"url\":\"https:\/\/apuntesdesanluis.com\/\",\"name\":\"Apuntes de San Luis\",\"description\":\"\",\"publisher\":{\"@id\":\"https:\/\/apuntesdesanluis.com\/#\/schema\/person\/b55151d52296fcce64d1a72538a70b90\"},\"potentialAction\":[{\"@type\":\"SearchAction\",\"target\":{\"@type\":\"EntryPoint\",\"urlTemplate\":\"https:\/\/apuntesdesanluis.com\/?s={search_term_string}\"},\"query-input\":{\"@type\":\"PropertyValueSpecification\",\"valueRequired\":true,\"valueName\":\"search_term_string\"}}],\"inLanguage\":\"es-AR\"},{\"@type\":[\"Person\",\"Organization\"],\"@id\":\"https:\/\/apuntesdesanluis.com\/#\/schema\/person\/b55151d52296fcce64d1a72538a70b90\",\"name\":\"apuntesdesanluis.com\",\"image\":{\"@type\":\"ImageObject\",\"inLanguage\":\"es-AR\",\"@id\":\"https:\/\/apuntesdesanluis.com\/#\/schema\/person\/image\/\",\"url\":\"https:\/\/apuntesdesanluis.com\/wp-content\/uploads\/2023\/07\/cropped-apuntesdesanluis.png\",\"contentUrl\":\"https:\/\/apuntesdesanluis.com\/wp-content\/uploads\/2023\/07\/cropped-apuntesdesanluis.png\",\"width\":450,\"height\":112,\"caption\":\"apuntesdesanluis.com\"},\"logo\":{\"@id\":\"https:\/\/apuntesdesanluis.com\/#\/schema\/person\/image\/\"},\"sameAs\":[\"https:\/\/apuntesdesanluis.com\"],\"url\":\"https:\/\/apuntesdesanluis.com\/index.php\/author\/apuntesdesanluis-com\/\"}]}<\/script>\n<!-- \/ Yoast SEO plugin. -->","yoast_head_json":{"title":"LOS DOCENTES DE LA PROVINCIA DEBATEN SI ADHIEREN AL PARO DE CTERA - Apuntes de San Luis","robots":{"index":"index","follow":"follow","max-snippet":"max-snippet:-1","max-image-preview":"max-image-preview:large","max-video-preview":"max-video-preview:-1"},"canonical":"https:\/\/apuntesdesanluis.com\/index.php\/2024\/02\/22\/los-docentes-de-la-provincia-debaten-si-adhieren-al-paro-de-ctera\/","og_locale":"es_ES","og_type":"article","og_title":"LOS DOCENTES DE LA PROVINCIA DEBATEN SI ADHIEREN AL PARO DE CTERA - Apuntes de San Luis","og_description":"Esta semana los cinco gremios provinciales realizaron asambleas de consultas con sus bases para resolver...","og_url":"https:\/\/apuntesdesanluis.com\/index.php\/2024\/02\/22\/los-docentes-de-la-provincia-debaten-si-adhieren-al-paro-de-ctera\/","og_site_name":"Apuntes de San Luis","article_published_time":"2024-02-22T13:43:36+00:00","article_modified_time":"2024-02-23T02:09:51+00:00","og_image":[{"width":617,"height":329,"url":"https:\/\/apuntesdesanluis.com\/wp-content\/uploads\/2024\/02\/asamblea-utep.png","type":"image\/png"}],"author":"apuntesdesanluis.com","twitter_card":"summary_large_image","twitter_misc":{"Escrito por":"apuntesdesanluis.com","Tiempo de lectura":"4 minutos"},"schema":{"@context":"https:\/\/schema.org","@graph":[{"@type":"Article","@id":"https:\/\/apuntesdesanluis.com\/index.php\/2024\/02\/22\/los-docentes-de-la-provincia-debaten-si-adhieren-al-paro-de-ctera\/#article","isPartOf":{"@id":"https:\/\/apuntesdesanluis.com\/index.php\/2024\/02\/22\/los-docentes-de-la-provincia-debaten-si-adhieren-al-paro-de-ctera\/"},"author":{"name":"apuntesdesanluis.com","@id":"https:\/\/apuntesdesanluis.com\/#\/schema\/person\/b55151d52296fcce64d1a72538a70b90"},"headline":"LOS DOCENTES DE LA PROVINCIA DEBATEN SI ADHIEREN AL PARO DE CTERA","datePublished":"2024-02-22T13:43:36+00:00","dateModified":"2024-02-23T02:09:51+00:00","mainEntityOfPage":{"@id":"https:\/\/apuntesdesanluis.com\/index.php\/2024\/02\/22\/los-docentes-de-la-provincia-debaten-si-adhieren-al-paro-de-ctera\/"},"wordCount":557,"publisher":{"@id":"https:\/\/apuntesdesanluis.com\/#\/schema\/person\/b55151d52296fcce64d1a72538a70b90"},"image":{"@id":"https:\/\/apuntesdesanluis.com\/index.php\/2024\/02\/22\/los-docentes-de-la-provincia-debaten-si-adhieren-al-paro-de-ctera\/#primaryimage"},"thumbnailUrl":"https:\/\/apuntesdesanluis.com\/wp-content\/uploads\/2024\/02\/asamblea-utep.png","articleSection":["Ciudad\/Provincia"],"inLanguage":"es-AR"},{"@type":"WebPage","@id":"https:\/\/apuntesdesanluis.com\/index.php\/2024\/02\/22\/los-docentes-de-la-provincia-debaten-si-adhieren-al-paro-de-ctera\/","url":"https:\/\/apuntesdesanluis.com\/index.php\/2024\/02\/22\/los-docentes-de-la-provincia-debaten-si-adhieren-al-paro-de-ctera\/","name":"LOS DOCENTES DE LA PROVINCIA DEBATEN SI ADHIEREN AL PARO DE CTERA - Apuntes de San Luis","isPartOf":{"@id":"https:\/\/apuntesdesanluis.com\/#website"},"primaryImageOfPage":{"@id":"https:\/\/apuntesdesanluis.com\/index.php\/2024\/02\/22\/los-docentes-de-la-provincia-debaten-si-adhieren-al-paro-de-ctera\/#primaryimage"},"image":{"@id":"https:\/\/apuntesdesanluis.com\/index.php\/2024\/02\/22\/los-docentes-de-la-provincia-debaten-si-adhieren-al-paro-de-ctera\/#primaryimage"},"thumbnailUrl":"https:\/\/apuntesdesanluis.com\/wp-content\/uploads\/2024\/02\/asamblea-utep.png","datePublished":"2024-02-22T13:43:36+00:00","dateModified":"2024-02-23T02:09:51+00:00","breadcrumb":{"@id":"https:\/\/apuntesdesanluis.com\/index.php\/2024\/02\/22\/los-docentes-de-la-provincia-debaten-si-adhieren-al-paro-de-ctera\/#breadcrumb"},"inLanguage":"es-AR","potentialAction":[{"@type":"ReadAction","target":["https:\/\/apuntesdesanluis.com\/index.php\/2024\/02\/22\/los-docentes-de-la-provincia-debaten-si-adhieren-al-paro-de-ctera\/"]}]},{"@type":"ImageObject","inLanguage":"es-AR","@id":"https:\/\/apuntesdesanluis.com\/index.php\/2024\/02\/22\/los-docentes-de-la-provincia-debaten-si-adhieren-al-paro-de-ctera\/#primaryimage","url":"https:\/\/apuntesdesanluis.com\/wp-content\/uploads\/2024\/02\/asamblea-utep.png","contentUrl":"https:\/\/apuntesdesanluis.com\/wp-content\/uploads\/2024\/02\/asamblea-utep.png","width":617,"height":329},{"@type":"BreadcrumbList","@id":"https:\/\/apuntesdesanluis.com\/index.php\/2024\/02\/22\/los-docentes-de-la-provincia-debaten-si-adhieren-al-paro-de-ctera\/#breadcrumb","itemListElement":[{"@type":"ListItem","position":1,"name":"Inicio","item":"https:\/\/apuntesdesanluis.com\/"},{"@type":"ListItem","position":2,"name":"LOS DOCENTES DE LA PROVINCIA DEBATEN SI ADHIEREN AL PARO DE CTERA"}]},{"@type":"WebSite","@id":"https:\/\/apuntesdesanluis.com\/#website","url":"https:\/\/apuntesdesanluis.com\/","name":"Apuntes de San Luis","description":"","publisher":{"@id":"https:\/\/apuntesdesanluis.com\/#\/schema\/person\/b55151d52296fcce64d1a72538a70b90"},"potentialAction":[{"@type":"SearchAction","target":{"@type":"EntryPoint","urlTemplate":"https:\/\/apuntesdesanluis.com\/?s={search_term_string}"},"query-input":{"@type":"PropertyValueSpecification","valueRequired":true,"valueName":"search_term_string"}}],"inLanguage":"es-AR"},{"@type":["Person","Organization"],"@id":"https:\/\/apuntesdesanluis.com\/#\/schema\/person\/b55151d52296fcce64d1a72538a70b90","name":"apuntesdesanluis.com","image":{"@type":"ImageObject","inLanguage":"es-AR","@id":"https:\/\/apuntesdesanluis.com\/#\/schema\/person\/image\/","url":"https:\/\/apuntesdesanluis.com\/wp-content\/uploads\/2023\/07\/cropped-apuntesdesanluis.png","contentUrl":"https:\/\/apuntesdesanluis.com\/wp-content\/uploads\/2023\/07\/cropped-apuntesdesanluis.png","width":450,"height":112,"caption":"apuntesdesanluis.com"},"logo":{"@id":"https:\/\/apuntesdesanluis.com\/#\/schema\/person\/image\/"},"sameAs":["https:\/\/apuntesdesanluis.com"],"url":"https:\/\/apuntesdesanluis.com\/index.php\/author\/apuntesdesanluis-com\/"}]}},"featured_image_urls":{"full":["https:\/\/apuntesdesanluis.com\/wp-content\/uploads\/2024\/02\/asamblea-utep.png",617,329,false],"thumbnail":["https:\/\/apuntesdesanluis.com\/wp-content\/uploads\/2024\/02\/asamblea-utep-150x150.png",150,150,true],"medium":["https:\/\/apuntesdesanluis.com\/wp-content\/uploads\/2024\/02\/asamblea-utep-300x160.png",300,160,true],"medium_large":["https:\/\/apuntesdesanluis.com\/wp-content\/uploads\/2024\/02\/asamblea-utep.png",617,329,false],"large":["https:\/\/apuntesdesanluis.com\/wp-content\/uploads\/2024\/02\/asamblea-utep.png",617,329,false],"1536x1536":["https:\/\/apuntesdesanluis.com\/wp-content\/uploads\/2024\/02\/asamblea-utep.png",617,329,false],"2048x2048":["https:\/\/apuntesdesanluis.com\/wp-content\/uploads\/2024\/02\/asamblea-utep.png",617,329,false],"newsever-slider-full":["https:\/\/apuntesdesanluis.com\/wp-content\/uploads\/2024\/02\/asamblea-utep.png",617,329,false],"newsever-featured":["https:\/\/apuntesdesanluis.com\/wp-content\/uploads\/2024\/02\/asamblea-utep.png",617,329,false],"newsever-medium":["https:\/\/apuntesdesanluis.com\/wp-content\/uploads\/2024\/02\/asamblea-utep.png",617,329,false]},"author_info":{"display_name":"apuntesdesanluis.com","author_link":"https:\/\/apuntesdesanluis.com\/index.php\/author\/apuntesdesanluis-com\/"},"category_info":"<a href=\"https:\/\/apuntesdesanluis.com\/index.php\/category\/ciudad-provincia\/\" rel=\"category tag\">Ciudad\/Provincia<\/a>","tag_info":"Ciudad\/Provincia","comment_count":"0","_links":{"self":[{"href":"https:\/\/apuntesdesanluis.com\/index.php\/wp-json\/wp\/v2\/posts\/12173","targetHints":{"allow":["GET"]}}],"collection":[{"href":"https:\/\/apuntesdesanluis.com\/index.php\/wp-json\/wp\/v2\/posts"}],"about":[{"href":"https:\/\/apuntesdesanluis.com\/index.php\/wp-json\/wp\/v2\/types\/post"}],"author":[{"embeddable":true,"href":"https:\/\/apuntesdesanluis.com\/index.php\/wp-json\/wp\/v2\/users\/1"}],"replies":[{"embeddable":true,"href":"https:\/\/apuntesdesanluis.com\/index.php\/wp-json\/wp\/v2\/comments?post=12173"}],"version-history":[{"count":3,"href":"https:\/\/apuntesdesanluis.com\/index.php\/wp-json\/wp\/v2\/posts\/12173\/revisions"}],"predecessor-version":[{"id":12182,"href":"https:\/\/apuntesdesanluis.com\/index.php\/wp-json\/wp\/v2\/posts\/12173\/revisions\/12182"}],"wp:featuredmedia":[{"embeddable":true,"href":"https:\/\/apuntesdesanluis.com\/index.php\/wp-json\/wp\/v2\/media\/12179"}],"wp:attachment":[{"href":"https:\/\/apuntesdesanluis.com\/index.php\/wp-json\/wp\/v2\/media?parent=12173"}],"wp:term":[{"taxonomy":"category","embeddable":true,"href":"https:\/\/apuntesdesanluis.com\/index.php\/wp-json\/wp\/v2\/categories?post=12173"},{"taxonomy":"post_tag","embeddable":true,"href":"https:\/\/apuntesdesanluis.com\/index.php\/wp-json\/wp\/v2\/tags?post=12173"}],"curies":[{"name":"wp","href":"https:\/\/api.w.org\/{rel}","templated":true}]}}