{"id":12183,"date":"2024-02-25T18:54:43","date_gmt":"2024-02-25T21:54:43","guid":{"rendered":"https:\/\/apuntesdesanluis.com\/?p=12183"},"modified":"2024-02-25T20:50:47","modified_gmt":"2024-02-25T23:50:47","slug":"en-simultaneo-con-el-comienzo-de-clases-los-docentes-convocan-a-movilizaciones-de-protesta","status":"publish","type":"post","link":"https:\/\/apuntesdesanluis.com\/index.php\/2024\/02\/25\/en-simultaneo-con-el-comienzo-de-clases-los-docentes-convocan-a-movilizaciones-de-protesta\/","title":{"rendered":"EN SIMULT\u00c1NEO CON EL COMIENZO DE CLASES, LOS DOCENTES CONVOCAN A MOVILIZACIONES DE PROTESTA"},"content":{"rendered":"<h3>El <strong>Calendario Escolar \u00danico<\/strong> establece que el per\u00edodo \u00e1ulico para los niveles inicial, primario y secundario de todas las modalidades, se extiende desde este lunes 26 de febrero hasta el 19 de diciembre de 2024. Pero dicho instrumento legal no contempla la efervescencia social producto de los reclamos de los trabajadores docentes.<\/h3>\n<h3>De hecho, mientras algunos docentes se presentar\u00e1n en las escuelas para iniciar su actividad, muchos otros adherir\u00e1n al paro nacional y se sumar\u00e1n a las protestas programadas en las principales ciudades de nuestra provincia, con epicentro en la ciudad de San Luis, convocadas por los cinco gremios docentes.<\/h3>\n<h3>\u201cAnte la grav\u00edsima situaci\u00f3n socioecon\u00f3mica actual\u201d, los sindicatos docentes <strong>ASDE, UTEP, AMET, UDA<\/strong> y <strong>SADOP<\/strong> resolvieron convocar a una marcha para este lunes 26, d\u00eda fijado para el comienzo del ciclo lectivo 2024, en consonancia con lo dispuesto por la <strong>Confederaci\u00f3n de Trabajadores de la Educaci\u00f3n de la Rep\u00fablica Argentina<\/strong> (CTERA).<\/h3>\n<p><img fetchpriority=\"high\" decoding=\"async\" class=\"wp-image-12177 aligncenter\" src=\"https:\/\/apuntesdesanluis.com\/wp-content\/uploads\/2024\/02\/ctera-300x212.jpg\" alt=\"\" width=\"589\" height=\"416\" srcset=\"https:\/\/apuntesdesanluis.com\/wp-content\/uploads\/2024\/02\/ctera-300x212.jpg 300w, https:\/\/apuntesdesanluis.com\/wp-content\/uploads\/2024\/02\/ctera.jpg 600w\" sizes=\"(max-width: 589px) 100vw, 589px\" \/><\/p>\n<h3>Los anuncios que formul\u00f3 el gobernador <strong>Claudio Poggi<\/strong> el viernes fueron calificados de &#8220;insuficientes&#8221; por la dirigencia gremial, que esperaba una recomposici\u00f3n salarial, dado que los empleados p\u00fablicos no ha tenido incrementos desde el a\u00f1o pasado, que les permitan compensar la p\u00e9rdida de poder adquisitivo por la devaluaci\u00f3n del 118% de diciembre y la inflaci\u00f3n registrada en el \u00faltimo trimestre y en lo que va de febrero.<\/h3>\n<h3>El \u00faltimo aumento se dispuso en noviembre y fue del 9%, por lo que tomados los incrementos de precios de ese mes, diciembre y enero, los gremios exigen una recomposici\u00f3n no menor a 60%.<\/h3>\n<h3>La concentraci\u00f3n tendr\u00e1 lugar en el\u00a0 Correo Central en la ciudad Capital, para iniciar la movilizaci\u00f3n a las 19:00 h.<\/h3>\n<h3>Los cuatro puntos principales del reclamo son un&#8221; urgente aumento salarial, el llamado a paritarias y la restituci\u00f3n del Fondo Nacional de Incentivo Docente e \u00edtem por conectividad&#8221;.<\/h3>\n<p>&nbsp;<\/p>\n<p><img decoding=\"async\" class=\"wp-image-12184 aligncenter\" src=\"https:\/\/apuntesdesanluis.com\/wp-content\/uploads\/2024\/02\/comunicado-conjunto-207x300.png\" alt=\"\" width=\"465\" height=\"674\" srcset=\"https:\/\/apuntesdesanluis.com\/wp-content\/uploads\/2024\/02\/comunicado-conjunto-207x300.png 207w, https:\/\/apuntesdesanluis.com\/wp-content\/uploads\/2024\/02\/comunicado-conjunto.png 604w\" sizes=\"(max-width: 465px) 100vw, 465px\" \/><\/p>\n<h3>Los sindicatos que\u00a0 representan a los docentes tambi\u00e9n est\u00e1n exigiendo al gobierno provincial que convoque a una mesa de di\u00e1logo donde se puedan considerar sus reclamos y advierten que de persistir la falta de respuestas profundizar\u00e1n su plan de lucha.<\/h3>\n<h3>Tambi\u00e9n habr\u00e1 concentraciones en Villa Mercedes y en Merlo.<\/h3>\n<p><img decoding=\"async\" class=\"wp-image-12255 aligncenter\" src=\"https:\/\/apuntesdesanluis.com\/wp-content\/uploads\/2024\/02\/marchas-docentes-169x300.jpg\" alt=\"\" width=\"438\" height=\"778\" srcset=\"https:\/\/apuntesdesanluis.com\/wp-content\/uploads\/2024\/02\/marchas-docentes-169x300.jpg 169w, https:\/\/apuntesdesanluis.com\/wp-content\/uploads\/2024\/02\/marchas-docentes-576x1024.jpg 576w, https:\/\/apuntesdesanluis.com\/wp-content\/uploads\/2024\/02\/marchas-docentes.jpg 600w\" sizes=\"(max-width: 438px) 100vw, 438px\" \/><\/p>\n<p><img loading=\"lazy\" decoding=\"async\" class=\"wp-image-12261 aligncenter\" src=\"https:\/\/apuntesdesanluis.com\/wp-content\/uploads\/2024\/02\/uda-san-luis-300x184.jpg\" alt=\"\" width=\"644\" height=\"395\" srcset=\"https:\/\/apuntesdesanluis.com\/wp-content\/uploads\/2024\/02\/uda-san-luis-300x184.jpg 300w, https:\/\/apuntesdesanluis.com\/wp-content\/uploads\/2024\/02\/uda-san-luis.jpg 647w\" sizes=\"(max-width: 644px) 100vw, 644px\" \/><\/p>\n<h3><span style=\"color: #3366ff;\">NOTICIA RELACIONADA:<\/span><\/h3>\n<p><a href=\"https:\/\/apuntesdesanluis.com\/index.php\/2024\/02\/22\/el-gobierno-informo-que-el-lunes-26-comienzan-las-clases-en-toda-la-provincia\/\" target=\"_blank\" rel=\"noopener\"><img loading=\"lazy\" decoding=\"async\" class=\"alignnone wp-image-12178\" src=\"https:\/\/apuntesdesanluis.com\/wp-content\/uploads\/2024\/02\/POSTEO-9-300x232.png\" alt=\"\" width=\"391\" height=\"302\" srcset=\"https:\/\/apuntesdesanluis.com\/wp-content\/uploads\/2024\/02\/POSTEO-9-300x232.png 300w, https:\/\/apuntesdesanluis.com\/wp-content\/uploads\/2024\/02\/POSTEO-9.png 600w\" sizes=\"(max-width: 391px) 100vw, 391px\" \/><\/a><\/p>\n<p>&nbsp;<\/p>\n<p>&nbsp;<\/p>\n<p>&nbsp;<\/p>\n<p>&nbsp;<\/p>\n<p>&nbsp;<\/p>\n<p>&nbsp;<\/p>\n<p>&nbsp;<\/p>\n","protected":false},"excerpt":{"rendered":"<p>El Calendario Escolar \u00danico establece que el per\u00edodo \u00e1ulico para los niveles inicial, primario y&#8230;<\/p>\n","protected":false},"author":1,"featured_media":12257,"comment_status":"closed","ping_status":"closed","sticky":false,"template":"","format":"standard","meta":{"footnotes":""},"categories":[6],"tags":[],"class_list":["post-12183","post","type-post","status-publish","format-standard","has-post-thumbnail","hentry","category-ciudad-provincia"],"yoast_head":"<!-- This site is optimized with the Yoast SEO plugin v26.1.1 - https:\/\/yoast.com\/wordpress\/plugins\/seo\/ -->\n<title>EN SIMULT\u00c1NEO CON EL COMIENZO DE CLASES, LOS DOCENTES CONVOCAN A MOVILIZACIONES DE PROTESTA - Apuntes de San Luis<\/title>\n<meta name=\"robots\" content=\"index, follow, max-snippet:-1, max-image-preview:large, max-video-preview:-1\" \/>\n<link rel=\"canonical\" href=\"https:\/\/apuntesdesanluis.com\/index.php\/2024\/02\/25\/en-simultaneo-con-el-comienzo-de-clases-los-docentes-convocan-a-movilizaciones-de-protesta\/\" \/>\n<meta property=\"og:locale\" content=\"es_ES\" \/>\n<meta property=\"og:type\" content=\"article\" \/>\n<meta property=\"og:title\" content=\"EN SIMULT\u00c1NEO CON EL COMIENZO DE CLASES, LOS DOCENTES CONVOCAN A MOVILIZACIONES DE PROTESTA - Apuntes de San Luis\" \/>\n<meta property=\"og:description\" content=\"El Calendario Escolar \u00danico establece que el per\u00edodo \u00e1ulico para los niveles inicial, primario y...\" \/>\n<meta property=\"og:url\" content=\"https:\/\/apuntesdesanluis.com\/index.php\/2024\/02\/25\/en-simultaneo-con-el-comienzo-de-clases-los-docentes-convocan-a-movilizaciones-de-protesta\/\" \/>\n<meta property=\"og:site_name\" content=\"Apuntes de San Luis\" \/>\n<meta property=\"article:published_time\" content=\"2024-02-25T21:54:43+00:00\" \/>\n<meta property=\"article:modified_time\" content=\"2024-02-25T23:50:47+00:00\" \/>\n<meta property=\"og:image\" content=\"https:\/\/apuntesdesanluis.com\/wp-content\/uploads\/2024\/02\/docentes-marchan.png\" \/>\n\t<meta property=\"og:image:width\" content=\"676\" \/>\n\t<meta property=\"og:image:height\" content=\"431\" \/>\n\t<meta property=\"og:image:type\" content=\"image\/png\" \/>\n<meta name=\"author\" content=\"apuntesdesanluis.com\" \/>\n<meta name=\"twitter:card\" content=\"summary_large_image\" \/>\n<meta name=\"twitter:label1\" content=\"Escrito por\" \/>\n\t<meta name=\"twitter:data1\" content=\"apuntesdesanluis.com\" \/>\n\t<meta name=\"twitter:label2\" content=\"Tiempo de lectura\" \/>\n\t<meta name=\"twitter:data2\" content=\"3 minutos\" \/>\n<script type=\"application\/ld+json\" class=\"yoast-schema-graph\">{\"@context\":\"https:\/\/schema.org\",\"@graph\":[{\"@type\":\"Article\",\"@id\":\"https:\/\/apuntesdesanluis.com\/index.php\/2024\/02\/25\/en-simultaneo-con-el-comienzo-de-clases-los-docentes-convocan-a-movilizaciones-de-protesta\/#article\",\"isPartOf\":{\"@id\":\"https:\/\/apuntesdesanluis.com\/index.php\/2024\/02\/25\/en-simultaneo-con-el-comienzo-de-clases-los-docentes-convocan-a-movilizaciones-de-protesta\/\"},\"author\":{\"name\":\"apuntesdesanluis.com\",\"@id\":\"https:\/\/apuntesdesanluis.com\/#\/schema\/person\/b55151d52296fcce64d1a72538a70b90\"},\"headline\":\"EN SIMULT\u00c1NEO CON EL COMIENZO DE CLASES, LOS DOCENTES CONVOCAN A MOVILIZACIONES DE PROTESTA\",\"datePublished\":\"2024-02-25T21:54:43+00:00\",\"dateModified\":\"2024-02-25T23:50:47+00:00\",\"mainEntityOfPage\":{\"@id\":\"https:\/\/apuntesdesanluis.com\/index.php\/2024\/02\/25\/en-simultaneo-con-el-comienzo-de-clases-los-docentes-convocan-a-movilizaciones-de-protesta\/\"},\"wordCount\":391,\"publisher\":{\"@id\":\"https:\/\/apuntesdesanluis.com\/#\/schema\/person\/b55151d52296fcce64d1a72538a70b90\"},\"image\":{\"@id\":\"https:\/\/apuntesdesanluis.com\/index.php\/2024\/02\/25\/en-simultaneo-con-el-comienzo-de-clases-los-docentes-convocan-a-movilizaciones-de-protesta\/#primaryimage\"},\"thumbnailUrl\":\"https:\/\/apuntesdesanluis.com\/wp-content\/uploads\/2024\/02\/docentes-marchan.png\",\"articleSection\":[\"Ciudad\/Provincia\"],\"inLanguage\":\"es-AR\"},{\"@type\":\"WebPage\",\"@id\":\"https:\/\/apuntesdesanluis.com\/index.php\/2024\/02\/25\/en-simultaneo-con-el-comienzo-de-clases-los-docentes-convocan-a-movilizaciones-de-protesta\/\",\"url\":\"https:\/\/apuntesdesanluis.com\/index.php\/2024\/02\/25\/en-simultaneo-con-el-comienzo-de-clases-los-docentes-convocan-a-movilizaciones-de-protesta\/\",\"name\":\"EN SIMULT\u00c1NEO CON EL COMIENZO DE CLASES, LOS DOCENTES CONVOCAN A MOVILIZACIONES DE PROTESTA - Apuntes de San Luis\",\"isPartOf\":{\"@id\":\"https:\/\/apuntesdesanluis.com\/#website\"},\"primaryImageOfPage\":{\"@id\":\"https:\/\/apuntesdesanluis.com\/index.php\/2024\/02\/25\/en-simultaneo-con-el-comienzo-de-clases-los-docentes-convocan-a-movilizaciones-de-protesta\/#primaryimage\"},\"image\":{\"@id\":\"https:\/\/apuntesdesanluis.com\/index.php\/2024\/02\/25\/en-simultaneo-con-el-comienzo-de-clases-los-docentes-convocan-a-movilizaciones-de-protesta\/#primaryimage\"},\"thumbnailUrl\":\"https:\/\/apuntesdesanluis.com\/wp-content\/uploads\/2024\/02\/docentes-marchan.png\",\"datePublished\":\"2024-02-25T21:54:43+00:00\",\"dateModified\":\"2024-02-25T23:50:47+00:00\",\"breadcrumb\":{\"@id\":\"https:\/\/apuntesdesanluis.com\/index.php\/2024\/02\/25\/en-simultaneo-con-el-comienzo-de-clases-los-docentes-convocan-a-movilizaciones-de-protesta\/#breadcrumb\"},\"inLanguage\":\"es-AR\",\"potentialAction\":[{\"@type\":\"ReadAction\",\"target\":[\"https:\/\/apuntesdesanluis.com\/index.php\/2024\/02\/25\/en-simultaneo-con-el-comienzo-de-clases-los-docentes-convocan-a-movilizaciones-de-protesta\/\"]}]},{\"@type\":\"ImageObject\",\"inLanguage\":\"es-AR\",\"@id\":\"https:\/\/apuntesdesanluis.com\/index.php\/2024\/02\/25\/en-simultaneo-con-el-comienzo-de-clases-los-docentes-convocan-a-movilizaciones-de-protesta\/#primaryimage\",\"url\":\"https:\/\/apuntesdesanluis.com\/wp-content\/uploads\/2024\/02\/docentes-marchan.png\",\"contentUrl\":\"https:\/\/apuntesdesanluis.com\/wp-content\/uploads\/2024\/02\/docentes-marchan.png\",\"width\":676,\"height\":431},{\"@type\":\"BreadcrumbList\",\"@id\":\"https:\/\/apuntesdesanluis.com\/index.php\/2024\/02\/25\/en-simultaneo-con-el-comienzo-de-clases-los-docentes-convocan-a-movilizaciones-de-protesta\/#breadcrumb\",\"itemListElement\":[{\"@type\":\"ListItem\",\"position\":1,\"name\":\"Inicio\",\"item\":\"https:\/\/apuntesdesanluis.com\/\"},{\"@type\":\"ListItem\",\"position\":2,\"name\":\"EN SIMULT\u00c1NEO CON EL COMIENZO DE CLASES, LOS DOCENTES CONVOCAN A MOVILIZACIONES DE PROTESTA\"}]},{\"@type\":\"WebSite\",\"@id\":\"https:\/\/apuntesdesanluis.com\/#website\",\"url\":\"https:\/\/apuntesdesanluis.com\/\",\"name\":\"Apuntes de San Luis\",\"description\":\"\",\"publisher\":{\"@id\":\"https:\/\/apuntesdesanluis.com\/#\/schema\/person\/b55151d52296fcce64d1a72538a70b90\"},\"potentialAction\":[{\"@type\":\"SearchAction\",\"target\":{\"@type\":\"EntryPoint\",\"urlTemplate\":\"https:\/\/apuntesdesanluis.com\/?s={search_term_string}\"},\"query-input\":{\"@type\":\"PropertyValueSpecification\",\"valueRequired\":true,\"valueName\":\"search_term_string\"}}],\"inLanguage\":\"es-AR\"},{\"@type\":[\"Person\",\"Organization\"],\"@id\":\"https:\/\/apuntesdesanluis.com\/#\/schema\/person\/b55151d52296fcce64d1a72538a70b90\",\"name\":\"apuntesdesanluis.com\",\"image\":{\"@type\":\"ImageObject\",\"inLanguage\":\"es-AR\",\"@id\":\"https:\/\/apuntesdesanluis.com\/#\/schema\/person\/image\/\",\"url\":\"https:\/\/apuntesdesanluis.com\/wp-content\/uploads\/2023\/07\/cropped-apuntesdesanluis.png\",\"contentUrl\":\"https:\/\/apuntesdesanluis.com\/wp-content\/uploads\/2023\/07\/cropped-apuntesdesanluis.png\",\"width\":450,\"height\":112,\"caption\":\"apuntesdesanluis.com\"},\"logo\":{\"@id\":\"https:\/\/apuntesdesanluis.com\/#\/schema\/person\/image\/\"},\"sameAs\":[\"https:\/\/apuntesdesanluis.com\"],\"url\":\"https:\/\/apuntesdesanluis.com\/index.php\/author\/apuntesdesanluis-com\/\"}]}<\/script>\n<!-- \/ Yoast SEO plugin. -->","yoast_head_json":{"title":"EN SIMULT\u00c1NEO CON EL COMIENZO DE CLASES, LOS DOCENTES CONVOCAN A MOVILIZACIONES DE PROTESTA - Apuntes de San Luis","robots":{"index":"index","follow":"follow","max-snippet":"max-snippet:-1","max-image-preview":"max-image-preview:large","max-video-preview":"max-video-preview:-1"},"canonical":"https:\/\/apuntesdesanluis.com\/index.php\/2024\/02\/25\/en-simultaneo-con-el-comienzo-de-clases-los-docentes-convocan-a-movilizaciones-de-protesta\/","og_locale":"es_ES","og_type":"article","og_title":"EN SIMULT\u00c1NEO CON EL COMIENZO DE CLASES, LOS DOCENTES CONVOCAN A MOVILIZACIONES DE PROTESTA - Apuntes de San Luis","og_description":"El Calendario Escolar \u00danico establece que el per\u00edodo \u00e1ulico para los niveles inicial, primario y...","og_url":"https:\/\/apuntesdesanluis.com\/index.php\/2024\/02\/25\/en-simultaneo-con-el-comienzo-de-clases-los-docentes-convocan-a-movilizaciones-de-protesta\/","og_site_name":"Apuntes de San Luis","article_published_time":"2024-02-25T21:54:43+00:00","article_modified_time":"2024-02-25T23:50:47+00:00","og_image":[{"width":676,"height":431,"url":"https:\/\/apuntesdesanluis.com\/wp-content\/uploads\/2024\/02\/docentes-marchan.png","type":"image\/png"}],"author":"apuntesdesanluis.com","twitter_card":"summary_large_image","twitter_misc":{"Escrito por":"apuntesdesanluis.com","Tiempo de lectura":"3 minutos"},"schema":{"@context":"https:\/\/schema.org","@graph":[{"@type":"Article","@id":"https:\/\/apuntesdesanluis.com\/index.php\/2024\/02\/25\/en-simultaneo-con-el-comienzo-de-clases-los-docentes-convocan-a-movilizaciones-de-protesta\/#article","isPartOf":{"@id":"https:\/\/apuntesdesanluis.com\/index.php\/2024\/02\/25\/en-simultaneo-con-el-comienzo-de-clases-los-docentes-convocan-a-movilizaciones-de-protesta\/"},"author":{"name":"apuntesdesanluis.com","@id":"https:\/\/apuntesdesanluis.com\/#\/schema\/person\/b55151d52296fcce64d1a72538a70b90"},"headline":"EN SIMULT\u00c1NEO CON EL COMIENZO DE CLASES, LOS DOCENTES CONVOCAN A MOVILIZACIONES DE PROTESTA","datePublished":"2024-02-25T21:54:43+00:00","dateModified":"2024-02-25T23:50:47+00:00","mainEntityOfPage":{"@id":"https:\/\/apuntesdesanluis.com\/index.php\/2024\/02\/25\/en-simultaneo-con-el-comienzo-de-clases-los-docentes-convocan-a-movilizaciones-de-protesta\/"},"wordCount":391,"publisher":{"@id":"https:\/\/apuntesdesanluis.com\/#\/schema\/person\/b55151d52296fcce64d1a72538a70b90"},"image":{"@id":"https:\/\/apuntesdesanluis.com\/index.php\/2024\/02\/25\/en-simultaneo-con-el-comienzo-de-clases-los-docentes-convocan-a-movilizaciones-de-protesta\/#primaryimage"},"thumbnailUrl":"https:\/\/apuntesdesanluis.com\/wp-content\/uploads\/2024\/02\/docentes-marchan.png","articleSection":["Ciudad\/Provincia"],"inLanguage":"es-AR"},{"@type":"WebPage","@id":"https:\/\/apuntesdesanluis.com\/index.php\/2024\/02\/25\/en-simultaneo-con-el-comienzo-de-clases-los-docentes-convocan-a-movilizaciones-de-protesta\/","url":"https:\/\/apuntesdesanluis.com\/index.php\/2024\/02\/25\/en-simultaneo-con-el-comienzo-de-clases-los-docentes-convocan-a-movilizaciones-de-protesta\/","name":"EN SIMULT\u00c1NEO CON EL COMIENZO DE CLASES, LOS DOCENTES CONVOCAN A MOVILIZACIONES DE PROTESTA - Apuntes de San Luis","isPartOf":{"@id":"https:\/\/apuntesdesanluis.com\/#website"},"primaryImageOfPage":{"@id":"https:\/\/apuntesdesanluis.com\/index.php\/2024\/02\/25\/en-simultaneo-con-el-comienzo-de-clases-los-docentes-convocan-a-movilizaciones-de-protesta\/#primaryimage"},"image":{"@id":"https:\/\/apuntesdesanluis.com\/index.php\/2024\/02\/25\/en-simultaneo-con-el-comienzo-de-clases-los-docentes-convocan-a-movilizaciones-de-protesta\/#primaryimage"},"thumbnailUrl":"https:\/\/apuntesdesanluis.com\/wp-content\/uploads\/2024\/02\/docentes-marchan.png","datePublished":"2024-02-25T21:54:43+00:00","dateModified":"2024-02-25T23:50:47+00:00","breadcrumb":{"@id":"https:\/\/apuntesdesanluis.com\/index.php\/2024\/02\/25\/en-simultaneo-con-el-comienzo-de-clases-los-docentes-convocan-a-movilizaciones-de-protesta\/#breadcrumb"},"inLanguage":"es-AR","potentialAction":[{"@type":"ReadAction","target":["https:\/\/apuntesdesanluis.com\/index.php\/2024\/02\/25\/en-simultaneo-con-el-comienzo-de-clases-los-docentes-convocan-a-movilizaciones-de-protesta\/"]}]},{"@type":"ImageObject","inLanguage":"es-AR","@id":"https:\/\/apuntesdesanluis.com\/index.php\/2024\/02\/25\/en-simultaneo-con-el-comienzo-de-clases-los-docentes-convocan-a-movilizaciones-de-protesta\/#primaryimage","url":"https:\/\/apuntesdesanluis.com\/wp-content\/uploads\/2024\/02\/docentes-marchan.png","contentUrl":"https:\/\/apuntesdesanluis.com\/wp-content\/uploads\/2024\/02\/docentes-marchan.png","width":676,"height":431},{"@type":"BreadcrumbList","@id":"https:\/\/apuntesdesanluis.com\/index.php\/2024\/02\/25\/en-simultaneo-con-el-comienzo-de-clases-los-docentes-convocan-a-movilizaciones-de-protesta\/#breadcrumb","itemListElement":[{"@type":"ListItem","position":1,"name":"Inicio","item":"https:\/\/apuntesdesanluis.com\/"},{"@type":"ListItem","position":2,"name":"EN SIMULT\u00c1NEO CON EL COMIENZO DE CLASES, LOS DOCENTES CONVOCAN A MOVILIZACIONES DE PROTESTA"}]},{"@type":"WebSite","@id":"https:\/\/apuntesdesanluis.com\/#website","url":"https:\/\/apuntesdesanluis.com\/","name":"Apuntes de San Luis","description":"","publisher":{"@id":"https:\/\/apuntesdesanluis.com\/#\/schema\/person\/b55151d52296fcce64d1a72538a70b90"},"potentialAction":[{"@type":"SearchAction","target":{"@type":"EntryPoint","urlTemplate":"https:\/\/apuntesdesanluis.com\/?s={search_term_string}"},"query-input":{"@type":"PropertyValueSpecification","valueRequired":true,"valueName":"search_term_string"}}],"inLanguage":"es-AR"},{"@type":["Person","Organization"],"@id":"https:\/\/apuntesdesanluis.com\/#\/schema\/person\/b55151d52296fcce64d1a72538a70b90","name":"apuntesdesanluis.com","image":{"@type":"ImageObject","inLanguage":"es-AR","@id":"https:\/\/apuntesdesanluis.com\/#\/schema\/person\/image\/","url":"https:\/\/apuntesdesanluis.com\/wp-content\/uploads\/2023\/07\/cropped-apuntesdesanluis.png","contentUrl":"https:\/\/apuntesdesanluis.com\/wp-content\/uploads\/2023\/07\/cropped-apuntesdesanluis.png","width":450,"height":112,"caption":"apuntesdesanluis.com"},"logo":{"@id":"https:\/\/apuntesdesanluis.com\/#\/schema\/person\/image\/"},"sameAs":["https:\/\/apuntesdesanluis.com"],"url":"https:\/\/apuntesdesanluis.com\/index.php\/author\/apuntesdesanluis-com\/"}]}},"featured_image_urls":{"full":["https:\/\/apuntesdesanluis.com\/wp-content\/uploads\/2024\/02\/docentes-marchan.png",676,431,false],"thumbnail":["https:\/\/apuntesdesanluis.com\/wp-content\/uploads\/2024\/02\/docentes-marchan-150x150.png",150,150,true],"medium":["https:\/\/apuntesdesanluis.com\/wp-content\/uploads\/2024\/02\/docentes-marchan-300x191.png",300,191,true],"medium_large":["https:\/\/apuntesdesanluis.com\/wp-content\/uploads\/2024\/02\/docentes-marchan.png",640,408,false],"large":["https:\/\/apuntesdesanluis.com\/wp-content\/uploads\/2024\/02\/docentes-marchan.png",640,408,false],"1536x1536":["https:\/\/apuntesdesanluis.com\/wp-content\/uploads\/2024\/02\/docentes-marchan.png",676,431,false],"2048x2048":["https:\/\/apuntesdesanluis.com\/wp-content\/uploads\/2024\/02\/docentes-marchan.png",676,431,false],"newsever-slider-full":["https:\/\/apuntesdesanluis.com\/wp-content\/uploads\/2024\/02\/docentes-marchan.png",676,431,false],"newsever-featured":["https:\/\/apuntesdesanluis.com\/wp-content\/uploads\/2024\/02\/docentes-marchan.png",676,431,false],"newsever-medium":["https:\/\/apuntesdesanluis.com\/wp-content\/uploads\/2024\/02\/docentes-marchan.png",676,431,false]},"author_info":{"display_name":"apuntesdesanluis.com","author_link":"https:\/\/apuntesdesanluis.com\/index.php\/author\/apuntesdesanluis-com\/"},"category_info":"<a href=\"https:\/\/apuntesdesanluis.com\/index.php\/category\/ciudad-provincia\/\" rel=\"category tag\">Ciudad\/Provincia<\/a>","tag_info":"Ciudad\/Provincia","comment_count":"0","_links":{"self":[{"href":"https:\/\/apuntesdesanluis.com\/index.php\/wp-json\/wp\/v2\/posts\/12183","targetHints":{"allow":["GET"]}}],"collection":[{"href":"https:\/\/apuntesdesanluis.com\/index.php\/wp-json\/wp\/v2\/posts"}],"about":[{"href":"https:\/\/apuntesdesanluis.com\/index.php\/wp-json\/wp\/v2\/types\/post"}],"author":[{"embeddable":true,"href":"https:\/\/apuntesdesanluis.com\/index.php\/wp-json\/wp\/v2\/users\/1"}],"replies":[{"embeddable":true,"href":"https:\/\/apuntesdesanluis.com\/index.php\/wp-json\/wp\/v2\/comments?post=12183"}],"version-history":[{"count":11,"href":"https:\/\/apuntesdesanluis.com\/index.php\/wp-json\/wp\/v2\/posts\/12183\/revisions"}],"predecessor-version":[{"id":12265,"href":"https:\/\/apuntesdesanluis.com\/index.php\/wp-json\/wp\/v2\/posts\/12183\/revisions\/12265"}],"wp:featuredmedia":[{"embeddable":true,"href":"https:\/\/apuntesdesanluis.com\/index.php\/wp-json\/wp\/v2\/media\/12257"}],"wp:attachment":[{"href":"https:\/\/apuntesdesanluis.com\/index.php\/wp-json\/wp\/v2\/media?parent=12183"}],"wp:term":[{"taxonomy":"category","embeddable":true,"href":"https:\/\/apuntesdesanluis.com\/index.php\/wp-json\/wp\/v2\/categories?post=12183"},{"taxonomy":"post_tag","embeddable":true,"href":"https:\/\/apuntesdesanluis.com\/index.php\/wp-json\/wp\/v2\/tags?post=12183"}],"curies":[{"name":"wp","href":"https:\/\/api.w.org\/{rel}","templated":true}]}}