{"id":12187,"date":"2024-02-22T22:28:32","date_gmt":"2024-02-23T01:28:32","guid":{"rendered":"https:\/\/apuntesdesanluis.com\/?p=12187"},"modified":"2024-02-23T01:17:47","modified_gmt":"2024-02-23T04:17:47","slug":"el-dr-marcelo-sosa-fue-electo-presidente-de-la-red-de-universidades-e-institutos-puntanos","status":"publish","type":"post","link":"https:\/\/apuntesdesanluis.com\/index.php\/2024\/02\/22\/el-dr-marcelo-sosa-fue-electo-presidente-de-la-red-de-universidades-e-institutos-puntanos\/","title":{"rendered":"EL DR. MARCELO SOSA FUE ELECTO PRESIDENTE DE LA RED DE UNIVERSIDADES E INSTITUTOS PUNTANOS"},"content":{"rendered":"<h3>La designaci\u00f3n del Rector de la <strong>UNViMe<\/strong> tuvo lugar este jueves por la tarde, en la reuni\u00f3n plenaria que se desarroll\u00f3 en el Sal\u00f3n de los Escudos de la Universidad Nacional de San Luis.<\/h3>\n<h3>La <strong>Red de Universidad e Institutos Puntanos (RedUIP)<\/strong> defini\u00f3 por consenso la elecci\u00f3n de la presidencia del nuevo per\u00edodo, en cumplimiento con el art. 14 del Estatuto.<\/h3>\n<p><img fetchpriority=\"high\" decoding=\"async\" class=\"wp-image-12190 aligncenter\" src=\"https:\/\/apuntesdesanluis.com\/wp-content\/uploads\/2024\/02\/SOSA-REDUIP-300x169.png\" alt=\"\" width=\"607\" height=\"342\" srcset=\"https:\/\/apuntesdesanluis.com\/wp-content\/uploads\/2024\/02\/SOSA-REDUIP-300x169.png 300w, https:\/\/apuntesdesanluis.com\/wp-content\/uploads\/2024\/02\/SOSA-REDUIP.png 600w\" sizes=\"(max-width: 607px) 100vw, 607px\" \/><\/p>\n<h3>En el plenario tambi\u00e9n participaron como invitados el ministro de Educaci\u00f3n de la Provincia, <strong>Guillermo Araujo<\/strong>; el director del Campus Abierto de Alto Rendimiento Deportivo, <strong>Jorge Villegas<\/strong>, la Coordinaci\u00f3n T\u00e9cnica de la Universidad Nacional de San Luis (UNSL) junto al rector de la UNSL, C.P.N. <strong>V\u00edctor Mori\u00f1igo<\/strong>, y representantes de las universidades que integran la Red.<\/h3>\n<h3>\u00abEl desaf\u00edo es consolidar y continuar con la Red que surgi\u00f3 como una idea de la UNSL\u00bb, expres\u00f3 Mori\u00f1igo en sus palabras de bienvenida. Agreg\u00f3 que es fundamental que esta iniciativa trascienda nombres y personas, \u00abnuestro anhelo es que contin\u00fae y podamos cumplir los objetivos planteados\u00bb, reflexion\u00f3 el funcionario.<\/h3>\n<p><img decoding=\"async\" class=\"wp-image-12191 aligncenter\" src=\"https:\/\/apuntesdesanluis.com\/wp-content\/uploads\/2024\/02\/morinigo-1-300x185.png\" alt=\"\" width=\"615\" height=\"379\" srcset=\"https:\/\/apuntesdesanluis.com\/wp-content\/uploads\/2024\/02\/morinigo-1-300x185.png 300w, https:\/\/apuntesdesanluis.com\/wp-content\/uploads\/2024\/02\/morinigo-1.png 598w\" sizes=\"(max-width: 615px) 100vw, 615px\" \/><\/p>\n<h3>Esta Red surgi\u00f3 en el a\u00f1o 2019 como una propuesta que busca generar un v\u00ednculo complementario con otras instituciones como la Universidad Nacional de Villa Mercedes (UNViMe), Universidad de Cuyo (UNCuyo), Universidad Nacional de los Comechingones (UNLC), Universidad de Congreso (UCongreso), Universidad Nacional de La Punta (ULP), Universidad Provincial de Oficios (UPrO) y el Instituto de Formaci\u00f3n Docente Continua (IFDC), entre otras.<\/h3>\n<h3><strong>ARAUJO<\/strong><\/h3>\n<h3>Por su parte, Araujo anunci\u00f3 que desde el Ministerio de Educaci\u00f3n trabajar\u00e1n en funci\u00f3n de tres (3) grandes objetivos: la universalizaci\u00f3n de la sala de tres (3) a\u00f1os de nivel inicial, la alfabetizaci\u00f3n y la vinculaci\u00f3n del nivel secundario con el mundo universitario, terciario y laboral.<\/h3>\n<h3>Al respecto, afirm\u00f3 que la escolarizaci\u00f3n a partir de los tres (3) a\u00f1os mejora todos los \u00edndices posteriores y que es importante generar espacios de contenci\u00f3n a temprana edad.<\/h3>\n<h3>Adem\u00e1s, el Ministro manifest\u00f3: \u00abhay que lograr que en los primeros a\u00f1os el estudiantado logre no solo leer con fluidez, sino que comprendan lo que leen. Tambi\u00e9n es vital trabajar mancomunadamente para que el \u00faltimo a\u00f1o de la secundaria no sea un salto al vac\u00edo en el paso siguiente, sino que podamos mejorar el \u00edndice de ingreso y permanencia en las universidades\u00bb.<\/h3>\n<h3>En cuanto al \u00e1rea de deportes, el Secretario de la Provincia, Gabriel Rivero destac\u00f3 que este a\u00f1o el punto clave ser\u00e1 la masificaci\u00f3n deportiva y el alto rendimiento, a trav\u00e9s del v\u00ednculo entre el Gobierno Provincial y la Red UIP. \u00abConcientizar en la importancia de la actividad f\u00edsica. Vamos a trabajar arduamente en articular la educaci\u00f3n, el deporte y la salud\u00bb. Asimismo, Villegas brind\u00f3 la primicia de una liga universitaria que se llevar\u00e1 a cabo a partir de agosto y concluir\u00e1 en diciembre, a trav\u00e9s de cinco (5) encuentros.<\/h3>\n<p><img decoding=\"async\" class=\"wp-image-12192 aligncenter\" src=\"https:\/\/apuntesdesanluis.com\/wp-content\/uploads\/2024\/02\/SOSA-HABLANDO-300x183.png\" alt=\"\" width=\"605\" height=\"369\" srcset=\"https:\/\/apuntesdesanluis.com\/wp-content\/uploads\/2024\/02\/SOSA-HABLANDO-300x183.png 300w, https:\/\/apuntesdesanluis.com\/wp-content\/uploads\/2024\/02\/SOSA-HABLANDO.png 600w\" sizes=\"(max-width: 605px) 100vw, 605px\" \/><\/p>\n<h3><strong>PALABRAS DE SOSA<\/strong><\/h3>\n<h3>Para finalizar con este plenario, el rector de la UNViMe, <strong>Marcelo Sosa<\/strong>, fue electo como presidente del nuevo per\u00edodo, que culminar\u00e1 en los pr\u00f3ximos seis (6) meses.<\/h3>\n<h3>En sus palabras expres\u00f3: \u00abEste es motivo de orgullo para m\u00ed como hijo de San Luis, agradezco la confianza (\u2026) Nos centraremos en pensar acciones para articular la secundaria con la educaci\u00f3n superior; en potenciar las ofertas de posgrado y en mirar las incompatibilidades para complementarnos\u00bb.<\/h3>\n<h3>Seguidamente, se remont\u00f3 al siglo XVIII a trav\u00e9s de una an\u00e9cdota hist\u00f3rica avalando la autonom\u00eda y la creaci\u00f3n de escuelas. \u00abSoy defensor de la educaci\u00f3n p\u00fablica\u00bb, concluy\u00f3 el flamante titular de la RedUIP.<\/h3>\n<p>&nbsp;<\/p>\n<p>&nbsp;<\/p>\n<p>&nbsp;<\/p>\n","protected":false},"excerpt":{"rendered":"<p>La designaci\u00f3n del Rector de la UNViMe tuvo lugar este jueves por la tarde, en&#8230;<\/p>\n","protected":false},"author":1,"featured_media":12188,"comment_status":"closed","ping_status":"closed","sticky":false,"template":"","format":"standard","meta":{"footnotes":""},"categories":[6],"tags":[],"class_list":["post-12187","post","type-post","status-publish","format-standard","has-post-thumbnail","hentry","category-ciudad-provincia"],"yoast_head":"<!-- This site is optimized with the Yoast SEO plugin v26.1.1 - https:\/\/yoast.com\/wordpress\/plugins\/seo\/ -->\n<title>EL DR. MARCELO SOSA FUE ELECTO PRESIDENTE DE LA RED DE UNIVERSIDADES E INSTITUTOS PUNTANOS - Apuntes de San Luis<\/title>\n<meta name=\"robots\" content=\"index, follow, max-snippet:-1, max-image-preview:large, max-video-preview:-1\" \/>\n<link rel=\"canonical\" href=\"https:\/\/apuntesdesanluis.com\/index.php\/2024\/02\/22\/el-dr-marcelo-sosa-fue-electo-presidente-de-la-red-de-universidades-e-institutos-puntanos\/\" \/>\n<meta property=\"og:locale\" content=\"es_ES\" \/>\n<meta property=\"og:type\" content=\"article\" \/>\n<meta property=\"og:title\" content=\"EL DR. MARCELO SOSA FUE ELECTO PRESIDENTE DE LA RED DE UNIVERSIDADES E INSTITUTOS PUNTANOS - Apuntes de San Luis\" \/>\n<meta property=\"og:description\" content=\"La designaci\u00f3n del Rector de la UNViMe tuvo lugar este jueves por la tarde, en...\" \/>\n<meta property=\"og:url\" content=\"https:\/\/apuntesdesanluis.com\/index.php\/2024\/02\/22\/el-dr-marcelo-sosa-fue-electo-presidente-de-la-red-de-universidades-e-institutos-puntanos\/\" \/>\n<meta property=\"og:site_name\" content=\"Apuntes de San Luis\" \/>\n<meta property=\"article:published_time\" content=\"2024-02-23T01:28:32+00:00\" \/>\n<meta property=\"article:modified_time\" content=\"2024-02-23T04:17:47+00:00\" \/>\n<meta property=\"og:image\" content=\"https:\/\/apuntesdesanluis.com\/wp-content\/uploads\/2024\/02\/reduip.jpg\" \/>\n\t<meta property=\"og:image:width\" content=\"547\" \/>\n\t<meta property=\"og:image:height\" content=\"370\" \/>\n\t<meta property=\"og:image:type\" content=\"image\/jpeg\" \/>\n<meta name=\"author\" content=\"apuntesdesanluis.com\" \/>\n<meta name=\"twitter:card\" content=\"summary_large_image\" \/>\n<meta name=\"twitter:label1\" content=\"Escrito por\" \/>\n\t<meta name=\"twitter:data1\" content=\"apuntesdesanluis.com\" \/>\n\t<meta name=\"twitter:label2\" content=\"Tiempo de lectura\" \/>\n\t<meta name=\"twitter:data2\" content=\"4 minutos\" \/>\n<script type=\"application\/ld+json\" class=\"yoast-schema-graph\">{\"@context\":\"https:\/\/schema.org\",\"@graph\":[{\"@type\":\"Article\",\"@id\":\"https:\/\/apuntesdesanluis.com\/index.php\/2024\/02\/22\/el-dr-marcelo-sosa-fue-electo-presidente-de-la-red-de-universidades-e-institutos-puntanos\/#article\",\"isPartOf\":{\"@id\":\"https:\/\/apuntesdesanluis.com\/index.php\/2024\/02\/22\/el-dr-marcelo-sosa-fue-electo-presidente-de-la-red-de-universidades-e-institutos-puntanos\/\"},\"author\":{\"name\":\"apuntesdesanluis.com\",\"@id\":\"https:\/\/apuntesdesanluis.com\/#\/schema\/person\/b55151d52296fcce64d1a72538a70b90\"},\"headline\":\"EL DR. MARCELO SOSA FUE ELECTO PRESIDENTE DE LA RED DE UNIVERSIDADES E INSTITUTOS PUNTANOS\",\"datePublished\":\"2024-02-23T01:28:32+00:00\",\"dateModified\":\"2024-02-23T04:17:47+00:00\",\"mainEntityOfPage\":{\"@id\":\"https:\/\/apuntesdesanluis.com\/index.php\/2024\/02\/22\/el-dr-marcelo-sosa-fue-electo-presidente-de-la-red-de-universidades-e-institutos-puntanos\/\"},\"wordCount\":625,\"publisher\":{\"@id\":\"https:\/\/apuntesdesanluis.com\/#\/schema\/person\/b55151d52296fcce64d1a72538a70b90\"},\"image\":{\"@id\":\"https:\/\/apuntesdesanluis.com\/index.php\/2024\/02\/22\/el-dr-marcelo-sosa-fue-electo-presidente-de-la-red-de-universidades-e-institutos-puntanos\/#primaryimage\"},\"thumbnailUrl\":\"https:\/\/apuntesdesanluis.com\/wp-content\/uploads\/2024\/02\/reduip.jpg\",\"articleSection\":[\"Ciudad\/Provincia\"],\"inLanguage\":\"es-AR\"},{\"@type\":\"WebPage\",\"@id\":\"https:\/\/apuntesdesanluis.com\/index.php\/2024\/02\/22\/el-dr-marcelo-sosa-fue-electo-presidente-de-la-red-de-universidades-e-institutos-puntanos\/\",\"url\":\"https:\/\/apuntesdesanluis.com\/index.php\/2024\/02\/22\/el-dr-marcelo-sosa-fue-electo-presidente-de-la-red-de-universidades-e-institutos-puntanos\/\",\"name\":\"EL DR. MARCELO SOSA FUE ELECTO PRESIDENTE DE LA RED DE UNIVERSIDADES E INSTITUTOS PUNTANOS - Apuntes de San Luis\",\"isPartOf\":{\"@id\":\"https:\/\/apuntesdesanluis.com\/#website\"},\"primaryImageOfPage\":{\"@id\":\"https:\/\/apuntesdesanluis.com\/index.php\/2024\/02\/22\/el-dr-marcelo-sosa-fue-electo-presidente-de-la-red-de-universidades-e-institutos-puntanos\/#primaryimage\"},\"image\":{\"@id\":\"https:\/\/apuntesdesanluis.com\/index.php\/2024\/02\/22\/el-dr-marcelo-sosa-fue-electo-presidente-de-la-red-de-universidades-e-institutos-puntanos\/#primaryimage\"},\"thumbnailUrl\":\"https:\/\/apuntesdesanluis.com\/wp-content\/uploads\/2024\/02\/reduip.jpg\",\"datePublished\":\"2024-02-23T01:28:32+00:00\",\"dateModified\":\"2024-02-23T04:17:47+00:00\",\"breadcrumb\":{\"@id\":\"https:\/\/apuntesdesanluis.com\/index.php\/2024\/02\/22\/el-dr-marcelo-sosa-fue-electo-presidente-de-la-red-de-universidades-e-institutos-puntanos\/#breadcrumb\"},\"inLanguage\":\"es-AR\",\"potentialAction\":[{\"@type\":\"ReadAction\",\"target\":[\"https:\/\/apuntesdesanluis.com\/index.php\/2024\/02\/22\/el-dr-marcelo-sosa-fue-electo-presidente-de-la-red-de-universidades-e-institutos-puntanos\/\"]}]},{\"@type\":\"ImageObject\",\"inLanguage\":\"es-AR\",\"@id\":\"https:\/\/apuntesdesanluis.com\/index.php\/2024\/02\/22\/el-dr-marcelo-sosa-fue-electo-presidente-de-la-red-de-universidades-e-institutos-puntanos\/#primaryimage\",\"url\":\"https:\/\/apuntesdesanluis.com\/wp-content\/uploads\/2024\/02\/reduip.jpg\",\"contentUrl\":\"https:\/\/apuntesdesanluis.com\/wp-content\/uploads\/2024\/02\/reduip.jpg\",\"width\":547,\"height\":370},{\"@type\":\"BreadcrumbList\",\"@id\":\"https:\/\/apuntesdesanluis.com\/index.php\/2024\/02\/22\/el-dr-marcelo-sosa-fue-electo-presidente-de-la-red-de-universidades-e-institutos-puntanos\/#breadcrumb\",\"itemListElement\":[{\"@type\":\"ListItem\",\"position\":1,\"name\":\"Inicio\",\"item\":\"https:\/\/apuntesdesanluis.com\/\"},{\"@type\":\"ListItem\",\"position\":2,\"name\":\"EL DR. MARCELO SOSA FUE ELECTO PRESIDENTE DE LA RED DE UNIVERSIDADES E INSTITUTOS PUNTANOS\"}]},{\"@type\":\"WebSite\",\"@id\":\"https:\/\/apuntesdesanluis.com\/#website\",\"url\":\"https:\/\/apuntesdesanluis.com\/\",\"name\":\"Apuntes de San Luis\",\"description\":\"\",\"publisher\":{\"@id\":\"https:\/\/apuntesdesanluis.com\/#\/schema\/person\/b55151d52296fcce64d1a72538a70b90\"},\"potentialAction\":[{\"@type\":\"SearchAction\",\"target\":{\"@type\":\"EntryPoint\",\"urlTemplate\":\"https:\/\/apuntesdesanluis.com\/?s={search_term_string}\"},\"query-input\":{\"@type\":\"PropertyValueSpecification\",\"valueRequired\":true,\"valueName\":\"search_term_string\"}}],\"inLanguage\":\"es-AR\"},{\"@type\":[\"Person\",\"Organization\"],\"@id\":\"https:\/\/apuntesdesanluis.com\/#\/schema\/person\/b55151d52296fcce64d1a72538a70b90\",\"name\":\"apuntesdesanluis.com\",\"image\":{\"@type\":\"ImageObject\",\"inLanguage\":\"es-AR\",\"@id\":\"https:\/\/apuntesdesanluis.com\/#\/schema\/person\/image\/\",\"url\":\"https:\/\/apuntesdesanluis.com\/wp-content\/uploads\/2023\/07\/cropped-apuntesdesanluis.png\",\"contentUrl\":\"https:\/\/apuntesdesanluis.com\/wp-content\/uploads\/2023\/07\/cropped-apuntesdesanluis.png\",\"width\":450,\"height\":112,\"caption\":\"apuntesdesanluis.com\"},\"logo\":{\"@id\":\"https:\/\/apuntesdesanluis.com\/#\/schema\/person\/image\/\"},\"sameAs\":[\"https:\/\/apuntesdesanluis.com\"],\"url\":\"https:\/\/apuntesdesanluis.com\/index.php\/author\/apuntesdesanluis-com\/\"}]}<\/script>\n<!-- \/ Yoast SEO plugin. -->","yoast_head_json":{"title":"EL DR. MARCELO SOSA FUE ELECTO PRESIDENTE DE LA RED DE UNIVERSIDADES E INSTITUTOS PUNTANOS - Apuntes de San Luis","robots":{"index":"index","follow":"follow","max-snippet":"max-snippet:-1","max-image-preview":"max-image-preview:large","max-video-preview":"max-video-preview:-1"},"canonical":"https:\/\/apuntesdesanluis.com\/index.php\/2024\/02\/22\/el-dr-marcelo-sosa-fue-electo-presidente-de-la-red-de-universidades-e-institutos-puntanos\/","og_locale":"es_ES","og_type":"article","og_title":"EL DR. MARCELO SOSA FUE ELECTO PRESIDENTE DE LA RED DE UNIVERSIDADES E INSTITUTOS PUNTANOS - Apuntes de San Luis","og_description":"La designaci\u00f3n del Rector de la UNViMe tuvo lugar este jueves por la tarde, en...","og_url":"https:\/\/apuntesdesanluis.com\/index.php\/2024\/02\/22\/el-dr-marcelo-sosa-fue-electo-presidente-de-la-red-de-universidades-e-institutos-puntanos\/","og_site_name":"Apuntes de San Luis","article_published_time":"2024-02-23T01:28:32+00:00","article_modified_time":"2024-02-23T04:17:47+00:00","og_image":[{"width":547,"height":370,"url":"https:\/\/apuntesdesanluis.com\/wp-content\/uploads\/2024\/02\/reduip.jpg","type":"image\/jpeg"}],"author":"apuntesdesanluis.com","twitter_card":"summary_large_image","twitter_misc":{"Escrito por":"apuntesdesanluis.com","Tiempo de lectura":"4 minutos"},"schema":{"@context":"https:\/\/schema.org","@graph":[{"@type":"Article","@id":"https:\/\/apuntesdesanluis.com\/index.php\/2024\/02\/22\/el-dr-marcelo-sosa-fue-electo-presidente-de-la-red-de-universidades-e-institutos-puntanos\/#article","isPartOf":{"@id":"https:\/\/apuntesdesanluis.com\/index.php\/2024\/02\/22\/el-dr-marcelo-sosa-fue-electo-presidente-de-la-red-de-universidades-e-institutos-puntanos\/"},"author":{"name":"apuntesdesanluis.com","@id":"https:\/\/apuntesdesanluis.com\/#\/schema\/person\/b55151d52296fcce64d1a72538a70b90"},"headline":"EL DR. MARCELO SOSA FUE ELECTO PRESIDENTE DE LA RED DE UNIVERSIDADES E INSTITUTOS PUNTANOS","datePublished":"2024-02-23T01:28:32+00:00","dateModified":"2024-02-23T04:17:47+00:00","mainEntityOfPage":{"@id":"https:\/\/apuntesdesanluis.com\/index.php\/2024\/02\/22\/el-dr-marcelo-sosa-fue-electo-presidente-de-la-red-de-universidades-e-institutos-puntanos\/"},"wordCount":625,"publisher":{"@id":"https:\/\/apuntesdesanluis.com\/#\/schema\/person\/b55151d52296fcce64d1a72538a70b90"},"image":{"@id":"https:\/\/apuntesdesanluis.com\/index.php\/2024\/02\/22\/el-dr-marcelo-sosa-fue-electo-presidente-de-la-red-de-universidades-e-institutos-puntanos\/#primaryimage"},"thumbnailUrl":"https:\/\/apuntesdesanluis.com\/wp-content\/uploads\/2024\/02\/reduip.jpg","articleSection":["Ciudad\/Provincia"],"inLanguage":"es-AR"},{"@type":"WebPage","@id":"https:\/\/apuntesdesanluis.com\/index.php\/2024\/02\/22\/el-dr-marcelo-sosa-fue-electo-presidente-de-la-red-de-universidades-e-institutos-puntanos\/","url":"https:\/\/apuntesdesanluis.com\/index.php\/2024\/02\/22\/el-dr-marcelo-sosa-fue-electo-presidente-de-la-red-de-universidades-e-institutos-puntanos\/","name":"EL DR. MARCELO SOSA FUE ELECTO PRESIDENTE DE LA RED DE UNIVERSIDADES E INSTITUTOS PUNTANOS - Apuntes de San Luis","isPartOf":{"@id":"https:\/\/apuntesdesanluis.com\/#website"},"primaryImageOfPage":{"@id":"https:\/\/apuntesdesanluis.com\/index.php\/2024\/02\/22\/el-dr-marcelo-sosa-fue-electo-presidente-de-la-red-de-universidades-e-institutos-puntanos\/#primaryimage"},"image":{"@id":"https:\/\/apuntesdesanluis.com\/index.php\/2024\/02\/22\/el-dr-marcelo-sosa-fue-electo-presidente-de-la-red-de-universidades-e-institutos-puntanos\/#primaryimage"},"thumbnailUrl":"https:\/\/apuntesdesanluis.com\/wp-content\/uploads\/2024\/02\/reduip.jpg","datePublished":"2024-02-23T01:28:32+00:00","dateModified":"2024-02-23T04:17:47+00:00","breadcrumb":{"@id":"https:\/\/apuntesdesanluis.com\/index.php\/2024\/02\/22\/el-dr-marcelo-sosa-fue-electo-presidente-de-la-red-de-universidades-e-institutos-puntanos\/#breadcrumb"},"inLanguage":"es-AR","potentialAction":[{"@type":"ReadAction","target":["https:\/\/apuntesdesanluis.com\/index.php\/2024\/02\/22\/el-dr-marcelo-sosa-fue-electo-presidente-de-la-red-de-universidades-e-institutos-puntanos\/"]}]},{"@type":"ImageObject","inLanguage":"es-AR","@id":"https:\/\/apuntesdesanluis.com\/index.php\/2024\/02\/22\/el-dr-marcelo-sosa-fue-electo-presidente-de-la-red-de-universidades-e-institutos-puntanos\/#primaryimage","url":"https:\/\/apuntesdesanluis.com\/wp-content\/uploads\/2024\/02\/reduip.jpg","contentUrl":"https:\/\/apuntesdesanluis.com\/wp-content\/uploads\/2024\/02\/reduip.jpg","width":547,"height":370},{"@type":"BreadcrumbList","@id":"https:\/\/apuntesdesanluis.com\/index.php\/2024\/02\/22\/el-dr-marcelo-sosa-fue-electo-presidente-de-la-red-de-universidades-e-institutos-puntanos\/#breadcrumb","itemListElement":[{"@type":"ListItem","position":1,"name":"Inicio","item":"https:\/\/apuntesdesanluis.com\/"},{"@type":"ListItem","position":2,"name":"EL DR. MARCELO SOSA FUE ELECTO PRESIDENTE DE LA RED DE UNIVERSIDADES E INSTITUTOS PUNTANOS"}]},{"@type":"WebSite","@id":"https:\/\/apuntesdesanluis.com\/#website","url":"https:\/\/apuntesdesanluis.com\/","name":"Apuntes de San Luis","description":"","publisher":{"@id":"https:\/\/apuntesdesanluis.com\/#\/schema\/person\/b55151d52296fcce64d1a72538a70b90"},"potentialAction":[{"@type":"SearchAction","target":{"@type":"EntryPoint","urlTemplate":"https:\/\/apuntesdesanluis.com\/?s={search_term_string}"},"query-input":{"@type":"PropertyValueSpecification","valueRequired":true,"valueName":"search_term_string"}}],"inLanguage":"es-AR"},{"@type":["Person","Organization"],"@id":"https:\/\/apuntesdesanluis.com\/#\/schema\/person\/b55151d52296fcce64d1a72538a70b90","name":"apuntesdesanluis.com","image":{"@type":"ImageObject","inLanguage":"es-AR","@id":"https:\/\/apuntesdesanluis.com\/#\/schema\/person\/image\/","url":"https:\/\/apuntesdesanluis.com\/wp-content\/uploads\/2023\/07\/cropped-apuntesdesanluis.png","contentUrl":"https:\/\/apuntesdesanluis.com\/wp-content\/uploads\/2023\/07\/cropped-apuntesdesanluis.png","width":450,"height":112,"caption":"apuntesdesanluis.com"},"logo":{"@id":"https:\/\/apuntesdesanluis.com\/#\/schema\/person\/image\/"},"sameAs":["https:\/\/apuntesdesanluis.com"],"url":"https:\/\/apuntesdesanluis.com\/index.php\/author\/apuntesdesanluis-com\/"}]}},"featured_image_urls":{"full":["https:\/\/apuntesdesanluis.com\/wp-content\/uploads\/2024\/02\/reduip.jpg",547,370,false],"thumbnail":["https:\/\/apuntesdesanluis.com\/wp-content\/uploads\/2024\/02\/reduip-150x150.jpg",150,150,true],"medium":["https:\/\/apuntesdesanluis.com\/wp-content\/uploads\/2024\/02\/reduip-300x203.jpg",300,203,true],"medium_large":["https:\/\/apuntesdesanluis.com\/wp-content\/uploads\/2024\/02\/reduip.jpg",547,370,false],"large":["https:\/\/apuntesdesanluis.com\/wp-content\/uploads\/2024\/02\/reduip.jpg",547,370,false],"1536x1536":["https:\/\/apuntesdesanluis.com\/wp-content\/uploads\/2024\/02\/reduip.jpg",547,370,false],"2048x2048":["https:\/\/apuntesdesanluis.com\/wp-content\/uploads\/2024\/02\/reduip.jpg",547,370,false],"newsever-slider-full":["https:\/\/apuntesdesanluis.com\/wp-content\/uploads\/2024\/02\/reduip.jpg",547,370,false],"newsever-featured":["https:\/\/apuntesdesanluis.com\/wp-content\/uploads\/2024\/02\/reduip.jpg",547,370,false],"newsever-medium":["https:\/\/apuntesdesanluis.com\/wp-content\/uploads\/2024\/02\/reduip.jpg",547,370,false]},"author_info":{"display_name":"apuntesdesanluis.com","author_link":"https:\/\/apuntesdesanluis.com\/index.php\/author\/apuntesdesanluis-com\/"},"category_info":"<a href=\"https:\/\/apuntesdesanluis.com\/index.php\/category\/ciudad-provincia\/\" rel=\"category tag\">Ciudad\/Provincia<\/a>","tag_info":"Ciudad\/Provincia","comment_count":"0","_links":{"self":[{"href":"https:\/\/apuntesdesanluis.com\/index.php\/wp-json\/wp\/v2\/posts\/12187","targetHints":{"allow":["GET"]}}],"collection":[{"href":"https:\/\/apuntesdesanluis.com\/index.php\/wp-json\/wp\/v2\/posts"}],"about":[{"href":"https:\/\/apuntesdesanluis.com\/index.php\/wp-json\/wp\/v2\/types\/post"}],"author":[{"embeddable":true,"href":"https:\/\/apuntesdesanluis.com\/index.php\/wp-json\/wp\/v2\/users\/1"}],"replies":[{"embeddable":true,"href":"https:\/\/apuntesdesanluis.com\/index.php\/wp-json\/wp\/v2\/comments?post=12187"}],"version-history":[{"count":2,"href":"https:\/\/apuntesdesanluis.com\/index.php\/wp-json\/wp\/v2\/posts\/12187\/revisions"}],"predecessor-version":[{"id":12193,"href":"https:\/\/apuntesdesanluis.com\/index.php\/wp-json\/wp\/v2\/posts\/12187\/revisions\/12193"}],"wp:featuredmedia":[{"embeddable":true,"href":"https:\/\/apuntesdesanluis.com\/index.php\/wp-json\/wp\/v2\/media\/12188"}],"wp:attachment":[{"href":"https:\/\/apuntesdesanluis.com\/index.php\/wp-json\/wp\/v2\/media?parent=12187"}],"wp:term":[{"taxonomy":"category","embeddable":true,"href":"https:\/\/apuntesdesanluis.com\/index.php\/wp-json\/wp\/v2\/categories?post=12187"},{"taxonomy":"post_tag","embeddable":true,"href":"https:\/\/apuntesdesanluis.com\/index.php\/wp-json\/wp\/v2\/tags?post=12187"}],"curies":[{"name":"wp","href":"https:\/\/api.w.org\/{rel}","templated":true}]}}