{"id":122,"date":"2023-07-16T21:33:27","date_gmt":"2023-07-17T00:33:27","guid":{"rendered":"https:\/\/apuntesdesanluis.com\/?p=122"},"modified":"2023-07-17T00:43:54","modified_gmt":"2023-07-17T03:43:54","slug":"alerta-por-frio-extremo-en-ciudad-de-buenos-aires-conurbano-y-13-provincias","status":"publish","type":"post","link":"https:\/\/apuntesdesanluis.com\/index.php\/2023\/07\/16\/alerta-por-frio-extremo-en-ciudad-de-buenos-aires-conurbano-y-13-provincias\/","title":{"rendered":"ALERTA POR FR\u00cdO EXTREMO EN CIUDAD DE BUENOS AIRES, CONURBANO Y 13 PROVINCIAS"},"content":{"rendered":"<h3>En el AMBA se esperan marcas t\u00e9rmicas bajo cero, pero el clima se volver\u00e1 primaveral al culminar la semana, ya que superar\u00e1n los 20 grados, algo similar a lo que se vivi\u00f3 d\u00edas atr\u00e1s.<\/h3>\n<h3>La semana en la que se inicia el receso escolar en Ciudad de Buenos Aires, Provincia de Buenos Aires y otros 13 distritos arrancar\u00e1 con temperaturas muy fr\u00edas, aunque no habr\u00e1 lluvias, pero que con el correr de los d\u00edas ir\u00e1n en ascenso, seg\u00fan inform\u00f3 el Servicio Meteorol\u00f3gico Nacional (SMN).<\/h3>\n<h3>Se esperan temperaturas muy fr\u00edas en CABA, provincia de Buenos Aires, Entre R\u00edos, Corrientes, Santa Fe, Santiago del Estero, C\u00f3rdoba, San Luis, La Pampa, Mendoza, Neuqu\u00e9n, R\u00edo Negro y Chubut.<\/h3>\n<h3>Estas temperaturas extremas &#8220;pueden ser peligrosas, sobre todo para los grupos de riesgo, como ni\u00f1os y ni\u00f1as, personas mayores de 65 a\u00f1os, con enfermedades cr\u00f3nicas&#8221;, dijo el SMN.<\/h3>\n<h3>Si bien las marcas t\u00e9rmicas ser\u00e1n muy bajas y hasta rozar\u00e1n el bajo cero, en la Ciudad de Buenos Aires y alrededores\u00a0 el clima se volver\u00e1 primaveral al culminar la semana, ya que superar\u00e1n los 20 grados, algo similar a lo que se vivi\u00f3 d\u00edas atr\u00e1s.<\/h3>\n<h3><strong>SAN LUIS<\/strong><\/h3>\n<h3>La <strong>Red de Estaciones Meteorol\u00f3gicas<\/strong> de la provincia pronostic\u00f3 que el comienzo de semana en la provincia registrar\u00e1 la continuidad de bajas temperaturas, aunque con leve ascenso de la temperatura con el avance de los d\u00edas.<\/h3>\n<h3><strong>Lunes 17<\/strong><\/h3>\n<h3>Jornada que se mantiene de fr\u00eda a fresca, con poco cambio de las temperaturas. El cielo estar\u00e1 mayormente nublado. En promedio, se esperan m\u00ednimas de 1\u00b0C y m\u00e1ximas de 11\u00b0C. El viento predominar\u00e1 del sector este con algunas r\u00e1fagas fuertes.<\/h3>\n<p><img fetchpriority=\"high\" decoding=\"async\" class=\"wp-image-123 aligncenter\" src=\"https:\/\/apuntesdesanluis.com\/wp-content\/uploads\/2023\/07\/lunes-1-300x300.jpg\" alt=\"\" width=\"596\" height=\"596\" srcset=\"https:\/\/apuntesdesanluis.com\/wp-content\/uploads\/2023\/07\/lunes-1-300x300.jpg 300w, https:\/\/apuntesdesanluis.com\/wp-content\/uploads\/2023\/07\/lunes-1-150x150.jpg 150w, https:\/\/apuntesdesanluis.com\/wp-content\/uploads\/2023\/07\/lunes-1.jpg 500w\" sizes=\"(max-width: 596px) 100vw, 596px\" \/><\/p>\n<p><img decoding=\"async\" class=\"wp-image-124 aligncenter\" src=\"https:\/\/apuntesdesanluis.com\/wp-content\/uploads\/2023\/07\/lunes-2-300x300.jpg\" alt=\"\" width=\"594\" height=\"594\" srcset=\"https:\/\/apuntesdesanluis.com\/wp-content\/uploads\/2023\/07\/lunes-2-300x300.jpg 300w, https:\/\/apuntesdesanluis.com\/wp-content\/uploads\/2023\/07\/lunes-2-150x150.jpg 150w, https:\/\/apuntesdesanluis.com\/wp-content\/uploads\/2023\/07\/lunes-2.jpg 500w\" sizes=\"(max-width: 594px) 100vw, 594px\" \/><\/p>\n<h3><strong>Martes 18<\/strong><\/h3>\n<h3>Jornada de ma\u00f1ana fr\u00eda con heladas y con leve ascenso de las temperaturas m\u00e1ximas por la tarde. El cielo estar\u00e1 parcialmente nublado. En promedio, se esperan m\u00ednimas de 1\u00b0C y m\u00e1ximas de 13\u00b0C. El viento ser\u00e1 del sector noreste con r\u00e1fagas fuertes en la regi\u00f3n noroeste.<\/h3>\n<h3><strong>Mi\u00e9rcoles 19<\/strong><\/h3>\n<h3>Jornada con heladas parciales y algo ventosa en la regi\u00f3n norte. El cielo estar\u00e1 parcialmente nublado. En promedio, se esperan m\u00ednimas de 1\u00b0C y m\u00e1ximas de 15\u00b0C. El viento ser\u00e1 del sector norte con r\u00e1fagas fuertes.<\/h3>\n","protected":false},"excerpt":{"rendered":"<p>En el AMBA se esperan marcas t\u00e9rmicas bajo cero, pero el clima se volver\u00e1 primaveral&#8230;<\/p>\n","protected":false},"author":1,"featured_media":125,"comment_status":"closed","ping_status":"closed","sticky":false,"template":"","format":"standard","meta":{"footnotes":""},"categories":[5],"tags":[],"class_list":["post-122","post","type-post","status-publish","format-standard","has-post-thumbnail","hentry","category-nacionales-internacionales"],"yoast_head":"<!-- This site is optimized with the Yoast SEO plugin v26.1.1 - https:\/\/yoast.com\/wordpress\/plugins\/seo\/ -->\n<title>ALERTA POR FR\u00cdO EXTREMO EN CIUDAD DE BUENOS AIRES, CONURBANO Y 13 PROVINCIAS - Apuntes de San Luis<\/title>\n<meta name=\"robots\" content=\"index, follow, max-snippet:-1, max-image-preview:large, max-video-preview:-1\" \/>\n<link rel=\"canonical\" href=\"https:\/\/apuntesdesanluis.com\/index.php\/2023\/07\/16\/alerta-por-frio-extremo-en-ciudad-de-buenos-aires-conurbano-y-13-provincias\/\" \/>\n<meta property=\"og:locale\" content=\"es_ES\" \/>\n<meta property=\"og:type\" content=\"article\" \/>\n<meta property=\"og:title\" content=\"ALERTA POR FR\u00cdO EXTREMO EN CIUDAD DE BUENOS AIRES, CONURBANO Y 13 PROVINCIAS - Apuntes de San Luis\" \/>\n<meta property=\"og:description\" content=\"En el AMBA se esperan marcas t\u00e9rmicas bajo cero, pero el clima se volver\u00e1 primaveral...\" \/>\n<meta property=\"og:url\" content=\"https:\/\/apuntesdesanluis.com\/index.php\/2023\/07\/16\/alerta-por-frio-extremo-en-ciudad-de-buenos-aires-conurbano-y-13-provincias\/\" \/>\n<meta property=\"og:site_name\" content=\"Apuntes de San Luis\" \/>\n<meta property=\"article:published_time\" content=\"2023-07-17T00:33:27+00:00\" \/>\n<meta property=\"article:modified_time\" content=\"2023-07-17T03:43:54+00:00\" \/>\n<meta property=\"og:image\" content=\"https:\/\/apuntesdesanluis.com\/wp-content\/uploads\/2023\/07\/frio.png\" \/>\n\t<meta property=\"og:image:width\" content=\"834\" \/>\n\t<meta property=\"og:image:height\" content=\"514\" \/>\n\t<meta property=\"og:image:type\" content=\"image\/png\" \/>\n<meta name=\"author\" content=\"apuntesdesanluis.com\" \/>\n<meta name=\"twitter:card\" content=\"summary_large_image\" \/>\n<meta name=\"twitter:label1\" content=\"Escrito por\" \/>\n\t<meta name=\"twitter:data1\" content=\"apuntesdesanluis.com\" \/>\n\t<meta name=\"twitter:label2\" content=\"Tiempo de lectura\" \/>\n\t<meta name=\"twitter:data2\" content=\"2 minutos\" \/>\n<script type=\"application\/ld+json\" class=\"yoast-schema-graph\">{\"@context\":\"https:\/\/schema.org\",\"@graph\":[{\"@type\":\"Article\",\"@id\":\"https:\/\/apuntesdesanluis.com\/index.php\/2023\/07\/16\/alerta-por-frio-extremo-en-ciudad-de-buenos-aires-conurbano-y-13-provincias\/#article\",\"isPartOf\":{\"@id\":\"https:\/\/apuntesdesanluis.com\/index.php\/2023\/07\/16\/alerta-por-frio-extremo-en-ciudad-de-buenos-aires-conurbano-y-13-provincias\/\"},\"author\":{\"name\":\"apuntesdesanluis.com\",\"@id\":\"https:\/\/apuntesdesanluis.com\/#\/schema\/person\/b55151d52296fcce64d1a72538a70b90\"},\"headline\":\"ALERTA POR FR\u00cdO EXTREMO EN CIUDAD DE BUENOS AIRES, CONURBANO Y 13 PROVINCIAS\",\"datePublished\":\"2023-07-17T00:33:27+00:00\",\"dateModified\":\"2023-07-17T03:43:54+00:00\",\"mainEntityOfPage\":{\"@id\":\"https:\/\/apuntesdesanluis.com\/index.php\/2023\/07\/16\/alerta-por-frio-extremo-en-ciudad-de-buenos-aires-conurbano-y-13-provincias\/\"},\"wordCount\":402,\"publisher\":{\"@id\":\"https:\/\/apuntesdesanluis.com\/#\/schema\/person\/b55151d52296fcce64d1a72538a70b90\"},\"image\":{\"@id\":\"https:\/\/apuntesdesanluis.com\/index.php\/2023\/07\/16\/alerta-por-frio-extremo-en-ciudad-de-buenos-aires-conurbano-y-13-provincias\/#primaryimage\"},\"thumbnailUrl\":\"https:\/\/apuntesdesanluis.com\/wp-content\/uploads\/2023\/07\/frio.png\",\"articleSection\":[\"Nacionales\/Internacionales\"],\"inLanguage\":\"es-AR\"},{\"@type\":\"WebPage\",\"@id\":\"https:\/\/apuntesdesanluis.com\/index.php\/2023\/07\/16\/alerta-por-frio-extremo-en-ciudad-de-buenos-aires-conurbano-y-13-provincias\/\",\"url\":\"https:\/\/apuntesdesanluis.com\/index.php\/2023\/07\/16\/alerta-por-frio-extremo-en-ciudad-de-buenos-aires-conurbano-y-13-provincias\/\",\"name\":\"ALERTA POR FR\u00cdO EXTREMO EN CIUDAD DE BUENOS AIRES, CONURBANO Y 13 PROVINCIAS - Apuntes de San Luis\",\"isPartOf\":{\"@id\":\"https:\/\/apuntesdesanluis.com\/#website\"},\"primaryImageOfPage\":{\"@id\":\"https:\/\/apuntesdesanluis.com\/index.php\/2023\/07\/16\/alerta-por-frio-extremo-en-ciudad-de-buenos-aires-conurbano-y-13-provincias\/#primaryimage\"},\"image\":{\"@id\":\"https:\/\/apuntesdesanluis.com\/index.php\/2023\/07\/16\/alerta-por-frio-extremo-en-ciudad-de-buenos-aires-conurbano-y-13-provincias\/#primaryimage\"},\"thumbnailUrl\":\"https:\/\/apuntesdesanluis.com\/wp-content\/uploads\/2023\/07\/frio.png\",\"datePublished\":\"2023-07-17T00:33:27+00:00\",\"dateModified\":\"2023-07-17T03:43:54+00:00\",\"breadcrumb\":{\"@id\":\"https:\/\/apuntesdesanluis.com\/index.php\/2023\/07\/16\/alerta-por-frio-extremo-en-ciudad-de-buenos-aires-conurbano-y-13-provincias\/#breadcrumb\"},\"inLanguage\":\"es-AR\",\"potentialAction\":[{\"@type\":\"ReadAction\",\"target\":[\"https:\/\/apuntesdesanluis.com\/index.php\/2023\/07\/16\/alerta-por-frio-extremo-en-ciudad-de-buenos-aires-conurbano-y-13-provincias\/\"]}]},{\"@type\":\"ImageObject\",\"inLanguage\":\"es-AR\",\"@id\":\"https:\/\/apuntesdesanluis.com\/index.php\/2023\/07\/16\/alerta-por-frio-extremo-en-ciudad-de-buenos-aires-conurbano-y-13-provincias\/#primaryimage\",\"url\":\"https:\/\/apuntesdesanluis.com\/wp-content\/uploads\/2023\/07\/frio.png\",\"contentUrl\":\"https:\/\/apuntesdesanluis.com\/wp-content\/uploads\/2023\/07\/frio.png\",\"width\":834,\"height\":514},{\"@type\":\"BreadcrumbList\",\"@id\":\"https:\/\/apuntesdesanluis.com\/index.php\/2023\/07\/16\/alerta-por-frio-extremo-en-ciudad-de-buenos-aires-conurbano-y-13-provincias\/#breadcrumb\",\"itemListElement\":[{\"@type\":\"ListItem\",\"position\":1,\"name\":\"Inicio\",\"item\":\"https:\/\/apuntesdesanluis.com\/\"},{\"@type\":\"ListItem\",\"position\":2,\"name\":\"ALERTA POR FR\u00cdO EXTREMO EN CIUDAD DE BUENOS AIRES, CONURBANO Y 13 PROVINCIAS\"}]},{\"@type\":\"WebSite\",\"@id\":\"https:\/\/apuntesdesanluis.com\/#website\",\"url\":\"https:\/\/apuntesdesanluis.com\/\",\"name\":\"Apuntes de San Luis\",\"description\":\"\",\"publisher\":{\"@id\":\"https:\/\/apuntesdesanluis.com\/#\/schema\/person\/b55151d52296fcce64d1a72538a70b90\"},\"potentialAction\":[{\"@type\":\"SearchAction\",\"target\":{\"@type\":\"EntryPoint\",\"urlTemplate\":\"https:\/\/apuntesdesanluis.com\/?s={search_term_string}\"},\"query-input\":{\"@type\":\"PropertyValueSpecification\",\"valueRequired\":true,\"valueName\":\"search_term_string\"}}],\"inLanguage\":\"es-AR\"},{\"@type\":[\"Person\",\"Organization\"],\"@id\":\"https:\/\/apuntesdesanluis.com\/#\/schema\/person\/b55151d52296fcce64d1a72538a70b90\",\"name\":\"apuntesdesanluis.com\",\"image\":{\"@type\":\"ImageObject\",\"inLanguage\":\"es-AR\",\"@id\":\"https:\/\/apuntesdesanluis.com\/#\/schema\/person\/image\/\",\"url\":\"https:\/\/apuntesdesanluis.com\/wp-content\/uploads\/2023\/07\/cropped-apuntesdesanluis.png\",\"contentUrl\":\"https:\/\/apuntesdesanluis.com\/wp-content\/uploads\/2023\/07\/cropped-apuntesdesanluis.png\",\"width\":450,\"height\":112,\"caption\":\"apuntesdesanluis.com\"},\"logo\":{\"@id\":\"https:\/\/apuntesdesanluis.com\/#\/schema\/person\/image\/\"},\"sameAs\":[\"https:\/\/apuntesdesanluis.com\"],\"url\":\"https:\/\/apuntesdesanluis.com\/index.php\/author\/apuntesdesanluis-com\/\"}]}<\/script>\n<!-- \/ Yoast SEO plugin. -->","yoast_head_json":{"title":"ALERTA POR FR\u00cdO EXTREMO EN CIUDAD DE BUENOS AIRES, CONURBANO Y 13 PROVINCIAS - Apuntes de San Luis","robots":{"index":"index","follow":"follow","max-snippet":"max-snippet:-1","max-image-preview":"max-image-preview:large","max-video-preview":"max-video-preview:-1"},"canonical":"https:\/\/apuntesdesanluis.com\/index.php\/2023\/07\/16\/alerta-por-frio-extremo-en-ciudad-de-buenos-aires-conurbano-y-13-provincias\/","og_locale":"es_ES","og_type":"article","og_title":"ALERTA POR FR\u00cdO EXTREMO EN CIUDAD DE BUENOS AIRES, CONURBANO Y 13 PROVINCIAS - Apuntes de San Luis","og_description":"En el AMBA se esperan marcas t\u00e9rmicas bajo cero, pero el clima se volver\u00e1 primaveral...","og_url":"https:\/\/apuntesdesanluis.com\/index.php\/2023\/07\/16\/alerta-por-frio-extremo-en-ciudad-de-buenos-aires-conurbano-y-13-provincias\/","og_site_name":"Apuntes de San Luis","article_published_time":"2023-07-17T00:33:27+00:00","article_modified_time":"2023-07-17T03:43:54+00:00","og_image":[{"width":834,"height":514,"url":"https:\/\/apuntesdesanluis.com\/wp-content\/uploads\/2023\/07\/frio.png","type":"image\/png"}],"author":"apuntesdesanluis.com","twitter_card":"summary_large_image","twitter_misc":{"Escrito por":"apuntesdesanluis.com","Tiempo de lectura":"2 minutos"},"schema":{"@context":"https:\/\/schema.org","@graph":[{"@type":"Article","@id":"https:\/\/apuntesdesanluis.com\/index.php\/2023\/07\/16\/alerta-por-frio-extremo-en-ciudad-de-buenos-aires-conurbano-y-13-provincias\/#article","isPartOf":{"@id":"https:\/\/apuntesdesanluis.com\/index.php\/2023\/07\/16\/alerta-por-frio-extremo-en-ciudad-de-buenos-aires-conurbano-y-13-provincias\/"},"author":{"name":"apuntesdesanluis.com","@id":"https:\/\/apuntesdesanluis.com\/#\/schema\/person\/b55151d52296fcce64d1a72538a70b90"},"headline":"ALERTA POR FR\u00cdO EXTREMO EN CIUDAD DE BUENOS AIRES, CONURBANO Y 13 PROVINCIAS","datePublished":"2023-07-17T00:33:27+00:00","dateModified":"2023-07-17T03:43:54+00:00","mainEntityOfPage":{"@id":"https:\/\/apuntesdesanluis.com\/index.php\/2023\/07\/16\/alerta-por-frio-extremo-en-ciudad-de-buenos-aires-conurbano-y-13-provincias\/"},"wordCount":402,"publisher":{"@id":"https:\/\/apuntesdesanluis.com\/#\/schema\/person\/b55151d52296fcce64d1a72538a70b90"},"image":{"@id":"https:\/\/apuntesdesanluis.com\/index.php\/2023\/07\/16\/alerta-por-frio-extremo-en-ciudad-de-buenos-aires-conurbano-y-13-provincias\/#primaryimage"},"thumbnailUrl":"https:\/\/apuntesdesanluis.com\/wp-content\/uploads\/2023\/07\/frio.png","articleSection":["Nacionales\/Internacionales"],"inLanguage":"es-AR"},{"@type":"WebPage","@id":"https:\/\/apuntesdesanluis.com\/index.php\/2023\/07\/16\/alerta-por-frio-extremo-en-ciudad-de-buenos-aires-conurbano-y-13-provincias\/","url":"https:\/\/apuntesdesanluis.com\/index.php\/2023\/07\/16\/alerta-por-frio-extremo-en-ciudad-de-buenos-aires-conurbano-y-13-provincias\/","name":"ALERTA POR FR\u00cdO EXTREMO EN CIUDAD DE BUENOS AIRES, CONURBANO Y 13 PROVINCIAS - Apuntes de San Luis","isPartOf":{"@id":"https:\/\/apuntesdesanluis.com\/#website"},"primaryImageOfPage":{"@id":"https:\/\/apuntesdesanluis.com\/index.php\/2023\/07\/16\/alerta-por-frio-extremo-en-ciudad-de-buenos-aires-conurbano-y-13-provincias\/#primaryimage"},"image":{"@id":"https:\/\/apuntesdesanluis.com\/index.php\/2023\/07\/16\/alerta-por-frio-extremo-en-ciudad-de-buenos-aires-conurbano-y-13-provincias\/#primaryimage"},"thumbnailUrl":"https:\/\/apuntesdesanluis.com\/wp-content\/uploads\/2023\/07\/frio.png","datePublished":"2023-07-17T00:33:27+00:00","dateModified":"2023-07-17T03:43:54+00:00","breadcrumb":{"@id":"https:\/\/apuntesdesanluis.com\/index.php\/2023\/07\/16\/alerta-por-frio-extremo-en-ciudad-de-buenos-aires-conurbano-y-13-provincias\/#breadcrumb"},"inLanguage":"es-AR","potentialAction":[{"@type":"ReadAction","target":["https:\/\/apuntesdesanluis.com\/index.php\/2023\/07\/16\/alerta-por-frio-extremo-en-ciudad-de-buenos-aires-conurbano-y-13-provincias\/"]}]},{"@type":"ImageObject","inLanguage":"es-AR","@id":"https:\/\/apuntesdesanluis.com\/index.php\/2023\/07\/16\/alerta-por-frio-extremo-en-ciudad-de-buenos-aires-conurbano-y-13-provincias\/#primaryimage","url":"https:\/\/apuntesdesanluis.com\/wp-content\/uploads\/2023\/07\/frio.png","contentUrl":"https:\/\/apuntesdesanluis.com\/wp-content\/uploads\/2023\/07\/frio.png","width":834,"height":514},{"@type":"BreadcrumbList","@id":"https:\/\/apuntesdesanluis.com\/index.php\/2023\/07\/16\/alerta-por-frio-extremo-en-ciudad-de-buenos-aires-conurbano-y-13-provincias\/#breadcrumb","itemListElement":[{"@type":"ListItem","position":1,"name":"Inicio","item":"https:\/\/apuntesdesanluis.com\/"},{"@type":"ListItem","position":2,"name":"ALERTA POR FR\u00cdO EXTREMO EN CIUDAD DE BUENOS AIRES, CONURBANO Y 13 PROVINCIAS"}]},{"@type":"WebSite","@id":"https:\/\/apuntesdesanluis.com\/#website","url":"https:\/\/apuntesdesanluis.com\/","name":"Apuntes de San Luis","description":"","publisher":{"@id":"https:\/\/apuntesdesanluis.com\/#\/schema\/person\/b55151d52296fcce64d1a72538a70b90"},"potentialAction":[{"@type":"SearchAction","target":{"@type":"EntryPoint","urlTemplate":"https:\/\/apuntesdesanluis.com\/?s={search_term_string}"},"query-input":{"@type":"PropertyValueSpecification","valueRequired":true,"valueName":"search_term_string"}}],"inLanguage":"es-AR"},{"@type":["Person","Organization"],"@id":"https:\/\/apuntesdesanluis.com\/#\/schema\/person\/b55151d52296fcce64d1a72538a70b90","name":"apuntesdesanluis.com","image":{"@type":"ImageObject","inLanguage":"es-AR","@id":"https:\/\/apuntesdesanluis.com\/#\/schema\/person\/image\/","url":"https:\/\/apuntesdesanluis.com\/wp-content\/uploads\/2023\/07\/cropped-apuntesdesanluis.png","contentUrl":"https:\/\/apuntesdesanluis.com\/wp-content\/uploads\/2023\/07\/cropped-apuntesdesanluis.png","width":450,"height":112,"caption":"apuntesdesanluis.com"},"logo":{"@id":"https:\/\/apuntesdesanluis.com\/#\/schema\/person\/image\/"},"sameAs":["https:\/\/apuntesdesanluis.com"],"url":"https:\/\/apuntesdesanluis.com\/index.php\/author\/apuntesdesanluis-com\/"}]}},"featured_image_urls":{"full":["https:\/\/apuntesdesanluis.com\/wp-content\/uploads\/2023\/07\/frio.png",834,514,false],"thumbnail":["https:\/\/apuntesdesanluis.com\/wp-content\/uploads\/2023\/07\/frio-150x150.png",150,150,true],"medium":["https:\/\/apuntesdesanluis.com\/wp-content\/uploads\/2023\/07\/frio-300x185.png",300,185,true],"medium_large":["https:\/\/apuntesdesanluis.com\/wp-content\/uploads\/2023\/07\/frio-768x473.png",640,394,true],"large":["https:\/\/apuntesdesanluis.com\/wp-content\/uploads\/2023\/07\/frio.png",640,394,false],"1536x1536":["https:\/\/apuntesdesanluis.com\/wp-content\/uploads\/2023\/07\/frio.png",834,514,false],"2048x2048":["https:\/\/apuntesdesanluis.com\/wp-content\/uploads\/2023\/07\/frio.png",834,514,false],"newsever-slider-full":["https:\/\/apuntesdesanluis.com\/wp-content\/uploads\/2023\/07\/frio.png",834,514,false],"newsever-featured":["https:\/\/apuntesdesanluis.com\/wp-content\/uploads\/2023\/07\/frio.png",834,514,false],"newsever-medium":["https:\/\/apuntesdesanluis.com\/wp-content\/uploads\/2023\/07\/frio-720x475.png",720,475,true]},"author_info":{"display_name":"apuntesdesanluis.com","author_link":"https:\/\/apuntesdesanluis.com\/index.php\/author\/apuntesdesanluis-com\/"},"category_info":"<a href=\"https:\/\/apuntesdesanluis.com\/index.php\/category\/nacionales-internacionales\/\" rel=\"category tag\">Nacionales\/Internacionales<\/a>","tag_info":"Nacionales\/Internacionales","comment_count":"0","_links":{"self":[{"href":"https:\/\/apuntesdesanluis.com\/index.php\/wp-json\/wp\/v2\/posts\/122","targetHints":{"allow":["GET"]}}],"collection":[{"href":"https:\/\/apuntesdesanluis.com\/index.php\/wp-json\/wp\/v2\/posts"}],"about":[{"href":"https:\/\/apuntesdesanluis.com\/index.php\/wp-json\/wp\/v2\/types\/post"}],"author":[{"embeddable":true,"href":"https:\/\/apuntesdesanluis.com\/index.php\/wp-json\/wp\/v2\/users\/1"}],"replies":[{"embeddable":true,"href":"https:\/\/apuntesdesanluis.com\/index.php\/wp-json\/wp\/v2\/comments?post=122"}],"version-history":[{"count":0,"href":"https:\/\/apuntesdesanluis.com\/index.php\/wp-json\/wp\/v2\/posts\/122\/revisions"}],"wp:featuredmedia":[{"embeddable":true,"href":"https:\/\/apuntesdesanluis.com\/index.php\/wp-json\/wp\/v2\/media\/125"}],"wp:attachment":[{"href":"https:\/\/apuntesdesanluis.com\/index.php\/wp-json\/wp\/v2\/media?parent=122"}],"wp:term":[{"taxonomy":"category","embeddable":true,"href":"https:\/\/apuntesdesanluis.com\/index.php\/wp-json\/wp\/v2\/categories?post=122"},{"taxonomy":"post_tag","embeddable":true,"href":"https:\/\/apuntesdesanluis.com\/index.php\/wp-json\/wp\/v2\/tags?post=122"}],"curies":[{"name":"wp","href":"https:\/\/api.w.org\/{rel}","templated":true}]}}