{"id":1220,"date":"2023-08-07T19:34:38","date_gmt":"2023-08-07T22:34:38","guid":{"rendered":"https:\/\/apuntesdesanluis.com\/?p=1220"},"modified":"2023-08-07T19:35:10","modified_gmt":"2023-08-07T22:35:10","slug":"no-se-marcho-jose-luis-perales-no-murio-y-dijo-estar-mas-vivo-que-nunca","status":"publish","type":"post","link":"https:\/\/apuntesdesanluis.com\/index.php\/2023\/08\/07\/no-se-marcho-jose-luis-perales-no-murio-y-dijo-estar-mas-vivo-que-nunca\/","title":{"rendered":"NO SE MARCH\u00d3: JOS\u00c9 LUIS PERALES NO MURI\u00d3 Y DIJO ESTAR &#8220;M\u00c1S VIVO QUE NUNCA&#8221;"},"content":{"rendered":"<h3>Tanto los familiares como el propio cantautor desmintieron la noticia sobre su deceso, la cual calificaron como una &#8220;muy mala idea&#8221;.<\/h3>\n<h3>El cantante espa\u00f1ol <strong>Jos\u00e9 Luis Perales<\/strong> neg\u00f3 la noticia de su muerte publicada en decenas de medios de comunicaci\u00f3n y asegur\u00f3 &#8220;estar m\u00e1s vivo que nunca&#8221;.<\/h3>\n<h3>Medios de todo el mundo escribieron art\u00edculos hablando del fallecimiento del cantante a causa de un infarto, sin confirmar la noticia. A tal punto se extendi\u00f3 el bulo, que incluso su p\u00e1gina de Wikipedia fue actualizada informando la fecha de su presunto deceso.<\/h3>\n<h3><img fetchpriority=\"high\" decoding=\"async\" class=\"wp-image-1222 aligncenter\" src=\"https:\/\/apuntesdesanluis.com\/wp-content\/uploads\/2023\/08\/wikipedia-300x195.png\" alt=\"\" width=\"832\" height=\"541\" srcset=\"https:\/\/apuntesdesanluis.com\/wp-content\/uploads\/2023\/08\/wikipedia-300x195.png 300w, https:\/\/apuntesdesanluis.com\/wp-content\/uploads\/2023\/08\/wikipedia-768x499.png 768w, https:\/\/apuntesdesanluis.com\/wp-content\/uploads\/2023\/08\/wikipedia.png 836w\" sizes=\"(max-width: 832px) 100vw, 832px\" \/><\/h3>\n<h3>Sin embargo, el peri\u00f3dico espa\u00f1ol <strong>La Raz\u00f3n<\/strong> convers\u00f3 con su hijo, <strong>Pablo Perales<\/strong>, quien espec\u00edfico que &#8220;estamos en Londres cenando juntos&#8221;. &#8220;Es completamente falso. Por favor, escribe algo para que todo el mundo lo sepa&#8221;, pidi\u00f3 el hijo al medio espa\u00f1ol.<\/h3>\n<h3>Sumado a esto, el propio Perales difundi\u00f3 un video en sus redes sociales donde confirmaba que, en efecto, sigue con vida. &#8220;\u00a1Ante los rumores&#8230; os mandamos un saludo enorme desde Londres!&#8221;, escribi\u00f3 el artista en la publicaci\u00f3n que acompa\u00f1a la pieza audiovisual.<\/h3>\n<h3>&#8220;Hola amigos, os hablo desde Londres&#8221;, comienza la grabaci\u00f3n. Seg\u00fan el artista, se encontraba vacacionando en Londres, Reino Unido, junto a su esposa Manuela Vargas y sus dos hijos cuando &#8220;de repente nos encontramos con que alguien, pues de muy mala idea, ha dicho que me he muerto&#8221;.<\/h3>\n<h3>&#8220;La verdad es que estoy m\u00e1s vivo que nunca, m\u00e1s feliz que nunca y que ma\u00f1ana ya nos vamos a estar viendo en Espa\u00f1a. Un abrazo muy fuerte para todos y gracias a todos los que hab\u00e9is intentado saber si era verdad esta cosa. Que estamos muy bien, se acab\u00f3&#8221;, concluy\u00f3 Perales en la filmaci\u00f3n que dura menos de un minuto.<\/h3>\n<p><iframe title=\"No ME HE MUERTO - Jos\u00e9 Luis Perales | Mara Patricia Casta\u00f1eda\" width=\"640\" height=\"360\" src=\"https:\/\/www.youtube.com\/embed\/Y9XI1Ir5k7Y?feature=oembed\" frameborder=\"0\" allow=\"accelerometer; autoplay; clipboard-write; encrypted-media; gyroscope; picture-in-picture; web-share\" referrerpolicy=\"strict-origin-when-cross-origin\" allowfullscreen><\/iframe><\/p>\n<h3>Perales es uno de los autores m\u00e1s prol\u00edficos y exitosos en la escena espa\u00f1ola. A lo largo de su carrera de m\u00e1s de 50 a\u00f1os, grab\u00f3 30 \u00e1lbumes y vendi\u00f3 55 millones de discos. Dentro de sus canciones m\u00e1s reconocidas, se encuentran temas como &#8220;Un velero llamado libertad&#8221;, &#8220;Y c\u00f3mo es \u00e9l&#8221;, &#8220;Que canten los ni\u00f1os&#8221; o &#8220;Y t\u00fa te vas&#8221;.<\/h3>\n<h3>En 2020, el artista anunci\u00f3 su retiro de los escenarios, para lo cual encar\u00f3 Baladas para una despedida, su gira del \u00faltimo adi\u00f3s. &#8220;No hay ninguna lucha. Es algo tan decidido ya, con mucho tiempo, que he esperado a hacerme mayor porque no hab\u00eda otra posibilidad de irse&#8221;, revel\u00f3 sobre aquella dif\u00edcil decisi\u00f3n.<\/h3>\n<h3><\/h3>\n<p>&nbsp;<\/p>\n","protected":false},"excerpt":{"rendered":"<p>Tanto los familiares como el propio cantautor desmintieron la noticia sobre su deceso, la cual&#8230;<\/p>\n","protected":false},"author":1,"featured_media":1221,"comment_status":"closed","ping_status":"closed","sticky":false,"template":"","format":"standard","meta":{"footnotes":""},"categories":[5],"tags":[],"class_list":["post-1220","post","type-post","status-publish","format-standard","has-post-thumbnail","hentry","category-nacionales-internacionales"],"yoast_head":"<!-- This site is optimized with the Yoast SEO plugin v26.1.1 - https:\/\/yoast.com\/wordpress\/plugins\/seo\/ -->\n<title>NO SE MARCH\u00d3: JOS\u00c9 LUIS PERALES NO MURI\u00d3 Y DIJO ESTAR &quot;M\u00c1S VIVO QUE NUNCA&quot; - Apuntes de San Luis<\/title>\n<meta name=\"robots\" content=\"index, follow, max-snippet:-1, max-image-preview:large, max-video-preview:-1\" \/>\n<link rel=\"canonical\" href=\"https:\/\/apuntesdesanluis.com\/index.php\/2023\/08\/07\/no-se-marcho-jose-luis-perales-no-murio-y-dijo-estar-mas-vivo-que-nunca\/\" \/>\n<meta property=\"og:locale\" content=\"es_ES\" \/>\n<meta property=\"og:type\" content=\"article\" \/>\n<meta property=\"og:title\" content=\"NO SE MARCH\u00d3: JOS\u00c9 LUIS PERALES NO MURI\u00d3 Y DIJO ESTAR &quot;M\u00c1S VIVO QUE NUNCA&quot; - Apuntes de San Luis\" \/>\n<meta property=\"og:description\" content=\"Tanto los familiares como el propio cantautor desmintieron la noticia sobre su deceso, la cual...\" \/>\n<meta property=\"og:url\" content=\"https:\/\/apuntesdesanluis.com\/index.php\/2023\/08\/07\/no-se-marcho-jose-luis-perales-no-murio-y-dijo-estar-mas-vivo-que-nunca\/\" \/>\n<meta property=\"og:site_name\" content=\"Apuntes de San Luis\" \/>\n<meta property=\"article:published_time\" content=\"2023-08-07T22:34:38+00:00\" \/>\n<meta property=\"article:modified_time\" content=\"2023-08-07T22:35:10+00:00\" \/>\n<meta property=\"og:image\" content=\"https:\/\/apuntesdesanluis.com\/wp-content\/uploads\/2023\/08\/perales-tapa.png\" \/>\n\t<meta property=\"og:image:width\" content=\"853\" \/>\n\t<meta property=\"og:image:height\" content=\"541\" \/>\n\t<meta property=\"og:image:type\" content=\"image\/png\" \/>\n<meta name=\"author\" content=\"apuntesdesanluis.com\" \/>\n<meta name=\"twitter:card\" content=\"summary_large_image\" \/>\n<meta name=\"twitter:label1\" content=\"Escrito por\" \/>\n\t<meta name=\"twitter:data1\" content=\"apuntesdesanluis.com\" \/>\n\t<meta name=\"twitter:label2\" content=\"Tiempo de lectura\" \/>\n\t<meta name=\"twitter:data2\" content=\"3 minutos\" \/>\n<script type=\"application\/ld+json\" class=\"yoast-schema-graph\">{\"@context\":\"https:\/\/schema.org\",\"@graph\":[{\"@type\":\"Article\",\"@id\":\"https:\/\/apuntesdesanluis.com\/index.php\/2023\/08\/07\/no-se-marcho-jose-luis-perales-no-murio-y-dijo-estar-mas-vivo-que-nunca\/#article\",\"isPartOf\":{\"@id\":\"https:\/\/apuntesdesanluis.com\/index.php\/2023\/08\/07\/no-se-marcho-jose-luis-perales-no-murio-y-dijo-estar-mas-vivo-que-nunca\/\"},\"author\":{\"name\":\"apuntesdesanluis.com\",\"@id\":\"https:\/\/apuntesdesanluis.com\/#\/schema\/person\/b55151d52296fcce64d1a72538a70b90\"},\"headline\":\"NO SE MARCH\u00d3: JOS\u00c9 LUIS PERALES NO MURI\u00d3 Y DIJO ESTAR &#8220;M\u00c1S VIVO QUE NUNCA&#8221;\",\"datePublished\":\"2023-08-07T22:34:38+00:00\",\"dateModified\":\"2023-08-07T22:35:10+00:00\",\"mainEntityOfPage\":{\"@id\":\"https:\/\/apuntesdesanluis.com\/index.php\/2023\/08\/07\/no-se-marcho-jose-luis-perales-no-murio-y-dijo-estar-mas-vivo-que-nunca\/\"},\"wordCount\":453,\"publisher\":{\"@id\":\"https:\/\/apuntesdesanluis.com\/#\/schema\/person\/b55151d52296fcce64d1a72538a70b90\"},\"image\":{\"@id\":\"https:\/\/apuntesdesanluis.com\/index.php\/2023\/08\/07\/no-se-marcho-jose-luis-perales-no-murio-y-dijo-estar-mas-vivo-que-nunca\/#primaryimage\"},\"thumbnailUrl\":\"https:\/\/apuntesdesanluis.com\/wp-content\/uploads\/2023\/08\/perales-tapa.png\",\"articleSection\":[\"Nacionales\/Internacionales\"],\"inLanguage\":\"es-AR\"},{\"@type\":\"WebPage\",\"@id\":\"https:\/\/apuntesdesanluis.com\/index.php\/2023\/08\/07\/no-se-marcho-jose-luis-perales-no-murio-y-dijo-estar-mas-vivo-que-nunca\/\",\"url\":\"https:\/\/apuntesdesanluis.com\/index.php\/2023\/08\/07\/no-se-marcho-jose-luis-perales-no-murio-y-dijo-estar-mas-vivo-que-nunca\/\",\"name\":\"NO SE MARCH\u00d3: JOS\u00c9 LUIS PERALES NO MURI\u00d3 Y DIJO ESTAR \\\"M\u00c1S VIVO QUE NUNCA\\\" - Apuntes de San Luis\",\"isPartOf\":{\"@id\":\"https:\/\/apuntesdesanluis.com\/#website\"},\"primaryImageOfPage\":{\"@id\":\"https:\/\/apuntesdesanluis.com\/index.php\/2023\/08\/07\/no-se-marcho-jose-luis-perales-no-murio-y-dijo-estar-mas-vivo-que-nunca\/#primaryimage\"},\"image\":{\"@id\":\"https:\/\/apuntesdesanluis.com\/index.php\/2023\/08\/07\/no-se-marcho-jose-luis-perales-no-murio-y-dijo-estar-mas-vivo-que-nunca\/#primaryimage\"},\"thumbnailUrl\":\"https:\/\/apuntesdesanluis.com\/wp-content\/uploads\/2023\/08\/perales-tapa.png\",\"datePublished\":\"2023-08-07T22:34:38+00:00\",\"dateModified\":\"2023-08-07T22:35:10+00:00\",\"breadcrumb\":{\"@id\":\"https:\/\/apuntesdesanluis.com\/index.php\/2023\/08\/07\/no-se-marcho-jose-luis-perales-no-murio-y-dijo-estar-mas-vivo-que-nunca\/#breadcrumb\"},\"inLanguage\":\"es-AR\",\"potentialAction\":[{\"@type\":\"ReadAction\",\"target\":[\"https:\/\/apuntesdesanluis.com\/index.php\/2023\/08\/07\/no-se-marcho-jose-luis-perales-no-murio-y-dijo-estar-mas-vivo-que-nunca\/\"]}]},{\"@type\":\"ImageObject\",\"inLanguage\":\"es-AR\",\"@id\":\"https:\/\/apuntesdesanluis.com\/index.php\/2023\/08\/07\/no-se-marcho-jose-luis-perales-no-murio-y-dijo-estar-mas-vivo-que-nunca\/#primaryimage\",\"url\":\"https:\/\/apuntesdesanluis.com\/wp-content\/uploads\/2023\/08\/perales-tapa.png\",\"contentUrl\":\"https:\/\/apuntesdesanluis.com\/wp-content\/uploads\/2023\/08\/perales-tapa.png\",\"width\":853,\"height\":541},{\"@type\":\"BreadcrumbList\",\"@id\":\"https:\/\/apuntesdesanluis.com\/index.php\/2023\/08\/07\/no-se-marcho-jose-luis-perales-no-murio-y-dijo-estar-mas-vivo-que-nunca\/#breadcrumb\",\"itemListElement\":[{\"@type\":\"ListItem\",\"position\":1,\"name\":\"Inicio\",\"item\":\"https:\/\/apuntesdesanluis.com\/\"},{\"@type\":\"ListItem\",\"position\":2,\"name\":\"NO SE MARCH\u00d3: JOS\u00c9 LUIS PERALES NO MURI\u00d3 Y DIJO ESTAR &#8220;M\u00c1S VIVO QUE NUNCA&#8221;\"}]},{\"@type\":\"WebSite\",\"@id\":\"https:\/\/apuntesdesanluis.com\/#website\",\"url\":\"https:\/\/apuntesdesanluis.com\/\",\"name\":\"Apuntes de San Luis\",\"description\":\"\",\"publisher\":{\"@id\":\"https:\/\/apuntesdesanluis.com\/#\/schema\/person\/b55151d52296fcce64d1a72538a70b90\"},\"potentialAction\":[{\"@type\":\"SearchAction\",\"target\":{\"@type\":\"EntryPoint\",\"urlTemplate\":\"https:\/\/apuntesdesanluis.com\/?s={search_term_string}\"},\"query-input\":{\"@type\":\"PropertyValueSpecification\",\"valueRequired\":true,\"valueName\":\"search_term_string\"}}],\"inLanguage\":\"es-AR\"},{\"@type\":[\"Person\",\"Organization\"],\"@id\":\"https:\/\/apuntesdesanluis.com\/#\/schema\/person\/b55151d52296fcce64d1a72538a70b90\",\"name\":\"apuntesdesanluis.com\",\"image\":{\"@type\":\"ImageObject\",\"inLanguage\":\"es-AR\",\"@id\":\"https:\/\/apuntesdesanluis.com\/#\/schema\/person\/image\/\",\"url\":\"https:\/\/apuntesdesanluis.com\/wp-content\/uploads\/2023\/07\/cropped-apuntesdesanluis.png\",\"contentUrl\":\"https:\/\/apuntesdesanluis.com\/wp-content\/uploads\/2023\/07\/cropped-apuntesdesanluis.png\",\"width\":450,\"height\":112,\"caption\":\"apuntesdesanluis.com\"},\"logo\":{\"@id\":\"https:\/\/apuntesdesanluis.com\/#\/schema\/person\/image\/\"},\"sameAs\":[\"https:\/\/apuntesdesanluis.com\"],\"url\":\"https:\/\/apuntesdesanluis.com\/index.php\/author\/apuntesdesanluis-com\/\"}]}<\/script>\n<!-- \/ Yoast SEO plugin. -->","yoast_head_json":{"title":"NO SE MARCH\u00d3: JOS\u00c9 LUIS PERALES NO MURI\u00d3 Y DIJO ESTAR \"M\u00c1S VIVO QUE NUNCA\" - Apuntes de San Luis","robots":{"index":"index","follow":"follow","max-snippet":"max-snippet:-1","max-image-preview":"max-image-preview:large","max-video-preview":"max-video-preview:-1"},"canonical":"https:\/\/apuntesdesanluis.com\/index.php\/2023\/08\/07\/no-se-marcho-jose-luis-perales-no-murio-y-dijo-estar-mas-vivo-que-nunca\/","og_locale":"es_ES","og_type":"article","og_title":"NO SE MARCH\u00d3: JOS\u00c9 LUIS PERALES NO MURI\u00d3 Y DIJO ESTAR \"M\u00c1S VIVO QUE NUNCA\" - Apuntes de San Luis","og_description":"Tanto los familiares como el propio cantautor desmintieron la noticia sobre su deceso, la cual...","og_url":"https:\/\/apuntesdesanluis.com\/index.php\/2023\/08\/07\/no-se-marcho-jose-luis-perales-no-murio-y-dijo-estar-mas-vivo-que-nunca\/","og_site_name":"Apuntes de San Luis","article_published_time":"2023-08-07T22:34:38+00:00","article_modified_time":"2023-08-07T22:35:10+00:00","og_image":[{"width":853,"height":541,"url":"https:\/\/apuntesdesanluis.com\/wp-content\/uploads\/2023\/08\/perales-tapa.png","type":"image\/png"}],"author":"apuntesdesanluis.com","twitter_card":"summary_large_image","twitter_misc":{"Escrito por":"apuntesdesanluis.com","Tiempo de lectura":"3 minutos"},"schema":{"@context":"https:\/\/schema.org","@graph":[{"@type":"Article","@id":"https:\/\/apuntesdesanluis.com\/index.php\/2023\/08\/07\/no-se-marcho-jose-luis-perales-no-murio-y-dijo-estar-mas-vivo-que-nunca\/#article","isPartOf":{"@id":"https:\/\/apuntesdesanluis.com\/index.php\/2023\/08\/07\/no-se-marcho-jose-luis-perales-no-murio-y-dijo-estar-mas-vivo-que-nunca\/"},"author":{"name":"apuntesdesanluis.com","@id":"https:\/\/apuntesdesanluis.com\/#\/schema\/person\/b55151d52296fcce64d1a72538a70b90"},"headline":"NO SE MARCH\u00d3: JOS\u00c9 LUIS PERALES NO MURI\u00d3 Y DIJO ESTAR &#8220;M\u00c1S VIVO QUE NUNCA&#8221;","datePublished":"2023-08-07T22:34:38+00:00","dateModified":"2023-08-07T22:35:10+00:00","mainEntityOfPage":{"@id":"https:\/\/apuntesdesanluis.com\/index.php\/2023\/08\/07\/no-se-marcho-jose-luis-perales-no-murio-y-dijo-estar-mas-vivo-que-nunca\/"},"wordCount":453,"publisher":{"@id":"https:\/\/apuntesdesanluis.com\/#\/schema\/person\/b55151d52296fcce64d1a72538a70b90"},"image":{"@id":"https:\/\/apuntesdesanluis.com\/index.php\/2023\/08\/07\/no-se-marcho-jose-luis-perales-no-murio-y-dijo-estar-mas-vivo-que-nunca\/#primaryimage"},"thumbnailUrl":"https:\/\/apuntesdesanluis.com\/wp-content\/uploads\/2023\/08\/perales-tapa.png","articleSection":["Nacionales\/Internacionales"],"inLanguage":"es-AR"},{"@type":"WebPage","@id":"https:\/\/apuntesdesanluis.com\/index.php\/2023\/08\/07\/no-se-marcho-jose-luis-perales-no-murio-y-dijo-estar-mas-vivo-que-nunca\/","url":"https:\/\/apuntesdesanluis.com\/index.php\/2023\/08\/07\/no-se-marcho-jose-luis-perales-no-murio-y-dijo-estar-mas-vivo-que-nunca\/","name":"NO SE MARCH\u00d3: JOS\u00c9 LUIS PERALES NO MURI\u00d3 Y DIJO ESTAR \"M\u00c1S VIVO QUE NUNCA\" - Apuntes de San Luis","isPartOf":{"@id":"https:\/\/apuntesdesanluis.com\/#website"},"primaryImageOfPage":{"@id":"https:\/\/apuntesdesanluis.com\/index.php\/2023\/08\/07\/no-se-marcho-jose-luis-perales-no-murio-y-dijo-estar-mas-vivo-que-nunca\/#primaryimage"},"image":{"@id":"https:\/\/apuntesdesanluis.com\/index.php\/2023\/08\/07\/no-se-marcho-jose-luis-perales-no-murio-y-dijo-estar-mas-vivo-que-nunca\/#primaryimage"},"thumbnailUrl":"https:\/\/apuntesdesanluis.com\/wp-content\/uploads\/2023\/08\/perales-tapa.png","datePublished":"2023-08-07T22:34:38+00:00","dateModified":"2023-08-07T22:35:10+00:00","breadcrumb":{"@id":"https:\/\/apuntesdesanluis.com\/index.php\/2023\/08\/07\/no-se-marcho-jose-luis-perales-no-murio-y-dijo-estar-mas-vivo-que-nunca\/#breadcrumb"},"inLanguage":"es-AR","potentialAction":[{"@type":"ReadAction","target":["https:\/\/apuntesdesanluis.com\/index.php\/2023\/08\/07\/no-se-marcho-jose-luis-perales-no-murio-y-dijo-estar-mas-vivo-que-nunca\/"]}]},{"@type":"ImageObject","inLanguage":"es-AR","@id":"https:\/\/apuntesdesanluis.com\/index.php\/2023\/08\/07\/no-se-marcho-jose-luis-perales-no-murio-y-dijo-estar-mas-vivo-que-nunca\/#primaryimage","url":"https:\/\/apuntesdesanluis.com\/wp-content\/uploads\/2023\/08\/perales-tapa.png","contentUrl":"https:\/\/apuntesdesanluis.com\/wp-content\/uploads\/2023\/08\/perales-tapa.png","width":853,"height":541},{"@type":"BreadcrumbList","@id":"https:\/\/apuntesdesanluis.com\/index.php\/2023\/08\/07\/no-se-marcho-jose-luis-perales-no-murio-y-dijo-estar-mas-vivo-que-nunca\/#breadcrumb","itemListElement":[{"@type":"ListItem","position":1,"name":"Inicio","item":"https:\/\/apuntesdesanluis.com\/"},{"@type":"ListItem","position":2,"name":"NO SE MARCH\u00d3: JOS\u00c9 LUIS PERALES NO MURI\u00d3 Y DIJO ESTAR &#8220;M\u00c1S VIVO QUE NUNCA&#8221;"}]},{"@type":"WebSite","@id":"https:\/\/apuntesdesanluis.com\/#website","url":"https:\/\/apuntesdesanluis.com\/","name":"Apuntes de San Luis","description":"","publisher":{"@id":"https:\/\/apuntesdesanluis.com\/#\/schema\/person\/b55151d52296fcce64d1a72538a70b90"},"potentialAction":[{"@type":"SearchAction","target":{"@type":"EntryPoint","urlTemplate":"https:\/\/apuntesdesanluis.com\/?s={search_term_string}"},"query-input":{"@type":"PropertyValueSpecification","valueRequired":true,"valueName":"search_term_string"}}],"inLanguage":"es-AR"},{"@type":["Person","Organization"],"@id":"https:\/\/apuntesdesanluis.com\/#\/schema\/person\/b55151d52296fcce64d1a72538a70b90","name":"apuntesdesanluis.com","image":{"@type":"ImageObject","inLanguage":"es-AR","@id":"https:\/\/apuntesdesanluis.com\/#\/schema\/person\/image\/","url":"https:\/\/apuntesdesanluis.com\/wp-content\/uploads\/2023\/07\/cropped-apuntesdesanluis.png","contentUrl":"https:\/\/apuntesdesanluis.com\/wp-content\/uploads\/2023\/07\/cropped-apuntesdesanluis.png","width":450,"height":112,"caption":"apuntesdesanluis.com"},"logo":{"@id":"https:\/\/apuntesdesanluis.com\/#\/schema\/person\/image\/"},"sameAs":["https:\/\/apuntesdesanluis.com"],"url":"https:\/\/apuntesdesanluis.com\/index.php\/author\/apuntesdesanluis-com\/"}]}},"featured_image_urls":{"full":["https:\/\/apuntesdesanluis.com\/wp-content\/uploads\/2023\/08\/perales-tapa.png",853,541,false],"thumbnail":["https:\/\/apuntesdesanluis.com\/wp-content\/uploads\/2023\/08\/perales-tapa-150x150.png",150,150,true],"medium":["https:\/\/apuntesdesanluis.com\/wp-content\/uploads\/2023\/08\/perales-tapa-300x190.png",300,190,true],"medium_large":["https:\/\/apuntesdesanluis.com\/wp-content\/uploads\/2023\/08\/perales-tapa-768x487.png",640,406,true],"large":["https:\/\/apuntesdesanluis.com\/wp-content\/uploads\/2023\/08\/perales-tapa.png",640,406,false],"1536x1536":["https:\/\/apuntesdesanluis.com\/wp-content\/uploads\/2023\/08\/perales-tapa.png",853,541,false],"2048x2048":["https:\/\/apuntesdesanluis.com\/wp-content\/uploads\/2023\/08\/perales-tapa.png",853,541,false],"newsever-slider-full":["https:\/\/apuntesdesanluis.com\/wp-content\/uploads\/2023\/08\/perales-tapa.png",853,541,false],"newsever-featured":["https:\/\/apuntesdesanluis.com\/wp-content\/uploads\/2023\/08\/perales-tapa.png",853,541,false],"newsever-medium":["https:\/\/apuntesdesanluis.com\/wp-content\/uploads\/2023\/08\/perales-tapa-720x475.png",720,475,true]},"author_info":{"display_name":"apuntesdesanluis.com","author_link":"https:\/\/apuntesdesanluis.com\/index.php\/author\/apuntesdesanluis-com\/"},"category_info":"<a href=\"https:\/\/apuntesdesanluis.com\/index.php\/category\/nacionales-internacionales\/\" rel=\"category tag\">Nacionales\/Internacionales<\/a>","tag_info":"Nacionales\/Internacionales","comment_count":"0","_links":{"self":[{"href":"https:\/\/apuntesdesanluis.com\/index.php\/wp-json\/wp\/v2\/posts\/1220","targetHints":{"allow":["GET"]}}],"collection":[{"href":"https:\/\/apuntesdesanluis.com\/index.php\/wp-json\/wp\/v2\/posts"}],"about":[{"href":"https:\/\/apuntesdesanluis.com\/index.php\/wp-json\/wp\/v2\/types\/post"}],"author":[{"embeddable":true,"href":"https:\/\/apuntesdesanluis.com\/index.php\/wp-json\/wp\/v2\/users\/1"}],"replies":[{"embeddable":true,"href":"https:\/\/apuntesdesanluis.com\/index.php\/wp-json\/wp\/v2\/comments?post=1220"}],"version-history":[{"count":2,"href":"https:\/\/apuntesdesanluis.com\/index.php\/wp-json\/wp\/v2\/posts\/1220\/revisions"}],"predecessor-version":[{"id":1224,"href":"https:\/\/apuntesdesanluis.com\/index.php\/wp-json\/wp\/v2\/posts\/1220\/revisions\/1224"}],"wp:featuredmedia":[{"embeddable":true,"href":"https:\/\/apuntesdesanluis.com\/index.php\/wp-json\/wp\/v2\/media\/1221"}],"wp:attachment":[{"href":"https:\/\/apuntesdesanluis.com\/index.php\/wp-json\/wp\/v2\/media?parent=1220"}],"wp:term":[{"taxonomy":"category","embeddable":true,"href":"https:\/\/apuntesdesanluis.com\/index.php\/wp-json\/wp\/v2\/categories?post=1220"},{"taxonomy":"post_tag","embeddable":true,"href":"https:\/\/apuntesdesanluis.com\/index.php\/wp-json\/wp\/v2\/tags?post=1220"}],"curies":[{"name":"wp","href":"https:\/\/api.w.org\/{rel}","templated":true}]}}