{"id":12224,"date":"2024-02-23T22:53:07","date_gmt":"2024-02-24T01:53:07","guid":{"rendered":"https:\/\/apuntesdesanluis.com\/?p=12224"},"modified":"2024-02-23T22:53:07","modified_gmt":"2024-02-24T01:53:07","slug":"desafiante-respuesta-de-milei-a-torres-proceda-con-su-amenaza-y-hagase-cargo-de-las-consecuencias-en-la-justicia","status":"publish","type":"post","link":"https:\/\/apuntesdesanluis.com\/index.php\/2024\/02\/23\/desafiante-respuesta-de-milei-a-torres-proceda-con-su-amenaza-y-hagase-cargo-de-las-consecuencias-en-la-justicia\/","title":{"rendered":"DESAFIANTE RESPUESTA DE MILEI A TORRES: \u201cPROCEDA CON SU AMENAZA Y H\u00c1GASE CARGO DE LAS CONSECUENCIAS EN LA JUSTICIA\u201d"},"content":{"rendered":"<h3>A trav\u00e9s de un comunicado, la Casa Rosada adelant\u00f3 que no contribuir\u00e1 \u201cal financiamiento del despilfarro de las provincias\u201d. El gobernador de Chubut <strong>Ignacio Torres<\/strong> hab\u00eda dicho que no entregar\u00eda petr\u00f3leo y gas si no recibe los fondos de la coparticipaci\u00f3n<\/h3>\n<h3>Luego de que el gobernador de Chubut amenaz\u00f3 con interrumpir el suministro de petr\u00f3leo y gas si el Gobierno Nacional no enviaba $13.500 millones en concepto de coparticipaci\u00f3n, el presidente <strong>Javier Milei<\/strong> lo desafi\u00f3 a \u201cproceder\u201d y \u201chacerse cargo de las consecuencias en la Justicia\u201d.<\/h3>\n<h3>A trav\u00e9s de un comunicado, la Oficina del Presidente se\u00f1al\u00f3 que esos fondos corresponden a \u201cuna deuda que mantiene la provincia de Chubut con el Fondo Fiduciario para el Desarrollo Provincial\u201d. En ese sentido, explicaron que el cobro de dicha deuda \u201cse realiza por descuento directo de la Coparticipaci\u00f3n\u201d.<\/h3>\n<h3>\u201cDe ninguna manera el Poder Ejecutivo Nacional contribuir\u00e1 al financiamiento del despilfarro de las provincias que se niegan a bajar gastos innecesarios, eliminar cargos pol\u00edticos prescindibles y gobernar con la austeridad que la crisis econ\u00f3mica heredada requiere\u201d, plante\u00f3 el Poder Ejecutivo.<\/h3>\n<h3>Luego de insistir en que los gobernadores deber\u00e1n reducir el gasto p\u00fablico \u201ccomo est\u00e1 haciendo el Gobierno nacional\u201d, la Casa Rosada lament\u00f3 que el mandatario de Chubut, Ignacio Torres, haya lanzado \u201cuna amenaza de car\u00e1cter chavista respaldada por Axel Kicillof y el resto de los gobernadores\u201d.<\/h3>\n<h3><img fetchpriority=\"high\" decoding=\"async\" class=\"wp-image-12226 aligncenter\" src=\"https:\/\/apuntesdesanluis.com\/wp-content\/uploads\/2024\/02\/comunicado-de-milei-300x272.png\" alt=\"\" width=\"636\" height=\"577\" srcset=\"https:\/\/apuntesdesanluis.com\/wp-content\/uploads\/2024\/02\/comunicado-de-milei-300x272.png 300w, https:\/\/apuntesdesanluis.com\/wp-content\/uploads\/2024\/02\/comunicado-de-milei.png 639w\" sizes=\"(max-width: 636px) 100vw, 636px\" \/><\/h3>\n<h3>Seg\u00fan detallaron, se trat\u00f3 de una amenaza \u201cchavista\u201d porque cortar el suministro de hidrocarburos implica necesariamente un \u201cavance sobre la propiedad privada y la expropiaci\u00f3n de empresas\u201d.<\/h3>\n<h3>\u201cPor todo lo expuesto, se le comunica al gobernador Torres que no existe la necesidad de que ponga ning\u00fan plazo de tiempo para llevar a cabo su plan de extorsi\u00f3n. Proceda con su amenaza de inmediato y h\u00e1gase cargo de las consecuencias en la Justicia\u201d, fue la desafiante respuesta del Gobierno.<\/h3>\n<h3>Y agreg\u00f3: \u201cLos gobernadores Kicillof, Torres, Quintela, Frigerio y dem\u00e1s, al igual que el Jefe de Gobierno Jorge Macri, deben entender que la Argentina eligi\u00f3 un cambio. Se acab\u00f3 la era en que la casta malgastaba los recursos de los argentinos y luego iban a pedir limosnas al Banco Central a cambio de favores pol\u00edticos\u201d.<\/h3>\n<h3>\u201cEstamos en un momento hist\u00f3rico. En un punto de inflexi\u00f3n para nuestra Naci\u00f3n. Cada uno tendr\u00e1 que elegir de qu\u00e9 lado quiere estar: si del lado de los que quieren que la Argentina siga igual, o del lado de la mayor\u00eda de los argentinos, que eligieron vivir en Libertad\u201d, concluye el comunicado.<\/h3>\n<h3>Horas antes, el gobernador chubutense hab\u00eda publicado una carta en las redes sociales titulada \u201cLas provincias unidas del sur\u201d en la que aseguraba que \u201csi el Ministerio de Econom\u00eda no le entrega a Chubut sus recursos, entonces Chubut no entregar\u00e1 su petr\u00f3leo y su gas\u201d.<\/h3>\n<h3>El pronunciamiento llevaba, adem\u00e1s, las firmas de los gobernadores de La Pampa (Sergio Ziliotto), Neuqu\u00e9n (Rolando Figueroa), Tierra del Fuego (Gustavo Melella), Santa Cruz (Claudio Vidal) y R\u00edo Negro (Alberto Weretilneck).<\/h3>\n<p>&nbsp;<\/p>\n<p>&nbsp;<\/p>\n<p>&nbsp;<\/p>\n<p>&nbsp;<\/p>\n<p>&nbsp;<\/p>\n<p>&nbsp;<\/p>\n","protected":false},"excerpt":{"rendered":"<p>A trav\u00e9s de un comunicado, la Casa Rosada adelant\u00f3 que no contribuir\u00e1 \u201cal financiamiento del&#8230;<\/p>\n","protected":false},"author":1,"featured_media":12225,"comment_status":"closed","ping_status":"closed","sticky":false,"template":"","format":"standard","meta":{"footnotes":""},"categories":[5],"tags":[],"class_list":["post-12224","post","type-post","status-publish","format-standard","has-post-thumbnail","hentry","category-nacionales-internacionales"],"yoast_head":"<!-- This site is optimized with the Yoast SEO plugin v26.1.1 - https:\/\/yoast.com\/wordpress\/plugins\/seo\/ -->\n<title>DESAFIANTE RESPUESTA DE MILEI A TORRES: \u201cPROCEDA CON SU AMENAZA Y H\u00c1GASE CARGO DE LAS CONSECUENCIAS EN LA JUSTICIA\u201d - Apuntes de San Luis<\/title>\n<meta name=\"robots\" content=\"index, follow, max-snippet:-1, max-image-preview:large, max-video-preview:-1\" \/>\n<link rel=\"canonical\" href=\"https:\/\/apuntesdesanluis.com\/index.php\/2024\/02\/23\/desafiante-respuesta-de-milei-a-torres-proceda-con-su-amenaza-y-hagase-cargo-de-las-consecuencias-en-la-justicia\/\" \/>\n<meta property=\"og:locale\" content=\"es_ES\" \/>\n<meta property=\"og:type\" content=\"article\" \/>\n<meta property=\"og:title\" content=\"DESAFIANTE RESPUESTA DE MILEI A TORRES: \u201cPROCEDA CON SU AMENAZA Y H\u00c1GASE CARGO DE LAS CONSECUENCIAS EN LA JUSTICIA\u201d - Apuntes de San Luis\" \/>\n<meta property=\"og:description\" content=\"A trav\u00e9s de un comunicado, la Casa Rosada adelant\u00f3 que no contribuir\u00e1 \u201cal financiamiento del...\" \/>\n<meta property=\"og:url\" content=\"https:\/\/apuntesdesanluis.com\/index.php\/2024\/02\/23\/desafiante-respuesta-de-milei-a-torres-proceda-con-su-amenaza-y-hagase-cargo-de-las-consecuencias-en-la-justicia\/\" \/>\n<meta property=\"og:site_name\" content=\"Apuntes de San Luis\" \/>\n<meta property=\"article:published_time\" content=\"2024-02-24T01:53:07+00:00\" \/>\n<meta property=\"og:image\" content=\"https:\/\/apuntesdesanluis.com\/wp-content\/uploads\/2024\/02\/MILEI-3.png\" \/>\n\t<meta property=\"og:image:width\" content=\"679\" \/>\n\t<meta property=\"og:image:height\" content=\"403\" \/>\n\t<meta property=\"og:image:type\" content=\"image\/png\" \/>\n<meta name=\"author\" content=\"apuntesdesanluis.com\" \/>\n<meta name=\"twitter:card\" content=\"summary_large_image\" \/>\n<meta name=\"twitter:label1\" content=\"Escrito por\" \/>\n\t<meta name=\"twitter:data1\" content=\"apuntesdesanluis.com\" \/>\n\t<meta name=\"twitter:label2\" content=\"Tiempo de lectura\" \/>\n\t<meta name=\"twitter:data2\" content=\"3 minutos\" \/>\n<script type=\"application\/ld+json\" class=\"yoast-schema-graph\">{\"@context\":\"https:\/\/schema.org\",\"@graph\":[{\"@type\":\"Article\",\"@id\":\"https:\/\/apuntesdesanluis.com\/index.php\/2024\/02\/23\/desafiante-respuesta-de-milei-a-torres-proceda-con-su-amenaza-y-hagase-cargo-de-las-consecuencias-en-la-justicia\/#article\",\"isPartOf\":{\"@id\":\"https:\/\/apuntesdesanluis.com\/index.php\/2024\/02\/23\/desafiante-respuesta-de-milei-a-torres-proceda-con-su-amenaza-y-hagase-cargo-de-las-consecuencias-en-la-justicia\/\"},\"author\":{\"name\":\"apuntesdesanluis.com\",\"@id\":\"https:\/\/apuntesdesanluis.com\/#\/schema\/person\/b55151d52296fcce64d1a72538a70b90\"},\"headline\":\"DESAFIANTE RESPUESTA DE MILEI A TORRES: \u201cPROCEDA CON SU AMENAZA Y H\u00c1GASE CARGO DE LAS CONSECUENCIAS EN LA JUSTICIA\u201d\",\"datePublished\":\"2024-02-24T01:53:07+00:00\",\"mainEntityOfPage\":{\"@id\":\"https:\/\/apuntesdesanluis.com\/index.php\/2024\/02\/23\/desafiante-respuesta-de-milei-a-torres-proceda-con-su-amenaza-y-hagase-cargo-de-las-consecuencias-en-la-justicia\/\"},\"wordCount\":540,\"publisher\":{\"@id\":\"https:\/\/apuntesdesanluis.com\/#\/schema\/person\/b55151d52296fcce64d1a72538a70b90\"},\"image\":{\"@id\":\"https:\/\/apuntesdesanluis.com\/index.php\/2024\/02\/23\/desafiante-respuesta-de-milei-a-torres-proceda-con-su-amenaza-y-hagase-cargo-de-las-consecuencias-en-la-justicia\/#primaryimage\"},\"thumbnailUrl\":\"https:\/\/apuntesdesanluis.com\/wp-content\/uploads\/2024\/02\/MILEI-3.png\",\"articleSection\":[\"Nacionales\/Internacionales\"],\"inLanguage\":\"es-AR\"},{\"@type\":\"WebPage\",\"@id\":\"https:\/\/apuntesdesanluis.com\/index.php\/2024\/02\/23\/desafiante-respuesta-de-milei-a-torres-proceda-con-su-amenaza-y-hagase-cargo-de-las-consecuencias-en-la-justicia\/\",\"url\":\"https:\/\/apuntesdesanluis.com\/index.php\/2024\/02\/23\/desafiante-respuesta-de-milei-a-torres-proceda-con-su-amenaza-y-hagase-cargo-de-las-consecuencias-en-la-justicia\/\",\"name\":\"DESAFIANTE RESPUESTA DE MILEI A TORRES: \u201cPROCEDA CON SU AMENAZA Y H\u00c1GASE CARGO DE LAS CONSECUENCIAS EN LA JUSTICIA\u201d - Apuntes de San Luis\",\"isPartOf\":{\"@id\":\"https:\/\/apuntesdesanluis.com\/#website\"},\"primaryImageOfPage\":{\"@id\":\"https:\/\/apuntesdesanluis.com\/index.php\/2024\/02\/23\/desafiante-respuesta-de-milei-a-torres-proceda-con-su-amenaza-y-hagase-cargo-de-las-consecuencias-en-la-justicia\/#primaryimage\"},\"image\":{\"@id\":\"https:\/\/apuntesdesanluis.com\/index.php\/2024\/02\/23\/desafiante-respuesta-de-milei-a-torres-proceda-con-su-amenaza-y-hagase-cargo-de-las-consecuencias-en-la-justicia\/#primaryimage\"},\"thumbnailUrl\":\"https:\/\/apuntesdesanluis.com\/wp-content\/uploads\/2024\/02\/MILEI-3.png\",\"datePublished\":\"2024-02-24T01:53:07+00:00\",\"breadcrumb\":{\"@id\":\"https:\/\/apuntesdesanluis.com\/index.php\/2024\/02\/23\/desafiante-respuesta-de-milei-a-torres-proceda-con-su-amenaza-y-hagase-cargo-de-las-consecuencias-en-la-justicia\/#breadcrumb\"},\"inLanguage\":\"es-AR\",\"potentialAction\":[{\"@type\":\"ReadAction\",\"target\":[\"https:\/\/apuntesdesanluis.com\/index.php\/2024\/02\/23\/desafiante-respuesta-de-milei-a-torres-proceda-con-su-amenaza-y-hagase-cargo-de-las-consecuencias-en-la-justicia\/\"]}]},{\"@type\":\"ImageObject\",\"inLanguage\":\"es-AR\",\"@id\":\"https:\/\/apuntesdesanluis.com\/index.php\/2024\/02\/23\/desafiante-respuesta-de-milei-a-torres-proceda-con-su-amenaza-y-hagase-cargo-de-las-consecuencias-en-la-justicia\/#primaryimage\",\"url\":\"https:\/\/apuntesdesanluis.com\/wp-content\/uploads\/2024\/02\/MILEI-3.png\",\"contentUrl\":\"https:\/\/apuntesdesanluis.com\/wp-content\/uploads\/2024\/02\/MILEI-3.png\",\"width\":679,\"height\":403},{\"@type\":\"BreadcrumbList\",\"@id\":\"https:\/\/apuntesdesanluis.com\/index.php\/2024\/02\/23\/desafiante-respuesta-de-milei-a-torres-proceda-con-su-amenaza-y-hagase-cargo-de-las-consecuencias-en-la-justicia\/#breadcrumb\",\"itemListElement\":[{\"@type\":\"ListItem\",\"position\":1,\"name\":\"Inicio\",\"item\":\"https:\/\/apuntesdesanluis.com\/\"},{\"@type\":\"ListItem\",\"position\":2,\"name\":\"DESAFIANTE RESPUESTA DE MILEI A TORRES: \u201cPROCEDA CON SU AMENAZA Y H\u00c1GASE CARGO DE LAS CONSECUENCIAS EN LA JUSTICIA\u201d\"}]},{\"@type\":\"WebSite\",\"@id\":\"https:\/\/apuntesdesanluis.com\/#website\",\"url\":\"https:\/\/apuntesdesanluis.com\/\",\"name\":\"Apuntes de San Luis\",\"description\":\"\",\"publisher\":{\"@id\":\"https:\/\/apuntesdesanluis.com\/#\/schema\/person\/b55151d52296fcce64d1a72538a70b90\"},\"potentialAction\":[{\"@type\":\"SearchAction\",\"target\":{\"@type\":\"EntryPoint\",\"urlTemplate\":\"https:\/\/apuntesdesanluis.com\/?s={search_term_string}\"},\"query-input\":{\"@type\":\"PropertyValueSpecification\",\"valueRequired\":true,\"valueName\":\"search_term_string\"}}],\"inLanguage\":\"es-AR\"},{\"@type\":[\"Person\",\"Organization\"],\"@id\":\"https:\/\/apuntesdesanluis.com\/#\/schema\/person\/b55151d52296fcce64d1a72538a70b90\",\"name\":\"apuntesdesanluis.com\",\"image\":{\"@type\":\"ImageObject\",\"inLanguage\":\"es-AR\",\"@id\":\"https:\/\/apuntesdesanluis.com\/#\/schema\/person\/image\/\",\"url\":\"https:\/\/apuntesdesanluis.com\/wp-content\/uploads\/2023\/07\/cropped-apuntesdesanluis.png\",\"contentUrl\":\"https:\/\/apuntesdesanluis.com\/wp-content\/uploads\/2023\/07\/cropped-apuntesdesanluis.png\",\"width\":450,\"height\":112,\"caption\":\"apuntesdesanluis.com\"},\"logo\":{\"@id\":\"https:\/\/apuntesdesanluis.com\/#\/schema\/person\/image\/\"},\"sameAs\":[\"https:\/\/apuntesdesanluis.com\"],\"url\":\"https:\/\/apuntesdesanluis.com\/index.php\/author\/apuntesdesanluis-com\/\"}]}<\/script>\n<!-- \/ Yoast SEO plugin. -->","yoast_head_json":{"title":"DESAFIANTE RESPUESTA DE MILEI A TORRES: \u201cPROCEDA CON SU AMENAZA Y H\u00c1GASE CARGO DE LAS CONSECUENCIAS EN LA JUSTICIA\u201d - Apuntes de San Luis","robots":{"index":"index","follow":"follow","max-snippet":"max-snippet:-1","max-image-preview":"max-image-preview:large","max-video-preview":"max-video-preview:-1"},"canonical":"https:\/\/apuntesdesanluis.com\/index.php\/2024\/02\/23\/desafiante-respuesta-de-milei-a-torres-proceda-con-su-amenaza-y-hagase-cargo-de-las-consecuencias-en-la-justicia\/","og_locale":"es_ES","og_type":"article","og_title":"DESAFIANTE RESPUESTA DE MILEI A TORRES: \u201cPROCEDA CON SU AMENAZA Y H\u00c1GASE CARGO DE LAS CONSECUENCIAS EN LA JUSTICIA\u201d - Apuntes de San Luis","og_description":"A trav\u00e9s de un comunicado, la Casa Rosada adelant\u00f3 que no contribuir\u00e1 \u201cal financiamiento del...","og_url":"https:\/\/apuntesdesanluis.com\/index.php\/2024\/02\/23\/desafiante-respuesta-de-milei-a-torres-proceda-con-su-amenaza-y-hagase-cargo-de-las-consecuencias-en-la-justicia\/","og_site_name":"Apuntes de San Luis","article_published_time":"2024-02-24T01:53:07+00:00","og_image":[{"width":679,"height":403,"url":"https:\/\/apuntesdesanluis.com\/wp-content\/uploads\/2024\/02\/MILEI-3.png","type":"image\/png"}],"author":"apuntesdesanluis.com","twitter_card":"summary_large_image","twitter_misc":{"Escrito por":"apuntesdesanluis.com","Tiempo de lectura":"3 minutos"},"schema":{"@context":"https:\/\/schema.org","@graph":[{"@type":"Article","@id":"https:\/\/apuntesdesanluis.com\/index.php\/2024\/02\/23\/desafiante-respuesta-de-milei-a-torres-proceda-con-su-amenaza-y-hagase-cargo-de-las-consecuencias-en-la-justicia\/#article","isPartOf":{"@id":"https:\/\/apuntesdesanluis.com\/index.php\/2024\/02\/23\/desafiante-respuesta-de-milei-a-torres-proceda-con-su-amenaza-y-hagase-cargo-de-las-consecuencias-en-la-justicia\/"},"author":{"name":"apuntesdesanluis.com","@id":"https:\/\/apuntesdesanluis.com\/#\/schema\/person\/b55151d52296fcce64d1a72538a70b90"},"headline":"DESAFIANTE RESPUESTA DE MILEI A TORRES: \u201cPROCEDA CON SU AMENAZA Y H\u00c1GASE CARGO DE LAS CONSECUENCIAS EN LA JUSTICIA\u201d","datePublished":"2024-02-24T01:53:07+00:00","mainEntityOfPage":{"@id":"https:\/\/apuntesdesanluis.com\/index.php\/2024\/02\/23\/desafiante-respuesta-de-milei-a-torres-proceda-con-su-amenaza-y-hagase-cargo-de-las-consecuencias-en-la-justicia\/"},"wordCount":540,"publisher":{"@id":"https:\/\/apuntesdesanluis.com\/#\/schema\/person\/b55151d52296fcce64d1a72538a70b90"},"image":{"@id":"https:\/\/apuntesdesanluis.com\/index.php\/2024\/02\/23\/desafiante-respuesta-de-milei-a-torres-proceda-con-su-amenaza-y-hagase-cargo-de-las-consecuencias-en-la-justicia\/#primaryimage"},"thumbnailUrl":"https:\/\/apuntesdesanluis.com\/wp-content\/uploads\/2024\/02\/MILEI-3.png","articleSection":["Nacionales\/Internacionales"],"inLanguage":"es-AR"},{"@type":"WebPage","@id":"https:\/\/apuntesdesanluis.com\/index.php\/2024\/02\/23\/desafiante-respuesta-de-milei-a-torres-proceda-con-su-amenaza-y-hagase-cargo-de-las-consecuencias-en-la-justicia\/","url":"https:\/\/apuntesdesanluis.com\/index.php\/2024\/02\/23\/desafiante-respuesta-de-milei-a-torres-proceda-con-su-amenaza-y-hagase-cargo-de-las-consecuencias-en-la-justicia\/","name":"DESAFIANTE RESPUESTA DE MILEI A TORRES: \u201cPROCEDA CON SU AMENAZA Y H\u00c1GASE CARGO DE LAS CONSECUENCIAS EN LA JUSTICIA\u201d - Apuntes de San Luis","isPartOf":{"@id":"https:\/\/apuntesdesanluis.com\/#website"},"primaryImageOfPage":{"@id":"https:\/\/apuntesdesanluis.com\/index.php\/2024\/02\/23\/desafiante-respuesta-de-milei-a-torres-proceda-con-su-amenaza-y-hagase-cargo-de-las-consecuencias-en-la-justicia\/#primaryimage"},"image":{"@id":"https:\/\/apuntesdesanluis.com\/index.php\/2024\/02\/23\/desafiante-respuesta-de-milei-a-torres-proceda-con-su-amenaza-y-hagase-cargo-de-las-consecuencias-en-la-justicia\/#primaryimage"},"thumbnailUrl":"https:\/\/apuntesdesanluis.com\/wp-content\/uploads\/2024\/02\/MILEI-3.png","datePublished":"2024-02-24T01:53:07+00:00","breadcrumb":{"@id":"https:\/\/apuntesdesanluis.com\/index.php\/2024\/02\/23\/desafiante-respuesta-de-milei-a-torres-proceda-con-su-amenaza-y-hagase-cargo-de-las-consecuencias-en-la-justicia\/#breadcrumb"},"inLanguage":"es-AR","potentialAction":[{"@type":"ReadAction","target":["https:\/\/apuntesdesanluis.com\/index.php\/2024\/02\/23\/desafiante-respuesta-de-milei-a-torres-proceda-con-su-amenaza-y-hagase-cargo-de-las-consecuencias-en-la-justicia\/"]}]},{"@type":"ImageObject","inLanguage":"es-AR","@id":"https:\/\/apuntesdesanluis.com\/index.php\/2024\/02\/23\/desafiante-respuesta-de-milei-a-torres-proceda-con-su-amenaza-y-hagase-cargo-de-las-consecuencias-en-la-justicia\/#primaryimage","url":"https:\/\/apuntesdesanluis.com\/wp-content\/uploads\/2024\/02\/MILEI-3.png","contentUrl":"https:\/\/apuntesdesanluis.com\/wp-content\/uploads\/2024\/02\/MILEI-3.png","width":679,"height":403},{"@type":"BreadcrumbList","@id":"https:\/\/apuntesdesanluis.com\/index.php\/2024\/02\/23\/desafiante-respuesta-de-milei-a-torres-proceda-con-su-amenaza-y-hagase-cargo-de-las-consecuencias-en-la-justicia\/#breadcrumb","itemListElement":[{"@type":"ListItem","position":1,"name":"Inicio","item":"https:\/\/apuntesdesanluis.com\/"},{"@type":"ListItem","position":2,"name":"DESAFIANTE RESPUESTA DE MILEI A TORRES: \u201cPROCEDA CON SU AMENAZA Y H\u00c1GASE CARGO DE LAS CONSECUENCIAS EN LA JUSTICIA\u201d"}]},{"@type":"WebSite","@id":"https:\/\/apuntesdesanluis.com\/#website","url":"https:\/\/apuntesdesanluis.com\/","name":"Apuntes de San Luis","description":"","publisher":{"@id":"https:\/\/apuntesdesanluis.com\/#\/schema\/person\/b55151d52296fcce64d1a72538a70b90"},"potentialAction":[{"@type":"SearchAction","target":{"@type":"EntryPoint","urlTemplate":"https:\/\/apuntesdesanluis.com\/?s={search_term_string}"},"query-input":{"@type":"PropertyValueSpecification","valueRequired":true,"valueName":"search_term_string"}}],"inLanguage":"es-AR"},{"@type":["Person","Organization"],"@id":"https:\/\/apuntesdesanluis.com\/#\/schema\/person\/b55151d52296fcce64d1a72538a70b90","name":"apuntesdesanluis.com","image":{"@type":"ImageObject","inLanguage":"es-AR","@id":"https:\/\/apuntesdesanluis.com\/#\/schema\/person\/image\/","url":"https:\/\/apuntesdesanluis.com\/wp-content\/uploads\/2023\/07\/cropped-apuntesdesanluis.png","contentUrl":"https:\/\/apuntesdesanluis.com\/wp-content\/uploads\/2023\/07\/cropped-apuntesdesanluis.png","width":450,"height":112,"caption":"apuntesdesanluis.com"},"logo":{"@id":"https:\/\/apuntesdesanluis.com\/#\/schema\/person\/image\/"},"sameAs":["https:\/\/apuntesdesanluis.com"],"url":"https:\/\/apuntesdesanluis.com\/index.php\/author\/apuntesdesanluis-com\/"}]}},"featured_image_urls":{"full":["https:\/\/apuntesdesanluis.com\/wp-content\/uploads\/2024\/02\/MILEI-3.png",679,403,false],"thumbnail":["https:\/\/apuntesdesanluis.com\/wp-content\/uploads\/2024\/02\/MILEI-3-150x150.png",150,150,true],"medium":["https:\/\/apuntesdesanluis.com\/wp-content\/uploads\/2024\/02\/MILEI-3-300x178.png",300,178,true],"medium_large":["https:\/\/apuntesdesanluis.com\/wp-content\/uploads\/2024\/02\/MILEI-3.png",640,380,false],"large":["https:\/\/apuntesdesanluis.com\/wp-content\/uploads\/2024\/02\/MILEI-3.png",640,380,false],"1536x1536":["https:\/\/apuntesdesanluis.com\/wp-content\/uploads\/2024\/02\/MILEI-3.png",679,403,false],"2048x2048":["https:\/\/apuntesdesanluis.com\/wp-content\/uploads\/2024\/02\/MILEI-3.png",679,403,false],"newsever-slider-full":["https:\/\/apuntesdesanluis.com\/wp-content\/uploads\/2024\/02\/MILEI-3.png",679,403,false],"newsever-featured":["https:\/\/apuntesdesanluis.com\/wp-content\/uploads\/2024\/02\/MILEI-3.png",679,403,false],"newsever-medium":["https:\/\/apuntesdesanluis.com\/wp-content\/uploads\/2024\/02\/MILEI-3.png",679,403,false]},"author_info":{"display_name":"apuntesdesanluis.com","author_link":"https:\/\/apuntesdesanluis.com\/index.php\/author\/apuntesdesanluis-com\/"},"category_info":"<a href=\"https:\/\/apuntesdesanluis.com\/index.php\/category\/nacionales-internacionales\/\" rel=\"category tag\">Nacionales\/Internacionales<\/a>","tag_info":"Nacionales\/Internacionales","comment_count":"0","_links":{"self":[{"href":"https:\/\/apuntesdesanluis.com\/index.php\/wp-json\/wp\/v2\/posts\/12224","targetHints":{"allow":["GET"]}}],"collection":[{"href":"https:\/\/apuntesdesanluis.com\/index.php\/wp-json\/wp\/v2\/posts"}],"about":[{"href":"https:\/\/apuntesdesanluis.com\/index.php\/wp-json\/wp\/v2\/types\/post"}],"author":[{"embeddable":true,"href":"https:\/\/apuntesdesanluis.com\/index.php\/wp-json\/wp\/v2\/users\/1"}],"replies":[{"embeddable":true,"href":"https:\/\/apuntesdesanluis.com\/index.php\/wp-json\/wp\/v2\/comments?post=12224"}],"version-history":[{"count":1,"href":"https:\/\/apuntesdesanluis.com\/index.php\/wp-json\/wp\/v2\/posts\/12224\/revisions"}],"predecessor-version":[{"id":12227,"href":"https:\/\/apuntesdesanluis.com\/index.php\/wp-json\/wp\/v2\/posts\/12224\/revisions\/12227"}],"wp:featuredmedia":[{"embeddable":true,"href":"https:\/\/apuntesdesanluis.com\/index.php\/wp-json\/wp\/v2\/media\/12225"}],"wp:attachment":[{"href":"https:\/\/apuntesdesanluis.com\/index.php\/wp-json\/wp\/v2\/media?parent=12224"}],"wp:term":[{"taxonomy":"category","embeddable":true,"href":"https:\/\/apuntesdesanluis.com\/index.php\/wp-json\/wp\/v2\/categories?post=12224"},{"taxonomy":"post_tag","embeddable":true,"href":"https:\/\/apuntesdesanluis.com\/index.php\/wp-json\/wp\/v2\/tags?post=12224"}],"curies":[{"name":"wp","href":"https:\/\/api.w.org\/{rel}","templated":true}]}}