{"id":12231,"date":"2024-02-25T11:21:56","date_gmt":"2024-02-25T14:21:56","guid":{"rendered":"https:\/\/apuntesdesanluis.com\/?p=12231"},"modified":"2024-02-25T11:22:25","modified_gmt":"2024-02-25T14:22:25","slug":"conadu-historica-convoca-a-paro-nacional-el-26-de-febrero-en-confluencia-con-ctera","status":"publish","type":"post","link":"https:\/\/apuntesdesanluis.com\/index.php\/2024\/02\/25\/conadu-historica-convoca-a-paro-nacional-el-26-de-febrero-en-confluencia-con-ctera\/","title":{"rendered":"CONADU HIST\u00d3RICA CONVOCA A PARO NACIONAL ESTE LUNES 26 EN CONFLUENCIA CON CTERA"},"content":{"rendered":"<h3>Este lunes 26 de febrero habr\u00e1 una jornada nacional de lucha de trabajadoras y trabajadores estatales. <strong>CONADU Hist\u00f3rica<\/strong> adhiere y convoca al paro con CTERA, en unidad con la docencia de todos los niveles educativos. La otra CONADU tambi\u00e9n adhiere a la medida de fuerza.<\/h3>\n<h3>El Plenario de Secretar\u00edas Generales de CONADU Hist\u00f3rica, que se reuni\u00f3 el jueves 22, defini\u00f3 convocar a paro nacional el 26 de febrero confluyendo con la convocatoria de CTERA junto al resto de los niveles de la educaci\u00f3n.<\/h3>\n<h3>La medida de fuerza tendr\u00e1 car\u00e1cter activo, ya que se realizar\u00e1 con otras actividades que se definan en cada lugar como movilizaciones o acciones de difusi\u00f3n y visibilizaci\u00f3n (radios abiertas, volanteadas, conferencias de prensa, etc).<\/h3>\n<p><img fetchpriority=\"high\" decoding=\"async\" class=\"wp-image-12232 aligncenter\" src=\"https:\/\/apuntesdesanluis.com\/wp-content\/uploads\/2024\/02\/conadu-1-274x300.png\" alt=\"\" width=\"527\" height=\"577\" srcset=\"https:\/\/apuntesdesanluis.com\/wp-content\/uploads\/2024\/02\/conadu-1-274x300.png 274w, https:\/\/apuntesdesanluis.com\/wp-content\/uploads\/2024\/02\/conadu-1.png 600w\" sizes=\"(max-width: 527px) 100vw, 527px\" \/><\/p>\n<h3>Estas medidas se realizan en el marco de la Jornada Nacional de Protesta acordada por el Frente de Gremios Estatales integrado por dicha federaci\u00f3n de docentes universitarios junto a las representaciones de trabajadores estatales de todos los sectores, de la administraci\u00f3n, la salud p\u00fablica, la cultura, la educaci\u00f3n, los organismos de investigaci\u00f3n y desarrollo de ciencia y tecnolog\u00eda, etc.<\/h3>\n<h3>La jornada de protesta se realizar\u00e1 en reclamo por la grave situaci\u00f3n presupuestaria que atraviesan las universidades p\u00fablicas por el brutal ajuste que ha puesto en peligro su continuidad de funcionamiento, dado que el gobierno nacional ha decidido enviar en 2024 los mismos fondos asignados en noviembre de 2022 para el a\u00f1o 2023, sin los aumentos otorgados en virtud de los acuerdos paritarios. A esta situaci\u00f3n se le suma la estrepitosa ca\u00edda de los salarios frente a la inflaci\u00f3n producida por la devaluaci\u00f3n y la desregulaci\u00f3n de precios decretada por el gobierno de Milei.<\/h3>\n<h3>Asimismo, CONADU Hist\u00f3rica ratific\u00f3 la necesidad de seguir fortaleciendo la unidad de acci\u00f3n con las restantes federaciones docentes y no docentes con las que se ha constituido el Frente Sindical Universitario, que se reunir\u00e1 el pr\u00f3ximo 4 de marzo para coordinar un plan de acci\u00f3n conjunto.<\/h3>\n<h3>En este sentido, la federaci\u00f3n defini\u00f3 impulsar declaraciones en Consejos Superiores y Directivos en defensa de la Universidad P\u00fablica; promover la realizaci\u00f3n de una medida de acci\u00f3n directa universitaria (la semana del 11 marzo), y trabajar para la construcci\u00f3n de una gran movilizaci\u00f3n nacional universitaria, para ponerle freno al ajuste presupuestario y lograr la recuperaci\u00f3n salarial frente a la crisis que est\u00e1 profundizando la pol\u00edtica instrumentada por el gobierno.<\/h3>\n<p>&nbsp;<\/p>\n<p>&nbsp;<\/p>\n","protected":false},"excerpt":{"rendered":"<p>Este lunes 26 de febrero habr\u00e1 una jornada nacional de lucha de trabajadoras y trabajadores&#8230;<\/p>\n","protected":false},"author":1,"featured_media":11759,"comment_status":"closed","ping_status":"closed","sticky":false,"template":"","format":"standard","meta":{"footnotes":""},"categories":[5],"tags":[],"class_list":["post-12231","post","type-post","status-publish","format-standard","has-post-thumbnail","hentry","category-nacionales-internacionales"],"yoast_head":"<!-- This site is optimized with the Yoast SEO plugin v26.1.1 - https:\/\/yoast.com\/wordpress\/plugins\/seo\/ -->\n<title>CONADU HIST\u00d3RICA CONVOCA A PARO NACIONAL ESTE LUNES 26 EN CONFLUENCIA CON CTERA - Apuntes de San Luis<\/title>\n<meta name=\"robots\" content=\"index, follow, max-snippet:-1, max-image-preview:large, max-video-preview:-1\" \/>\n<link rel=\"canonical\" href=\"https:\/\/apuntesdesanluis.com\/index.php\/2024\/02\/25\/conadu-historica-convoca-a-paro-nacional-el-26-de-febrero-en-confluencia-con-ctera\/\" \/>\n<meta property=\"og:locale\" content=\"es_ES\" \/>\n<meta property=\"og:type\" content=\"article\" \/>\n<meta property=\"og:title\" content=\"CONADU HIST\u00d3RICA CONVOCA A PARO NACIONAL ESTE LUNES 26 EN CONFLUENCIA CON CTERA - Apuntes de San Luis\" \/>\n<meta property=\"og:description\" content=\"Este lunes 26 de febrero habr\u00e1 una jornada nacional de lucha de trabajadoras y trabajadores...\" \/>\n<meta property=\"og:url\" content=\"https:\/\/apuntesdesanluis.com\/index.php\/2024\/02\/25\/conadu-historica-convoca-a-paro-nacional-el-26-de-febrero-en-confluencia-con-ctera\/\" \/>\n<meta property=\"og:site_name\" content=\"Apuntes de San Luis\" \/>\n<meta property=\"article:published_time\" content=\"2024-02-25T14:21:56+00:00\" \/>\n<meta property=\"article:modified_time\" content=\"2024-02-25T14:22:25+00:00\" \/>\n<meta property=\"og:image\" content=\"https:\/\/apuntesdesanluis.com\/wp-content\/uploads\/2024\/02\/conadu.png\" \/>\n\t<meta property=\"og:image:width\" content=\"544\" \/>\n\t<meta property=\"og:image:height\" content=\"323\" \/>\n\t<meta property=\"og:image:type\" content=\"image\/png\" \/>\n<meta name=\"author\" content=\"apuntesdesanluis.com\" \/>\n<meta name=\"twitter:card\" content=\"summary_large_image\" \/>\n<meta name=\"twitter:label1\" content=\"Escrito por\" \/>\n\t<meta name=\"twitter:data1\" content=\"apuntesdesanluis.com\" \/>\n\t<meta name=\"twitter:label2\" content=\"Tiempo de lectura\" \/>\n\t<meta name=\"twitter:data2\" content=\"2 minutos\" \/>\n<script type=\"application\/ld+json\" class=\"yoast-schema-graph\">{\"@context\":\"https:\/\/schema.org\",\"@graph\":[{\"@type\":\"Article\",\"@id\":\"https:\/\/apuntesdesanluis.com\/index.php\/2024\/02\/25\/conadu-historica-convoca-a-paro-nacional-el-26-de-febrero-en-confluencia-con-ctera\/#article\",\"isPartOf\":{\"@id\":\"https:\/\/apuntesdesanluis.com\/index.php\/2024\/02\/25\/conadu-historica-convoca-a-paro-nacional-el-26-de-febrero-en-confluencia-con-ctera\/\"},\"author\":{\"name\":\"apuntesdesanluis.com\",\"@id\":\"https:\/\/apuntesdesanluis.com\/#\/schema\/person\/b55151d52296fcce64d1a72538a70b90\"},\"headline\":\"CONADU HIST\u00d3RICA CONVOCA A PARO NACIONAL ESTE LUNES 26 EN CONFLUENCIA CON CTERA\",\"datePublished\":\"2024-02-25T14:21:56+00:00\",\"dateModified\":\"2024-02-25T14:22:25+00:00\",\"mainEntityOfPage\":{\"@id\":\"https:\/\/apuntesdesanluis.com\/index.php\/2024\/02\/25\/conadu-historica-convoca-a-paro-nacional-el-26-de-febrero-en-confluencia-con-ctera\/\"},\"wordCount\":427,\"publisher\":{\"@id\":\"https:\/\/apuntesdesanluis.com\/#\/schema\/person\/b55151d52296fcce64d1a72538a70b90\"},\"image\":{\"@id\":\"https:\/\/apuntesdesanluis.com\/index.php\/2024\/02\/25\/conadu-historica-convoca-a-paro-nacional-el-26-de-febrero-en-confluencia-con-ctera\/#primaryimage\"},\"thumbnailUrl\":\"https:\/\/apuntesdesanluis.com\/wp-content\/uploads\/2024\/02\/conadu.png\",\"articleSection\":[\"Nacionales\/Internacionales\"],\"inLanguage\":\"es-AR\"},{\"@type\":\"WebPage\",\"@id\":\"https:\/\/apuntesdesanluis.com\/index.php\/2024\/02\/25\/conadu-historica-convoca-a-paro-nacional-el-26-de-febrero-en-confluencia-con-ctera\/\",\"url\":\"https:\/\/apuntesdesanluis.com\/index.php\/2024\/02\/25\/conadu-historica-convoca-a-paro-nacional-el-26-de-febrero-en-confluencia-con-ctera\/\",\"name\":\"CONADU HIST\u00d3RICA CONVOCA A PARO NACIONAL ESTE LUNES 26 EN CONFLUENCIA CON CTERA - Apuntes de San Luis\",\"isPartOf\":{\"@id\":\"https:\/\/apuntesdesanluis.com\/#website\"},\"primaryImageOfPage\":{\"@id\":\"https:\/\/apuntesdesanluis.com\/index.php\/2024\/02\/25\/conadu-historica-convoca-a-paro-nacional-el-26-de-febrero-en-confluencia-con-ctera\/#primaryimage\"},\"image\":{\"@id\":\"https:\/\/apuntesdesanluis.com\/index.php\/2024\/02\/25\/conadu-historica-convoca-a-paro-nacional-el-26-de-febrero-en-confluencia-con-ctera\/#primaryimage\"},\"thumbnailUrl\":\"https:\/\/apuntesdesanluis.com\/wp-content\/uploads\/2024\/02\/conadu.png\",\"datePublished\":\"2024-02-25T14:21:56+00:00\",\"dateModified\":\"2024-02-25T14:22:25+00:00\",\"breadcrumb\":{\"@id\":\"https:\/\/apuntesdesanluis.com\/index.php\/2024\/02\/25\/conadu-historica-convoca-a-paro-nacional-el-26-de-febrero-en-confluencia-con-ctera\/#breadcrumb\"},\"inLanguage\":\"es-AR\",\"potentialAction\":[{\"@type\":\"ReadAction\",\"target\":[\"https:\/\/apuntesdesanluis.com\/index.php\/2024\/02\/25\/conadu-historica-convoca-a-paro-nacional-el-26-de-febrero-en-confluencia-con-ctera\/\"]}]},{\"@type\":\"ImageObject\",\"inLanguage\":\"es-AR\",\"@id\":\"https:\/\/apuntesdesanluis.com\/index.php\/2024\/02\/25\/conadu-historica-convoca-a-paro-nacional-el-26-de-febrero-en-confluencia-con-ctera\/#primaryimage\",\"url\":\"https:\/\/apuntesdesanluis.com\/wp-content\/uploads\/2024\/02\/conadu.png\",\"contentUrl\":\"https:\/\/apuntesdesanluis.com\/wp-content\/uploads\/2024\/02\/conadu.png\",\"width\":544,\"height\":323},{\"@type\":\"BreadcrumbList\",\"@id\":\"https:\/\/apuntesdesanluis.com\/index.php\/2024\/02\/25\/conadu-historica-convoca-a-paro-nacional-el-26-de-febrero-en-confluencia-con-ctera\/#breadcrumb\",\"itemListElement\":[{\"@type\":\"ListItem\",\"position\":1,\"name\":\"Inicio\",\"item\":\"https:\/\/apuntesdesanluis.com\/\"},{\"@type\":\"ListItem\",\"position\":2,\"name\":\"CONADU HIST\u00d3RICA CONVOCA A PARO NACIONAL ESTE LUNES 26 EN CONFLUENCIA CON CTERA\"}]},{\"@type\":\"WebSite\",\"@id\":\"https:\/\/apuntesdesanluis.com\/#website\",\"url\":\"https:\/\/apuntesdesanluis.com\/\",\"name\":\"Apuntes de San Luis\",\"description\":\"\",\"publisher\":{\"@id\":\"https:\/\/apuntesdesanluis.com\/#\/schema\/person\/b55151d52296fcce64d1a72538a70b90\"},\"potentialAction\":[{\"@type\":\"SearchAction\",\"target\":{\"@type\":\"EntryPoint\",\"urlTemplate\":\"https:\/\/apuntesdesanluis.com\/?s={search_term_string}\"},\"query-input\":{\"@type\":\"PropertyValueSpecification\",\"valueRequired\":true,\"valueName\":\"search_term_string\"}}],\"inLanguage\":\"es-AR\"},{\"@type\":[\"Person\",\"Organization\"],\"@id\":\"https:\/\/apuntesdesanluis.com\/#\/schema\/person\/b55151d52296fcce64d1a72538a70b90\",\"name\":\"apuntesdesanluis.com\",\"image\":{\"@type\":\"ImageObject\",\"inLanguage\":\"es-AR\",\"@id\":\"https:\/\/apuntesdesanluis.com\/#\/schema\/person\/image\/\",\"url\":\"https:\/\/apuntesdesanluis.com\/wp-content\/uploads\/2023\/07\/cropped-apuntesdesanluis.png\",\"contentUrl\":\"https:\/\/apuntesdesanluis.com\/wp-content\/uploads\/2023\/07\/cropped-apuntesdesanluis.png\",\"width\":450,\"height\":112,\"caption\":\"apuntesdesanluis.com\"},\"logo\":{\"@id\":\"https:\/\/apuntesdesanluis.com\/#\/schema\/person\/image\/\"},\"sameAs\":[\"https:\/\/apuntesdesanluis.com\"],\"url\":\"https:\/\/apuntesdesanluis.com\/index.php\/author\/apuntesdesanluis-com\/\"}]}<\/script>\n<!-- \/ Yoast SEO plugin. -->","yoast_head_json":{"title":"CONADU HIST\u00d3RICA CONVOCA A PARO NACIONAL ESTE LUNES 26 EN CONFLUENCIA CON CTERA - Apuntes de San Luis","robots":{"index":"index","follow":"follow","max-snippet":"max-snippet:-1","max-image-preview":"max-image-preview:large","max-video-preview":"max-video-preview:-1"},"canonical":"https:\/\/apuntesdesanluis.com\/index.php\/2024\/02\/25\/conadu-historica-convoca-a-paro-nacional-el-26-de-febrero-en-confluencia-con-ctera\/","og_locale":"es_ES","og_type":"article","og_title":"CONADU HIST\u00d3RICA CONVOCA A PARO NACIONAL ESTE LUNES 26 EN CONFLUENCIA CON CTERA - Apuntes de San Luis","og_description":"Este lunes 26 de febrero habr\u00e1 una jornada nacional de lucha de trabajadoras y trabajadores...","og_url":"https:\/\/apuntesdesanluis.com\/index.php\/2024\/02\/25\/conadu-historica-convoca-a-paro-nacional-el-26-de-febrero-en-confluencia-con-ctera\/","og_site_name":"Apuntes de San Luis","article_published_time":"2024-02-25T14:21:56+00:00","article_modified_time":"2024-02-25T14:22:25+00:00","og_image":[{"width":544,"height":323,"url":"https:\/\/apuntesdesanluis.com\/wp-content\/uploads\/2024\/02\/conadu.png","type":"image\/png"}],"author":"apuntesdesanluis.com","twitter_card":"summary_large_image","twitter_misc":{"Escrito por":"apuntesdesanluis.com","Tiempo de lectura":"2 minutos"},"schema":{"@context":"https:\/\/schema.org","@graph":[{"@type":"Article","@id":"https:\/\/apuntesdesanluis.com\/index.php\/2024\/02\/25\/conadu-historica-convoca-a-paro-nacional-el-26-de-febrero-en-confluencia-con-ctera\/#article","isPartOf":{"@id":"https:\/\/apuntesdesanluis.com\/index.php\/2024\/02\/25\/conadu-historica-convoca-a-paro-nacional-el-26-de-febrero-en-confluencia-con-ctera\/"},"author":{"name":"apuntesdesanluis.com","@id":"https:\/\/apuntesdesanluis.com\/#\/schema\/person\/b55151d52296fcce64d1a72538a70b90"},"headline":"CONADU HIST\u00d3RICA CONVOCA A PARO NACIONAL ESTE LUNES 26 EN CONFLUENCIA CON CTERA","datePublished":"2024-02-25T14:21:56+00:00","dateModified":"2024-02-25T14:22:25+00:00","mainEntityOfPage":{"@id":"https:\/\/apuntesdesanluis.com\/index.php\/2024\/02\/25\/conadu-historica-convoca-a-paro-nacional-el-26-de-febrero-en-confluencia-con-ctera\/"},"wordCount":427,"publisher":{"@id":"https:\/\/apuntesdesanluis.com\/#\/schema\/person\/b55151d52296fcce64d1a72538a70b90"},"image":{"@id":"https:\/\/apuntesdesanluis.com\/index.php\/2024\/02\/25\/conadu-historica-convoca-a-paro-nacional-el-26-de-febrero-en-confluencia-con-ctera\/#primaryimage"},"thumbnailUrl":"https:\/\/apuntesdesanluis.com\/wp-content\/uploads\/2024\/02\/conadu.png","articleSection":["Nacionales\/Internacionales"],"inLanguage":"es-AR"},{"@type":"WebPage","@id":"https:\/\/apuntesdesanluis.com\/index.php\/2024\/02\/25\/conadu-historica-convoca-a-paro-nacional-el-26-de-febrero-en-confluencia-con-ctera\/","url":"https:\/\/apuntesdesanluis.com\/index.php\/2024\/02\/25\/conadu-historica-convoca-a-paro-nacional-el-26-de-febrero-en-confluencia-con-ctera\/","name":"CONADU HIST\u00d3RICA CONVOCA A PARO NACIONAL ESTE LUNES 26 EN CONFLUENCIA CON CTERA - Apuntes de San Luis","isPartOf":{"@id":"https:\/\/apuntesdesanluis.com\/#website"},"primaryImageOfPage":{"@id":"https:\/\/apuntesdesanluis.com\/index.php\/2024\/02\/25\/conadu-historica-convoca-a-paro-nacional-el-26-de-febrero-en-confluencia-con-ctera\/#primaryimage"},"image":{"@id":"https:\/\/apuntesdesanluis.com\/index.php\/2024\/02\/25\/conadu-historica-convoca-a-paro-nacional-el-26-de-febrero-en-confluencia-con-ctera\/#primaryimage"},"thumbnailUrl":"https:\/\/apuntesdesanluis.com\/wp-content\/uploads\/2024\/02\/conadu.png","datePublished":"2024-02-25T14:21:56+00:00","dateModified":"2024-02-25T14:22:25+00:00","breadcrumb":{"@id":"https:\/\/apuntesdesanluis.com\/index.php\/2024\/02\/25\/conadu-historica-convoca-a-paro-nacional-el-26-de-febrero-en-confluencia-con-ctera\/#breadcrumb"},"inLanguage":"es-AR","potentialAction":[{"@type":"ReadAction","target":["https:\/\/apuntesdesanluis.com\/index.php\/2024\/02\/25\/conadu-historica-convoca-a-paro-nacional-el-26-de-febrero-en-confluencia-con-ctera\/"]}]},{"@type":"ImageObject","inLanguage":"es-AR","@id":"https:\/\/apuntesdesanluis.com\/index.php\/2024\/02\/25\/conadu-historica-convoca-a-paro-nacional-el-26-de-febrero-en-confluencia-con-ctera\/#primaryimage","url":"https:\/\/apuntesdesanluis.com\/wp-content\/uploads\/2024\/02\/conadu.png","contentUrl":"https:\/\/apuntesdesanluis.com\/wp-content\/uploads\/2024\/02\/conadu.png","width":544,"height":323},{"@type":"BreadcrumbList","@id":"https:\/\/apuntesdesanluis.com\/index.php\/2024\/02\/25\/conadu-historica-convoca-a-paro-nacional-el-26-de-febrero-en-confluencia-con-ctera\/#breadcrumb","itemListElement":[{"@type":"ListItem","position":1,"name":"Inicio","item":"https:\/\/apuntesdesanluis.com\/"},{"@type":"ListItem","position":2,"name":"CONADU HIST\u00d3RICA CONVOCA A PARO NACIONAL ESTE LUNES 26 EN CONFLUENCIA CON CTERA"}]},{"@type":"WebSite","@id":"https:\/\/apuntesdesanluis.com\/#website","url":"https:\/\/apuntesdesanluis.com\/","name":"Apuntes de San Luis","description":"","publisher":{"@id":"https:\/\/apuntesdesanluis.com\/#\/schema\/person\/b55151d52296fcce64d1a72538a70b90"},"potentialAction":[{"@type":"SearchAction","target":{"@type":"EntryPoint","urlTemplate":"https:\/\/apuntesdesanluis.com\/?s={search_term_string}"},"query-input":{"@type":"PropertyValueSpecification","valueRequired":true,"valueName":"search_term_string"}}],"inLanguage":"es-AR"},{"@type":["Person","Organization"],"@id":"https:\/\/apuntesdesanluis.com\/#\/schema\/person\/b55151d52296fcce64d1a72538a70b90","name":"apuntesdesanluis.com","image":{"@type":"ImageObject","inLanguage":"es-AR","@id":"https:\/\/apuntesdesanluis.com\/#\/schema\/person\/image\/","url":"https:\/\/apuntesdesanluis.com\/wp-content\/uploads\/2023\/07\/cropped-apuntesdesanluis.png","contentUrl":"https:\/\/apuntesdesanluis.com\/wp-content\/uploads\/2023\/07\/cropped-apuntesdesanluis.png","width":450,"height":112,"caption":"apuntesdesanluis.com"},"logo":{"@id":"https:\/\/apuntesdesanluis.com\/#\/schema\/person\/image\/"},"sameAs":["https:\/\/apuntesdesanluis.com"],"url":"https:\/\/apuntesdesanluis.com\/index.php\/author\/apuntesdesanluis-com\/"}]}},"featured_image_urls":{"full":["https:\/\/apuntesdesanluis.com\/wp-content\/uploads\/2024\/02\/conadu.png",544,323,false],"thumbnail":["https:\/\/apuntesdesanluis.com\/wp-content\/uploads\/2024\/02\/conadu-150x150.png",150,150,true],"medium":["https:\/\/apuntesdesanluis.com\/wp-content\/uploads\/2024\/02\/conadu-300x178.png",300,178,true],"medium_large":["https:\/\/apuntesdesanluis.com\/wp-content\/uploads\/2024\/02\/conadu.png",544,323,false],"large":["https:\/\/apuntesdesanluis.com\/wp-content\/uploads\/2024\/02\/conadu.png",544,323,false],"1536x1536":["https:\/\/apuntesdesanluis.com\/wp-content\/uploads\/2024\/02\/conadu.png",544,323,false],"2048x2048":["https:\/\/apuntesdesanluis.com\/wp-content\/uploads\/2024\/02\/conadu.png",544,323,false],"newsever-slider-full":["https:\/\/apuntesdesanluis.com\/wp-content\/uploads\/2024\/02\/conadu.png",544,323,false],"newsever-featured":["https:\/\/apuntesdesanluis.com\/wp-content\/uploads\/2024\/02\/conadu.png",544,323,false],"newsever-medium":["https:\/\/apuntesdesanluis.com\/wp-content\/uploads\/2024\/02\/conadu.png",544,323,false]},"author_info":{"display_name":"apuntesdesanluis.com","author_link":"https:\/\/apuntesdesanluis.com\/index.php\/author\/apuntesdesanluis-com\/"},"category_info":"<a href=\"https:\/\/apuntesdesanluis.com\/index.php\/category\/nacionales-internacionales\/\" rel=\"category tag\">Nacionales\/Internacionales<\/a>","tag_info":"Nacionales\/Internacionales","comment_count":"0","_links":{"self":[{"href":"https:\/\/apuntesdesanluis.com\/index.php\/wp-json\/wp\/v2\/posts\/12231","targetHints":{"allow":["GET"]}}],"collection":[{"href":"https:\/\/apuntesdesanluis.com\/index.php\/wp-json\/wp\/v2\/posts"}],"about":[{"href":"https:\/\/apuntesdesanluis.com\/index.php\/wp-json\/wp\/v2\/types\/post"}],"author":[{"embeddable":true,"href":"https:\/\/apuntesdesanluis.com\/index.php\/wp-json\/wp\/v2\/users\/1"}],"replies":[{"embeddable":true,"href":"https:\/\/apuntesdesanluis.com\/index.php\/wp-json\/wp\/v2\/comments?post=12231"}],"version-history":[{"count":2,"href":"https:\/\/apuntesdesanluis.com\/index.php\/wp-json\/wp\/v2\/posts\/12231\/revisions"}],"predecessor-version":[{"id":12234,"href":"https:\/\/apuntesdesanluis.com\/index.php\/wp-json\/wp\/v2\/posts\/12231\/revisions\/12234"}],"wp:featuredmedia":[{"embeddable":true,"href":"https:\/\/apuntesdesanluis.com\/index.php\/wp-json\/wp\/v2\/media\/11759"}],"wp:attachment":[{"href":"https:\/\/apuntesdesanluis.com\/index.php\/wp-json\/wp\/v2\/media?parent=12231"}],"wp:term":[{"taxonomy":"category","embeddable":true,"href":"https:\/\/apuntesdesanluis.com\/index.php\/wp-json\/wp\/v2\/categories?post=12231"},{"taxonomy":"post_tag","embeddable":true,"href":"https:\/\/apuntesdesanluis.com\/index.php\/wp-json\/wp\/v2\/tags?post=12231"}],"curies":[{"name":"wp","href":"https:\/\/api.w.org\/{rel}","templated":true}]}}