{"id":12237,"date":"2024-02-25T11:59:34","date_gmt":"2024-02-25T14:59:34","guid":{"rendered":"https:\/\/apuntesdesanluis.com\/?p=12237"},"modified":"2024-02-25T11:59:34","modified_gmt":"2024-02-25T14:59:34","slug":"el-conflicto-de-los-gobernadores-con-la-casa-rosada-hace-peligrar-el-acuerdo-entre-milei-y-el-pro","status":"publish","type":"post","link":"https:\/\/apuntesdesanluis.com\/index.php\/2024\/02\/25\/el-conflicto-de-los-gobernadores-con-la-casa-rosada-hace-peligrar-el-acuerdo-entre-milei-y-el-pro\/","title":{"rendered":"EL CONFLICTO DE LOS GOBERNADORES CON LA CASA ROSADA HACE PELIGRAR EL ACUERDO ENTRE MILEI Y EL PRO"},"content":{"rendered":"<h3>Cerca del expresidente sospechan que Milei se mueve para dividir al PRO. La tensi\u00f3n se da d\u00edas previos a la reuni\u00f3n de Macri y el Jefe de Estado. La disputa del Balcarce 50 con las provincias traba un mega proyecto de YPF para acelerar la explotaci\u00f3n de Vaca Muerta y potenciar los ingresos de d\u00f3lares al pa\u00eds.<\/h3>\n<h3>Por<em><strong> Robertino S\u00e1nchez Flecha *<\/strong><\/em><\/h3>\n<h3><img fetchpriority=\"high\" decoding=\"async\" class=\"wp-image-12238 aligncenter\" src=\"https:\/\/apuntesdesanluis.com\/wp-content\/uploads\/2024\/02\/sanchez-flecha-300x252.png\" alt=\"\" width=\"483\" height=\"406\" srcset=\"https:\/\/apuntesdesanluis.com\/wp-content\/uploads\/2024\/02\/sanchez-flecha-300x252.png 300w, https:\/\/apuntesdesanluis.com\/wp-content\/uploads\/2024\/02\/sanchez-flecha.png 430w\" sizes=\"(max-width: 483px) 100vw, 483px\" \/><\/h3>\n<h3><\/h3>\n<h3>-Deciles a Milei y a Francos que si no mandan la plata del transporte, no sale un barril de petr\u00f3leo-, advirti\u00f3 Ignacio \u201cNacho\u201d Torres a un interlocutor del Gobierno nacional que lo visit\u00f3 en su provincia. El gobernador de Chubut est\u00e1 enojado y lo hace notar en p\u00fablico y en privado. Es uno de los mandatarios que manifest\u00f3 desde el principio su apoyo a la gesti\u00f3n libertaria, pero exterioriz\u00f3 su car\u00e1cter cuando la Casa Rosada recort\u00f3 fondos de fideicomisos que financiaban obras y pol\u00edticas p\u00fablicas en las provincias. El aviso se convirti\u00f3 en un hecho concreto el viernes, cuando el chubutense not\u00f3 que Balcarce 50 le hab\u00eda retenido $13.800 millones de la coparticipaci\u00f3n. Agarr\u00f3 el tel\u00e9fono, se comunic\u00f3 con sus pares patag\u00f3nicos y rubricaron un comunicado como puntapi\u00e9 de un conflicto que implica a 23 provincias contra el Estado central.<\/h3>\n<h3>Chubut alega que esos fondos fueron retenidos de manera \u201cilegal\u201d. Mismo calificativo aplican para caracterizar la decisi\u00f3n de Milei de eliminar el Fondo Compensador que subsidiaba las tarifas del transporte p\u00fablico en el interior. Id\u00e9ntica estrategia adopt\u00f3 el Gobierno para contra atacar la actitud de Torres. Guillermo Francos, ministro del Interior de la Naci\u00f3n, manifest\u00f3 en entrevistas a los medios que la advertencia del gobernador acerca de paralizar la extracci\u00f3n de petr\u00f3leo y gas era \u201cil\u00edcita\u201d.<\/h3>\n<h3>A trav\u00e9s de un texto que public\u00f3 la Oficina del Presidente, el Gobierno asegur\u00f3 que la decisi\u00f3n de retener los $13.800 millones fue por una deuda que la provincia del sur ten\u00eda con el Ejecutivo nacional por el Fondo Fiduciario para el Desarrollo Provincial. Y se\u00f1ala a Torres por aplicar una \u201camenaza chavista\u201d. Minutos despu\u00e9s, todos los gobernadores, a excepci\u00f3n del tucumano Osvaldo Jaldo, respaldaron a su par de Chubut. El apoyo traspas\u00f3 la vetusta grieta y alcanz\u00f3 desde los kirchneristas Axel Kicillof y Gildo Insfr\u00e1n hasta Jorge Macri y Alfredo Cornejo, emblemas de lo que fue Juntos por el Cambio.<\/h3>\n<p><img decoding=\"async\" class=\"wp-image-12239 aligncenter\" src=\"https:\/\/apuntesdesanluis.com\/wp-content\/uploads\/2024\/02\/nacho-torres-y-milei-300x178.png\" alt=\"\" width=\"561\" height=\"333\" srcset=\"https:\/\/apuntesdesanluis.com\/wp-content\/uploads\/2024\/02\/nacho-torres-y-milei-300x178.png 300w, https:\/\/apuntesdesanluis.com\/wp-content\/uploads\/2024\/02\/nacho-torres-y-milei.png 720w\" sizes=\"(max-width: 561px) 100vw, 561px\" \/><\/p>\n<h3>Gobernar es m\u00e1s complejo que ganar una elecci\u00f3n. Durante una campa\u00f1a, los dardos verbales son parte del folklore proselitista. En el ejercicio de la Presidencia, una acci\u00f3n pol\u00edtica incorrecta o la confrontaci\u00f3n con la oposici\u00f3n pueden conducir a la par\u00e1lisis decisional de un Gobierno. Nadie imaginaba antes del 10 de diciembre que Milei iba a estar enfrentado al Congreso, todos los gobernadores, la cultura y el mundo art\u00edstico. \u00bfY el Poder Judicial? La Corte Suprema de Justicia aprovech\u00f3 el per\u00edodo de la feria judicial del verano para que corra agua pol\u00edtica. Las demandas de las provincias y m\u00faltiples actores de la sociedad civil se acumulan en ese tiempo en el palacio del m\u00e1ximo tribunal. En este escenario, un fallo de los cortesanos en contra de alguna de las medidas ejecutadas por el Gobierno, podr\u00eda ser letal en el plano institucional. Pero a\u00fan no sucedi\u00f3.<\/h3>\n<h3>Pese a tensionar constantemente el di\u00e1logo con los gobernadores, incluso los dialoguistas, en las provincias eval\u00faan que a\u00fan hay puentes para interactuar con la Casa Rosada y reconstruir. \u201cVos romp\u00e9 que nosotros vamos despu\u00e9s a componer\u201d, le dijo a Milei antes de asumir un dirigente que lo frecuenta. Lo parad\u00f3jico resulta que en esa confrontaci\u00f3n Milei tambi\u00e9n choc\u00f3 con el PRO, que parec\u00eda su principal socio pol\u00edtico. En el c\u00edrculo de Mauricio Macri hay desconcierto por la actitud del Presidente y sospechan que la intenci\u00f3n de los libertarios es dividir al partido. Analizan que el Jefe de Estado busca erigirse como l\u00edder de un frente de derecha y necesita esmerilar al expresidente para no tener sombras.<\/h3>\n<h3>Esa lectura que deambula en los corrillos del PRO sostiene que Milei pretende diseccionar al PRO a trav\u00e9s de Patricia Bullrich. La ministra de Seguridad puja por estas horas para evitar que Macri hegemonice su partido. Acept\u00f3 que el expresidente conduzca el espacio, pero mueve hilos para ocupar puestos decisivos: un grupo de dirigentes que le responden intentan instalar que Bullrich debe ser la presidente de la Asamblea partidaria, el \u00f3rgano de menos notoriedad que el Consejo, pero que tiene la lapicera para rubricar las alianzas electorales en los a\u00f1os impartes.<\/h3>\n<h3>Es una discusi\u00f3n en curso cuya resoluci\u00f3n se conocer\u00e1 el 19 de marzo, fecha en la que el PRO deber\u00e1 presentar ante la Justicia la lista de candidatos para renovar las autoridades partidarias. La pelea por el manejo del partido est\u00e1 directamente relacionada a la posible alianza con La Libertad Avanza: Bullrich quiere conservar incidencia para que el PRO converja con los libertarios. Macri pretende asumir la jefatura para que el partido que fund\u00f3 refuerce su identidad y no sea absorbido por el Gobierno.<\/h3>\n<h3>Eso le asegura el expresidente a cada dirigente que lo visita en sus oficinas de Vicente L\u00f3pez. As\u00ed se lo hizo saber a cada uno de los gobernadores del partido, como al propio Torres y a Rogelio Frigerio, de Entre R\u00edos, que lo fueron a ver el jueves. Fue en ese c\u00f3nclave en el que tambi\u00e9n se habl\u00f3 de la situaci\u00f3n de Chubut.<\/h3>\n<h3>Torres le coment\u00f3 a Macri la situaci\u00f3n, lo mismo hab\u00eda hecho antes con Bullrich, le pidi\u00f3 respaldo y le avis\u00f3 la decisi\u00f3n de confrontar con Milei si no le enviaban los fondos correspondientes para su provincia. El expresidente le manifest\u00f3 su apoyo y movi\u00f3 sus fichas para mediar ante funcionarios del Ejecutivo. No tuvo \u00e9xito, como casi siempre que aconseja a Milei. \u201cEl Presidente escucha a Mauricio, mucho y con atenci\u00f3n, pero no le hace caso\u201d, le revel\u00f3 a Infobae un operador pol\u00edtico del PRO que habla a diario con Macri.<\/h3>\n<h3>Esta tensi\u00f3n encendi\u00f3 alarmas en Macri, a d\u00edas de un encuentro cara a cara con Milei. Se espera que ambos se re\u00fanan esta semana, al regreso del Jefe de Estado de su viaje a Estados Unidos. Si bien los dos hablan por tel\u00e9fono semanalmente, no se ven personalmente desde diciembre. La cumbre, que se descarta ser\u00e1 en extremo hermetismo, habilitar\u00e1 una hermen\u00e9utica pol\u00edtica sobre la relaci\u00f3n t\u00e1ctica entre el PRO y los libertarios.<\/h3>\n<h3>En estos momentos, un acuerdo pol\u00edtico entre los dos espacios es una utop\u00eda de imposible concreci\u00f3n. Luego de la ca\u00edda de la Ley \u00d3mnibus y con la escalada de Milei contra gobernadores e intendentes, inclusive los del PRO, en el macrismo empiezan a desconfiar del Presidente y optan por mantener la equidistancia. Es algo que rechazan los bullrichistas, que act\u00faan como oficialistas.<\/h3>\n<h3>Por el repudio a Milei, hasta Horacio Rodr\u00edguez Larreta le hizo saber a sus \u00edntimos que respaldar\u00e1 a Macri, pese a sus peleas y diferencias, para que sea conductor del PRO. El ex jefe de Gobierno de la Ciudad no piensa irse del partido, a excepci\u00f3n de un pacto a sobre cerrado con los libertarios: conoce que el expresidente evitar\u00e1 hoy esa fusi\u00f3n.<\/h3>\n<h3>LA PELEA DE MILEI CON GOBERNADORES PONE EN ALERTA A YPF<\/h3>\n<h3>Los gobernadores siguen en pie de guerra con Milei. Detr\u00e1s de las discusiones jur\u00eddicas asoma una disputa pol\u00edtica sobre las cajas de la recaudaci\u00f3n tributaria que concentra y distribuye el Estado central. Torres reuni\u00f3 ayer por la tarde a los mandatarios patag\u00f3nicos en un Zoom. Participaron Alberto Weretilnek (R\u00edo Negro), Sergio Ziliotto (La Pampa), Rolando Figueroa (Neuqu\u00e9n), y Gustavo Melella (Tierra del Fuego). Los jefes provinciales acordaron cortar los suministros de petr\u00f3leo si el Gobierno no env\u00eda los fondos que recort\u00f3.<\/h3>\n<p><img decoding=\"async\" class=\"wp-image-12240 aligncenter\" src=\"https:\/\/apuntesdesanluis.com\/wp-content\/uploads\/2024\/02\/ypf-300x180.png\" alt=\"\" width=\"618\" height=\"371\" srcset=\"https:\/\/apuntesdesanluis.com\/wp-content\/uploads\/2024\/02\/ypf-300x180.png 300w, https:\/\/apuntesdesanluis.com\/wp-content\/uploads\/2024\/02\/ypf.png 600w\" sizes=\"(max-width: 618px) 100vw, 618px\" \/><\/p>\n<h3>Detr\u00e1s de esa tensi\u00f3n subyace un punto sensible que preocupa al Gobierno. YPF trabaja en un proyecto de reversi\u00f3n de los campos maduros con el objetivo de concentrar todos los esfuerzos y la inversi\u00f3n en la explotaci\u00f3n de los pozos no convencionales, centrados en Vaca Muerta. Horacio Mar\u00edn, CEO y presidente de la compa\u00f1\u00eda, conoce a la perfecci\u00f3n la estrategia porque lider\u00f3 el proyecto de Tecpetrol, a la hidrocarbur\u00edfera de Techint, en Fort\u00edn de Piedra, A\u00f1elo. Ahora impulsa esa iniciativa con el objetivo de que Argentina recaude cerca de U$D 20 mil millones al a\u00f1o en exportaci\u00f3n de shale y la industria petrolera se posicione a la par del agro como principal generador de divisas.<\/h3>\n<h3>Esa decisi\u00f3n implica acuerdos con las provincias, que son las titulares de los recursos naturales por norma constitucional. Fue justamente a Mar\u00edn a quien Torres le dijo la semana pasada, cuando el ingeniero visit\u00f3 Chubut, que no acompa\u00f1ar\u00e1 esa medida si la Naci\u00f3n no le env\u00eda los fondos coparticipables. No s\u00f3lo eso, sino que le lanz\u00f3 la advertencia de bloquear en suministro de petr\u00f3leo si Milei o Francos no revert\u00edan la situaci\u00f3n.<\/h3>\n<h3>Mar\u00edn no ejecuta una tarea pol\u00edtica, pero conoce que detr\u00e1s de su rol hay intereses que movilizan a la dirigencia y al sector privado. El titular de YPF visit\u00f3 Santa Cruz el viernes y le llev\u00f3 al gobernador Claudio Vidal id\u00e9ntico planteo que a Torres. Ya lo hab\u00eda hecho antes con Figueroa, de Neuqu\u00e9n, en busca de sumar respaldo para su plan.<\/h3>\n<h3>En la petrolera de bandera eval\u00faan que el crudo convencional a\u00fan tiene r\u00e9dito, aunque analizan la rentabilidad de potenciar\u00e1 si concentran los esfuerzos en los bloques de shale. Eso implica desinvertir en los campos maduros, decisi\u00f3n que afecta a las provincias que contienen hidrocarburos convencionales. \u201cAhora YPF se quiere ir de la provincia\u201d, bram\u00f3 el gobernador de Chubut en una entrevista televisiva el viernes, en alusi\u00f3n al plan de Mar\u00edn.<\/h3>\n<h3>En plena disputa con la Casa Rosada, Torres busca consenso en sus pares patag\u00f3nicos y en el resto de las provincias petroleras para ejecutar una contra ofensiva que obstaculice el plan de YPF. S\u00f3lo evaluar\u00e1n acompa\u00f1ar la iniciativa de la petrolera nacional si el Gobierno revierte el recorte de fondos a las provincias. Id\u00e9ntica actitud pol\u00edtica aplicar\u00e1n el resto de los gobernadores de JxC en el plano fiscal en caso de que Milei no reabra una mesa de di\u00e1logo.<\/h3>\n<h3>Milei se encamina al discurso ante la Asamblea Legislativa del 1 de marzo sin apoyo del Congreso, de los gobernadores y, \u00bfsin petr\u00f3leo? Interrogante que se despejar\u00e1 en los pr\u00f3ximos d\u00edas. La respuesta puede ser una escalada de la crisis o el camino hacia el consenso.<\/h3>\n<p>&nbsp;<\/p>\n<h3><strong><em>* Columnista Infobae<\/em><\/strong><\/h3>\n<p>&nbsp;<\/p>\n<p>&nbsp;<\/p>\n<p>&nbsp;<\/p>\n<p>&nbsp;<\/p>\n<p>&nbsp;<\/p>\n","protected":false},"excerpt":{"rendered":"<p>Cerca del expresidente sospechan que Milei se mueve para dividir al PRO. La tensi\u00f3n se&#8230;<\/p>\n","protected":false},"author":1,"featured_media":6677,"comment_status":"closed","ping_status":"closed","sticky":false,"template":"","format":"standard","meta":{"footnotes":""},"categories":[9],"tags":[],"class_list":["post-12237","post","type-post","status-publish","format-standard","has-post-thumbnail","hentry","category-opinion"],"yoast_head":"<!-- This site is optimized with the Yoast SEO plugin v26.1.1 - https:\/\/yoast.com\/wordpress\/plugins\/seo\/ -->\n<title>EL CONFLICTO DE LOS GOBERNADORES CON LA CASA ROSADA HACE PELIGRAR EL ACUERDO ENTRE MILEI Y EL PRO - Apuntes de San Luis<\/title>\n<meta name=\"robots\" content=\"index, follow, max-snippet:-1, max-image-preview:large, max-video-preview:-1\" \/>\n<link rel=\"canonical\" href=\"https:\/\/apuntesdesanluis.com\/index.php\/2024\/02\/25\/el-conflicto-de-los-gobernadores-con-la-casa-rosada-hace-peligrar-el-acuerdo-entre-milei-y-el-pro\/\" \/>\n<meta property=\"og:locale\" content=\"es_ES\" \/>\n<meta property=\"og:type\" content=\"article\" \/>\n<meta property=\"og:title\" content=\"EL CONFLICTO DE LOS GOBERNADORES CON LA CASA ROSADA HACE PELIGRAR EL ACUERDO ENTRE MILEI Y EL PRO - Apuntes de San Luis\" \/>\n<meta property=\"og:description\" content=\"Cerca del expresidente sospechan que Milei se mueve para dividir al PRO. La tensi\u00f3n se...\" \/>\n<meta property=\"og:url\" content=\"https:\/\/apuntesdesanluis.com\/index.php\/2024\/02\/25\/el-conflicto-de-los-gobernadores-con-la-casa-rosada-hace-peligrar-el-acuerdo-entre-milei-y-el-pro\/\" \/>\n<meta property=\"og:site_name\" content=\"Apuntes de San Luis\" \/>\n<meta property=\"article:published_time\" content=\"2024-02-25T14:59:34+00:00\" \/>\n<meta property=\"og:image\" content=\"https:\/\/apuntesdesanluis.com\/wp-content\/uploads\/2023\/11\/macri-milei-bullrich.png\" \/>\n\t<meta property=\"og:image:width\" content=\"525\" \/>\n\t<meta property=\"og:image:height\" content=\"345\" \/>\n\t<meta property=\"og:image:type\" content=\"image\/png\" \/>\n<meta name=\"author\" content=\"apuntesdesanluis.com\" \/>\n<meta name=\"twitter:card\" content=\"summary_large_image\" \/>\n<meta name=\"twitter:label1\" content=\"Escrito por\" \/>\n\t<meta name=\"twitter:data1\" content=\"apuntesdesanluis.com\" \/>\n\t<meta name=\"twitter:label2\" content=\"Tiempo de lectura\" \/>\n\t<meta name=\"twitter:data2\" content=\"9 minutos\" \/>\n<script type=\"application\/ld+json\" class=\"yoast-schema-graph\">{\"@context\":\"https:\/\/schema.org\",\"@graph\":[{\"@type\":\"Article\",\"@id\":\"https:\/\/apuntesdesanluis.com\/index.php\/2024\/02\/25\/el-conflicto-de-los-gobernadores-con-la-casa-rosada-hace-peligrar-el-acuerdo-entre-milei-y-el-pro\/#article\",\"isPartOf\":{\"@id\":\"https:\/\/apuntesdesanluis.com\/index.php\/2024\/02\/25\/el-conflicto-de-los-gobernadores-con-la-casa-rosada-hace-peligrar-el-acuerdo-entre-milei-y-el-pro\/\"},\"author\":{\"name\":\"apuntesdesanluis.com\",\"@id\":\"https:\/\/apuntesdesanluis.com\/#\/schema\/person\/b55151d52296fcce64d1a72538a70b90\"},\"headline\":\"EL CONFLICTO DE LOS GOBERNADORES CON LA CASA ROSADA HACE PELIGRAR EL ACUERDO ENTRE MILEI Y EL PRO\",\"datePublished\":\"2024-02-25T14:59:34+00:00\",\"mainEntityOfPage\":{\"@id\":\"https:\/\/apuntesdesanluis.com\/index.php\/2024\/02\/25\/el-conflicto-de-los-gobernadores-con-la-casa-rosada-hace-peligrar-el-acuerdo-entre-milei-y-el-pro\/\"},\"wordCount\":1861,\"publisher\":{\"@id\":\"https:\/\/apuntesdesanluis.com\/#\/schema\/person\/b55151d52296fcce64d1a72538a70b90\"},\"image\":{\"@id\":\"https:\/\/apuntesdesanluis.com\/index.php\/2024\/02\/25\/el-conflicto-de-los-gobernadores-con-la-casa-rosada-hace-peligrar-el-acuerdo-entre-milei-y-el-pro\/#primaryimage\"},\"thumbnailUrl\":\"https:\/\/apuntesdesanluis.com\/wp-content\/uploads\/2023\/11\/macri-milei-bullrich.png\",\"articleSection\":[\"Opini\u00f3n\"],\"inLanguage\":\"es-AR\"},{\"@type\":\"WebPage\",\"@id\":\"https:\/\/apuntesdesanluis.com\/index.php\/2024\/02\/25\/el-conflicto-de-los-gobernadores-con-la-casa-rosada-hace-peligrar-el-acuerdo-entre-milei-y-el-pro\/\",\"url\":\"https:\/\/apuntesdesanluis.com\/index.php\/2024\/02\/25\/el-conflicto-de-los-gobernadores-con-la-casa-rosada-hace-peligrar-el-acuerdo-entre-milei-y-el-pro\/\",\"name\":\"EL CONFLICTO DE LOS GOBERNADORES CON LA CASA ROSADA HACE PELIGRAR EL ACUERDO ENTRE MILEI Y EL PRO - Apuntes de San Luis\",\"isPartOf\":{\"@id\":\"https:\/\/apuntesdesanluis.com\/#website\"},\"primaryImageOfPage\":{\"@id\":\"https:\/\/apuntesdesanluis.com\/index.php\/2024\/02\/25\/el-conflicto-de-los-gobernadores-con-la-casa-rosada-hace-peligrar-el-acuerdo-entre-milei-y-el-pro\/#primaryimage\"},\"image\":{\"@id\":\"https:\/\/apuntesdesanluis.com\/index.php\/2024\/02\/25\/el-conflicto-de-los-gobernadores-con-la-casa-rosada-hace-peligrar-el-acuerdo-entre-milei-y-el-pro\/#primaryimage\"},\"thumbnailUrl\":\"https:\/\/apuntesdesanluis.com\/wp-content\/uploads\/2023\/11\/macri-milei-bullrich.png\",\"datePublished\":\"2024-02-25T14:59:34+00:00\",\"breadcrumb\":{\"@id\":\"https:\/\/apuntesdesanluis.com\/index.php\/2024\/02\/25\/el-conflicto-de-los-gobernadores-con-la-casa-rosada-hace-peligrar-el-acuerdo-entre-milei-y-el-pro\/#breadcrumb\"},\"inLanguage\":\"es-AR\",\"potentialAction\":[{\"@type\":\"ReadAction\",\"target\":[\"https:\/\/apuntesdesanluis.com\/index.php\/2024\/02\/25\/el-conflicto-de-los-gobernadores-con-la-casa-rosada-hace-peligrar-el-acuerdo-entre-milei-y-el-pro\/\"]}]},{\"@type\":\"ImageObject\",\"inLanguage\":\"es-AR\",\"@id\":\"https:\/\/apuntesdesanluis.com\/index.php\/2024\/02\/25\/el-conflicto-de-los-gobernadores-con-la-casa-rosada-hace-peligrar-el-acuerdo-entre-milei-y-el-pro\/#primaryimage\",\"url\":\"https:\/\/apuntesdesanluis.com\/wp-content\/uploads\/2023\/11\/macri-milei-bullrich.png\",\"contentUrl\":\"https:\/\/apuntesdesanluis.com\/wp-content\/uploads\/2023\/11\/macri-milei-bullrich.png\",\"width\":525,\"height\":345},{\"@type\":\"BreadcrumbList\",\"@id\":\"https:\/\/apuntesdesanluis.com\/index.php\/2024\/02\/25\/el-conflicto-de-los-gobernadores-con-la-casa-rosada-hace-peligrar-el-acuerdo-entre-milei-y-el-pro\/#breadcrumb\",\"itemListElement\":[{\"@type\":\"ListItem\",\"position\":1,\"name\":\"Inicio\",\"item\":\"https:\/\/apuntesdesanluis.com\/\"},{\"@type\":\"ListItem\",\"position\":2,\"name\":\"EL CONFLICTO DE LOS GOBERNADORES CON LA CASA ROSADA HACE PELIGRAR EL ACUERDO ENTRE MILEI Y EL PRO\"}]},{\"@type\":\"WebSite\",\"@id\":\"https:\/\/apuntesdesanluis.com\/#website\",\"url\":\"https:\/\/apuntesdesanluis.com\/\",\"name\":\"Apuntes de San Luis\",\"description\":\"\",\"publisher\":{\"@id\":\"https:\/\/apuntesdesanluis.com\/#\/schema\/person\/b55151d52296fcce64d1a72538a70b90\"},\"potentialAction\":[{\"@type\":\"SearchAction\",\"target\":{\"@type\":\"EntryPoint\",\"urlTemplate\":\"https:\/\/apuntesdesanluis.com\/?s={search_term_string}\"},\"query-input\":{\"@type\":\"PropertyValueSpecification\",\"valueRequired\":true,\"valueName\":\"search_term_string\"}}],\"inLanguage\":\"es-AR\"},{\"@type\":[\"Person\",\"Organization\"],\"@id\":\"https:\/\/apuntesdesanluis.com\/#\/schema\/person\/b55151d52296fcce64d1a72538a70b90\",\"name\":\"apuntesdesanluis.com\",\"image\":{\"@type\":\"ImageObject\",\"inLanguage\":\"es-AR\",\"@id\":\"https:\/\/apuntesdesanluis.com\/#\/schema\/person\/image\/\",\"url\":\"https:\/\/apuntesdesanluis.com\/wp-content\/uploads\/2023\/07\/cropped-apuntesdesanluis.png\",\"contentUrl\":\"https:\/\/apuntesdesanluis.com\/wp-content\/uploads\/2023\/07\/cropped-apuntesdesanluis.png\",\"width\":450,\"height\":112,\"caption\":\"apuntesdesanluis.com\"},\"logo\":{\"@id\":\"https:\/\/apuntesdesanluis.com\/#\/schema\/person\/image\/\"},\"sameAs\":[\"https:\/\/apuntesdesanluis.com\"],\"url\":\"https:\/\/apuntesdesanluis.com\/index.php\/author\/apuntesdesanluis-com\/\"}]}<\/script>\n<!-- \/ Yoast SEO plugin. -->","yoast_head_json":{"title":"EL CONFLICTO DE LOS GOBERNADORES CON LA CASA ROSADA HACE PELIGRAR EL ACUERDO ENTRE MILEI Y EL PRO - Apuntes de San Luis","robots":{"index":"index","follow":"follow","max-snippet":"max-snippet:-1","max-image-preview":"max-image-preview:large","max-video-preview":"max-video-preview:-1"},"canonical":"https:\/\/apuntesdesanluis.com\/index.php\/2024\/02\/25\/el-conflicto-de-los-gobernadores-con-la-casa-rosada-hace-peligrar-el-acuerdo-entre-milei-y-el-pro\/","og_locale":"es_ES","og_type":"article","og_title":"EL CONFLICTO DE LOS GOBERNADORES CON LA CASA ROSADA HACE PELIGRAR EL ACUERDO ENTRE MILEI Y EL PRO - Apuntes de San Luis","og_description":"Cerca del expresidente sospechan que Milei se mueve para dividir al PRO. La tensi\u00f3n se...","og_url":"https:\/\/apuntesdesanluis.com\/index.php\/2024\/02\/25\/el-conflicto-de-los-gobernadores-con-la-casa-rosada-hace-peligrar-el-acuerdo-entre-milei-y-el-pro\/","og_site_name":"Apuntes de San Luis","article_published_time":"2024-02-25T14:59:34+00:00","og_image":[{"width":525,"height":345,"url":"https:\/\/apuntesdesanluis.com\/wp-content\/uploads\/2023\/11\/macri-milei-bullrich.png","type":"image\/png"}],"author":"apuntesdesanluis.com","twitter_card":"summary_large_image","twitter_misc":{"Escrito por":"apuntesdesanluis.com","Tiempo de lectura":"9 minutos"},"schema":{"@context":"https:\/\/schema.org","@graph":[{"@type":"Article","@id":"https:\/\/apuntesdesanluis.com\/index.php\/2024\/02\/25\/el-conflicto-de-los-gobernadores-con-la-casa-rosada-hace-peligrar-el-acuerdo-entre-milei-y-el-pro\/#article","isPartOf":{"@id":"https:\/\/apuntesdesanluis.com\/index.php\/2024\/02\/25\/el-conflicto-de-los-gobernadores-con-la-casa-rosada-hace-peligrar-el-acuerdo-entre-milei-y-el-pro\/"},"author":{"name":"apuntesdesanluis.com","@id":"https:\/\/apuntesdesanluis.com\/#\/schema\/person\/b55151d52296fcce64d1a72538a70b90"},"headline":"EL CONFLICTO DE LOS GOBERNADORES CON LA CASA ROSADA HACE PELIGRAR EL ACUERDO ENTRE MILEI Y EL PRO","datePublished":"2024-02-25T14:59:34+00:00","mainEntityOfPage":{"@id":"https:\/\/apuntesdesanluis.com\/index.php\/2024\/02\/25\/el-conflicto-de-los-gobernadores-con-la-casa-rosada-hace-peligrar-el-acuerdo-entre-milei-y-el-pro\/"},"wordCount":1861,"publisher":{"@id":"https:\/\/apuntesdesanluis.com\/#\/schema\/person\/b55151d52296fcce64d1a72538a70b90"},"image":{"@id":"https:\/\/apuntesdesanluis.com\/index.php\/2024\/02\/25\/el-conflicto-de-los-gobernadores-con-la-casa-rosada-hace-peligrar-el-acuerdo-entre-milei-y-el-pro\/#primaryimage"},"thumbnailUrl":"https:\/\/apuntesdesanluis.com\/wp-content\/uploads\/2023\/11\/macri-milei-bullrich.png","articleSection":["Opini\u00f3n"],"inLanguage":"es-AR"},{"@type":"WebPage","@id":"https:\/\/apuntesdesanluis.com\/index.php\/2024\/02\/25\/el-conflicto-de-los-gobernadores-con-la-casa-rosada-hace-peligrar-el-acuerdo-entre-milei-y-el-pro\/","url":"https:\/\/apuntesdesanluis.com\/index.php\/2024\/02\/25\/el-conflicto-de-los-gobernadores-con-la-casa-rosada-hace-peligrar-el-acuerdo-entre-milei-y-el-pro\/","name":"EL CONFLICTO DE LOS GOBERNADORES CON LA CASA ROSADA HACE PELIGRAR EL ACUERDO ENTRE MILEI Y EL PRO - Apuntes de San Luis","isPartOf":{"@id":"https:\/\/apuntesdesanluis.com\/#website"},"primaryImageOfPage":{"@id":"https:\/\/apuntesdesanluis.com\/index.php\/2024\/02\/25\/el-conflicto-de-los-gobernadores-con-la-casa-rosada-hace-peligrar-el-acuerdo-entre-milei-y-el-pro\/#primaryimage"},"image":{"@id":"https:\/\/apuntesdesanluis.com\/index.php\/2024\/02\/25\/el-conflicto-de-los-gobernadores-con-la-casa-rosada-hace-peligrar-el-acuerdo-entre-milei-y-el-pro\/#primaryimage"},"thumbnailUrl":"https:\/\/apuntesdesanluis.com\/wp-content\/uploads\/2023\/11\/macri-milei-bullrich.png","datePublished":"2024-02-25T14:59:34+00:00","breadcrumb":{"@id":"https:\/\/apuntesdesanluis.com\/index.php\/2024\/02\/25\/el-conflicto-de-los-gobernadores-con-la-casa-rosada-hace-peligrar-el-acuerdo-entre-milei-y-el-pro\/#breadcrumb"},"inLanguage":"es-AR","potentialAction":[{"@type":"ReadAction","target":["https:\/\/apuntesdesanluis.com\/index.php\/2024\/02\/25\/el-conflicto-de-los-gobernadores-con-la-casa-rosada-hace-peligrar-el-acuerdo-entre-milei-y-el-pro\/"]}]},{"@type":"ImageObject","inLanguage":"es-AR","@id":"https:\/\/apuntesdesanluis.com\/index.php\/2024\/02\/25\/el-conflicto-de-los-gobernadores-con-la-casa-rosada-hace-peligrar-el-acuerdo-entre-milei-y-el-pro\/#primaryimage","url":"https:\/\/apuntesdesanluis.com\/wp-content\/uploads\/2023\/11\/macri-milei-bullrich.png","contentUrl":"https:\/\/apuntesdesanluis.com\/wp-content\/uploads\/2023\/11\/macri-milei-bullrich.png","width":525,"height":345},{"@type":"BreadcrumbList","@id":"https:\/\/apuntesdesanluis.com\/index.php\/2024\/02\/25\/el-conflicto-de-los-gobernadores-con-la-casa-rosada-hace-peligrar-el-acuerdo-entre-milei-y-el-pro\/#breadcrumb","itemListElement":[{"@type":"ListItem","position":1,"name":"Inicio","item":"https:\/\/apuntesdesanluis.com\/"},{"@type":"ListItem","position":2,"name":"EL CONFLICTO DE LOS GOBERNADORES CON LA CASA ROSADA HACE PELIGRAR EL ACUERDO ENTRE MILEI Y EL PRO"}]},{"@type":"WebSite","@id":"https:\/\/apuntesdesanluis.com\/#website","url":"https:\/\/apuntesdesanluis.com\/","name":"Apuntes de San Luis","description":"","publisher":{"@id":"https:\/\/apuntesdesanluis.com\/#\/schema\/person\/b55151d52296fcce64d1a72538a70b90"},"potentialAction":[{"@type":"SearchAction","target":{"@type":"EntryPoint","urlTemplate":"https:\/\/apuntesdesanluis.com\/?s={search_term_string}"},"query-input":{"@type":"PropertyValueSpecification","valueRequired":true,"valueName":"search_term_string"}}],"inLanguage":"es-AR"},{"@type":["Person","Organization"],"@id":"https:\/\/apuntesdesanluis.com\/#\/schema\/person\/b55151d52296fcce64d1a72538a70b90","name":"apuntesdesanluis.com","image":{"@type":"ImageObject","inLanguage":"es-AR","@id":"https:\/\/apuntesdesanluis.com\/#\/schema\/person\/image\/","url":"https:\/\/apuntesdesanluis.com\/wp-content\/uploads\/2023\/07\/cropped-apuntesdesanluis.png","contentUrl":"https:\/\/apuntesdesanluis.com\/wp-content\/uploads\/2023\/07\/cropped-apuntesdesanluis.png","width":450,"height":112,"caption":"apuntesdesanluis.com"},"logo":{"@id":"https:\/\/apuntesdesanluis.com\/#\/schema\/person\/image\/"},"sameAs":["https:\/\/apuntesdesanluis.com"],"url":"https:\/\/apuntesdesanluis.com\/index.php\/author\/apuntesdesanluis-com\/"}]}},"featured_image_urls":{"full":["https:\/\/apuntesdesanluis.com\/wp-content\/uploads\/2023\/11\/macri-milei-bullrich.png",525,345,false],"thumbnail":["https:\/\/apuntesdesanluis.com\/wp-content\/uploads\/2023\/11\/macri-milei-bullrich-150x150.png",150,150,true],"medium":["https:\/\/apuntesdesanluis.com\/wp-content\/uploads\/2023\/11\/macri-milei-bullrich-300x197.png",300,197,true],"medium_large":["https:\/\/apuntesdesanluis.com\/wp-content\/uploads\/2023\/11\/macri-milei-bullrich.png",525,345,false],"large":["https:\/\/apuntesdesanluis.com\/wp-content\/uploads\/2023\/11\/macri-milei-bullrich.png",525,345,false],"1536x1536":["https:\/\/apuntesdesanluis.com\/wp-content\/uploads\/2023\/11\/macri-milei-bullrich.png",525,345,false],"2048x2048":["https:\/\/apuntesdesanluis.com\/wp-content\/uploads\/2023\/11\/macri-milei-bullrich.png",525,345,false],"newsever-slider-full":["https:\/\/apuntesdesanluis.com\/wp-content\/uploads\/2023\/11\/macri-milei-bullrich.png",525,345,false],"newsever-featured":["https:\/\/apuntesdesanluis.com\/wp-content\/uploads\/2023\/11\/macri-milei-bullrich.png",525,345,false],"newsever-medium":["https:\/\/apuntesdesanluis.com\/wp-content\/uploads\/2023\/11\/macri-milei-bullrich.png",525,345,false]},"author_info":{"display_name":"apuntesdesanluis.com","author_link":"https:\/\/apuntesdesanluis.com\/index.php\/author\/apuntesdesanluis-com\/"},"category_info":"<a href=\"https:\/\/apuntesdesanluis.com\/index.php\/category\/opinion\/\" rel=\"category tag\">Opini\u00f3n<\/a>","tag_info":"Opini\u00f3n","comment_count":"0","_links":{"self":[{"href":"https:\/\/apuntesdesanluis.com\/index.php\/wp-json\/wp\/v2\/posts\/12237","targetHints":{"allow":["GET"]}}],"collection":[{"href":"https:\/\/apuntesdesanluis.com\/index.php\/wp-json\/wp\/v2\/posts"}],"about":[{"href":"https:\/\/apuntesdesanluis.com\/index.php\/wp-json\/wp\/v2\/types\/post"}],"author":[{"embeddable":true,"href":"https:\/\/apuntesdesanluis.com\/index.php\/wp-json\/wp\/v2\/users\/1"}],"replies":[{"embeddable":true,"href":"https:\/\/apuntesdesanluis.com\/index.php\/wp-json\/wp\/v2\/comments?post=12237"}],"version-history":[{"count":1,"href":"https:\/\/apuntesdesanluis.com\/index.php\/wp-json\/wp\/v2\/posts\/12237\/revisions"}],"predecessor-version":[{"id":12241,"href":"https:\/\/apuntesdesanluis.com\/index.php\/wp-json\/wp\/v2\/posts\/12237\/revisions\/12241"}],"wp:featuredmedia":[{"embeddable":true,"href":"https:\/\/apuntesdesanluis.com\/index.php\/wp-json\/wp\/v2\/media\/6677"}],"wp:attachment":[{"href":"https:\/\/apuntesdesanluis.com\/index.php\/wp-json\/wp\/v2\/media?parent=12237"}],"wp:term":[{"taxonomy":"category","embeddable":true,"href":"https:\/\/apuntesdesanluis.com\/index.php\/wp-json\/wp\/v2\/categories?post=12237"},{"taxonomy":"post_tag","embeddable":true,"href":"https:\/\/apuntesdesanluis.com\/index.php\/wp-json\/wp\/v2\/tags?post=12237"}],"curies":[{"name":"wp","href":"https:\/\/api.w.org\/{rel}","templated":true}]}}