{"id":12242,"date":"2024-02-25T12:56:25","date_gmt":"2024-02-25T15:56:25","guid":{"rendered":"https:\/\/apuntesdesanluis.com\/?p=12242"},"modified":"2024-02-25T12:59:02","modified_gmt":"2024-02-25T15:59:02","slug":"apertura-de-sesiones-milei-ahora-dara-su-discurso-adentro-del-congreso-y-tendra-un-tono-duro","status":"publish","type":"post","link":"https:\/\/apuntesdesanluis.com\/index.php\/2024\/02\/25\/apertura-de-sesiones-milei-ahora-dara-su-discurso-adentro-del-congreso-y-tendra-un-tono-duro\/","title":{"rendered":"APERTURA DE SESIONES: MILEI AHORA DAR\u00c1 SU DISCURSO ADENTRO DEL CONGRESO Y TENDR\u00c1 &#8220;UN TONO DURO&#8221;"},"content":{"rendered":"<h3>Ser\u00e1 en medio del enfrentamiento que mantiene con legisladores y gobernadores tras el naufragio de la ley de Bases.\u00a0&#8220;No tiene escrita ni una sola l\u00ednea&#8221;, detallaron fuentes del entorno del mandatario.<\/h3>\n<h3>El presidente <strong>Javier Milei<\/strong> dar\u00e1 el viernes pr\u00f3ximo su primer discurso de apertura de sesiones ordinarias del Congreso, en medio de su pelea con los gobernadores y los legisladores opositores que no acompa\u00f1aron la Ley de Bases, y se espera que esta vez d\u00e9 su mensaje dentro del recinto luego de que en su asunci\u00f3n hablara en las escalinatas, dando la espalda al\u00a0 parlamento.<\/h3>\n<h3>&#8220;No tiene escrita ni una sola l\u00ednea&#8221;, detallaron fuentes del entorno del mandatario ante una consulta de NA acerca de cu\u00e1les ser\u00e1n los ejes del discurso, a una semana de la ceremonia de\u00a0 inicio de sesiones, en la que cada 1 de marzo el mandatario acude a dar su mensaje ante los diputados y senadores.<\/h3>\n<h3>De esta forma, se espera que Milei primero cumpla su agenda este fin de semana en Washington, donde hablar\u00e1 en una cumbre conservadora que organiza Donald Trump, y reci\u00e9n a su regreso, previsto para la ma\u00f1ana del lunes, comenzar\u00e1 a bocetar su discurso, al que durante la semana ir\u00e1 puliendo para tenerlo listo el viernes.<\/h3>\n<h3>Las fuentes citadas, sin embargo, anticiparon que el l\u00edder libertario &#8220;va a hablar adentro (del Congreso) y a respetar el protocolo&#8221;, mientras que agregaron: &#8220;Falta todav\u00eda, pero va a tener tono duro&#8221;.<\/h3>\n<h3>Existe una fuerte expectativa en torno al mensaje de Milei ante los legisladores debido al enfrentamiento que est\u00e1 impulsando con la oposici\u00f3n que hizo caer la ley \u00f3mnibus y la tensi\u00f3n con los gobernadores, a los que tambi\u00e9n responsabiliza por esa situaci\u00f3n.<\/h3>\n<h3>En los \u00faltimos d\u00edas, el jefe de Estado se refiri\u00f3 al Congreso como &#8220;un nido de ratas&#8221; y calific\u00f3 como &#8220;una mierda&#8221; a los legisladores que no acompa\u00f1aron art\u00edculos del proyecto de ley de\u00a0 Bases durante las sesiones extraordinarias, lo que deriv\u00f3 en el retiro de su tratamiento.<\/h3>\n<h3>En tanto, Milei confirm\u00f3 en una reciente entrevista televisiva que le pidi\u00f3 a la presidenta del Senado, Victoria Villarruel, que de la tradicional comitiva de legisladores que recibe al mandatario en las puertas del Congreso para el d\u00eda de apertura de sesiones forme parte el diputado Jos\u00e9 Luis Espert.<\/h3>\n<h3><strong>M\u00c1S CR\u00cdTICAS A NACHO TORRES<\/strong><\/h3>\n<h3>El presidente Javier Milei redobl\u00f3 hoy sus cr\u00edticas contra el gobernador de Chubut, Ignacio \u201cNacho\u201d Torres, al calificarlo como \u201cun chico\u201d que \u201cno puede leer ni un contrato\u201d. Desde Estados Unidos, y tras brindar un discurso en la Cumbre Conservadora en Washington, el Jefe de Estado asegur\u00f3: \u201cEvidentemente, es una v\u00edctima del deterioro de la educaci\u00f3n argentina\u201d.<\/h3>\n<h3>\u201cNachito no la ve, es un pobre chico que no pudo leer ni un contrato, es de una precariedad intelectual muy grande\u201d, insisti\u00f3, en declaraciones a LN+. Y agreg\u00f3: \u201cLa provincia tom\u00f3 deuda contra garant\u00eda de coparticipaci\u00f3n, entonces cuando arma la operaci\u00f3n, cuando se deposita la coparticipaci\u00f3n, que se hace continuamente, se extrae la parte afectada a la deuda y le llega el remanente. Yo no tengo la culpa de que el chico no pueda leer un texto y comprenderlo\u201d.<\/h3>\n<h3 class=\"paragraph\" data-mrf-recirculation=\"Links inline\">As\u00ed, el Presidente volvi\u00f3 a escalar la tensi\u00f3n en medio de\u00a0<a href=\"https:\/\/www.infobae.com\/politica\/2024\/02\/25\/la-rebelion-de-los-gobernadores-una-reaccion-al-plan-motosierra-de-milei-que-terminara-en-la-justicia-y-el-congreso\/\" target=\"_blank\" rel=\"noopener noreferrer\" data-mrf-link=\"https:\/\/www.infobae.com\/politica\/2024\/02\/25\/la-rebelion-de-los-gobernadores-una-reaccion-al-plan-motosierra-de-milei-que-terminara-en-la-justicia-y-el-congreso\/\">la disputa que mantiene con los gobernadores provinciale<\/a>s, luego de la ofensiva del gobernador de Chubut que no enviar petr\u00f3leo hasta tanto el gobierno nacional reintegre los fondos correspondientes a la coparticipaci\u00f3n.<\/h3>\n<h3 class=\"paragraph\" data-mrf-recirculation=\"Links inline\">Milei, adem\u00e1s, tambi\u00e9n cuestion\u00f3 a los gobernadores que apoyaron el reclamo de Torres: \u201cQuedaron expuestos, el lado que (Axel) Kicillof o (Ricardo) Quintela, esos muchachos que son parte del pasado. Est\u00e1n reclamando que ellos no quieren ajustar y le quieren trasladar el ajuste el resto de los argentinos\u201d, sostuvo.<\/h3>\n<p>&nbsp;<\/p>\n<p>&nbsp;<\/p>\n<p>&nbsp;<\/p>\n<p>&nbsp;<\/p>\n<p>&nbsp;<\/p>\n<p>&nbsp;<\/p>\n<p>&nbsp;<\/p>\n<p>&nbsp;<\/p>\n","protected":false},"excerpt":{"rendered":"<p>Ser\u00e1 en medio del enfrentamiento que mantiene con legisladores y gobernadores tras el naufragio de&#8230;<\/p>\n","protected":false},"author":1,"featured_media":12243,"comment_status":"closed","ping_status":"closed","sticky":false,"template":"","format":"standard","meta":{"footnotes":""},"categories":[5],"tags":[],"class_list":["post-12242","post","type-post","status-publish","format-standard","has-post-thumbnail","hentry","category-nacionales-internacionales"],"yoast_head":"<!-- This site is optimized with the Yoast SEO plugin v26.1.1 - https:\/\/yoast.com\/wordpress\/plugins\/seo\/ -->\n<title>APERTURA DE SESIONES: MILEI AHORA DAR\u00c1 SU DISCURSO ADENTRO DEL CONGRESO Y TENDR\u00c1 &quot;UN TONO DURO&quot; - Apuntes de San Luis<\/title>\n<meta name=\"robots\" content=\"index, follow, max-snippet:-1, max-image-preview:large, max-video-preview:-1\" \/>\n<link rel=\"canonical\" href=\"https:\/\/apuntesdesanluis.com\/index.php\/2024\/02\/25\/apertura-de-sesiones-milei-ahora-dara-su-discurso-adentro-del-congreso-y-tendra-un-tono-duro\/\" \/>\n<meta property=\"og:locale\" content=\"es_ES\" \/>\n<meta property=\"og:type\" content=\"article\" \/>\n<meta property=\"og:title\" content=\"APERTURA DE SESIONES: MILEI AHORA DAR\u00c1 SU DISCURSO ADENTRO DEL CONGRESO Y TENDR\u00c1 &quot;UN TONO DURO&quot; - Apuntes de San Luis\" \/>\n<meta property=\"og:description\" content=\"Ser\u00e1 en medio del enfrentamiento que mantiene con legisladores y gobernadores tras el naufragio de...\" \/>\n<meta property=\"og:url\" content=\"https:\/\/apuntesdesanluis.com\/index.php\/2024\/02\/25\/apertura-de-sesiones-milei-ahora-dara-su-discurso-adentro-del-congreso-y-tendra-un-tono-duro\/\" \/>\n<meta property=\"og:site_name\" content=\"Apuntes de San Luis\" \/>\n<meta property=\"article:published_time\" content=\"2024-02-25T15:56:25+00:00\" \/>\n<meta property=\"article:modified_time\" content=\"2024-02-25T15:59:02+00:00\" \/>\n<meta property=\"og:image\" content=\"https:\/\/apuntesdesanluis.com\/wp-content\/uploads\/2024\/02\/MILEI-FEO.png\" \/>\n\t<meta property=\"og:image:width\" content=\"792\" \/>\n\t<meta property=\"og:image:height\" content=\"484\" \/>\n\t<meta property=\"og:image:type\" content=\"image\/png\" \/>\n<meta name=\"author\" content=\"apuntesdesanluis.com\" \/>\n<meta name=\"twitter:card\" content=\"summary_large_image\" \/>\n<meta name=\"twitter:label1\" content=\"Escrito por\" \/>\n\t<meta name=\"twitter:data1\" content=\"apuntesdesanluis.com\" \/>\n\t<meta name=\"twitter:label2\" content=\"Tiempo de lectura\" \/>\n\t<meta name=\"twitter:data2\" content=\"3 minutos\" \/>\n<script type=\"application\/ld+json\" class=\"yoast-schema-graph\">{\"@context\":\"https:\/\/schema.org\",\"@graph\":[{\"@type\":\"Article\",\"@id\":\"https:\/\/apuntesdesanluis.com\/index.php\/2024\/02\/25\/apertura-de-sesiones-milei-ahora-dara-su-discurso-adentro-del-congreso-y-tendra-un-tono-duro\/#article\",\"isPartOf\":{\"@id\":\"https:\/\/apuntesdesanluis.com\/index.php\/2024\/02\/25\/apertura-de-sesiones-milei-ahora-dara-su-discurso-adentro-del-congreso-y-tendra-un-tono-duro\/\"},\"author\":{\"name\":\"apuntesdesanluis.com\",\"@id\":\"https:\/\/apuntesdesanluis.com\/#\/schema\/person\/b55151d52296fcce64d1a72538a70b90\"},\"headline\":\"APERTURA DE SESIONES: MILEI AHORA DAR\u00c1 SU DISCURSO ADENTRO DEL CONGRESO Y TENDR\u00c1 &#8220;UN TONO DURO&#8221;\",\"datePublished\":\"2024-02-25T15:56:25+00:00\",\"dateModified\":\"2024-02-25T15:59:02+00:00\",\"mainEntityOfPage\":{\"@id\":\"https:\/\/apuntesdesanluis.com\/index.php\/2024\/02\/25\/apertura-de-sesiones-milei-ahora-dara-su-discurso-adentro-del-congreso-y-tendra-un-tono-duro\/\"},\"wordCount\":668,\"publisher\":{\"@id\":\"https:\/\/apuntesdesanluis.com\/#\/schema\/person\/b55151d52296fcce64d1a72538a70b90\"},\"image\":{\"@id\":\"https:\/\/apuntesdesanluis.com\/index.php\/2024\/02\/25\/apertura-de-sesiones-milei-ahora-dara-su-discurso-adentro-del-congreso-y-tendra-un-tono-duro\/#primaryimage\"},\"thumbnailUrl\":\"https:\/\/apuntesdesanluis.com\/wp-content\/uploads\/2024\/02\/MILEI-FEO.png\",\"articleSection\":[\"Nacionales\/Internacionales\"],\"inLanguage\":\"es-AR\"},{\"@type\":\"WebPage\",\"@id\":\"https:\/\/apuntesdesanluis.com\/index.php\/2024\/02\/25\/apertura-de-sesiones-milei-ahora-dara-su-discurso-adentro-del-congreso-y-tendra-un-tono-duro\/\",\"url\":\"https:\/\/apuntesdesanluis.com\/index.php\/2024\/02\/25\/apertura-de-sesiones-milei-ahora-dara-su-discurso-adentro-del-congreso-y-tendra-un-tono-duro\/\",\"name\":\"APERTURA DE SESIONES: MILEI AHORA DAR\u00c1 SU DISCURSO ADENTRO DEL CONGRESO Y TENDR\u00c1 \\\"UN TONO DURO\\\" - Apuntes de San Luis\",\"isPartOf\":{\"@id\":\"https:\/\/apuntesdesanluis.com\/#website\"},\"primaryImageOfPage\":{\"@id\":\"https:\/\/apuntesdesanluis.com\/index.php\/2024\/02\/25\/apertura-de-sesiones-milei-ahora-dara-su-discurso-adentro-del-congreso-y-tendra-un-tono-duro\/#primaryimage\"},\"image\":{\"@id\":\"https:\/\/apuntesdesanluis.com\/index.php\/2024\/02\/25\/apertura-de-sesiones-milei-ahora-dara-su-discurso-adentro-del-congreso-y-tendra-un-tono-duro\/#primaryimage\"},\"thumbnailUrl\":\"https:\/\/apuntesdesanluis.com\/wp-content\/uploads\/2024\/02\/MILEI-FEO.png\",\"datePublished\":\"2024-02-25T15:56:25+00:00\",\"dateModified\":\"2024-02-25T15:59:02+00:00\",\"breadcrumb\":{\"@id\":\"https:\/\/apuntesdesanluis.com\/index.php\/2024\/02\/25\/apertura-de-sesiones-milei-ahora-dara-su-discurso-adentro-del-congreso-y-tendra-un-tono-duro\/#breadcrumb\"},\"inLanguage\":\"es-AR\",\"potentialAction\":[{\"@type\":\"ReadAction\",\"target\":[\"https:\/\/apuntesdesanluis.com\/index.php\/2024\/02\/25\/apertura-de-sesiones-milei-ahora-dara-su-discurso-adentro-del-congreso-y-tendra-un-tono-duro\/\"]}]},{\"@type\":\"ImageObject\",\"inLanguage\":\"es-AR\",\"@id\":\"https:\/\/apuntesdesanluis.com\/index.php\/2024\/02\/25\/apertura-de-sesiones-milei-ahora-dara-su-discurso-adentro-del-congreso-y-tendra-un-tono-duro\/#primaryimage\",\"url\":\"https:\/\/apuntesdesanluis.com\/wp-content\/uploads\/2024\/02\/MILEI-FEO.png\",\"contentUrl\":\"https:\/\/apuntesdesanluis.com\/wp-content\/uploads\/2024\/02\/MILEI-FEO.png\",\"width\":792,\"height\":484},{\"@type\":\"BreadcrumbList\",\"@id\":\"https:\/\/apuntesdesanluis.com\/index.php\/2024\/02\/25\/apertura-de-sesiones-milei-ahora-dara-su-discurso-adentro-del-congreso-y-tendra-un-tono-duro\/#breadcrumb\",\"itemListElement\":[{\"@type\":\"ListItem\",\"position\":1,\"name\":\"Inicio\",\"item\":\"https:\/\/apuntesdesanluis.com\/\"},{\"@type\":\"ListItem\",\"position\":2,\"name\":\"APERTURA DE SESIONES: MILEI AHORA DAR\u00c1 SU DISCURSO ADENTRO DEL CONGRESO Y TENDR\u00c1 &#8220;UN TONO DURO&#8221;\"}]},{\"@type\":\"WebSite\",\"@id\":\"https:\/\/apuntesdesanluis.com\/#website\",\"url\":\"https:\/\/apuntesdesanluis.com\/\",\"name\":\"Apuntes de San Luis\",\"description\":\"\",\"publisher\":{\"@id\":\"https:\/\/apuntesdesanluis.com\/#\/schema\/person\/b55151d52296fcce64d1a72538a70b90\"},\"potentialAction\":[{\"@type\":\"SearchAction\",\"target\":{\"@type\":\"EntryPoint\",\"urlTemplate\":\"https:\/\/apuntesdesanluis.com\/?s={search_term_string}\"},\"query-input\":{\"@type\":\"PropertyValueSpecification\",\"valueRequired\":true,\"valueName\":\"search_term_string\"}}],\"inLanguage\":\"es-AR\"},{\"@type\":[\"Person\",\"Organization\"],\"@id\":\"https:\/\/apuntesdesanluis.com\/#\/schema\/person\/b55151d52296fcce64d1a72538a70b90\",\"name\":\"apuntesdesanluis.com\",\"image\":{\"@type\":\"ImageObject\",\"inLanguage\":\"es-AR\",\"@id\":\"https:\/\/apuntesdesanluis.com\/#\/schema\/person\/image\/\",\"url\":\"https:\/\/apuntesdesanluis.com\/wp-content\/uploads\/2023\/07\/cropped-apuntesdesanluis.png\",\"contentUrl\":\"https:\/\/apuntesdesanluis.com\/wp-content\/uploads\/2023\/07\/cropped-apuntesdesanluis.png\",\"width\":450,\"height\":112,\"caption\":\"apuntesdesanluis.com\"},\"logo\":{\"@id\":\"https:\/\/apuntesdesanluis.com\/#\/schema\/person\/image\/\"},\"sameAs\":[\"https:\/\/apuntesdesanluis.com\"],\"url\":\"https:\/\/apuntesdesanluis.com\/index.php\/author\/apuntesdesanluis-com\/\"}]}<\/script>\n<!-- \/ Yoast SEO plugin. -->","yoast_head_json":{"title":"APERTURA DE SESIONES: MILEI AHORA DAR\u00c1 SU DISCURSO ADENTRO DEL CONGRESO Y TENDR\u00c1 \"UN TONO DURO\" - Apuntes de San Luis","robots":{"index":"index","follow":"follow","max-snippet":"max-snippet:-1","max-image-preview":"max-image-preview:large","max-video-preview":"max-video-preview:-1"},"canonical":"https:\/\/apuntesdesanluis.com\/index.php\/2024\/02\/25\/apertura-de-sesiones-milei-ahora-dara-su-discurso-adentro-del-congreso-y-tendra-un-tono-duro\/","og_locale":"es_ES","og_type":"article","og_title":"APERTURA DE SESIONES: MILEI AHORA DAR\u00c1 SU DISCURSO ADENTRO DEL CONGRESO Y TENDR\u00c1 \"UN TONO DURO\" - Apuntes de San Luis","og_description":"Ser\u00e1 en medio del enfrentamiento que mantiene con legisladores y gobernadores tras el naufragio de...","og_url":"https:\/\/apuntesdesanluis.com\/index.php\/2024\/02\/25\/apertura-de-sesiones-milei-ahora-dara-su-discurso-adentro-del-congreso-y-tendra-un-tono-duro\/","og_site_name":"Apuntes de San Luis","article_published_time":"2024-02-25T15:56:25+00:00","article_modified_time":"2024-02-25T15:59:02+00:00","og_image":[{"width":792,"height":484,"url":"https:\/\/apuntesdesanluis.com\/wp-content\/uploads\/2024\/02\/MILEI-FEO.png","type":"image\/png"}],"author":"apuntesdesanluis.com","twitter_card":"summary_large_image","twitter_misc":{"Escrito por":"apuntesdesanluis.com","Tiempo de lectura":"3 minutos"},"schema":{"@context":"https:\/\/schema.org","@graph":[{"@type":"Article","@id":"https:\/\/apuntesdesanluis.com\/index.php\/2024\/02\/25\/apertura-de-sesiones-milei-ahora-dara-su-discurso-adentro-del-congreso-y-tendra-un-tono-duro\/#article","isPartOf":{"@id":"https:\/\/apuntesdesanluis.com\/index.php\/2024\/02\/25\/apertura-de-sesiones-milei-ahora-dara-su-discurso-adentro-del-congreso-y-tendra-un-tono-duro\/"},"author":{"name":"apuntesdesanluis.com","@id":"https:\/\/apuntesdesanluis.com\/#\/schema\/person\/b55151d52296fcce64d1a72538a70b90"},"headline":"APERTURA DE SESIONES: MILEI AHORA DAR\u00c1 SU DISCURSO ADENTRO DEL CONGRESO Y TENDR\u00c1 &#8220;UN TONO DURO&#8221;","datePublished":"2024-02-25T15:56:25+00:00","dateModified":"2024-02-25T15:59:02+00:00","mainEntityOfPage":{"@id":"https:\/\/apuntesdesanluis.com\/index.php\/2024\/02\/25\/apertura-de-sesiones-milei-ahora-dara-su-discurso-adentro-del-congreso-y-tendra-un-tono-duro\/"},"wordCount":668,"publisher":{"@id":"https:\/\/apuntesdesanluis.com\/#\/schema\/person\/b55151d52296fcce64d1a72538a70b90"},"image":{"@id":"https:\/\/apuntesdesanluis.com\/index.php\/2024\/02\/25\/apertura-de-sesiones-milei-ahora-dara-su-discurso-adentro-del-congreso-y-tendra-un-tono-duro\/#primaryimage"},"thumbnailUrl":"https:\/\/apuntesdesanluis.com\/wp-content\/uploads\/2024\/02\/MILEI-FEO.png","articleSection":["Nacionales\/Internacionales"],"inLanguage":"es-AR"},{"@type":"WebPage","@id":"https:\/\/apuntesdesanluis.com\/index.php\/2024\/02\/25\/apertura-de-sesiones-milei-ahora-dara-su-discurso-adentro-del-congreso-y-tendra-un-tono-duro\/","url":"https:\/\/apuntesdesanluis.com\/index.php\/2024\/02\/25\/apertura-de-sesiones-milei-ahora-dara-su-discurso-adentro-del-congreso-y-tendra-un-tono-duro\/","name":"APERTURA DE SESIONES: MILEI AHORA DAR\u00c1 SU DISCURSO ADENTRO DEL CONGRESO Y TENDR\u00c1 \"UN TONO DURO\" - Apuntes de San Luis","isPartOf":{"@id":"https:\/\/apuntesdesanluis.com\/#website"},"primaryImageOfPage":{"@id":"https:\/\/apuntesdesanluis.com\/index.php\/2024\/02\/25\/apertura-de-sesiones-milei-ahora-dara-su-discurso-adentro-del-congreso-y-tendra-un-tono-duro\/#primaryimage"},"image":{"@id":"https:\/\/apuntesdesanluis.com\/index.php\/2024\/02\/25\/apertura-de-sesiones-milei-ahora-dara-su-discurso-adentro-del-congreso-y-tendra-un-tono-duro\/#primaryimage"},"thumbnailUrl":"https:\/\/apuntesdesanluis.com\/wp-content\/uploads\/2024\/02\/MILEI-FEO.png","datePublished":"2024-02-25T15:56:25+00:00","dateModified":"2024-02-25T15:59:02+00:00","breadcrumb":{"@id":"https:\/\/apuntesdesanluis.com\/index.php\/2024\/02\/25\/apertura-de-sesiones-milei-ahora-dara-su-discurso-adentro-del-congreso-y-tendra-un-tono-duro\/#breadcrumb"},"inLanguage":"es-AR","potentialAction":[{"@type":"ReadAction","target":["https:\/\/apuntesdesanluis.com\/index.php\/2024\/02\/25\/apertura-de-sesiones-milei-ahora-dara-su-discurso-adentro-del-congreso-y-tendra-un-tono-duro\/"]}]},{"@type":"ImageObject","inLanguage":"es-AR","@id":"https:\/\/apuntesdesanluis.com\/index.php\/2024\/02\/25\/apertura-de-sesiones-milei-ahora-dara-su-discurso-adentro-del-congreso-y-tendra-un-tono-duro\/#primaryimage","url":"https:\/\/apuntesdesanluis.com\/wp-content\/uploads\/2024\/02\/MILEI-FEO.png","contentUrl":"https:\/\/apuntesdesanluis.com\/wp-content\/uploads\/2024\/02\/MILEI-FEO.png","width":792,"height":484},{"@type":"BreadcrumbList","@id":"https:\/\/apuntesdesanluis.com\/index.php\/2024\/02\/25\/apertura-de-sesiones-milei-ahora-dara-su-discurso-adentro-del-congreso-y-tendra-un-tono-duro\/#breadcrumb","itemListElement":[{"@type":"ListItem","position":1,"name":"Inicio","item":"https:\/\/apuntesdesanluis.com\/"},{"@type":"ListItem","position":2,"name":"APERTURA DE SESIONES: MILEI AHORA DAR\u00c1 SU DISCURSO ADENTRO DEL CONGRESO Y TENDR\u00c1 &#8220;UN TONO DURO&#8221;"}]},{"@type":"WebSite","@id":"https:\/\/apuntesdesanluis.com\/#website","url":"https:\/\/apuntesdesanluis.com\/","name":"Apuntes de San Luis","description":"","publisher":{"@id":"https:\/\/apuntesdesanluis.com\/#\/schema\/person\/b55151d52296fcce64d1a72538a70b90"},"potentialAction":[{"@type":"SearchAction","target":{"@type":"EntryPoint","urlTemplate":"https:\/\/apuntesdesanluis.com\/?s={search_term_string}"},"query-input":{"@type":"PropertyValueSpecification","valueRequired":true,"valueName":"search_term_string"}}],"inLanguage":"es-AR"},{"@type":["Person","Organization"],"@id":"https:\/\/apuntesdesanluis.com\/#\/schema\/person\/b55151d52296fcce64d1a72538a70b90","name":"apuntesdesanluis.com","image":{"@type":"ImageObject","inLanguage":"es-AR","@id":"https:\/\/apuntesdesanluis.com\/#\/schema\/person\/image\/","url":"https:\/\/apuntesdesanluis.com\/wp-content\/uploads\/2023\/07\/cropped-apuntesdesanluis.png","contentUrl":"https:\/\/apuntesdesanluis.com\/wp-content\/uploads\/2023\/07\/cropped-apuntesdesanluis.png","width":450,"height":112,"caption":"apuntesdesanluis.com"},"logo":{"@id":"https:\/\/apuntesdesanluis.com\/#\/schema\/person\/image\/"},"sameAs":["https:\/\/apuntesdesanluis.com"],"url":"https:\/\/apuntesdesanluis.com\/index.php\/author\/apuntesdesanluis-com\/"}]}},"featured_image_urls":{"full":["https:\/\/apuntesdesanluis.com\/wp-content\/uploads\/2024\/02\/MILEI-FEO.png",792,484,false],"thumbnail":["https:\/\/apuntesdesanluis.com\/wp-content\/uploads\/2024\/02\/MILEI-FEO-150x150.png",150,150,true],"medium":["https:\/\/apuntesdesanluis.com\/wp-content\/uploads\/2024\/02\/MILEI-FEO-300x183.png",300,183,true],"medium_large":["https:\/\/apuntesdesanluis.com\/wp-content\/uploads\/2024\/02\/MILEI-FEO-768x469.png",640,391,true],"large":["https:\/\/apuntesdesanluis.com\/wp-content\/uploads\/2024\/02\/MILEI-FEO.png",640,391,false],"1536x1536":["https:\/\/apuntesdesanluis.com\/wp-content\/uploads\/2024\/02\/MILEI-FEO.png",792,484,false],"2048x2048":["https:\/\/apuntesdesanluis.com\/wp-content\/uploads\/2024\/02\/MILEI-FEO.png",792,484,false],"newsever-slider-full":["https:\/\/apuntesdesanluis.com\/wp-content\/uploads\/2024\/02\/MILEI-FEO.png",792,484,false],"newsever-featured":["https:\/\/apuntesdesanluis.com\/wp-content\/uploads\/2024\/02\/MILEI-FEO.png",792,484,false],"newsever-medium":["https:\/\/apuntesdesanluis.com\/wp-content\/uploads\/2024\/02\/MILEI-FEO-720x475.png",720,475,true]},"author_info":{"display_name":"apuntesdesanluis.com","author_link":"https:\/\/apuntesdesanluis.com\/index.php\/author\/apuntesdesanluis-com\/"},"category_info":"<a href=\"https:\/\/apuntesdesanluis.com\/index.php\/category\/nacionales-internacionales\/\" rel=\"category tag\">Nacionales\/Internacionales<\/a>","tag_info":"Nacionales\/Internacionales","comment_count":"0","_links":{"self":[{"href":"https:\/\/apuntesdesanluis.com\/index.php\/wp-json\/wp\/v2\/posts\/12242","targetHints":{"allow":["GET"]}}],"collection":[{"href":"https:\/\/apuntesdesanluis.com\/index.php\/wp-json\/wp\/v2\/posts"}],"about":[{"href":"https:\/\/apuntesdesanluis.com\/index.php\/wp-json\/wp\/v2\/types\/post"}],"author":[{"embeddable":true,"href":"https:\/\/apuntesdesanluis.com\/index.php\/wp-json\/wp\/v2\/users\/1"}],"replies":[{"embeddable":true,"href":"https:\/\/apuntesdesanluis.com\/index.php\/wp-json\/wp\/v2\/comments?post=12242"}],"version-history":[{"count":2,"href":"https:\/\/apuntesdesanluis.com\/index.php\/wp-json\/wp\/v2\/posts\/12242\/revisions"}],"predecessor-version":[{"id":12245,"href":"https:\/\/apuntesdesanluis.com\/index.php\/wp-json\/wp\/v2\/posts\/12242\/revisions\/12245"}],"wp:featuredmedia":[{"embeddable":true,"href":"https:\/\/apuntesdesanluis.com\/index.php\/wp-json\/wp\/v2\/media\/12243"}],"wp:attachment":[{"href":"https:\/\/apuntesdesanluis.com\/index.php\/wp-json\/wp\/v2\/media?parent=12242"}],"wp:term":[{"taxonomy":"category","embeddable":true,"href":"https:\/\/apuntesdesanluis.com\/index.php\/wp-json\/wp\/v2\/categories?post=12242"},{"taxonomy":"post_tag","embeddable":true,"href":"https:\/\/apuntesdesanluis.com\/index.php\/wp-json\/wp\/v2\/tags?post=12242"}],"curies":[{"name":"wp","href":"https:\/\/api.w.org\/{rel}","templated":true}]}}