{"id":12246,"date":"2024-02-25T17:30:28","date_gmt":"2024-02-25T20:30:28","guid":{"rendered":"https:\/\/apuntesdesanluis.com\/?p=12246"},"modified":"2024-02-25T17:33:12","modified_gmt":"2024-02-25T20:33:12","slug":"fallecio-un-joven-a-quien-acuchillaron-para-robarle-su-moto","status":"publish","type":"post","link":"https:\/\/apuntesdesanluis.com\/index.php\/2024\/02\/25\/fallecio-un-joven-a-quien-acuchillaron-para-robarle-su-moto\/","title":{"rendered":"FALLECI\u00d3 UN JOVEN A QUIEN ACUCHILLARON PARA ROBARLE SU MOTO"},"content":{"rendered":"<h3>La Polic\u00eda investiga el hecho que se produjo este domingo por la madrugada en la ciudad de Villa Mercedes.<\/h3>\n<h3>De acuerdo a las averiguaciones policiales, un hombre de 27 a\u00f1os de nombre <strong>Jes\u00fas Mu\u00f1oz<\/strong> se encontraba junto a una amiga en una plazoleta ubicada en calles Jujuy y Pedro B. D\u00edaz, en el barrio de las 1.000 Viviendas de esta ciudad.<\/h3>\n<p><img fetchpriority=\"high\" decoding=\"async\" class=\"wp-image-12247 aligncenter\" src=\"https:\/\/apuntesdesanluis.com\/wp-content\/uploads\/2024\/02\/munoz-300x183.png\" alt=\"\" width=\"649\" height=\"396\" srcset=\"https:\/\/apuntesdesanluis.com\/wp-content\/uploads\/2024\/02\/munoz-300x183.png 300w, https:\/\/apuntesdesanluis.com\/wp-content\/uploads\/2024\/02\/munoz.png 668w\" sizes=\"(max-width: 649px) 100vw, 649px\" \/><\/p>\n<h3>Cerca de las 02:30 h, cuando se estaban por retirar del lugar, fueron abordados por tres delincuentes en moto que le exigieron al hombre que les entregara su moto.<\/h3>\n<h3>En ese momento habr\u00eda comenzado una pelea entre \u00e9l y los delincuentes, quienes en medio del altercado le produjeron varias heridas con un arma blanca. Luego de esto, los delincuentes huyeron con la moto.<\/h3>\n<h3>Al lugar lleg\u00f3 una ambulancia del SEMPRO, cuyo personal m\u00e9dico traslad\u00f3 al joven al Policl\u00ednico \u201cJuan Domingo Per\u00f3n\u201d, pero debido a las heridas que sufri\u00f3, falleci\u00f3 en ese centro de salud.<\/h3>\n<h3>En el caso est\u00e1 trabajando Homicidios de la Polic\u00eda como as\u00ed tambi\u00e9n la Fiscal\u00eda de turno de la Segunda Circunscripci\u00f3n Judicial en las diferentes tareas investigativas.<\/h3>\n<p>&nbsp;<\/p>\n<p>&nbsp;<\/p>\n","protected":false},"excerpt":{"rendered":"<p>La Polic\u00eda investiga el hecho que se produjo este domingo por la madrugada en la&#8230;<\/p>\n","protected":false},"author":1,"featured_media":10185,"comment_status":"closed","ping_status":"closed","sticky":false,"template":"","format":"standard","meta":{"footnotes":""},"categories":[6],"tags":[],"class_list":["post-12246","post","type-post","status-publish","format-standard","has-post-thumbnail","hentry","category-ciudad-provincia"],"yoast_head":"<!-- This site is optimized with the Yoast SEO plugin v26.1.1 - https:\/\/yoast.com\/wordpress\/plugins\/seo\/ -->\n<title>FALLECI\u00d3 UN JOVEN A QUIEN ACUCHILLARON PARA ROBARLE SU MOTO - Apuntes de San Luis<\/title>\n<meta name=\"robots\" content=\"index, follow, max-snippet:-1, max-image-preview:large, max-video-preview:-1\" \/>\n<link rel=\"canonical\" href=\"https:\/\/apuntesdesanluis.com\/index.php\/2024\/02\/25\/fallecio-un-joven-a-quien-acuchillaron-para-robarle-su-moto\/\" \/>\n<meta property=\"og:locale\" content=\"es_ES\" \/>\n<meta property=\"og:type\" content=\"article\" \/>\n<meta property=\"og:title\" content=\"FALLECI\u00d3 UN JOVEN A QUIEN ACUCHILLARON PARA ROBARLE SU MOTO - Apuntes de San Luis\" \/>\n<meta property=\"og:description\" content=\"La Polic\u00eda investiga el hecho que se produjo este domingo por la madrugada en la...\" \/>\n<meta property=\"og:url\" content=\"https:\/\/apuntesdesanluis.com\/index.php\/2024\/02\/25\/fallecio-un-joven-a-quien-acuchillaron-para-robarle-su-moto\/\" \/>\n<meta property=\"og:site_name\" content=\"Apuntes de San Luis\" \/>\n<meta property=\"article:published_time\" content=\"2024-02-25T20:30:28+00:00\" \/>\n<meta property=\"article:modified_time\" content=\"2024-02-25T20:33:12+00:00\" \/>\n<meta property=\"og:image\" content=\"https:\/\/apuntesdesanluis.com\/wp-content\/uploads\/2024\/01\/POLICLINICO.png\" \/>\n\t<meta property=\"og:image:width\" content=\"600\" \/>\n\t<meta property=\"og:image:height\" content=\"352\" \/>\n\t<meta property=\"og:image:type\" content=\"image\/png\" \/>\n<meta name=\"author\" content=\"apuntesdesanluis.com\" \/>\n<meta name=\"twitter:card\" content=\"summary_large_image\" \/>\n<meta name=\"twitter:label1\" content=\"Escrito por\" \/>\n\t<meta name=\"twitter:data1\" content=\"apuntesdesanluis.com\" \/>\n\t<meta name=\"twitter:label2\" content=\"Tiempo de lectura\" \/>\n\t<meta name=\"twitter:data2\" content=\"2 minutos\" \/>\n<script type=\"application\/ld+json\" class=\"yoast-schema-graph\">{\"@context\":\"https:\/\/schema.org\",\"@graph\":[{\"@type\":\"Article\",\"@id\":\"https:\/\/apuntesdesanluis.com\/index.php\/2024\/02\/25\/fallecio-un-joven-a-quien-acuchillaron-para-robarle-su-moto\/#article\",\"isPartOf\":{\"@id\":\"https:\/\/apuntesdesanluis.com\/index.php\/2024\/02\/25\/fallecio-un-joven-a-quien-acuchillaron-para-robarle-su-moto\/\"},\"author\":{\"name\":\"apuntesdesanluis.com\",\"@id\":\"https:\/\/apuntesdesanluis.com\/#\/schema\/person\/b55151d52296fcce64d1a72538a70b90\"},\"headline\":\"FALLECI\u00d3 UN JOVEN A QUIEN ACUCHILLARON PARA ROBARLE SU MOTO\",\"datePublished\":\"2024-02-25T20:30:28+00:00\",\"dateModified\":\"2024-02-25T20:33:12+00:00\",\"mainEntityOfPage\":{\"@id\":\"https:\/\/apuntesdesanluis.com\/index.php\/2024\/02\/25\/fallecio-un-joven-a-quien-acuchillaron-para-robarle-su-moto\/\"},\"wordCount\":203,\"publisher\":{\"@id\":\"https:\/\/apuntesdesanluis.com\/#\/schema\/person\/b55151d52296fcce64d1a72538a70b90\"},\"image\":{\"@id\":\"https:\/\/apuntesdesanluis.com\/index.php\/2024\/02\/25\/fallecio-un-joven-a-quien-acuchillaron-para-robarle-su-moto\/#primaryimage\"},\"thumbnailUrl\":\"https:\/\/apuntesdesanluis.com\/wp-content\/uploads\/2024\/01\/POLICLINICO.png\",\"articleSection\":[\"Ciudad\/Provincia\"],\"inLanguage\":\"es-AR\"},{\"@type\":\"WebPage\",\"@id\":\"https:\/\/apuntesdesanluis.com\/index.php\/2024\/02\/25\/fallecio-un-joven-a-quien-acuchillaron-para-robarle-su-moto\/\",\"url\":\"https:\/\/apuntesdesanluis.com\/index.php\/2024\/02\/25\/fallecio-un-joven-a-quien-acuchillaron-para-robarle-su-moto\/\",\"name\":\"FALLECI\u00d3 UN JOVEN A QUIEN ACUCHILLARON PARA ROBARLE SU MOTO - Apuntes de San Luis\",\"isPartOf\":{\"@id\":\"https:\/\/apuntesdesanluis.com\/#website\"},\"primaryImageOfPage\":{\"@id\":\"https:\/\/apuntesdesanluis.com\/index.php\/2024\/02\/25\/fallecio-un-joven-a-quien-acuchillaron-para-robarle-su-moto\/#primaryimage\"},\"image\":{\"@id\":\"https:\/\/apuntesdesanluis.com\/index.php\/2024\/02\/25\/fallecio-un-joven-a-quien-acuchillaron-para-robarle-su-moto\/#primaryimage\"},\"thumbnailUrl\":\"https:\/\/apuntesdesanluis.com\/wp-content\/uploads\/2024\/01\/POLICLINICO.png\",\"datePublished\":\"2024-02-25T20:30:28+00:00\",\"dateModified\":\"2024-02-25T20:33:12+00:00\",\"breadcrumb\":{\"@id\":\"https:\/\/apuntesdesanluis.com\/index.php\/2024\/02\/25\/fallecio-un-joven-a-quien-acuchillaron-para-robarle-su-moto\/#breadcrumb\"},\"inLanguage\":\"es-AR\",\"potentialAction\":[{\"@type\":\"ReadAction\",\"target\":[\"https:\/\/apuntesdesanluis.com\/index.php\/2024\/02\/25\/fallecio-un-joven-a-quien-acuchillaron-para-robarle-su-moto\/\"]}]},{\"@type\":\"ImageObject\",\"inLanguage\":\"es-AR\",\"@id\":\"https:\/\/apuntesdesanluis.com\/index.php\/2024\/02\/25\/fallecio-un-joven-a-quien-acuchillaron-para-robarle-su-moto\/#primaryimage\",\"url\":\"https:\/\/apuntesdesanluis.com\/wp-content\/uploads\/2024\/01\/POLICLINICO.png\",\"contentUrl\":\"https:\/\/apuntesdesanluis.com\/wp-content\/uploads\/2024\/01\/POLICLINICO.png\",\"width\":600,\"height\":352},{\"@type\":\"BreadcrumbList\",\"@id\":\"https:\/\/apuntesdesanluis.com\/index.php\/2024\/02\/25\/fallecio-un-joven-a-quien-acuchillaron-para-robarle-su-moto\/#breadcrumb\",\"itemListElement\":[{\"@type\":\"ListItem\",\"position\":1,\"name\":\"Inicio\",\"item\":\"https:\/\/apuntesdesanluis.com\/\"},{\"@type\":\"ListItem\",\"position\":2,\"name\":\"FALLECI\u00d3 UN JOVEN A QUIEN ACUCHILLARON PARA ROBARLE SU MOTO\"}]},{\"@type\":\"WebSite\",\"@id\":\"https:\/\/apuntesdesanluis.com\/#website\",\"url\":\"https:\/\/apuntesdesanluis.com\/\",\"name\":\"Apuntes de San Luis\",\"description\":\"\",\"publisher\":{\"@id\":\"https:\/\/apuntesdesanluis.com\/#\/schema\/person\/b55151d52296fcce64d1a72538a70b90\"},\"potentialAction\":[{\"@type\":\"SearchAction\",\"target\":{\"@type\":\"EntryPoint\",\"urlTemplate\":\"https:\/\/apuntesdesanluis.com\/?s={search_term_string}\"},\"query-input\":{\"@type\":\"PropertyValueSpecification\",\"valueRequired\":true,\"valueName\":\"search_term_string\"}}],\"inLanguage\":\"es-AR\"},{\"@type\":[\"Person\",\"Organization\"],\"@id\":\"https:\/\/apuntesdesanluis.com\/#\/schema\/person\/b55151d52296fcce64d1a72538a70b90\",\"name\":\"apuntesdesanluis.com\",\"image\":{\"@type\":\"ImageObject\",\"inLanguage\":\"es-AR\",\"@id\":\"https:\/\/apuntesdesanluis.com\/#\/schema\/person\/image\/\",\"url\":\"https:\/\/apuntesdesanluis.com\/wp-content\/uploads\/2023\/07\/cropped-apuntesdesanluis.png\",\"contentUrl\":\"https:\/\/apuntesdesanluis.com\/wp-content\/uploads\/2023\/07\/cropped-apuntesdesanluis.png\",\"width\":450,\"height\":112,\"caption\":\"apuntesdesanluis.com\"},\"logo\":{\"@id\":\"https:\/\/apuntesdesanluis.com\/#\/schema\/person\/image\/\"},\"sameAs\":[\"https:\/\/apuntesdesanluis.com\"],\"url\":\"https:\/\/apuntesdesanluis.com\/index.php\/author\/apuntesdesanluis-com\/\"}]}<\/script>\n<!-- \/ Yoast SEO plugin. -->","yoast_head_json":{"title":"FALLECI\u00d3 UN JOVEN A QUIEN ACUCHILLARON PARA ROBARLE SU MOTO - Apuntes de San Luis","robots":{"index":"index","follow":"follow","max-snippet":"max-snippet:-1","max-image-preview":"max-image-preview:large","max-video-preview":"max-video-preview:-1"},"canonical":"https:\/\/apuntesdesanluis.com\/index.php\/2024\/02\/25\/fallecio-un-joven-a-quien-acuchillaron-para-robarle-su-moto\/","og_locale":"es_ES","og_type":"article","og_title":"FALLECI\u00d3 UN JOVEN A QUIEN ACUCHILLARON PARA ROBARLE SU MOTO - Apuntes de San Luis","og_description":"La Polic\u00eda investiga el hecho que se produjo este domingo por la madrugada en la...","og_url":"https:\/\/apuntesdesanluis.com\/index.php\/2024\/02\/25\/fallecio-un-joven-a-quien-acuchillaron-para-robarle-su-moto\/","og_site_name":"Apuntes de San Luis","article_published_time":"2024-02-25T20:30:28+00:00","article_modified_time":"2024-02-25T20:33:12+00:00","og_image":[{"width":600,"height":352,"url":"https:\/\/apuntesdesanluis.com\/wp-content\/uploads\/2024\/01\/POLICLINICO.png","type":"image\/png"}],"author":"apuntesdesanluis.com","twitter_card":"summary_large_image","twitter_misc":{"Escrito por":"apuntesdesanluis.com","Tiempo de lectura":"2 minutos"},"schema":{"@context":"https:\/\/schema.org","@graph":[{"@type":"Article","@id":"https:\/\/apuntesdesanluis.com\/index.php\/2024\/02\/25\/fallecio-un-joven-a-quien-acuchillaron-para-robarle-su-moto\/#article","isPartOf":{"@id":"https:\/\/apuntesdesanluis.com\/index.php\/2024\/02\/25\/fallecio-un-joven-a-quien-acuchillaron-para-robarle-su-moto\/"},"author":{"name":"apuntesdesanluis.com","@id":"https:\/\/apuntesdesanluis.com\/#\/schema\/person\/b55151d52296fcce64d1a72538a70b90"},"headline":"FALLECI\u00d3 UN JOVEN A QUIEN ACUCHILLARON PARA ROBARLE SU MOTO","datePublished":"2024-02-25T20:30:28+00:00","dateModified":"2024-02-25T20:33:12+00:00","mainEntityOfPage":{"@id":"https:\/\/apuntesdesanluis.com\/index.php\/2024\/02\/25\/fallecio-un-joven-a-quien-acuchillaron-para-robarle-su-moto\/"},"wordCount":203,"publisher":{"@id":"https:\/\/apuntesdesanluis.com\/#\/schema\/person\/b55151d52296fcce64d1a72538a70b90"},"image":{"@id":"https:\/\/apuntesdesanluis.com\/index.php\/2024\/02\/25\/fallecio-un-joven-a-quien-acuchillaron-para-robarle-su-moto\/#primaryimage"},"thumbnailUrl":"https:\/\/apuntesdesanluis.com\/wp-content\/uploads\/2024\/01\/POLICLINICO.png","articleSection":["Ciudad\/Provincia"],"inLanguage":"es-AR"},{"@type":"WebPage","@id":"https:\/\/apuntesdesanluis.com\/index.php\/2024\/02\/25\/fallecio-un-joven-a-quien-acuchillaron-para-robarle-su-moto\/","url":"https:\/\/apuntesdesanluis.com\/index.php\/2024\/02\/25\/fallecio-un-joven-a-quien-acuchillaron-para-robarle-su-moto\/","name":"FALLECI\u00d3 UN JOVEN A QUIEN ACUCHILLARON PARA ROBARLE SU MOTO - Apuntes de San Luis","isPartOf":{"@id":"https:\/\/apuntesdesanluis.com\/#website"},"primaryImageOfPage":{"@id":"https:\/\/apuntesdesanluis.com\/index.php\/2024\/02\/25\/fallecio-un-joven-a-quien-acuchillaron-para-robarle-su-moto\/#primaryimage"},"image":{"@id":"https:\/\/apuntesdesanluis.com\/index.php\/2024\/02\/25\/fallecio-un-joven-a-quien-acuchillaron-para-robarle-su-moto\/#primaryimage"},"thumbnailUrl":"https:\/\/apuntesdesanluis.com\/wp-content\/uploads\/2024\/01\/POLICLINICO.png","datePublished":"2024-02-25T20:30:28+00:00","dateModified":"2024-02-25T20:33:12+00:00","breadcrumb":{"@id":"https:\/\/apuntesdesanluis.com\/index.php\/2024\/02\/25\/fallecio-un-joven-a-quien-acuchillaron-para-robarle-su-moto\/#breadcrumb"},"inLanguage":"es-AR","potentialAction":[{"@type":"ReadAction","target":["https:\/\/apuntesdesanluis.com\/index.php\/2024\/02\/25\/fallecio-un-joven-a-quien-acuchillaron-para-robarle-su-moto\/"]}]},{"@type":"ImageObject","inLanguage":"es-AR","@id":"https:\/\/apuntesdesanluis.com\/index.php\/2024\/02\/25\/fallecio-un-joven-a-quien-acuchillaron-para-robarle-su-moto\/#primaryimage","url":"https:\/\/apuntesdesanluis.com\/wp-content\/uploads\/2024\/01\/POLICLINICO.png","contentUrl":"https:\/\/apuntesdesanluis.com\/wp-content\/uploads\/2024\/01\/POLICLINICO.png","width":600,"height":352},{"@type":"BreadcrumbList","@id":"https:\/\/apuntesdesanluis.com\/index.php\/2024\/02\/25\/fallecio-un-joven-a-quien-acuchillaron-para-robarle-su-moto\/#breadcrumb","itemListElement":[{"@type":"ListItem","position":1,"name":"Inicio","item":"https:\/\/apuntesdesanluis.com\/"},{"@type":"ListItem","position":2,"name":"FALLECI\u00d3 UN JOVEN A QUIEN ACUCHILLARON PARA ROBARLE SU MOTO"}]},{"@type":"WebSite","@id":"https:\/\/apuntesdesanluis.com\/#website","url":"https:\/\/apuntesdesanluis.com\/","name":"Apuntes de San Luis","description":"","publisher":{"@id":"https:\/\/apuntesdesanluis.com\/#\/schema\/person\/b55151d52296fcce64d1a72538a70b90"},"potentialAction":[{"@type":"SearchAction","target":{"@type":"EntryPoint","urlTemplate":"https:\/\/apuntesdesanluis.com\/?s={search_term_string}"},"query-input":{"@type":"PropertyValueSpecification","valueRequired":true,"valueName":"search_term_string"}}],"inLanguage":"es-AR"},{"@type":["Person","Organization"],"@id":"https:\/\/apuntesdesanluis.com\/#\/schema\/person\/b55151d52296fcce64d1a72538a70b90","name":"apuntesdesanluis.com","image":{"@type":"ImageObject","inLanguage":"es-AR","@id":"https:\/\/apuntesdesanluis.com\/#\/schema\/person\/image\/","url":"https:\/\/apuntesdesanluis.com\/wp-content\/uploads\/2023\/07\/cropped-apuntesdesanluis.png","contentUrl":"https:\/\/apuntesdesanluis.com\/wp-content\/uploads\/2023\/07\/cropped-apuntesdesanluis.png","width":450,"height":112,"caption":"apuntesdesanluis.com"},"logo":{"@id":"https:\/\/apuntesdesanluis.com\/#\/schema\/person\/image\/"},"sameAs":["https:\/\/apuntesdesanluis.com"],"url":"https:\/\/apuntesdesanluis.com\/index.php\/author\/apuntesdesanluis-com\/"}]}},"featured_image_urls":{"full":["https:\/\/apuntesdesanluis.com\/wp-content\/uploads\/2024\/01\/POLICLINICO.png",600,352,false],"thumbnail":["https:\/\/apuntesdesanluis.com\/wp-content\/uploads\/2024\/01\/POLICLINICO-150x150.png",150,150,true],"medium":["https:\/\/apuntesdesanluis.com\/wp-content\/uploads\/2024\/01\/POLICLINICO-300x176.png",300,176,true],"medium_large":["https:\/\/apuntesdesanluis.com\/wp-content\/uploads\/2024\/01\/POLICLINICO.png",600,352,false],"large":["https:\/\/apuntesdesanluis.com\/wp-content\/uploads\/2024\/01\/POLICLINICO.png",600,352,false],"1536x1536":["https:\/\/apuntesdesanluis.com\/wp-content\/uploads\/2024\/01\/POLICLINICO.png",600,352,false],"2048x2048":["https:\/\/apuntesdesanluis.com\/wp-content\/uploads\/2024\/01\/POLICLINICO.png",600,352,false],"newsever-slider-full":["https:\/\/apuntesdesanluis.com\/wp-content\/uploads\/2024\/01\/POLICLINICO.png",600,352,false],"newsever-featured":["https:\/\/apuntesdesanluis.com\/wp-content\/uploads\/2024\/01\/POLICLINICO.png",600,352,false],"newsever-medium":["https:\/\/apuntesdesanluis.com\/wp-content\/uploads\/2024\/01\/POLICLINICO.png",600,352,false]},"author_info":{"display_name":"apuntesdesanluis.com","author_link":"https:\/\/apuntesdesanluis.com\/index.php\/author\/apuntesdesanluis-com\/"},"category_info":"<a href=\"https:\/\/apuntesdesanluis.com\/index.php\/category\/ciudad-provincia\/\" rel=\"category tag\">Ciudad\/Provincia<\/a>","tag_info":"Ciudad\/Provincia","comment_count":"0","_links":{"self":[{"href":"https:\/\/apuntesdesanluis.com\/index.php\/wp-json\/wp\/v2\/posts\/12246","targetHints":{"allow":["GET"]}}],"collection":[{"href":"https:\/\/apuntesdesanluis.com\/index.php\/wp-json\/wp\/v2\/posts"}],"about":[{"href":"https:\/\/apuntesdesanluis.com\/index.php\/wp-json\/wp\/v2\/types\/post"}],"author":[{"embeddable":true,"href":"https:\/\/apuntesdesanluis.com\/index.php\/wp-json\/wp\/v2\/users\/1"}],"replies":[{"embeddable":true,"href":"https:\/\/apuntesdesanluis.com\/index.php\/wp-json\/wp\/v2\/comments?post=12246"}],"version-history":[{"count":3,"href":"https:\/\/apuntesdesanluis.com\/index.php\/wp-json\/wp\/v2\/posts\/12246\/revisions"}],"predecessor-version":[{"id":12250,"href":"https:\/\/apuntesdesanluis.com\/index.php\/wp-json\/wp\/v2\/posts\/12246\/revisions\/12250"}],"wp:featuredmedia":[{"embeddable":true,"href":"https:\/\/apuntesdesanluis.com\/index.php\/wp-json\/wp\/v2\/media\/10185"}],"wp:attachment":[{"href":"https:\/\/apuntesdesanluis.com\/index.php\/wp-json\/wp\/v2\/media?parent=12246"}],"wp:term":[{"taxonomy":"category","embeddable":true,"href":"https:\/\/apuntesdesanluis.com\/index.php\/wp-json\/wp\/v2\/categories?post=12246"},{"taxonomy":"post_tag","embeddable":true,"href":"https:\/\/apuntesdesanluis.com\/index.php\/wp-json\/wp\/v2\/tags?post=12246"}],"curies":[{"name":"wp","href":"https:\/\/api.w.org\/{rel}","templated":true}]}}