{"id":12251,"date":"2024-02-25T18:03:50","date_gmt":"2024-02-25T21:03:50","guid":{"rendered":"https:\/\/apuntesdesanluis.com\/?p=12251"},"modified":"2024-02-25T18:03:50","modified_gmt":"2024-02-25T21:03:50","slug":"se-recuperan-los-siete-abuelos-rescatados-de-un-geriatrico-clandestino","status":"publish","type":"post","link":"https:\/\/apuntesdesanluis.com\/index.php\/2024\/02\/25\/se-recuperan-los-siete-abuelos-rescatados-de-un-geriatrico-clandestino\/","title":{"rendered":"SE RECUPERAN LOS SIETE ABUELOS RESCATADOS DE UN GERI\u00c1TRICO CLANDESTINO"},"content":{"rendered":"<h3>El procedimiento fue llevado a cabo en las \u00faltimas horas del viernes en una vivienda de la manzana Z del barrio Eva Per\u00f3n de la ciudad de San Luis, y fue el desarrollo de un trabajo en conjunto entre personal del Ministerio de Salud y efectivos policiales de la Comisar\u00eda Seccional 39\u00b0.<\/h3>\n<h3>Tom\u00f3 intervenci\u00f3n la Fiscal\u00eda de Instrucci\u00f3n N\u00b0 4, a cargo de la Dra. Mar\u00eda del Valle Dur\u00e1n.<\/h3>\n<h3>Los efectivos realizaron por orden de la fiscal\u00eda interviniente un allanamiento, encontrando siete personas mayores de edad, una mujer de 61 a\u00f1os y seis hombres de entre 60 y 76 a\u00f1os de edad. En ese sentido, los actuantes pusieron en resguardo a los ancianos.<\/h3>\n<h3>Seg\u00fan se pudo corroborar, luego de ser examinadas por personal de salud del SEMPRO, las personas presentaban signos de deshidrataci\u00f3n y desnutrici\u00f3n y lesiones en algunos casos.<\/h3>\n<h3>Los adultos mayores fueron derivados a los hospitales Central \u201cDr. Ram\u00f3n Carrillo\u201d, del Sur y Cerro de la Cruz.<\/h3>\n<h3>En la vivienda, fue detenida una mujer de unos 65 a\u00f1os de edad, quien fue puesta a disposici\u00f3n de la Justicia y trasladada a las celdas disciplinarias de mencionada dependencia policial.<\/h3>\n<h3>En sede policial fueron labradas actuaciones caratuladas preventivamente \u201caveriguaci\u00f3n abandono de personas-lesiones\u201d.<\/h3>\n<p><img fetchpriority=\"high\" decoding=\"async\" class=\"wp-image-2441 aligncenter\" src=\"https:\/\/apuntesdesanluis.com\/wp-content\/uploads\/2023\/08\/HOSPITAL-RAMON-CARRILLO-300x203.png\" alt=\"\" width=\"538\" height=\"364\" srcset=\"https:\/\/apuntesdesanluis.com\/wp-content\/uploads\/2023\/08\/HOSPITAL-RAMON-CARRILLO-300x203.png 300w, https:\/\/apuntesdesanluis.com\/wp-content\/uploads\/2023\/08\/HOSPITAL-RAMON-CARRILLO.png 619w\" sizes=\"(max-width: 538px) 100vw, 538px\" \/><\/p>\n<h3><strong>PARTES M\u00c9DICOS<\/strong><\/h3>\n<h3>Esta tarde se dieron a conocer dos partes m\u00e9dicos referidos al estado de los adultos mayores.<\/h3>\n<h3>Por un lado, del Hospital Central \u201cDoctor Ram\u00f3n Carrillo\u201d, el Ministerio de Salud inform\u00f3 el estado de salud del paciente masculino O.P de 69 a\u00f1os que ingres\u00f3 por la guardia del Hospital Central \u201cDoctor Ram\u00f3n Carrillo\u201d el viernes 23 de febrero del 2024 por la noche.<\/h3>\n<h3>\u201cIngres\u00f3 en regular a mal estado en general, con mala higiene, postrado, en cuadro de excitaci\u00f3n psicomotriz, desorientado, sin poder aportar datos de sus \u00a0antecedentes m\u00e9dicos y desconoci\u00e9ndose si toma medicaci\u00f3n. Se lo ingres\u00f3 a internaci\u00f3n en el sector de cuidados moderados, realiz\u00e1ndosele estudios de rutina y TAC de cerebro, que reflej\u00f3 una atrofia cerebral marcada y signos de isquemia cr\u00f3nicos. Se lo higieniz\u00f3, se le coloc\u00f3 hidrataci\u00f3n venosa con medicaci\u00f3n para controlar su estado de excitaci\u00f3n, y sonda vesical. Buena respuesta al tratamiento.<\/h3>\n<h3>El paciente masculino A.E de 61 a\u00f1os ingres\u00f3 tambi\u00e9n por la guardia del Hospital Central \u201cDoctor Ram\u00f3n Carrillo\u201d el viernes 23 de febrero del 2024 por la noche, en regular a mal estado general y con bolsa de colostom\u00eda (que en el domicilio se hab\u00eda constatado con moscas y al ingreso al hospital ya hab\u00eda sido cambiada por una nueva). Tiene antecedente de cirug\u00eda intestinal por un tumor en marzo del 2023 (por registro del hospital) y no puede expresar otros antecedentes y si toma alguna medicaci\u00f3n. No camina, usa pa\u00f1ales y presenta signos de atrofia muscular generalizada. Ingres\u00f3 parcialmente orientado, con signos de deshidrataci\u00f3n y mal nutrici\u00f3n. Se le practicaron estudios de rutina, encontr\u00e1ndose una anemia moderada. Se lo higieniz\u00f3 y se indic\u00f3 el tratamiento correspondiente.<\/h3>\n<h3>En un segundo comunicado del Ministerio de Salud se inform\u00f3 el estado de salud de los pacientes que ingresaron al Hospital del Sur (V.Q, F.R y S.I) y al Hospital Cerro de la Cruz (un paciente masculino y un paciente femenino) el viernes 23 de febrero del 2024 por la noche.<\/h3>\n<h3>Todos ingresaron sin patolog\u00eda aguda pero en malas condiciones de higiene y deshidrataci\u00f3n leve, con signos de desnutrici\u00f3n y atrofia muscular la mayor\u00eda de ellos. La paciente femenina es sordomuda y uno de los pacientes masculinos tiene ceguera. A todos se les realizaron estudios m\u00e9dicos y de laboratorio de rutina y\u00a0algunos requirieron hidrataci\u00f3n venosa. Se los higieniz\u00f3, se les dio de comer y se los asisti\u00f3 con ropa que cada \u00a0hospital tiene en su \u201cRoperito Comunitario\u201d.<\/h3>\n<h3>El Ministerio de Salud indic\u00f3 la provisi\u00f3n de todas las comidas diarias. Tambi\u00e9n destac\u00f3 la atenci\u00f3n humanitaria de los trabajadores de ambos hospitales para la contenci\u00f3n de los abuelos, y la buena disposici\u00f3n de PAMI (dado que casi todos ellos pertenecen a esa obra social) para poder reasignarles otro lugar adecuado a estos adultos mayores.<\/h3>\n<h3>Se inform\u00f3 tambi\u00e9n que se acercaron algunos familiares que fueron avisados por personal policial de la situaci\u00f3n y la disposici\u00f3n de una familia solidaria que ofreci\u00f3 sus servicios.<\/h3>\n<h3>Estos cincos pacientes ya est\u00e1n en condiciones de ser reasignados a una nueva residencia y se espera la autorizaci\u00f3n judicial correspondiente.<\/h3>\n<h3>(Imagen: Gentileza Mediador en Red)<\/h3>\n<p>&nbsp;<\/p>\n<p>&nbsp;<\/p>\n<p>&nbsp;<\/p>\n","protected":false},"excerpt":{"rendered":"<p>El procedimiento fue llevado a cabo en las \u00faltimas horas del viernes en una vivienda&#8230;<\/p>\n","protected":false},"author":1,"featured_media":12252,"comment_status":"closed","ping_status":"closed","sticky":false,"template":"","format":"standard","meta":{"footnotes":""},"categories":[6],"tags":[],"class_list":["post-12251","post","type-post","status-publish","format-standard","has-post-thumbnail","hentry","category-ciudad-provincia"],"yoast_head":"<!-- This site is optimized with the Yoast SEO plugin v26.1.1 - https:\/\/yoast.com\/wordpress\/plugins\/seo\/ -->\n<title>SE RECUPERAN LOS SIETE ABUELOS RESCATADOS DE UN GERI\u00c1TRICO CLANDESTINO - Apuntes de San Luis<\/title>\n<meta name=\"robots\" content=\"index, follow, max-snippet:-1, max-image-preview:large, max-video-preview:-1\" \/>\n<link rel=\"canonical\" href=\"https:\/\/apuntesdesanluis.com\/index.php\/2024\/02\/25\/se-recuperan-los-siete-abuelos-rescatados-de-un-geriatrico-clandestino\/\" \/>\n<meta property=\"og:locale\" content=\"es_ES\" \/>\n<meta property=\"og:type\" content=\"article\" \/>\n<meta property=\"og:title\" content=\"SE RECUPERAN LOS SIETE ABUELOS RESCATADOS DE UN GERI\u00c1TRICO CLANDESTINO - Apuntes de San Luis\" \/>\n<meta property=\"og:description\" content=\"El procedimiento fue llevado a cabo en las \u00faltimas horas del viernes en una vivienda...\" \/>\n<meta property=\"og:url\" content=\"https:\/\/apuntesdesanluis.com\/index.php\/2024\/02\/25\/se-recuperan-los-siete-abuelos-rescatados-de-un-geriatrico-clandestino\/\" \/>\n<meta property=\"og:site_name\" content=\"Apuntes de San Luis\" \/>\n<meta property=\"article:published_time\" content=\"2024-02-25T21:03:50+00:00\" \/>\n<meta property=\"og:image\" content=\"https:\/\/apuntesdesanluis.com\/wp-content\/uploads\/2024\/02\/geriatrico.png\" \/>\n\t<meta property=\"og:image:width\" content=\"369\" \/>\n\t<meta property=\"og:image:height\" content=\"229\" \/>\n\t<meta property=\"og:image:type\" content=\"image\/png\" \/>\n<meta name=\"author\" content=\"apuntesdesanluis.com\" \/>\n<meta name=\"twitter:card\" content=\"summary_large_image\" \/>\n<meta name=\"twitter:label1\" content=\"Escrito por\" \/>\n\t<meta name=\"twitter:data1\" content=\"apuntesdesanluis.com\" \/>\n\t<meta name=\"twitter:label2\" content=\"Tiempo de lectura\" \/>\n\t<meta name=\"twitter:data2\" content=\"4 minutos\" \/>\n<script type=\"application\/ld+json\" class=\"yoast-schema-graph\">{\"@context\":\"https:\/\/schema.org\",\"@graph\":[{\"@type\":\"Article\",\"@id\":\"https:\/\/apuntesdesanluis.com\/index.php\/2024\/02\/25\/se-recuperan-los-siete-abuelos-rescatados-de-un-geriatrico-clandestino\/#article\",\"isPartOf\":{\"@id\":\"https:\/\/apuntesdesanluis.com\/index.php\/2024\/02\/25\/se-recuperan-los-siete-abuelos-rescatados-de-un-geriatrico-clandestino\/\"},\"author\":{\"name\":\"apuntesdesanluis.com\",\"@id\":\"https:\/\/apuntesdesanluis.com\/#\/schema\/person\/b55151d52296fcce64d1a72538a70b90\"},\"headline\":\"SE RECUPERAN LOS SIETE ABUELOS RESCATADOS DE UN GERI\u00c1TRICO CLANDESTINO\",\"datePublished\":\"2024-02-25T21:03:50+00:00\",\"mainEntityOfPage\":{\"@id\":\"https:\/\/apuntesdesanluis.com\/index.php\/2024\/02\/25\/se-recuperan-los-siete-abuelos-rescatados-de-un-geriatrico-clandestino\/\"},\"wordCount\":778,\"publisher\":{\"@id\":\"https:\/\/apuntesdesanluis.com\/#\/schema\/person\/b55151d52296fcce64d1a72538a70b90\"},\"image\":{\"@id\":\"https:\/\/apuntesdesanluis.com\/index.php\/2024\/02\/25\/se-recuperan-los-siete-abuelos-rescatados-de-un-geriatrico-clandestino\/#primaryimage\"},\"thumbnailUrl\":\"https:\/\/apuntesdesanluis.com\/wp-content\/uploads\/2024\/02\/geriatrico.png\",\"articleSection\":[\"Ciudad\/Provincia\"],\"inLanguage\":\"es-AR\"},{\"@type\":\"WebPage\",\"@id\":\"https:\/\/apuntesdesanluis.com\/index.php\/2024\/02\/25\/se-recuperan-los-siete-abuelos-rescatados-de-un-geriatrico-clandestino\/\",\"url\":\"https:\/\/apuntesdesanluis.com\/index.php\/2024\/02\/25\/se-recuperan-los-siete-abuelos-rescatados-de-un-geriatrico-clandestino\/\",\"name\":\"SE RECUPERAN LOS SIETE ABUELOS RESCATADOS DE UN GERI\u00c1TRICO CLANDESTINO - Apuntes de San Luis\",\"isPartOf\":{\"@id\":\"https:\/\/apuntesdesanluis.com\/#website\"},\"primaryImageOfPage\":{\"@id\":\"https:\/\/apuntesdesanluis.com\/index.php\/2024\/02\/25\/se-recuperan-los-siete-abuelos-rescatados-de-un-geriatrico-clandestino\/#primaryimage\"},\"image\":{\"@id\":\"https:\/\/apuntesdesanluis.com\/index.php\/2024\/02\/25\/se-recuperan-los-siete-abuelos-rescatados-de-un-geriatrico-clandestino\/#primaryimage\"},\"thumbnailUrl\":\"https:\/\/apuntesdesanluis.com\/wp-content\/uploads\/2024\/02\/geriatrico.png\",\"datePublished\":\"2024-02-25T21:03:50+00:00\",\"breadcrumb\":{\"@id\":\"https:\/\/apuntesdesanluis.com\/index.php\/2024\/02\/25\/se-recuperan-los-siete-abuelos-rescatados-de-un-geriatrico-clandestino\/#breadcrumb\"},\"inLanguage\":\"es-AR\",\"potentialAction\":[{\"@type\":\"ReadAction\",\"target\":[\"https:\/\/apuntesdesanluis.com\/index.php\/2024\/02\/25\/se-recuperan-los-siete-abuelos-rescatados-de-un-geriatrico-clandestino\/\"]}]},{\"@type\":\"ImageObject\",\"inLanguage\":\"es-AR\",\"@id\":\"https:\/\/apuntesdesanluis.com\/index.php\/2024\/02\/25\/se-recuperan-los-siete-abuelos-rescatados-de-un-geriatrico-clandestino\/#primaryimage\",\"url\":\"https:\/\/apuntesdesanluis.com\/wp-content\/uploads\/2024\/02\/geriatrico.png\",\"contentUrl\":\"https:\/\/apuntesdesanluis.com\/wp-content\/uploads\/2024\/02\/geriatrico.png\",\"width\":369,\"height\":229},{\"@type\":\"BreadcrumbList\",\"@id\":\"https:\/\/apuntesdesanluis.com\/index.php\/2024\/02\/25\/se-recuperan-los-siete-abuelos-rescatados-de-un-geriatrico-clandestino\/#breadcrumb\",\"itemListElement\":[{\"@type\":\"ListItem\",\"position\":1,\"name\":\"Inicio\",\"item\":\"https:\/\/apuntesdesanluis.com\/\"},{\"@type\":\"ListItem\",\"position\":2,\"name\":\"SE RECUPERAN LOS SIETE ABUELOS RESCATADOS DE UN GERI\u00c1TRICO CLANDESTINO\"}]},{\"@type\":\"WebSite\",\"@id\":\"https:\/\/apuntesdesanluis.com\/#website\",\"url\":\"https:\/\/apuntesdesanluis.com\/\",\"name\":\"Apuntes de San Luis\",\"description\":\"\",\"publisher\":{\"@id\":\"https:\/\/apuntesdesanluis.com\/#\/schema\/person\/b55151d52296fcce64d1a72538a70b90\"},\"potentialAction\":[{\"@type\":\"SearchAction\",\"target\":{\"@type\":\"EntryPoint\",\"urlTemplate\":\"https:\/\/apuntesdesanluis.com\/?s={search_term_string}\"},\"query-input\":{\"@type\":\"PropertyValueSpecification\",\"valueRequired\":true,\"valueName\":\"search_term_string\"}}],\"inLanguage\":\"es-AR\"},{\"@type\":[\"Person\",\"Organization\"],\"@id\":\"https:\/\/apuntesdesanluis.com\/#\/schema\/person\/b55151d52296fcce64d1a72538a70b90\",\"name\":\"apuntesdesanluis.com\",\"image\":{\"@type\":\"ImageObject\",\"inLanguage\":\"es-AR\",\"@id\":\"https:\/\/apuntesdesanluis.com\/#\/schema\/person\/image\/\",\"url\":\"https:\/\/apuntesdesanluis.com\/wp-content\/uploads\/2023\/07\/cropped-apuntesdesanluis.png\",\"contentUrl\":\"https:\/\/apuntesdesanluis.com\/wp-content\/uploads\/2023\/07\/cropped-apuntesdesanluis.png\",\"width\":450,\"height\":112,\"caption\":\"apuntesdesanluis.com\"},\"logo\":{\"@id\":\"https:\/\/apuntesdesanluis.com\/#\/schema\/person\/image\/\"},\"sameAs\":[\"https:\/\/apuntesdesanluis.com\"],\"url\":\"https:\/\/apuntesdesanluis.com\/index.php\/author\/apuntesdesanluis-com\/\"}]}<\/script>\n<!-- \/ Yoast SEO plugin. -->","yoast_head_json":{"title":"SE RECUPERAN LOS SIETE ABUELOS RESCATADOS DE UN GERI\u00c1TRICO CLANDESTINO - Apuntes de San Luis","robots":{"index":"index","follow":"follow","max-snippet":"max-snippet:-1","max-image-preview":"max-image-preview:large","max-video-preview":"max-video-preview:-1"},"canonical":"https:\/\/apuntesdesanluis.com\/index.php\/2024\/02\/25\/se-recuperan-los-siete-abuelos-rescatados-de-un-geriatrico-clandestino\/","og_locale":"es_ES","og_type":"article","og_title":"SE RECUPERAN LOS SIETE ABUELOS RESCATADOS DE UN GERI\u00c1TRICO CLANDESTINO - Apuntes de San Luis","og_description":"El procedimiento fue llevado a cabo en las \u00faltimas horas del viernes en una vivienda...","og_url":"https:\/\/apuntesdesanluis.com\/index.php\/2024\/02\/25\/se-recuperan-los-siete-abuelos-rescatados-de-un-geriatrico-clandestino\/","og_site_name":"Apuntes de San Luis","article_published_time":"2024-02-25T21:03:50+00:00","og_image":[{"width":369,"height":229,"url":"https:\/\/apuntesdesanluis.com\/wp-content\/uploads\/2024\/02\/geriatrico.png","type":"image\/png"}],"author":"apuntesdesanluis.com","twitter_card":"summary_large_image","twitter_misc":{"Escrito por":"apuntesdesanluis.com","Tiempo de lectura":"4 minutos"},"schema":{"@context":"https:\/\/schema.org","@graph":[{"@type":"Article","@id":"https:\/\/apuntesdesanluis.com\/index.php\/2024\/02\/25\/se-recuperan-los-siete-abuelos-rescatados-de-un-geriatrico-clandestino\/#article","isPartOf":{"@id":"https:\/\/apuntesdesanluis.com\/index.php\/2024\/02\/25\/se-recuperan-los-siete-abuelos-rescatados-de-un-geriatrico-clandestino\/"},"author":{"name":"apuntesdesanluis.com","@id":"https:\/\/apuntesdesanluis.com\/#\/schema\/person\/b55151d52296fcce64d1a72538a70b90"},"headline":"SE RECUPERAN LOS SIETE ABUELOS RESCATADOS DE UN GERI\u00c1TRICO CLANDESTINO","datePublished":"2024-02-25T21:03:50+00:00","mainEntityOfPage":{"@id":"https:\/\/apuntesdesanluis.com\/index.php\/2024\/02\/25\/se-recuperan-los-siete-abuelos-rescatados-de-un-geriatrico-clandestino\/"},"wordCount":778,"publisher":{"@id":"https:\/\/apuntesdesanluis.com\/#\/schema\/person\/b55151d52296fcce64d1a72538a70b90"},"image":{"@id":"https:\/\/apuntesdesanluis.com\/index.php\/2024\/02\/25\/se-recuperan-los-siete-abuelos-rescatados-de-un-geriatrico-clandestino\/#primaryimage"},"thumbnailUrl":"https:\/\/apuntesdesanluis.com\/wp-content\/uploads\/2024\/02\/geriatrico.png","articleSection":["Ciudad\/Provincia"],"inLanguage":"es-AR"},{"@type":"WebPage","@id":"https:\/\/apuntesdesanluis.com\/index.php\/2024\/02\/25\/se-recuperan-los-siete-abuelos-rescatados-de-un-geriatrico-clandestino\/","url":"https:\/\/apuntesdesanluis.com\/index.php\/2024\/02\/25\/se-recuperan-los-siete-abuelos-rescatados-de-un-geriatrico-clandestino\/","name":"SE RECUPERAN LOS SIETE ABUELOS RESCATADOS DE UN GERI\u00c1TRICO CLANDESTINO - Apuntes de San Luis","isPartOf":{"@id":"https:\/\/apuntesdesanluis.com\/#website"},"primaryImageOfPage":{"@id":"https:\/\/apuntesdesanluis.com\/index.php\/2024\/02\/25\/se-recuperan-los-siete-abuelos-rescatados-de-un-geriatrico-clandestino\/#primaryimage"},"image":{"@id":"https:\/\/apuntesdesanluis.com\/index.php\/2024\/02\/25\/se-recuperan-los-siete-abuelos-rescatados-de-un-geriatrico-clandestino\/#primaryimage"},"thumbnailUrl":"https:\/\/apuntesdesanluis.com\/wp-content\/uploads\/2024\/02\/geriatrico.png","datePublished":"2024-02-25T21:03:50+00:00","breadcrumb":{"@id":"https:\/\/apuntesdesanluis.com\/index.php\/2024\/02\/25\/se-recuperan-los-siete-abuelos-rescatados-de-un-geriatrico-clandestino\/#breadcrumb"},"inLanguage":"es-AR","potentialAction":[{"@type":"ReadAction","target":["https:\/\/apuntesdesanluis.com\/index.php\/2024\/02\/25\/se-recuperan-los-siete-abuelos-rescatados-de-un-geriatrico-clandestino\/"]}]},{"@type":"ImageObject","inLanguage":"es-AR","@id":"https:\/\/apuntesdesanluis.com\/index.php\/2024\/02\/25\/se-recuperan-los-siete-abuelos-rescatados-de-un-geriatrico-clandestino\/#primaryimage","url":"https:\/\/apuntesdesanluis.com\/wp-content\/uploads\/2024\/02\/geriatrico.png","contentUrl":"https:\/\/apuntesdesanluis.com\/wp-content\/uploads\/2024\/02\/geriatrico.png","width":369,"height":229},{"@type":"BreadcrumbList","@id":"https:\/\/apuntesdesanluis.com\/index.php\/2024\/02\/25\/se-recuperan-los-siete-abuelos-rescatados-de-un-geriatrico-clandestino\/#breadcrumb","itemListElement":[{"@type":"ListItem","position":1,"name":"Inicio","item":"https:\/\/apuntesdesanluis.com\/"},{"@type":"ListItem","position":2,"name":"SE RECUPERAN LOS SIETE ABUELOS RESCATADOS DE UN GERI\u00c1TRICO CLANDESTINO"}]},{"@type":"WebSite","@id":"https:\/\/apuntesdesanluis.com\/#website","url":"https:\/\/apuntesdesanluis.com\/","name":"Apuntes de San Luis","description":"","publisher":{"@id":"https:\/\/apuntesdesanluis.com\/#\/schema\/person\/b55151d52296fcce64d1a72538a70b90"},"potentialAction":[{"@type":"SearchAction","target":{"@type":"EntryPoint","urlTemplate":"https:\/\/apuntesdesanluis.com\/?s={search_term_string}"},"query-input":{"@type":"PropertyValueSpecification","valueRequired":true,"valueName":"search_term_string"}}],"inLanguage":"es-AR"},{"@type":["Person","Organization"],"@id":"https:\/\/apuntesdesanluis.com\/#\/schema\/person\/b55151d52296fcce64d1a72538a70b90","name":"apuntesdesanluis.com","image":{"@type":"ImageObject","inLanguage":"es-AR","@id":"https:\/\/apuntesdesanluis.com\/#\/schema\/person\/image\/","url":"https:\/\/apuntesdesanluis.com\/wp-content\/uploads\/2023\/07\/cropped-apuntesdesanluis.png","contentUrl":"https:\/\/apuntesdesanluis.com\/wp-content\/uploads\/2023\/07\/cropped-apuntesdesanluis.png","width":450,"height":112,"caption":"apuntesdesanluis.com"},"logo":{"@id":"https:\/\/apuntesdesanluis.com\/#\/schema\/person\/image\/"},"sameAs":["https:\/\/apuntesdesanluis.com"],"url":"https:\/\/apuntesdesanluis.com\/index.php\/author\/apuntesdesanluis-com\/"}]}},"featured_image_urls":{"full":["https:\/\/apuntesdesanluis.com\/wp-content\/uploads\/2024\/02\/geriatrico.png",369,229,false],"thumbnail":["https:\/\/apuntesdesanluis.com\/wp-content\/uploads\/2024\/02\/geriatrico-150x150.png",150,150,true],"medium":["https:\/\/apuntesdesanluis.com\/wp-content\/uploads\/2024\/02\/geriatrico-300x186.png",300,186,true],"medium_large":["https:\/\/apuntesdesanluis.com\/wp-content\/uploads\/2024\/02\/geriatrico.png",369,229,false],"large":["https:\/\/apuntesdesanluis.com\/wp-content\/uploads\/2024\/02\/geriatrico.png",369,229,false],"1536x1536":["https:\/\/apuntesdesanluis.com\/wp-content\/uploads\/2024\/02\/geriatrico.png",369,229,false],"2048x2048":["https:\/\/apuntesdesanluis.com\/wp-content\/uploads\/2024\/02\/geriatrico.png",369,229,false],"newsever-slider-full":["https:\/\/apuntesdesanluis.com\/wp-content\/uploads\/2024\/02\/geriatrico.png",369,229,false],"newsever-featured":["https:\/\/apuntesdesanluis.com\/wp-content\/uploads\/2024\/02\/geriatrico.png",369,229,false],"newsever-medium":["https:\/\/apuntesdesanluis.com\/wp-content\/uploads\/2024\/02\/geriatrico.png",369,229,false]},"author_info":{"display_name":"apuntesdesanluis.com","author_link":"https:\/\/apuntesdesanluis.com\/index.php\/author\/apuntesdesanluis-com\/"},"category_info":"<a href=\"https:\/\/apuntesdesanluis.com\/index.php\/category\/ciudad-provincia\/\" rel=\"category tag\">Ciudad\/Provincia<\/a>","tag_info":"Ciudad\/Provincia","comment_count":"0","_links":{"self":[{"href":"https:\/\/apuntesdesanluis.com\/index.php\/wp-json\/wp\/v2\/posts\/12251","targetHints":{"allow":["GET"]}}],"collection":[{"href":"https:\/\/apuntesdesanluis.com\/index.php\/wp-json\/wp\/v2\/posts"}],"about":[{"href":"https:\/\/apuntesdesanluis.com\/index.php\/wp-json\/wp\/v2\/types\/post"}],"author":[{"embeddable":true,"href":"https:\/\/apuntesdesanluis.com\/index.php\/wp-json\/wp\/v2\/users\/1"}],"replies":[{"embeddable":true,"href":"https:\/\/apuntesdesanluis.com\/index.php\/wp-json\/wp\/v2\/comments?post=12251"}],"version-history":[{"count":1,"href":"https:\/\/apuntesdesanluis.com\/index.php\/wp-json\/wp\/v2\/posts\/12251\/revisions"}],"predecessor-version":[{"id":12253,"href":"https:\/\/apuntesdesanluis.com\/index.php\/wp-json\/wp\/v2\/posts\/12251\/revisions\/12253"}],"wp:featuredmedia":[{"embeddable":true,"href":"https:\/\/apuntesdesanluis.com\/index.php\/wp-json\/wp\/v2\/media\/12252"}],"wp:attachment":[{"href":"https:\/\/apuntesdesanluis.com\/index.php\/wp-json\/wp\/v2\/media?parent=12251"}],"wp:term":[{"taxonomy":"category","embeddable":true,"href":"https:\/\/apuntesdesanluis.com\/index.php\/wp-json\/wp\/v2\/categories?post=12251"},{"taxonomy":"post_tag","embeddable":true,"href":"https:\/\/apuntesdesanluis.com\/index.php\/wp-json\/wp\/v2\/tags?post=12251"}],"curies":[{"name":"wp","href":"https:\/\/api.w.org\/{rel}","templated":true}]}}